{"id":2977,"date":"2026-08-13T11:37:03","date_gmt":"2026-08-13T11:37:03","guid":{"rendered":"https:\/\/agrupacionespsoe.es\/melilla\/?p=2977"},"modified":"2026-08-13T11:37:04","modified_gmt":"2026-08-13T11:37:04","slug":"el-psoe-denuncia-el-abandono-de-los-parques-infantiles-y-la-desigualdad-del-gobierno-de-imbroda","status":"publish","type":"post","link":"https:\/\/agrupacionespsoe.es\/melilla\/el-psoe-denuncia-el-abandono-de-los-parques-infantiles-y-la-desigualdad-del-gobierno-de-imbroda\/","title":{"rendered":"El PSOE denuncia el abandono de los parques infantiles y la \u00abdesigualdad\u00bb del Gobierno de Imbroda"},"content":{"rendered":"\n<p><strong>Luc\u00eda Rubio: \u00abLa seguridad de nuestros espacios p\u00fablicos no puede depender del barrio en el que vivas\u00bb<\/strong><\/p>\n\n\n\n<p>La secretaria de Transici\u00f3n Ecol\u00f3gica, Sostenibilidad y Agenda 2030 del PSOE de Melilla, Luc\u00eda Rubio, ha denunciado el estado de abandono y falta de mantenimiento que presentan numerosos parques infantiles de la ciudad, una situaci\u00f3n que ha podido comprobar de primera mano durante una visita a los parques de Reina Regente y Averroes.<\/p>\n\n\n\n<p>Rubio ha se\u00f1alado que ambos espacios presentan \u00abun estado lamentable\u00bb, con acumulaci\u00f3n de basura, mobiliario deteriorado, pavimento en malas condiciones y elementos de las instalaciones que requieren una actuaci\u00f3n inmediata. En el caso de las farolas, algunas carecen incluso de sus tapas de protecci\u00f3n, dejando el cableado expuesto y generando un peligro para los menores que utilizan estos espacios.<\/p>\n\n\n\n<p>\u00abEsto no es solo una cuesti\u00f3n de imagen. Cuando encontramos elementos el\u00e9ctricos da\u00f1ados y cableado expuesto estamos hablando de seguridad. El Gobierno tiene que actuar antes de que tengamos que lamentar otro accidente\u00bb, ha afirmado.<\/p>\n\n\n\n<p>La dirigente socialista ha subrayado que la situaci\u00f3n observada en Reina Regente y Averroes \u00abno es un caso aislado\u00bb, sino un problema que se repite en distintos parques y zonas infantiles de la ciudad, especialmente en aquellos barrios que quedan fuera de la zona centro.<\/p>\n\n\n\n<p>En este sentido, ha criticado la \u00abdesigualdad\u00bb con la que, a su juicio, el Gobierno de Imbroda est\u00e1 gestionando el mantenimiento de los espacios p\u00fablicos.<\/p>\n\n\n\n<p>\u00abEl Gobierno de Imbroda parece tener dos velocidades. Mientras se destinan millones de euros a mantener y mejorar determinadas zonas del centro, muchos vecinos y vecinas de los barrios sufren el abandono, la suciedad y la falta de mantenimiento de sus espacios p\u00fablicos\u00bb, ha criticado.<\/p>\n\n\n\n<p>Por otro lado, ha advertido que \u00abdespu\u00e9s de lo ocurrido en Los Gal\u00e1pagos, cualquier instalaci\u00f3n el\u00e9ctrica que presente una farola sin tapa o cableado accesible deber\u00eda ser revisada de inmediato. No podemos esperar a que ocurra algo para actuar\u00bb.<\/p>\n\n\n\n<p>La secretaria socialista ha defendido que todos los ni\u00f1os y ni\u00f1as de Melilla tienen derecho a disfrutar de parques seguros, limpios y en buenas condiciones, independientemente del barrio en el que vivan.<\/p>\n\n\n\n<p>\u00abTodos los ni\u00f1os tienen el mismo derecho a jugar en un parque cuidado, limpio y seguro, vivan en el centro o en cualquier barriada. La seguridad de nuestros espacios p\u00fablicos no puede depender del c\u00f3digo postal\u00bb, ha reivindicado.<\/p>\n\n\n\n<p>Por ello, desde el PSOE han exigido al Ejecutivo local una revisi\u00f3n integral de los parques infantiles y espacios p\u00fablicos de la ciudad, as\u00ed como una planificaci\u00f3n real del mantenimiento que permita detectar y solucionar los desperfectos antes de que puedan convertirse en un riesgo.<\/p>\n\n\n\n<p>\u00abMelilla necesita mantenimiento, planificaci\u00f3n y prevenci\u00f3n. Los barrios no pueden seguir siendo los \u00faltimos de la lista. El Gobierno de Imbroda tiene que garantizar que todos los ni\u00f1os y ni\u00f1as de nuestra ciudad puedan jugar en espacios seguros, independientemente de d\u00f3nde vivan\u00bb, ha concluido Rubio.<\/p>\n","protected":false},"excerpt":{"rendered":"<p>Luc\u00eda Rubio: \u00abLa seguridad de nuestros espacios p\u00fablicos no puede depender del barrio en el que vivas\u00bb La secretaria de Transici\u00f3n Ecol\u00f3gica, Sostenibilidad y Agenda 2030 del PSOE de Melilla, Luc\u00eda Rubio, ha denunciado el estado de abandono y falta de mantenimiento que presentan numerosos parques infantiles de la ciudad, una situaci\u00f3n que ha podido &#8230;<\/p>\n","protected":false},"author":187,"featured_media":2978,"comment_status":"open","ping_status":"open","sticky":false,"template":"","format":"standard","meta":{"_jetpack_memberships_contains_paid_content":false,"footnotes":""},"categories":[78,11],"tags":[],"class_list":["post-2977","post","type-post","status-publish","format-standard","has-post-thumbnail","hentry","category-barrios","category-medio-ambiente"],"yoast_head":"<!-- This site is optimized with the Yoast SEO plugin v24.0 - https:\/\/yoast.com\/wordpress\/plugins\/seo\/ -->\n<title>El PSOE denuncia el abandono de los parques infantiles y la &quot;desigualdad&quot; del Gobierno de Imbroda - Agrupaci\u00f3n Socialista de Melilla<\/title>\n<meta name=\"robots\" content=\"index, follow, max-snippet:-1, max-image-preview:large, max-video-preview:-1\" \/>\n<link rel=\"canonical\" href=\"https:\/\/agrupacionespsoe.es\/melilla\/el-psoe-denuncia-el-abandono-de-los-parques-infantiles-y-la-desigualdad-del-gobierno-de-imbroda\/\" \/>\n<meta property=\"og:locale\" content=\"es_ES\" \/>\n<meta property=\"og:type\" content=\"article\" \/>\n<meta property=\"og:title\" content=\"El PSOE denuncia el abandono de los parques infantiles y la &quot;desigualdad&quot; del Gobierno de Imbroda - Agrupaci\u00f3n Socialista de Melilla\" \/>\n<meta property=\"og:description\" content=\"Luc\u00eda Rubio: \u00abLa seguridad de nuestros espacios p\u00fablicos no puede depender del barrio en el que vivas\u00bb La secretaria de Transici\u00f3n Ecol\u00f3gica, Sostenibilidad y Agenda 2030 del PSOE de Melilla, Luc\u00eda Rubio, ha denunciado el estado de abandono y falta de mantenimiento que presentan numerosos parques infantiles de la ciudad, una situaci\u00f3n que ha podido ...\" \/>\n<meta property=\"og:url\" content=\"https:\/\/agrupacionespsoe.es\/melilla\/el-psoe-denuncia-el-abandono-de-los-parques-infantiles-y-la-desigualdad-del-gobierno-de-imbroda\/\" \/>\n<meta property=\"og:site_name\" content=\"Agrupaci\u00f3n Socialista de Melilla\" \/>\n<meta property=\"article:published_time\" content=\"2026-08-13T11:37:03+00:00\" \/>\n<meta property=\"article:modified_time\" content=\"2026-08-13T11:37:04+00:00\" \/>\n<meta property=\"og:image\" content=\"https:\/\/agrupacionespsoe.es\/melilla\/wp-content\/uploads\/sites\/120\/2026\/08\/WhatsApp-Image-2026-08-13-at-13.26.55.jpeg\" \/>\n\t<meta property=\"og:image:width\" content=\"2560\" \/>\n\t<meta property=\"og:image:height\" content=\"1706\" \/>\n\t<meta property=\"og:image:type\" content=\"image\/jpeg\" \/>\n<meta name=\"author\" content=\"melilla2\" \/>\n<meta name=\"twitter:card\" content=\"summary_large_image\" \/>\n<meta name=\"twitter:label1\" content=\"Escrito por\" \/>\n\t<meta name=\"twitter:data1\" content=\"melilla2\" \/>\n\t<meta name=\"twitter:label2\" content=\"Tiempo de lectura\" \/>\n\t<meta name=\"twitter:data2\" content=\"3 minutos\" \/>\n<script type=\"application\/ld+json\" class=\"yoast-schema-graph\">{\"@context\":\"https:\/\/schema.org\",\"@graph\":[{\"@type\":\"Article\",\"@id\":\"https:\/\/agrupacionespsoe.es\/melilla\/el-psoe-denuncia-el-abandono-de-los-parques-infantiles-y-la-desigualdad-del-gobierno-de-imbroda\/#article\",\"isPartOf\":{\"@id\":\"https:\/\/agrupacionespsoe.es\/melilla\/el-psoe-denuncia-el-abandono-de-los-parques-infantiles-y-la-desigualdad-del-gobierno-de-imbroda\/\"},\"author\":{\"name\":\"melilla2\",\"@id\":\"https:\/\/agrupacionespsoe.es\/melilla\/#\/schema\/person\/72bb3075a827d0ed0623682b96c92bd6\"},\"headline\":\"El PSOE denuncia el abandono de los parques infantiles y la \u00abdesigualdad\u00bb del Gobierno de Imbroda\",\"datePublished\":\"2026-08-13T11:37:03+00:00\",\"dateModified\":\"2026-08-13T11:37:04+00:00\",\"mainEntityOfPage\":{\"@id\":\"https:\/\/agrupacionespsoe.es\/melilla\/el-psoe-denuncia-el-abandono-de-los-parques-infantiles-y-la-desigualdad-del-gobierno-de-imbroda\/\"},\"wordCount\":527,\"commentCount\":0,\"publisher\":{\"@id\":\"https:\/\/agrupacionespsoe.es\/melilla\/#organization\"},\"image\":{\"@id\":\"https:\/\/agrupacionespsoe.es\/melilla\/el-psoe-denuncia-el-abandono-de-los-parques-infantiles-y-la-desigualdad-del-gobierno-de-imbroda\/#primaryimage\"},\"thumbnailUrl\":\"https:\/\/agrupacionespsoe.es\/melilla\/wp-content\/uploads\/sites\/120\/2026\/08\/WhatsApp-Image-2026-08-13-at-13.26.55.jpeg\",\"articleSection\":[\"Barrios\",\"Medio Ambiente\"],\"inLanguage\":\"es\",\"potentialAction\":[{\"@type\":\"CommentAction\",\"name\":\"Comment\",\"target\":[\"https:\/\/agrupacionespsoe.es\/melilla\/el-psoe-denuncia-el-abandono-de-los-parques-infantiles-y-la-desigualdad-del-gobierno-de-imbroda\/#respond\"]}]},{\"@type\":\"WebPage\",\"@id\":\"https:\/\/agrupacionespsoe.es\/melilla\/el-psoe-denuncia-el-abandono-de-los-parques-infantiles-y-la-desigualdad-del-gobierno-de-imbroda\/\",\"url\":\"https:\/\/agrupacionespsoe.es\/melilla\/el-psoe-denuncia-el-abandono-de-los-parques-infantiles-y-la-desigualdad-del-gobierno-de-imbroda\/\",\"name\":\"El PSOE denuncia el abandono de los parques infantiles y la \\\"desigualdad\\\" del Gobierno de Imbroda - Agrupaci\u00f3n Socialista de Melilla\",\"isPartOf\":{\"@id\":\"https:\/\/agrupacionespsoe.es\/melilla\/#website\"},\"primaryImageOfPage\":{\"@id\":\"https:\/\/agrupacionespsoe.es\/melilla\/el-psoe-denuncia-el-abandono-de-los-parques-infantiles-y-la-desigualdad-del-gobierno-de-imbroda\/#primaryimage\"},\"image\":{\"@id\":\"https:\/\/agrupacionespsoe.es\/melilla\/el-psoe-denuncia-el-abandono-de-los-parques-infantiles-y-la-desigualdad-del-gobierno-de-imbroda\/#primaryimage\"},\"thumbnailUrl\":\"https:\/\/agrupacionespsoe.es\/melilla\/wp-content\/uploads\/sites\/120\/2026\/08\/WhatsApp-Image-2026-08-13-at-13.26.55.jpeg\",\"datePublished\":\"2026-08-13T11:37:03+00:00\",\"dateModified\":\"2026-08-13T11:37:04+00:00\",\"breadcrumb\":{\"@id\":\"https:\/\/agrupacionespsoe.es\/melilla\/el-psoe-denuncia-el-abandono-de-los-parques-infantiles-y-la-desigualdad-del-gobierno-de-imbroda\/#breadcrumb\"},\"inLanguage\":\"es\",\"potentialAction\":[{\"@type\":\"ReadAction\",\"target\":[\"https:\/\/agrupacionespsoe.es\/melilla\/el-psoe-denuncia-el-abandono-de-los-parques-infantiles-y-la-desigualdad-del-gobierno-de-imbroda\/\"]}]},{\"@type\":\"ImageObject\",\"inLanguage\":\"es\",\"@id\":\"https:\/\/agrupacionespsoe.es\/melilla\/el-psoe-denuncia-el-abandono-de-los-parques-infantiles-y-la-desigualdad-del-gobierno-de-imbroda\/#primaryimage\",\"url\":\"https:\/\/agrupacionespsoe.es\/melilla\/wp-content\/uploads\/sites\/120\/2026\/08\/WhatsApp-Image-2026-08-13-at-13.26.55.jpeg\",\"contentUrl\":\"https:\/\/agrupacionespsoe.es\/melilla\/wp-content\/uploads\/sites\/120\/2026\/08\/WhatsApp-Image-2026-08-13-at-13.26.55.jpeg\",\"width\":2560,\"height\":1706},{\"@type\":\"BreadcrumbList\",\"@id\":\"https:\/\/agrupacionespsoe.es\/melilla\/el-psoe-denuncia-el-abandono-de-los-parques-infantiles-y-la-desigualdad-del-gobierno-de-imbroda\/#breadcrumb\",\"itemListElement\":[{\"@type\":\"ListItem\",\"position\":1,\"name\":\"Portada\",\"item\":\"https:\/\/agrupacionespsoe.es\/melilla\/\"},{\"@type\":\"ListItem\",\"position\":2,\"name\":\"El PSOE denuncia el abandono de los parques infantiles y la \u00abdesigualdad\u00bb del Gobierno de Imbroda\"}]},{\"@type\":\"WebSite\",\"@id\":\"https:\/\/agrupacionespsoe.es\/melilla\/#website\",\"url\":\"https:\/\/agrupacionespsoe.es\/melilla\/\",\"name\":\"Agrupaci\u00f3n Socialista de Melilla\",\"description\":\"Agrupaci\u00f3n Socialista de Melilla\",\"publisher\":{\"@id\":\"https:\/\/agrupacionespsoe.es\/melilla\/#organization\"},\"potentialAction\":[{\"@type\":\"SearchAction\",\"target\":{\"@type\":\"EntryPoint\",\"urlTemplate\":\"https:\/\/agrupacionespsoe.es\/melilla\/?s={search_term_string}\"},\"query-input\":{\"@type\":\"PropertyValueSpecification\",\"valueRequired\":true,\"valueName\":\"search_term_string\"}}],\"inLanguage\":\"es\"},{\"@type\":\"Organization\",\"@id\":\"https:\/\/agrupacionespsoe.es\/melilla\/#organization\",\"name\":\"Agrupaci\u00f3n Socialista de Melilla\",\"url\":\"https:\/\/agrupacionespsoe.es\/melilla\/\",\"logo\":{\"@type\":\"ImageObject\",\"inLanguage\":\"es\",\"@id\":\"https:\/\/agrupacionespsoe.es\/melilla\/#\/schema\/logo\/image\/\",\"url\":\"https:\/\/agrupacionespsoe.es\/wp-content\/uploads\/2022\/07\/Logotipo_electoral_del_PSOE.png\",\"contentUrl\":\"https:\/\/agrupacionespsoe.es\/wp-content\/uploads\/2022\/07\/Logotipo_electoral_del_PSOE.png\",\"width\":422,\"height\":422,\"caption\":\"Agrupaci\u00f3n Socialista de Melilla\"},\"image\":{\"@id\":\"https:\/\/agrupacionespsoe.es\/melilla\/#\/schema\/logo\/image\/\"}},{\"@type\":\"Person\",\"@id\":\"https:\/\/agrupacionespsoe.es\/melilla\/#\/schema\/person\/72bb3075a827d0ed0623682b96c92bd6\",\"name\":\"melilla2\",\"image\":{\"@type\":\"ImageObject\",\"inLanguage\":\"es\",\"@id\":\"https:\/\/agrupacionespsoe.es\/melilla\/#\/schema\/person\/image\/\",\"url\":\"https:\/\/secure.gravatar.com\/avatar\/489a178e794e59f00db13a448aabca16?s=96&d=mm&r=g\",\"contentUrl\":\"https:\/\/secure.gravatar.com\/avatar\/489a178e794e59f00db13a448aabca16?s=96&d=mm&r=g\",\"caption\":\"melilla2\"},\"url\":\"https:\/\/agrupacionespsoe.es\/melilla\/author\/melilla2\/\"}]}<\/script>\n<!-- \/ Yoast SEO plugin. -->","yoast_head_json":{"title":"El PSOE denuncia el abandono de los parques infantiles y la \"desigualdad\" del Gobierno de Imbroda - Agrupaci\u00f3n Socialista de Melilla","robots":{"index":"index","follow":"follow","max-snippet":"max-snippet:-1","max-image-preview":"max-image-preview:large","max-video-preview":"max-video-preview:-1"},"canonical":"https:\/\/agrupacionespsoe.es\/melilla\/el-psoe-denuncia-el-abandono-de-los-parques-infantiles-y-la-desigualdad-del-gobierno-de-imbroda\/","og_locale":"es_ES","og_type":"article","og_title":"El PSOE denuncia el abandono de los parques infantiles y la \"desigualdad\" del Gobierno de Imbroda - Agrupaci\u00f3n Socialista de Melilla","og_description":"Luc\u00eda Rubio: \u00abLa seguridad de nuestros espacios p\u00fablicos no puede depender del barrio en el que vivas\u00bb La secretaria de Transici\u00f3n Ecol\u00f3gica, Sostenibilidad y Agenda 2030 del PSOE de Melilla, Luc\u00eda Rubio, ha denunciado el estado de abandono y falta de mantenimiento que presentan numerosos parques infantiles de la ciudad, una situaci\u00f3n que ha podido ...","og_url":"https:\/\/agrupacionespsoe.es\/melilla\/el-psoe-denuncia-el-abandono-de-los-parques-infantiles-y-la-desigualdad-del-gobierno-de-imbroda\/","og_site_name":"Agrupaci\u00f3n Socialista de Melilla","article_published_time":"2026-08-13T11:37:03+00:00","article_modified_time":"2026-08-13T11:37:04+00:00","og_image":[{"width":2560,"height":1706,"url":"https:\/\/agrupacionespsoe.es\/melilla\/wp-content\/uploads\/sites\/120\/2026\/08\/WhatsApp-Image-2026-08-13-at-13.26.55.jpeg","type":"image\/jpeg"}],"author":"melilla2","twitter_card":"summary_large_image","twitter_misc":{"Escrito por":"melilla2","Tiempo de lectura":"3 minutos"},"schema":{"@context":"https:\/\/schema.org","@graph":[{"@type":"Article","@id":"https:\/\/agrupacionespsoe.es\/melilla\/el-psoe-denuncia-el-abandono-de-los-parques-infantiles-y-la-desigualdad-del-gobierno-de-imbroda\/#article","isPartOf":{"@id":"https:\/\/agrupacionespsoe.es\/melilla\/el-psoe-denuncia-el-abandono-de-los-parques-infantiles-y-la-desigualdad-del-gobierno-de-imbroda\/"},"author":{"name":"melilla2","@id":"https:\/\/agrupacionespsoe.es\/melilla\/#\/schema\/person\/72bb3075a827d0ed0623682b96c92bd6"},"headline":"El PSOE denuncia el abandono de los parques infantiles y la \u00abdesigualdad\u00bb del Gobierno de Imbroda","datePublished":"2026-08-13T11:37:03+00:00","dateModified":"2026-08-13T11:37:04+00:00","mainEntityOfPage":{"@id":"https:\/\/agrupacionespsoe.es\/melilla\/el-psoe-denuncia-el-abandono-de-los-parques-infantiles-y-la-desigualdad-del-gobierno-de-imbroda\/"},"wordCount":527,"commentCount":0,"publisher":{"@id":"https:\/\/agrupacionespsoe.es\/melilla\/#organization"},"image":{"@id":"https:\/\/agrupacionespsoe.es\/melilla\/el-psoe-denuncia-el-abandono-de-los-parques-infantiles-y-la-desigualdad-del-gobierno-de-imbroda\/#primaryimage"},"thumbnailUrl":"https:\/\/agrupacionespsoe.es\/melilla\/wp-content\/uploads\/sites\/120\/2026\/08\/WhatsApp-Image-2026-08-13-at-13.26.55.jpeg","articleSection":["Barrios","Medio Ambiente"],"inLanguage":"es","potentialAction":[{"@type":"CommentAction","name":"Comment","target":["https:\/\/agrupacionespsoe.es\/melilla\/el-psoe-denuncia-el-abandono-de-los-parques-infantiles-y-la-desigualdad-del-gobierno-de-imbroda\/#respond"]}]},{"@type":"WebPage","@id":"https:\/\/agrupacionespsoe.es\/melilla\/el-psoe-denuncia-el-abandono-de-los-parques-infantiles-y-la-desigualdad-del-gobierno-de-imbroda\/","url":"https:\/\/agrupacionespsoe.es\/melilla\/el-psoe-denuncia-el-abandono-de-los-parques-infantiles-y-la-desigualdad-del-gobierno-de-imbroda\/","name":"El PSOE denuncia el abandono de los parques infantiles y la \"desigualdad\" del Gobierno de Imbroda - Agrupaci\u00f3n Socialista de Melilla","isPartOf":{"@id":"https:\/\/agrupacionespsoe.es\/melilla\/#website"},"primaryImageOfPage":{"@id":"https:\/\/agrupacionespsoe.es\/melilla\/el-psoe-denuncia-el-abandono-de-los-parques-infantiles-y-la-desigualdad-del-gobierno-de-imbroda\/#primaryimage"},"image":{"@id":"https:\/\/agrupacionespsoe.es\/melilla\/el-psoe-denuncia-el-abandono-de-los-parques-infantiles-y-la-desigualdad-del-gobierno-de-imbroda\/#primaryimage"},"thumbnailUrl":"https:\/\/agrupacionespsoe.es\/melilla\/wp-content\/uploads\/sites\/120\/2026\/08\/WhatsApp-Image-2026-08-13-at-13.26.55.jpeg","datePublished":"2026-08-13T11:37:03+00:00","dateModified":"2026-08-13T11:37:04+00:00","breadcrumb":{"@id":"https:\/\/agrupacionespsoe.es\/melilla\/el-psoe-denuncia-el-abandono-de-los-parques-infantiles-y-la-desigualdad-del-gobierno-de-imbroda\/#breadcrumb"},"inLanguage":"es","potentialAction":[{"@type":"ReadAction","target":["https:\/\/agrupacionespsoe.es\/melilla\/el-psoe-denuncia-el-abandono-de-los-parques-infantiles-y-la-desigualdad-del-gobierno-de-imbroda\/"]}]},{"@type":"ImageObject","inLanguage":"es","@id":"https:\/\/agrupacionespsoe.es\/melilla\/el-psoe-denuncia-el-abandono-de-los-parques-infantiles-y-la-desigualdad-del-gobierno-de-imbroda\/#primaryimage","url":"https:\/\/agrupacionespsoe.es\/melilla\/wp-content\/uploads\/sites\/120\/2026\/08\/WhatsApp-Image-2026-08-13-at-13.26.55.jpeg","contentUrl":"https:\/\/agrupacionespsoe.es\/melilla\/wp-content\/uploads\/sites\/120\/2026\/08\/WhatsApp-Image-2026-08-13-at-13.26.55.jpeg","width":2560,"height":1706},{"@type":"BreadcrumbList","@id":"https:\/\/agrupacionespsoe.es\/melilla\/el-psoe-denuncia-el-abandono-de-los-parques-infantiles-y-la-desigualdad-del-gobierno-de-imbroda\/#breadcrumb","itemListElement":[{"@type":"ListItem","position":1,"name":"Portada","item":"https:\/\/agrupacionespsoe.es\/melilla\/"},{"@type":"ListItem","position":2,"name":"El PSOE denuncia el abandono de los parques infantiles y la \u00abdesigualdad\u00bb del Gobierno de Imbroda"}]},{"@type":"WebSite","@id":"https:\/\/agrupacionespsoe.es\/melilla\/#website","url":"https:\/\/agrupacionespsoe.es\/melilla\/","name":"Agrupaci\u00f3n Socialista de Melilla","description":"Agrupaci\u00f3n Socialista de Melilla","publisher":{"@id":"https:\/\/agrupacionespsoe.es\/melilla\/#organization"},"potentialAction":[{"@type":"SearchAction","target":{"@type":"EntryPoint","urlTemplate":"https:\/\/agrupacionespsoe.es\/melilla\/?s={search_term_string}"},"query-input":{"@type":"PropertyValueSpecification","valueRequired":true,"valueName":"search_term_string"}}],"inLanguage":"es"},{"@type":"Organization","@id":"https:\/\/agrupacionespsoe.es\/melilla\/#organization","name":"Agrupaci\u00f3n Socialista de Melilla","url":"https:\/\/agrupacionespsoe.es\/melilla\/","logo":{"@type":"ImageObject","inLanguage":"es","@id":"https:\/\/agrupacionespsoe.es\/melilla\/#\/schema\/logo\/image\/","url":"https:\/\/agrupacionespsoe.es\/wp-content\/uploads\/2022\/07\/Logotipo_electoral_del_PSOE.png","contentUrl":"https:\/\/agrupacionespsoe.es\/wp-content\/uploads\/2022\/07\/Logotipo_electoral_del_PSOE.png","width":422,"height":422,"caption":"Agrupaci\u00f3n Socialista de Melilla"},"image":{"@id":"https:\/\/agrupacionespsoe.es\/melilla\/#\/schema\/logo\/image\/"}},{"@type":"Person","@id":"https:\/\/agrupacionespsoe.es\/melilla\/#\/schema\/person\/72bb3075a827d0ed0623682b96c92bd6","name":"melilla2","image":{"@type":"ImageObject","inLanguage":"es","@id":"https:\/\/agrupacionespsoe.es\/melilla\/#\/schema\/person\/image\/","url":"https:\/\/secure.gravatar.com\/avatar\/489a178e794e59f00db13a448aabca16?s=96&d=mm&r=g","contentUrl":"https:\/\/secure.gravatar.com\/avatar\/489a178e794e59f00db13a448aabca16?s=96&d=mm&r=g","caption":"melilla2"},"url":"https:\/\/agrupacionespsoe.es\/melilla\/author\/melilla2\/"}]}},"jetpack_featured_media_url":"https:\/\/agrupacionespsoe.es\/melilla\/wp-content\/uploads\/sites\/120\/2026\/08\/WhatsApp-Image-2026-08-13-at-13.26.55.jpeg","jetpack_sharing_enabled":true,"_links":{"self":[{"href":"https:\/\/agrupacionespsoe.es\/melilla\/wp-json\/wp\/v2\/posts\/2977","targetHints":{"allow":["GET"]}}],"collection":[{"href":"https:\/\/agrupacionespsoe.es\/melilla\/wp-json\/wp\/v2\/posts"}],"about":[{"href":"https:\/\/agrupacionespsoe.es\/melilla\/wp-json\/wp\/v2\/types\/post"}],"author":[{"embeddable":true,"href":"https:\/\/agrupacionespsoe.es\/melilla\/wp-json\/wp\/v2\/users\/187"}],"replies":[{"embeddable":true,"href":"https:\/\/agrupacionespsoe.es\/melilla\/wp-json\/wp\/v2\/comments?post=2977"}],"version-history":[{"count":1,"href":"https:\/\/agrupacionespsoe.es\/melilla\/wp-json\/wp\/v2\/posts\/2977\/revisions"}],"predecessor-version":[{"id":2979,"href":"https:\/\/agrupacionespsoe.es\/melilla\/wp-json\/wp\/v2\/posts\/2977\/revisions\/2979"}],"wp:featuredmedia":[{"embeddable":true,"href":"https:\/\/agrupacionespsoe.es\/melilla\/wp-json\/wp\/v2\/media\/2978"}],"wp:attachment":[{"href":"https:\/\/agrupacionespsoe.es\/melilla\/wp-json\/wp\/v2\/media?parent=2977"}],"wp:term":[{"taxonomy":"category","embeddable":true,"href":"https:\/\/agrupacionespsoe.es\/melilla\/wp-json\/wp\/v2\/categories?post=2977"},{"taxonomy":"post_tag","embeddable":true,"href":"https:\/\/agrupacionespsoe.es\/melilla\/wp-json\/wp\/v2\/tags?post=2977"}],"curies":[{"name":"wp","href":"https:\/\/api.w.org\/{rel}","templated":true}]}}