{"id":2973,"date":"2026-08-06T10:44:37","date_gmt":"2026-08-06T10:44:37","guid":{"rendered":"https:\/\/agrupacionespsoe.es\/melilla\/?p=2973"},"modified":"2026-08-06T10:44:38","modified_gmt":"2026-08-06T10:44:38","slug":"martin-la-solidaridad-con-ceuta-y-melilla-se-demuestra-compartiendo-responsabilidades","status":"publish","type":"post","link":"https:\/\/agrupacionespsoe.es\/melilla\/martin-la-solidaridad-con-ceuta-y-melilla-se-demuestra-compartiendo-responsabilidades\/","title":{"rendered":"Mart\u00edn: \u201cLa solidaridad con Ceuta y Melilla se demuestra compartiendo responsabilidades\u201d"},"content":{"rendered":"\n<p><strong>El PSOE de Melilla reclama al resto de comunidades que compartan la acogida de menores y recuerda al PP que \u201cel patriotismo se demuestra con hechos, no con discursos\u201d<\/strong><\/p>\n\n\n\n<p>El secretario de Organizaci\u00f3n del PSOE de Melilla, Juan Jos\u00e9 Mart\u00edn, ha reclamado una respuesta solidaria de todas las comunidades aut\u00f3nomas ante la presi\u00f3n migratoria que soportan Ceuta y Melilla, defendiendo que el acogimiento de menores extranjeros no acompa\u00f1ados debe asumirse desde la corresponsabilidad y el cumplimiento de la ley.<\/p>\n\n\n\n<p>\u201cCuando una parte de Espa\u00f1a necesita ayuda, el resto tiene que arrimar el hombro. Eso es solidaridad y eso tambi\u00e9n es patriotismo\u201d, ha afirmado.<\/p>\n\n\n\n<p>Mart\u00edn ha trasladado el apoyo del PSOE de Melilla a la ciudad hermana de Ceuta y ha recordado que ambas ciudades llevan a\u00f1os soportando una presi\u00f3n migratoria que no puede seguir recayendo \u00fanicamente sobre sus recursos.<\/p>\n\n\n\n<p>En palabras del dirigente socialista, \u201cCeuta y Melilla no pueden quedarse solas. La solidaridad entre territorios no puede depender del color pol\u00edtico de quien gobierna ni convertirse en un discurso de conveniencia\u201d.<\/p>\n\n\n\n<p>En este sentido, ha lamentado la contradicci\u00f3n del Partido Popular tras las declaraciones realizadas en defensa de Ceuta, mientras varios gobiernos auton\u00f3micos del PP rechazaban inicialmente participar en el reparto de menores.<\/p>\n\n\n\n<p>\u201cNo entendemos que el Partido Popular venga a hablar de defender Ceuta y Melilla mientras las comunidades donde gobierna se niegan a compartir el esfuerzo. Defender Ceuta y Melilla tambi\u00e9n significa estar dispuesto a ayudar cuando m\u00e1s lo necesitan\u201d, ha dejado claro.<\/p>\n\n\n\n<p>Mart\u00edn ha insistido en que \u00abes muy f\u00e1cil venir a Ceuta o a Melilla para reivindicar el compromiso con nuestras ciudades. Lo verdaderamente importante es demostrar ese compromiso cuando llega el momento de tomar decisiones. Si de verdad creen en Ceuta y Melilla, que lo demuestren acogiendo menores y ayudando a aliviar la presi\u00f3n que soportan nuestras ciudades\u00bb.<\/p>\n\n\n\n<p>El n\u00famero dos del PSOE de Melilla ha recordado que la acogida de menores no es una cuesti\u00f3n ideol\u00f3gica, sino una obligaci\u00f3n legal que todas las administraciones deben cumplir. \u201cEstamos hablando de ni\u00f1os y ni\u00f1as que tienen derecho a protecci\u00f3n. Cumplir la ley y garantizar una atenci\u00f3n digna no es opcional\u201d, ha recalcado.<\/p>\n\n\n\n<p>Asimismo, ha subrayado que la situaci\u00f3n afecta tambi\u00e9n a Melilla, que en los \u00faltimos d\u00edas ha vuelto a registrar la llegada de menores extranjeros no acompa\u00f1ados. \u201cAnte esta situaci\u00f3n pedimos corresponsabilidad. Compartir la acogida significa compartir el esfuerzo y garantizar una mejor atenci\u00f3n a los menores\u201d, ha asegurado.<\/p>\n\n\n\n<p>Juan Jos\u00e9 Mart\u00edn ha concluido asegurando que el PSOE seguir\u00e1 defendiendo una Espa\u00f1a en la que ning\u00fan territorio tenga que afrontar solo los desaf\u00edos comunes. \u201cQuien de verdad cree en Ceuta y Melilla lo demuestra cuando llega el momento de ayudar. Hoy esa ayuda tiene un nombre muy claro: solidaridad, cumplimiento de la ley y reparto justo de responsabilidades\u201d, ha finalizado.<\/p>\n","protected":false},"excerpt":{"rendered":"<p>El PSOE de Melilla reclama al resto de comunidades que compartan la acogida de menores y recuerda al PP que \u201cel patriotismo se demuestra con hechos, no con discursos\u201d El secretario de Organizaci\u00f3n del PSOE de Melilla, Juan Jos\u00e9 Mart\u00edn, ha reclamado una respuesta solidaria de todas las comunidades aut\u00f3nomas ante la presi\u00f3n migratoria que &#8230;<\/p>\n","protected":false},"author":187,"featured_media":2974,"comment_status":"open","ping_status":"open","sticky":false,"template":"","format":"standard","meta":{"_jetpack_memberships_contains_paid_content":false,"footnotes":""},"categories":[7],"tags":[],"class_list":["post-2973","post","type-post","status-publish","format-standard","has-post-thumbnail","hentry","category-actualidad"],"yoast_head":"<!-- This site is optimized with the Yoast SEO plugin v24.0 - https:\/\/yoast.com\/wordpress\/plugins\/seo\/ -->\n<title>Mart\u00edn: \u201cLa solidaridad con Ceuta y Melilla se demuestra compartiendo responsabilidades\u201d - Agrupaci\u00f3n Socialista de Melilla<\/title>\n<meta name=\"robots\" content=\"index, follow, max-snippet:-1, max-image-preview:large, max-video-preview:-1\" \/>\n<link rel=\"canonical\" href=\"https:\/\/agrupacionespsoe.es\/melilla\/martin-la-solidaridad-con-ceuta-y-melilla-se-demuestra-compartiendo-responsabilidades\/\" \/>\n<meta property=\"og:locale\" content=\"es_ES\" \/>\n<meta property=\"og:type\" content=\"article\" \/>\n<meta property=\"og:title\" content=\"Mart\u00edn: \u201cLa solidaridad con Ceuta y Melilla se demuestra compartiendo responsabilidades\u201d - Agrupaci\u00f3n Socialista de Melilla\" \/>\n<meta property=\"og:description\" content=\"El PSOE de Melilla reclama al resto de comunidades que compartan la acogida de menores y recuerda al PP que \u201cel patriotismo se demuestra con hechos, no con discursos\u201d El secretario de Organizaci\u00f3n del PSOE de Melilla, Juan Jos\u00e9 Mart\u00edn, ha reclamado una respuesta solidaria de todas las comunidades aut\u00f3nomas ante la presi\u00f3n migratoria que ...\" \/>\n<meta property=\"og:url\" content=\"https:\/\/agrupacionespsoe.es\/melilla\/martin-la-solidaridad-con-ceuta-y-melilla-se-demuestra-compartiendo-responsabilidades\/\" \/>\n<meta property=\"og:site_name\" content=\"Agrupaci\u00f3n Socialista de Melilla\" \/>\n<meta property=\"article:published_time\" content=\"2026-08-06T10:44:37+00:00\" \/>\n<meta property=\"article:modified_time\" content=\"2026-08-06T10:44:38+00:00\" \/>\n<meta property=\"og:image\" content=\"https:\/\/agrupacionespsoe.es\/melilla\/wp-content\/uploads\/sites\/120\/2026\/08\/2026-08-06_JJMartin-SolidaridadResponsabilidad-scaled.jpg\" \/>\n\t<meta property=\"og:image:width\" content=\"2560\" \/>\n\t<meta property=\"og:image:height\" content=\"1707\" \/>\n\t<meta property=\"og:image:type\" content=\"image\/jpeg\" \/>\n<meta name=\"author\" content=\"melilla2\" \/>\n<meta name=\"twitter:card\" content=\"summary_large_image\" \/>\n<meta name=\"twitter:label1\" content=\"Escrito por\" \/>\n\t<meta name=\"twitter:data1\" content=\"melilla2\" \/>\n\t<meta name=\"twitter:label2\" content=\"Tiempo de lectura\" \/>\n\t<meta name=\"twitter:data2\" content=\"3 minutos\" \/>\n<script type=\"application\/ld+json\" class=\"yoast-schema-graph\">{\"@context\":\"https:\/\/schema.org\",\"@graph\":[{\"@type\":\"Article\",\"@id\":\"https:\/\/agrupacionespsoe.es\/melilla\/martin-la-solidaridad-con-ceuta-y-melilla-se-demuestra-compartiendo-responsabilidades\/#article\",\"isPartOf\":{\"@id\":\"https:\/\/agrupacionespsoe.es\/melilla\/martin-la-solidaridad-con-ceuta-y-melilla-se-demuestra-compartiendo-responsabilidades\/\"},\"author\":{\"name\":\"melilla2\",\"@id\":\"https:\/\/agrupacionespsoe.es\/melilla\/#\/schema\/person\/72bb3075a827d0ed0623682b96c92bd6\"},\"headline\":\"Mart\u00edn: \u201cLa solidaridad con Ceuta y Melilla se demuestra compartiendo responsabilidades\u201d\",\"datePublished\":\"2026-08-06T10:44:37+00:00\",\"dateModified\":\"2026-08-06T10:44:38+00:00\",\"mainEntityOfPage\":{\"@id\":\"https:\/\/agrupacionespsoe.es\/melilla\/martin-la-solidaridad-con-ceuta-y-melilla-se-demuestra-compartiendo-responsabilidades\/\"},\"wordCount\":513,\"commentCount\":0,\"publisher\":{\"@id\":\"https:\/\/agrupacionespsoe.es\/melilla\/#organization\"},\"image\":{\"@id\":\"https:\/\/agrupacionespsoe.es\/melilla\/martin-la-solidaridad-con-ceuta-y-melilla-se-demuestra-compartiendo-responsabilidades\/#primaryimage\"},\"thumbnailUrl\":\"https:\/\/agrupacionespsoe.es\/melilla\/wp-content\/uploads\/sites\/120\/2026\/08\/2026-08-06_JJMartin-SolidaridadResponsabilidad-scaled.jpg\",\"articleSection\":[\"Actualidad\"],\"inLanguage\":\"es\",\"potentialAction\":[{\"@type\":\"CommentAction\",\"name\":\"Comment\",\"target\":[\"https:\/\/agrupacionespsoe.es\/melilla\/martin-la-solidaridad-con-ceuta-y-melilla-se-demuestra-compartiendo-responsabilidades\/#respond\"]}]},{\"@type\":\"WebPage\",\"@id\":\"https:\/\/agrupacionespsoe.es\/melilla\/martin-la-solidaridad-con-ceuta-y-melilla-se-demuestra-compartiendo-responsabilidades\/\",\"url\":\"https:\/\/agrupacionespsoe.es\/melilla\/martin-la-solidaridad-con-ceuta-y-melilla-se-demuestra-compartiendo-responsabilidades\/\",\"name\":\"Mart\u00edn: \u201cLa solidaridad con Ceuta y Melilla se demuestra compartiendo responsabilidades\u201d - Agrupaci\u00f3n Socialista de Melilla\",\"isPartOf\":{\"@id\":\"https:\/\/agrupacionespsoe.es\/melilla\/#website\"},\"primaryImageOfPage\":{\"@id\":\"https:\/\/agrupacionespsoe.es\/melilla\/martin-la-solidaridad-con-ceuta-y-melilla-se-demuestra-compartiendo-responsabilidades\/#primaryimage\"},\"image\":{\"@id\":\"https:\/\/agrupacionespsoe.es\/melilla\/martin-la-solidaridad-con-ceuta-y-melilla-se-demuestra-compartiendo-responsabilidades\/#primaryimage\"},\"thumbnailUrl\":\"https:\/\/agrupacionespsoe.es\/melilla\/wp-content\/uploads\/sites\/120\/2026\/08\/2026-08-06_JJMartin-SolidaridadResponsabilidad-scaled.jpg\",\"datePublished\":\"2026-08-06T10:44:37+00:00\",\"dateModified\":\"2026-08-06T10:44:38+00:00\",\"breadcrumb\":{\"@id\":\"https:\/\/agrupacionespsoe.es\/melilla\/martin-la-solidaridad-con-ceuta-y-melilla-se-demuestra-compartiendo-responsabilidades\/#breadcrumb\"},\"inLanguage\":\"es\",\"potentialAction\":[{\"@type\":\"ReadAction\",\"target\":[\"https:\/\/agrupacionespsoe.es\/melilla\/martin-la-solidaridad-con-ceuta-y-melilla-se-demuestra-compartiendo-responsabilidades\/\"]}]},{\"@type\":\"ImageObject\",\"inLanguage\":\"es\",\"@id\":\"https:\/\/agrupacionespsoe.es\/melilla\/martin-la-solidaridad-con-ceuta-y-melilla-se-demuestra-compartiendo-responsabilidades\/#primaryimage\",\"url\":\"https:\/\/agrupacionespsoe.es\/melilla\/wp-content\/uploads\/sites\/120\/2026\/08\/2026-08-06_JJMartin-SolidaridadResponsabilidad-scaled.jpg\",\"contentUrl\":\"https:\/\/agrupacionespsoe.es\/melilla\/wp-content\/uploads\/sites\/120\/2026\/08\/2026-08-06_JJMartin-SolidaridadResponsabilidad-scaled.jpg\",\"width\":2560,\"height\":1707},{\"@type\":\"BreadcrumbList\",\"@id\":\"https:\/\/agrupacionespsoe.es\/melilla\/martin-la-solidaridad-con-ceuta-y-melilla-se-demuestra-compartiendo-responsabilidades\/#breadcrumb\",\"itemListElement\":[{\"@type\":\"ListItem\",\"position\":1,\"name\":\"Portada\",\"item\":\"https:\/\/agrupacionespsoe.es\/melilla\/\"},{\"@type\":\"ListItem\",\"position\":2,\"name\":\"Mart\u00edn: \u201cLa solidaridad con Ceuta y Melilla se demuestra compartiendo responsabilidades\u201d\"}]},{\"@type\":\"WebSite\",\"@id\":\"https:\/\/agrupacionespsoe.es\/melilla\/#website\",\"url\":\"https:\/\/agrupacionespsoe.es\/melilla\/\",\"name\":\"Agrupaci\u00f3n Socialista de Melilla\",\"description\":\"Agrupaci\u00f3n Socialista de Melilla\",\"publisher\":{\"@id\":\"https:\/\/agrupacionespsoe.es\/melilla\/#organization\"},\"potentialAction\":[{\"@type\":\"SearchAction\",\"target\":{\"@type\":\"EntryPoint\",\"urlTemplate\":\"https:\/\/agrupacionespsoe.es\/melilla\/?s={search_term_string}\"},\"query-input\":{\"@type\":\"PropertyValueSpecification\",\"valueRequired\":true,\"valueName\":\"search_term_string\"}}],\"inLanguage\":\"es\"},{\"@type\":\"Organization\",\"@id\":\"https:\/\/agrupacionespsoe.es\/melilla\/#organization\",\"name\":\"Agrupaci\u00f3n Socialista de Melilla\",\"url\":\"https:\/\/agrupacionespsoe.es\/melilla\/\",\"logo\":{\"@type\":\"ImageObject\",\"inLanguage\":\"es\",\"@id\":\"https:\/\/agrupacionespsoe.es\/melilla\/#\/schema\/logo\/image\/\",\"url\":\"https:\/\/agrupacionespsoe.es\/wp-content\/uploads\/2022\/07\/Logotipo_electoral_del_PSOE.png\",\"contentUrl\":\"https:\/\/agrupacionespsoe.es\/wp-content\/uploads\/2022\/07\/Logotipo_electoral_del_PSOE.png\",\"width\":422,\"height\":422,\"caption\":\"Agrupaci\u00f3n Socialista de Melilla\"},\"image\":{\"@id\":\"https:\/\/agrupacionespsoe.es\/melilla\/#\/schema\/logo\/image\/\"}},{\"@type\":\"Person\",\"@id\":\"https:\/\/agrupacionespsoe.es\/melilla\/#\/schema\/person\/72bb3075a827d0ed0623682b96c92bd6\",\"name\":\"melilla2\",\"image\":{\"@type\":\"ImageObject\",\"inLanguage\":\"es\",\"@id\":\"https:\/\/agrupacionespsoe.es\/melilla\/#\/schema\/person\/image\/\",\"url\":\"https:\/\/secure.gravatar.com\/avatar\/489a178e794e59f00db13a448aabca16?s=96&d=mm&r=g\",\"contentUrl\":\"https:\/\/secure.gravatar.com\/avatar\/489a178e794e59f00db13a448aabca16?s=96&d=mm&r=g\",\"caption\":\"melilla2\"},\"url\":\"https:\/\/agrupacionespsoe.es\/melilla\/author\/melilla2\/\"}]}<\/script>\n<!-- \/ Yoast SEO plugin. -->","yoast_head_json":{"title":"Mart\u00edn: \u201cLa solidaridad con Ceuta y Melilla se demuestra compartiendo responsabilidades\u201d - Agrupaci\u00f3n Socialista de Melilla","robots":{"index":"index","follow":"follow","max-snippet":"max-snippet:-1","max-image-preview":"max-image-preview:large","max-video-preview":"max-video-preview:-1"},"canonical":"https:\/\/agrupacionespsoe.es\/melilla\/martin-la-solidaridad-con-ceuta-y-melilla-se-demuestra-compartiendo-responsabilidades\/","og_locale":"es_ES","og_type":"article","og_title":"Mart\u00edn: \u201cLa solidaridad con Ceuta y Melilla se demuestra compartiendo responsabilidades\u201d - Agrupaci\u00f3n Socialista de Melilla","og_description":"El PSOE de Melilla reclama al resto de comunidades que compartan la acogida de menores y recuerda al PP que \u201cel patriotismo se demuestra con hechos, no con discursos\u201d El secretario de Organizaci\u00f3n del PSOE de Melilla, Juan Jos\u00e9 Mart\u00edn, ha reclamado una respuesta solidaria de todas las comunidades aut\u00f3nomas ante la presi\u00f3n migratoria que ...","og_url":"https:\/\/agrupacionespsoe.es\/melilla\/martin-la-solidaridad-con-ceuta-y-melilla-se-demuestra-compartiendo-responsabilidades\/","og_site_name":"Agrupaci\u00f3n Socialista de Melilla","article_published_time":"2026-08-06T10:44:37+00:00","article_modified_time":"2026-08-06T10:44:38+00:00","og_image":[{"width":2560,"height":1707,"url":"https:\/\/agrupacionespsoe.es\/melilla\/wp-content\/uploads\/sites\/120\/2026\/08\/2026-08-06_JJMartin-SolidaridadResponsabilidad-scaled.jpg","type":"image\/jpeg"}],"author":"melilla2","twitter_card":"summary_large_image","twitter_misc":{"Escrito por":"melilla2","Tiempo de lectura":"3 minutos"},"schema":{"@context":"https:\/\/schema.org","@graph":[{"@type":"Article","@id":"https:\/\/agrupacionespsoe.es\/melilla\/martin-la-solidaridad-con-ceuta-y-melilla-se-demuestra-compartiendo-responsabilidades\/#article","isPartOf":{"@id":"https:\/\/agrupacionespsoe.es\/melilla\/martin-la-solidaridad-con-ceuta-y-melilla-se-demuestra-compartiendo-responsabilidades\/"},"author":{"name":"melilla2","@id":"https:\/\/agrupacionespsoe.es\/melilla\/#\/schema\/person\/72bb3075a827d0ed0623682b96c92bd6"},"headline":"Mart\u00edn: \u201cLa solidaridad con Ceuta y Melilla se demuestra compartiendo responsabilidades\u201d","datePublished":"2026-08-06T10:44:37+00:00","dateModified":"2026-08-06T10:44:38+00:00","mainEntityOfPage":{"@id":"https:\/\/agrupacionespsoe.es\/melilla\/martin-la-solidaridad-con-ceuta-y-melilla-se-demuestra-compartiendo-responsabilidades\/"},"wordCount":513,"commentCount":0,"publisher":{"@id":"https:\/\/agrupacionespsoe.es\/melilla\/#organization"},"image":{"@id":"https:\/\/agrupacionespsoe.es\/melilla\/martin-la-solidaridad-con-ceuta-y-melilla-se-demuestra-compartiendo-responsabilidades\/#primaryimage"},"thumbnailUrl":"https:\/\/agrupacionespsoe.es\/melilla\/wp-content\/uploads\/sites\/120\/2026\/08\/2026-08-06_JJMartin-SolidaridadResponsabilidad-scaled.jpg","articleSection":["Actualidad"],"inLanguage":"es","potentialAction":[{"@type":"CommentAction","name":"Comment","target":["https:\/\/agrupacionespsoe.es\/melilla\/martin-la-solidaridad-con-ceuta-y-melilla-se-demuestra-compartiendo-responsabilidades\/#respond"]}]},{"@type":"WebPage","@id":"https:\/\/agrupacionespsoe.es\/melilla\/martin-la-solidaridad-con-ceuta-y-melilla-se-demuestra-compartiendo-responsabilidades\/","url":"https:\/\/agrupacionespsoe.es\/melilla\/martin-la-solidaridad-con-ceuta-y-melilla-se-demuestra-compartiendo-responsabilidades\/","name":"Mart\u00edn: \u201cLa solidaridad con Ceuta y Melilla se demuestra compartiendo responsabilidades\u201d - Agrupaci\u00f3n Socialista de Melilla","isPartOf":{"@id":"https:\/\/agrupacionespsoe.es\/melilla\/#website"},"primaryImageOfPage":{"@id":"https:\/\/agrupacionespsoe.es\/melilla\/martin-la-solidaridad-con-ceuta-y-melilla-se-demuestra-compartiendo-responsabilidades\/#primaryimage"},"image":{"@id":"https:\/\/agrupacionespsoe.es\/melilla\/martin-la-solidaridad-con-ceuta-y-melilla-se-demuestra-compartiendo-responsabilidades\/#primaryimage"},"thumbnailUrl":"https:\/\/agrupacionespsoe.es\/melilla\/wp-content\/uploads\/sites\/120\/2026\/08\/2026-08-06_JJMartin-SolidaridadResponsabilidad-scaled.jpg","datePublished":"2026-08-06T10:44:37+00:00","dateModified":"2026-08-06T10:44:38+00:00","breadcrumb":{"@id":"https:\/\/agrupacionespsoe.es\/melilla\/martin-la-solidaridad-con-ceuta-y-melilla-se-demuestra-compartiendo-responsabilidades\/#breadcrumb"},"inLanguage":"es","potentialAction":[{"@type":"ReadAction","target":["https:\/\/agrupacionespsoe.es\/melilla\/martin-la-solidaridad-con-ceuta-y-melilla-se-demuestra-compartiendo-responsabilidades\/"]}]},{"@type":"ImageObject","inLanguage":"es","@id":"https:\/\/agrupacionespsoe.es\/melilla\/martin-la-solidaridad-con-ceuta-y-melilla-se-demuestra-compartiendo-responsabilidades\/#primaryimage","url":"https:\/\/agrupacionespsoe.es\/melilla\/wp-content\/uploads\/sites\/120\/2026\/08\/2026-08-06_JJMartin-SolidaridadResponsabilidad-scaled.jpg","contentUrl":"https:\/\/agrupacionespsoe.es\/melilla\/wp-content\/uploads\/sites\/120\/2026\/08\/2026-08-06_JJMartin-SolidaridadResponsabilidad-scaled.jpg","width":2560,"height":1707},{"@type":"BreadcrumbList","@id":"https:\/\/agrupacionespsoe.es\/melilla\/martin-la-solidaridad-con-ceuta-y-melilla-se-demuestra-compartiendo-responsabilidades\/#breadcrumb","itemListElement":[{"@type":"ListItem","position":1,"name":"Portada","item":"https:\/\/agrupacionespsoe.es\/melilla\/"},{"@type":"ListItem","position":2,"name":"Mart\u00edn: \u201cLa solidaridad con Ceuta y Melilla se demuestra compartiendo responsabilidades\u201d"}]},{"@type":"WebSite","@id":"https:\/\/agrupacionespsoe.es\/melilla\/#website","url":"https:\/\/agrupacionespsoe.es\/melilla\/","name":"Agrupaci\u00f3n Socialista de Melilla","description":"Agrupaci\u00f3n Socialista de Melilla","publisher":{"@id":"https:\/\/agrupacionespsoe.es\/melilla\/#organization"},"potentialAction":[{"@type":"SearchAction","target":{"@type":"EntryPoint","urlTemplate":"https:\/\/agrupacionespsoe.es\/melilla\/?s={search_term_string}"},"query-input":{"@type":"PropertyValueSpecification","valueRequired":true,"valueName":"search_term_string"}}],"inLanguage":"es"},{"@type":"Organization","@id":"https:\/\/agrupacionespsoe.es\/melilla\/#organization","name":"Agrupaci\u00f3n Socialista de Melilla","url":"https:\/\/agrupacionespsoe.es\/melilla\/","logo":{"@type":"ImageObject","inLanguage":"es","@id":"https:\/\/agrupacionespsoe.es\/melilla\/#\/schema\/logo\/image\/","url":"https:\/\/agrupacionespsoe.es\/wp-content\/uploads\/2022\/07\/Logotipo_electoral_del_PSOE.png","contentUrl":"https:\/\/agrupacionespsoe.es\/wp-content\/uploads\/2022\/07\/Logotipo_electoral_del_PSOE.png","width":422,"height":422,"caption":"Agrupaci\u00f3n Socialista de Melilla"},"image":{"@id":"https:\/\/agrupacionespsoe.es\/melilla\/#\/schema\/logo\/image\/"}},{"@type":"Person","@id":"https:\/\/agrupacionespsoe.es\/melilla\/#\/schema\/person\/72bb3075a827d0ed0623682b96c92bd6","name":"melilla2","image":{"@type":"ImageObject","inLanguage":"es","@id":"https:\/\/agrupacionespsoe.es\/melilla\/#\/schema\/person\/image\/","url":"https:\/\/secure.gravatar.com\/avatar\/489a178e794e59f00db13a448aabca16?s=96&d=mm&r=g","contentUrl":"https:\/\/secure.gravatar.com\/avatar\/489a178e794e59f00db13a448aabca16?s=96&d=mm&r=g","caption":"melilla2"},"url":"https:\/\/agrupacionespsoe.es\/melilla\/author\/melilla2\/"}]}},"jetpack_featured_media_url":"https:\/\/agrupacionespsoe.es\/melilla\/wp-content\/uploads\/sites\/120\/2026\/08\/2026-08-06_JJMartin-SolidaridadResponsabilidad-scaled.jpg","jetpack_sharing_enabled":true,"_links":{"self":[{"href":"https:\/\/agrupacionespsoe.es\/melilla\/wp-json\/wp\/v2\/posts\/2973","targetHints":{"allow":["GET"]}}],"collection":[{"href":"https:\/\/agrupacionespsoe.es\/melilla\/wp-json\/wp\/v2\/posts"}],"about":[{"href":"https:\/\/agrupacionespsoe.es\/melilla\/wp-json\/wp\/v2\/types\/post"}],"author":[{"embeddable":true,"href":"https:\/\/agrupacionespsoe.es\/melilla\/wp-json\/wp\/v2\/users\/187"}],"replies":[{"embeddable":true,"href":"https:\/\/agrupacionespsoe.es\/melilla\/wp-json\/wp\/v2\/comments?post=2973"}],"version-history":[{"count":1,"href":"https:\/\/agrupacionespsoe.es\/melilla\/wp-json\/wp\/v2\/posts\/2973\/revisions"}],"predecessor-version":[{"id":2975,"href":"https:\/\/agrupacionespsoe.es\/melilla\/wp-json\/wp\/v2\/posts\/2973\/revisions\/2975"}],"wp:featuredmedia":[{"embeddable":true,"href":"https:\/\/agrupacionespsoe.es\/melilla\/wp-json\/wp\/v2\/media\/2974"}],"wp:attachment":[{"href":"https:\/\/agrupacionespsoe.es\/melilla\/wp-json\/wp\/v2\/media?parent=2973"}],"wp:term":[{"taxonomy":"category","embeddable":true,"href":"https:\/\/agrupacionespsoe.es\/melilla\/wp-json\/wp\/v2\/categories?post=2973"},{"taxonomy":"post_tag","embeddable":true,"href":"https:\/\/agrupacionespsoe.es\/melilla\/wp-json\/wp\/v2\/tags?post=2973"}],"curies":[{"name":"wp","href":"https:\/\/api.w.org\/{rel}","templated":true}]}}