{"id":2968,"date":"2026-08-03T13:19:20","date_gmt":"2026-08-03T13:19:20","guid":{"rendered":"https:\/\/agrupacionespsoe.es\/melilla\/?p=2968"},"modified":"2026-08-03T13:19:21","modified_gmt":"2026-08-03T13:19:21","slug":"el-psoe-destaca-el-trabajo-de-los-profesionales-que-han-participado-en-el-dispositivo-y-aplaude-la-respuesta-conjunta-de-las-administraciones","status":"publish","type":"post","link":"https:\/\/agrupacionespsoe.es\/melilla\/el-psoe-destaca-el-trabajo-de-los-profesionales-que-han-participado-en-el-dispositivo-y-aplaude-la-respuesta-conjunta-de-las-administraciones\/","title":{"rendered":"El PSOE destaca el trabajo de los profesionales que han participado en el dispositivo y aplaude la respuesta conjunta de las administraciones"},"content":{"rendered":"\n<p><strong>Juan Jos\u00e9 Mart\u00edn pone en valor la actuaci\u00f3n del Estado ante la presi\u00f3n migratoria sufrida este fin de semana<\/strong><\/p>\n\n\n\n<p>El Secretario de Organizaci\u00f3n del PSOE de Melilla, Juan Jos\u00e9 Mart\u00edn, ha puesto en valor la actuaci\u00f3n que se ha llevado a cabo ante la situaci\u00f3n de presi\u00f3n migratoria registrada durante este fin de semana en la ciudad, subrayando que los hechos han vuelto a demostrar \u201cla fortaleza del Estado y la labor de los profesionales de la Guardia Civil y de la Polic\u00eda Nacional\u201d.<\/p>\n\n\n\n<p>El n\u00famero dos de los socialistas locales ha hecho hincapi\u00e9 en el trabajo de prevenci\u00f3n, la rapidez en la toma de decisiones y en la coordinaci\u00f3n de la Delegaci\u00f3n del Gobierno con el resto de instituciones y entidades que \u201cha permitido afrontar una situaci\u00f3n de especial complejidad con eficacia y garant\u00edas para la seguridad de la ciudadan\u00eda\u201d.<\/p>\n\n\n\n<p>\u201cCuando todas las administraciones e instituciones trabajan de forma coordinada, con responsabilidad y poniendo el inter\u00e9s general por encima de cualquier otra consideraci\u00f3n, el Estado demuestra su capacidad para proteger a la ciudadan\u00eda y responder con eficacia incluso ante las situaciones m\u00e1s complejas\u201d, ha dejado claro.<\/p>\n\n\n\n<p>En este sentido, ha destacado el trabajo desarrollado por la Delegaci\u00f3n del Gobierno en Melilla, que ha coordinado la respuesta institucional desde el primer momento, manteniendo una comunicaci\u00f3n permanente con todas las administraciones implicadas y con los diferentes servicios operativos.<\/p>\n\n\n\n<p>El dirigente socialista ha trasladado especialmente su reconocimiento a las Fuerzas y Cuerpos de Seguridad del Estado, -Guardia Civil y Polic\u00eda Nacional-, por su profesionalidad, entrega y capacidad de actuaci\u00f3n durante todo el fin de semana, as\u00ed como al resto de organismos y servicios que han participado en el dispositivo, entre ellos la Polic\u00eda Local, Protecci\u00f3n Civil, Cruz Roja, los servicios sanitarios, personal de emergencias, Agentes de Movilidad, Bomberos, y el conjunto de profesionales que han trabajado de manera ininterrumpida para garantizar la seguridad y la atenci\u00f3n necesaria.<\/p>\n\n\n\n<p>\u00abCuando las circunstancias lo exigen, nuestros servidores p\u00fablicos vuelven a demostrar un compromiso ejemplar con Melilla y con Espa\u00f1a. Su trabajo merece el reconocimiento de toda la sociedad\u00bb, ha afirmado.<\/p>\n\n\n\n<p>Por \u00faltimo, Mart\u00edn tambi\u00e9n ha querido reconocer la estrecha colaboraci\u00f3n mantenida con la Delegaci\u00f3n del Gobierno en Andaluc\u00eda, las Subdelegaciones del Gobierno y la Secretar\u00eda General de Protecci\u00f3n Civil y Emergencias, encabezada por Virginia Barcones, cuya coordinaci\u00f3n ha resultado fundamental.<\/p>\n","protected":false},"excerpt":{"rendered":"<p>Juan Jos\u00e9 Mart\u00edn pone en valor la actuaci\u00f3n del Estado ante la presi\u00f3n migratoria sufrida este fin de semana El Secretario de Organizaci\u00f3n del PSOE de Melilla, Juan Jos\u00e9 Mart\u00edn, ha puesto en valor la actuaci\u00f3n que se ha llevado a cabo ante la situaci\u00f3n de presi\u00f3n migratoria registrada durante este fin de semana en &#8230;<\/p>\n","protected":false},"author":187,"featured_media":2969,"comment_status":"open","ping_status":"open","sticky":false,"template":"","format":"standard","meta":{"_jetpack_memberships_contains_paid_content":false,"footnotes":""},"categories":[7],"tags":[],"class_list":["post-2968","post","type-post","status-publish","format-standard","has-post-thumbnail","hentry","category-actualidad"],"yoast_head":"<!-- This site is optimized with the Yoast SEO plugin v24.0 - https:\/\/yoast.com\/wordpress\/plugins\/seo\/ -->\n<title>El PSOE destaca el trabajo de los profesionales que han participado en el dispositivo y aplaude la respuesta conjunta de las administraciones - Agrupaci\u00f3n Socialista de Melilla<\/title>\n<meta name=\"robots\" content=\"index, follow, max-snippet:-1, max-image-preview:large, max-video-preview:-1\" \/>\n<link rel=\"canonical\" href=\"https:\/\/agrupacionespsoe.es\/melilla\/el-psoe-destaca-el-trabajo-de-los-profesionales-que-han-participado-en-el-dispositivo-y-aplaude-la-respuesta-conjunta-de-las-administraciones\/\" \/>\n<meta property=\"og:locale\" content=\"es_ES\" \/>\n<meta property=\"og:type\" content=\"article\" \/>\n<meta property=\"og:title\" content=\"El PSOE destaca el trabajo de los profesionales que han participado en el dispositivo y aplaude la respuesta conjunta de las administraciones - Agrupaci\u00f3n Socialista de Melilla\" \/>\n<meta property=\"og:description\" content=\"Juan Jos\u00e9 Mart\u00edn pone en valor la actuaci\u00f3n del Estado ante la presi\u00f3n migratoria sufrida este fin de semana El Secretario de Organizaci\u00f3n del PSOE de Melilla, Juan Jos\u00e9 Mart\u00edn, ha puesto en valor la actuaci\u00f3n que se ha llevado a cabo ante la situaci\u00f3n de presi\u00f3n migratoria registrada durante este fin de semana en ...\" \/>\n<meta property=\"og:url\" content=\"https:\/\/agrupacionespsoe.es\/melilla\/el-psoe-destaca-el-trabajo-de-los-profesionales-que-han-participado-en-el-dispositivo-y-aplaude-la-respuesta-conjunta-de-las-administraciones\/\" \/>\n<meta property=\"og:site_name\" content=\"Agrupaci\u00f3n Socialista de Melilla\" \/>\n<meta property=\"article:published_time\" content=\"2026-08-03T13:19:20+00:00\" \/>\n<meta property=\"article:modified_time\" content=\"2026-08-03T13:19:21+00:00\" \/>\n<meta property=\"og:image\" content=\"https:\/\/agrupacionespsoe.es\/melilla\/wp-content\/uploads\/sites\/120\/2026\/08\/JJMartin_3-scaled.jpg\" \/>\n\t<meta property=\"og:image:width\" content=\"2560\" \/>\n\t<meta property=\"og:image:height\" content=\"1707\" \/>\n\t<meta property=\"og:image:type\" content=\"image\/jpeg\" \/>\n<meta name=\"author\" content=\"melilla2\" \/>\n<meta name=\"twitter:card\" content=\"summary_large_image\" \/>\n<meta name=\"twitter:label1\" content=\"Escrito por\" \/>\n\t<meta name=\"twitter:data1\" content=\"melilla2\" \/>\n\t<meta name=\"twitter:label2\" content=\"Tiempo de lectura\" \/>\n\t<meta name=\"twitter:data2\" content=\"2 minutos\" \/>\n<script type=\"application\/ld+json\" class=\"yoast-schema-graph\">{\"@context\":\"https:\/\/schema.org\",\"@graph\":[{\"@type\":\"Article\",\"@id\":\"https:\/\/agrupacionespsoe.es\/melilla\/el-psoe-destaca-el-trabajo-de-los-profesionales-que-han-participado-en-el-dispositivo-y-aplaude-la-respuesta-conjunta-de-las-administraciones\/#article\",\"isPartOf\":{\"@id\":\"https:\/\/agrupacionespsoe.es\/melilla\/el-psoe-destaca-el-trabajo-de-los-profesionales-que-han-participado-en-el-dispositivo-y-aplaude-la-respuesta-conjunta-de-las-administraciones\/\"},\"author\":{\"name\":\"melilla2\",\"@id\":\"https:\/\/agrupacionespsoe.es\/melilla\/#\/schema\/person\/72bb3075a827d0ed0623682b96c92bd6\"},\"headline\":\"El PSOE destaca el trabajo de los profesionales que han participado en el dispositivo y aplaude la respuesta conjunta de las administraciones\",\"datePublished\":\"2026-08-03T13:19:20+00:00\",\"dateModified\":\"2026-08-03T13:19:21+00:00\",\"mainEntityOfPage\":{\"@id\":\"https:\/\/agrupacionespsoe.es\/melilla\/el-psoe-destaca-el-trabajo-de-los-profesionales-que-han-participado-en-el-dispositivo-y-aplaude-la-respuesta-conjunta-de-las-administraciones\/\"},\"wordCount\":444,\"commentCount\":0,\"publisher\":{\"@id\":\"https:\/\/agrupacionespsoe.es\/melilla\/#organization\"},\"image\":{\"@id\":\"https:\/\/agrupacionespsoe.es\/melilla\/el-psoe-destaca-el-trabajo-de-los-profesionales-que-han-participado-en-el-dispositivo-y-aplaude-la-respuesta-conjunta-de-las-administraciones\/#primaryimage\"},\"thumbnailUrl\":\"https:\/\/agrupacionespsoe.es\/melilla\/wp-content\/uploads\/sites\/120\/2026\/08\/JJMartin_3-scaled.jpg\",\"articleSection\":[\"Actualidad\"],\"inLanguage\":\"es\",\"potentialAction\":[{\"@type\":\"CommentAction\",\"name\":\"Comment\",\"target\":[\"https:\/\/agrupacionespsoe.es\/melilla\/el-psoe-destaca-el-trabajo-de-los-profesionales-que-han-participado-en-el-dispositivo-y-aplaude-la-respuesta-conjunta-de-las-administraciones\/#respond\"]}]},{\"@type\":\"WebPage\",\"@id\":\"https:\/\/agrupacionespsoe.es\/melilla\/el-psoe-destaca-el-trabajo-de-los-profesionales-que-han-participado-en-el-dispositivo-y-aplaude-la-respuesta-conjunta-de-las-administraciones\/\",\"url\":\"https:\/\/agrupacionespsoe.es\/melilla\/el-psoe-destaca-el-trabajo-de-los-profesionales-que-han-participado-en-el-dispositivo-y-aplaude-la-respuesta-conjunta-de-las-administraciones\/\",\"name\":\"El PSOE destaca el trabajo de los profesionales que han participado en el dispositivo y aplaude la respuesta conjunta de las administraciones - Agrupaci\u00f3n Socialista de Melilla\",\"isPartOf\":{\"@id\":\"https:\/\/agrupacionespsoe.es\/melilla\/#website\"},\"primaryImageOfPage\":{\"@id\":\"https:\/\/agrupacionespsoe.es\/melilla\/el-psoe-destaca-el-trabajo-de-los-profesionales-que-han-participado-en-el-dispositivo-y-aplaude-la-respuesta-conjunta-de-las-administraciones\/#primaryimage\"},\"image\":{\"@id\":\"https:\/\/agrupacionespsoe.es\/melilla\/el-psoe-destaca-el-trabajo-de-los-profesionales-que-han-participado-en-el-dispositivo-y-aplaude-la-respuesta-conjunta-de-las-administraciones\/#primaryimage\"},\"thumbnailUrl\":\"https:\/\/agrupacionespsoe.es\/melilla\/wp-content\/uploads\/sites\/120\/2026\/08\/JJMartin_3-scaled.jpg\",\"datePublished\":\"2026-08-03T13:19:20+00:00\",\"dateModified\":\"2026-08-03T13:19:21+00:00\",\"breadcrumb\":{\"@id\":\"https:\/\/agrupacionespsoe.es\/melilla\/el-psoe-destaca-el-trabajo-de-los-profesionales-que-han-participado-en-el-dispositivo-y-aplaude-la-respuesta-conjunta-de-las-administraciones\/#breadcrumb\"},\"inLanguage\":\"es\",\"potentialAction\":[{\"@type\":\"ReadAction\",\"target\":[\"https:\/\/agrupacionespsoe.es\/melilla\/el-psoe-destaca-el-trabajo-de-los-profesionales-que-han-participado-en-el-dispositivo-y-aplaude-la-respuesta-conjunta-de-las-administraciones\/\"]}]},{\"@type\":\"ImageObject\",\"inLanguage\":\"es\",\"@id\":\"https:\/\/agrupacionespsoe.es\/melilla\/el-psoe-destaca-el-trabajo-de-los-profesionales-que-han-participado-en-el-dispositivo-y-aplaude-la-respuesta-conjunta-de-las-administraciones\/#primaryimage\",\"url\":\"https:\/\/agrupacionespsoe.es\/melilla\/wp-content\/uploads\/sites\/120\/2026\/08\/JJMartin_3-scaled.jpg\",\"contentUrl\":\"https:\/\/agrupacionespsoe.es\/melilla\/wp-content\/uploads\/sites\/120\/2026\/08\/JJMartin_3-scaled.jpg\",\"width\":2560,\"height\":1707},{\"@type\":\"BreadcrumbList\",\"@id\":\"https:\/\/agrupacionespsoe.es\/melilla\/el-psoe-destaca-el-trabajo-de-los-profesionales-que-han-participado-en-el-dispositivo-y-aplaude-la-respuesta-conjunta-de-las-administraciones\/#breadcrumb\",\"itemListElement\":[{\"@type\":\"ListItem\",\"position\":1,\"name\":\"Portada\",\"item\":\"https:\/\/agrupacionespsoe.es\/melilla\/\"},{\"@type\":\"ListItem\",\"position\":2,\"name\":\"El PSOE destaca el trabajo de los profesionales que han participado en el dispositivo y aplaude la respuesta conjunta de las administraciones\"}]},{\"@type\":\"WebSite\",\"@id\":\"https:\/\/agrupacionespsoe.es\/melilla\/#website\",\"url\":\"https:\/\/agrupacionespsoe.es\/melilla\/\",\"name\":\"Agrupaci\u00f3n Socialista de Melilla\",\"description\":\"Agrupaci\u00f3n Socialista de Melilla\",\"publisher\":{\"@id\":\"https:\/\/agrupacionespsoe.es\/melilla\/#organization\"},\"potentialAction\":[{\"@type\":\"SearchAction\",\"target\":{\"@type\":\"EntryPoint\",\"urlTemplate\":\"https:\/\/agrupacionespsoe.es\/melilla\/?s={search_term_string}\"},\"query-input\":{\"@type\":\"PropertyValueSpecification\",\"valueRequired\":true,\"valueName\":\"search_term_string\"}}],\"inLanguage\":\"es\"},{\"@type\":\"Organization\",\"@id\":\"https:\/\/agrupacionespsoe.es\/melilla\/#organization\",\"name\":\"Agrupaci\u00f3n Socialista de Melilla\",\"url\":\"https:\/\/agrupacionespsoe.es\/melilla\/\",\"logo\":{\"@type\":\"ImageObject\",\"inLanguage\":\"es\",\"@id\":\"https:\/\/agrupacionespsoe.es\/melilla\/#\/schema\/logo\/image\/\",\"url\":\"https:\/\/agrupacionespsoe.es\/wp-content\/uploads\/2022\/07\/Logotipo_electoral_del_PSOE.png\",\"contentUrl\":\"https:\/\/agrupacionespsoe.es\/wp-content\/uploads\/2022\/07\/Logotipo_electoral_del_PSOE.png\",\"width\":422,\"height\":422,\"caption\":\"Agrupaci\u00f3n Socialista de Melilla\"},\"image\":{\"@id\":\"https:\/\/agrupacionespsoe.es\/melilla\/#\/schema\/logo\/image\/\"}},{\"@type\":\"Person\",\"@id\":\"https:\/\/agrupacionespsoe.es\/melilla\/#\/schema\/person\/72bb3075a827d0ed0623682b96c92bd6\",\"name\":\"melilla2\",\"image\":{\"@type\":\"ImageObject\",\"inLanguage\":\"es\",\"@id\":\"https:\/\/agrupacionespsoe.es\/melilla\/#\/schema\/person\/image\/\",\"url\":\"https:\/\/secure.gravatar.com\/avatar\/489a178e794e59f00db13a448aabca16?s=96&d=mm&r=g\",\"contentUrl\":\"https:\/\/secure.gravatar.com\/avatar\/489a178e794e59f00db13a448aabca16?s=96&d=mm&r=g\",\"caption\":\"melilla2\"},\"url\":\"https:\/\/agrupacionespsoe.es\/melilla\/author\/melilla2\/\"}]}<\/script>\n<!-- \/ Yoast SEO plugin. -->","yoast_head_json":{"title":"El PSOE destaca el trabajo de los profesionales que han participado en el dispositivo y aplaude la respuesta conjunta de las administraciones - Agrupaci\u00f3n Socialista de Melilla","robots":{"index":"index","follow":"follow","max-snippet":"max-snippet:-1","max-image-preview":"max-image-preview:large","max-video-preview":"max-video-preview:-1"},"canonical":"https:\/\/agrupacionespsoe.es\/melilla\/el-psoe-destaca-el-trabajo-de-los-profesionales-que-han-participado-en-el-dispositivo-y-aplaude-la-respuesta-conjunta-de-las-administraciones\/","og_locale":"es_ES","og_type":"article","og_title":"El PSOE destaca el trabajo de los profesionales que han participado en el dispositivo y aplaude la respuesta conjunta de las administraciones - Agrupaci\u00f3n Socialista de Melilla","og_description":"Juan Jos\u00e9 Mart\u00edn pone en valor la actuaci\u00f3n del Estado ante la presi\u00f3n migratoria sufrida este fin de semana El Secretario de Organizaci\u00f3n del PSOE de Melilla, Juan Jos\u00e9 Mart\u00edn, ha puesto en valor la actuaci\u00f3n que se ha llevado a cabo ante la situaci\u00f3n de presi\u00f3n migratoria registrada durante este fin de semana en ...","og_url":"https:\/\/agrupacionespsoe.es\/melilla\/el-psoe-destaca-el-trabajo-de-los-profesionales-que-han-participado-en-el-dispositivo-y-aplaude-la-respuesta-conjunta-de-las-administraciones\/","og_site_name":"Agrupaci\u00f3n Socialista de Melilla","article_published_time":"2026-08-03T13:19:20+00:00","article_modified_time":"2026-08-03T13:19:21+00:00","og_image":[{"width":2560,"height":1707,"url":"https:\/\/agrupacionespsoe.es\/melilla\/wp-content\/uploads\/sites\/120\/2026\/08\/JJMartin_3-scaled.jpg","type":"image\/jpeg"}],"author":"melilla2","twitter_card":"summary_large_image","twitter_misc":{"Escrito por":"melilla2","Tiempo de lectura":"2 minutos"},"schema":{"@context":"https:\/\/schema.org","@graph":[{"@type":"Article","@id":"https:\/\/agrupacionespsoe.es\/melilla\/el-psoe-destaca-el-trabajo-de-los-profesionales-que-han-participado-en-el-dispositivo-y-aplaude-la-respuesta-conjunta-de-las-administraciones\/#article","isPartOf":{"@id":"https:\/\/agrupacionespsoe.es\/melilla\/el-psoe-destaca-el-trabajo-de-los-profesionales-que-han-participado-en-el-dispositivo-y-aplaude-la-respuesta-conjunta-de-las-administraciones\/"},"author":{"name":"melilla2","@id":"https:\/\/agrupacionespsoe.es\/melilla\/#\/schema\/person\/72bb3075a827d0ed0623682b96c92bd6"},"headline":"El PSOE destaca el trabajo de los profesionales que han participado en el dispositivo y aplaude la respuesta conjunta de las administraciones","datePublished":"2026-08-03T13:19:20+00:00","dateModified":"2026-08-03T13:19:21+00:00","mainEntityOfPage":{"@id":"https:\/\/agrupacionespsoe.es\/melilla\/el-psoe-destaca-el-trabajo-de-los-profesionales-que-han-participado-en-el-dispositivo-y-aplaude-la-respuesta-conjunta-de-las-administraciones\/"},"wordCount":444,"commentCount":0,"publisher":{"@id":"https:\/\/agrupacionespsoe.es\/melilla\/#organization"},"image":{"@id":"https:\/\/agrupacionespsoe.es\/melilla\/el-psoe-destaca-el-trabajo-de-los-profesionales-que-han-participado-en-el-dispositivo-y-aplaude-la-respuesta-conjunta-de-las-administraciones\/#primaryimage"},"thumbnailUrl":"https:\/\/agrupacionespsoe.es\/melilla\/wp-content\/uploads\/sites\/120\/2026\/08\/JJMartin_3-scaled.jpg","articleSection":["Actualidad"],"inLanguage":"es","potentialAction":[{"@type":"CommentAction","name":"Comment","target":["https:\/\/agrupacionespsoe.es\/melilla\/el-psoe-destaca-el-trabajo-de-los-profesionales-que-han-participado-en-el-dispositivo-y-aplaude-la-respuesta-conjunta-de-las-administraciones\/#respond"]}]},{"@type":"WebPage","@id":"https:\/\/agrupacionespsoe.es\/melilla\/el-psoe-destaca-el-trabajo-de-los-profesionales-que-han-participado-en-el-dispositivo-y-aplaude-la-respuesta-conjunta-de-las-administraciones\/","url":"https:\/\/agrupacionespsoe.es\/melilla\/el-psoe-destaca-el-trabajo-de-los-profesionales-que-han-participado-en-el-dispositivo-y-aplaude-la-respuesta-conjunta-de-las-administraciones\/","name":"El PSOE destaca el trabajo de los profesionales que han participado en el dispositivo y aplaude la respuesta conjunta de las administraciones - Agrupaci\u00f3n Socialista de Melilla","isPartOf":{"@id":"https:\/\/agrupacionespsoe.es\/melilla\/#website"},"primaryImageOfPage":{"@id":"https:\/\/agrupacionespsoe.es\/melilla\/el-psoe-destaca-el-trabajo-de-los-profesionales-que-han-participado-en-el-dispositivo-y-aplaude-la-respuesta-conjunta-de-las-administraciones\/#primaryimage"},"image":{"@id":"https:\/\/agrupacionespsoe.es\/melilla\/el-psoe-destaca-el-trabajo-de-los-profesionales-que-han-participado-en-el-dispositivo-y-aplaude-la-respuesta-conjunta-de-las-administraciones\/#primaryimage"},"thumbnailUrl":"https:\/\/agrupacionespsoe.es\/melilla\/wp-content\/uploads\/sites\/120\/2026\/08\/JJMartin_3-scaled.jpg","datePublished":"2026-08-03T13:19:20+00:00","dateModified":"2026-08-03T13:19:21+00:00","breadcrumb":{"@id":"https:\/\/agrupacionespsoe.es\/melilla\/el-psoe-destaca-el-trabajo-de-los-profesionales-que-han-participado-en-el-dispositivo-y-aplaude-la-respuesta-conjunta-de-las-administraciones\/#breadcrumb"},"inLanguage":"es","potentialAction":[{"@type":"ReadAction","target":["https:\/\/agrupacionespsoe.es\/melilla\/el-psoe-destaca-el-trabajo-de-los-profesionales-que-han-participado-en-el-dispositivo-y-aplaude-la-respuesta-conjunta-de-las-administraciones\/"]}]},{"@type":"ImageObject","inLanguage":"es","@id":"https:\/\/agrupacionespsoe.es\/melilla\/el-psoe-destaca-el-trabajo-de-los-profesionales-que-han-participado-en-el-dispositivo-y-aplaude-la-respuesta-conjunta-de-las-administraciones\/#primaryimage","url":"https:\/\/agrupacionespsoe.es\/melilla\/wp-content\/uploads\/sites\/120\/2026\/08\/JJMartin_3-scaled.jpg","contentUrl":"https:\/\/agrupacionespsoe.es\/melilla\/wp-content\/uploads\/sites\/120\/2026\/08\/JJMartin_3-scaled.jpg","width":2560,"height":1707},{"@type":"BreadcrumbList","@id":"https:\/\/agrupacionespsoe.es\/melilla\/el-psoe-destaca-el-trabajo-de-los-profesionales-que-han-participado-en-el-dispositivo-y-aplaude-la-respuesta-conjunta-de-las-administraciones\/#breadcrumb","itemListElement":[{"@type":"ListItem","position":1,"name":"Portada","item":"https:\/\/agrupacionespsoe.es\/melilla\/"},{"@type":"ListItem","position":2,"name":"El PSOE destaca el trabajo de los profesionales que han participado en el dispositivo y aplaude la respuesta conjunta de las administraciones"}]},{"@type":"WebSite","@id":"https:\/\/agrupacionespsoe.es\/melilla\/#website","url":"https:\/\/agrupacionespsoe.es\/melilla\/","name":"Agrupaci\u00f3n Socialista de Melilla","description":"Agrupaci\u00f3n Socialista de Melilla","publisher":{"@id":"https:\/\/agrupacionespsoe.es\/melilla\/#organization"},"potentialAction":[{"@type":"SearchAction","target":{"@type":"EntryPoint","urlTemplate":"https:\/\/agrupacionespsoe.es\/melilla\/?s={search_term_string}"},"query-input":{"@type":"PropertyValueSpecification","valueRequired":true,"valueName":"search_term_string"}}],"inLanguage":"es"},{"@type":"Organization","@id":"https:\/\/agrupacionespsoe.es\/melilla\/#organization","name":"Agrupaci\u00f3n Socialista de Melilla","url":"https:\/\/agrupacionespsoe.es\/melilla\/","logo":{"@type":"ImageObject","inLanguage":"es","@id":"https:\/\/agrupacionespsoe.es\/melilla\/#\/schema\/logo\/image\/","url":"https:\/\/agrupacionespsoe.es\/wp-content\/uploads\/2022\/07\/Logotipo_electoral_del_PSOE.png","contentUrl":"https:\/\/agrupacionespsoe.es\/wp-content\/uploads\/2022\/07\/Logotipo_electoral_del_PSOE.png","width":422,"height":422,"caption":"Agrupaci\u00f3n Socialista de Melilla"},"image":{"@id":"https:\/\/agrupacionespsoe.es\/melilla\/#\/schema\/logo\/image\/"}},{"@type":"Person","@id":"https:\/\/agrupacionespsoe.es\/melilla\/#\/schema\/person\/72bb3075a827d0ed0623682b96c92bd6","name":"melilla2","image":{"@type":"ImageObject","inLanguage":"es","@id":"https:\/\/agrupacionespsoe.es\/melilla\/#\/schema\/person\/image\/","url":"https:\/\/secure.gravatar.com\/avatar\/489a178e794e59f00db13a448aabca16?s=96&d=mm&r=g","contentUrl":"https:\/\/secure.gravatar.com\/avatar\/489a178e794e59f00db13a448aabca16?s=96&d=mm&r=g","caption":"melilla2"},"url":"https:\/\/agrupacionespsoe.es\/melilla\/author\/melilla2\/"}]}},"jetpack_featured_media_url":"https:\/\/agrupacionespsoe.es\/melilla\/wp-content\/uploads\/sites\/120\/2026\/08\/JJMartin_3-scaled.jpg","jetpack_sharing_enabled":true,"_links":{"self":[{"href":"https:\/\/agrupacionespsoe.es\/melilla\/wp-json\/wp\/v2\/posts\/2968","targetHints":{"allow":["GET"]}}],"collection":[{"href":"https:\/\/agrupacionespsoe.es\/melilla\/wp-json\/wp\/v2\/posts"}],"about":[{"href":"https:\/\/agrupacionespsoe.es\/melilla\/wp-json\/wp\/v2\/types\/post"}],"author":[{"embeddable":true,"href":"https:\/\/agrupacionespsoe.es\/melilla\/wp-json\/wp\/v2\/users\/187"}],"replies":[{"embeddable":true,"href":"https:\/\/agrupacionespsoe.es\/melilla\/wp-json\/wp\/v2\/comments?post=2968"}],"version-history":[{"count":1,"href":"https:\/\/agrupacionespsoe.es\/melilla\/wp-json\/wp\/v2\/posts\/2968\/revisions"}],"predecessor-version":[{"id":2970,"href":"https:\/\/agrupacionespsoe.es\/melilla\/wp-json\/wp\/v2\/posts\/2968\/revisions\/2970"}],"wp:featuredmedia":[{"embeddable":true,"href":"https:\/\/agrupacionespsoe.es\/melilla\/wp-json\/wp\/v2\/media\/2969"}],"wp:attachment":[{"href":"https:\/\/agrupacionespsoe.es\/melilla\/wp-json\/wp\/v2\/media?parent=2968"}],"wp:term":[{"taxonomy":"category","embeddable":true,"href":"https:\/\/agrupacionespsoe.es\/melilla\/wp-json\/wp\/v2\/categories?post=2968"},{"taxonomy":"post_tag","embeddable":true,"href":"https:\/\/agrupacionespsoe.es\/melilla\/wp-json\/wp\/v2\/tags?post=2968"}],"curies":[{"name":"wp","href":"https:\/\/api.w.org\/{rel}","templated":true}]}}