{"id":2965,"date":"2026-07-30T10:43:20","date_gmt":"2026-07-30T10:43:20","guid":{"rendered":"https:\/\/agrupacionespsoe.es\/melilla\/?p=2965"},"modified":"2026-07-30T10:43:21","modified_gmt":"2026-07-30T10:43:21","slug":"juan-jose-martin-es-triste-que-el-tribunal-supremo-haya-tenido-que-recordarle-a-ventura-cuales-son-sus-competencias","status":"publish","type":"post","link":"https:\/\/agrupacionespsoe.es\/melilla\/juan-jose-martin-es-triste-que-el-tribunal-supremo-haya-tenido-que-recordarle-a-ventura-cuales-son-sus-competencias\/","title":{"rendered":"Juan Jos\u00e9 Mart\u00edn: \u201cEs triste que el Tribunal Supremo haya tenido que recordarle a Ventura cu\u00e1les son sus competencias\u201d"},"content":{"rendered":"\n<p><strong>\u201cEs inaudito que Ventura desconozca las competencias de la Consejer\u00eda que dirige\u201d, se\u00f1ala<\/strong><\/p>\n\n\n\n<p><strong>El Secretario de Organizaci\u00f3n del PSOE recuerda que la limpieza ordinaria de los cauces urbanos es responsabilidad de las administraciones locales<\/strong><\/p>\n\n\n\n<p>El Secretario de Organizaci\u00f3n del PSOE de Melilla, Juan Jos\u00e9 Mart\u00edn, ha lamentado que Daniel Ventura vuelva a hablar del cauce del R\u00edo de Oro como si su limpieza ordinaria fuera responsabilidad exclusiva de otras administraciones.<\/p>\n\n\n\n<p>\u201cEs inaudito que quien dirige la Consejer\u00eda de Medio Ambiente y gestiona m\u00e1s de 100 millones de euros al a\u00f1o todav\u00eda necesite que el Tribunal Supremo le explique cu\u00e1les son sus obligaciones\u201d, ha se\u00f1alado.<\/p>\n\n\n\n<p>Mart\u00edn ha recordado que la reciente sentencia 822\/2026 establece que las administraciones locales tienen responsabilidades directas en la retirada ordinaria de residuos de los cauces p\u00fablicos situados en zonas urbanas, por sus competencias en materia de medio ambiente urbano, salubridad y gesti\u00f3n de residuos.<\/p>\n\n\n\n<p>\u201cQuiz\u00e1s antes de convocar una rueda de prensa para advertir de los peligros del R\u00edo de Oro, el se\u00f1or Ventura deber\u00eda haberse informado de qui\u00e9n tiene que limpiarlo. Gobernar empieza por conocer las competencias propias y contin\u00faa cumpli\u00e9ndolas\u201d, ha afirmado.<\/p>\n\n\n\n<p>En palabras del dirigente socialista \u00ablo preocupante no es que Daniel Ventura se equivoque. Lo preocupante es que se equivoque precisamente sobre las competencias de la Consejer\u00eda que dirige desde hace m\u00e1s de tres a\u00f1os\u00bb.<\/p>\n\n\n\n<p>En este sentido, ha criticado que el consejero utilice cada problema para buscar responsables fuera de su departamento. \u201cCuando falta agua, el PP culpa al Gobierno de Espa\u00f1a; cuando las calles est\u00e1n sucias, culpa a los melillenses; y ahora, con el R\u00edo de Oro, vuelve a mirar hacia otro lado\u201d.<\/p>\n\n\n\n<p>\u201cEl se\u00f1or Ventura lo que tiene que hacer es actuar dentro de las competencias que le corresponden y dejar de buscar responsables fuera de su Consejer\u00eda\u201d, ha recalcado.<\/p>\n\n\n\n<p>\u201cLos melillenses no quieren m\u00e1s excusas ni m\u00e1s ruedas de prensa. Quieren responsables p\u00fablicos que asuman su trabajo y quieren un Gobierno que gestione\u201d, ha recalcado. \u201cMenos advertencias y m\u00e1s actuaciones\u201d, ha concluido.<\/p>\n","protected":false},"excerpt":{"rendered":"<p>\u201cEs inaudito que Ventura desconozca las competencias de la Consejer\u00eda que dirige\u201d, se\u00f1ala El Secretario de Organizaci\u00f3n del PSOE recuerda que la limpieza ordinaria de los cauces urbanos es responsabilidad de las administraciones locales El Secretario de Organizaci\u00f3n del PSOE de Melilla, Juan Jos\u00e9 Mart\u00edn, ha lamentado que Daniel Ventura vuelva a hablar del cauce &#8230;<\/p>\n","protected":false},"author":187,"featured_media":2966,"comment_status":"open","ping_status":"open","sticky":false,"template":"","format":"standard","meta":{"_jetpack_memberships_contains_paid_content":false,"footnotes":""},"categories":[7,11],"tags":[],"class_list":["post-2965","post","type-post","status-publish","format-standard","has-post-thumbnail","hentry","category-actualidad","category-medio-ambiente"],"yoast_head":"<!-- This site is optimized with the Yoast SEO plugin v24.0 - https:\/\/yoast.com\/wordpress\/plugins\/seo\/ -->\n<title>Juan Jos\u00e9 Mart\u00edn: \u201cEs triste que el Tribunal Supremo haya tenido que recordarle a Ventura cu\u00e1les son sus competencias\u201d - Agrupaci\u00f3n Socialista de Melilla<\/title>\n<meta name=\"robots\" content=\"index, follow, max-snippet:-1, max-image-preview:large, max-video-preview:-1\" \/>\n<link rel=\"canonical\" href=\"https:\/\/agrupacionespsoe.es\/melilla\/juan-jose-martin-es-triste-que-el-tribunal-supremo-haya-tenido-que-recordarle-a-ventura-cuales-son-sus-competencias\/\" \/>\n<meta property=\"og:locale\" content=\"es_ES\" \/>\n<meta property=\"og:type\" content=\"article\" \/>\n<meta property=\"og:title\" content=\"Juan Jos\u00e9 Mart\u00edn: \u201cEs triste que el Tribunal Supremo haya tenido que recordarle a Ventura cu\u00e1les son sus competencias\u201d - Agrupaci\u00f3n Socialista de Melilla\" \/>\n<meta property=\"og:description\" content=\"\u201cEs inaudito que Ventura desconozca las competencias de la Consejer\u00eda que dirige\u201d, se\u00f1ala El Secretario de Organizaci\u00f3n del PSOE recuerda que la limpieza ordinaria de los cauces urbanos es responsabilidad de las administraciones locales El Secretario de Organizaci\u00f3n del PSOE de Melilla, Juan Jos\u00e9 Mart\u00edn, ha lamentado que Daniel Ventura vuelva a hablar del cauce ...\" \/>\n<meta property=\"og:url\" content=\"https:\/\/agrupacionespsoe.es\/melilla\/juan-jose-martin-es-triste-que-el-tribunal-supremo-haya-tenido-que-recordarle-a-ventura-cuales-son-sus-competencias\/\" \/>\n<meta property=\"og:site_name\" content=\"Agrupaci\u00f3n Socialista de Melilla\" \/>\n<meta property=\"article:published_time\" content=\"2026-07-30T10:43:20+00:00\" \/>\n<meta property=\"article:modified_time\" content=\"2026-07-30T10:43:21+00:00\" \/>\n<meta property=\"og:image\" content=\"https:\/\/agrupacionespsoe.es\/melilla\/wp-content\/uploads\/sites\/120\/2026\/07\/JJMartin_29Julio-scaled.jpg\" \/>\n\t<meta property=\"og:image:width\" content=\"2560\" \/>\n\t<meta property=\"og:image:height\" content=\"1707\" \/>\n\t<meta property=\"og:image:type\" content=\"image\/jpeg\" \/>\n<meta name=\"author\" content=\"melilla2\" \/>\n<meta name=\"twitter:card\" content=\"summary_large_image\" \/>\n<meta name=\"twitter:label1\" content=\"Escrito por\" \/>\n\t<meta name=\"twitter:data1\" content=\"melilla2\" \/>\n\t<meta name=\"twitter:label2\" content=\"Tiempo de lectura\" \/>\n\t<meta name=\"twitter:data2\" content=\"2 minutos\" \/>\n<script type=\"application\/ld+json\" class=\"yoast-schema-graph\">{\"@context\":\"https:\/\/schema.org\",\"@graph\":[{\"@type\":\"Article\",\"@id\":\"https:\/\/agrupacionespsoe.es\/melilla\/juan-jose-martin-es-triste-que-el-tribunal-supremo-haya-tenido-que-recordarle-a-ventura-cuales-son-sus-competencias\/#article\",\"isPartOf\":{\"@id\":\"https:\/\/agrupacionespsoe.es\/melilla\/juan-jose-martin-es-triste-que-el-tribunal-supremo-haya-tenido-que-recordarle-a-ventura-cuales-son-sus-competencias\/\"},\"author\":{\"name\":\"melilla2\",\"@id\":\"https:\/\/agrupacionespsoe.es\/melilla\/#\/schema\/person\/72bb3075a827d0ed0623682b96c92bd6\"},\"headline\":\"Juan Jos\u00e9 Mart\u00edn: \u201cEs triste que el Tribunal Supremo haya tenido que recordarle a Ventura cu\u00e1les son sus competencias\u201d\",\"datePublished\":\"2026-07-30T10:43:20+00:00\",\"dateModified\":\"2026-07-30T10:43:21+00:00\",\"mainEntityOfPage\":{\"@id\":\"https:\/\/agrupacionespsoe.es\/melilla\/juan-jose-martin-es-triste-que-el-tribunal-supremo-haya-tenido-que-recordarle-a-ventura-cuales-son-sus-competencias\/\"},\"wordCount\":387,\"commentCount\":0,\"publisher\":{\"@id\":\"https:\/\/agrupacionespsoe.es\/melilla\/#organization\"},\"image\":{\"@id\":\"https:\/\/agrupacionespsoe.es\/melilla\/juan-jose-martin-es-triste-que-el-tribunal-supremo-haya-tenido-que-recordarle-a-ventura-cuales-son-sus-competencias\/#primaryimage\"},\"thumbnailUrl\":\"https:\/\/agrupacionespsoe.es\/melilla\/wp-content\/uploads\/sites\/120\/2026\/07\/JJMartin_29Julio-scaled.jpg\",\"articleSection\":[\"Actualidad\",\"Medio Ambiente\"],\"inLanguage\":\"es\",\"potentialAction\":[{\"@type\":\"CommentAction\",\"name\":\"Comment\",\"target\":[\"https:\/\/agrupacionespsoe.es\/melilla\/juan-jose-martin-es-triste-que-el-tribunal-supremo-haya-tenido-que-recordarle-a-ventura-cuales-son-sus-competencias\/#respond\"]}]},{\"@type\":\"WebPage\",\"@id\":\"https:\/\/agrupacionespsoe.es\/melilla\/juan-jose-martin-es-triste-que-el-tribunal-supremo-haya-tenido-que-recordarle-a-ventura-cuales-son-sus-competencias\/\",\"url\":\"https:\/\/agrupacionespsoe.es\/melilla\/juan-jose-martin-es-triste-que-el-tribunal-supremo-haya-tenido-que-recordarle-a-ventura-cuales-son-sus-competencias\/\",\"name\":\"Juan Jos\u00e9 Mart\u00edn: \u201cEs triste que el Tribunal Supremo haya tenido que recordarle a Ventura cu\u00e1les son sus competencias\u201d - Agrupaci\u00f3n Socialista de Melilla\",\"isPartOf\":{\"@id\":\"https:\/\/agrupacionespsoe.es\/melilla\/#website\"},\"primaryImageOfPage\":{\"@id\":\"https:\/\/agrupacionespsoe.es\/melilla\/juan-jose-martin-es-triste-que-el-tribunal-supremo-haya-tenido-que-recordarle-a-ventura-cuales-son-sus-competencias\/#primaryimage\"},\"image\":{\"@id\":\"https:\/\/agrupacionespsoe.es\/melilla\/juan-jose-martin-es-triste-que-el-tribunal-supremo-haya-tenido-que-recordarle-a-ventura-cuales-son-sus-competencias\/#primaryimage\"},\"thumbnailUrl\":\"https:\/\/agrupacionespsoe.es\/melilla\/wp-content\/uploads\/sites\/120\/2026\/07\/JJMartin_29Julio-scaled.jpg\",\"datePublished\":\"2026-07-30T10:43:20+00:00\",\"dateModified\":\"2026-07-30T10:43:21+00:00\",\"breadcrumb\":{\"@id\":\"https:\/\/agrupacionespsoe.es\/melilla\/juan-jose-martin-es-triste-que-el-tribunal-supremo-haya-tenido-que-recordarle-a-ventura-cuales-son-sus-competencias\/#breadcrumb\"},\"inLanguage\":\"es\",\"potentialAction\":[{\"@type\":\"ReadAction\",\"target\":[\"https:\/\/agrupacionespsoe.es\/melilla\/juan-jose-martin-es-triste-que-el-tribunal-supremo-haya-tenido-que-recordarle-a-ventura-cuales-son-sus-competencias\/\"]}]},{\"@type\":\"ImageObject\",\"inLanguage\":\"es\",\"@id\":\"https:\/\/agrupacionespsoe.es\/melilla\/juan-jose-martin-es-triste-que-el-tribunal-supremo-haya-tenido-que-recordarle-a-ventura-cuales-son-sus-competencias\/#primaryimage\",\"url\":\"https:\/\/agrupacionespsoe.es\/melilla\/wp-content\/uploads\/sites\/120\/2026\/07\/JJMartin_29Julio-scaled.jpg\",\"contentUrl\":\"https:\/\/agrupacionespsoe.es\/melilla\/wp-content\/uploads\/sites\/120\/2026\/07\/JJMartin_29Julio-scaled.jpg\",\"width\":2560,\"height\":1707},{\"@type\":\"BreadcrumbList\",\"@id\":\"https:\/\/agrupacionespsoe.es\/melilla\/juan-jose-martin-es-triste-que-el-tribunal-supremo-haya-tenido-que-recordarle-a-ventura-cuales-son-sus-competencias\/#breadcrumb\",\"itemListElement\":[{\"@type\":\"ListItem\",\"position\":1,\"name\":\"Portada\",\"item\":\"https:\/\/agrupacionespsoe.es\/melilla\/\"},{\"@type\":\"ListItem\",\"position\":2,\"name\":\"Juan Jos\u00e9 Mart\u00edn: \u201cEs triste que el Tribunal Supremo haya tenido que recordarle a Ventura cu\u00e1les son sus competencias\u201d\"}]},{\"@type\":\"WebSite\",\"@id\":\"https:\/\/agrupacionespsoe.es\/melilla\/#website\",\"url\":\"https:\/\/agrupacionespsoe.es\/melilla\/\",\"name\":\"Agrupaci\u00f3n Socialista de Melilla\",\"description\":\"Agrupaci\u00f3n Socialista de Melilla\",\"publisher\":{\"@id\":\"https:\/\/agrupacionespsoe.es\/melilla\/#organization\"},\"potentialAction\":[{\"@type\":\"SearchAction\",\"target\":{\"@type\":\"EntryPoint\",\"urlTemplate\":\"https:\/\/agrupacionespsoe.es\/melilla\/?s={search_term_string}\"},\"query-input\":{\"@type\":\"PropertyValueSpecification\",\"valueRequired\":true,\"valueName\":\"search_term_string\"}}],\"inLanguage\":\"es\"},{\"@type\":\"Organization\",\"@id\":\"https:\/\/agrupacionespsoe.es\/melilla\/#organization\",\"name\":\"Agrupaci\u00f3n Socialista de Melilla\",\"url\":\"https:\/\/agrupacionespsoe.es\/melilla\/\",\"logo\":{\"@type\":\"ImageObject\",\"inLanguage\":\"es\",\"@id\":\"https:\/\/agrupacionespsoe.es\/melilla\/#\/schema\/logo\/image\/\",\"url\":\"https:\/\/agrupacionespsoe.es\/wp-content\/uploads\/2022\/07\/Logotipo_electoral_del_PSOE.png\",\"contentUrl\":\"https:\/\/agrupacionespsoe.es\/wp-content\/uploads\/2022\/07\/Logotipo_electoral_del_PSOE.png\",\"width\":422,\"height\":422,\"caption\":\"Agrupaci\u00f3n Socialista de Melilla\"},\"image\":{\"@id\":\"https:\/\/agrupacionespsoe.es\/melilla\/#\/schema\/logo\/image\/\"}},{\"@type\":\"Person\",\"@id\":\"https:\/\/agrupacionespsoe.es\/melilla\/#\/schema\/person\/72bb3075a827d0ed0623682b96c92bd6\",\"name\":\"melilla2\",\"image\":{\"@type\":\"ImageObject\",\"inLanguage\":\"es\",\"@id\":\"https:\/\/agrupacionespsoe.es\/melilla\/#\/schema\/person\/image\/\",\"url\":\"https:\/\/secure.gravatar.com\/avatar\/489a178e794e59f00db13a448aabca16?s=96&d=mm&r=g\",\"contentUrl\":\"https:\/\/secure.gravatar.com\/avatar\/489a178e794e59f00db13a448aabca16?s=96&d=mm&r=g\",\"caption\":\"melilla2\"},\"url\":\"https:\/\/agrupacionespsoe.es\/melilla\/author\/melilla2\/\"}]}<\/script>\n<!-- \/ Yoast SEO plugin. -->","yoast_head_json":{"title":"Juan Jos\u00e9 Mart\u00edn: \u201cEs triste que el Tribunal Supremo haya tenido que recordarle a Ventura cu\u00e1les son sus competencias\u201d - Agrupaci\u00f3n Socialista de Melilla","robots":{"index":"index","follow":"follow","max-snippet":"max-snippet:-1","max-image-preview":"max-image-preview:large","max-video-preview":"max-video-preview:-1"},"canonical":"https:\/\/agrupacionespsoe.es\/melilla\/juan-jose-martin-es-triste-que-el-tribunal-supremo-haya-tenido-que-recordarle-a-ventura-cuales-son-sus-competencias\/","og_locale":"es_ES","og_type":"article","og_title":"Juan Jos\u00e9 Mart\u00edn: \u201cEs triste que el Tribunal Supremo haya tenido que recordarle a Ventura cu\u00e1les son sus competencias\u201d - Agrupaci\u00f3n Socialista de Melilla","og_description":"\u201cEs inaudito que Ventura desconozca las competencias de la Consejer\u00eda que dirige\u201d, se\u00f1ala El Secretario de Organizaci\u00f3n del PSOE recuerda que la limpieza ordinaria de los cauces urbanos es responsabilidad de las administraciones locales El Secretario de Organizaci\u00f3n del PSOE de Melilla, Juan Jos\u00e9 Mart\u00edn, ha lamentado que Daniel Ventura vuelva a hablar del cauce ...","og_url":"https:\/\/agrupacionespsoe.es\/melilla\/juan-jose-martin-es-triste-que-el-tribunal-supremo-haya-tenido-que-recordarle-a-ventura-cuales-son-sus-competencias\/","og_site_name":"Agrupaci\u00f3n Socialista de Melilla","article_published_time":"2026-07-30T10:43:20+00:00","article_modified_time":"2026-07-30T10:43:21+00:00","og_image":[{"width":2560,"height":1707,"url":"https:\/\/agrupacionespsoe.es\/melilla\/wp-content\/uploads\/sites\/120\/2026\/07\/JJMartin_29Julio-scaled.jpg","type":"image\/jpeg"}],"author":"melilla2","twitter_card":"summary_large_image","twitter_misc":{"Escrito por":"melilla2","Tiempo de lectura":"2 minutos"},"schema":{"@context":"https:\/\/schema.org","@graph":[{"@type":"Article","@id":"https:\/\/agrupacionespsoe.es\/melilla\/juan-jose-martin-es-triste-que-el-tribunal-supremo-haya-tenido-que-recordarle-a-ventura-cuales-son-sus-competencias\/#article","isPartOf":{"@id":"https:\/\/agrupacionespsoe.es\/melilla\/juan-jose-martin-es-triste-que-el-tribunal-supremo-haya-tenido-que-recordarle-a-ventura-cuales-son-sus-competencias\/"},"author":{"name":"melilla2","@id":"https:\/\/agrupacionespsoe.es\/melilla\/#\/schema\/person\/72bb3075a827d0ed0623682b96c92bd6"},"headline":"Juan Jos\u00e9 Mart\u00edn: \u201cEs triste que el Tribunal Supremo haya tenido que recordarle a Ventura cu\u00e1les son sus competencias\u201d","datePublished":"2026-07-30T10:43:20+00:00","dateModified":"2026-07-30T10:43:21+00:00","mainEntityOfPage":{"@id":"https:\/\/agrupacionespsoe.es\/melilla\/juan-jose-martin-es-triste-que-el-tribunal-supremo-haya-tenido-que-recordarle-a-ventura-cuales-son-sus-competencias\/"},"wordCount":387,"commentCount":0,"publisher":{"@id":"https:\/\/agrupacionespsoe.es\/melilla\/#organization"},"image":{"@id":"https:\/\/agrupacionespsoe.es\/melilla\/juan-jose-martin-es-triste-que-el-tribunal-supremo-haya-tenido-que-recordarle-a-ventura-cuales-son-sus-competencias\/#primaryimage"},"thumbnailUrl":"https:\/\/agrupacionespsoe.es\/melilla\/wp-content\/uploads\/sites\/120\/2026\/07\/JJMartin_29Julio-scaled.jpg","articleSection":["Actualidad","Medio Ambiente"],"inLanguage":"es","potentialAction":[{"@type":"CommentAction","name":"Comment","target":["https:\/\/agrupacionespsoe.es\/melilla\/juan-jose-martin-es-triste-que-el-tribunal-supremo-haya-tenido-que-recordarle-a-ventura-cuales-son-sus-competencias\/#respond"]}]},{"@type":"WebPage","@id":"https:\/\/agrupacionespsoe.es\/melilla\/juan-jose-martin-es-triste-que-el-tribunal-supremo-haya-tenido-que-recordarle-a-ventura-cuales-son-sus-competencias\/","url":"https:\/\/agrupacionespsoe.es\/melilla\/juan-jose-martin-es-triste-que-el-tribunal-supremo-haya-tenido-que-recordarle-a-ventura-cuales-son-sus-competencias\/","name":"Juan Jos\u00e9 Mart\u00edn: \u201cEs triste que el Tribunal Supremo haya tenido que recordarle a Ventura cu\u00e1les son sus competencias\u201d - Agrupaci\u00f3n Socialista de Melilla","isPartOf":{"@id":"https:\/\/agrupacionespsoe.es\/melilla\/#website"},"primaryImageOfPage":{"@id":"https:\/\/agrupacionespsoe.es\/melilla\/juan-jose-martin-es-triste-que-el-tribunal-supremo-haya-tenido-que-recordarle-a-ventura-cuales-son-sus-competencias\/#primaryimage"},"image":{"@id":"https:\/\/agrupacionespsoe.es\/melilla\/juan-jose-martin-es-triste-que-el-tribunal-supremo-haya-tenido-que-recordarle-a-ventura-cuales-son-sus-competencias\/#primaryimage"},"thumbnailUrl":"https:\/\/agrupacionespsoe.es\/melilla\/wp-content\/uploads\/sites\/120\/2026\/07\/JJMartin_29Julio-scaled.jpg","datePublished":"2026-07-30T10:43:20+00:00","dateModified":"2026-07-30T10:43:21+00:00","breadcrumb":{"@id":"https:\/\/agrupacionespsoe.es\/melilla\/juan-jose-martin-es-triste-que-el-tribunal-supremo-haya-tenido-que-recordarle-a-ventura-cuales-son-sus-competencias\/#breadcrumb"},"inLanguage":"es","potentialAction":[{"@type":"ReadAction","target":["https:\/\/agrupacionespsoe.es\/melilla\/juan-jose-martin-es-triste-que-el-tribunal-supremo-haya-tenido-que-recordarle-a-ventura-cuales-son-sus-competencias\/"]}]},{"@type":"ImageObject","inLanguage":"es","@id":"https:\/\/agrupacionespsoe.es\/melilla\/juan-jose-martin-es-triste-que-el-tribunal-supremo-haya-tenido-que-recordarle-a-ventura-cuales-son-sus-competencias\/#primaryimage","url":"https:\/\/agrupacionespsoe.es\/melilla\/wp-content\/uploads\/sites\/120\/2026\/07\/JJMartin_29Julio-scaled.jpg","contentUrl":"https:\/\/agrupacionespsoe.es\/melilla\/wp-content\/uploads\/sites\/120\/2026\/07\/JJMartin_29Julio-scaled.jpg","width":2560,"height":1707},{"@type":"BreadcrumbList","@id":"https:\/\/agrupacionespsoe.es\/melilla\/juan-jose-martin-es-triste-que-el-tribunal-supremo-haya-tenido-que-recordarle-a-ventura-cuales-son-sus-competencias\/#breadcrumb","itemListElement":[{"@type":"ListItem","position":1,"name":"Portada","item":"https:\/\/agrupacionespsoe.es\/melilla\/"},{"@type":"ListItem","position":2,"name":"Juan Jos\u00e9 Mart\u00edn: \u201cEs triste que el Tribunal Supremo haya tenido que recordarle a Ventura cu\u00e1les son sus competencias\u201d"}]},{"@type":"WebSite","@id":"https:\/\/agrupacionespsoe.es\/melilla\/#website","url":"https:\/\/agrupacionespsoe.es\/melilla\/","name":"Agrupaci\u00f3n Socialista de Melilla","description":"Agrupaci\u00f3n Socialista de Melilla","publisher":{"@id":"https:\/\/agrupacionespsoe.es\/melilla\/#organization"},"potentialAction":[{"@type":"SearchAction","target":{"@type":"EntryPoint","urlTemplate":"https:\/\/agrupacionespsoe.es\/melilla\/?s={search_term_string}"},"query-input":{"@type":"PropertyValueSpecification","valueRequired":true,"valueName":"search_term_string"}}],"inLanguage":"es"},{"@type":"Organization","@id":"https:\/\/agrupacionespsoe.es\/melilla\/#organization","name":"Agrupaci\u00f3n Socialista de Melilla","url":"https:\/\/agrupacionespsoe.es\/melilla\/","logo":{"@type":"ImageObject","inLanguage":"es","@id":"https:\/\/agrupacionespsoe.es\/melilla\/#\/schema\/logo\/image\/","url":"https:\/\/agrupacionespsoe.es\/wp-content\/uploads\/2022\/07\/Logotipo_electoral_del_PSOE.png","contentUrl":"https:\/\/agrupacionespsoe.es\/wp-content\/uploads\/2022\/07\/Logotipo_electoral_del_PSOE.png","width":422,"height":422,"caption":"Agrupaci\u00f3n Socialista de Melilla"},"image":{"@id":"https:\/\/agrupacionespsoe.es\/melilla\/#\/schema\/logo\/image\/"}},{"@type":"Person","@id":"https:\/\/agrupacionespsoe.es\/melilla\/#\/schema\/person\/72bb3075a827d0ed0623682b96c92bd6","name":"melilla2","image":{"@type":"ImageObject","inLanguage":"es","@id":"https:\/\/agrupacionespsoe.es\/melilla\/#\/schema\/person\/image\/","url":"https:\/\/secure.gravatar.com\/avatar\/489a178e794e59f00db13a448aabca16?s=96&d=mm&r=g","contentUrl":"https:\/\/secure.gravatar.com\/avatar\/489a178e794e59f00db13a448aabca16?s=96&d=mm&r=g","caption":"melilla2"},"url":"https:\/\/agrupacionespsoe.es\/melilla\/author\/melilla2\/"}]}},"jetpack_featured_media_url":"https:\/\/agrupacionespsoe.es\/melilla\/wp-content\/uploads\/sites\/120\/2026\/07\/JJMartin_29Julio-scaled.jpg","jetpack_sharing_enabled":true,"_links":{"self":[{"href":"https:\/\/agrupacionespsoe.es\/melilla\/wp-json\/wp\/v2\/posts\/2965","targetHints":{"allow":["GET"]}}],"collection":[{"href":"https:\/\/agrupacionespsoe.es\/melilla\/wp-json\/wp\/v2\/posts"}],"about":[{"href":"https:\/\/agrupacionespsoe.es\/melilla\/wp-json\/wp\/v2\/types\/post"}],"author":[{"embeddable":true,"href":"https:\/\/agrupacionespsoe.es\/melilla\/wp-json\/wp\/v2\/users\/187"}],"replies":[{"embeddable":true,"href":"https:\/\/agrupacionespsoe.es\/melilla\/wp-json\/wp\/v2\/comments?post=2965"}],"version-history":[{"count":1,"href":"https:\/\/agrupacionespsoe.es\/melilla\/wp-json\/wp\/v2\/posts\/2965\/revisions"}],"predecessor-version":[{"id":2967,"href":"https:\/\/agrupacionespsoe.es\/melilla\/wp-json\/wp\/v2\/posts\/2965\/revisions\/2967"}],"wp:featuredmedia":[{"embeddable":true,"href":"https:\/\/agrupacionespsoe.es\/melilla\/wp-json\/wp\/v2\/media\/2966"}],"wp:attachment":[{"href":"https:\/\/agrupacionespsoe.es\/melilla\/wp-json\/wp\/v2\/media?parent=2965"}],"wp:term":[{"taxonomy":"category","embeddable":true,"href":"https:\/\/agrupacionespsoe.es\/melilla\/wp-json\/wp\/v2\/categories?post=2965"},{"taxonomy":"post_tag","embeddable":true,"href":"https:\/\/agrupacionespsoe.es\/melilla\/wp-json\/wp\/v2\/tags?post=2965"}],"curies":[{"name":"wp","href":"https:\/\/api.w.org\/{rel}","templated":true}]}}