{"id":2958,"date":"2026-07-28T10:26:32","date_gmt":"2026-07-28T10:26:32","guid":{"rendered":"https:\/\/agrupacionespsoe.es\/melilla\/?p=2958"},"modified":"2026-07-28T10:26:33","modified_gmt":"2026-07-28T10:26:33","slug":"riduan-moh-quien-tiene-a-melilla-sin-agua-y-con-las-calles-mas-sucias-no-esta-para-exigir-dimisiones","status":"publish","type":"post","link":"https:\/\/agrupacionespsoe.es\/melilla\/riduan-moh-quien-tiene-a-melilla-sin-agua-y-con-las-calles-mas-sucias-no-esta-para-exigir-dimisiones\/","title":{"rendered":"Riduan Moh: \u201cQuien tiene a Melilla sin agua y con las calles m\u00e1s sucias no est\u00e1 para exigir dimisiones\u201d"},"content":{"rendered":"\n<p><strong>El portavoz socialista acusa a Daniel Ventura de utilizar los insultos y las cortinas de humo para ocultar el fracaso de su gesti\u00f3n al frente de Medio Ambiente<\/strong><\/p>\n\n\n\n<p><strong>\u201cSi dice que no tiene competencias, lo primero que deber\u00eda explicar es qu\u00e9 hace con una Consejer\u00eda de m\u00e1s de 100 millones de euros al a\u00f1o\u201d, recalca<\/strong><strong><\/strong><\/p>\n\n\n\n<p>El portavoz del Grupo Socialista en la Asamblea, Riduan Moh, ha asegurado que Daniel Ventura \u201cno est\u00e1 en condiciones de exigir dimisiones cuando lleva m\u00e1s de tres a\u00f1os sin resolver los problemas m\u00e1s b\u00e1sicos que dependen de su Consejer\u00eda\u201d.<\/p>\n\n\n\n<p>\u00abQuien tiene a Melilla sufriendo m\u00e1s cortes de agua que nunca, con las calles m\u00e1s sucias y unos servicios p\u00fablicos cada vez m\u00e1s deteriorados no est\u00e1 para pedir dimisiones, sino para dar explicaciones\u00bb, ha afirmado.<\/p>\n\n\n\n<p>Moh ha denunciado la contradicci\u00f3n permanente del consejero de Medio Ambiente. \u00abSeg\u00fan el se\u00f1or Ventura, todos los problemas son culpa de la Delegaci\u00f3n del Gobierno o del Gobierno de Espa\u00f1a. Entonces, \u00bfpara qu\u00e9 dirige una Consejer\u00eda que gestiona m\u00e1s de 100 millones de euros al a\u00f1o? \u00bfQu\u00e9 hace con ese presupuesto si resulta que nunca tiene competencias?\u00bb.<\/p>\n\n\n\n<p>\u00abLos recursos los tiene. Las competencias tambi\u00e9n. Lo que falta es gesti\u00f3n\u00bb, ha sentenciado.<\/p>\n\n\n\n<p>El dirigente socialista ha recordado que el balance de Ventura al frente de Medio Ambiente \u00abes desolador\u00bb. \u00abSi eliminamos los insultos, las descalificaciones y las ruedas de prensa contra la Delegaci\u00f3n del Gobierno, queda muy poco que ense\u00f1ar: m\u00e1s problemas de agua, m\u00e1s suciedad y una ciudad cansada de excusas\u00bb.<\/p>\n\n\n\n<p>Adem\u00e1s, ha reprochado al Consejero sus continuas salidas de tono. \u00abEn lugar de explicar por qu\u00e9 los problemas se agravan, hemos visto a Ventura amenazar a trabajadores en redes sociales, culpar a los melillenses de la falta de limpieza o seguir sin aclarar la contrataci\u00f3n de los informadores medioambientales. En cualquier gobierno que se tomara en serio la gesti\u00f3n, eso habr\u00eda tenido consecuencias pol\u00edticas.\u00bb<\/p>\n\n\n\n<p>\u00abDaniel Ventura deber\u00eda dedicar menos tiempo a buscar culpables y m\u00e1s a hacer aquello para lo que cobra un sueldo p\u00fablico: gestionar. Porque los melillenses no quieren m\u00e1s ruido. Quieren abrir el grifo y que salga agua, calles limpias y un Gobierno que asuma su responsabilidad\u00bb, ha dejado claro.<\/p>\n\n\n\n<p>Llegados a este punto, el portavoz ha dejado claro que Ventura \u201cha perdido toda la legitimidad para continuar al frente de la Consejer\u00eda de Medio Ambiente\u201d. \u201cSi el se\u00f1or Ventura no asume responsabilidades, quien debe hacerlo es el presidente Imbroda\u201d, ha insistido.<\/p>\n\n\n\n<p>\u201cMantener a Daniel Ventura al frente de Medio Ambiente es asumir como normal que Melilla siga acumulando problemas sin que nadie responda por ellos. El presidente Imbroda debe decidir si quiere seguir respaldando esa forma de gestionar o empezar a exigir responsabilidades dentro de su propio Gobierno\u201d, ha concluido Moh.<\/p>\n","protected":false},"excerpt":{"rendered":"<p>El portavoz socialista acusa a Daniel Ventura de utilizar los insultos y las cortinas de humo para ocultar el fracaso de su gesti\u00f3n al frente de Medio Ambiente \u201cSi dice que no tiene competencias, lo primero que deber\u00eda explicar es qu\u00e9 hace con una Consejer\u00eda de m\u00e1s de 100 millones de euros al a\u00f1o\u201d, recalca &#8230;<\/p>\n","protected":false},"author":187,"featured_media":2959,"comment_status":"open","ping_status":"open","sticky":false,"template":"","format":"standard","meta":{"_jetpack_memberships_contains_paid_content":false,"footnotes":""},"categories":[7],"tags":[],"class_list":["post-2958","post","type-post","status-publish","format-standard","has-post-thumbnail","hentry","category-actualidad"],"yoast_head":"<!-- This site is optimized with the Yoast SEO plugin v24.0 - https:\/\/yoast.com\/wordpress\/plugins\/seo\/ -->\n<title>Riduan Moh: \u201cQuien tiene a Melilla sin agua y con las calles m\u00e1s sucias no est\u00e1 para exigir dimisiones\u201d - Agrupaci\u00f3n Socialista de Melilla<\/title>\n<meta name=\"robots\" content=\"index, follow, max-snippet:-1, max-image-preview:large, max-video-preview:-1\" \/>\n<link rel=\"canonical\" href=\"https:\/\/agrupacionespsoe.es\/melilla\/riduan-moh-quien-tiene-a-melilla-sin-agua-y-con-las-calles-mas-sucias-no-esta-para-exigir-dimisiones\/\" \/>\n<meta property=\"og:locale\" content=\"es_ES\" \/>\n<meta property=\"og:type\" content=\"article\" \/>\n<meta property=\"og:title\" content=\"Riduan Moh: \u201cQuien tiene a Melilla sin agua y con las calles m\u00e1s sucias no est\u00e1 para exigir dimisiones\u201d - Agrupaci\u00f3n Socialista de Melilla\" \/>\n<meta property=\"og:description\" content=\"El portavoz socialista acusa a Daniel Ventura de utilizar los insultos y las cortinas de humo para ocultar el fracaso de su gesti\u00f3n al frente de Medio Ambiente \u201cSi dice que no tiene competencias, lo primero que deber\u00eda explicar es qu\u00e9 hace con una Consejer\u00eda de m\u00e1s de 100 millones de euros al a\u00f1o\u201d, recalca ...\" \/>\n<meta property=\"og:url\" content=\"https:\/\/agrupacionespsoe.es\/melilla\/riduan-moh-quien-tiene-a-melilla-sin-agua-y-con-las-calles-mas-sucias-no-esta-para-exigir-dimisiones\/\" \/>\n<meta property=\"og:site_name\" content=\"Agrupaci\u00f3n Socialista de Melilla\" \/>\n<meta property=\"article:published_time\" content=\"2026-07-28T10:26:32+00:00\" \/>\n<meta property=\"article:modified_time\" content=\"2026-07-28T10:26:33+00:00\" \/>\n<meta property=\"og:image\" content=\"https:\/\/agrupacionespsoe.es\/melilla\/wp-content\/uploads\/sites\/120\/2026\/07\/RMoh_28Julio2026-scaled.jpg\" \/>\n\t<meta property=\"og:image:width\" content=\"2560\" \/>\n\t<meta property=\"og:image:height\" content=\"1707\" \/>\n\t<meta property=\"og:image:type\" content=\"image\/jpeg\" \/>\n<meta name=\"author\" content=\"melilla2\" \/>\n<meta name=\"twitter:card\" content=\"summary_large_image\" \/>\n<meta name=\"twitter:label1\" content=\"Escrito por\" \/>\n\t<meta name=\"twitter:data1\" content=\"melilla2\" \/>\n\t<meta name=\"twitter:label2\" content=\"Tiempo de lectura\" \/>\n\t<meta name=\"twitter:data2\" content=\"3 minutos\" \/>\n<script type=\"application\/ld+json\" class=\"yoast-schema-graph\">{\"@context\":\"https:\/\/schema.org\",\"@graph\":[{\"@type\":\"Article\",\"@id\":\"https:\/\/agrupacionespsoe.es\/melilla\/riduan-moh-quien-tiene-a-melilla-sin-agua-y-con-las-calles-mas-sucias-no-esta-para-exigir-dimisiones\/#article\",\"isPartOf\":{\"@id\":\"https:\/\/agrupacionespsoe.es\/melilla\/riduan-moh-quien-tiene-a-melilla-sin-agua-y-con-las-calles-mas-sucias-no-esta-para-exigir-dimisiones\/\"},\"author\":{\"name\":\"melilla2\",\"@id\":\"https:\/\/agrupacionespsoe.es\/melilla\/#\/schema\/person\/72bb3075a827d0ed0623682b96c92bd6\"},\"headline\":\"Riduan Moh: \u201cQuien tiene a Melilla sin agua y con las calles m\u00e1s sucias no est\u00e1 para exigir dimisiones\u201d\",\"datePublished\":\"2026-07-28T10:26:32+00:00\",\"dateModified\":\"2026-07-28T10:26:33+00:00\",\"mainEntityOfPage\":{\"@id\":\"https:\/\/agrupacionespsoe.es\/melilla\/riduan-moh-quien-tiene-a-melilla-sin-agua-y-con-las-calles-mas-sucias-no-esta-para-exigir-dimisiones\/\"},\"wordCount\":512,\"commentCount\":0,\"publisher\":{\"@id\":\"https:\/\/agrupacionespsoe.es\/melilla\/#organization\"},\"image\":{\"@id\":\"https:\/\/agrupacionespsoe.es\/melilla\/riduan-moh-quien-tiene-a-melilla-sin-agua-y-con-las-calles-mas-sucias-no-esta-para-exigir-dimisiones\/#primaryimage\"},\"thumbnailUrl\":\"https:\/\/agrupacionespsoe.es\/melilla\/wp-content\/uploads\/sites\/120\/2026\/07\/RMoh_28Julio2026-scaled.jpg\",\"articleSection\":[\"Actualidad\"],\"inLanguage\":\"es\",\"potentialAction\":[{\"@type\":\"CommentAction\",\"name\":\"Comment\",\"target\":[\"https:\/\/agrupacionespsoe.es\/melilla\/riduan-moh-quien-tiene-a-melilla-sin-agua-y-con-las-calles-mas-sucias-no-esta-para-exigir-dimisiones\/#respond\"]}]},{\"@type\":\"WebPage\",\"@id\":\"https:\/\/agrupacionespsoe.es\/melilla\/riduan-moh-quien-tiene-a-melilla-sin-agua-y-con-las-calles-mas-sucias-no-esta-para-exigir-dimisiones\/\",\"url\":\"https:\/\/agrupacionespsoe.es\/melilla\/riduan-moh-quien-tiene-a-melilla-sin-agua-y-con-las-calles-mas-sucias-no-esta-para-exigir-dimisiones\/\",\"name\":\"Riduan Moh: \u201cQuien tiene a Melilla sin agua y con las calles m\u00e1s sucias no est\u00e1 para exigir dimisiones\u201d - Agrupaci\u00f3n Socialista de Melilla\",\"isPartOf\":{\"@id\":\"https:\/\/agrupacionespsoe.es\/melilla\/#website\"},\"primaryImageOfPage\":{\"@id\":\"https:\/\/agrupacionespsoe.es\/melilla\/riduan-moh-quien-tiene-a-melilla-sin-agua-y-con-las-calles-mas-sucias-no-esta-para-exigir-dimisiones\/#primaryimage\"},\"image\":{\"@id\":\"https:\/\/agrupacionespsoe.es\/melilla\/riduan-moh-quien-tiene-a-melilla-sin-agua-y-con-las-calles-mas-sucias-no-esta-para-exigir-dimisiones\/#primaryimage\"},\"thumbnailUrl\":\"https:\/\/agrupacionespsoe.es\/melilla\/wp-content\/uploads\/sites\/120\/2026\/07\/RMoh_28Julio2026-scaled.jpg\",\"datePublished\":\"2026-07-28T10:26:32+00:00\",\"dateModified\":\"2026-07-28T10:26:33+00:00\",\"breadcrumb\":{\"@id\":\"https:\/\/agrupacionespsoe.es\/melilla\/riduan-moh-quien-tiene-a-melilla-sin-agua-y-con-las-calles-mas-sucias-no-esta-para-exigir-dimisiones\/#breadcrumb\"},\"inLanguage\":\"es\",\"potentialAction\":[{\"@type\":\"ReadAction\",\"target\":[\"https:\/\/agrupacionespsoe.es\/melilla\/riduan-moh-quien-tiene-a-melilla-sin-agua-y-con-las-calles-mas-sucias-no-esta-para-exigir-dimisiones\/\"]}]},{\"@type\":\"ImageObject\",\"inLanguage\":\"es\",\"@id\":\"https:\/\/agrupacionespsoe.es\/melilla\/riduan-moh-quien-tiene-a-melilla-sin-agua-y-con-las-calles-mas-sucias-no-esta-para-exigir-dimisiones\/#primaryimage\",\"url\":\"https:\/\/agrupacionespsoe.es\/melilla\/wp-content\/uploads\/sites\/120\/2026\/07\/RMoh_28Julio2026-scaled.jpg\",\"contentUrl\":\"https:\/\/agrupacionespsoe.es\/melilla\/wp-content\/uploads\/sites\/120\/2026\/07\/RMoh_28Julio2026-scaled.jpg\",\"width\":2560,\"height\":1707},{\"@type\":\"BreadcrumbList\",\"@id\":\"https:\/\/agrupacionespsoe.es\/melilla\/riduan-moh-quien-tiene-a-melilla-sin-agua-y-con-las-calles-mas-sucias-no-esta-para-exigir-dimisiones\/#breadcrumb\",\"itemListElement\":[{\"@type\":\"ListItem\",\"position\":1,\"name\":\"Portada\",\"item\":\"https:\/\/agrupacionespsoe.es\/melilla\/\"},{\"@type\":\"ListItem\",\"position\":2,\"name\":\"Riduan Moh: \u201cQuien tiene a Melilla sin agua y con las calles m\u00e1s sucias no est\u00e1 para exigir dimisiones\u201d\"}]},{\"@type\":\"WebSite\",\"@id\":\"https:\/\/agrupacionespsoe.es\/melilla\/#website\",\"url\":\"https:\/\/agrupacionespsoe.es\/melilla\/\",\"name\":\"Agrupaci\u00f3n Socialista de Melilla\",\"description\":\"Agrupaci\u00f3n Socialista de Melilla\",\"publisher\":{\"@id\":\"https:\/\/agrupacionespsoe.es\/melilla\/#organization\"},\"potentialAction\":[{\"@type\":\"SearchAction\",\"target\":{\"@type\":\"EntryPoint\",\"urlTemplate\":\"https:\/\/agrupacionespsoe.es\/melilla\/?s={search_term_string}\"},\"query-input\":{\"@type\":\"PropertyValueSpecification\",\"valueRequired\":true,\"valueName\":\"search_term_string\"}}],\"inLanguage\":\"es\"},{\"@type\":\"Organization\",\"@id\":\"https:\/\/agrupacionespsoe.es\/melilla\/#organization\",\"name\":\"Agrupaci\u00f3n Socialista de Melilla\",\"url\":\"https:\/\/agrupacionespsoe.es\/melilla\/\",\"logo\":{\"@type\":\"ImageObject\",\"inLanguage\":\"es\",\"@id\":\"https:\/\/agrupacionespsoe.es\/melilla\/#\/schema\/logo\/image\/\",\"url\":\"https:\/\/agrupacionespsoe.es\/wp-content\/uploads\/2022\/07\/Logotipo_electoral_del_PSOE.png\",\"contentUrl\":\"https:\/\/agrupacionespsoe.es\/wp-content\/uploads\/2022\/07\/Logotipo_electoral_del_PSOE.png\",\"width\":422,\"height\":422,\"caption\":\"Agrupaci\u00f3n Socialista de Melilla\"},\"image\":{\"@id\":\"https:\/\/agrupacionespsoe.es\/melilla\/#\/schema\/logo\/image\/\"}},{\"@type\":\"Person\",\"@id\":\"https:\/\/agrupacionespsoe.es\/melilla\/#\/schema\/person\/72bb3075a827d0ed0623682b96c92bd6\",\"name\":\"melilla2\",\"image\":{\"@type\":\"ImageObject\",\"inLanguage\":\"es\",\"@id\":\"https:\/\/agrupacionespsoe.es\/melilla\/#\/schema\/person\/image\/\",\"url\":\"https:\/\/secure.gravatar.com\/avatar\/489a178e794e59f00db13a448aabca16?s=96&d=mm&r=g\",\"contentUrl\":\"https:\/\/secure.gravatar.com\/avatar\/489a178e794e59f00db13a448aabca16?s=96&d=mm&r=g\",\"caption\":\"melilla2\"},\"url\":\"https:\/\/agrupacionespsoe.es\/melilla\/author\/melilla2\/\"}]}<\/script>\n<!-- \/ Yoast SEO plugin. -->","yoast_head_json":{"title":"Riduan Moh: \u201cQuien tiene a Melilla sin agua y con las calles m\u00e1s sucias no est\u00e1 para exigir dimisiones\u201d - Agrupaci\u00f3n Socialista de Melilla","robots":{"index":"index","follow":"follow","max-snippet":"max-snippet:-1","max-image-preview":"max-image-preview:large","max-video-preview":"max-video-preview:-1"},"canonical":"https:\/\/agrupacionespsoe.es\/melilla\/riduan-moh-quien-tiene-a-melilla-sin-agua-y-con-las-calles-mas-sucias-no-esta-para-exigir-dimisiones\/","og_locale":"es_ES","og_type":"article","og_title":"Riduan Moh: \u201cQuien tiene a Melilla sin agua y con las calles m\u00e1s sucias no est\u00e1 para exigir dimisiones\u201d - Agrupaci\u00f3n Socialista de Melilla","og_description":"El portavoz socialista acusa a Daniel Ventura de utilizar los insultos y las cortinas de humo para ocultar el fracaso de su gesti\u00f3n al frente de Medio Ambiente \u201cSi dice que no tiene competencias, lo primero que deber\u00eda explicar es qu\u00e9 hace con una Consejer\u00eda de m\u00e1s de 100 millones de euros al a\u00f1o\u201d, recalca ...","og_url":"https:\/\/agrupacionespsoe.es\/melilla\/riduan-moh-quien-tiene-a-melilla-sin-agua-y-con-las-calles-mas-sucias-no-esta-para-exigir-dimisiones\/","og_site_name":"Agrupaci\u00f3n Socialista de Melilla","article_published_time":"2026-07-28T10:26:32+00:00","article_modified_time":"2026-07-28T10:26:33+00:00","og_image":[{"width":2560,"height":1707,"url":"https:\/\/agrupacionespsoe.es\/melilla\/wp-content\/uploads\/sites\/120\/2026\/07\/RMoh_28Julio2026-scaled.jpg","type":"image\/jpeg"}],"author":"melilla2","twitter_card":"summary_large_image","twitter_misc":{"Escrito por":"melilla2","Tiempo de lectura":"3 minutos"},"schema":{"@context":"https:\/\/schema.org","@graph":[{"@type":"Article","@id":"https:\/\/agrupacionespsoe.es\/melilla\/riduan-moh-quien-tiene-a-melilla-sin-agua-y-con-las-calles-mas-sucias-no-esta-para-exigir-dimisiones\/#article","isPartOf":{"@id":"https:\/\/agrupacionespsoe.es\/melilla\/riduan-moh-quien-tiene-a-melilla-sin-agua-y-con-las-calles-mas-sucias-no-esta-para-exigir-dimisiones\/"},"author":{"name":"melilla2","@id":"https:\/\/agrupacionespsoe.es\/melilla\/#\/schema\/person\/72bb3075a827d0ed0623682b96c92bd6"},"headline":"Riduan Moh: \u201cQuien tiene a Melilla sin agua y con las calles m\u00e1s sucias no est\u00e1 para exigir dimisiones\u201d","datePublished":"2026-07-28T10:26:32+00:00","dateModified":"2026-07-28T10:26:33+00:00","mainEntityOfPage":{"@id":"https:\/\/agrupacionespsoe.es\/melilla\/riduan-moh-quien-tiene-a-melilla-sin-agua-y-con-las-calles-mas-sucias-no-esta-para-exigir-dimisiones\/"},"wordCount":512,"commentCount":0,"publisher":{"@id":"https:\/\/agrupacionespsoe.es\/melilla\/#organization"},"image":{"@id":"https:\/\/agrupacionespsoe.es\/melilla\/riduan-moh-quien-tiene-a-melilla-sin-agua-y-con-las-calles-mas-sucias-no-esta-para-exigir-dimisiones\/#primaryimage"},"thumbnailUrl":"https:\/\/agrupacionespsoe.es\/melilla\/wp-content\/uploads\/sites\/120\/2026\/07\/RMoh_28Julio2026-scaled.jpg","articleSection":["Actualidad"],"inLanguage":"es","potentialAction":[{"@type":"CommentAction","name":"Comment","target":["https:\/\/agrupacionespsoe.es\/melilla\/riduan-moh-quien-tiene-a-melilla-sin-agua-y-con-las-calles-mas-sucias-no-esta-para-exigir-dimisiones\/#respond"]}]},{"@type":"WebPage","@id":"https:\/\/agrupacionespsoe.es\/melilla\/riduan-moh-quien-tiene-a-melilla-sin-agua-y-con-las-calles-mas-sucias-no-esta-para-exigir-dimisiones\/","url":"https:\/\/agrupacionespsoe.es\/melilla\/riduan-moh-quien-tiene-a-melilla-sin-agua-y-con-las-calles-mas-sucias-no-esta-para-exigir-dimisiones\/","name":"Riduan Moh: \u201cQuien tiene a Melilla sin agua y con las calles m\u00e1s sucias no est\u00e1 para exigir dimisiones\u201d - Agrupaci\u00f3n Socialista de Melilla","isPartOf":{"@id":"https:\/\/agrupacionespsoe.es\/melilla\/#website"},"primaryImageOfPage":{"@id":"https:\/\/agrupacionespsoe.es\/melilla\/riduan-moh-quien-tiene-a-melilla-sin-agua-y-con-las-calles-mas-sucias-no-esta-para-exigir-dimisiones\/#primaryimage"},"image":{"@id":"https:\/\/agrupacionespsoe.es\/melilla\/riduan-moh-quien-tiene-a-melilla-sin-agua-y-con-las-calles-mas-sucias-no-esta-para-exigir-dimisiones\/#primaryimage"},"thumbnailUrl":"https:\/\/agrupacionespsoe.es\/melilla\/wp-content\/uploads\/sites\/120\/2026\/07\/RMoh_28Julio2026-scaled.jpg","datePublished":"2026-07-28T10:26:32+00:00","dateModified":"2026-07-28T10:26:33+00:00","breadcrumb":{"@id":"https:\/\/agrupacionespsoe.es\/melilla\/riduan-moh-quien-tiene-a-melilla-sin-agua-y-con-las-calles-mas-sucias-no-esta-para-exigir-dimisiones\/#breadcrumb"},"inLanguage":"es","potentialAction":[{"@type":"ReadAction","target":["https:\/\/agrupacionespsoe.es\/melilla\/riduan-moh-quien-tiene-a-melilla-sin-agua-y-con-las-calles-mas-sucias-no-esta-para-exigir-dimisiones\/"]}]},{"@type":"ImageObject","inLanguage":"es","@id":"https:\/\/agrupacionespsoe.es\/melilla\/riduan-moh-quien-tiene-a-melilla-sin-agua-y-con-las-calles-mas-sucias-no-esta-para-exigir-dimisiones\/#primaryimage","url":"https:\/\/agrupacionespsoe.es\/melilla\/wp-content\/uploads\/sites\/120\/2026\/07\/RMoh_28Julio2026-scaled.jpg","contentUrl":"https:\/\/agrupacionespsoe.es\/melilla\/wp-content\/uploads\/sites\/120\/2026\/07\/RMoh_28Julio2026-scaled.jpg","width":2560,"height":1707},{"@type":"BreadcrumbList","@id":"https:\/\/agrupacionespsoe.es\/melilla\/riduan-moh-quien-tiene-a-melilla-sin-agua-y-con-las-calles-mas-sucias-no-esta-para-exigir-dimisiones\/#breadcrumb","itemListElement":[{"@type":"ListItem","position":1,"name":"Portada","item":"https:\/\/agrupacionespsoe.es\/melilla\/"},{"@type":"ListItem","position":2,"name":"Riduan Moh: \u201cQuien tiene a Melilla sin agua y con las calles m\u00e1s sucias no est\u00e1 para exigir dimisiones\u201d"}]},{"@type":"WebSite","@id":"https:\/\/agrupacionespsoe.es\/melilla\/#website","url":"https:\/\/agrupacionespsoe.es\/melilla\/","name":"Agrupaci\u00f3n Socialista de Melilla","description":"Agrupaci\u00f3n Socialista de Melilla","publisher":{"@id":"https:\/\/agrupacionespsoe.es\/melilla\/#organization"},"potentialAction":[{"@type":"SearchAction","target":{"@type":"EntryPoint","urlTemplate":"https:\/\/agrupacionespsoe.es\/melilla\/?s={search_term_string}"},"query-input":{"@type":"PropertyValueSpecification","valueRequired":true,"valueName":"search_term_string"}}],"inLanguage":"es"},{"@type":"Organization","@id":"https:\/\/agrupacionespsoe.es\/melilla\/#organization","name":"Agrupaci\u00f3n Socialista de Melilla","url":"https:\/\/agrupacionespsoe.es\/melilla\/","logo":{"@type":"ImageObject","inLanguage":"es","@id":"https:\/\/agrupacionespsoe.es\/melilla\/#\/schema\/logo\/image\/","url":"https:\/\/agrupacionespsoe.es\/wp-content\/uploads\/2022\/07\/Logotipo_electoral_del_PSOE.png","contentUrl":"https:\/\/agrupacionespsoe.es\/wp-content\/uploads\/2022\/07\/Logotipo_electoral_del_PSOE.png","width":422,"height":422,"caption":"Agrupaci\u00f3n Socialista de Melilla"},"image":{"@id":"https:\/\/agrupacionespsoe.es\/melilla\/#\/schema\/logo\/image\/"}},{"@type":"Person","@id":"https:\/\/agrupacionespsoe.es\/melilla\/#\/schema\/person\/72bb3075a827d0ed0623682b96c92bd6","name":"melilla2","image":{"@type":"ImageObject","inLanguage":"es","@id":"https:\/\/agrupacionespsoe.es\/melilla\/#\/schema\/person\/image\/","url":"https:\/\/secure.gravatar.com\/avatar\/489a178e794e59f00db13a448aabca16?s=96&d=mm&r=g","contentUrl":"https:\/\/secure.gravatar.com\/avatar\/489a178e794e59f00db13a448aabca16?s=96&d=mm&r=g","caption":"melilla2"},"url":"https:\/\/agrupacionespsoe.es\/melilla\/author\/melilla2\/"}]}},"jetpack_featured_media_url":"https:\/\/agrupacionespsoe.es\/melilla\/wp-content\/uploads\/sites\/120\/2026\/07\/RMoh_28Julio2026-scaled.jpg","jetpack_sharing_enabled":true,"_links":{"self":[{"href":"https:\/\/agrupacionespsoe.es\/melilla\/wp-json\/wp\/v2\/posts\/2958","targetHints":{"allow":["GET"]}}],"collection":[{"href":"https:\/\/agrupacionespsoe.es\/melilla\/wp-json\/wp\/v2\/posts"}],"about":[{"href":"https:\/\/agrupacionespsoe.es\/melilla\/wp-json\/wp\/v2\/types\/post"}],"author":[{"embeddable":true,"href":"https:\/\/agrupacionespsoe.es\/melilla\/wp-json\/wp\/v2\/users\/187"}],"replies":[{"embeddable":true,"href":"https:\/\/agrupacionespsoe.es\/melilla\/wp-json\/wp\/v2\/comments?post=2958"}],"version-history":[{"count":1,"href":"https:\/\/agrupacionespsoe.es\/melilla\/wp-json\/wp\/v2\/posts\/2958\/revisions"}],"predecessor-version":[{"id":2960,"href":"https:\/\/agrupacionespsoe.es\/melilla\/wp-json\/wp\/v2\/posts\/2958\/revisions\/2960"}],"wp:featuredmedia":[{"embeddable":true,"href":"https:\/\/agrupacionespsoe.es\/melilla\/wp-json\/wp\/v2\/media\/2959"}],"wp:attachment":[{"href":"https:\/\/agrupacionespsoe.es\/melilla\/wp-json\/wp\/v2\/media?parent=2958"}],"wp:term":[{"taxonomy":"category","embeddable":true,"href":"https:\/\/agrupacionespsoe.es\/melilla\/wp-json\/wp\/v2\/categories?post=2958"},{"taxonomy":"post_tag","embeddable":true,"href":"https:\/\/agrupacionespsoe.es\/melilla\/wp-json\/wp\/v2\/tags?post=2958"}],"curies":[{"name":"wp","href":"https:\/\/api.w.org\/{rel}","templated":true}]}}