{"id":2955,"date":"2026-07-27T12:04:22","date_gmt":"2026-07-27T12:04:22","guid":{"rendered":"https:\/\/agrupacionespsoe.es\/melilla\/?p=2955"},"modified":"2026-07-27T12:04:23","modified_gmt":"2026-07-27T12:04:23","slug":"sabrina-moh-si-el-pp-pudiera-sacar-pecho-de-su-gestion-no-recurriria-a-los-insultos","status":"publish","type":"post","link":"https:\/\/agrupacionespsoe.es\/melilla\/sabrina-moh-si-el-pp-pudiera-sacar-pecho-de-su-gestion-no-recurriria-a-los-insultos\/","title":{"rendered":"Sabrina Moh: \u201cSi el PP pudiera sacar pecho de su gesti\u00f3n, no recurrir\u00eda a los insultos\u201d"},"content":{"rendered":"\n<p><strong>\u201cMe siento orgullosa como Delegada y como maestra de haber bajado las ratios de 33 a 20 alumnos por aula\u201d, se\u00f1ala<\/strong><\/p>\n\n\n\n<p>La Secretaria General del PSOE de Melilla y Delegada del Gobierno, Sabrina Moh, se ha referido a los continuos ataques personales del Partido Popular y ha dejado claro que responden a la incapacidad de sus dirigentes para defender la gesti\u00f3n que realizan al frente de la Ciudad Aut\u00f3noma. \u00abSi el PP pudiera sacar pecho de su gesti\u00f3n, no recurrir\u00eda a los insultos\u00bb, ha dejado claro durante una entrevista en RNE.<\/p>\n\n\n\n<p>Moh ha considerado que las descalificaciones personales se han convertido en la principal estrategia de la formaci\u00f3n popular para intentar deteriorar su imagen p\u00fablica y ha lamentado que, en muchas ocasiones, esos ataques incorporen \u00abun tufo machista\u00bb que, seg\u00fan ha se\u00f1alado, viene produci\u00e9ndose desde el inicio de su etapa al frente de la Delegaci\u00f3n del Gobierno.<\/p>\n\n\n\n<p>Sin embargo ha dejado claro que esta estrategia del PP \u201cme da m\u00e1s fuerza para seguir trabajando\u00bb, y ha advertido de que no permitir\u00e1 que ese tipo de comportamientos condicionen su labor p\u00fablica, al tiempo que ha defendido una forma de hacer pol\u00edtica basada en la gesti\u00f3n y en los resultados.<\/p>\n\n\n\n<p>En este sentido, ha contrapuesto la labor desarrollada por el Gobierno de Espa\u00f1a en Melilla durante los \u00faltimos a\u00f1os con la estrategia de confrontaci\u00f3n del PP. \u00abEllos tienen que recurrir a eso porque no pueden sacar pecho de su gesti\u00f3n. Yo s\u00ed puedo sacar pecho de la gesti\u00f3n de este Gobierno y de todo lo que est\u00e1 haciendo por Melilla\u00bb, ha recalcado.<\/p>\n\n\n\n<p>Durante la entrevista radiof\u00f3nica, Moh ha repasado algunos de los principales proyectos impulsados por el Ejecutivo en la ciudad, entre ellos la apertura del Hospital Universitario, la construcci\u00f3n y ampliaci\u00f3n de centros educativos, el incremento de las plantillas docentes, la reducci\u00f3n de las ratios en las aulas, la modernizaci\u00f3n de la frontera o la mejora de las conexiones a\u00e9reas y mar\u00edtimas.<\/p>\n\n\n\n<p><strong>M\u00e1s docentes y menos ratio<\/strong><\/p>\n\n\n\n<p>As\u00ed, en lo relativo al \u00e1mbito de la Educaci\u00f3n, Moh ha incidido en la reducci\u00f3n de las ratios en las aulas, el incremento de las plantillas docentes y la ampliaci\u00f3n de las infraestructuras educativas como algunos de los principales logros del Gobierno de Espa\u00f1a.<\/p>\n\n\n\n<p>\u00abEl d\u00eda 15 de junio de 2018 yo estaba dando clases y el 18 de junio estaba en la Delegaci\u00f3n del Gobierno. Nadie me tiene que contar qu\u00e9 pasaba en educaci\u00f3n porque yo lo viv\u00eda\u00bb, ha expuesto, dado que ha conocido de primera mano la realidad del sistema educativo melillense, tanto por su experiencia como docente como por haberla vivido tambi\u00e9n como madre.<\/p>\n\n\n\n<p>As\u00ed, ha recordado que, antes de la llegada del actual Gobierno, era habitual impartir clase con aulas de hasta 35 alumnos. \u00abYo ten\u00eda clases con 35 alumnos. Mi hijo tambi\u00e9n comenz\u00f3 Infantil en una clase de 35 ni\u00f1os\u201d, ha rememorado.<\/p>\n\n\n\n<p>Frente a esa situaci\u00f3n, ha destacado que la reducci\u00f3n de las ratios constituye uno de los cambios m\u00e1s significativos alcanzados en estos a\u00f1os. \u00abCuando voy ahora a un centro educativo y veo aulas con unos 20 alumnos, me siento profundamente orgullosa como Delegada, como maestra y como madre\u00bb, ha reconocido.<\/p>\n\n\n\n<p>Moh tambi\u00e9n ha puesto el acento en el importante refuerzo del profesorado llevado a cabo por el Ejecutivo de Pedro S\u00e1nchez. Seg\u00fan ha explicado, antes del Gobierno Socialista, los centros educativos de Melilla dispon\u00edan de un cupo de unos 25 docentes adicionales para atender sus necesidades, mientras que en la actualidad esa cifra ronda los 300 profesionales.<\/p>\n\n\n\n<p>Asimismo, ha comparado el ritmo de creaci\u00f3n de plazas docentes con el registrado durante los anteriores gobiernos del Partido Popular. En este sentido, ha se\u00f1alado que mientras el PP incorpor\u00f3 alrededor de 60 plazas en un periodo de seis a\u00f1os, el actual Ejecutivo ha impulsado la creaci\u00f3n de m\u00e1s de 400 plazas en un plazo similar.<\/p>\n\n\n\n<p>La l\u00edder del PSOE local ha recordado otros avances importantes que se han llevado cabo en la ciudad gracias a la gesti\u00f3n del Gobierno de Pedro S\u00e1nchez, como la finalizaci\u00f3n de las obras y puesta en marcha del Hospital Universitario, la inversi\u00f3n de 10 millones de euros en el paso fronterizo de Beni-Enzar, mejorando las instalaciones tanto para el personal que presta servicio -Polic\u00eda y Guardia Civil-, como para la ciudadan\u00eda melillense, o la mejora de la conectividad a\u00e9rea con vuelos directos a Madrid, M\u00e1laga, Almer\u00eda, Sevilla, Granada, o Palma.<\/p>\n","protected":false},"excerpt":{"rendered":"<p>\u201cMe siento orgullosa como Delegada y como maestra de haber bajado las ratios de 33 a 20 alumnos por aula\u201d, se\u00f1ala La Secretaria General del PSOE de Melilla y Delegada del Gobierno, Sabrina Moh, se ha referido a los continuos ataques personales del Partido Popular y ha dejado claro que responden a la incapacidad de &#8230;<\/p>\n","protected":false},"author":187,"featured_media":2956,"comment_status":"open","ping_status":"open","sticky":false,"template":"","format":"standard","meta":{"_jetpack_memberships_contains_paid_content":false,"footnotes":""},"categories":[7],"tags":[],"class_list":["post-2955","post","type-post","status-publish","format-standard","has-post-thumbnail","hentry","category-actualidad"],"yoast_head":"<!-- This site is optimized with the Yoast SEO plugin v24.0 - https:\/\/yoast.com\/wordpress\/plugins\/seo\/ -->\n<title>Sabrina Moh: \u201cSi el PP pudiera sacar pecho de su gesti\u00f3n, no recurrir\u00eda a los insultos\u201d - Agrupaci\u00f3n Socialista de Melilla<\/title>\n<meta name=\"robots\" content=\"index, follow, max-snippet:-1, max-image-preview:large, max-video-preview:-1\" \/>\n<link rel=\"canonical\" href=\"https:\/\/agrupacionespsoe.es\/melilla\/sabrina-moh-si-el-pp-pudiera-sacar-pecho-de-su-gestion-no-recurriria-a-los-insultos\/\" \/>\n<meta property=\"og:locale\" content=\"es_ES\" \/>\n<meta property=\"og:type\" content=\"article\" \/>\n<meta property=\"og:title\" content=\"Sabrina Moh: \u201cSi el PP pudiera sacar pecho de su gesti\u00f3n, no recurrir\u00eda a los insultos\u201d - Agrupaci\u00f3n Socialista de Melilla\" \/>\n<meta property=\"og:description\" content=\"\u201cMe siento orgullosa como Delegada y como maestra de haber bajado las ratios de 33 a 20 alumnos por aula\u201d, se\u00f1ala La Secretaria General del PSOE de Melilla y Delegada del Gobierno, Sabrina Moh, se ha referido a los continuos ataques personales del Partido Popular y ha dejado claro que responden a la incapacidad de ...\" \/>\n<meta property=\"og:url\" content=\"https:\/\/agrupacionespsoe.es\/melilla\/sabrina-moh-si-el-pp-pudiera-sacar-pecho-de-su-gestion-no-recurriria-a-los-insultos\/\" \/>\n<meta property=\"og:site_name\" content=\"Agrupaci\u00f3n Socialista de Melilla\" \/>\n<meta property=\"article:published_time\" content=\"2026-07-27T12:04:22+00:00\" \/>\n<meta property=\"article:modified_time\" content=\"2026-07-27T12:04:23+00:00\" \/>\n<meta property=\"og:image\" content=\"https:\/\/agrupacionespsoe.es\/melilla\/wp-content\/uploads\/sites\/120\/2026\/07\/P1044518-scaled.jpg\" \/>\n\t<meta property=\"og:image:width\" content=\"2560\" \/>\n\t<meta property=\"og:image:height\" content=\"1707\" \/>\n\t<meta property=\"og:image:type\" content=\"image\/jpeg\" \/>\n<meta name=\"author\" content=\"melilla2\" \/>\n<meta name=\"twitter:card\" content=\"summary_large_image\" \/>\n<meta name=\"twitter:label1\" content=\"Escrito por\" \/>\n\t<meta name=\"twitter:data1\" content=\"melilla2\" \/>\n\t<meta name=\"twitter:label2\" content=\"Tiempo de lectura\" \/>\n\t<meta name=\"twitter:data2\" content=\"4 minutos\" \/>\n<script type=\"application\/ld+json\" class=\"yoast-schema-graph\">{\"@context\":\"https:\/\/schema.org\",\"@graph\":[{\"@type\":\"Article\",\"@id\":\"https:\/\/agrupacionespsoe.es\/melilla\/sabrina-moh-si-el-pp-pudiera-sacar-pecho-de-su-gestion-no-recurriria-a-los-insultos\/#article\",\"isPartOf\":{\"@id\":\"https:\/\/agrupacionespsoe.es\/melilla\/sabrina-moh-si-el-pp-pudiera-sacar-pecho-de-su-gestion-no-recurriria-a-los-insultos\/\"},\"author\":{\"name\":\"melilla2\",\"@id\":\"https:\/\/agrupacionespsoe.es\/melilla\/#\/schema\/person\/72bb3075a827d0ed0623682b96c92bd6\"},\"headline\":\"Sabrina Moh: \u201cSi el PP pudiera sacar pecho de su gesti\u00f3n, no recurrir\u00eda a los insultos\u201d\",\"datePublished\":\"2026-07-27T12:04:22+00:00\",\"dateModified\":\"2026-07-27T12:04:23+00:00\",\"mainEntityOfPage\":{\"@id\":\"https:\/\/agrupacionespsoe.es\/melilla\/sabrina-moh-si-el-pp-pudiera-sacar-pecho-de-su-gestion-no-recurriria-a-los-insultos\/\"},\"wordCount\":793,\"commentCount\":0,\"publisher\":{\"@id\":\"https:\/\/agrupacionespsoe.es\/melilla\/#organization\"},\"image\":{\"@id\":\"https:\/\/agrupacionespsoe.es\/melilla\/sabrina-moh-si-el-pp-pudiera-sacar-pecho-de-su-gestion-no-recurriria-a-los-insultos\/#primaryimage\"},\"thumbnailUrl\":\"https:\/\/agrupacionespsoe.es\/melilla\/wp-content\/uploads\/sites\/120\/2026\/07\/P1044518-scaled.jpg\",\"articleSection\":[\"Actualidad\"],\"inLanguage\":\"es\",\"potentialAction\":[{\"@type\":\"CommentAction\",\"name\":\"Comment\",\"target\":[\"https:\/\/agrupacionespsoe.es\/melilla\/sabrina-moh-si-el-pp-pudiera-sacar-pecho-de-su-gestion-no-recurriria-a-los-insultos\/#respond\"]}]},{\"@type\":\"WebPage\",\"@id\":\"https:\/\/agrupacionespsoe.es\/melilla\/sabrina-moh-si-el-pp-pudiera-sacar-pecho-de-su-gestion-no-recurriria-a-los-insultos\/\",\"url\":\"https:\/\/agrupacionespsoe.es\/melilla\/sabrina-moh-si-el-pp-pudiera-sacar-pecho-de-su-gestion-no-recurriria-a-los-insultos\/\",\"name\":\"Sabrina Moh: \u201cSi el PP pudiera sacar pecho de su gesti\u00f3n, no recurrir\u00eda a los insultos\u201d - Agrupaci\u00f3n Socialista de Melilla\",\"isPartOf\":{\"@id\":\"https:\/\/agrupacionespsoe.es\/melilla\/#website\"},\"primaryImageOfPage\":{\"@id\":\"https:\/\/agrupacionespsoe.es\/melilla\/sabrina-moh-si-el-pp-pudiera-sacar-pecho-de-su-gestion-no-recurriria-a-los-insultos\/#primaryimage\"},\"image\":{\"@id\":\"https:\/\/agrupacionespsoe.es\/melilla\/sabrina-moh-si-el-pp-pudiera-sacar-pecho-de-su-gestion-no-recurriria-a-los-insultos\/#primaryimage\"},\"thumbnailUrl\":\"https:\/\/agrupacionespsoe.es\/melilla\/wp-content\/uploads\/sites\/120\/2026\/07\/P1044518-scaled.jpg\",\"datePublished\":\"2026-07-27T12:04:22+00:00\",\"dateModified\":\"2026-07-27T12:04:23+00:00\",\"breadcrumb\":{\"@id\":\"https:\/\/agrupacionespsoe.es\/melilla\/sabrina-moh-si-el-pp-pudiera-sacar-pecho-de-su-gestion-no-recurriria-a-los-insultos\/#breadcrumb\"},\"inLanguage\":\"es\",\"potentialAction\":[{\"@type\":\"ReadAction\",\"target\":[\"https:\/\/agrupacionespsoe.es\/melilla\/sabrina-moh-si-el-pp-pudiera-sacar-pecho-de-su-gestion-no-recurriria-a-los-insultos\/\"]}]},{\"@type\":\"ImageObject\",\"inLanguage\":\"es\",\"@id\":\"https:\/\/agrupacionespsoe.es\/melilla\/sabrina-moh-si-el-pp-pudiera-sacar-pecho-de-su-gestion-no-recurriria-a-los-insultos\/#primaryimage\",\"url\":\"https:\/\/agrupacionespsoe.es\/melilla\/wp-content\/uploads\/sites\/120\/2026\/07\/P1044518-scaled.jpg\",\"contentUrl\":\"https:\/\/agrupacionespsoe.es\/melilla\/wp-content\/uploads\/sites\/120\/2026\/07\/P1044518-scaled.jpg\",\"width\":2560,\"height\":1707},{\"@type\":\"BreadcrumbList\",\"@id\":\"https:\/\/agrupacionespsoe.es\/melilla\/sabrina-moh-si-el-pp-pudiera-sacar-pecho-de-su-gestion-no-recurriria-a-los-insultos\/#breadcrumb\",\"itemListElement\":[{\"@type\":\"ListItem\",\"position\":1,\"name\":\"Portada\",\"item\":\"https:\/\/agrupacionespsoe.es\/melilla\/\"},{\"@type\":\"ListItem\",\"position\":2,\"name\":\"Sabrina Moh: \u201cSi el PP pudiera sacar pecho de su gesti\u00f3n, no recurrir\u00eda a los insultos\u201d\"}]},{\"@type\":\"WebSite\",\"@id\":\"https:\/\/agrupacionespsoe.es\/melilla\/#website\",\"url\":\"https:\/\/agrupacionespsoe.es\/melilla\/\",\"name\":\"Agrupaci\u00f3n Socialista de Melilla\",\"description\":\"Agrupaci\u00f3n Socialista de Melilla\",\"publisher\":{\"@id\":\"https:\/\/agrupacionespsoe.es\/melilla\/#organization\"},\"potentialAction\":[{\"@type\":\"SearchAction\",\"target\":{\"@type\":\"EntryPoint\",\"urlTemplate\":\"https:\/\/agrupacionespsoe.es\/melilla\/?s={search_term_string}\"},\"query-input\":{\"@type\":\"PropertyValueSpecification\",\"valueRequired\":true,\"valueName\":\"search_term_string\"}}],\"inLanguage\":\"es\"},{\"@type\":\"Organization\",\"@id\":\"https:\/\/agrupacionespsoe.es\/melilla\/#organization\",\"name\":\"Agrupaci\u00f3n Socialista de Melilla\",\"url\":\"https:\/\/agrupacionespsoe.es\/melilla\/\",\"logo\":{\"@type\":\"ImageObject\",\"inLanguage\":\"es\",\"@id\":\"https:\/\/agrupacionespsoe.es\/melilla\/#\/schema\/logo\/image\/\",\"url\":\"https:\/\/agrupacionespsoe.es\/wp-content\/uploads\/2022\/07\/Logotipo_electoral_del_PSOE.png\",\"contentUrl\":\"https:\/\/agrupacionespsoe.es\/wp-content\/uploads\/2022\/07\/Logotipo_electoral_del_PSOE.png\",\"width\":422,\"height\":422,\"caption\":\"Agrupaci\u00f3n Socialista de Melilla\"},\"image\":{\"@id\":\"https:\/\/agrupacionespsoe.es\/melilla\/#\/schema\/logo\/image\/\"}},{\"@type\":\"Person\",\"@id\":\"https:\/\/agrupacionespsoe.es\/melilla\/#\/schema\/person\/72bb3075a827d0ed0623682b96c92bd6\",\"name\":\"melilla2\",\"image\":{\"@type\":\"ImageObject\",\"inLanguage\":\"es\",\"@id\":\"https:\/\/agrupacionespsoe.es\/melilla\/#\/schema\/person\/image\/\",\"url\":\"https:\/\/secure.gravatar.com\/avatar\/489a178e794e59f00db13a448aabca16?s=96&d=mm&r=g\",\"contentUrl\":\"https:\/\/secure.gravatar.com\/avatar\/489a178e794e59f00db13a448aabca16?s=96&d=mm&r=g\",\"caption\":\"melilla2\"},\"url\":\"https:\/\/agrupacionespsoe.es\/melilla\/author\/melilla2\/\"}]}<\/script>\n<!-- \/ Yoast SEO plugin. -->","yoast_head_json":{"title":"Sabrina Moh: \u201cSi el PP pudiera sacar pecho de su gesti\u00f3n, no recurrir\u00eda a los insultos\u201d - Agrupaci\u00f3n Socialista de Melilla","robots":{"index":"index","follow":"follow","max-snippet":"max-snippet:-1","max-image-preview":"max-image-preview:large","max-video-preview":"max-video-preview:-1"},"canonical":"https:\/\/agrupacionespsoe.es\/melilla\/sabrina-moh-si-el-pp-pudiera-sacar-pecho-de-su-gestion-no-recurriria-a-los-insultos\/","og_locale":"es_ES","og_type":"article","og_title":"Sabrina Moh: \u201cSi el PP pudiera sacar pecho de su gesti\u00f3n, no recurrir\u00eda a los insultos\u201d - Agrupaci\u00f3n Socialista de Melilla","og_description":"\u201cMe siento orgullosa como Delegada y como maestra de haber bajado las ratios de 33 a 20 alumnos por aula\u201d, se\u00f1ala La Secretaria General del PSOE de Melilla y Delegada del Gobierno, Sabrina Moh, se ha referido a los continuos ataques personales del Partido Popular y ha dejado claro que responden a la incapacidad de ...","og_url":"https:\/\/agrupacionespsoe.es\/melilla\/sabrina-moh-si-el-pp-pudiera-sacar-pecho-de-su-gestion-no-recurriria-a-los-insultos\/","og_site_name":"Agrupaci\u00f3n Socialista de Melilla","article_published_time":"2026-07-27T12:04:22+00:00","article_modified_time":"2026-07-27T12:04:23+00:00","og_image":[{"width":2560,"height":1707,"url":"https:\/\/agrupacionespsoe.es\/melilla\/wp-content\/uploads\/sites\/120\/2026\/07\/P1044518-scaled.jpg","type":"image\/jpeg"}],"author":"melilla2","twitter_card":"summary_large_image","twitter_misc":{"Escrito por":"melilla2","Tiempo de lectura":"4 minutos"},"schema":{"@context":"https:\/\/schema.org","@graph":[{"@type":"Article","@id":"https:\/\/agrupacionespsoe.es\/melilla\/sabrina-moh-si-el-pp-pudiera-sacar-pecho-de-su-gestion-no-recurriria-a-los-insultos\/#article","isPartOf":{"@id":"https:\/\/agrupacionespsoe.es\/melilla\/sabrina-moh-si-el-pp-pudiera-sacar-pecho-de-su-gestion-no-recurriria-a-los-insultos\/"},"author":{"name":"melilla2","@id":"https:\/\/agrupacionespsoe.es\/melilla\/#\/schema\/person\/72bb3075a827d0ed0623682b96c92bd6"},"headline":"Sabrina Moh: \u201cSi el PP pudiera sacar pecho de su gesti\u00f3n, no recurrir\u00eda a los insultos\u201d","datePublished":"2026-07-27T12:04:22+00:00","dateModified":"2026-07-27T12:04:23+00:00","mainEntityOfPage":{"@id":"https:\/\/agrupacionespsoe.es\/melilla\/sabrina-moh-si-el-pp-pudiera-sacar-pecho-de-su-gestion-no-recurriria-a-los-insultos\/"},"wordCount":793,"commentCount":0,"publisher":{"@id":"https:\/\/agrupacionespsoe.es\/melilla\/#organization"},"image":{"@id":"https:\/\/agrupacionespsoe.es\/melilla\/sabrina-moh-si-el-pp-pudiera-sacar-pecho-de-su-gestion-no-recurriria-a-los-insultos\/#primaryimage"},"thumbnailUrl":"https:\/\/agrupacionespsoe.es\/melilla\/wp-content\/uploads\/sites\/120\/2026\/07\/P1044518-scaled.jpg","articleSection":["Actualidad"],"inLanguage":"es","potentialAction":[{"@type":"CommentAction","name":"Comment","target":["https:\/\/agrupacionespsoe.es\/melilla\/sabrina-moh-si-el-pp-pudiera-sacar-pecho-de-su-gestion-no-recurriria-a-los-insultos\/#respond"]}]},{"@type":"WebPage","@id":"https:\/\/agrupacionespsoe.es\/melilla\/sabrina-moh-si-el-pp-pudiera-sacar-pecho-de-su-gestion-no-recurriria-a-los-insultos\/","url":"https:\/\/agrupacionespsoe.es\/melilla\/sabrina-moh-si-el-pp-pudiera-sacar-pecho-de-su-gestion-no-recurriria-a-los-insultos\/","name":"Sabrina Moh: \u201cSi el PP pudiera sacar pecho de su gesti\u00f3n, no recurrir\u00eda a los insultos\u201d - Agrupaci\u00f3n Socialista de Melilla","isPartOf":{"@id":"https:\/\/agrupacionespsoe.es\/melilla\/#website"},"primaryImageOfPage":{"@id":"https:\/\/agrupacionespsoe.es\/melilla\/sabrina-moh-si-el-pp-pudiera-sacar-pecho-de-su-gestion-no-recurriria-a-los-insultos\/#primaryimage"},"image":{"@id":"https:\/\/agrupacionespsoe.es\/melilla\/sabrina-moh-si-el-pp-pudiera-sacar-pecho-de-su-gestion-no-recurriria-a-los-insultos\/#primaryimage"},"thumbnailUrl":"https:\/\/agrupacionespsoe.es\/melilla\/wp-content\/uploads\/sites\/120\/2026\/07\/P1044518-scaled.jpg","datePublished":"2026-07-27T12:04:22+00:00","dateModified":"2026-07-27T12:04:23+00:00","breadcrumb":{"@id":"https:\/\/agrupacionespsoe.es\/melilla\/sabrina-moh-si-el-pp-pudiera-sacar-pecho-de-su-gestion-no-recurriria-a-los-insultos\/#breadcrumb"},"inLanguage":"es","potentialAction":[{"@type":"ReadAction","target":["https:\/\/agrupacionespsoe.es\/melilla\/sabrina-moh-si-el-pp-pudiera-sacar-pecho-de-su-gestion-no-recurriria-a-los-insultos\/"]}]},{"@type":"ImageObject","inLanguage":"es","@id":"https:\/\/agrupacionespsoe.es\/melilla\/sabrina-moh-si-el-pp-pudiera-sacar-pecho-de-su-gestion-no-recurriria-a-los-insultos\/#primaryimage","url":"https:\/\/agrupacionespsoe.es\/melilla\/wp-content\/uploads\/sites\/120\/2026\/07\/P1044518-scaled.jpg","contentUrl":"https:\/\/agrupacionespsoe.es\/melilla\/wp-content\/uploads\/sites\/120\/2026\/07\/P1044518-scaled.jpg","width":2560,"height":1707},{"@type":"BreadcrumbList","@id":"https:\/\/agrupacionespsoe.es\/melilla\/sabrina-moh-si-el-pp-pudiera-sacar-pecho-de-su-gestion-no-recurriria-a-los-insultos\/#breadcrumb","itemListElement":[{"@type":"ListItem","position":1,"name":"Portada","item":"https:\/\/agrupacionespsoe.es\/melilla\/"},{"@type":"ListItem","position":2,"name":"Sabrina Moh: \u201cSi el PP pudiera sacar pecho de su gesti\u00f3n, no recurrir\u00eda a los insultos\u201d"}]},{"@type":"WebSite","@id":"https:\/\/agrupacionespsoe.es\/melilla\/#website","url":"https:\/\/agrupacionespsoe.es\/melilla\/","name":"Agrupaci\u00f3n Socialista de Melilla","description":"Agrupaci\u00f3n Socialista de Melilla","publisher":{"@id":"https:\/\/agrupacionespsoe.es\/melilla\/#organization"},"potentialAction":[{"@type":"SearchAction","target":{"@type":"EntryPoint","urlTemplate":"https:\/\/agrupacionespsoe.es\/melilla\/?s={search_term_string}"},"query-input":{"@type":"PropertyValueSpecification","valueRequired":true,"valueName":"search_term_string"}}],"inLanguage":"es"},{"@type":"Organization","@id":"https:\/\/agrupacionespsoe.es\/melilla\/#organization","name":"Agrupaci\u00f3n Socialista de Melilla","url":"https:\/\/agrupacionespsoe.es\/melilla\/","logo":{"@type":"ImageObject","inLanguage":"es","@id":"https:\/\/agrupacionespsoe.es\/melilla\/#\/schema\/logo\/image\/","url":"https:\/\/agrupacionespsoe.es\/wp-content\/uploads\/2022\/07\/Logotipo_electoral_del_PSOE.png","contentUrl":"https:\/\/agrupacionespsoe.es\/wp-content\/uploads\/2022\/07\/Logotipo_electoral_del_PSOE.png","width":422,"height":422,"caption":"Agrupaci\u00f3n Socialista de Melilla"},"image":{"@id":"https:\/\/agrupacionespsoe.es\/melilla\/#\/schema\/logo\/image\/"}},{"@type":"Person","@id":"https:\/\/agrupacionespsoe.es\/melilla\/#\/schema\/person\/72bb3075a827d0ed0623682b96c92bd6","name":"melilla2","image":{"@type":"ImageObject","inLanguage":"es","@id":"https:\/\/agrupacionespsoe.es\/melilla\/#\/schema\/person\/image\/","url":"https:\/\/secure.gravatar.com\/avatar\/489a178e794e59f00db13a448aabca16?s=96&d=mm&r=g","contentUrl":"https:\/\/secure.gravatar.com\/avatar\/489a178e794e59f00db13a448aabca16?s=96&d=mm&r=g","caption":"melilla2"},"url":"https:\/\/agrupacionespsoe.es\/melilla\/author\/melilla2\/"}]}},"jetpack_featured_media_url":"https:\/\/agrupacionespsoe.es\/melilla\/wp-content\/uploads\/sites\/120\/2026\/07\/P1044518-scaled.jpg","jetpack_sharing_enabled":true,"_links":{"self":[{"href":"https:\/\/agrupacionespsoe.es\/melilla\/wp-json\/wp\/v2\/posts\/2955","targetHints":{"allow":["GET"]}}],"collection":[{"href":"https:\/\/agrupacionespsoe.es\/melilla\/wp-json\/wp\/v2\/posts"}],"about":[{"href":"https:\/\/agrupacionespsoe.es\/melilla\/wp-json\/wp\/v2\/types\/post"}],"author":[{"embeddable":true,"href":"https:\/\/agrupacionespsoe.es\/melilla\/wp-json\/wp\/v2\/users\/187"}],"replies":[{"embeddable":true,"href":"https:\/\/agrupacionespsoe.es\/melilla\/wp-json\/wp\/v2\/comments?post=2955"}],"version-history":[{"count":1,"href":"https:\/\/agrupacionespsoe.es\/melilla\/wp-json\/wp\/v2\/posts\/2955\/revisions"}],"predecessor-version":[{"id":2957,"href":"https:\/\/agrupacionespsoe.es\/melilla\/wp-json\/wp\/v2\/posts\/2955\/revisions\/2957"}],"wp:featuredmedia":[{"embeddable":true,"href":"https:\/\/agrupacionespsoe.es\/melilla\/wp-json\/wp\/v2\/media\/2956"}],"wp:attachment":[{"href":"https:\/\/agrupacionespsoe.es\/melilla\/wp-json\/wp\/v2\/media?parent=2955"}],"wp:term":[{"taxonomy":"category","embeddable":true,"href":"https:\/\/agrupacionespsoe.es\/melilla\/wp-json\/wp\/v2\/categories?post=2955"},{"taxonomy":"post_tag","embeddable":true,"href":"https:\/\/agrupacionespsoe.es\/melilla\/wp-json\/wp\/v2\/tags?post=2955"}],"curies":[{"name":"wp","href":"https:\/\/api.w.org\/{rel}","templated":true}]}}