{"id":278,"date":"2023-05-14T12:55:11","date_gmt":"2023-05-14T12:55:11","guid":{"rendered":"https:\/\/agrupacionespsoe.es\/melilla\/?p=278"},"modified":"2026-03-09T11:42:55","modified_gmt":"2026-03-09T11:42:55","slug":"rojas-el-psoe-es-el-unico-partido-progresista-en-esta-ciudad-no-lo-es-el-pp-ni-tampoco-cpm","status":"publish","type":"post","link":"https:\/\/agrupacionespsoe.es\/melilla\/rojas-el-psoe-es-el-unico-partido-progresista-en-esta-ciudad-no-lo-es-el-pp-ni-tampoco-cpm\/","title":{"rendered":"Rojas: \u201cEl PSOE es el \u00fanico partido progresista en esta ciudad. No lo es el PP ni tampoco CpM\u201d"},"content":{"rendered":"\n<ul class=\"wp-block-list\">\n<li><strong>\u201cSomos los \u00fanicos que ofrecen soluciones en el \u00e1mbito social y que trabajan por la convivencia y el respeto a la diversidad\u201d, ha afirmado<\/strong><\/li>\n<\/ul>\n\n\n\n<p>\u201cEl Partido Socialista es el partido de la inclusi\u00f3n, el partido de la convivencia y el partido de la diversidad. Y por supuesto, somos el \u00fanico partido progresista que hay en esta ciudad, que nadie enga\u00f1e a la ciudadan\u00eda, porque ni el Partido Popular es un partido progresista ni tampoco lo es Coalici\u00f3n por Melilla, que quede claro\u201d.<\/p>\n\n\n\n<p>La candidata del PSOE a la Presidencia de la Ciudad, Gloria Rojas, ha mostrado el compromiso de los socialistas con las pol\u00edticas sociales, un compromiso que ha estado presente tanto en la oposici\u00f3n como en los \u00faltimos cuatro a\u00f1os, teniendo responsabilidades de Gobierno en este \u00e1mbito.<\/p>\n\n\n\n<p>Los socialistas, un a\u00f1o m\u00e1s, han acudido a la Carrera-Caminata por las Enfermedades Raras, impulsada por la asociaci\u00f3n Cuenta con Nosotros y que este a\u00f1o cumple su decimotercera edici\u00f3n. \u201cTienen nuestro apoyo hoy y siempre\u201d, ha remarcado Rojas.<\/p>\n\n\n\n<p>La l\u00edder socialista ha puesto de relieve que la inclusi\u00f3n y la diversidad forman parte del ADN del PSOE. \u201cTodas las leyes sociales, relacionadas con la inclusi\u00f3n y con el fomento de la diversidad han estado hechas por el Partido Socialista\u201d, ha insistido.<\/p>\n\n\n\n<p>Por otro lado, Rojas ha dejado claro que el \u00fanico partido progresista que hay en Melilla es el Partido Socialista. \u201cEl \u00fanico partido que ofrece soluciones en el \u00e1mbito social, que trabaja por la convivencia, la inclusi\u00f3n y el respeto a la diversidad es el PSOE\u201d, ha concluido.<\/p>\n","protected":false},"excerpt":{"rendered":"<p>\u201cEl Partido Socialista es el partido de la inclusi\u00f3n, el partido de la convivencia y el partido de la diversidad. Y por supuesto, somos el \u00fanico partido progresista que hay en esta ciudad, que nadie enga\u00f1e a la ciudadan\u00eda, porque ni el Partido Popular es un partido progresista ni tampoco lo es Coalici\u00f3n por Melilla, &#8230;<\/p>\n","protected":false},"author":187,"featured_media":279,"comment_status":"open","ping_status":"open","sticky":false,"template":"","format":"standard","meta":{"_jetpack_memberships_contains_paid_content":false,"footnotes":""},"categories":[1],"tags":[21,13,23,14,15,24],"class_list":["post-278","post","type-post","status-publish","format-standard","has-post-thumbnail","hentry","category-sin-categoria","tag-convivencia","tag-melilla","tag-progresista","tag-psoe","tag-rojas","tag-socialista"],"yoast_head":"<!-- This site is optimized with the Yoast SEO plugin v24.0 - https:\/\/yoast.com\/wordpress\/plugins\/seo\/ -->\n<title>Rojas: \u201cEl PSOE es el \u00fanico partido progresista en esta ciudad. No lo es el PP ni tampoco CpM\u201d - Agrupaci\u00f3n Socialista de Melilla<\/title>\n<meta name=\"robots\" content=\"index, follow, max-snippet:-1, max-image-preview:large, max-video-preview:-1\" \/>\n<link rel=\"canonical\" href=\"https:\/\/agrupacionespsoe.es\/melilla\/rojas-el-psoe-es-el-unico-partido-progresista-en-esta-ciudad-no-lo-es-el-pp-ni-tampoco-cpm\/\" \/>\n<meta property=\"og:locale\" content=\"es_ES\" \/>\n<meta property=\"og:type\" content=\"article\" \/>\n<meta property=\"og:title\" content=\"Rojas: \u201cEl PSOE es el \u00fanico partido progresista en esta ciudad. No lo es el PP ni tampoco CpM\u201d - Agrupaci\u00f3n Socialista de Melilla\" \/>\n<meta property=\"og:description\" content=\"\u201cEl Partido Socialista es el partido de la inclusi\u00f3n, el partido de la convivencia y el partido de la diversidad. Y por supuesto, somos el \u00fanico partido progresista que hay en esta ciudad, que nadie enga\u00f1e a la ciudadan\u00eda, porque ni el Partido Popular es un partido progresista ni tampoco lo es Coalici\u00f3n por Melilla, ...\" \/>\n<meta property=\"og:url\" content=\"https:\/\/agrupacionespsoe.es\/melilla\/rojas-el-psoe-es-el-unico-partido-progresista-en-esta-ciudad-no-lo-es-el-pp-ni-tampoco-cpm\/\" \/>\n<meta property=\"og:site_name\" content=\"Agrupaci\u00f3n Socialista de Melilla\" \/>\n<meta property=\"article:published_time\" content=\"2023-05-14T12:55:11+00:00\" \/>\n<meta property=\"article:modified_time\" content=\"2026-03-09T11:42:55+00:00\" \/>\n<meta property=\"og:image\" content=\"https:\/\/agrupacionespsoe.es\/melilla\/wp-content\/uploads\/sites\/120\/2023\/05\/P1688601-scaled.jpg\" \/>\n\t<meta property=\"og:image:width\" content=\"2560\" \/>\n\t<meta property=\"og:image:height\" content=\"1442\" \/>\n\t<meta property=\"og:image:type\" content=\"image\/jpeg\" \/>\n<meta name=\"author\" content=\"melilla2\" \/>\n<meta name=\"twitter:card\" content=\"summary_large_image\" \/>\n<meta name=\"twitter:label1\" content=\"Escrito por\" \/>\n\t<meta name=\"twitter:data1\" content=\"melilla2\" \/>\n\t<meta name=\"twitter:label2\" content=\"Tiempo de lectura\" \/>\n\t<meta name=\"twitter:data2\" content=\"2 minutos\" \/>\n<script type=\"application\/ld+json\" class=\"yoast-schema-graph\">{\"@context\":\"https:\/\/schema.org\",\"@graph\":[{\"@type\":\"Article\",\"@id\":\"https:\/\/agrupacionespsoe.es\/melilla\/rojas-el-psoe-es-el-unico-partido-progresista-en-esta-ciudad-no-lo-es-el-pp-ni-tampoco-cpm\/#article\",\"isPartOf\":{\"@id\":\"https:\/\/agrupacionespsoe.es\/melilla\/rojas-el-psoe-es-el-unico-partido-progresista-en-esta-ciudad-no-lo-es-el-pp-ni-tampoco-cpm\/\"},\"author\":{\"name\":\"melilla2\",\"@id\":\"https:\/\/agrupacionespsoe.es\/melilla\/#\/schema\/person\/72bb3075a827d0ed0623682b96c92bd6\"},\"headline\":\"Rojas: \u201cEl PSOE es el \u00fanico partido progresista en esta ciudad. No lo es el PP ni tampoco CpM\u201d\",\"datePublished\":\"2023-05-14T12:55:11+00:00\",\"dateModified\":\"2026-03-09T11:42:55+00:00\",\"mainEntityOfPage\":{\"@id\":\"https:\/\/agrupacionespsoe.es\/melilla\/rojas-el-psoe-es-el-unico-partido-progresista-en-esta-ciudad-no-lo-es-el-pp-ni-tampoco-cpm\/\"},\"wordCount\":292,\"commentCount\":0,\"publisher\":{\"@id\":\"https:\/\/agrupacionespsoe.es\/melilla\/#organization\"},\"image\":{\"@id\":\"https:\/\/agrupacionespsoe.es\/melilla\/rojas-el-psoe-es-el-unico-partido-progresista-en-esta-ciudad-no-lo-es-el-pp-ni-tampoco-cpm\/#primaryimage\"},\"thumbnailUrl\":\"https:\/\/agrupacionespsoe.es\/melilla\/wp-content\/uploads\/sites\/120\/2023\/05\/P1688601-scaled.jpg\",\"keywords\":[\"convivencia\",\"melilla\",\"progresista\",\"psoe\",\"rojas\",\"socialista\"],\"inLanguage\":\"es\",\"potentialAction\":[{\"@type\":\"CommentAction\",\"name\":\"Comment\",\"target\":[\"https:\/\/agrupacionespsoe.es\/melilla\/rojas-el-psoe-es-el-unico-partido-progresista-en-esta-ciudad-no-lo-es-el-pp-ni-tampoco-cpm\/#respond\"]}]},{\"@type\":\"WebPage\",\"@id\":\"https:\/\/agrupacionespsoe.es\/melilla\/rojas-el-psoe-es-el-unico-partido-progresista-en-esta-ciudad-no-lo-es-el-pp-ni-tampoco-cpm\/\",\"url\":\"https:\/\/agrupacionespsoe.es\/melilla\/rojas-el-psoe-es-el-unico-partido-progresista-en-esta-ciudad-no-lo-es-el-pp-ni-tampoco-cpm\/\",\"name\":\"Rojas: \u201cEl PSOE es el \u00fanico partido progresista en esta ciudad. No lo es el PP ni tampoco CpM\u201d - Agrupaci\u00f3n Socialista de Melilla\",\"isPartOf\":{\"@id\":\"https:\/\/agrupacionespsoe.es\/melilla\/#website\"},\"primaryImageOfPage\":{\"@id\":\"https:\/\/agrupacionespsoe.es\/melilla\/rojas-el-psoe-es-el-unico-partido-progresista-en-esta-ciudad-no-lo-es-el-pp-ni-tampoco-cpm\/#primaryimage\"},\"image\":{\"@id\":\"https:\/\/agrupacionespsoe.es\/melilla\/rojas-el-psoe-es-el-unico-partido-progresista-en-esta-ciudad-no-lo-es-el-pp-ni-tampoco-cpm\/#primaryimage\"},\"thumbnailUrl\":\"https:\/\/agrupacionespsoe.es\/melilla\/wp-content\/uploads\/sites\/120\/2023\/05\/P1688601-scaled.jpg\",\"datePublished\":\"2023-05-14T12:55:11+00:00\",\"dateModified\":\"2026-03-09T11:42:55+00:00\",\"breadcrumb\":{\"@id\":\"https:\/\/agrupacionespsoe.es\/melilla\/rojas-el-psoe-es-el-unico-partido-progresista-en-esta-ciudad-no-lo-es-el-pp-ni-tampoco-cpm\/#breadcrumb\"},\"inLanguage\":\"es\",\"potentialAction\":[{\"@type\":\"ReadAction\",\"target\":[\"https:\/\/agrupacionespsoe.es\/melilla\/rojas-el-psoe-es-el-unico-partido-progresista-en-esta-ciudad-no-lo-es-el-pp-ni-tampoco-cpm\/\"]}]},{\"@type\":\"ImageObject\",\"inLanguage\":\"es\",\"@id\":\"https:\/\/agrupacionespsoe.es\/melilla\/rojas-el-psoe-es-el-unico-partido-progresista-en-esta-ciudad-no-lo-es-el-pp-ni-tampoco-cpm\/#primaryimage\",\"url\":\"https:\/\/agrupacionespsoe.es\/melilla\/wp-content\/uploads\/sites\/120\/2023\/05\/P1688601-scaled.jpg\",\"contentUrl\":\"https:\/\/agrupacionespsoe.es\/melilla\/wp-content\/uploads\/sites\/120\/2023\/05\/P1688601-scaled.jpg\",\"width\":2560,\"height\":1442},{\"@type\":\"BreadcrumbList\",\"@id\":\"https:\/\/agrupacionespsoe.es\/melilla\/rojas-el-psoe-es-el-unico-partido-progresista-en-esta-ciudad-no-lo-es-el-pp-ni-tampoco-cpm\/#breadcrumb\",\"itemListElement\":[{\"@type\":\"ListItem\",\"position\":1,\"name\":\"Portada\",\"item\":\"https:\/\/agrupacionespsoe.es\/melilla\/\"},{\"@type\":\"ListItem\",\"position\":2,\"name\":\"Rojas: \u201cEl PSOE es el \u00fanico partido progresista en esta ciudad. No lo es el PP ni tampoco CpM\u201d\"}]},{\"@type\":\"WebSite\",\"@id\":\"https:\/\/agrupacionespsoe.es\/melilla\/#website\",\"url\":\"https:\/\/agrupacionespsoe.es\/melilla\/\",\"name\":\"Agrupaci\u00f3n Socialista de Melilla\",\"description\":\"Agrupaci\u00f3n Socialista de Melilla\",\"publisher\":{\"@id\":\"https:\/\/agrupacionespsoe.es\/melilla\/#organization\"},\"potentialAction\":[{\"@type\":\"SearchAction\",\"target\":{\"@type\":\"EntryPoint\",\"urlTemplate\":\"https:\/\/agrupacionespsoe.es\/melilla\/?s={search_term_string}\"},\"query-input\":{\"@type\":\"PropertyValueSpecification\",\"valueRequired\":true,\"valueName\":\"search_term_string\"}}],\"inLanguage\":\"es\"},{\"@type\":\"Organization\",\"@id\":\"https:\/\/agrupacionespsoe.es\/melilla\/#organization\",\"name\":\"Agrupaci\u00f3n Socialista de Melilla\",\"url\":\"https:\/\/agrupacionespsoe.es\/melilla\/\",\"logo\":{\"@type\":\"ImageObject\",\"inLanguage\":\"es\",\"@id\":\"https:\/\/agrupacionespsoe.es\/melilla\/#\/schema\/logo\/image\/\",\"url\":\"https:\/\/agrupacionespsoe.es\/wp-content\/uploads\/2022\/07\/Logotipo_electoral_del_PSOE.png\",\"contentUrl\":\"https:\/\/agrupacionespsoe.es\/wp-content\/uploads\/2022\/07\/Logotipo_electoral_del_PSOE.png\",\"width\":422,\"height\":422,\"caption\":\"Agrupaci\u00f3n Socialista de Melilla\"},\"image\":{\"@id\":\"https:\/\/agrupacionespsoe.es\/melilla\/#\/schema\/logo\/image\/\"}},{\"@type\":\"Person\",\"@id\":\"https:\/\/agrupacionespsoe.es\/melilla\/#\/schema\/person\/72bb3075a827d0ed0623682b96c92bd6\",\"name\":\"melilla2\",\"image\":{\"@type\":\"ImageObject\",\"inLanguage\":\"es\",\"@id\":\"https:\/\/agrupacionespsoe.es\/melilla\/#\/schema\/person\/image\/\",\"url\":\"https:\/\/secure.gravatar.com\/avatar\/489a178e794e59f00db13a448aabca16?s=96&d=mm&r=g\",\"contentUrl\":\"https:\/\/secure.gravatar.com\/avatar\/489a178e794e59f00db13a448aabca16?s=96&d=mm&r=g\",\"caption\":\"melilla2\"},\"url\":\"https:\/\/agrupacionespsoe.es\/melilla\/author\/melilla2\/\"}]}<\/script>\n<!-- \/ Yoast SEO plugin. -->","yoast_head_json":{"title":"Rojas: \u201cEl PSOE es el \u00fanico partido progresista en esta ciudad. No lo es el PP ni tampoco CpM\u201d - Agrupaci\u00f3n Socialista de Melilla","robots":{"index":"index","follow":"follow","max-snippet":"max-snippet:-1","max-image-preview":"max-image-preview:large","max-video-preview":"max-video-preview:-1"},"canonical":"https:\/\/agrupacionespsoe.es\/melilla\/rojas-el-psoe-es-el-unico-partido-progresista-en-esta-ciudad-no-lo-es-el-pp-ni-tampoco-cpm\/","og_locale":"es_ES","og_type":"article","og_title":"Rojas: \u201cEl PSOE es el \u00fanico partido progresista en esta ciudad. No lo es el PP ni tampoco CpM\u201d - Agrupaci\u00f3n Socialista de Melilla","og_description":"\u201cEl Partido Socialista es el partido de la inclusi\u00f3n, el partido de la convivencia y el partido de la diversidad. Y por supuesto, somos el \u00fanico partido progresista que hay en esta ciudad, que nadie enga\u00f1e a la ciudadan\u00eda, porque ni el Partido Popular es un partido progresista ni tampoco lo es Coalici\u00f3n por Melilla, ...","og_url":"https:\/\/agrupacionespsoe.es\/melilla\/rojas-el-psoe-es-el-unico-partido-progresista-en-esta-ciudad-no-lo-es-el-pp-ni-tampoco-cpm\/","og_site_name":"Agrupaci\u00f3n Socialista de Melilla","article_published_time":"2023-05-14T12:55:11+00:00","article_modified_time":"2026-03-09T11:42:55+00:00","og_image":[{"width":2560,"height":1442,"url":"https:\/\/agrupacionespsoe.es\/melilla\/wp-content\/uploads\/sites\/120\/2023\/05\/P1688601-scaled.jpg","type":"image\/jpeg"}],"author":"melilla2","twitter_card":"summary_large_image","twitter_misc":{"Escrito por":"melilla2","Tiempo de lectura":"2 minutos"},"schema":{"@context":"https:\/\/schema.org","@graph":[{"@type":"Article","@id":"https:\/\/agrupacionespsoe.es\/melilla\/rojas-el-psoe-es-el-unico-partido-progresista-en-esta-ciudad-no-lo-es-el-pp-ni-tampoco-cpm\/#article","isPartOf":{"@id":"https:\/\/agrupacionespsoe.es\/melilla\/rojas-el-psoe-es-el-unico-partido-progresista-en-esta-ciudad-no-lo-es-el-pp-ni-tampoco-cpm\/"},"author":{"name":"melilla2","@id":"https:\/\/agrupacionespsoe.es\/melilla\/#\/schema\/person\/72bb3075a827d0ed0623682b96c92bd6"},"headline":"Rojas: \u201cEl PSOE es el \u00fanico partido progresista en esta ciudad. No lo es el PP ni tampoco CpM\u201d","datePublished":"2023-05-14T12:55:11+00:00","dateModified":"2026-03-09T11:42:55+00:00","mainEntityOfPage":{"@id":"https:\/\/agrupacionespsoe.es\/melilla\/rojas-el-psoe-es-el-unico-partido-progresista-en-esta-ciudad-no-lo-es-el-pp-ni-tampoco-cpm\/"},"wordCount":292,"commentCount":0,"publisher":{"@id":"https:\/\/agrupacionespsoe.es\/melilla\/#organization"},"image":{"@id":"https:\/\/agrupacionespsoe.es\/melilla\/rojas-el-psoe-es-el-unico-partido-progresista-en-esta-ciudad-no-lo-es-el-pp-ni-tampoco-cpm\/#primaryimage"},"thumbnailUrl":"https:\/\/agrupacionespsoe.es\/melilla\/wp-content\/uploads\/sites\/120\/2023\/05\/P1688601-scaled.jpg","keywords":["convivencia","melilla","progresista","psoe","rojas","socialista"],"inLanguage":"es","potentialAction":[{"@type":"CommentAction","name":"Comment","target":["https:\/\/agrupacionespsoe.es\/melilla\/rojas-el-psoe-es-el-unico-partido-progresista-en-esta-ciudad-no-lo-es-el-pp-ni-tampoco-cpm\/#respond"]}]},{"@type":"WebPage","@id":"https:\/\/agrupacionespsoe.es\/melilla\/rojas-el-psoe-es-el-unico-partido-progresista-en-esta-ciudad-no-lo-es-el-pp-ni-tampoco-cpm\/","url":"https:\/\/agrupacionespsoe.es\/melilla\/rojas-el-psoe-es-el-unico-partido-progresista-en-esta-ciudad-no-lo-es-el-pp-ni-tampoco-cpm\/","name":"Rojas: \u201cEl PSOE es el \u00fanico partido progresista en esta ciudad. No lo es el PP ni tampoco CpM\u201d - Agrupaci\u00f3n Socialista de Melilla","isPartOf":{"@id":"https:\/\/agrupacionespsoe.es\/melilla\/#website"},"primaryImageOfPage":{"@id":"https:\/\/agrupacionespsoe.es\/melilla\/rojas-el-psoe-es-el-unico-partido-progresista-en-esta-ciudad-no-lo-es-el-pp-ni-tampoco-cpm\/#primaryimage"},"image":{"@id":"https:\/\/agrupacionespsoe.es\/melilla\/rojas-el-psoe-es-el-unico-partido-progresista-en-esta-ciudad-no-lo-es-el-pp-ni-tampoco-cpm\/#primaryimage"},"thumbnailUrl":"https:\/\/agrupacionespsoe.es\/melilla\/wp-content\/uploads\/sites\/120\/2023\/05\/P1688601-scaled.jpg","datePublished":"2023-05-14T12:55:11+00:00","dateModified":"2026-03-09T11:42:55+00:00","breadcrumb":{"@id":"https:\/\/agrupacionespsoe.es\/melilla\/rojas-el-psoe-es-el-unico-partido-progresista-en-esta-ciudad-no-lo-es-el-pp-ni-tampoco-cpm\/#breadcrumb"},"inLanguage":"es","potentialAction":[{"@type":"ReadAction","target":["https:\/\/agrupacionespsoe.es\/melilla\/rojas-el-psoe-es-el-unico-partido-progresista-en-esta-ciudad-no-lo-es-el-pp-ni-tampoco-cpm\/"]}]},{"@type":"ImageObject","inLanguage":"es","@id":"https:\/\/agrupacionespsoe.es\/melilla\/rojas-el-psoe-es-el-unico-partido-progresista-en-esta-ciudad-no-lo-es-el-pp-ni-tampoco-cpm\/#primaryimage","url":"https:\/\/agrupacionespsoe.es\/melilla\/wp-content\/uploads\/sites\/120\/2023\/05\/P1688601-scaled.jpg","contentUrl":"https:\/\/agrupacionespsoe.es\/melilla\/wp-content\/uploads\/sites\/120\/2023\/05\/P1688601-scaled.jpg","width":2560,"height":1442},{"@type":"BreadcrumbList","@id":"https:\/\/agrupacionespsoe.es\/melilla\/rojas-el-psoe-es-el-unico-partido-progresista-en-esta-ciudad-no-lo-es-el-pp-ni-tampoco-cpm\/#breadcrumb","itemListElement":[{"@type":"ListItem","position":1,"name":"Portada","item":"https:\/\/agrupacionespsoe.es\/melilla\/"},{"@type":"ListItem","position":2,"name":"Rojas: \u201cEl PSOE es el \u00fanico partido progresista en esta ciudad. No lo es el PP ni tampoco CpM\u201d"}]},{"@type":"WebSite","@id":"https:\/\/agrupacionespsoe.es\/melilla\/#website","url":"https:\/\/agrupacionespsoe.es\/melilla\/","name":"Agrupaci\u00f3n Socialista de Melilla","description":"Agrupaci\u00f3n Socialista de Melilla","publisher":{"@id":"https:\/\/agrupacionespsoe.es\/melilla\/#organization"},"potentialAction":[{"@type":"SearchAction","target":{"@type":"EntryPoint","urlTemplate":"https:\/\/agrupacionespsoe.es\/melilla\/?s={search_term_string}"},"query-input":{"@type":"PropertyValueSpecification","valueRequired":true,"valueName":"search_term_string"}}],"inLanguage":"es"},{"@type":"Organization","@id":"https:\/\/agrupacionespsoe.es\/melilla\/#organization","name":"Agrupaci\u00f3n Socialista de Melilla","url":"https:\/\/agrupacionespsoe.es\/melilla\/","logo":{"@type":"ImageObject","inLanguage":"es","@id":"https:\/\/agrupacionespsoe.es\/melilla\/#\/schema\/logo\/image\/","url":"https:\/\/agrupacionespsoe.es\/wp-content\/uploads\/2022\/07\/Logotipo_electoral_del_PSOE.png","contentUrl":"https:\/\/agrupacionespsoe.es\/wp-content\/uploads\/2022\/07\/Logotipo_electoral_del_PSOE.png","width":422,"height":422,"caption":"Agrupaci\u00f3n Socialista de Melilla"},"image":{"@id":"https:\/\/agrupacionespsoe.es\/melilla\/#\/schema\/logo\/image\/"}},{"@type":"Person","@id":"https:\/\/agrupacionespsoe.es\/melilla\/#\/schema\/person\/72bb3075a827d0ed0623682b96c92bd6","name":"melilla2","image":{"@type":"ImageObject","inLanguage":"es","@id":"https:\/\/agrupacionespsoe.es\/melilla\/#\/schema\/person\/image\/","url":"https:\/\/secure.gravatar.com\/avatar\/489a178e794e59f00db13a448aabca16?s=96&d=mm&r=g","contentUrl":"https:\/\/secure.gravatar.com\/avatar\/489a178e794e59f00db13a448aabca16?s=96&d=mm&r=g","caption":"melilla2"},"url":"https:\/\/agrupacionespsoe.es\/melilla\/author\/melilla2\/"}]}},"jetpack_featured_media_url":"https:\/\/agrupacionespsoe.es\/melilla\/wp-content\/uploads\/sites\/120\/2023\/05\/P1688601-scaled.jpg","jetpack_sharing_enabled":true,"_links":{"self":[{"href":"https:\/\/agrupacionespsoe.es\/melilla\/wp-json\/wp\/v2\/posts\/278","targetHints":{"allow":["GET"]}}],"collection":[{"href":"https:\/\/agrupacionespsoe.es\/melilla\/wp-json\/wp\/v2\/posts"}],"about":[{"href":"https:\/\/agrupacionespsoe.es\/melilla\/wp-json\/wp\/v2\/types\/post"}],"author":[{"embeddable":true,"href":"https:\/\/agrupacionespsoe.es\/melilla\/wp-json\/wp\/v2\/users\/187"}],"replies":[{"embeddable":true,"href":"https:\/\/agrupacionespsoe.es\/melilla\/wp-json\/wp\/v2\/comments?post=278"}],"version-history":[{"count":1,"href":"https:\/\/agrupacionespsoe.es\/melilla\/wp-json\/wp\/v2\/posts\/278\/revisions"}],"predecessor-version":[{"id":280,"href":"https:\/\/agrupacionespsoe.es\/melilla\/wp-json\/wp\/v2\/posts\/278\/revisions\/280"}],"wp:featuredmedia":[{"embeddable":true,"href":"https:\/\/agrupacionespsoe.es\/melilla\/wp-json\/wp\/v2\/media\/279"}],"wp:attachment":[{"href":"https:\/\/agrupacionespsoe.es\/melilla\/wp-json\/wp\/v2\/media?parent=278"}],"wp:term":[{"taxonomy":"category","embeddable":true,"href":"https:\/\/agrupacionespsoe.es\/melilla\/wp-json\/wp\/v2\/categories?post=278"},{"taxonomy":"post_tag","embeddable":true,"href":"https:\/\/agrupacionespsoe.es\/melilla\/wp-json\/wp\/v2\/tags?post=278"}],"curies":[{"name":"wp","href":"https:\/\/api.w.org\/{rel}","templated":true}]}}