{"id":2763,"date":"2026-04-29T11:27:11","date_gmt":"2026-04-29T11:27:11","guid":{"rendered":"https:\/\/agrupacionespsoe.es\/melilla\/?p=2763"},"modified":"2026-04-29T11:28:02","modified_gmt":"2026-04-29T11:28:02","slug":"el-psoe-denuncia-el-abandono-del-mercado-del-real-y-exige-al-pp-una-intervencion-urgente","status":"publish","type":"post","link":"https:\/\/agrupacionespsoe.es\/melilla\/el-psoe-denuncia-el-abandono-del-mercado-del-real-y-exige-al-pp-una-intervencion-urgente\/","title":{"rendered":"El PSOE denuncia el abandono del Mercado del Real y exige al PP una intervenci\u00f3n urgente"},"content":{"rendered":"\n<p><strong>Sabrina Moh: \u201cEl Gobierno de Imbroda est\u00e1 dejando morir un espacio hist\u00f3rico del barrio del Real por falta de gesti\u00f3n y proyecto\u201d<\/strong><\/p>\n\n\n\n<p><strong>\u201cGoteras cuando llueve, puestos cerrados, instalaciones deterioradas\u2026 Y el PP sin hacer nada\u201d, subraya<\/strong><\/p>\n\n\n\n<p>La Secretaria General del PSOE de Melilla, Sabrina Moh, ha visitado el Mercado del Real junto a miembros del partido tras las quejas trasladadas por vecinos, vecinas y comerciantes, y ha constatado una situaci\u00f3n de deterioro que, a su juicio, es consecuencia directa de a\u00f1os de abandono institucional por parte del Gobierno del Partido Popular.<\/p>\n\n\n\n<p>Moh ha se\u00f1alado que la realidad del mercado \u201cno admite maquillaje ni excusas\u201d, describiendo un espacio con goteras cada vez que llueve, instalaciones deterioradas, puertas en mal estado y un n\u00famero creciente de puestos cerrados que evidencian la p\u00e9rdida progresiva de actividad.<\/p>\n\n\n\n<p>\u201cNo estamos hablando de una percepci\u00f3n pol\u00edtica, estamos hablando de lo que nos dicen quienes trabajan aqu\u00ed cada d\u00eda y de lo que cualquiera puede comprobar al recorrer el mercado\u201d, ha afirmado.<\/p>\n\n\n\n<p>La l\u00edder de los socialistas melillenses ha subrayado adem\u00e1s que se trata de un edificio protegido como Bien de Inter\u00e9s Cultural y parte del patrimonio modernista de la ciudad, lo que implica una obligaci\u00f3n legal de conservaci\u00f3n que, a su juicio, no se est\u00e1 cumpliendo. \u201cEl patrimonio no es un decorado, es una responsabilidad. Y aqu\u00ed lo que estamos viendo es c\u00f3mo el Gobierno permite su deterioro\u201d, ha advertido.<\/p>\n\n\n\n<p>En este sentido, ha denunciado que el Ejecutivo local ha optado durante a\u00f1os por \u201cparches y actuaciones superficiales\u201d en lugar de afrontar una intervenci\u00f3n en profundidad. \u201cHan intentado tapar el problema con arreglos puntuales, pero el deterioro estructural sigue avanzando. El mercado se cae poco a poco y el Gobierno del PP mira hacia otro lado\u201d, ha criticado.<\/p>\n\n\n\n<p>Durante la visita, el PSOE ha podido comprobar deficiencias que afectan directamente a las condiciones de trabajo de los comerciantes y a la experiencia de los usuarios, con filtraciones, problemas en infraestructuras b\u00e1sicas y un estado general que transmite abandono. \u201cCuando un espacio p\u00fablico presenta este nivel de deterioro, no es por casualidad, es por falta de mantenimiento continuado y de planificaci\u00f3n\u201d, ha subrayado Moh.<\/p>\n\n\n\n<p>En este sentido, ha advertido de que la situaci\u00f3n del Mercado del Real es \u201cotro ejemplo m\u00e1s de la forma de gobernar del Partido Popular en Melilla\u201d. \u201cNo es un problema puntual, es un patr\u00f3n: dejan pasar el tiempo, no act\u00faan y cuando intervienen lo hacen tarde y mal\u201d, ha se\u00f1alado.<\/p>\n\n\n\n<p>La n\u00famero uno de los socialistas ha alertado adem\u00e1s del impacto que esta situaci\u00f3n tiene sobre el conjunto del barrio. \u201cEl mercado ha sido durante d\u00e9cadas un punto de encuentro, un espacio de vida y de actividad econ\u00f3mica. Cuando se abandona un espacio as\u00ed, se est\u00e1 abandonando tambi\u00e9n al barrio del Real\u201d, ha afirmado.<\/p>\n\n\n\n<p>Moh ha lamentado que, a d\u00eda de hoy, no exista ning\u00fan proyecto claro para revitalizar este enclave ni para apoyar a los comerciantes que siguen sosteniendo su actividad en condiciones cada vez m\u00e1s dif\u00edciles. \u201cNo hay planificaci\u00f3n, no hay inversi\u00f3n suficiente y no hay una estrategia para recuperar el mercado. Lo que hay es resignaci\u00f3n por parte del Gobierno\u201d, ha denunciado.<\/p>\n\n\n\n<p>Ante esta situaci\u00f3n, desde el PSOE han exigido una actuaci\u00f3n urgente que vaya m\u00e1s all\u00e1 de intervenciones superficiales y que aborde la rehabilitaci\u00f3n real del edificio, la mejora de sus instalaciones y la reactivaci\u00f3n de la actividad comercial. \u201cEl Mercado del Real no necesita maquillaje, necesita una actuaci\u00f3n seria, sostenida en el tiempo y con un proyecto de futuro\u201d, ha defendido.<\/p>\n\n\n\n<p>La dirigente socialista ha concluido reclamando al Gobierno de Imbroda que deje de ignorar las reclamaciones vecinales. \u201cCuando son los propios vecinos y comerciantes quienes alertan del abandono de un espacio hist\u00f3rico, lo m\u00ednimo que debe hacer un Gobierno es actuar. Lo que no puede hacer es seguir sin hacer nada\u201d, ha zanjado.<\/p>\n\n\n\n<figure class=\"wp-block-gallery has-nested-images columns-default is-cropped wp-block-gallery-1 is-layout-flex wp-block-gallery-is-layout-flex\">\n<figure class=\"wp-block-image size-large\"><img loading=\"lazy\" decoding=\"async\" width=\"1024\" height=\"683\" data-id=\"2765\" src=\"https:\/\/agrupacionespsoe.es\/melilla\/wp-content\/uploads\/sites\/120\/2026\/04\/DSC_1266-1024x683.jpg\" alt=\"\" class=\"wp-image-2765\" srcset=\"https:\/\/agrupacionespsoe.es\/melilla\/wp-content\/uploads\/sites\/120\/2026\/04\/DSC_1266-1024x683.jpg 1024w, https:\/\/agrupacionespsoe.es\/melilla\/wp-content\/uploads\/sites\/120\/2026\/04\/DSC_1266-300x200.jpg 300w, https:\/\/agrupacionespsoe.es\/melilla\/wp-content\/uploads\/sites\/120\/2026\/04\/DSC_1266-768x512.jpg 768w, https:\/\/agrupacionespsoe.es\/melilla\/wp-content\/uploads\/sites\/120\/2026\/04\/DSC_1266-1536x1024.jpg 1536w, https:\/\/agrupacionespsoe.es\/melilla\/wp-content\/uploads\/sites\/120\/2026\/04\/DSC_1266-2048x1365.jpg 2048w\" sizes=\"auto, (max-width: 1024px) 100vw, 1024px\" \/><\/figure>\n\n\n\n<figure class=\"wp-block-image size-large\"><img loading=\"lazy\" decoding=\"async\" width=\"1024\" height=\"683\" data-id=\"2770\" src=\"https:\/\/agrupacionespsoe.es\/melilla\/wp-content\/uploads\/sites\/120\/2026\/04\/DSC_1275-1024x683.jpg\" alt=\"\" class=\"wp-image-2770\" srcset=\"https:\/\/agrupacionespsoe.es\/melilla\/wp-content\/uploads\/sites\/120\/2026\/04\/DSC_1275-1024x683.jpg 1024w, https:\/\/agrupacionespsoe.es\/melilla\/wp-content\/uploads\/sites\/120\/2026\/04\/DSC_1275-300x200.jpg 300w, https:\/\/agrupacionespsoe.es\/melilla\/wp-content\/uploads\/sites\/120\/2026\/04\/DSC_1275-768x512.jpg 768w, https:\/\/agrupacionespsoe.es\/melilla\/wp-content\/uploads\/sites\/120\/2026\/04\/DSC_1275-1536x1024.jpg 1536w, https:\/\/agrupacionespsoe.es\/melilla\/wp-content\/uploads\/sites\/120\/2026\/04\/DSC_1275-2048x1365.jpg 2048w\" sizes=\"auto, (max-width: 1024px) 100vw, 1024px\" \/><\/figure>\n\n\n\n<figure class=\"wp-block-image size-large\"><img loading=\"lazy\" decoding=\"async\" width=\"1024\" height=\"683\" data-id=\"2769\" src=\"https:\/\/agrupacionespsoe.es\/melilla\/wp-content\/uploads\/sites\/120\/2026\/04\/DSC_1283-1024x683.jpg\" alt=\"\" class=\"wp-image-2769\" srcset=\"https:\/\/agrupacionespsoe.es\/melilla\/wp-content\/uploads\/sites\/120\/2026\/04\/DSC_1283-1024x683.jpg 1024w, https:\/\/agrupacionespsoe.es\/melilla\/wp-content\/uploads\/sites\/120\/2026\/04\/DSC_1283-300x200.jpg 300w, https:\/\/agrupacionespsoe.es\/melilla\/wp-content\/uploads\/sites\/120\/2026\/04\/DSC_1283-768x512.jpg 768w, https:\/\/agrupacionespsoe.es\/melilla\/wp-content\/uploads\/sites\/120\/2026\/04\/DSC_1283-1536x1024.jpg 1536w, https:\/\/agrupacionespsoe.es\/melilla\/wp-content\/uploads\/sites\/120\/2026\/04\/DSC_1283-2048x1365.jpg 2048w\" sizes=\"auto, (max-width: 1024px) 100vw, 1024px\" \/><\/figure>\n\n\n\n<figure class=\"wp-block-image size-large\"><img loading=\"lazy\" decoding=\"async\" width=\"1024\" height=\"683\" data-id=\"2768\" src=\"https:\/\/agrupacionespsoe.es\/melilla\/wp-content\/uploads\/sites\/120\/2026\/04\/DSC_1285-1024x683.jpg\" alt=\"\" class=\"wp-image-2768\" srcset=\"https:\/\/agrupacionespsoe.es\/melilla\/wp-content\/uploads\/sites\/120\/2026\/04\/DSC_1285-1024x683.jpg 1024w, https:\/\/agrupacionespsoe.es\/melilla\/wp-content\/uploads\/sites\/120\/2026\/04\/DSC_1285-300x200.jpg 300w, https:\/\/agrupacionespsoe.es\/melilla\/wp-content\/uploads\/sites\/120\/2026\/04\/DSC_1285-768x512.jpg 768w, https:\/\/agrupacionespsoe.es\/melilla\/wp-content\/uploads\/sites\/120\/2026\/04\/DSC_1285-1536x1024.jpg 1536w, https:\/\/agrupacionespsoe.es\/melilla\/wp-content\/uploads\/sites\/120\/2026\/04\/DSC_1285-2048x1365.jpg 2048w\" sizes=\"auto, (max-width: 1024px) 100vw, 1024px\" \/><\/figure>\n\n\n\n<figure class=\"wp-block-image size-large\"><img loading=\"lazy\" decoding=\"async\" width=\"1024\" height=\"683\" data-id=\"2767\" src=\"https:\/\/agrupacionespsoe.es\/melilla\/wp-content\/uploads\/sites\/120\/2026\/04\/DSC_1326-1024x683.jpg\" alt=\"\" class=\"wp-image-2767\" srcset=\"https:\/\/agrupacionespsoe.es\/melilla\/wp-content\/uploads\/sites\/120\/2026\/04\/DSC_1326-1024x683.jpg 1024w, https:\/\/agrupacionespsoe.es\/melilla\/wp-content\/uploads\/sites\/120\/2026\/04\/DSC_1326-300x200.jpg 300w, https:\/\/agrupacionespsoe.es\/melilla\/wp-content\/uploads\/sites\/120\/2026\/04\/DSC_1326-768x512.jpg 768w, https:\/\/agrupacionespsoe.es\/melilla\/wp-content\/uploads\/sites\/120\/2026\/04\/DSC_1326-1536x1024.jpg 1536w, https:\/\/agrupacionespsoe.es\/melilla\/wp-content\/uploads\/sites\/120\/2026\/04\/DSC_1326-2048x1365.jpg 2048w\" sizes=\"auto, (max-width: 1024px) 100vw, 1024px\" \/><\/figure>\n\n\n\n<figure class=\"wp-block-image size-large\"><img loading=\"lazy\" decoding=\"async\" width=\"1024\" height=\"683\" data-id=\"2771\" src=\"https:\/\/agrupacionespsoe.es\/melilla\/wp-content\/uploads\/sites\/120\/2026\/04\/DSC_1393-1024x683.jpg\" alt=\"\" class=\"wp-image-2771\" srcset=\"https:\/\/agrupacionespsoe.es\/melilla\/wp-content\/uploads\/sites\/120\/2026\/04\/DSC_1393-1024x683.jpg 1024w, https:\/\/agrupacionespsoe.es\/melilla\/wp-content\/uploads\/sites\/120\/2026\/04\/DSC_1393-300x200.jpg 300w, https:\/\/agrupacionespsoe.es\/melilla\/wp-content\/uploads\/sites\/120\/2026\/04\/DSC_1393-768x512.jpg 768w, https:\/\/agrupacionespsoe.es\/melilla\/wp-content\/uploads\/sites\/120\/2026\/04\/DSC_1393-1536x1024.jpg 1536w, https:\/\/agrupacionespsoe.es\/melilla\/wp-content\/uploads\/sites\/120\/2026\/04\/DSC_1393-2048x1365.jpg 2048w\" sizes=\"auto, (max-width: 1024px) 100vw, 1024px\" \/><\/figure>\n\n\n\n<figure class=\"wp-block-image size-large\"><img loading=\"lazy\" decoding=\"async\" width=\"1024\" height=\"683\" data-id=\"2772\" src=\"https:\/\/agrupacionespsoe.es\/melilla\/wp-content\/uploads\/sites\/120\/2026\/04\/DSC_1426-1024x683.jpg\" alt=\"\" class=\"wp-image-2772\" srcset=\"https:\/\/agrupacionespsoe.es\/melilla\/wp-content\/uploads\/sites\/120\/2026\/04\/DSC_1426-1024x683.jpg 1024w, https:\/\/agrupacionespsoe.es\/melilla\/wp-content\/uploads\/sites\/120\/2026\/04\/DSC_1426-300x200.jpg 300w, https:\/\/agrupacionespsoe.es\/melilla\/wp-content\/uploads\/sites\/120\/2026\/04\/DSC_1426-768x512.jpg 768w, https:\/\/agrupacionespsoe.es\/melilla\/wp-content\/uploads\/sites\/120\/2026\/04\/DSC_1426-1536x1024.jpg 1536w, https:\/\/agrupacionespsoe.es\/melilla\/wp-content\/uploads\/sites\/120\/2026\/04\/DSC_1426-2048x1365.jpg 2048w\" sizes=\"auto, (max-width: 1024px) 100vw, 1024px\" \/><\/figure>\n\n\n\n<figure class=\"wp-block-image size-large\"><img loading=\"lazy\" decoding=\"async\" width=\"1024\" height=\"683\" data-id=\"2773\" src=\"https:\/\/agrupacionespsoe.es\/melilla\/wp-content\/uploads\/sites\/120\/2026\/04\/DSC_1506-1024x683.jpg\" alt=\"\" class=\"wp-image-2773\" srcset=\"https:\/\/agrupacionespsoe.es\/melilla\/wp-content\/uploads\/sites\/120\/2026\/04\/DSC_1506-1024x683.jpg 1024w, https:\/\/agrupacionespsoe.es\/melilla\/wp-content\/uploads\/sites\/120\/2026\/04\/DSC_1506-300x200.jpg 300w, https:\/\/agrupacionespsoe.es\/melilla\/wp-content\/uploads\/sites\/120\/2026\/04\/DSC_1506-768x512.jpg 768w, https:\/\/agrupacionespsoe.es\/melilla\/wp-content\/uploads\/sites\/120\/2026\/04\/DSC_1506-1536x1024.jpg 1536w, https:\/\/agrupacionespsoe.es\/melilla\/wp-content\/uploads\/sites\/120\/2026\/04\/DSC_1506-2048x1365.jpg 2048w\" sizes=\"auto, (max-width: 1024px) 100vw, 1024px\" \/><\/figure>\n<\/figure>\n","protected":false},"excerpt":{"rendered":"<p>Sabrina Moh: \u201cEl Gobierno de Imbroda est\u00e1 dejando morir un espacio hist\u00f3rico del barrio del Real por falta de gesti\u00f3n y proyecto\u201d \u201cGoteras cuando llueve, puestos cerrados, instalaciones deterioradas\u2026 Y el PP sin hacer nada\u201d, subraya La Secretaria General del PSOE de Melilla, Sabrina Moh, ha visitado el Mercado del Real junto a miembros del &#8230;<\/p>\n","protected":false},"author":187,"featured_media":2764,"comment_status":"open","ping_status":"open","sticky":false,"template":"","format":"standard","meta":{"_jetpack_memberships_contains_paid_content":false,"footnotes":""},"categories":[7,78],"tags":[],"class_list":["post-2763","post","type-post","status-publish","format-standard","has-post-thumbnail","hentry","category-actualidad","category-barrios"],"yoast_head":"<!-- This site is optimized with the Yoast SEO plugin v24.0 - https:\/\/yoast.com\/wordpress\/plugins\/seo\/ -->\n<title>El PSOE denuncia el abandono del Mercado del Real y exige al PP una intervenci\u00f3n urgente - Agrupaci\u00f3n Socialista de Melilla<\/title>\n<meta name=\"robots\" content=\"index, follow, max-snippet:-1, max-image-preview:large, max-video-preview:-1\" \/>\n<link rel=\"canonical\" href=\"https:\/\/agrupacionespsoe.es\/melilla\/el-psoe-denuncia-el-abandono-del-mercado-del-real-y-exige-al-pp-una-intervencion-urgente\/\" \/>\n<meta property=\"og:locale\" content=\"es_ES\" \/>\n<meta property=\"og:type\" content=\"article\" \/>\n<meta property=\"og:title\" content=\"El PSOE denuncia el abandono del Mercado del Real y exige al PP una intervenci\u00f3n urgente - Agrupaci\u00f3n Socialista de Melilla\" \/>\n<meta property=\"og:description\" content=\"Sabrina Moh: \u201cEl Gobierno de Imbroda est\u00e1 dejando morir un espacio hist\u00f3rico del barrio del Real por falta de gesti\u00f3n y proyecto\u201d \u201cGoteras cuando llueve, puestos cerrados, instalaciones deterioradas\u2026 Y el PP sin hacer nada\u201d, subraya La Secretaria General del PSOE de Melilla, Sabrina Moh, ha visitado el Mercado del Real junto a miembros del ...\" \/>\n<meta property=\"og:url\" content=\"https:\/\/agrupacionespsoe.es\/melilla\/el-psoe-denuncia-el-abandono-del-mercado-del-real-y-exige-al-pp-una-intervencion-urgente\/\" \/>\n<meta property=\"og:site_name\" content=\"Agrupaci\u00f3n Socialista de Melilla\" \/>\n<meta property=\"article:published_time\" content=\"2026-04-29T11:27:11+00:00\" \/>\n<meta property=\"article:modified_time\" content=\"2026-04-29T11:28:02+00:00\" \/>\n<meta property=\"og:image\" content=\"https:\/\/agrupacionespsoe.es\/melilla\/wp-content\/uploads\/sites\/120\/2026\/04\/DSC_1301-scaled.jpg\" \/>\n\t<meta property=\"og:image:width\" content=\"2560\" \/>\n\t<meta property=\"og:image:height\" content=\"1707\" \/>\n\t<meta property=\"og:image:type\" content=\"image\/jpeg\" \/>\n<meta name=\"author\" content=\"melilla2\" \/>\n<meta name=\"twitter:card\" content=\"summary_large_image\" \/>\n<meta name=\"twitter:label1\" content=\"Escrito por\" \/>\n\t<meta name=\"twitter:data1\" content=\"melilla2\" \/>\n\t<meta name=\"twitter:label2\" content=\"Tiempo de lectura\" \/>\n\t<meta name=\"twitter:data2\" content=\"5 minutos\" \/>\n<script type=\"application\/ld+json\" class=\"yoast-schema-graph\">{\"@context\":\"https:\/\/schema.org\",\"@graph\":[{\"@type\":\"Article\",\"@id\":\"https:\/\/agrupacionespsoe.es\/melilla\/el-psoe-denuncia-el-abandono-del-mercado-del-real-y-exige-al-pp-una-intervencion-urgente\/#article\",\"isPartOf\":{\"@id\":\"https:\/\/agrupacionespsoe.es\/melilla\/el-psoe-denuncia-el-abandono-del-mercado-del-real-y-exige-al-pp-una-intervencion-urgente\/\"},\"author\":{\"name\":\"melilla2\",\"@id\":\"https:\/\/agrupacionespsoe.es\/melilla\/#\/schema\/person\/72bb3075a827d0ed0623682b96c92bd6\"},\"headline\":\"El PSOE denuncia el abandono del Mercado del Real y exige al PP una intervenci\u00f3n urgente\",\"datePublished\":\"2026-04-29T11:27:11+00:00\",\"dateModified\":\"2026-04-29T11:28:02+00:00\",\"mainEntityOfPage\":{\"@id\":\"https:\/\/agrupacionespsoe.es\/melilla\/el-psoe-denuncia-el-abandono-del-mercado-del-real-y-exige-al-pp-una-intervencion-urgente\/\"},\"wordCount\":701,\"commentCount\":0,\"publisher\":{\"@id\":\"https:\/\/agrupacionespsoe.es\/melilla\/#organization\"},\"image\":{\"@id\":\"https:\/\/agrupacionespsoe.es\/melilla\/el-psoe-denuncia-el-abandono-del-mercado-del-real-y-exige-al-pp-una-intervencion-urgente\/#primaryimage\"},\"thumbnailUrl\":\"https:\/\/agrupacionespsoe.es\/melilla\/wp-content\/uploads\/sites\/120\/2026\/04\/DSC_1301-scaled.jpg\",\"articleSection\":[\"Actualidad\",\"Barrios\"],\"inLanguage\":\"es\",\"potentialAction\":[{\"@type\":\"CommentAction\",\"name\":\"Comment\",\"target\":[\"https:\/\/agrupacionespsoe.es\/melilla\/el-psoe-denuncia-el-abandono-del-mercado-del-real-y-exige-al-pp-una-intervencion-urgente\/#respond\"]}]},{\"@type\":\"WebPage\",\"@id\":\"https:\/\/agrupacionespsoe.es\/melilla\/el-psoe-denuncia-el-abandono-del-mercado-del-real-y-exige-al-pp-una-intervencion-urgente\/\",\"url\":\"https:\/\/agrupacionespsoe.es\/melilla\/el-psoe-denuncia-el-abandono-del-mercado-del-real-y-exige-al-pp-una-intervencion-urgente\/\",\"name\":\"El PSOE denuncia el abandono del Mercado del Real y exige al PP una intervenci\u00f3n urgente - Agrupaci\u00f3n Socialista de Melilla\",\"isPartOf\":{\"@id\":\"https:\/\/agrupacionespsoe.es\/melilla\/#website\"},\"primaryImageOfPage\":{\"@id\":\"https:\/\/agrupacionespsoe.es\/melilla\/el-psoe-denuncia-el-abandono-del-mercado-del-real-y-exige-al-pp-una-intervencion-urgente\/#primaryimage\"},\"image\":{\"@id\":\"https:\/\/agrupacionespsoe.es\/melilla\/el-psoe-denuncia-el-abandono-del-mercado-del-real-y-exige-al-pp-una-intervencion-urgente\/#primaryimage\"},\"thumbnailUrl\":\"https:\/\/agrupacionespsoe.es\/melilla\/wp-content\/uploads\/sites\/120\/2026\/04\/DSC_1301-scaled.jpg\",\"datePublished\":\"2026-04-29T11:27:11+00:00\",\"dateModified\":\"2026-04-29T11:28:02+00:00\",\"breadcrumb\":{\"@id\":\"https:\/\/agrupacionespsoe.es\/melilla\/el-psoe-denuncia-el-abandono-del-mercado-del-real-y-exige-al-pp-una-intervencion-urgente\/#breadcrumb\"},\"inLanguage\":\"es\",\"potentialAction\":[{\"@type\":\"ReadAction\",\"target\":[\"https:\/\/agrupacionespsoe.es\/melilla\/el-psoe-denuncia-el-abandono-del-mercado-del-real-y-exige-al-pp-una-intervencion-urgente\/\"]}]},{\"@type\":\"ImageObject\",\"inLanguage\":\"es\",\"@id\":\"https:\/\/agrupacionespsoe.es\/melilla\/el-psoe-denuncia-el-abandono-del-mercado-del-real-y-exige-al-pp-una-intervencion-urgente\/#primaryimage\",\"url\":\"https:\/\/agrupacionespsoe.es\/melilla\/wp-content\/uploads\/sites\/120\/2026\/04\/DSC_1301-scaled.jpg\",\"contentUrl\":\"https:\/\/agrupacionespsoe.es\/melilla\/wp-content\/uploads\/sites\/120\/2026\/04\/DSC_1301-scaled.jpg\",\"width\":2560,\"height\":1707},{\"@type\":\"BreadcrumbList\",\"@id\":\"https:\/\/agrupacionespsoe.es\/melilla\/el-psoe-denuncia-el-abandono-del-mercado-del-real-y-exige-al-pp-una-intervencion-urgente\/#breadcrumb\",\"itemListElement\":[{\"@type\":\"ListItem\",\"position\":1,\"name\":\"Portada\",\"item\":\"https:\/\/agrupacionespsoe.es\/melilla\/\"},{\"@type\":\"ListItem\",\"position\":2,\"name\":\"El PSOE denuncia el abandono del Mercado del Real y exige al PP una intervenci\u00f3n urgente\"}]},{\"@type\":\"WebSite\",\"@id\":\"https:\/\/agrupacionespsoe.es\/melilla\/#website\",\"url\":\"https:\/\/agrupacionespsoe.es\/melilla\/\",\"name\":\"Agrupaci\u00f3n Socialista de Melilla\",\"description\":\"Agrupaci\u00f3n Socialista de Melilla\",\"publisher\":{\"@id\":\"https:\/\/agrupacionespsoe.es\/melilla\/#organization\"},\"potentialAction\":[{\"@type\":\"SearchAction\",\"target\":{\"@type\":\"EntryPoint\",\"urlTemplate\":\"https:\/\/agrupacionespsoe.es\/melilla\/?s={search_term_string}\"},\"query-input\":{\"@type\":\"PropertyValueSpecification\",\"valueRequired\":true,\"valueName\":\"search_term_string\"}}],\"inLanguage\":\"es\"},{\"@type\":\"Organization\",\"@id\":\"https:\/\/agrupacionespsoe.es\/melilla\/#organization\",\"name\":\"Agrupaci\u00f3n Socialista de Melilla\",\"url\":\"https:\/\/agrupacionespsoe.es\/melilla\/\",\"logo\":{\"@type\":\"ImageObject\",\"inLanguage\":\"es\",\"@id\":\"https:\/\/agrupacionespsoe.es\/melilla\/#\/schema\/logo\/image\/\",\"url\":\"https:\/\/agrupacionespsoe.es\/wp-content\/uploads\/2022\/07\/Logotipo_electoral_del_PSOE.png\",\"contentUrl\":\"https:\/\/agrupacionespsoe.es\/wp-content\/uploads\/2022\/07\/Logotipo_electoral_del_PSOE.png\",\"width\":422,\"height\":422,\"caption\":\"Agrupaci\u00f3n Socialista de Melilla\"},\"image\":{\"@id\":\"https:\/\/agrupacionespsoe.es\/melilla\/#\/schema\/logo\/image\/\"}},{\"@type\":\"Person\",\"@id\":\"https:\/\/agrupacionespsoe.es\/melilla\/#\/schema\/person\/72bb3075a827d0ed0623682b96c92bd6\",\"name\":\"melilla2\",\"image\":{\"@type\":\"ImageObject\",\"inLanguage\":\"es\",\"@id\":\"https:\/\/agrupacionespsoe.es\/melilla\/#\/schema\/person\/image\/\",\"url\":\"https:\/\/secure.gravatar.com\/avatar\/489a178e794e59f00db13a448aabca16?s=96&d=mm&r=g\",\"contentUrl\":\"https:\/\/secure.gravatar.com\/avatar\/489a178e794e59f00db13a448aabca16?s=96&d=mm&r=g\",\"caption\":\"melilla2\"},\"url\":\"https:\/\/agrupacionespsoe.es\/melilla\/author\/melilla2\/\"}]}<\/script>\n<!-- \/ Yoast SEO plugin. -->","yoast_head_json":{"title":"El PSOE denuncia el abandono del Mercado del Real y exige al PP una intervenci\u00f3n urgente - Agrupaci\u00f3n Socialista de Melilla","robots":{"index":"index","follow":"follow","max-snippet":"max-snippet:-1","max-image-preview":"max-image-preview:large","max-video-preview":"max-video-preview:-1"},"canonical":"https:\/\/agrupacionespsoe.es\/melilla\/el-psoe-denuncia-el-abandono-del-mercado-del-real-y-exige-al-pp-una-intervencion-urgente\/","og_locale":"es_ES","og_type":"article","og_title":"El PSOE denuncia el abandono del Mercado del Real y exige al PP una intervenci\u00f3n urgente - Agrupaci\u00f3n Socialista de Melilla","og_description":"Sabrina Moh: \u201cEl Gobierno de Imbroda est\u00e1 dejando morir un espacio hist\u00f3rico del barrio del Real por falta de gesti\u00f3n y proyecto\u201d \u201cGoteras cuando llueve, puestos cerrados, instalaciones deterioradas\u2026 Y el PP sin hacer nada\u201d, subraya La Secretaria General del PSOE de Melilla, Sabrina Moh, ha visitado el Mercado del Real junto a miembros del ...","og_url":"https:\/\/agrupacionespsoe.es\/melilla\/el-psoe-denuncia-el-abandono-del-mercado-del-real-y-exige-al-pp-una-intervencion-urgente\/","og_site_name":"Agrupaci\u00f3n Socialista de Melilla","article_published_time":"2026-04-29T11:27:11+00:00","article_modified_time":"2026-04-29T11:28:02+00:00","og_image":[{"width":2560,"height":1707,"url":"https:\/\/agrupacionespsoe.es\/melilla\/wp-content\/uploads\/sites\/120\/2026\/04\/DSC_1301-scaled.jpg","type":"image\/jpeg"}],"author":"melilla2","twitter_card":"summary_large_image","twitter_misc":{"Escrito por":"melilla2","Tiempo de lectura":"5 minutos"},"schema":{"@context":"https:\/\/schema.org","@graph":[{"@type":"Article","@id":"https:\/\/agrupacionespsoe.es\/melilla\/el-psoe-denuncia-el-abandono-del-mercado-del-real-y-exige-al-pp-una-intervencion-urgente\/#article","isPartOf":{"@id":"https:\/\/agrupacionespsoe.es\/melilla\/el-psoe-denuncia-el-abandono-del-mercado-del-real-y-exige-al-pp-una-intervencion-urgente\/"},"author":{"name":"melilla2","@id":"https:\/\/agrupacionespsoe.es\/melilla\/#\/schema\/person\/72bb3075a827d0ed0623682b96c92bd6"},"headline":"El PSOE denuncia el abandono del Mercado del Real y exige al PP una intervenci\u00f3n urgente","datePublished":"2026-04-29T11:27:11+00:00","dateModified":"2026-04-29T11:28:02+00:00","mainEntityOfPage":{"@id":"https:\/\/agrupacionespsoe.es\/melilla\/el-psoe-denuncia-el-abandono-del-mercado-del-real-y-exige-al-pp-una-intervencion-urgente\/"},"wordCount":701,"commentCount":0,"publisher":{"@id":"https:\/\/agrupacionespsoe.es\/melilla\/#organization"},"image":{"@id":"https:\/\/agrupacionespsoe.es\/melilla\/el-psoe-denuncia-el-abandono-del-mercado-del-real-y-exige-al-pp-una-intervencion-urgente\/#primaryimage"},"thumbnailUrl":"https:\/\/agrupacionespsoe.es\/melilla\/wp-content\/uploads\/sites\/120\/2026\/04\/DSC_1301-scaled.jpg","articleSection":["Actualidad","Barrios"],"inLanguage":"es","potentialAction":[{"@type":"CommentAction","name":"Comment","target":["https:\/\/agrupacionespsoe.es\/melilla\/el-psoe-denuncia-el-abandono-del-mercado-del-real-y-exige-al-pp-una-intervencion-urgente\/#respond"]}]},{"@type":"WebPage","@id":"https:\/\/agrupacionespsoe.es\/melilla\/el-psoe-denuncia-el-abandono-del-mercado-del-real-y-exige-al-pp-una-intervencion-urgente\/","url":"https:\/\/agrupacionespsoe.es\/melilla\/el-psoe-denuncia-el-abandono-del-mercado-del-real-y-exige-al-pp-una-intervencion-urgente\/","name":"El PSOE denuncia el abandono del Mercado del Real y exige al PP una intervenci\u00f3n urgente - Agrupaci\u00f3n Socialista de Melilla","isPartOf":{"@id":"https:\/\/agrupacionespsoe.es\/melilla\/#website"},"primaryImageOfPage":{"@id":"https:\/\/agrupacionespsoe.es\/melilla\/el-psoe-denuncia-el-abandono-del-mercado-del-real-y-exige-al-pp-una-intervencion-urgente\/#primaryimage"},"image":{"@id":"https:\/\/agrupacionespsoe.es\/melilla\/el-psoe-denuncia-el-abandono-del-mercado-del-real-y-exige-al-pp-una-intervencion-urgente\/#primaryimage"},"thumbnailUrl":"https:\/\/agrupacionespsoe.es\/melilla\/wp-content\/uploads\/sites\/120\/2026\/04\/DSC_1301-scaled.jpg","datePublished":"2026-04-29T11:27:11+00:00","dateModified":"2026-04-29T11:28:02+00:00","breadcrumb":{"@id":"https:\/\/agrupacionespsoe.es\/melilla\/el-psoe-denuncia-el-abandono-del-mercado-del-real-y-exige-al-pp-una-intervencion-urgente\/#breadcrumb"},"inLanguage":"es","potentialAction":[{"@type":"ReadAction","target":["https:\/\/agrupacionespsoe.es\/melilla\/el-psoe-denuncia-el-abandono-del-mercado-del-real-y-exige-al-pp-una-intervencion-urgente\/"]}]},{"@type":"ImageObject","inLanguage":"es","@id":"https:\/\/agrupacionespsoe.es\/melilla\/el-psoe-denuncia-el-abandono-del-mercado-del-real-y-exige-al-pp-una-intervencion-urgente\/#primaryimage","url":"https:\/\/agrupacionespsoe.es\/melilla\/wp-content\/uploads\/sites\/120\/2026\/04\/DSC_1301-scaled.jpg","contentUrl":"https:\/\/agrupacionespsoe.es\/melilla\/wp-content\/uploads\/sites\/120\/2026\/04\/DSC_1301-scaled.jpg","width":2560,"height":1707},{"@type":"BreadcrumbList","@id":"https:\/\/agrupacionespsoe.es\/melilla\/el-psoe-denuncia-el-abandono-del-mercado-del-real-y-exige-al-pp-una-intervencion-urgente\/#breadcrumb","itemListElement":[{"@type":"ListItem","position":1,"name":"Portada","item":"https:\/\/agrupacionespsoe.es\/melilla\/"},{"@type":"ListItem","position":2,"name":"El PSOE denuncia el abandono del Mercado del Real y exige al PP una intervenci\u00f3n urgente"}]},{"@type":"WebSite","@id":"https:\/\/agrupacionespsoe.es\/melilla\/#website","url":"https:\/\/agrupacionespsoe.es\/melilla\/","name":"Agrupaci\u00f3n Socialista de Melilla","description":"Agrupaci\u00f3n Socialista de Melilla","publisher":{"@id":"https:\/\/agrupacionespsoe.es\/melilla\/#organization"},"potentialAction":[{"@type":"SearchAction","target":{"@type":"EntryPoint","urlTemplate":"https:\/\/agrupacionespsoe.es\/melilla\/?s={search_term_string}"},"query-input":{"@type":"PropertyValueSpecification","valueRequired":true,"valueName":"search_term_string"}}],"inLanguage":"es"},{"@type":"Organization","@id":"https:\/\/agrupacionespsoe.es\/melilla\/#organization","name":"Agrupaci\u00f3n Socialista de Melilla","url":"https:\/\/agrupacionespsoe.es\/melilla\/","logo":{"@type":"ImageObject","inLanguage":"es","@id":"https:\/\/agrupacionespsoe.es\/melilla\/#\/schema\/logo\/image\/","url":"https:\/\/agrupacionespsoe.es\/wp-content\/uploads\/2022\/07\/Logotipo_electoral_del_PSOE.png","contentUrl":"https:\/\/agrupacionespsoe.es\/wp-content\/uploads\/2022\/07\/Logotipo_electoral_del_PSOE.png","width":422,"height":422,"caption":"Agrupaci\u00f3n Socialista de Melilla"},"image":{"@id":"https:\/\/agrupacionespsoe.es\/melilla\/#\/schema\/logo\/image\/"}},{"@type":"Person","@id":"https:\/\/agrupacionespsoe.es\/melilla\/#\/schema\/person\/72bb3075a827d0ed0623682b96c92bd6","name":"melilla2","image":{"@type":"ImageObject","inLanguage":"es","@id":"https:\/\/agrupacionespsoe.es\/melilla\/#\/schema\/person\/image\/","url":"https:\/\/secure.gravatar.com\/avatar\/489a178e794e59f00db13a448aabca16?s=96&d=mm&r=g","contentUrl":"https:\/\/secure.gravatar.com\/avatar\/489a178e794e59f00db13a448aabca16?s=96&d=mm&r=g","caption":"melilla2"},"url":"https:\/\/agrupacionespsoe.es\/melilla\/author\/melilla2\/"}]}},"jetpack_featured_media_url":"https:\/\/agrupacionespsoe.es\/melilla\/wp-content\/uploads\/sites\/120\/2026\/04\/DSC_1301-scaled.jpg","jetpack_sharing_enabled":true,"_links":{"self":[{"href":"https:\/\/agrupacionespsoe.es\/melilla\/wp-json\/wp\/v2\/posts\/2763","targetHints":{"allow":["GET"]}}],"collection":[{"href":"https:\/\/agrupacionespsoe.es\/melilla\/wp-json\/wp\/v2\/posts"}],"about":[{"href":"https:\/\/agrupacionespsoe.es\/melilla\/wp-json\/wp\/v2\/types\/post"}],"author":[{"embeddable":true,"href":"https:\/\/agrupacionespsoe.es\/melilla\/wp-json\/wp\/v2\/users\/187"}],"replies":[{"embeddable":true,"href":"https:\/\/agrupacionespsoe.es\/melilla\/wp-json\/wp\/v2\/comments?post=2763"}],"version-history":[{"count":2,"href":"https:\/\/agrupacionespsoe.es\/melilla\/wp-json\/wp\/v2\/posts\/2763\/revisions"}],"predecessor-version":[{"id":2775,"href":"https:\/\/agrupacionespsoe.es\/melilla\/wp-json\/wp\/v2\/posts\/2763\/revisions\/2775"}],"wp:featuredmedia":[{"embeddable":true,"href":"https:\/\/agrupacionespsoe.es\/melilla\/wp-json\/wp\/v2\/media\/2764"}],"wp:attachment":[{"href":"https:\/\/agrupacionespsoe.es\/melilla\/wp-json\/wp\/v2\/media?parent=2763"}],"wp:term":[{"taxonomy":"category","embeddable":true,"href":"https:\/\/agrupacionespsoe.es\/melilla\/wp-json\/wp\/v2\/categories?post=2763"},{"taxonomy":"post_tag","embeddable":true,"href":"https:\/\/agrupacionespsoe.es\/melilla\/wp-json\/wp\/v2\/tags?post=2763"}],"curies":[{"name":"wp","href":"https:\/\/api.w.org\/{rel}","templated":true}]}}