{"id":2719,"date":"2026-04-14T09:37:45","date_gmt":"2026-04-14T09:37:45","guid":{"rendered":"https:\/\/agrupacionespsoe.es\/melilla\/?p=2719"},"modified":"2026-04-14T11:29:03","modified_gmt":"2026-04-14T11:29:03","slug":"riduan-moh-destaca-la-inversion-de-73-millones-en-el-parador-va-atraer-turismo-de-mayor-gasto","status":"publish","type":"post","link":"https:\/\/agrupacionespsoe.es\/melilla\/riduan-moh-destaca-la-inversion-de-73-millones-en-el-parador-va-atraer-turismo-de-mayor-gasto\/","title":{"rendered":"Riduan\u00a0Moh\u00a0destaca la inversi\u00f3n de 7,3 millones en el Parador: \u201cVa atraer turismo de mayor gasto\u201d"},"content":{"rendered":"\n<p><strong>\u201cUn parador de calidad genera un efecto multiplicador sobre la econom\u00eda y el turismo de la ciudad\u201d, destaca el socialista<\/strong><\/p>\n\n\n\n<p><strong>\u201cMelilla tiene un enorme potencial tur\u00edstico\u00a0pero ese potencial necesita planificaci\u00f3n, gesti\u00f3n y visi\u00f3n y el PP no tiene\u201d, lamenta<\/strong><\/p>\n\n\n\n<p>El&nbsp;portavoz del Grupo Socialista en la Asamblea,&nbsp;RiduanMoh,&nbsp;ha puesto en valor la inversi\u00f3n de 7,3 millones de euros anunciada por la presidenta de Paradores, Raquel S\u00e1nchez, para la reforma del Parador de Melilla, una actuaci\u00f3n que, seg\u00fan ha subrayado, permitir\u00e1 \u201cmejorar, modernizar y hacer m\u00e1s sostenible\u201d este establecimiento tur\u00edstico.<\/p>\n\n\n\n<p>Durante una rueda de prensa,&nbsp;Moh&nbsp;ha destacado que esta iniciativa \u201cdemuestra, una vez m\u00e1s, que el Gobierno de Espa\u00f1a se compromete con nuestra ciudad y lo hace con hechos y no con palabras\u201d. La inversi\u00f3n se destinar\u00e1 a un edificio situado \u201cen uno de los enclaves m\u00e1s privilegiados de la ciudad, con vistas \u00fanicas al Mediterr\u00e1neo y a la costa\u201d, y que, a su juicio, est\u00e1 llamado a convertirse en \u201cun referente en la oferta de alojamiento tur\u00edstico de Melilla\u201d.<\/p>\n\n\n\n<p>El dirigente socialista ha defendido el papel estrat\u00e9gico de este tipo de infraestructuras, asegurando que \u201cun buen parador no es solo un hotel, es una herramienta de pol\u00edtica tur\u00edstica\u201d. En este sentido, ha explicado que contribuye a posicionar el destino, atraer a un perfil de visitante con mayor capacidad de gasto, impulsar el comercio y la restauraci\u00f3n local, y elevar el est\u00e1ndar de calidad del conjunto del sector, actuando como \u201cun motor de desarrollo econ\u00f3mico para la ciudad\u201d.<\/p>\n\n\n\n<p>Moh&nbsp;ha incidido en el \u201cefecto multiplicador\u201d que&nbsp;tiene un parador de calidad sobre la econom\u00eda local. As\u00ed, ha se\u00f1alado que refuerza la marca y el prestigio de Melilla como destino tur\u00edstico, atrayendo a visitantes interesados no solo en sol y playa, sino tambi\u00e9n en su patrimonio cultural e inmaterial, como la interculturalidad, su historia y enclaves como Melilla la Vieja, el centro modernista o sus museos.<\/p>\n\n\n\n<p>Asimismo, ha apuntado que este tipo de alojamiento apuesta por la experiencia frente al precio bajo, lo que favorece un mayor gasto en restaurantes, comercios y actividades locales. Tambi\u00e9n ha destacado el \u201cefecto de arrastre\u201d sobre el sector, al marcar est\u00e1ndares de calidad, gastronom\u00eda y profesionalizaci\u00f3n que repercuten en el resto de negocios tur\u00edsticos.<\/p>\n\n\n\n<p><strong>La falta de rigor del PP<\/strong><\/p>\n\n\n\n<p>El diputado ha enmarcado esta actuaci\u00f3n dentro de la estrategia del Gobierno&nbsp;Socialista&nbsp;en materia tur\u00edstica, recordando que, a trav\u00e9s del Plan de Recuperaci\u00f3n, Transformaci\u00f3n y Resiliencia (PRTR), se han destinado a Melilla 10 millones de euros mediante tres convenios de turismo, 3,6 millones en ayudas directas a empresas tur\u00edsticas, 200.000 euros para mejorar la accesibilidad a espacios tur\u00edsticos y 500.000 euros para infraestructuras y equipamientos locales, entre otras partidas.<\/p>\n\n\n\n<p>Frente a este modelo,&nbsp;Moh&nbsp;ha criticado la gesti\u00f3n del Gobierno del Partido Popular en la ciudad, al que ha acusado de actuar \u201csin planificaci\u00f3n\u201d y con falta de rigor. En concreto, ha se\u00f1alado la ausencia de mecanismos \u201cobjetivos, serios y transparentes\u201d para medir el impacto real del turismo en la econom\u00eda local, as\u00ed como una ejecuci\u00f3n \u201cdeficiente\u201d de los fondos del PRTR, que, seg\u00fan ha afirmado, puso a Melilla en riesgo de tener que devolver parte de estas ayudas.<\/p>\n\n\n\n<p>Como ejemplo de esta gesti\u00f3n, ha mencionado una campa\u00f1a publicitaria valorada en m\u00e1s de un mill\u00f3n de euros, desarrollada entre noviembre y diciembre, para promocionar las playas de Melilla en autobuses, trenes y metros de la pen\u00ednsula, una iniciativa que ha calificado como \u201cpura improvisaci\u00f3n\u201d.<\/p>\n\n\n\n<p>Finalmente,&nbsp;Moh&nbsp;ha defendido el modelo tur\u00edstico del PSOE, basado en la planificaci\u00f3n, la inversi\u00f3n y la gesti\u00f3n, y ha asegurado que su formaci\u00f3n apuesta por una pol\u00edtica tur\u00edstica centrada en la calidad, la sostenibilidad y el impacto real en la econom\u00eda local.&nbsp;<\/p>\n\n\n\n<p>\u201cMelilla tiene un enorme potencial tur\u00edstico. Pero ese potencial no se desarrolla solo. Necesita planificaci\u00f3n, necesita gesti\u00f3n y necesita visi\u00f3n\u201d, ha dejado claro.&nbsp;Algo, ha avanzado que, \u201ces exactamente lo que el Partido Socialista va a poner en marcha en la pr\u00f3xima legislatura cuando tengamos responsabilidades de gobierno en la ciudad\u201d.<\/p>\n\n\n\n<p>\u201cUna pol\u00edtica tur\u00edstica seria, rigurosa, transparente y bien gestionada. Una pol\u00edtica que no se base en titulares, sino en resultados&nbsp;y, sobre todo, una pol\u00edtica que beneficie de verdad a los melillenses\u201d,&nbsp;ha&nbsp;concluido.<\/p>\n","protected":false},"excerpt":{"rendered":"<p>\u201cUn parador de calidad genera un efecto multiplicador sobre la econom\u00eda y el turismo de la ciudad\u201d, destaca el socialista \u201cMelilla tiene un enorme potencial tur\u00edstico\u00a0pero ese potencial necesita planificaci\u00f3n, gesti\u00f3n y visi\u00f3n y el PP no tiene\u201d, lamenta El&nbsp;portavoz del Grupo Socialista en la Asamblea,&nbsp;RiduanMoh,&nbsp;ha puesto en valor la inversi\u00f3n de 7,3 millones de &#8230;<\/p>\n","protected":false},"author":187,"featured_media":2723,"comment_status":"open","ping_status":"open","sticky":false,"template":"","format":"standard","meta":{"_jetpack_memberships_contains_paid_content":false,"footnotes":""},"categories":[7,132],"tags":[],"class_list":["post-2719","post","type-post","status-publish","format-standard","has-post-thumbnail","hentry","category-actualidad","category-turismo"],"yoast_head":"<!-- This site is optimized with the Yoast SEO plugin v24.0 - https:\/\/yoast.com\/wordpress\/plugins\/seo\/ -->\n<title>Riduan\u00a0Moh\u00a0destaca la inversi\u00f3n de 7,3 millones en el Parador: \u201cVa atraer turismo de mayor gasto\u201d - Agrupaci\u00f3n Socialista de Melilla<\/title>\n<meta name=\"robots\" content=\"index, follow, max-snippet:-1, max-image-preview:large, max-video-preview:-1\" \/>\n<link rel=\"canonical\" href=\"https:\/\/agrupacionespsoe.es\/melilla\/riduan-moh-destaca-la-inversion-de-73-millones-en-el-parador-va-atraer-turismo-de-mayor-gasto\/\" \/>\n<meta property=\"og:locale\" content=\"es_ES\" \/>\n<meta property=\"og:type\" content=\"article\" \/>\n<meta property=\"og:title\" content=\"Riduan\u00a0Moh\u00a0destaca la inversi\u00f3n de 7,3 millones en el Parador: \u201cVa atraer turismo de mayor gasto\u201d - Agrupaci\u00f3n Socialista de Melilla\" \/>\n<meta property=\"og:description\" content=\"\u201cUn parador de calidad genera un efecto multiplicador sobre la econom\u00eda y el turismo de la ciudad\u201d, destaca el socialista \u201cMelilla tiene un enorme potencial tur\u00edstico\u00a0pero ese potencial necesita planificaci\u00f3n, gesti\u00f3n y visi\u00f3n y el PP no tiene\u201d, lamenta El&nbsp;portavoz del Grupo Socialista en la Asamblea,&nbsp;RiduanMoh,&nbsp;ha puesto en valor la inversi\u00f3n de 7,3 millones de ...\" \/>\n<meta property=\"og:url\" content=\"https:\/\/agrupacionespsoe.es\/melilla\/riduan-moh-destaca-la-inversion-de-73-millones-en-el-parador-va-atraer-turismo-de-mayor-gasto\/\" \/>\n<meta property=\"og:site_name\" content=\"Agrupaci\u00f3n Socialista de Melilla\" \/>\n<meta property=\"article:published_time\" content=\"2026-04-14T09:37:45+00:00\" \/>\n<meta property=\"article:modified_time\" content=\"2026-04-14T11:29:03+00:00\" \/>\n<meta property=\"og:image\" content=\"https:\/\/agrupacionespsoe.es\/melilla\/wp-content\/uploads\/sites\/120\/2026\/04\/RMoh_14Abril26-scaled.jpg\" \/>\n\t<meta property=\"og:image:width\" content=\"2560\" \/>\n\t<meta property=\"og:image:height\" content=\"1707\" \/>\n\t<meta property=\"og:image:type\" content=\"image\/jpeg\" \/>\n<meta name=\"author\" content=\"melilla2\" \/>\n<meta name=\"twitter:card\" content=\"summary_large_image\" \/>\n<meta name=\"twitter:label1\" content=\"Escrito por\" \/>\n\t<meta name=\"twitter:data1\" content=\"melilla2\" \/>\n\t<meta name=\"twitter:label2\" content=\"Tiempo de lectura\" \/>\n\t<meta name=\"twitter:data2\" content=\"4 minutos\" \/>\n<script type=\"application\/ld+json\" class=\"yoast-schema-graph\">{\"@context\":\"https:\/\/schema.org\",\"@graph\":[{\"@type\":\"Article\",\"@id\":\"https:\/\/agrupacionespsoe.es\/melilla\/riduan-moh-destaca-la-inversion-de-73-millones-en-el-parador-va-atraer-turismo-de-mayor-gasto\/#article\",\"isPartOf\":{\"@id\":\"https:\/\/agrupacionespsoe.es\/melilla\/riduan-moh-destaca-la-inversion-de-73-millones-en-el-parador-va-atraer-turismo-de-mayor-gasto\/\"},\"author\":{\"name\":\"melilla2\",\"@id\":\"https:\/\/agrupacionespsoe.es\/melilla\/#\/schema\/person\/72bb3075a827d0ed0623682b96c92bd6\"},\"headline\":\"Riduan\u00a0Moh\u00a0destaca la inversi\u00f3n de 7,3 millones en el Parador: \u201cVa atraer turismo de mayor gasto\u201d\",\"datePublished\":\"2026-04-14T09:37:45+00:00\",\"dateModified\":\"2026-04-14T11:29:03+00:00\",\"mainEntityOfPage\":{\"@id\":\"https:\/\/agrupacionespsoe.es\/melilla\/riduan-moh-destaca-la-inversion-de-73-millones-en-el-parador-va-atraer-turismo-de-mayor-gasto\/\"},\"wordCount\":798,\"commentCount\":0,\"publisher\":{\"@id\":\"https:\/\/agrupacionespsoe.es\/melilla\/#organization\"},\"image\":{\"@id\":\"https:\/\/agrupacionespsoe.es\/melilla\/riduan-moh-destaca-la-inversion-de-73-millones-en-el-parador-va-atraer-turismo-de-mayor-gasto\/#primaryimage\"},\"thumbnailUrl\":\"https:\/\/agrupacionespsoe.es\/melilla\/wp-content\/uploads\/sites\/120\/2026\/04\/RMoh_14Abril26-scaled.jpg\",\"articleSection\":[\"Actualidad\",\"Turismo\"],\"inLanguage\":\"es\",\"potentialAction\":[{\"@type\":\"CommentAction\",\"name\":\"Comment\",\"target\":[\"https:\/\/agrupacionespsoe.es\/melilla\/riduan-moh-destaca-la-inversion-de-73-millones-en-el-parador-va-atraer-turismo-de-mayor-gasto\/#respond\"]}]},{\"@type\":\"WebPage\",\"@id\":\"https:\/\/agrupacionespsoe.es\/melilla\/riduan-moh-destaca-la-inversion-de-73-millones-en-el-parador-va-atraer-turismo-de-mayor-gasto\/\",\"url\":\"https:\/\/agrupacionespsoe.es\/melilla\/riduan-moh-destaca-la-inversion-de-73-millones-en-el-parador-va-atraer-turismo-de-mayor-gasto\/\",\"name\":\"Riduan\u00a0Moh\u00a0destaca la inversi\u00f3n de 7,3 millones en el Parador: \u201cVa atraer turismo de mayor gasto\u201d - Agrupaci\u00f3n Socialista de Melilla\",\"isPartOf\":{\"@id\":\"https:\/\/agrupacionespsoe.es\/melilla\/#website\"},\"primaryImageOfPage\":{\"@id\":\"https:\/\/agrupacionespsoe.es\/melilla\/riduan-moh-destaca-la-inversion-de-73-millones-en-el-parador-va-atraer-turismo-de-mayor-gasto\/#primaryimage\"},\"image\":{\"@id\":\"https:\/\/agrupacionespsoe.es\/melilla\/riduan-moh-destaca-la-inversion-de-73-millones-en-el-parador-va-atraer-turismo-de-mayor-gasto\/#primaryimage\"},\"thumbnailUrl\":\"https:\/\/agrupacionespsoe.es\/melilla\/wp-content\/uploads\/sites\/120\/2026\/04\/RMoh_14Abril26-scaled.jpg\",\"datePublished\":\"2026-04-14T09:37:45+00:00\",\"dateModified\":\"2026-04-14T11:29:03+00:00\",\"breadcrumb\":{\"@id\":\"https:\/\/agrupacionespsoe.es\/melilla\/riduan-moh-destaca-la-inversion-de-73-millones-en-el-parador-va-atraer-turismo-de-mayor-gasto\/#breadcrumb\"},\"inLanguage\":\"es\",\"potentialAction\":[{\"@type\":\"ReadAction\",\"target\":[\"https:\/\/agrupacionespsoe.es\/melilla\/riduan-moh-destaca-la-inversion-de-73-millones-en-el-parador-va-atraer-turismo-de-mayor-gasto\/\"]}]},{\"@type\":\"ImageObject\",\"inLanguage\":\"es\",\"@id\":\"https:\/\/agrupacionespsoe.es\/melilla\/riduan-moh-destaca-la-inversion-de-73-millones-en-el-parador-va-atraer-turismo-de-mayor-gasto\/#primaryimage\",\"url\":\"https:\/\/agrupacionespsoe.es\/melilla\/wp-content\/uploads\/sites\/120\/2026\/04\/RMoh_14Abril26-scaled.jpg\",\"contentUrl\":\"https:\/\/agrupacionespsoe.es\/melilla\/wp-content\/uploads\/sites\/120\/2026\/04\/RMoh_14Abril26-scaled.jpg\",\"width\":2560,\"height\":1707},{\"@type\":\"BreadcrumbList\",\"@id\":\"https:\/\/agrupacionespsoe.es\/melilla\/riduan-moh-destaca-la-inversion-de-73-millones-en-el-parador-va-atraer-turismo-de-mayor-gasto\/#breadcrumb\",\"itemListElement\":[{\"@type\":\"ListItem\",\"position\":1,\"name\":\"Portada\",\"item\":\"https:\/\/agrupacionespsoe.es\/melilla\/\"},{\"@type\":\"ListItem\",\"position\":2,\"name\":\"Riduan\u00a0Moh\u00a0destaca la inversi\u00f3n de 7,3 millones en el Parador: \u201cVa atraer turismo de mayor gasto\u201d\"}]},{\"@type\":\"WebSite\",\"@id\":\"https:\/\/agrupacionespsoe.es\/melilla\/#website\",\"url\":\"https:\/\/agrupacionespsoe.es\/melilla\/\",\"name\":\"Agrupaci\u00f3n Socialista de Melilla\",\"description\":\"Agrupaci\u00f3n Socialista de Melilla\",\"publisher\":{\"@id\":\"https:\/\/agrupacionespsoe.es\/melilla\/#organization\"},\"potentialAction\":[{\"@type\":\"SearchAction\",\"target\":{\"@type\":\"EntryPoint\",\"urlTemplate\":\"https:\/\/agrupacionespsoe.es\/melilla\/?s={search_term_string}\"},\"query-input\":{\"@type\":\"PropertyValueSpecification\",\"valueRequired\":true,\"valueName\":\"search_term_string\"}}],\"inLanguage\":\"es\"},{\"@type\":\"Organization\",\"@id\":\"https:\/\/agrupacionespsoe.es\/melilla\/#organization\",\"name\":\"Agrupaci\u00f3n Socialista de Melilla\",\"url\":\"https:\/\/agrupacionespsoe.es\/melilla\/\",\"logo\":{\"@type\":\"ImageObject\",\"inLanguage\":\"es\",\"@id\":\"https:\/\/agrupacionespsoe.es\/melilla\/#\/schema\/logo\/image\/\",\"url\":\"https:\/\/agrupacionespsoe.es\/wp-content\/uploads\/2022\/07\/Logotipo_electoral_del_PSOE.png\",\"contentUrl\":\"https:\/\/agrupacionespsoe.es\/wp-content\/uploads\/2022\/07\/Logotipo_electoral_del_PSOE.png\",\"width\":422,\"height\":422,\"caption\":\"Agrupaci\u00f3n Socialista de Melilla\"},\"image\":{\"@id\":\"https:\/\/agrupacionespsoe.es\/melilla\/#\/schema\/logo\/image\/\"}},{\"@type\":\"Person\",\"@id\":\"https:\/\/agrupacionespsoe.es\/melilla\/#\/schema\/person\/72bb3075a827d0ed0623682b96c92bd6\",\"name\":\"melilla2\",\"image\":{\"@type\":\"ImageObject\",\"inLanguage\":\"es\",\"@id\":\"https:\/\/agrupacionespsoe.es\/melilla\/#\/schema\/person\/image\/\",\"url\":\"https:\/\/secure.gravatar.com\/avatar\/489a178e794e59f00db13a448aabca16?s=96&d=mm&r=g\",\"contentUrl\":\"https:\/\/secure.gravatar.com\/avatar\/489a178e794e59f00db13a448aabca16?s=96&d=mm&r=g\",\"caption\":\"melilla2\"},\"url\":\"https:\/\/agrupacionespsoe.es\/melilla\/author\/melilla2\/\"}]}<\/script>\n<!-- \/ Yoast SEO plugin. -->","yoast_head_json":{"title":"Riduan\u00a0Moh\u00a0destaca la inversi\u00f3n de 7,3 millones en el Parador: \u201cVa atraer turismo de mayor gasto\u201d - Agrupaci\u00f3n Socialista de Melilla","robots":{"index":"index","follow":"follow","max-snippet":"max-snippet:-1","max-image-preview":"max-image-preview:large","max-video-preview":"max-video-preview:-1"},"canonical":"https:\/\/agrupacionespsoe.es\/melilla\/riduan-moh-destaca-la-inversion-de-73-millones-en-el-parador-va-atraer-turismo-de-mayor-gasto\/","og_locale":"es_ES","og_type":"article","og_title":"Riduan\u00a0Moh\u00a0destaca la inversi\u00f3n de 7,3 millones en el Parador: \u201cVa atraer turismo de mayor gasto\u201d - Agrupaci\u00f3n Socialista de Melilla","og_description":"\u201cUn parador de calidad genera un efecto multiplicador sobre la econom\u00eda y el turismo de la ciudad\u201d, destaca el socialista \u201cMelilla tiene un enorme potencial tur\u00edstico\u00a0pero ese potencial necesita planificaci\u00f3n, gesti\u00f3n y visi\u00f3n y el PP no tiene\u201d, lamenta El&nbsp;portavoz del Grupo Socialista en la Asamblea,&nbsp;RiduanMoh,&nbsp;ha puesto en valor la inversi\u00f3n de 7,3 millones de ...","og_url":"https:\/\/agrupacionespsoe.es\/melilla\/riduan-moh-destaca-la-inversion-de-73-millones-en-el-parador-va-atraer-turismo-de-mayor-gasto\/","og_site_name":"Agrupaci\u00f3n Socialista de Melilla","article_published_time":"2026-04-14T09:37:45+00:00","article_modified_time":"2026-04-14T11:29:03+00:00","og_image":[{"width":2560,"height":1707,"url":"https:\/\/agrupacionespsoe.es\/melilla\/wp-content\/uploads\/sites\/120\/2026\/04\/RMoh_14Abril26-scaled.jpg","type":"image\/jpeg"}],"author":"melilla2","twitter_card":"summary_large_image","twitter_misc":{"Escrito por":"melilla2","Tiempo de lectura":"4 minutos"},"schema":{"@context":"https:\/\/schema.org","@graph":[{"@type":"Article","@id":"https:\/\/agrupacionespsoe.es\/melilla\/riduan-moh-destaca-la-inversion-de-73-millones-en-el-parador-va-atraer-turismo-de-mayor-gasto\/#article","isPartOf":{"@id":"https:\/\/agrupacionespsoe.es\/melilla\/riduan-moh-destaca-la-inversion-de-73-millones-en-el-parador-va-atraer-turismo-de-mayor-gasto\/"},"author":{"name":"melilla2","@id":"https:\/\/agrupacionespsoe.es\/melilla\/#\/schema\/person\/72bb3075a827d0ed0623682b96c92bd6"},"headline":"Riduan\u00a0Moh\u00a0destaca la inversi\u00f3n de 7,3 millones en el Parador: \u201cVa atraer turismo de mayor gasto\u201d","datePublished":"2026-04-14T09:37:45+00:00","dateModified":"2026-04-14T11:29:03+00:00","mainEntityOfPage":{"@id":"https:\/\/agrupacionespsoe.es\/melilla\/riduan-moh-destaca-la-inversion-de-73-millones-en-el-parador-va-atraer-turismo-de-mayor-gasto\/"},"wordCount":798,"commentCount":0,"publisher":{"@id":"https:\/\/agrupacionespsoe.es\/melilla\/#organization"},"image":{"@id":"https:\/\/agrupacionespsoe.es\/melilla\/riduan-moh-destaca-la-inversion-de-73-millones-en-el-parador-va-atraer-turismo-de-mayor-gasto\/#primaryimage"},"thumbnailUrl":"https:\/\/agrupacionespsoe.es\/melilla\/wp-content\/uploads\/sites\/120\/2026\/04\/RMoh_14Abril26-scaled.jpg","articleSection":["Actualidad","Turismo"],"inLanguage":"es","potentialAction":[{"@type":"CommentAction","name":"Comment","target":["https:\/\/agrupacionespsoe.es\/melilla\/riduan-moh-destaca-la-inversion-de-73-millones-en-el-parador-va-atraer-turismo-de-mayor-gasto\/#respond"]}]},{"@type":"WebPage","@id":"https:\/\/agrupacionespsoe.es\/melilla\/riduan-moh-destaca-la-inversion-de-73-millones-en-el-parador-va-atraer-turismo-de-mayor-gasto\/","url":"https:\/\/agrupacionespsoe.es\/melilla\/riduan-moh-destaca-la-inversion-de-73-millones-en-el-parador-va-atraer-turismo-de-mayor-gasto\/","name":"Riduan\u00a0Moh\u00a0destaca la inversi\u00f3n de 7,3 millones en el Parador: \u201cVa atraer turismo de mayor gasto\u201d - Agrupaci\u00f3n Socialista de Melilla","isPartOf":{"@id":"https:\/\/agrupacionespsoe.es\/melilla\/#website"},"primaryImageOfPage":{"@id":"https:\/\/agrupacionespsoe.es\/melilla\/riduan-moh-destaca-la-inversion-de-73-millones-en-el-parador-va-atraer-turismo-de-mayor-gasto\/#primaryimage"},"image":{"@id":"https:\/\/agrupacionespsoe.es\/melilla\/riduan-moh-destaca-la-inversion-de-73-millones-en-el-parador-va-atraer-turismo-de-mayor-gasto\/#primaryimage"},"thumbnailUrl":"https:\/\/agrupacionespsoe.es\/melilla\/wp-content\/uploads\/sites\/120\/2026\/04\/RMoh_14Abril26-scaled.jpg","datePublished":"2026-04-14T09:37:45+00:00","dateModified":"2026-04-14T11:29:03+00:00","breadcrumb":{"@id":"https:\/\/agrupacionespsoe.es\/melilla\/riduan-moh-destaca-la-inversion-de-73-millones-en-el-parador-va-atraer-turismo-de-mayor-gasto\/#breadcrumb"},"inLanguage":"es","potentialAction":[{"@type":"ReadAction","target":["https:\/\/agrupacionespsoe.es\/melilla\/riduan-moh-destaca-la-inversion-de-73-millones-en-el-parador-va-atraer-turismo-de-mayor-gasto\/"]}]},{"@type":"ImageObject","inLanguage":"es","@id":"https:\/\/agrupacionespsoe.es\/melilla\/riduan-moh-destaca-la-inversion-de-73-millones-en-el-parador-va-atraer-turismo-de-mayor-gasto\/#primaryimage","url":"https:\/\/agrupacionespsoe.es\/melilla\/wp-content\/uploads\/sites\/120\/2026\/04\/RMoh_14Abril26-scaled.jpg","contentUrl":"https:\/\/agrupacionespsoe.es\/melilla\/wp-content\/uploads\/sites\/120\/2026\/04\/RMoh_14Abril26-scaled.jpg","width":2560,"height":1707},{"@type":"BreadcrumbList","@id":"https:\/\/agrupacionespsoe.es\/melilla\/riduan-moh-destaca-la-inversion-de-73-millones-en-el-parador-va-atraer-turismo-de-mayor-gasto\/#breadcrumb","itemListElement":[{"@type":"ListItem","position":1,"name":"Portada","item":"https:\/\/agrupacionespsoe.es\/melilla\/"},{"@type":"ListItem","position":2,"name":"Riduan\u00a0Moh\u00a0destaca la inversi\u00f3n de 7,3 millones en el Parador: \u201cVa atraer turismo de mayor gasto\u201d"}]},{"@type":"WebSite","@id":"https:\/\/agrupacionespsoe.es\/melilla\/#website","url":"https:\/\/agrupacionespsoe.es\/melilla\/","name":"Agrupaci\u00f3n Socialista de Melilla","description":"Agrupaci\u00f3n Socialista de Melilla","publisher":{"@id":"https:\/\/agrupacionespsoe.es\/melilla\/#organization"},"potentialAction":[{"@type":"SearchAction","target":{"@type":"EntryPoint","urlTemplate":"https:\/\/agrupacionespsoe.es\/melilla\/?s={search_term_string}"},"query-input":{"@type":"PropertyValueSpecification","valueRequired":true,"valueName":"search_term_string"}}],"inLanguage":"es"},{"@type":"Organization","@id":"https:\/\/agrupacionespsoe.es\/melilla\/#organization","name":"Agrupaci\u00f3n Socialista de Melilla","url":"https:\/\/agrupacionespsoe.es\/melilla\/","logo":{"@type":"ImageObject","inLanguage":"es","@id":"https:\/\/agrupacionespsoe.es\/melilla\/#\/schema\/logo\/image\/","url":"https:\/\/agrupacionespsoe.es\/wp-content\/uploads\/2022\/07\/Logotipo_electoral_del_PSOE.png","contentUrl":"https:\/\/agrupacionespsoe.es\/wp-content\/uploads\/2022\/07\/Logotipo_electoral_del_PSOE.png","width":422,"height":422,"caption":"Agrupaci\u00f3n Socialista de Melilla"},"image":{"@id":"https:\/\/agrupacionespsoe.es\/melilla\/#\/schema\/logo\/image\/"}},{"@type":"Person","@id":"https:\/\/agrupacionespsoe.es\/melilla\/#\/schema\/person\/72bb3075a827d0ed0623682b96c92bd6","name":"melilla2","image":{"@type":"ImageObject","inLanguage":"es","@id":"https:\/\/agrupacionespsoe.es\/melilla\/#\/schema\/person\/image\/","url":"https:\/\/secure.gravatar.com\/avatar\/489a178e794e59f00db13a448aabca16?s=96&d=mm&r=g","contentUrl":"https:\/\/secure.gravatar.com\/avatar\/489a178e794e59f00db13a448aabca16?s=96&d=mm&r=g","caption":"melilla2"},"url":"https:\/\/agrupacionespsoe.es\/melilla\/author\/melilla2\/"}]}},"jetpack_featured_media_url":"https:\/\/agrupacionespsoe.es\/melilla\/wp-content\/uploads\/sites\/120\/2026\/04\/RMoh_14Abril26-scaled.jpg","jetpack_sharing_enabled":true,"_links":{"self":[{"href":"https:\/\/agrupacionespsoe.es\/melilla\/wp-json\/wp\/v2\/posts\/2719","targetHints":{"allow":["GET"]}}],"collection":[{"href":"https:\/\/agrupacionespsoe.es\/melilla\/wp-json\/wp\/v2\/posts"}],"about":[{"href":"https:\/\/agrupacionespsoe.es\/melilla\/wp-json\/wp\/v2\/types\/post"}],"author":[{"embeddable":true,"href":"https:\/\/agrupacionespsoe.es\/melilla\/wp-json\/wp\/v2\/users\/187"}],"replies":[{"embeddable":true,"href":"https:\/\/agrupacionespsoe.es\/melilla\/wp-json\/wp\/v2\/comments?post=2719"}],"version-history":[{"count":2,"href":"https:\/\/agrupacionespsoe.es\/melilla\/wp-json\/wp\/v2\/posts\/2719\/revisions"}],"predecessor-version":[{"id":2722,"href":"https:\/\/agrupacionespsoe.es\/melilla\/wp-json\/wp\/v2\/posts\/2719\/revisions\/2722"}],"wp:featuredmedia":[{"embeddable":true,"href":"https:\/\/agrupacionespsoe.es\/melilla\/wp-json\/wp\/v2\/media\/2723"}],"wp:attachment":[{"href":"https:\/\/agrupacionespsoe.es\/melilla\/wp-json\/wp\/v2\/media?parent=2719"}],"wp:term":[{"taxonomy":"category","embeddable":true,"href":"https:\/\/agrupacionespsoe.es\/melilla\/wp-json\/wp\/v2\/categories?post=2719"},{"taxonomy":"post_tag","embeddable":true,"href":"https:\/\/agrupacionespsoe.es\/melilla\/wp-json\/wp\/v2\/tags?post=2719"}],"curies":[{"name":"wp","href":"https:\/\/api.w.org\/{rel}","templated":true}]}}