{"id":264,"date":"2023-05-12T15:25:47","date_gmt":"2023-05-12T15:25:47","guid":{"rendered":"https:\/\/agrupacionespsoe.es\/melilla\/?p=264"},"modified":"2026-03-09T11:43:00","modified_gmt":"2026-03-09T11:43:00","slug":"rojas-apostar-por-el-psoe-el-28m-es-invertir-en-futuro-y-en-una-forma-eficaz-de-gobernar","status":"publish","type":"post","link":"https:\/\/agrupacionespsoe.es\/melilla\/rojas-apostar-por-el-psoe-el-28m-es-invertir-en-futuro-y-en-una-forma-eficaz-de-gobernar\/","title":{"rendered":"Rojas: \u201cApostar por el PSOE el 28M es invertir en futuro y en una forma eficaz de gobernar\u201d"},"content":{"rendered":"\n<ul class=\"wp-block-list\">\n<li><strong>El programa de los socialistas incluye cerca de 600 medidas dirigidas a garantizar el bienestar y la calidad de vida de los melillenses<\/strong><\/li>\n<\/ul>\n\n\n\n<p>\u201cApostar por los candidatos y candidatas socialistas del PSOE de Melilla es invertir en futuro, en esperanza, en ilusi\u00f3n, en solidaridad, en igualdad y en servicios p\u00fablicos de calidad. Apostar por el PSOE en estas elecciones es elegir una manera de gobernar cercana, eficaz, y participativa. Es gobernar con la gente y para la gente\u201d.<\/p>\n\n\n\n<p>La candidata del PSOE a la Presidencia de Melilla, Gloria Rojas, ha dejado claro que de cara a los comicios del 28 de mayo, los socialistas son los \u00fanicos que cuentan con un proyecto serio, de pol\u00edtica seria. \u201cCon un proyecto de ciudad. Sin ruidos, sin gritos. Trabajando por y para la ciudadan\u00eda. Somos el \u00fanico partido que garantiza la convivencia en nuestra ciudad\u201d, ha recordado.<\/p>\n\n\n\n<p>Los socialistas han comenzado el primer d\u00eda de campa\u00f1a electoral visitando el Mercado Central para hacer llegar a la ciudadan\u00eda sus ideas y propuestas, que est\u00e1n reflejadas en el programa electoral participativo que se ha elaborado en los \u00faltimos meses y que ha sido fruto de reuniones con m\u00e1s de un centenar de entidades de nuestra ciudad.<\/p>\n\n\n\n<p>\u201cUn programa que no es otra cosa que el reflejo de nuestra forma de ser, de nuestra forma de gobernar. Desde el di\u00e1logo y buscando el acuerdo con otros, a fin de construir conjuntamente un futuro que fomente el bien com\u00fan y la cohesi\u00f3n social\u201d, ha recalcado Rojas.<\/p>\n\n\n\n<p>Asimismo, ha insistido en que se trata de un compromiso \u201cfirme y sincero\u201d con la ciudadan\u00eda. \u201cUn contrato social contra la desigualdad y la exclusi\u00f3n y en favor del progreso, sin que nadie quede atr\u00e1s. Un documento que expresa p\u00fablicamente valores, principios e ideas que nos identifican y que gu\u00edan nuestras pol\u00edticas y nuestras acciones\u201d, ha subrayado.<\/p>\n\n\n\n<p>El PSOE engloba su programa en torno a ocho conceptos: Melilla <strong>S<\/strong>in dependencia econ\u00f3mica, Melilla <strong>S<\/strong>ostenible, Melilla <strong>S<\/strong>aludable, Melilla <strong>S<\/strong>ocial, Melilla <strong>S<\/strong>abia \/ Ciudad Smart, Melilla <strong>S<\/strong>in brecha de g\u00e9nero, Melilla <strong>S<\/strong>olidaria y Melilla <strong>S<\/strong>egura.<\/p>\n\n\n\n<p>En total, m\u00e1s de 570 medidas que se articulan en apartados como transici\u00f3n econ\u00f3mica, comercio y empleo, modelo econ\u00f3mico, desarrollo de nuevos sectores alternativos, competitividad de nuestras empresas, empleo y conciliaci\u00f3n, transici\u00f3n ecol\u00f3gica justa, servicios sociales, Educaci\u00f3n, FP, Mayores, Universidad, Cultura, Bienestar Animal, coeducaci\u00f3n, deporte, cogobernanza, Seguridad Ciudadana\u2026<\/p>\n\n\n\n<p>\u201cCerca de 600 medidas enfocadas en garantizar el bienestar, la calidad de vida y las oportunidades de toda la ciudadan\u00eda. En esta campa\u00f1a electoral queremos trasladar a la ciudadan\u00eda que nuestro proyecto supone la estabilidad, el presente y el futuro de Melilla. Representamos la tolerancia, el progreso y el respeto\u201d, ha indicado.<\/p>\n\n\n\n<p>\u201cVotar al PSOE el pr\u00f3ximo 28 de mayo es votar s\u00ed a una Melilla mejor. Es decir s\u00ed a lo p\u00fablico, a la justicia social, a una ciudad m\u00e1s verde, m\u00e1s igualitaria. Es decir s\u00ed a la cultura, a la educaci\u00f3n, a tener una Melilla viable econ\u00f3micamente, con futuro, digital, saludable, diversa, universitaria, animalista e inclusiva\u201d, ha asegurado.<\/p>\n\n\n\n<p>Rojas se ha mostrado convencida de que va a ser la pr\u00f3xima presidenta de la Ciudad y ha dejado claro que los ciudadanos que quieran que haya pol\u00edtica seria, honesta, honrada y responsable, tienen que votar al PSOE el pr\u00f3ximo 28 de mayo.<\/p>\n","protected":false},"excerpt":{"rendered":"<p>\u201cApostar por los candidatos y candidatas socialistas del PSOE de Melilla es invertir en futuro, en esperanza, en ilusi\u00f3n, en solidaridad, en igualdad y en servicios p\u00fablicos de calidad. Apostar por el PSOE en estas elecciones es elegir una manera de gobernar cercana, eficaz, y participativa. Es gobernar con la gente y para la gente\u201d. &#8230;<\/p>\n","protected":false},"author":187,"featured_media":265,"comment_status":"open","ping_status":"open","sticky":false,"template":"","format":"standard","meta":{"_jetpack_memberships_contains_paid_content":false,"footnotes":""},"categories":[1],"tags":[21,13,22,14,15],"class_list":["post-264","post","type-post","status-publish","format-standard","has-post-thumbnail","hentry","category-sin-categoria","tag-convivencia","tag-melilla","tag-presidenta","tag-psoe","tag-rojas"],"yoast_head":"<!-- This site is optimized with the Yoast SEO plugin v24.0 - https:\/\/yoast.com\/wordpress\/plugins\/seo\/ -->\n<title>Rojas: \u201cApostar por el PSOE el 28M es invertir en futuro y en una forma eficaz de gobernar\u201d - Agrupaci\u00f3n Socialista de Melilla<\/title>\n<meta name=\"robots\" content=\"index, follow, max-snippet:-1, max-image-preview:large, max-video-preview:-1\" \/>\n<link rel=\"canonical\" href=\"https:\/\/agrupacionespsoe.es\/melilla\/rojas-apostar-por-el-psoe-el-28m-es-invertir-en-futuro-y-en-una-forma-eficaz-de-gobernar\/\" \/>\n<meta property=\"og:locale\" content=\"es_ES\" \/>\n<meta property=\"og:type\" content=\"article\" \/>\n<meta property=\"og:title\" content=\"Rojas: \u201cApostar por el PSOE el 28M es invertir en futuro y en una forma eficaz de gobernar\u201d - Agrupaci\u00f3n Socialista de Melilla\" \/>\n<meta property=\"og:description\" content=\"\u201cApostar por los candidatos y candidatas socialistas del PSOE de Melilla es invertir en futuro, en esperanza, en ilusi\u00f3n, en solidaridad, en igualdad y en servicios p\u00fablicos de calidad. Apostar por el PSOE en estas elecciones es elegir una manera de gobernar cercana, eficaz, y participativa. Es gobernar con la gente y para la gente\u201d. ...\" \/>\n<meta property=\"og:url\" content=\"https:\/\/agrupacionespsoe.es\/melilla\/rojas-apostar-por-el-psoe-el-28m-es-invertir-en-futuro-y-en-una-forma-eficaz-de-gobernar\/\" \/>\n<meta property=\"og:site_name\" content=\"Agrupaci\u00f3n Socialista de Melilla\" \/>\n<meta property=\"article:published_time\" content=\"2023-05-12T15:25:47+00:00\" \/>\n<meta property=\"article:modified_time\" content=\"2026-03-09T11:43:00+00:00\" \/>\n<meta property=\"og:image\" content=\"https:\/\/agrupacionespsoe.es\/melilla\/wp-content\/uploads\/sites\/120\/2023\/05\/Fv7mKbjWwAEdpqU-scaled.jpg\" \/>\n\t<meta property=\"og:image:width\" content=\"2560\" \/>\n\t<meta property=\"og:image:height\" content=\"1442\" \/>\n\t<meta property=\"og:image:type\" content=\"image\/jpeg\" \/>\n<meta name=\"author\" content=\"melilla2\" \/>\n<meta name=\"twitter:card\" content=\"summary_large_image\" \/>\n<meta name=\"twitter:label1\" content=\"Escrito por\" \/>\n\t<meta name=\"twitter:data1\" content=\"melilla2\" \/>\n\t<meta name=\"twitter:label2\" content=\"Tiempo de lectura\" \/>\n\t<meta name=\"twitter:data2\" content=\"3 minutos\" \/>\n<script type=\"application\/ld+json\" class=\"yoast-schema-graph\">{\"@context\":\"https:\/\/schema.org\",\"@graph\":[{\"@type\":\"Article\",\"@id\":\"https:\/\/agrupacionespsoe.es\/melilla\/rojas-apostar-por-el-psoe-el-28m-es-invertir-en-futuro-y-en-una-forma-eficaz-de-gobernar\/#article\",\"isPartOf\":{\"@id\":\"https:\/\/agrupacionespsoe.es\/melilla\/rojas-apostar-por-el-psoe-el-28m-es-invertir-en-futuro-y-en-una-forma-eficaz-de-gobernar\/\"},\"author\":{\"name\":\"melilla2\",\"@id\":\"https:\/\/agrupacionespsoe.es\/melilla\/#\/schema\/person\/72bb3075a827d0ed0623682b96c92bd6\"},\"headline\":\"Rojas: \u201cApostar por el PSOE el 28M es invertir en futuro y en una forma eficaz de gobernar\u201d\",\"datePublished\":\"2023-05-12T15:25:47+00:00\",\"dateModified\":\"2026-03-09T11:43:00+00:00\",\"mainEntityOfPage\":{\"@id\":\"https:\/\/agrupacionespsoe.es\/melilla\/rojas-apostar-por-el-psoe-el-28m-es-invertir-en-futuro-y-en-una-forma-eficaz-de-gobernar\/\"},\"wordCount\":594,\"commentCount\":0,\"publisher\":{\"@id\":\"https:\/\/agrupacionespsoe.es\/melilla\/#organization\"},\"image\":{\"@id\":\"https:\/\/agrupacionespsoe.es\/melilla\/rojas-apostar-por-el-psoe-el-28m-es-invertir-en-futuro-y-en-una-forma-eficaz-de-gobernar\/#primaryimage\"},\"thumbnailUrl\":\"https:\/\/agrupacionespsoe.es\/melilla\/wp-content\/uploads\/sites\/120\/2023\/05\/Fv7mKbjWwAEdpqU-scaled.jpg\",\"keywords\":[\"convivencia\",\"melilla\",\"presidenta\",\"psoe\",\"rojas\"],\"inLanguage\":\"es\",\"potentialAction\":[{\"@type\":\"CommentAction\",\"name\":\"Comment\",\"target\":[\"https:\/\/agrupacionespsoe.es\/melilla\/rojas-apostar-por-el-psoe-el-28m-es-invertir-en-futuro-y-en-una-forma-eficaz-de-gobernar\/#respond\"]}]},{\"@type\":\"WebPage\",\"@id\":\"https:\/\/agrupacionespsoe.es\/melilla\/rojas-apostar-por-el-psoe-el-28m-es-invertir-en-futuro-y-en-una-forma-eficaz-de-gobernar\/\",\"url\":\"https:\/\/agrupacionespsoe.es\/melilla\/rojas-apostar-por-el-psoe-el-28m-es-invertir-en-futuro-y-en-una-forma-eficaz-de-gobernar\/\",\"name\":\"Rojas: \u201cApostar por el PSOE el 28M es invertir en futuro y en una forma eficaz de gobernar\u201d - Agrupaci\u00f3n Socialista de Melilla\",\"isPartOf\":{\"@id\":\"https:\/\/agrupacionespsoe.es\/melilla\/#website\"},\"primaryImageOfPage\":{\"@id\":\"https:\/\/agrupacionespsoe.es\/melilla\/rojas-apostar-por-el-psoe-el-28m-es-invertir-en-futuro-y-en-una-forma-eficaz-de-gobernar\/#primaryimage\"},\"image\":{\"@id\":\"https:\/\/agrupacionespsoe.es\/melilla\/rojas-apostar-por-el-psoe-el-28m-es-invertir-en-futuro-y-en-una-forma-eficaz-de-gobernar\/#primaryimage\"},\"thumbnailUrl\":\"https:\/\/agrupacionespsoe.es\/melilla\/wp-content\/uploads\/sites\/120\/2023\/05\/Fv7mKbjWwAEdpqU-scaled.jpg\",\"datePublished\":\"2023-05-12T15:25:47+00:00\",\"dateModified\":\"2026-03-09T11:43:00+00:00\",\"breadcrumb\":{\"@id\":\"https:\/\/agrupacionespsoe.es\/melilla\/rojas-apostar-por-el-psoe-el-28m-es-invertir-en-futuro-y-en-una-forma-eficaz-de-gobernar\/#breadcrumb\"},\"inLanguage\":\"es\",\"potentialAction\":[{\"@type\":\"ReadAction\",\"target\":[\"https:\/\/agrupacionespsoe.es\/melilla\/rojas-apostar-por-el-psoe-el-28m-es-invertir-en-futuro-y-en-una-forma-eficaz-de-gobernar\/\"]}]},{\"@type\":\"ImageObject\",\"inLanguage\":\"es\",\"@id\":\"https:\/\/agrupacionespsoe.es\/melilla\/rojas-apostar-por-el-psoe-el-28m-es-invertir-en-futuro-y-en-una-forma-eficaz-de-gobernar\/#primaryimage\",\"url\":\"https:\/\/agrupacionespsoe.es\/melilla\/wp-content\/uploads\/sites\/120\/2023\/05\/Fv7mKbjWwAEdpqU-scaled.jpg\",\"contentUrl\":\"https:\/\/agrupacionespsoe.es\/melilla\/wp-content\/uploads\/sites\/120\/2023\/05\/Fv7mKbjWwAEdpqU-scaled.jpg\",\"width\":2560,\"height\":1442},{\"@type\":\"BreadcrumbList\",\"@id\":\"https:\/\/agrupacionespsoe.es\/melilla\/rojas-apostar-por-el-psoe-el-28m-es-invertir-en-futuro-y-en-una-forma-eficaz-de-gobernar\/#breadcrumb\",\"itemListElement\":[{\"@type\":\"ListItem\",\"position\":1,\"name\":\"Portada\",\"item\":\"https:\/\/agrupacionespsoe.es\/melilla\/\"},{\"@type\":\"ListItem\",\"position\":2,\"name\":\"Rojas: \u201cApostar por el PSOE el 28M es invertir en futuro y en una forma eficaz de gobernar\u201d\"}]},{\"@type\":\"WebSite\",\"@id\":\"https:\/\/agrupacionespsoe.es\/melilla\/#website\",\"url\":\"https:\/\/agrupacionespsoe.es\/melilla\/\",\"name\":\"Agrupaci\u00f3n Socialista de Melilla\",\"description\":\"Agrupaci\u00f3n Socialista de Melilla\",\"publisher\":{\"@id\":\"https:\/\/agrupacionespsoe.es\/melilla\/#organization\"},\"potentialAction\":[{\"@type\":\"SearchAction\",\"target\":{\"@type\":\"EntryPoint\",\"urlTemplate\":\"https:\/\/agrupacionespsoe.es\/melilla\/?s={search_term_string}\"},\"query-input\":{\"@type\":\"PropertyValueSpecification\",\"valueRequired\":true,\"valueName\":\"search_term_string\"}}],\"inLanguage\":\"es\"},{\"@type\":\"Organization\",\"@id\":\"https:\/\/agrupacionespsoe.es\/melilla\/#organization\",\"name\":\"Agrupaci\u00f3n Socialista de Melilla\",\"url\":\"https:\/\/agrupacionespsoe.es\/melilla\/\",\"logo\":{\"@type\":\"ImageObject\",\"inLanguage\":\"es\",\"@id\":\"https:\/\/agrupacionespsoe.es\/melilla\/#\/schema\/logo\/image\/\",\"url\":\"https:\/\/agrupacionespsoe.es\/wp-content\/uploads\/2022\/07\/Logotipo_electoral_del_PSOE.png\",\"contentUrl\":\"https:\/\/agrupacionespsoe.es\/wp-content\/uploads\/2022\/07\/Logotipo_electoral_del_PSOE.png\",\"width\":422,\"height\":422,\"caption\":\"Agrupaci\u00f3n Socialista de Melilla\"},\"image\":{\"@id\":\"https:\/\/agrupacionespsoe.es\/melilla\/#\/schema\/logo\/image\/\"}},{\"@type\":\"Person\",\"@id\":\"https:\/\/agrupacionespsoe.es\/melilla\/#\/schema\/person\/72bb3075a827d0ed0623682b96c92bd6\",\"name\":\"melilla2\",\"image\":{\"@type\":\"ImageObject\",\"inLanguage\":\"es\",\"@id\":\"https:\/\/agrupacionespsoe.es\/melilla\/#\/schema\/person\/image\/\",\"url\":\"https:\/\/secure.gravatar.com\/avatar\/489a178e794e59f00db13a448aabca16?s=96&d=mm&r=g\",\"contentUrl\":\"https:\/\/secure.gravatar.com\/avatar\/489a178e794e59f00db13a448aabca16?s=96&d=mm&r=g\",\"caption\":\"melilla2\"},\"url\":\"https:\/\/agrupacionespsoe.es\/melilla\/author\/melilla2\/\"}]}<\/script>\n<!-- \/ Yoast SEO plugin. -->","yoast_head_json":{"title":"Rojas: \u201cApostar por el PSOE el 28M es invertir en futuro y en una forma eficaz de gobernar\u201d - Agrupaci\u00f3n Socialista de Melilla","robots":{"index":"index","follow":"follow","max-snippet":"max-snippet:-1","max-image-preview":"max-image-preview:large","max-video-preview":"max-video-preview:-1"},"canonical":"https:\/\/agrupacionespsoe.es\/melilla\/rojas-apostar-por-el-psoe-el-28m-es-invertir-en-futuro-y-en-una-forma-eficaz-de-gobernar\/","og_locale":"es_ES","og_type":"article","og_title":"Rojas: \u201cApostar por el PSOE el 28M es invertir en futuro y en una forma eficaz de gobernar\u201d - Agrupaci\u00f3n Socialista de Melilla","og_description":"\u201cApostar por los candidatos y candidatas socialistas del PSOE de Melilla es invertir en futuro, en esperanza, en ilusi\u00f3n, en solidaridad, en igualdad y en servicios p\u00fablicos de calidad. Apostar por el PSOE en estas elecciones es elegir una manera de gobernar cercana, eficaz, y participativa. Es gobernar con la gente y para la gente\u201d. ...","og_url":"https:\/\/agrupacionespsoe.es\/melilla\/rojas-apostar-por-el-psoe-el-28m-es-invertir-en-futuro-y-en-una-forma-eficaz-de-gobernar\/","og_site_name":"Agrupaci\u00f3n Socialista de Melilla","article_published_time":"2023-05-12T15:25:47+00:00","article_modified_time":"2026-03-09T11:43:00+00:00","og_image":[{"width":2560,"height":1442,"url":"https:\/\/agrupacionespsoe.es\/melilla\/wp-content\/uploads\/sites\/120\/2023\/05\/Fv7mKbjWwAEdpqU-scaled.jpg","type":"image\/jpeg"}],"author":"melilla2","twitter_card":"summary_large_image","twitter_misc":{"Escrito por":"melilla2","Tiempo de lectura":"3 minutos"},"schema":{"@context":"https:\/\/schema.org","@graph":[{"@type":"Article","@id":"https:\/\/agrupacionespsoe.es\/melilla\/rojas-apostar-por-el-psoe-el-28m-es-invertir-en-futuro-y-en-una-forma-eficaz-de-gobernar\/#article","isPartOf":{"@id":"https:\/\/agrupacionespsoe.es\/melilla\/rojas-apostar-por-el-psoe-el-28m-es-invertir-en-futuro-y-en-una-forma-eficaz-de-gobernar\/"},"author":{"name":"melilla2","@id":"https:\/\/agrupacionespsoe.es\/melilla\/#\/schema\/person\/72bb3075a827d0ed0623682b96c92bd6"},"headline":"Rojas: \u201cApostar por el PSOE el 28M es invertir en futuro y en una forma eficaz de gobernar\u201d","datePublished":"2023-05-12T15:25:47+00:00","dateModified":"2026-03-09T11:43:00+00:00","mainEntityOfPage":{"@id":"https:\/\/agrupacionespsoe.es\/melilla\/rojas-apostar-por-el-psoe-el-28m-es-invertir-en-futuro-y-en-una-forma-eficaz-de-gobernar\/"},"wordCount":594,"commentCount":0,"publisher":{"@id":"https:\/\/agrupacionespsoe.es\/melilla\/#organization"},"image":{"@id":"https:\/\/agrupacionespsoe.es\/melilla\/rojas-apostar-por-el-psoe-el-28m-es-invertir-en-futuro-y-en-una-forma-eficaz-de-gobernar\/#primaryimage"},"thumbnailUrl":"https:\/\/agrupacionespsoe.es\/melilla\/wp-content\/uploads\/sites\/120\/2023\/05\/Fv7mKbjWwAEdpqU-scaled.jpg","keywords":["convivencia","melilla","presidenta","psoe","rojas"],"inLanguage":"es","potentialAction":[{"@type":"CommentAction","name":"Comment","target":["https:\/\/agrupacionespsoe.es\/melilla\/rojas-apostar-por-el-psoe-el-28m-es-invertir-en-futuro-y-en-una-forma-eficaz-de-gobernar\/#respond"]}]},{"@type":"WebPage","@id":"https:\/\/agrupacionespsoe.es\/melilla\/rojas-apostar-por-el-psoe-el-28m-es-invertir-en-futuro-y-en-una-forma-eficaz-de-gobernar\/","url":"https:\/\/agrupacionespsoe.es\/melilla\/rojas-apostar-por-el-psoe-el-28m-es-invertir-en-futuro-y-en-una-forma-eficaz-de-gobernar\/","name":"Rojas: \u201cApostar por el PSOE el 28M es invertir en futuro y en una forma eficaz de gobernar\u201d - Agrupaci\u00f3n Socialista de Melilla","isPartOf":{"@id":"https:\/\/agrupacionespsoe.es\/melilla\/#website"},"primaryImageOfPage":{"@id":"https:\/\/agrupacionespsoe.es\/melilla\/rojas-apostar-por-el-psoe-el-28m-es-invertir-en-futuro-y-en-una-forma-eficaz-de-gobernar\/#primaryimage"},"image":{"@id":"https:\/\/agrupacionespsoe.es\/melilla\/rojas-apostar-por-el-psoe-el-28m-es-invertir-en-futuro-y-en-una-forma-eficaz-de-gobernar\/#primaryimage"},"thumbnailUrl":"https:\/\/agrupacionespsoe.es\/melilla\/wp-content\/uploads\/sites\/120\/2023\/05\/Fv7mKbjWwAEdpqU-scaled.jpg","datePublished":"2023-05-12T15:25:47+00:00","dateModified":"2026-03-09T11:43:00+00:00","breadcrumb":{"@id":"https:\/\/agrupacionespsoe.es\/melilla\/rojas-apostar-por-el-psoe-el-28m-es-invertir-en-futuro-y-en-una-forma-eficaz-de-gobernar\/#breadcrumb"},"inLanguage":"es","potentialAction":[{"@type":"ReadAction","target":["https:\/\/agrupacionespsoe.es\/melilla\/rojas-apostar-por-el-psoe-el-28m-es-invertir-en-futuro-y-en-una-forma-eficaz-de-gobernar\/"]}]},{"@type":"ImageObject","inLanguage":"es","@id":"https:\/\/agrupacionespsoe.es\/melilla\/rojas-apostar-por-el-psoe-el-28m-es-invertir-en-futuro-y-en-una-forma-eficaz-de-gobernar\/#primaryimage","url":"https:\/\/agrupacionespsoe.es\/melilla\/wp-content\/uploads\/sites\/120\/2023\/05\/Fv7mKbjWwAEdpqU-scaled.jpg","contentUrl":"https:\/\/agrupacionespsoe.es\/melilla\/wp-content\/uploads\/sites\/120\/2023\/05\/Fv7mKbjWwAEdpqU-scaled.jpg","width":2560,"height":1442},{"@type":"BreadcrumbList","@id":"https:\/\/agrupacionespsoe.es\/melilla\/rojas-apostar-por-el-psoe-el-28m-es-invertir-en-futuro-y-en-una-forma-eficaz-de-gobernar\/#breadcrumb","itemListElement":[{"@type":"ListItem","position":1,"name":"Portada","item":"https:\/\/agrupacionespsoe.es\/melilla\/"},{"@type":"ListItem","position":2,"name":"Rojas: \u201cApostar por el PSOE el 28M es invertir en futuro y en una forma eficaz de gobernar\u201d"}]},{"@type":"WebSite","@id":"https:\/\/agrupacionespsoe.es\/melilla\/#website","url":"https:\/\/agrupacionespsoe.es\/melilla\/","name":"Agrupaci\u00f3n Socialista de Melilla","description":"Agrupaci\u00f3n Socialista de Melilla","publisher":{"@id":"https:\/\/agrupacionespsoe.es\/melilla\/#organization"},"potentialAction":[{"@type":"SearchAction","target":{"@type":"EntryPoint","urlTemplate":"https:\/\/agrupacionespsoe.es\/melilla\/?s={search_term_string}"},"query-input":{"@type":"PropertyValueSpecification","valueRequired":true,"valueName":"search_term_string"}}],"inLanguage":"es"},{"@type":"Organization","@id":"https:\/\/agrupacionespsoe.es\/melilla\/#organization","name":"Agrupaci\u00f3n Socialista de Melilla","url":"https:\/\/agrupacionespsoe.es\/melilla\/","logo":{"@type":"ImageObject","inLanguage":"es","@id":"https:\/\/agrupacionespsoe.es\/melilla\/#\/schema\/logo\/image\/","url":"https:\/\/agrupacionespsoe.es\/wp-content\/uploads\/2022\/07\/Logotipo_electoral_del_PSOE.png","contentUrl":"https:\/\/agrupacionespsoe.es\/wp-content\/uploads\/2022\/07\/Logotipo_electoral_del_PSOE.png","width":422,"height":422,"caption":"Agrupaci\u00f3n Socialista de Melilla"},"image":{"@id":"https:\/\/agrupacionespsoe.es\/melilla\/#\/schema\/logo\/image\/"}},{"@type":"Person","@id":"https:\/\/agrupacionespsoe.es\/melilla\/#\/schema\/person\/72bb3075a827d0ed0623682b96c92bd6","name":"melilla2","image":{"@type":"ImageObject","inLanguage":"es","@id":"https:\/\/agrupacionespsoe.es\/melilla\/#\/schema\/person\/image\/","url":"https:\/\/secure.gravatar.com\/avatar\/489a178e794e59f00db13a448aabca16?s=96&d=mm&r=g","contentUrl":"https:\/\/secure.gravatar.com\/avatar\/489a178e794e59f00db13a448aabca16?s=96&d=mm&r=g","caption":"melilla2"},"url":"https:\/\/agrupacionespsoe.es\/melilla\/author\/melilla2\/"}]}},"jetpack_featured_media_url":"https:\/\/agrupacionespsoe.es\/melilla\/wp-content\/uploads\/sites\/120\/2023\/05\/Fv7mKbjWwAEdpqU-scaled.jpg","jetpack_sharing_enabled":true,"_links":{"self":[{"href":"https:\/\/agrupacionespsoe.es\/melilla\/wp-json\/wp\/v2\/posts\/264","targetHints":{"allow":["GET"]}}],"collection":[{"href":"https:\/\/agrupacionespsoe.es\/melilla\/wp-json\/wp\/v2\/posts"}],"about":[{"href":"https:\/\/agrupacionespsoe.es\/melilla\/wp-json\/wp\/v2\/types\/post"}],"author":[{"embeddable":true,"href":"https:\/\/agrupacionespsoe.es\/melilla\/wp-json\/wp\/v2\/users\/187"}],"replies":[{"embeddable":true,"href":"https:\/\/agrupacionespsoe.es\/melilla\/wp-json\/wp\/v2\/comments?post=264"}],"version-history":[{"count":1,"href":"https:\/\/agrupacionespsoe.es\/melilla\/wp-json\/wp\/v2\/posts\/264\/revisions"}],"predecessor-version":[{"id":266,"href":"https:\/\/agrupacionespsoe.es\/melilla\/wp-json\/wp\/v2\/posts\/264\/revisions\/266"}],"wp:featuredmedia":[{"embeddable":true,"href":"https:\/\/agrupacionespsoe.es\/melilla\/wp-json\/wp\/v2\/media\/265"}],"wp:attachment":[{"href":"https:\/\/agrupacionespsoe.es\/melilla\/wp-json\/wp\/v2\/media?parent=264"}],"wp:term":[{"taxonomy":"category","embeddable":true,"href":"https:\/\/agrupacionespsoe.es\/melilla\/wp-json\/wp\/v2\/categories?post=264"},{"taxonomy":"post_tag","embeddable":true,"href":"https:\/\/agrupacionespsoe.es\/melilla\/wp-json\/wp\/v2\/tags?post=264"}],"curies":[{"name":"wp","href":"https:\/\/api.w.org\/{rel}","templated":true}]}}