{"id":2625,"date":"2026-03-09T17:32:49","date_gmt":"2026-03-09T17:32:49","guid":{"rendered":"https:\/\/agrupacionespsoe.es\/melilla\/?p=2625"},"modified":"2026-03-09T17:32:50","modified_gmt":"2026-03-09T17:32:50","slug":"el-psoe-de-melilla-respalda-el-manifiesto-socialista-del-8m-y-alerta-del-avance-de-discursos-que-cuestionan-los-derechos-de-las-mujeres","status":"publish","type":"post","link":"https:\/\/agrupacionespsoe.es\/melilla\/el-psoe-de-melilla-respalda-el-manifiesto-socialista-del-8m-y-alerta-del-avance-de-discursos-que-cuestionan-los-derechos-de-las-mujeres\/","title":{"rendered":"El PSOE de Melilla respalda el manifiesto socialista del 8M y alerta del avance de discursos que cuestionan los derechos de las mujeres."},"content":{"rendered":"\n<p><strong>Lenferding: \u201cEl feminismo es hoy m\u00e1s necesario que nunca para defender la democracia y la igualdad real\u201d<\/strong><\/p>\n\n\n\n<p>La secretaria de Igualdad del PSOE de Melilla, Mar\u00eda Jos\u00e9 Lenferding, ha mostrado el respaldo de la formaci\u00f3n socialista en la ciudad al manifiesto del PSOE con motivo del 8 de Marzo, D\u00eda Internacional de las Mujeres, una jornada que, ha se\u00f1alado, \u201cdebe servir para reivindicar los avances conseguidos, pero tambi\u00e9n para recordar que la igualdad real entre mujeres y hombres sigue siendo una tarea pendiente\u201d.<\/p>\n\n\n\n<p>Lenferding ha advertido de que el actual contexto pol\u00edtico y social obliga a reforzar el compromiso con el feminismo. \u201cEstamos viendo c\u00f3mo en distintos lugares del mundo resurgen discursos reaccionarios que pretenden cuestionar derechos que cre\u00edamos consolidados. Cada paso atr\u00e1s en los derechos de las mujeres es tambi\u00e9n un retroceso para la democracia\u201d, ha se\u00f1alado.<\/p>\n\n\n\n<p>En este sentido, la dirigente socialista ha defendido que el feminismo sigue siendo \u201cel motor m\u00e1s transformador de nuestra sociedad\u201d y ha reivindicado el papel que han tenido las pol\u00edticas p\u00fablicas impulsadas desde el socialismo para ampliar derechos y mejorar la vida de millones de mujeres.<\/p>\n\n\n\n<p>Asimismo, Lenferding ha puesto el foco en uno de los retos que recoge el manifiesto socialista: la igualdad en el \u00e1mbito digital. \u201cLas redes sociales y los espacios digitales forman hoy parte de nuestra vida cotidiana, pero tambi\u00e9n se han convertido en escenarios donde muchas mujeres, especialmente las m\u00e1s j\u00f3venes, sufren acoso, insultos o amenazas\u201d, ha se\u00f1alado, recordando que la violencia digital es una extensi\u00f3n de la violencia machista que existe fuera de la red.<\/p>\n\n\n\n<p>Por ello, ha defendido la necesidad de avanzar hacia una agenda feminista para la era tecnol\u00f3gica, que incluya educaci\u00f3n en igualdad, regulaci\u00f3n de los entornos digitales y protecci\u00f3n efectiva para la infancia y la adolescencia frente a contenidos violentos o sexualizados. \u201cLa tecnolog\u00eda debe estar al servicio de la igualdad y no de la reproducci\u00f3n de las desigualdades\u201d, ha subrayado.<\/p>\n\n\n\n<p>En paralelo, la secretaria de Igualdad del PSOE de Melilla ha destacado la importancia de la coeducaci\u00f3n y del compromiso colectivo para construir una sociedad m\u00e1s justa. \u201cLa igualdad no es solo una cuesti\u00f3n de mujeres; es un proyecto de sociedad en el que tambi\u00e9n los hombres deben implicarse para avanzar hacia nuevas formas de convivencia basadas en el respeto y la igualdad\u201d.<\/p>\n\n\n\n<p>Con motivo del 8M, Lenferding ha animado a la ciudadan\u00eda melillense a participar en las iniciativas y actos reivindicativos que se celebran con motivo de esta jornada. \u201cEl 8 de marzo no es solo una fecha simb\u00f3lica. Es un llamamiento a seguir avanzando, a no bajar la guardia y a seguir construyendo una sociedad m\u00e1s libre, m\u00e1s justa y m\u00e1s igualitaria\u201d.<\/p>\n\n\n\n<p>\u201cDesde el PSOE lo tenemos claro: si el patriarcado se reinventa, el feminismo tambi\u00e9n. No daremos ni un paso atr\u00e1s en la defensa de los derechos de las mujeres\u201d, ha concluido.<\/p>\n","protected":false},"excerpt":{"rendered":"<p>Lenferding: \u201cEl feminismo es hoy m\u00e1s necesario que nunca para defender la democracia y la igualdad real\u201d La secretaria de Igualdad del PSOE de Melilla, Mar\u00eda Jos\u00e9 Lenferding, ha mostrado el respaldo de la formaci\u00f3n socialista en la ciudad al manifiesto del PSOE con motivo del 8 de Marzo, D\u00eda Internacional de las Mujeres, una &#8230;<\/p>\n","protected":false},"author":187,"featured_media":2626,"comment_status":"open","ping_status":"open","sticky":false,"template":"","format":"standard","meta":{"_jetpack_memberships_contains_paid_content":false,"footnotes":""},"categories":[7,55,1],"tags":[],"class_list":["post-2625","post","type-post","status-publish","format-standard","has-post-thumbnail","hentry","category-actualidad","category-igualdad","category-sin-categoria"],"yoast_head":"<!-- This site is optimized with the Yoast SEO plugin v24.0 - https:\/\/yoast.com\/wordpress\/plugins\/seo\/ -->\n<title>El PSOE de Melilla respalda el manifiesto socialista del 8M y alerta del avance de discursos que cuestionan los derechos de las mujeres. - Agrupaci\u00f3n Socialista de Melilla<\/title>\n<meta name=\"robots\" content=\"index, follow, max-snippet:-1, max-image-preview:large, max-video-preview:-1\" \/>\n<link rel=\"canonical\" href=\"https:\/\/agrupacionespsoe.es\/melilla\/el-psoe-de-melilla-respalda-el-manifiesto-socialista-del-8m-y-alerta-del-avance-de-discursos-que-cuestionan-los-derechos-de-las-mujeres\/\" \/>\n<meta property=\"og:locale\" content=\"es_ES\" \/>\n<meta property=\"og:type\" content=\"article\" \/>\n<meta property=\"og:title\" content=\"El PSOE de Melilla respalda el manifiesto socialista del 8M y alerta del avance de discursos que cuestionan los derechos de las mujeres. - Agrupaci\u00f3n Socialista de Melilla\" \/>\n<meta property=\"og:description\" content=\"Lenferding: \u201cEl feminismo es hoy m\u00e1s necesario que nunca para defender la democracia y la igualdad real\u201d La secretaria de Igualdad del PSOE de Melilla, Mar\u00eda Jos\u00e9 Lenferding, ha mostrado el respaldo de la formaci\u00f3n socialista en la ciudad al manifiesto del PSOE con motivo del 8 de Marzo, D\u00eda Internacional de las Mujeres, una ...\" \/>\n<meta property=\"og:url\" content=\"https:\/\/agrupacionespsoe.es\/melilla\/el-psoe-de-melilla-respalda-el-manifiesto-socialista-del-8m-y-alerta-del-avance-de-discursos-que-cuestionan-los-derechos-de-las-mujeres\/\" \/>\n<meta property=\"og:site_name\" content=\"Agrupaci\u00f3n Socialista de Melilla\" \/>\n<meta property=\"article:published_time\" content=\"2026-03-09T17:32:49+00:00\" \/>\n<meta property=\"article:modified_time\" content=\"2026-03-09T17:32:50+00:00\" \/>\n<meta property=\"og:image\" content=\"https:\/\/agrupacionespsoe.es\/melilla\/wp-content\/uploads\/sites\/120\/2026\/03\/WhatsApp-Image-2026-03-08-at-13.26.58.jpeg\" \/>\n\t<meta property=\"og:image:width\" content=\"1198\" \/>\n\t<meta property=\"og:image:height\" content=\"880\" \/>\n\t<meta property=\"og:image:type\" content=\"image\/jpeg\" \/>\n<meta name=\"author\" content=\"melilla2\" \/>\n<meta name=\"twitter:card\" content=\"summary_large_image\" \/>\n<meta name=\"twitter:label1\" content=\"Escrito por\" \/>\n\t<meta name=\"twitter:data1\" content=\"melilla2\" \/>\n\t<meta name=\"twitter:label2\" content=\"Tiempo de lectura\" \/>\n\t<meta name=\"twitter:data2\" content=\"3 minutos\" \/>\n<script type=\"application\/ld+json\" class=\"yoast-schema-graph\">{\"@context\":\"https:\/\/schema.org\",\"@graph\":[{\"@type\":\"Article\",\"@id\":\"https:\/\/agrupacionespsoe.es\/melilla\/el-psoe-de-melilla-respalda-el-manifiesto-socialista-del-8m-y-alerta-del-avance-de-discursos-que-cuestionan-los-derechos-de-las-mujeres\/#article\",\"isPartOf\":{\"@id\":\"https:\/\/agrupacionespsoe.es\/melilla\/el-psoe-de-melilla-respalda-el-manifiesto-socialista-del-8m-y-alerta-del-avance-de-discursos-que-cuestionan-los-derechos-de-las-mujeres\/\"},\"author\":{\"name\":\"melilla2\",\"@id\":\"https:\/\/agrupacionespsoe.es\/melilla\/#\/schema\/person\/72bb3075a827d0ed0623682b96c92bd6\"},\"headline\":\"El PSOE de Melilla respalda el manifiesto socialista del 8M y alerta del avance de discursos que cuestionan los derechos de las mujeres.\",\"datePublished\":\"2026-03-09T17:32:49+00:00\",\"dateModified\":\"2026-03-09T17:32:50+00:00\",\"mainEntityOfPage\":{\"@id\":\"https:\/\/agrupacionespsoe.es\/melilla\/el-psoe-de-melilla-respalda-el-manifiesto-socialista-del-8m-y-alerta-del-avance-de-discursos-que-cuestionan-los-derechos-de-las-mujeres\/\"},\"wordCount\":532,\"commentCount\":0,\"publisher\":{\"@id\":\"https:\/\/agrupacionespsoe.es\/melilla\/#organization\"},\"image\":{\"@id\":\"https:\/\/agrupacionespsoe.es\/melilla\/el-psoe-de-melilla-respalda-el-manifiesto-socialista-del-8m-y-alerta-del-avance-de-discursos-que-cuestionan-los-derechos-de-las-mujeres\/#primaryimage\"},\"thumbnailUrl\":\"https:\/\/agrupacionespsoe.es\/melilla\/wp-content\/uploads\/sites\/120\/2026\/03\/WhatsApp-Image-2026-03-08-at-13.26.58.jpeg\",\"articleSection\":[\"Actualidad\",\"Igualdad\"],\"inLanguage\":\"es\",\"potentialAction\":[{\"@type\":\"CommentAction\",\"name\":\"Comment\",\"target\":[\"https:\/\/agrupacionespsoe.es\/melilla\/el-psoe-de-melilla-respalda-el-manifiesto-socialista-del-8m-y-alerta-del-avance-de-discursos-que-cuestionan-los-derechos-de-las-mujeres\/#respond\"]}]},{\"@type\":\"WebPage\",\"@id\":\"https:\/\/agrupacionespsoe.es\/melilla\/el-psoe-de-melilla-respalda-el-manifiesto-socialista-del-8m-y-alerta-del-avance-de-discursos-que-cuestionan-los-derechos-de-las-mujeres\/\",\"url\":\"https:\/\/agrupacionespsoe.es\/melilla\/el-psoe-de-melilla-respalda-el-manifiesto-socialista-del-8m-y-alerta-del-avance-de-discursos-que-cuestionan-los-derechos-de-las-mujeres\/\",\"name\":\"El PSOE de Melilla respalda el manifiesto socialista del 8M y alerta del avance de discursos que cuestionan los derechos de las mujeres. - Agrupaci\u00f3n Socialista de Melilla\",\"isPartOf\":{\"@id\":\"https:\/\/agrupacionespsoe.es\/melilla\/#website\"},\"primaryImageOfPage\":{\"@id\":\"https:\/\/agrupacionespsoe.es\/melilla\/el-psoe-de-melilla-respalda-el-manifiesto-socialista-del-8m-y-alerta-del-avance-de-discursos-que-cuestionan-los-derechos-de-las-mujeres\/#primaryimage\"},\"image\":{\"@id\":\"https:\/\/agrupacionespsoe.es\/melilla\/el-psoe-de-melilla-respalda-el-manifiesto-socialista-del-8m-y-alerta-del-avance-de-discursos-que-cuestionan-los-derechos-de-las-mujeres\/#primaryimage\"},\"thumbnailUrl\":\"https:\/\/agrupacionespsoe.es\/melilla\/wp-content\/uploads\/sites\/120\/2026\/03\/WhatsApp-Image-2026-03-08-at-13.26.58.jpeg\",\"datePublished\":\"2026-03-09T17:32:49+00:00\",\"dateModified\":\"2026-03-09T17:32:50+00:00\",\"breadcrumb\":{\"@id\":\"https:\/\/agrupacionespsoe.es\/melilla\/el-psoe-de-melilla-respalda-el-manifiesto-socialista-del-8m-y-alerta-del-avance-de-discursos-que-cuestionan-los-derechos-de-las-mujeres\/#breadcrumb\"},\"inLanguage\":\"es\",\"potentialAction\":[{\"@type\":\"ReadAction\",\"target\":[\"https:\/\/agrupacionespsoe.es\/melilla\/el-psoe-de-melilla-respalda-el-manifiesto-socialista-del-8m-y-alerta-del-avance-de-discursos-que-cuestionan-los-derechos-de-las-mujeres\/\"]}]},{\"@type\":\"ImageObject\",\"inLanguage\":\"es\",\"@id\":\"https:\/\/agrupacionespsoe.es\/melilla\/el-psoe-de-melilla-respalda-el-manifiesto-socialista-del-8m-y-alerta-del-avance-de-discursos-que-cuestionan-los-derechos-de-las-mujeres\/#primaryimage\",\"url\":\"https:\/\/agrupacionespsoe.es\/melilla\/wp-content\/uploads\/sites\/120\/2026\/03\/WhatsApp-Image-2026-03-08-at-13.26.58.jpeg\",\"contentUrl\":\"https:\/\/agrupacionespsoe.es\/melilla\/wp-content\/uploads\/sites\/120\/2026\/03\/WhatsApp-Image-2026-03-08-at-13.26.58.jpeg\",\"width\":1198,\"height\":880},{\"@type\":\"BreadcrumbList\",\"@id\":\"https:\/\/agrupacionespsoe.es\/melilla\/el-psoe-de-melilla-respalda-el-manifiesto-socialista-del-8m-y-alerta-del-avance-de-discursos-que-cuestionan-los-derechos-de-las-mujeres\/#breadcrumb\",\"itemListElement\":[{\"@type\":\"ListItem\",\"position\":1,\"name\":\"Portada\",\"item\":\"https:\/\/agrupacionespsoe.es\/melilla\/\"},{\"@type\":\"ListItem\",\"position\":2,\"name\":\"El PSOE de Melilla respalda el manifiesto socialista del 8M y alerta del avance de discursos que cuestionan los derechos de las mujeres.\"}]},{\"@type\":\"WebSite\",\"@id\":\"https:\/\/agrupacionespsoe.es\/melilla\/#website\",\"url\":\"https:\/\/agrupacionespsoe.es\/melilla\/\",\"name\":\"Agrupaci\u00f3n Socialista de Melilla\",\"description\":\"Agrupaci\u00f3n Socialista de Melilla\",\"publisher\":{\"@id\":\"https:\/\/agrupacionespsoe.es\/melilla\/#organization\"},\"potentialAction\":[{\"@type\":\"SearchAction\",\"target\":{\"@type\":\"EntryPoint\",\"urlTemplate\":\"https:\/\/agrupacionespsoe.es\/melilla\/?s={search_term_string}\"},\"query-input\":{\"@type\":\"PropertyValueSpecification\",\"valueRequired\":true,\"valueName\":\"search_term_string\"}}],\"inLanguage\":\"es\"},{\"@type\":\"Organization\",\"@id\":\"https:\/\/agrupacionespsoe.es\/melilla\/#organization\",\"name\":\"Agrupaci\u00f3n Socialista de Melilla\",\"url\":\"https:\/\/agrupacionespsoe.es\/melilla\/\",\"logo\":{\"@type\":\"ImageObject\",\"inLanguage\":\"es\",\"@id\":\"https:\/\/agrupacionespsoe.es\/melilla\/#\/schema\/logo\/image\/\",\"url\":\"https:\/\/agrupacionespsoe.es\/wp-content\/uploads\/2022\/07\/Logotipo_electoral_del_PSOE.png\",\"contentUrl\":\"https:\/\/agrupacionespsoe.es\/wp-content\/uploads\/2022\/07\/Logotipo_electoral_del_PSOE.png\",\"width\":422,\"height\":422,\"caption\":\"Agrupaci\u00f3n Socialista de Melilla\"},\"image\":{\"@id\":\"https:\/\/agrupacionespsoe.es\/melilla\/#\/schema\/logo\/image\/\"}},{\"@type\":\"Person\",\"@id\":\"https:\/\/agrupacionespsoe.es\/melilla\/#\/schema\/person\/72bb3075a827d0ed0623682b96c92bd6\",\"name\":\"melilla2\",\"image\":{\"@type\":\"ImageObject\",\"inLanguage\":\"es\",\"@id\":\"https:\/\/agrupacionespsoe.es\/melilla\/#\/schema\/person\/image\/\",\"url\":\"https:\/\/secure.gravatar.com\/avatar\/489a178e794e59f00db13a448aabca16?s=96&d=mm&r=g\",\"contentUrl\":\"https:\/\/secure.gravatar.com\/avatar\/489a178e794e59f00db13a448aabca16?s=96&d=mm&r=g\",\"caption\":\"melilla2\"},\"url\":\"https:\/\/agrupacionespsoe.es\/melilla\/author\/melilla2\/\"}]}<\/script>\n<!-- \/ Yoast SEO plugin. -->","yoast_head_json":{"title":"El PSOE de Melilla respalda el manifiesto socialista del 8M y alerta del avance de discursos que cuestionan los derechos de las mujeres. - Agrupaci\u00f3n Socialista de Melilla","robots":{"index":"index","follow":"follow","max-snippet":"max-snippet:-1","max-image-preview":"max-image-preview:large","max-video-preview":"max-video-preview:-1"},"canonical":"https:\/\/agrupacionespsoe.es\/melilla\/el-psoe-de-melilla-respalda-el-manifiesto-socialista-del-8m-y-alerta-del-avance-de-discursos-que-cuestionan-los-derechos-de-las-mujeres\/","og_locale":"es_ES","og_type":"article","og_title":"El PSOE de Melilla respalda el manifiesto socialista del 8M y alerta del avance de discursos que cuestionan los derechos de las mujeres. - Agrupaci\u00f3n Socialista de Melilla","og_description":"Lenferding: \u201cEl feminismo es hoy m\u00e1s necesario que nunca para defender la democracia y la igualdad real\u201d La secretaria de Igualdad del PSOE de Melilla, Mar\u00eda Jos\u00e9 Lenferding, ha mostrado el respaldo de la formaci\u00f3n socialista en la ciudad al manifiesto del PSOE con motivo del 8 de Marzo, D\u00eda Internacional de las Mujeres, una ...","og_url":"https:\/\/agrupacionespsoe.es\/melilla\/el-psoe-de-melilla-respalda-el-manifiesto-socialista-del-8m-y-alerta-del-avance-de-discursos-que-cuestionan-los-derechos-de-las-mujeres\/","og_site_name":"Agrupaci\u00f3n Socialista de Melilla","article_published_time":"2026-03-09T17:32:49+00:00","article_modified_time":"2026-03-09T17:32:50+00:00","og_image":[{"width":1198,"height":880,"url":"https:\/\/agrupacionespsoe.es\/melilla\/wp-content\/uploads\/sites\/120\/2026\/03\/WhatsApp-Image-2026-03-08-at-13.26.58.jpeg","type":"image\/jpeg"}],"author":"melilla2","twitter_card":"summary_large_image","twitter_misc":{"Escrito por":"melilla2","Tiempo de lectura":"3 minutos"},"schema":{"@context":"https:\/\/schema.org","@graph":[{"@type":"Article","@id":"https:\/\/agrupacionespsoe.es\/melilla\/el-psoe-de-melilla-respalda-el-manifiesto-socialista-del-8m-y-alerta-del-avance-de-discursos-que-cuestionan-los-derechos-de-las-mujeres\/#article","isPartOf":{"@id":"https:\/\/agrupacionespsoe.es\/melilla\/el-psoe-de-melilla-respalda-el-manifiesto-socialista-del-8m-y-alerta-del-avance-de-discursos-que-cuestionan-los-derechos-de-las-mujeres\/"},"author":{"name":"melilla2","@id":"https:\/\/agrupacionespsoe.es\/melilla\/#\/schema\/person\/72bb3075a827d0ed0623682b96c92bd6"},"headline":"El PSOE de Melilla respalda el manifiesto socialista del 8M y alerta del avance de discursos que cuestionan los derechos de las mujeres.","datePublished":"2026-03-09T17:32:49+00:00","dateModified":"2026-03-09T17:32:50+00:00","mainEntityOfPage":{"@id":"https:\/\/agrupacionespsoe.es\/melilla\/el-psoe-de-melilla-respalda-el-manifiesto-socialista-del-8m-y-alerta-del-avance-de-discursos-que-cuestionan-los-derechos-de-las-mujeres\/"},"wordCount":532,"commentCount":0,"publisher":{"@id":"https:\/\/agrupacionespsoe.es\/melilla\/#organization"},"image":{"@id":"https:\/\/agrupacionespsoe.es\/melilla\/el-psoe-de-melilla-respalda-el-manifiesto-socialista-del-8m-y-alerta-del-avance-de-discursos-que-cuestionan-los-derechos-de-las-mujeres\/#primaryimage"},"thumbnailUrl":"https:\/\/agrupacionespsoe.es\/melilla\/wp-content\/uploads\/sites\/120\/2026\/03\/WhatsApp-Image-2026-03-08-at-13.26.58.jpeg","articleSection":["Actualidad","Igualdad"],"inLanguage":"es","potentialAction":[{"@type":"CommentAction","name":"Comment","target":["https:\/\/agrupacionespsoe.es\/melilla\/el-psoe-de-melilla-respalda-el-manifiesto-socialista-del-8m-y-alerta-del-avance-de-discursos-que-cuestionan-los-derechos-de-las-mujeres\/#respond"]}]},{"@type":"WebPage","@id":"https:\/\/agrupacionespsoe.es\/melilla\/el-psoe-de-melilla-respalda-el-manifiesto-socialista-del-8m-y-alerta-del-avance-de-discursos-que-cuestionan-los-derechos-de-las-mujeres\/","url":"https:\/\/agrupacionespsoe.es\/melilla\/el-psoe-de-melilla-respalda-el-manifiesto-socialista-del-8m-y-alerta-del-avance-de-discursos-que-cuestionan-los-derechos-de-las-mujeres\/","name":"El PSOE de Melilla respalda el manifiesto socialista del 8M y alerta del avance de discursos que cuestionan los derechos de las mujeres. - Agrupaci\u00f3n Socialista de Melilla","isPartOf":{"@id":"https:\/\/agrupacionespsoe.es\/melilla\/#website"},"primaryImageOfPage":{"@id":"https:\/\/agrupacionespsoe.es\/melilla\/el-psoe-de-melilla-respalda-el-manifiesto-socialista-del-8m-y-alerta-del-avance-de-discursos-que-cuestionan-los-derechos-de-las-mujeres\/#primaryimage"},"image":{"@id":"https:\/\/agrupacionespsoe.es\/melilla\/el-psoe-de-melilla-respalda-el-manifiesto-socialista-del-8m-y-alerta-del-avance-de-discursos-que-cuestionan-los-derechos-de-las-mujeres\/#primaryimage"},"thumbnailUrl":"https:\/\/agrupacionespsoe.es\/melilla\/wp-content\/uploads\/sites\/120\/2026\/03\/WhatsApp-Image-2026-03-08-at-13.26.58.jpeg","datePublished":"2026-03-09T17:32:49+00:00","dateModified":"2026-03-09T17:32:50+00:00","breadcrumb":{"@id":"https:\/\/agrupacionespsoe.es\/melilla\/el-psoe-de-melilla-respalda-el-manifiesto-socialista-del-8m-y-alerta-del-avance-de-discursos-que-cuestionan-los-derechos-de-las-mujeres\/#breadcrumb"},"inLanguage":"es","potentialAction":[{"@type":"ReadAction","target":["https:\/\/agrupacionespsoe.es\/melilla\/el-psoe-de-melilla-respalda-el-manifiesto-socialista-del-8m-y-alerta-del-avance-de-discursos-que-cuestionan-los-derechos-de-las-mujeres\/"]}]},{"@type":"ImageObject","inLanguage":"es","@id":"https:\/\/agrupacionespsoe.es\/melilla\/el-psoe-de-melilla-respalda-el-manifiesto-socialista-del-8m-y-alerta-del-avance-de-discursos-que-cuestionan-los-derechos-de-las-mujeres\/#primaryimage","url":"https:\/\/agrupacionespsoe.es\/melilla\/wp-content\/uploads\/sites\/120\/2026\/03\/WhatsApp-Image-2026-03-08-at-13.26.58.jpeg","contentUrl":"https:\/\/agrupacionespsoe.es\/melilla\/wp-content\/uploads\/sites\/120\/2026\/03\/WhatsApp-Image-2026-03-08-at-13.26.58.jpeg","width":1198,"height":880},{"@type":"BreadcrumbList","@id":"https:\/\/agrupacionespsoe.es\/melilla\/el-psoe-de-melilla-respalda-el-manifiesto-socialista-del-8m-y-alerta-del-avance-de-discursos-que-cuestionan-los-derechos-de-las-mujeres\/#breadcrumb","itemListElement":[{"@type":"ListItem","position":1,"name":"Portada","item":"https:\/\/agrupacionespsoe.es\/melilla\/"},{"@type":"ListItem","position":2,"name":"El PSOE de Melilla respalda el manifiesto socialista del 8M y alerta del avance de discursos que cuestionan los derechos de las mujeres."}]},{"@type":"WebSite","@id":"https:\/\/agrupacionespsoe.es\/melilla\/#website","url":"https:\/\/agrupacionespsoe.es\/melilla\/","name":"Agrupaci\u00f3n Socialista de Melilla","description":"Agrupaci\u00f3n Socialista de Melilla","publisher":{"@id":"https:\/\/agrupacionespsoe.es\/melilla\/#organization"},"potentialAction":[{"@type":"SearchAction","target":{"@type":"EntryPoint","urlTemplate":"https:\/\/agrupacionespsoe.es\/melilla\/?s={search_term_string}"},"query-input":{"@type":"PropertyValueSpecification","valueRequired":true,"valueName":"search_term_string"}}],"inLanguage":"es"},{"@type":"Organization","@id":"https:\/\/agrupacionespsoe.es\/melilla\/#organization","name":"Agrupaci\u00f3n Socialista de Melilla","url":"https:\/\/agrupacionespsoe.es\/melilla\/","logo":{"@type":"ImageObject","inLanguage":"es","@id":"https:\/\/agrupacionespsoe.es\/melilla\/#\/schema\/logo\/image\/","url":"https:\/\/agrupacionespsoe.es\/wp-content\/uploads\/2022\/07\/Logotipo_electoral_del_PSOE.png","contentUrl":"https:\/\/agrupacionespsoe.es\/wp-content\/uploads\/2022\/07\/Logotipo_electoral_del_PSOE.png","width":422,"height":422,"caption":"Agrupaci\u00f3n Socialista de Melilla"},"image":{"@id":"https:\/\/agrupacionespsoe.es\/melilla\/#\/schema\/logo\/image\/"}},{"@type":"Person","@id":"https:\/\/agrupacionespsoe.es\/melilla\/#\/schema\/person\/72bb3075a827d0ed0623682b96c92bd6","name":"melilla2","image":{"@type":"ImageObject","inLanguage":"es","@id":"https:\/\/agrupacionespsoe.es\/melilla\/#\/schema\/person\/image\/","url":"https:\/\/secure.gravatar.com\/avatar\/489a178e794e59f00db13a448aabca16?s=96&d=mm&r=g","contentUrl":"https:\/\/secure.gravatar.com\/avatar\/489a178e794e59f00db13a448aabca16?s=96&d=mm&r=g","caption":"melilla2"},"url":"https:\/\/agrupacionespsoe.es\/melilla\/author\/melilla2\/"}]}},"jetpack_featured_media_url":"https:\/\/agrupacionespsoe.es\/melilla\/wp-content\/uploads\/sites\/120\/2026\/03\/WhatsApp-Image-2026-03-08-at-13.26.58.jpeg","jetpack_sharing_enabled":true,"_links":{"self":[{"href":"https:\/\/agrupacionespsoe.es\/melilla\/wp-json\/wp\/v2\/posts\/2625","targetHints":{"allow":["GET"]}}],"collection":[{"href":"https:\/\/agrupacionespsoe.es\/melilla\/wp-json\/wp\/v2\/posts"}],"about":[{"href":"https:\/\/agrupacionespsoe.es\/melilla\/wp-json\/wp\/v2\/types\/post"}],"author":[{"embeddable":true,"href":"https:\/\/agrupacionespsoe.es\/melilla\/wp-json\/wp\/v2\/users\/187"}],"replies":[{"embeddable":true,"href":"https:\/\/agrupacionespsoe.es\/melilla\/wp-json\/wp\/v2\/comments?post=2625"}],"version-history":[{"count":1,"href":"https:\/\/agrupacionespsoe.es\/melilla\/wp-json\/wp\/v2\/posts\/2625\/revisions"}],"predecessor-version":[{"id":2627,"href":"https:\/\/agrupacionespsoe.es\/melilla\/wp-json\/wp\/v2\/posts\/2625\/revisions\/2627"}],"wp:featuredmedia":[{"embeddable":true,"href":"https:\/\/agrupacionespsoe.es\/melilla\/wp-json\/wp\/v2\/media\/2626"}],"wp:attachment":[{"href":"https:\/\/agrupacionespsoe.es\/melilla\/wp-json\/wp\/v2\/media?parent=2625"}],"wp:term":[{"taxonomy":"category","embeddable":true,"href":"https:\/\/agrupacionespsoe.es\/melilla\/wp-json\/wp\/v2\/categories?post=2625"},{"taxonomy":"post_tag","embeddable":true,"href":"https:\/\/agrupacionespsoe.es\/melilla\/wp-json\/wp\/v2\/tags?post=2625"}],"curies":[{"name":"wp","href":"https:\/\/api.w.org\/{rel}","templated":true}]}}