{"id":258,"date":"2023-05-09T12:37:05","date_gmt":"2023-05-09T12:37:05","guid":{"rendered":"https:\/\/agrupacionespsoe.es\/melilla\/?p=258"},"modified":"2026-03-09T11:43:05","modified_gmt":"2026-03-09T11:43:05","slug":"rojas-aberchan-ha-vuelto-a-mentir-a-los-trabajadores-de-valoriza-que-deje-ya-la-demagogia","status":"publish","type":"post","link":"https:\/\/agrupacionespsoe.es\/melilla\/rojas-aberchan-ha-vuelto-a-mentir-a-los-trabajadores-de-valoriza-que-deje-ya-la-demagogia\/","title":{"rendered":"Rojas: \u201cAberch\u00e1n ha vuelto a mentir a los trabajadores de Valoriza. Que deje ya la demagogia\u201d"},"content":{"rendered":"\n<ul class=\"wp-block-list\">\n<li><strong>La l\u00edder socialista deja claro que la subida salarial no es fruto de CpM, sino de un acuerdo entre la empresa y los sindicatos<\/strong><\/li>\n<\/ul>\n\n\n\n<p>\u201cMustafa Aberch\u00e1n ha vuelto a mentir a los melillenses con una supuesta subida salarial que dice que va a hacer Coalici\u00f3n por Melilla a los trabajadores de Valoriza. Que deje de ser demagogo y populista. CpM no puede subir el sueldo a los empleados de una empresa privada\u201d.<\/p>\n\n\n\n<p>La secretaria general del PSOE, Gloria Rojas, ha rechazado las declaraciones de ayer de Mustafa Aberchan y ha dejado claro que lo que est\u00e1 haciendo, de nuevo, es mentir a la ciudadan\u00eda melillense.<\/p>\n\n\n\n<p>La l\u00edder socialista ha puesto de relieve que las subidas salariales de los trabajadores de las empresas privadas se acuerdan entre las propias empresas y los sindicatos.<\/p>\n\n\n\n<p>\u201cLo que tiene que hacer el pr\u00f3ximo Gobierno que est\u00e9 es contemplar esa subida en la partida presupuestaria cuando se saque el pliego de condiciones al que concurrir\u00e1 cualquier empresa de forma libre\u201d, ha explicado la n\u00famero uno de los socialistas melillenses, que ha recordado que la pr\u00f3rroga del contrato de limpieza que est\u00e1 actualmente vigente finaliza en el a\u00f1o 2024.<\/p>\n\n\n\n<p>\u201cQue dejen de mentir a la gente\u201d, ha pedido Rojas, que tambi\u00e9n ha exigido a CpM que respete el \u201ctrabajo intenso\u201d que hacen los sindicatos para la mejora de las condiciones laborales.<\/p>\n\n\n\n<p><strong>Contrato de limpieza<\/strong><\/p>\n\n\n\n<p>Por otro lado, la l\u00edder socialista ha hecho referencia a las cr\u00edticas de Aberch\u00e1n acerca de la postura del PSOE con respecto al contrato de limpieza. \u201cEste contrato tendr\u00eda que haberse hecho much\u00edsimo antes. Lo que no va a hacer el PSOE es votar a favor de algo que los informes de los t\u00e9cnicos declaran como ilegal. Que deje de hacer demagogia\u201d, ha se\u00f1alado.<\/p>\n\n\n\n<p>Por otro lado, Rojas ha explicado que el PSOE s\u00ed apoy\u00f3 en la Comisi\u00f3n de Medio Ambiente celebrada ayer una propuesta, que est\u00e1 contemplada en los Presupuestos Generales de la Ciudad, que es una partida para mejorar los contratos de los trabajadores.<\/p>\n\n\n\n<p>\u201cEstamos a favor porque cuenta con todos los informes de legalidad y tambi\u00e9n lo apoyaremos en el pleno. Lo que no puede pedir Aberch\u00e1n es que apoyemos algo que es ilegal\u201d, ha concluido.<\/p>\n","protected":false},"excerpt":{"rendered":"<p>\u201cMustafa Aberch\u00e1n ha vuelto a mentir a los melillenses con una supuesta subida salarial que dice que va a hacer Coalici\u00f3n por Melilla a los trabajadores de Valoriza. Que deje de ser demagogo y populista. CpM no puede subir el sueldo a los empleados de una empresa privada\u201d. La secretaria general del PSOE, Gloria Rojas, &#8230;<\/p>\n","protected":false},"author":187,"featured_media":259,"comment_status":"open","ping_status":"open","sticky":false,"template":"","format":"standard","meta":{"_jetpack_memberships_contains_paid_content":false,"footnotes":""},"categories":[1],"tags":[],"class_list":["post-258","post","type-post","status-publish","format-standard","has-post-thumbnail","hentry","category-sin-categoria"],"yoast_head":"<!-- This site is optimized with the Yoast SEO plugin v24.0 - https:\/\/yoast.com\/wordpress\/plugins\/seo\/ -->\n<title>Rojas: \u201cAberch\u00e1n ha vuelto a mentir a los trabajadores de Valoriza. Que deje ya la demagogia\u201d - Agrupaci\u00f3n Socialista de Melilla<\/title>\n<meta name=\"robots\" content=\"index, follow, max-snippet:-1, max-image-preview:large, max-video-preview:-1\" \/>\n<link rel=\"canonical\" href=\"https:\/\/agrupacionespsoe.es\/melilla\/rojas-aberchan-ha-vuelto-a-mentir-a-los-trabajadores-de-valoriza-que-deje-ya-la-demagogia\/\" \/>\n<meta property=\"og:locale\" content=\"es_ES\" \/>\n<meta property=\"og:type\" content=\"article\" \/>\n<meta property=\"og:title\" content=\"Rojas: \u201cAberch\u00e1n ha vuelto a mentir a los trabajadores de Valoriza. Que deje ya la demagogia\u201d - Agrupaci\u00f3n Socialista de Melilla\" \/>\n<meta property=\"og:description\" content=\"\u201cMustafa Aberch\u00e1n ha vuelto a mentir a los melillenses con una supuesta subida salarial que dice que va a hacer Coalici\u00f3n por Melilla a los trabajadores de Valoriza. Que deje de ser demagogo y populista. CpM no puede subir el sueldo a los empleados de una empresa privada\u201d. La secretaria general del PSOE, Gloria Rojas, ...\" \/>\n<meta property=\"og:url\" content=\"https:\/\/agrupacionespsoe.es\/melilla\/rojas-aberchan-ha-vuelto-a-mentir-a-los-trabajadores-de-valoriza-que-deje-ya-la-demagogia\/\" \/>\n<meta property=\"og:site_name\" content=\"Agrupaci\u00f3n Socialista de Melilla\" \/>\n<meta property=\"article:published_time\" content=\"2023-05-09T12:37:05+00:00\" \/>\n<meta property=\"article:modified_time\" content=\"2026-03-09T11:43:05+00:00\" \/>\n<meta property=\"og:image\" content=\"https:\/\/agrupacionespsoe.es\/melilla\/wp-content\/uploads\/sites\/120\/2023\/05\/WhatsApp-Image-2023-05-09-at-13.37.17.jpeg\" \/>\n\t<meta property=\"og:image:width\" content=\"1600\" \/>\n\t<meta property=\"og:image:height\" content=\"901\" \/>\n\t<meta property=\"og:image:type\" content=\"image\/jpeg\" \/>\n<meta name=\"author\" content=\"melilla2\" \/>\n<meta name=\"twitter:card\" content=\"summary_large_image\" \/>\n<meta name=\"twitter:label1\" content=\"Escrito por\" \/>\n\t<meta name=\"twitter:data1\" content=\"melilla2\" \/>\n\t<meta name=\"twitter:label2\" content=\"Tiempo de lectura\" \/>\n\t<meta name=\"twitter:data2\" content=\"2 minutos\" \/>\n<script type=\"application\/ld+json\" class=\"yoast-schema-graph\">{\"@context\":\"https:\/\/schema.org\",\"@graph\":[{\"@type\":\"Article\",\"@id\":\"https:\/\/agrupacionespsoe.es\/melilla\/rojas-aberchan-ha-vuelto-a-mentir-a-los-trabajadores-de-valoriza-que-deje-ya-la-demagogia\/#article\",\"isPartOf\":{\"@id\":\"https:\/\/agrupacionespsoe.es\/melilla\/rojas-aberchan-ha-vuelto-a-mentir-a-los-trabajadores-de-valoriza-que-deje-ya-la-demagogia\/\"},\"author\":{\"name\":\"melilla2\",\"@id\":\"https:\/\/agrupacionespsoe.es\/melilla\/#\/schema\/person\/72bb3075a827d0ed0623682b96c92bd6\"},\"headline\":\"Rojas: \u201cAberch\u00e1n ha vuelto a mentir a los trabajadores de Valoriza. Que deje ya la demagogia\u201d\",\"datePublished\":\"2023-05-09T12:37:05+00:00\",\"dateModified\":\"2026-03-09T11:43:05+00:00\",\"mainEntityOfPage\":{\"@id\":\"https:\/\/agrupacionespsoe.es\/melilla\/rojas-aberchan-ha-vuelto-a-mentir-a-los-trabajadores-de-valoriza-que-deje-ya-la-demagogia\/\"},\"wordCount\":403,\"commentCount\":0,\"publisher\":{\"@id\":\"https:\/\/agrupacionespsoe.es\/melilla\/#organization\"},\"image\":{\"@id\":\"https:\/\/agrupacionespsoe.es\/melilla\/rojas-aberchan-ha-vuelto-a-mentir-a-los-trabajadores-de-valoriza-que-deje-ya-la-demagogia\/#primaryimage\"},\"thumbnailUrl\":\"https:\/\/agrupacionespsoe.es\/melilla\/wp-content\/uploads\/sites\/120\/2023\/05\/WhatsApp-Image-2023-05-09-at-13.37.17.jpeg\",\"inLanguage\":\"es\",\"potentialAction\":[{\"@type\":\"CommentAction\",\"name\":\"Comment\",\"target\":[\"https:\/\/agrupacionespsoe.es\/melilla\/rojas-aberchan-ha-vuelto-a-mentir-a-los-trabajadores-de-valoriza-que-deje-ya-la-demagogia\/#respond\"]}]},{\"@type\":\"WebPage\",\"@id\":\"https:\/\/agrupacionespsoe.es\/melilla\/rojas-aberchan-ha-vuelto-a-mentir-a-los-trabajadores-de-valoriza-que-deje-ya-la-demagogia\/\",\"url\":\"https:\/\/agrupacionespsoe.es\/melilla\/rojas-aberchan-ha-vuelto-a-mentir-a-los-trabajadores-de-valoriza-que-deje-ya-la-demagogia\/\",\"name\":\"Rojas: \u201cAberch\u00e1n ha vuelto a mentir a los trabajadores de Valoriza. Que deje ya la demagogia\u201d - Agrupaci\u00f3n Socialista de Melilla\",\"isPartOf\":{\"@id\":\"https:\/\/agrupacionespsoe.es\/melilla\/#website\"},\"primaryImageOfPage\":{\"@id\":\"https:\/\/agrupacionespsoe.es\/melilla\/rojas-aberchan-ha-vuelto-a-mentir-a-los-trabajadores-de-valoriza-que-deje-ya-la-demagogia\/#primaryimage\"},\"image\":{\"@id\":\"https:\/\/agrupacionespsoe.es\/melilla\/rojas-aberchan-ha-vuelto-a-mentir-a-los-trabajadores-de-valoriza-que-deje-ya-la-demagogia\/#primaryimage\"},\"thumbnailUrl\":\"https:\/\/agrupacionespsoe.es\/melilla\/wp-content\/uploads\/sites\/120\/2023\/05\/WhatsApp-Image-2023-05-09-at-13.37.17.jpeg\",\"datePublished\":\"2023-05-09T12:37:05+00:00\",\"dateModified\":\"2026-03-09T11:43:05+00:00\",\"breadcrumb\":{\"@id\":\"https:\/\/agrupacionespsoe.es\/melilla\/rojas-aberchan-ha-vuelto-a-mentir-a-los-trabajadores-de-valoriza-que-deje-ya-la-demagogia\/#breadcrumb\"},\"inLanguage\":\"es\",\"potentialAction\":[{\"@type\":\"ReadAction\",\"target\":[\"https:\/\/agrupacionespsoe.es\/melilla\/rojas-aberchan-ha-vuelto-a-mentir-a-los-trabajadores-de-valoriza-que-deje-ya-la-demagogia\/\"]}]},{\"@type\":\"ImageObject\",\"inLanguage\":\"es\",\"@id\":\"https:\/\/agrupacionespsoe.es\/melilla\/rojas-aberchan-ha-vuelto-a-mentir-a-los-trabajadores-de-valoriza-que-deje-ya-la-demagogia\/#primaryimage\",\"url\":\"https:\/\/agrupacionespsoe.es\/melilla\/wp-content\/uploads\/sites\/120\/2023\/05\/WhatsApp-Image-2023-05-09-at-13.37.17.jpeg\",\"contentUrl\":\"https:\/\/agrupacionespsoe.es\/melilla\/wp-content\/uploads\/sites\/120\/2023\/05\/WhatsApp-Image-2023-05-09-at-13.37.17.jpeg\",\"width\":1600,\"height\":901},{\"@type\":\"BreadcrumbList\",\"@id\":\"https:\/\/agrupacionespsoe.es\/melilla\/rojas-aberchan-ha-vuelto-a-mentir-a-los-trabajadores-de-valoriza-que-deje-ya-la-demagogia\/#breadcrumb\",\"itemListElement\":[{\"@type\":\"ListItem\",\"position\":1,\"name\":\"Portada\",\"item\":\"https:\/\/agrupacionespsoe.es\/melilla\/\"},{\"@type\":\"ListItem\",\"position\":2,\"name\":\"Rojas: \u201cAberch\u00e1n ha vuelto a mentir a los trabajadores de Valoriza. Que deje ya la demagogia\u201d\"}]},{\"@type\":\"WebSite\",\"@id\":\"https:\/\/agrupacionespsoe.es\/melilla\/#website\",\"url\":\"https:\/\/agrupacionespsoe.es\/melilla\/\",\"name\":\"Agrupaci\u00f3n Socialista de Melilla\",\"description\":\"Agrupaci\u00f3n Socialista de Melilla\",\"publisher\":{\"@id\":\"https:\/\/agrupacionespsoe.es\/melilla\/#organization\"},\"potentialAction\":[{\"@type\":\"SearchAction\",\"target\":{\"@type\":\"EntryPoint\",\"urlTemplate\":\"https:\/\/agrupacionespsoe.es\/melilla\/?s={search_term_string}\"},\"query-input\":{\"@type\":\"PropertyValueSpecification\",\"valueRequired\":true,\"valueName\":\"search_term_string\"}}],\"inLanguage\":\"es\"},{\"@type\":\"Organization\",\"@id\":\"https:\/\/agrupacionespsoe.es\/melilla\/#organization\",\"name\":\"Agrupaci\u00f3n Socialista de Melilla\",\"url\":\"https:\/\/agrupacionespsoe.es\/melilla\/\",\"logo\":{\"@type\":\"ImageObject\",\"inLanguage\":\"es\",\"@id\":\"https:\/\/agrupacionespsoe.es\/melilla\/#\/schema\/logo\/image\/\",\"url\":\"https:\/\/agrupacionespsoe.es\/wp-content\/uploads\/2022\/07\/Logotipo_electoral_del_PSOE.png\",\"contentUrl\":\"https:\/\/agrupacionespsoe.es\/wp-content\/uploads\/2022\/07\/Logotipo_electoral_del_PSOE.png\",\"width\":422,\"height\":422,\"caption\":\"Agrupaci\u00f3n Socialista de Melilla\"},\"image\":{\"@id\":\"https:\/\/agrupacionespsoe.es\/melilla\/#\/schema\/logo\/image\/\"}},{\"@type\":\"Person\",\"@id\":\"https:\/\/agrupacionespsoe.es\/melilla\/#\/schema\/person\/72bb3075a827d0ed0623682b96c92bd6\",\"name\":\"melilla2\",\"image\":{\"@type\":\"ImageObject\",\"inLanguage\":\"es\",\"@id\":\"https:\/\/agrupacionespsoe.es\/melilla\/#\/schema\/person\/image\/\",\"url\":\"https:\/\/secure.gravatar.com\/avatar\/489a178e794e59f00db13a448aabca16?s=96&d=mm&r=g\",\"contentUrl\":\"https:\/\/secure.gravatar.com\/avatar\/489a178e794e59f00db13a448aabca16?s=96&d=mm&r=g\",\"caption\":\"melilla2\"},\"url\":\"https:\/\/agrupacionespsoe.es\/melilla\/author\/melilla2\/\"}]}<\/script>\n<!-- \/ Yoast SEO plugin. -->","yoast_head_json":{"title":"Rojas: \u201cAberch\u00e1n ha vuelto a mentir a los trabajadores de Valoriza. Que deje ya la demagogia\u201d - Agrupaci\u00f3n Socialista de Melilla","robots":{"index":"index","follow":"follow","max-snippet":"max-snippet:-1","max-image-preview":"max-image-preview:large","max-video-preview":"max-video-preview:-1"},"canonical":"https:\/\/agrupacionespsoe.es\/melilla\/rojas-aberchan-ha-vuelto-a-mentir-a-los-trabajadores-de-valoriza-que-deje-ya-la-demagogia\/","og_locale":"es_ES","og_type":"article","og_title":"Rojas: \u201cAberch\u00e1n ha vuelto a mentir a los trabajadores de Valoriza. Que deje ya la demagogia\u201d - Agrupaci\u00f3n Socialista de Melilla","og_description":"\u201cMustafa Aberch\u00e1n ha vuelto a mentir a los melillenses con una supuesta subida salarial que dice que va a hacer Coalici\u00f3n por Melilla a los trabajadores de Valoriza. Que deje de ser demagogo y populista. CpM no puede subir el sueldo a los empleados de una empresa privada\u201d. La secretaria general del PSOE, Gloria Rojas, ...","og_url":"https:\/\/agrupacionespsoe.es\/melilla\/rojas-aberchan-ha-vuelto-a-mentir-a-los-trabajadores-de-valoriza-que-deje-ya-la-demagogia\/","og_site_name":"Agrupaci\u00f3n Socialista de Melilla","article_published_time":"2023-05-09T12:37:05+00:00","article_modified_time":"2026-03-09T11:43:05+00:00","og_image":[{"width":1600,"height":901,"url":"https:\/\/agrupacionespsoe.es\/melilla\/wp-content\/uploads\/sites\/120\/2023\/05\/WhatsApp-Image-2023-05-09-at-13.37.17.jpeg","type":"image\/jpeg"}],"author":"melilla2","twitter_card":"summary_large_image","twitter_misc":{"Escrito por":"melilla2","Tiempo de lectura":"2 minutos"},"schema":{"@context":"https:\/\/schema.org","@graph":[{"@type":"Article","@id":"https:\/\/agrupacionespsoe.es\/melilla\/rojas-aberchan-ha-vuelto-a-mentir-a-los-trabajadores-de-valoriza-que-deje-ya-la-demagogia\/#article","isPartOf":{"@id":"https:\/\/agrupacionespsoe.es\/melilla\/rojas-aberchan-ha-vuelto-a-mentir-a-los-trabajadores-de-valoriza-que-deje-ya-la-demagogia\/"},"author":{"name":"melilla2","@id":"https:\/\/agrupacionespsoe.es\/melilla\/#\/schema\/person\/72bb3075a827d0ed0623682b96c92bd6"},"headline":"Rojas: \u201cAberch\u00e1n ha vuelto a mentir a los trabajadores de Valoriza. Que deje ya la demagogia\u201d","datePublished":"2023-05-09T12:37:05+00:00","dateModified":"2026-03-09T11:43:05+00:00","mainEntityOfPage":{"@id":"https:\/\/agrupacionespsoe.es\/melilla\/rojas-aberchan-ha-vuelto-a-mentir-a-los-trabajadores-de-valoriza-que-deje-ya-la-demagogia\/"},"wordCount":403,"commentCount":0,"publisher":{"@id":"https:\/\/agrupacionespsoe.es\/melilla\/#organization"},"image":{"@id":"https:\/\/agrupacionespsoe.es\/melilla\/rojas-aberchan-ha-vuelto-a-mentir-a-los-trabajadores-de-valoriza-que-deje-ya-la-demagogia\/#primaryimage"},"thumbnailUrl":"https:\/\/agrupacionespsoe.es\/melilla\/wp-content\/uploads\/sites\/120\/2023\/05\/WhatsApp-Image-2023-05-09-at-13.37.17.jpeg","inLanguage":"es","potentialAction":[{"@type":"CommentAction","name":"Comment","target":["https:\/\/agrupacionespsoe.es\/melilla\/rojas-aberchan-ha-vuelto-a-mentir-a-los-trabajadores-de-valoriza-que-deje-ya-la-demagogia\/#respond"]}]},{"@type":"WebPage","@id":"https:\/\/agrupacionespsoe.es\/melilla\/rojas-aberchan-ha-vuelto-a-mentir-a-los-trabajadores-de-valoriza-que-deje-ya-la-demagogia\/","url":"https:\/\/agrupacionespsoe.es\/melilla\/rojas-aberchan-ha-vuelto-a-mentir-a-los-trabajadores-de-valoriza-que-deje-ya-la-demagogia\/","name":"Rojas: \u201cAberch\u00e1n ha vuelto a mentir a los trabajadores de Valoriza. Que deje ya la demagogia\u201d - Agrupaci\u00f3n Socialista de Melilla","isPartOf":{"@id":"https:\/\/agrupacionespsoe.es\/melilla\/#website"},"primaryImageOfPage":{"@id":"https:\/\/agrupacionespsoe.es\/melilla\/rojas-aberchan-ha-vuelto-a-mentir-a-los-trabajadores-de-valoriza-que-deje-ya-la-demagogia\/#primaryimage"},"image":{"@id":"https:\/\/agrupacionespsoe.es\/melilla\/rojas-aberchan-ha-vuelto-a-mentir-a-los-trabajadores-de-valoriza-que-deje-ya-la-demagogia\/#primaryimage"},"thumbnailUrl":"https:\/\/agrupacionespsoe.es\/melilla\/wp-content\/uploads\/sites\/120\/2023\/05\/WhatsApp-Image-2023-05-09-at-13.37.17.jpeg","datePublished":"2023-05-09T12:37:05+00:00","dateModified":"2026-03-09T11:43:05+00:00","breadcrumb":{"@id":"https:\/\/agrupacionespsoe.es\/melilla\/rojas-aberchan-ha-vuelto-a-mentir-a-los-trabajadores-de-valoriza-que-deje-ya-la-demagogia\/#breadcrumb"},"inLanguage":"es","potentialAction":[{"@type":"ReadAction","target":["https:\/\/agrupacionespsoe.es\/melilla\/rojas-aberchan-ha-vuelto-a-mentir-a-los-trabajadores-de-valoriza-que-deje-ya-la-demagogia\/"]}]},{"@type":"ImageObject","inLanguage":"es","@id":"https:\/\/agrupacionespsoe.es\/melilla\/rojas-aberchan-ha-vuelto-a-mentir-a-los-trabajadores-de-valoriza-que-deje-ya-la-demagogia\/#primaryimage","url":"https:\/\/agrupacionespsoe.es\/melilla\/wp-content\/uploads\/sites\/120\/2023\/05\/WhatsApp-Image-2023-05-09-at-13.37.17.jpeg","contentUrl":"https:\/\/agrupacionespsoe.es\/melilla\/wp-content\/uploads\/sites\/120\/2023\/05\/WhatsApp-Image-2023-05-09-at-13.37.17.jpeg","width":1600,"height":901},{"@type":"BreadcrumbList","@id":"https:\/\/agrupacionespsoe.es\/melilla\/rojas-aberchan-ha-vuelto-a-mentir-a-los-trabajadores-de-valoriza-que-deje-ya-la-demagogia\/#breadcrumb","itemListElement":[{"@type":"ListItem","position":1,"name":"Portada","item":"https:\/\/agrupacionespsoe.es\/melilla\/"},{"@type":"ListItem","position":2,"name":"Rojas: \u201cAberch\u00e1n ha vuelto a mentir a los trabajadores de Valoriza. Que deje ya la demagogia\u201d"}]},{"@type":"WebSite","@id":"https:\/\/agrupacionespsoe.es\/melilla\/#website","url":"https:\/\/agrupacionespsoe.es\/melilla\/","name":"Agrupaci\u00f3n Socialista de Melilla","description":"Agrupaci\u00f3n Socialista de Melilla","publisher":{"@id":"https:\/\/agrupacionespsoe.es\/melilla\/#organization"},"potentialAction":[{"@type":"SearchAction","target":{"@type":"EntryPoint","urlTemplate":"https:\/\/agrupacionespsoe.es\/melilla\/?s={search_term_string}"},"query-input":{"@type":"PropertyValueSpecification","valueRequired":true,"valueName":"search_term_string"}}],"inLanguage":"es"},{"@type":"Organization","@id":"https:\/\/agrupacionespsoe.es\/melilla\/#organization","name":"Agrupaci\u00f3n Socialista de Melilla","url":"https:\/\/agrupacionespsoe.es\/melilla\/","logo":{"@type":"ImageObject","inLanguage":"es","@id":"https:\/\/agrupacionespsoe.es\/melilla\/#\/schema\/logo\/image\/","url":"https:\/\/agrupacionespsoe.es\/wp-content\/uploads\/2022\/07\/Logotipo_electoral_del_PSOE.png","contentUrl":"https:\/\/agrupacionespsoe.es\/wp-content\/uploads\/2022\/07\/Logotipo_electoral_del_PSOE.png","width":422,"height":422,"caption":"Agrupaci\u00f3n Socialista de Melilla"},"image":{"@id":"https:\/\/agrupacionespsoe.es\/melilla\/#\/schema\/logo\/image\/"}},{"@type":"Person","@id":"https:\/\/agrupacionespsoe.es\/melilla\/#\/schema\/person\/72bb3075a827d0ed0623682b96c92bd6","name":"melilla2","image":{"@type":"ImageObject","inLanguage":"es","@id":"https:\/\/agrupacionespsoe.es\/melilla\/#\/schema\/person\/image\/","url":"https:\/\/secure.gravatar.com\/avatar\/489a178e794e59f00db13a448aabca16?s=96&d=mm&r=g","contentUrl":"https:\/\/secure.gravatar.com\/avatar\/489a178e794e59f00db13a448aabca16?s=96&d=mm&r=g","caption":"melilla2"},"url":"https:\/\/agrupacionespsoe.es\/melilla\/author\/melilla2\/"}]}},"jetpack_featured_media_url":"https:\/\/agrupacionespsoe.es\/melilla\/wp-content\/uploads\/sites\/120\/2023\/05\/WhatsApp-Image-2023-05-09-at-13.37.17.jpeg","jetpack_sharing_enabled":true,"_links":{"self":[{"href":"https:\/\/agrupacionespsoe.es\/melilla\/wp-json\/wp\/v2\/posts\/258","targetHints":{"allow":["GET"]}}],"collection":[{"href":"https:\/\/agrupacionespsoe.es\/melilla\/wp-json\/wp\/v2\/posts"}],"about":[{"href":"https:\/\/agrupacionespsoe.es\/melilla\/wp-json\/wp\/v2\/types\/post"}],"author":[{"embeddable":true,"href":"https:\/\/agrupacionespsoe.es\/melilla\/wp-json\/wp\/v2\/users\/187"}],"replies":[{"embeddable":true,"href":"https:\/\/agrupacionespsoe.es\/melilla\/wp-json\/wp\/v2\/comments?post=258"}],"version-history":[{"count":1,"href":"https:\/\/agrupacionespsoe.es\/melilla\/wp-json\/wp\/v2\/posts\/258\/revisions"}],"predecessor-version":[{"id":260,"href":"https:\/\/agrupacionespsoe.es\/melilla\/wp-json\/wp\/v2\/posts\/258\/revisions\/260"}],"wp:featuredmedia":[{"embeddable":true,"href":"https:\/\/agrupacionespsoe.es\/melilla\/wp-json\/wp\/v2\/media\/259"}],"wp:attachment":[{"href":"https:\/\/agrupacionespsoe.es\/melilla\/wp-json\/wp\/v2\/media?parent=258"}],"wp:term":[{"taxonomy":"category","embeddable":true,"href":"https:\/\/agrupacionespsoe.es\/melilla\/wp-json\/wp\/v2\/categories?post=258"},{"taxonomy":"post_tag","embeddable":true,"href":"https:\/\/agrupacionespsoe.es\/melilla\/wp-json\/wp\/v2\/tags?post=258"}],"curies":[{"name":"wp","href":"https:\/\/api.w.org\/{rel}","templated":true}]}}