{"id":2579,"date":"2026-02-17T13:31:03","date_gmt":"2026-02-17T13:31:03","guid":{"rendered":"https:\/\/agrupacionespsoe.es\/melilla\/?p=2579"},"modified":"2026-02-17T13:31:05","modified_gmt":"2026-02-17T13:31:05","slug":"el-psoe-pedira-explicaciones-por-los-incidentes-de-la-purisima-en-la-comision-de-politicas-sociales","status":"publish","type":"post","link":"https:\/\/agrupacionespsoe.es\/melilla\/el-psoe-pedira-explicaciones-por-los-incidentes-de-la-purisima-en-la-comision-de-politicas-sociales\/","title":{"rendered":"El PSOE pedir\u00e1 explicaciones por los incidentes de La Pur\u00edsima en la Comisi\u00f3n de Pol\u00edticas Sociales"},"content":{"rendered":"\n<p><strong>Sabrina Moh pide coherencia al PP: \u201cEspero que, como hizo con el Ministro, Acedo pida tambi\u00e9n explicaciones a la Consejera\u201d<\/strong><\/p>\n\n\n\n<p><\/p>\n\n\n\n<p>El PSOE, a trav\u00e9s de su Grupo Parlamentario en la Asamblea, pedir\u00e1 explicaciones sobre los incidentes ocurridos este s\u00e1bado en el centro de acogida de menores de La Pur\u00edsima en la pr\u00f3xima Comisi\u00f3n de Pol\u00edticas Sociales.<\/p>\n\n\n\n<p>La Secretaria General de los socialistas melillenses, Sabrina Moh, ha recordado que, cuando se produjo, hace unos d\u00edas, un altercado en el Centro Penitenciario, la diputada por el PP en el Congreso, Sof\u00eda Acedo, intervino en el Congreso pidiendo explicaciones al Ministro del Interior, Fernando Grande Marlaska, e incluso la dimisi\u00f3n de la Delegada del Gobierno.<\/p>\n\n\n\n<p>Por ello, ha pedido coherencia a los populares. \u201cEspero que la diputada pida explicaciones tambi\u00e9n, en este caso, a la Consejera de Pol\u00edticas Sociales y a todo el equipo\u201d.<\/p>\n\n\n\n<p>Y es que, tal y como ha se\u00f1alado, \u201clo que no puede ser es que, cuando un altercado suceda en unas dependencias que no son competencia de la Ciudad Aut\u00f3noma, desde el PP generen alarma y se pidan dimisiones en cascada, pero cuando sucede en un espacio dependiente de la Ciudad Aut\u00f3noma, haya opacidad, falta de transparencia y se minimicen todas las cuestiones\u201d.<\/p>\n","protected":false},"excerpt":{"rendered":"<p>Sabrina Moh pide coherencia al PP: \u201cEspero que, como hizo con el Ministro, Acedo pida tambi\u00e9n explicaciones a la Consejera\u201d El PSOE, a trav\u00e9s de su Grupo Parlamentario en la Asamblea, pedir\u00e1 explicaciones sobre los incidentes ocurridos este s\u00e1bado en el centro de acogida de menores de La Pur\u00edsima en la pr\u00f3xima Comisi\u00f3n de Pol\u00edticas &#8230;<\/p>\n","protected":false},"author":187,"featured_media":2580,"comment_status":"open","ping_status":"open","sticky":false,"template":"","format":"standard","meta":{"_jetpack_memberships_contains_paid_content":false,"footnotes":""},"categories":[1],"tags":[],"class_list":["post-2579","post","type-post","status-publish","format-standard","has-post-thumbnail","hentry","category-sin-categoria"],"yoast_head":"<!-- This site is optimized with the Yoast SEO plugin v24.0 - https:\/\/yoast.com\/wordpress\/plugins\/seo\/ -->\n<title>El PSOE pedir\u00e1 explicaciones por los incidentes de La Pur\u00edsima en la Comisi\u00f3n de Pol\u00edticas Sociales - Agrupaci\u00f3n Socialista de Melilla<\/title>\n<meta name=\"robots\" content=\"index, follow, max-snippet:-1, max-image-preview:large, max-video-preview:-1\" \/>\n<link rel=\"canonical\" href=\"https:\/\/agrupacionespsoe.es\/melilla\/el-psoe-pedira-explicaciones-por-los-incidentes-de-la-purisima-en-la-comision-de-politicas-sociales\/\" \/>\n<meta property=\"og:locale\" content=\"es_ES\" \/>\n<meta property=\"og:type\" content=\"article\" \/>\n<meta property=\"og:title\" content=\"El PSOE pedir\u00e1 explicaciones por los incidentes de La Pur\u00edsima en la Comisi\u00f3n de Pol\u00edticas Sociales - Agrupaci\u00f3n Socialista de Melilla\" \/>\n<meta property=\"og:description\" content=\"Sabrina Moh pide coherencia al PP: \u201cEspero que, como hizo con el Ministro, Acedo pida tambi\u00e9n explicaciones a la Consejera\u201d El PSOE, a trav\u00e9s de su Grupo Parlamentario en la Asamblea, pedir\u00e1 explicaciones sobre los incidentes ocurridos este s\u00e1bado en el centro de acogida de menores de La Pur\u00edsima en la pr\u00f3xima Comisi\u00f3n de Pol\u00edticas ...\" \/>\n<meta property=\"og:url\" content=\"https:\/\/agrupacionespsoe.es\/melilla\/el-psoe-pedira-explicaciones-por-los-incidentes-de-la-purisima-en-la-comision-de-politicas-sociales\/\" \/>\n<meta property=\"og:site_name\" content=\"Agrupaci\u00f3n Socialista de Melilla\" \/>\n<meta property=\"article:published_time\" content=\"2026-02-17T13:31:03+00:00\" \/>\n<meta property=\"article:modified_time\" content=\"2026-02-17T13:31:05+00:00\" \/>\n<meta property=\"og:image\" content=\"https:\/\/agrupacionespsoe.es\/melilla\/wp-content\/uploads\/sites\/120\/2026\/02\/WhatsApp-Image-2026-02-17-at-12.34.48.jpeg\" \/>\n\t<meta property=\"og:image:width\" content=\"1600\" \/>\n\t<meta property=\"og:image:height\" content=\"1066\" \/>\n\t<meta property=\"og:image:type\" content=\"image\/jpeg\" \/>\n<meta name=\"author\" content=\"melilla2\" \/>\n<meta name=\"twitter:card\" content=\"summary_large_image\" \/>\n<meta name=\"twitter:label1\" content=\"Escrito por\" \/>\n\t<meta name=\"twitter:data1\" content=\"melilla2\" \/>\n\t<meta name=\"twitter:label2\" content=\"Tiempo de lectura\" \/>\n\t<meta name=\"twitter:data2\" content=\"2 minutos\" \/>\n<script type=\"application\/ld+json\" class=\"yoast-schema-graph\">{\"@context\":\"https:\/\/schema.org\",\"@graph\":[{\"@type\":\"Article\",\"@id\":\"https:\/\/agrupacionespsoe.es\/melilla\/el-psoe-pedira-explicaciones-por-los-incidentes-de-la-purisima-en-la-comision-de-politicas-sociales\/#article\",\"isPartOf\":{\"@id\":\"https:\/\/agrupacionespsoe.es\/melilla\/el-psoe-pedira-explicaciones-por-los-incidentes-de-la-purisima-en-la-comision-de-politicas-sociales\/\"},\"author\":{\"name\":\"melilla2\",\"@id\":\"https:\/\/agrupacionespsoe.es\/melilla\/#\/schema\/person\/72bb3075a827d0ed0623682b96c92bd6\"},\"headline\":\"El PSOE pedir\u00e1 explicaciones por los incidentes de La Pur\u00edsima en la Comisi\u00f3n de Pol\u00edticas Sociales\",\"datePublished\":\"2026-02-17T13:31:03+00:00\",\"dateModified\":\"2026-02-17T13:31:05+00:00\",\"mainEntityOfPage\":{\"@id\":\"https:\/\/agrupacionespsoe.es\/melilla\/el-psoe-pedira-explicaciones-por-los-incidentes-de-la-purisima-en-la-comision-de-politicas-sociales\/\"},\"wordCount\":238,\"commentCount\":0,\"publisher\":{\"@id\":\"https:\/\/agrupacionespsoe.es\/melilla\/#organization\"},\"image\":{\"@id\":\"https:\/\/agrupacionespsoe.es\/melilla\/el-psoe-pedira-explicaciones-por-los-incidentes-de-la-purisima-en-la-comision-de-politicas-sociales\/#primaryimage\"},\"thumbnailUrl\":\"https:\/\/agrupacionespsoe.es\/melilla\/wp-content\/uploads\/sites\/120\/2026\/02\/WhatsApp-Image-2026-02-17-at-12.34.48.jpeg\",\"inLanguage\":\"es\",\"potentialAction\":[{\"@type\":\"CommentAction\",\"name\":\"Comment\",\"target\":[\"https:\/\/agrupacionespsoe.es\/melilla\/el-psoe-pedira-explicaciones-por-los-incidentes-de-la-purisima-en-la-comision-de-politicas-sociales\/#respond\"]}]},{\"@type\":\"WebPage\",\"@id\":\"https:\/\/agrupacionespsoe.es\/melilla\/el-psoe-pedira-explicaciones-por-los-incidentes-de-la-purisima-en-la-comision-de-politicas-sociales\/\",\"url\":\"https:\/\/agrupacionespsoe.es\/melilla\/el-psoe-pedira-explicaciones-por-los-incidentes-de-la-purisima-en-la-comision-de-politicas-sociales\/\",\"name\":\"El PSOE pedir\u00e1 explicaciones por los incidentes de La Pur\u00edsima en la Comisi\u00f3n de Pol\u00edticas Sociales - Agrupaci\u00f3n Socialista de Melilla\",\"isPartOf\":{\"@id\":\"https:\/\/agrupacionespsoe.es\/melilla\/#website\"},\"primaryImageOfPage\":{\"@id\":\"https:\/\/agrupacionespsoe.es\/melilla\/el-psoe-pedira-explicaciones-por-los-incidentes-de-la-purisima-en-la-comision-de-politicas-sociales\/#primaryimage\"},\"image\":{\"@id\":\"https:\/\/agrupacionespsoe.es\/melilla\/el-psoe-pedira-explicaciones-por-los-incidentes-de-la-purisima-en-la-comision-de-politicas-sociales\/#primaryimage\"},\"thumbnailUrl\":\"https:\/\/agrupacionespsoe.es\/melilla\/wp-content\/uploads\/sites\/120\/2026\/02\/WhatsApp-Image-2026-02-17-at-12.34.48.jpeg\",\"datePublished\":\"2026-02-17T13:31:03+00:00\",\"dateModified\":\"2026-02-17T13:31:05+00:00\",\"breadcrumb\":{\"@id\":\"https:\/\/agrupacionespsoe.es\/melilla\/el-psoe-pedira-explicaciones-por-los-incidentes-de-la-purisima-en-la-comision-de-politicas-sociales\/#breadcrumb\"},\"inLanguage\":\"es\",\"potentialAction\":[{\"@type\":\"ReadAction\",\"target\":[\"https:\/\/agrupacionespsoe.es\/melilla\/el-psoe-pedira-explicaciones-por-los-incidentes-de-la-purisima-en-la-comision-de-politicas-sociales\/\"]}]},{\"@type\":\"ImageObject\",\"inLanguage\":\"es\",\"@id\":\"https:\/\/agrupacionespsoe.es\/melilla\/el-psoe-pedira-explicaciones-por-los-incidentes-de-la-purisima-en-la-comision-de-politicas-sociales\/#primaryimage\",\"url\":\"https:\/\/agrupacionespsoe.es\/melilla\/wp-content\/uploads\/sites\/120\/2026\/02\/WhatsApp-Image-2026-02-17-at-12.34.48.jpeg\",\"contentUrl\":\"https:\/\/agrupacionespsoe.es\/melilla\/wp-content\/uploads\/sites\/120\/2026\/02\/WhatsApp-Image-2026-02-17-at-12.34.48.jpeg\",\"width\":1600,\"height\":1066},{\"@type\":\"BreadcrumbList\",\"@id\":\"https:\/\/agrupacionespsoe.es\/melilla\/el-psoe-pedira-explicaciones-por-los-incidentes-de-la-purisima-en-la-comision-de-politicas-sociales\/#breadcrumb\",\"itemListElement\":[{\"@type\":\"ListItem\",\"position\":1,\"name\":\"Portada\",\"item\":\"https:\/\/agrupacionespsoe.es\/melilla\/\"},{\"@type\":\"ListItem\",\"position\":2,\"name\":\"El PSOE pedir\u00e1 explicaciones por los incidentes de La Pur\u00edsima en la Comisi\u00f3n de Pol\u00edticas Sociales\"}]},{\"@type\":\"WebSite\",\"@id\":\"https:\/\/agrupacionespsoe.es\/melilla\/#website\",\"url\":\"https:\/\/agrupacionespsoe.es\/melilla\/\",\"name\":\"Agrupaci\u00f3n Socialista de Melilla\",\"description\":\"Agrupaci\u00f3n Socialista de Melilla\",\"publisher\":{\"@id\":\"https:\/\/agrupacionespsoe.es\/melilla\/#organization\"},\"potentialAction\":[{\"@type\":\"SearchAction\",\"target\":{\"@type\":\"EntryPoint\",\"urlTemplate\":\"https:\/\/agrupacionespsoe.es\/melilla\/?s={search_term_string}\"},\"query-input\":{\"@type\":\"PropertyValueSpecification\",\"valueRequired\":true,\"valueName\":\"search_term_string\"}}],\"inLanguage\":\"es\"},{\"@type\":\"Organization\",\"@id\":\"https:\/\/agrupacionespsoe.es\/melilla\/#organization\",\"name\":\"Agrupaci\u00f3n Socialista de Melilla\",\"url\":\"https:\/\/agrupacionespsoe.es\/melilla\/\",\"logo\":{\"@type\":\"ImageObject\",\"inLanguage\":\"es\",\"@id\":\"https:\/\/agrupacionespsoe.es\/melilla\/#\/schema\/logo\/image\/\",\"url\":\"https:\/\/agrupacionespsoe.es\/wp-content\/uploads\/2022\/07\/Logotipo_electoral_del_PSOE.png\",\"contentUrl\":\"https:\/\/agrupacionespsoe.es\/wp-content\/uploads\/2022\/07\/Logotipo_electoral_del_PSOE.png\",\"width\":422,\"height\":422,\"caption\":\"Agrupaci\u00f3n Socialista de Melilla\"},\"image\":{\"@id\":\"https:\/\/agrupacionespsoe.es\/melilla\/#\/schema\/logo\/image\/\"}},{\"@type\":\"Person\",\"@id\":\"https:\/\/agrupacionespsoe.es\/melilla\/#\/schema\/person\/72bb3075a827d0ed0623682b96c92bd6\",\"name\":\"melilla2\",\"image\":{\"@type\":\"ImageObject\",\"inLanguage\":\"es\",\"@id\":\"https:\/\/agrupacionespsoe.es\/melilla\/#\/schema\/person\/image\/\",\"url\":\"https:\/\/secure.gravatar.com\/avatar\/489a178e794e59f00db13a448aabca16?s=96&d=mm&r=g\",\"contentUrl\":\"https:\/\/secure.gravatar.com\/avatar\/489a178e794e59f00db13a448aabca16?s=96&d=mm&r=g\",\"caption\":\"melilla2\"},\"url\":\"https:\/\/agrupacionespsoe.es\/melilla\/author\/melilla2\/\"}]}<\/script>\n<!-- \/ Yoast SEO plugin. -->","yoast_head_json":{"title":"El PSOE pedir\u00e1 explicaciones por los incidentes de La Pur\u00edsima en la Comisi\u00f3n de Pol\u00edticas Sociales - Agrupaci\u00f3n Socialista de Melilla","robots":{"index":"index","follow":"follow","max-snippet":"max-snippet:-1","max-image-preview":"max-image-preview:large","max-video-preview":"max-video-preview:-1"},"canonical":"https:\/\/agrupacionespsoe.es\/melilla\/el-psoe-pedira-explicaciones-por-los-incidentes-de-la-purisima-en-la-comision-de-politicas-sociales\/","og_locale":"es_ES","og_type":"article","og_title":"El PSOE pedir\u00e1 explicaciones por los incidentes de La Pur\u00edsima en la Comisi\u00f3n de Pol\u00edticas Sociales - Agrupaci\u00f3n Socialista de Melilla","og_description":"Sabrina Moh pide coherencia al PP: \u201cEspero que, como hizo con el Ministro, Acedo pida tambi\u00e9n explicaciones a la Consejera\u201d El PSOE, a trav\u00e9s de su Grupo Parlamentario en la Asamblea, pedir\u00e1 explicaciones sobre los incidentes ocurridos este s\u00e1bado en el centro de acogida de menores de La Pur\u00edsima en la pr\u00f3xima Comisi\u00f3n de Pol\u00edticas ...","og_url":"https:\/\/agrupacionespsoe.es\/melilla\/el-psoe-pedira-explicaciones-por-los-incidentes-de-la-purisima-en-la-comision-de-politicas-sociales\/","og_site_name":"Agrupaci\u00f3n Socialista de Melilla","article_published_time":"2026-02-17T13:31:03+00:00","article_modified_time":"2026-02-17T13:31:05+00:00","og_image":[{"width":1600,"height":1066,"url":"https:\/\/agrupacionespsoe.es\/melilla\/wp-content\/uploads\/sites\/120\/2026\/02\/WhatsApp-Image-2026-02-17-at-12.34.48.jpeg","type":"image\/jpeg"}],"author":"melilla2","twitter_card":"summary_large_image","twitter_misc":{"Escrito por":"melilla2","Tiempo de lectura":"2 minutos"},"schema":{"@context":"https:\/\/schema.org","@graph":[{"@type":"Article","@id":"https:\/\/agrupacionespsoe.es\/melilla\/el-psoe-pedira-explicaciones-por-los-incidentes-de-la-purisima-en-la-comision-de-politicas-sociales\/#article","isPartOf":{"@id":"https:\/\/agrupacionespsoe.es\/melilla\/el-psoe-pedira-explicaciones-por-los-incidentes-de-la-purisima-en-la-comision-de-politicas-sociales\/"},"author":{"name":"melilla2","@id":"https:\/\/agrupacionespsoe.es\/melilla\/#\/schema\/person\/72bb3075a827d0ed0623682b96c92bd6"},"headline":"El PSOE pedir\u00e1 explicaciones por los incidentes de La Pur\u00edsima en la Comisi\u00f3n de Pol\u00edticas Sociales","datePublished":"2026-02-17T13:31:03+00:00","dateModified":"2026-02-17T13:31:05+00:00","mainEntityOfPage":{"@id":"https:\/\/agrupacionespsoe.es\/melilla\/el-psoe-pedira-explicaciones-por-los-incidentes-de-la-purisima-en-la-comision-de-politicas-sociales\/"},"wordCount":238,"commentCount":0,"publisher":{"@id":"https:\/\/agrupacionespsoe.es\/melilla\/#organization"},"image":{"@id":"https:\/\/agrupacionespsoe.es\/melilla\/el-psoe-pedira-explicaciones-por-los-incidentes-de-la-purisima-en-la-comision-de-politicas-sociales\/#primaryimage"},"thumbnailUrl":"https:\/\/agrupacionespsoe.es\/melilla\/wp-content\/uploads\/sites\/120\/2026\/02\/WhatsApp-Image-2026-02-17-at-12.34.48.jpeg","inLanguage":"es","potentialAction":[{"@type":"CommentAction","name":"Comment","target":["https:\/\/agrupacionespsoe.es\/melilla\/el-psoe-pedira-explicaciones-por-los-incidentes-de-la-purisima-en-la-comision-de-politicas-sociales\/#respond"]}]},{"@type":"WebPage","@id":"https:\/\/agrupacionespsoe.es\/melilla\/el-psoe-pedira-explicaciones-por-los-incidentes-de-la-purisima-en-la-comision-de-politicas-sociales\/","url":"https:\/\/agrupacionespsoe.es\/melilla\/el-psoe-pedira-explicaciones-por-los-incidentes-de-la-purisima-en-la-comision-de-politicas-sociales\/","name":"El PSOE pedir\u00e1 explicaciones por los incidentes de La Pur\u00edsima en la Comisi\u00f3n de Pol\u00edticas Sociales - Agrupaci\u00f3n Socialista de Melilla","isPartOf":{"@id":"https:\/\/agrupacionespsoe.es\/melilla\/#website"},"primaryImageOfPage":{"@id":"https:\/\/agrupacionespsoe.es\/melilla\/el-psoe-pedira-explicaciones-por-los-incidentes-de-la-purisima-en-la-comision-de-politicas-sociales\/#primaryimage"},"image":{"@id":"https:\/\/agrupacionespsoe.es\/melilla\/el-psoe-pedira-explicaciones-por-los-incidentes-de-la-purisima-en-la-comision-de-politicas-sociales\/#primaryimage"},"thumbnailUrl":"https:\/\/agrupacionespsoe.es\/melilla\/wp-content\/uploads\/sites\/120\/2026\/02\/WhatsApp-Image-2026-02-17-at-12.34.48.jpeg","datePublished":"2026-02-17T13:31:03+00:00","dateModified":"2026-02-17T13:31:05+00:00","breadcrumb":{"@id":"https:\/\/agrupacionespsoe.es\/melilla\/el-psoe-pedira-explicaciones-por-los-incidentes-de-la-purisima-en-la-comision-de-politicas-sociales\/#breadcrumb"},"inLanguage":"es","potentialAction":[{"@type":"ReadAction","target":["https:\/\/agrupacionespsoe.es\/melilla\/el-psoe-pedira-explicaciones-por-los-incidentes-de-la-purisima-en-la-comision-de-politicas-sociales\/"]}]},{"@type":"ImageObject","inLanguage":"es","@id":"https:\/\/agrupacionespsoe.es\/melilla\/el-psoe-pedira-explicaciones-por-los-incidentes-de-la-purisima-en-la-comision-de-politicas-sociales\/#primaryimage","url":"https:\/\/agrupacionespsoe.es\/melilla\/wp-content\/uploads\/sites\/120\/2026\/02\/WhatsApp-Image-2026-02-17-at-12.34.48.jpeg","contentUrl":"https:\/\/agrupacionespsoe.es\/melilla\/wp-content\/uploads\/sites\/120\/2026\/02\/WhatsApp-Image-2026-02-17-at-12.34.48.jpeg","width":1600,"height":1066},{"@type":"BreadcrumbList","@id":"https:\/\/agrupacionespsoe.es\/melilla\/el-psoe-pedira-explicaciones-por-los-incidentes-de-la-purisima-en-la-comision-de-politicas-sociales\/#breadcrumb","itemListElement":[{"@type":"ListItem","position":1,"name":"Portada","item":"https:\/\/agrupacionespsoe.es\/melilla\/"},{"@type":"ListItem","position":2,"name":"El PSOE pedir\u00e1 explicaciones por los incidentes de La Pur\u00edsima en la Comisi\u00f3n de Pol\u00edticas Sociales"}]},{"@type":"WebSite","@id":"https:\/\/agrupacionespsoe.es\/melilla\/#website","url":"https:\/\/agrupacionespsoe.es\/melilla\/","name":"Agrupaci\u00f3n Socialista de Melilla","description":"Agrupaci\u00f3n Socialista de Melilla","publisher":{"@id":"https:\/\/agrupacionespsoe.es\/melilla\/#organization"},"potentialAction":[{"@type":"SearchAction","target":{"@type":"EntryPoint","urlTemplate":"https:\/\/agrupacionespsoe.es\/melilla\/?s={search_term_string}"},"query-input":{"@type":"PropertyValueSpecification","valueRequired":true,"valueName":"search_term_string"}}],"inLanguage":"es"},{"@type":"Organization","@id":"https:\/\/agrupacionespsoe.es\/melilla\/#organization","name":"Agrupaci\u00f3n Socialista de Melilla","url":"https:\/\/agrupacionespsoe.es\/melilla\/","logo":{"@type":"ImageObject","inLanguage":"es","@id":"https:\/\/agrupacionespsoe.es\/melilla\/#\/schema\/logo\/image\/","url":"https:\/\/agrupacionespsoe.es\/wp-content\/uploads\/2022\/07\/Logotipo_electoral_del_PSOE.png","contentUrl":"https:\/\/agrupacionespsoe.es\/wp-content\/uploads\/2022\/07\/Logotipo_electoral_del_PSOE.png","width":422,"height":422,"caption":"Agrupaci\u00f3n Socialista de Melilla"},"image":{"@id":"https:\/\/agrupacionespsoe.es\/melilla\/#\/schema\/logo\/image\/"}},{"@type":"Person","@id":"https:\/\/agrupacionespsoe.es\/melilla\/#\/schema\/person\/72bb3075a827d0ed0623682b96c92bd6","name":"melilla2","image":{"@type":"ImageObject","inLanguage":"es","@id":"https:\/\/agrupacionespsoe.es\/melilla\/#\/schema\/person\/image\/","url":"https:\/\/secure.gravatar.com\/avatar\/489a178e794e59f00db13a448aabca16?s=96&d=mm&r=g","contentUrl":"https:\/\/secure.gravatar.com\/avatar\/489a178e794e59f00db13a448aabca16?s=96&d=mm&r=g","caption":"melilla2"},"url":"https:\/\/agrupacionespsoe.es\/melilla\/author\/melilla2\/"}]}},"jetpack_featured_media_url":"https:\/\/agrupacionespsoe.es\/melilla\/wp-content\/uploads\/sites\/120\/2026\/02\/WhatsApp-Image-2026-02-17-at-12.34.48.jpeg","jetpack_sharing_enabled":true,"_links":{"self":[{"href":"https:\/\/agrupacionespsoe.es\/melilla\/wp-json\/wp\/v2\/posts\/2579","targetHints":{"allow":["GET"]}}],"collection":[{"href":"https:\/\/agrupacionespsoe.es\/melilla\/wp-json\/wp\/v2\/posts"}],"about":[{"href":"https:\/\/agrupacionespsoe.es\/melilla\/wp-json\/wp\/v2\/types\/post"}],"author":[{"embeddable":true,"href":"https:\/\/agrupacionespsoe.es\/melilla\/wp-json\/wp\/v2\/users\/187"}],"replies":[{"embeddable":true,"href":"https:\/\/agrupacionespsoe.es\/melilla\/wp-json\/wp\/v2\/comments?post=2579"}],"version-history":[{"count":1,"href":"https:\/\/agrupacionespsoe.es\/melilla\/wp-json\/wp\/v2\/posts\/2579\/revisions"}],"predecessor-version":[{"id":2581,"href":"https:\/\/agrupacionespsoe.es\/melilla\/wp-json\/wp\/v2\/posts\/2579\/revisions\/2581"}],"wp:featuredmedia":[{"embeddable":true,"href":"https:\/\/agrupacionespsoe.es\/melilla\/wp-json\/wp\/v2\/media\/2580"}],"wp:attachment":[{"href":"https:\/\/agrupacionespsoe.es\/melilla\/wp-json\/wp\/v2\/media?parent=2579"}],"wp:term":[{"taxonomy":"category","embeddable":true,"href":"https:\/\/agrupacionespsoe.es\/melilla\/wp-json\/wp\/v2\/categories?post=2579"},{"taxonomy":"post_tag","embeddable":true,"href":"https:\/\/agrupacionespsoe.es\/melilla\/wp-json\/wp\/v2\/tags?post=2579"}],"curies":[{"name":"wp","href":"https:\/\/api.w.org\/{rel}","templated":true}]}}