{"id":2557,"date":"2026-02-06T11:17:42","date_gmt":"2026-02-06T11:17:42","guid":{"rendered":"https:\/\/agrupacionespsoe.es\/melilla\/?p=2557"},"modified":"2026-02-06T11:17:45","modified_gmt":"2026-02-06T11:17:45","slug":"trevino-queda-bien-que-el-pp-inaugure-un-centro-de-crisis-que-ha-construido-el-psoe-pero-las-politicas-reales-hay-que-hacerlas-con-hechos","status":"publish","type":"post","link":"https:\/\/agrupacionespsoe.es\/melilla\/trevino-queda-bien-que-el-pp-inaugure-un-centro-de-crisis-que-ha-construido-el-psoe-pero-las-politicas-reales-hay-que-hacerlas-con-hechos\/","title":{"rendered":"Trevi\u00f1o: \u201cQueda bien que el PP inaugure un Centro de Crisis que ha construido el PSOE, pero las pol\u00edticas reales hay que hacerlas con hechos\u201d"},"content":{"rendered":"\n<p><strong>Recuerda que Ayuso niega la violencia de g\u00e9nero o que de los Santos calific\u00f3 a una periodista como \u201cuna prostituta contratada por la televisi\u00f3n p\u00fablica\u201d<\/strong><\/p>\n\n\n\n<p><\/p>\n\n\n\n<p>\u201cYo creo que queda muy bien inaugurar Centros de Crisis 24 horas que han construido otros, en este caso el PSOE de Melilla, pero yo les dir\u00eda a los populares que las pol\u00edticas reales hay que hacerlas cada d\u00eda con hechos\u201d.<\/p>\n\n\n\n<p>La Portavoz del PSOE de Melilla, Elena Fern\u00e1ndez Trevi\u00f1o, se ha referido a la reciente visita a la ciudad del vicesecretario nacional de Educaci\u00f3n e Igualdad del Partido Popular, Jaime de los Santos, durante una entrevista en Televisi\u00f3n Melilla, en la que ha cuestionado el contenido y el alcance de dicha visita.<\/p>\n\n\n\n<p>As\u00ed, la dirigente socialista ha recordado que el Centro de Crisis que lo \u201chab\u00eda dejado montado enterito el PSOE en julio del a\u00f1o 2023\u201d. En este sentido, ha explicado que el centro estaba completamente finalizado, \u201chasta el \u00faltimo vinilo\u201d, cuando ella, precisamente, ostentaba la responsabilidad de Consejera de Educaci\u00f3n e Igualdad en el Gobierno de la Ciudad Aut\u00f3noma. \u201cSe trata de uno de los centros pioneros construidos por el PSOE de Melilla durante su etapa como consejera de Igualdad\u201d, ha recordado.<\/p>\n\n\n\n<p>La Portavoz socialista ha se\u00f1alado que est\u00e1 bien que el Partido Popular celebre este tipo de infraestructuras, pero ha insistido en que \u201cno solamente celebren este tipo de lugares y de pol\u00edticas, sino que tambi\u00e9n se pongan a trabajar en ello\u201d.<\/p>\n\n\n\n<p><strong>Declaraciones de Ayuso o de los Santos<\/strong><\/p>\n\n\n\n<p>En esta l\u00ednea, Fern\u00e1ndez Trevi\u00f1o ha pedido al PP que \u201cle tire de las orejas\u201d a responsables de su propio partido, como a la presidenta de la Comunidad de Madrid, Isabel D\u00edaz Ayuso, por negar la violencia de g\u00e9nero, y al propio Jaime de los Santos por sus declaraciones en las que calific\u00f3 a una periodista como \u201cuna prostituta contratada por la televisi\u00f3n p\u00fablica\u201d.<\/p>\n\n\n\n<p>Llegados a este punto ha recalcado que \u201cla igualdad no solamente es un eslogan\u201d y ha advertido del riesgo de caer en el \u201cpurplewashing\u201d, o \u201cblanqueo de la igualdad y de lo violeta\u201d. En este sentido, ha defendido que la igualdad es \u201cuna pol\u00edtica activa que se demuestra en el d\u00eda a d\u00eda con tus acciones, con tus omisiones y con tus palabras\u201d.<\/p>\n\n\n\n<p>Por \u00faltimo, la portavoz del PSOE de Melilla ha afirmado que \u201cqueda muy bien inaugurar centros de crisis que han construido otros\u201d, pero ha insistido en que \u201clas pol\u00edticas reales hay que hacerlas cada d\u00eda con hechos\u201d.<\/p>\n","protected":false},"excerpt":{"rendered":"<p>Recuerda que Ayuso niega la violencia de g\u00e9nero o que de los Santos calific\u00f3 a una periodista como \u201cuna prostituta contratada por la televisi\u00f3n p\u00fablica\u201d \u201cYo creo que queda muy bien inaugurar Centros de Crisis 24 horas que han construido otros, en este caso el PSOE de Melilla, pero yo les dir\u00eda a los populares &#8230;<\/p>\n","protected":false},"author":187,"featured_media":2558,"comment_status":"open","ping_status":"open","sticky":false,"template":"","format":"standard","meta":{"_jetpack_memberships_contains_paid_content":false,"footnotes":""},"categories":[1],"tags":[],"class_list":["post-2557","post","type-post","status-publish","format-standard","has-post-thumbnail","hentry","category-sin-categoria"],"yoast_head":"<!-- This site is optimized with the Yoast SEO plugin v24.0 - https:\/\/yoast.com\/wordpress\/plugins\/seo\/ -->\n<title>Trevi\u00f1o: \u201cQueda bien que el PP inaugure un Centro de Crisis que ha construido el PSOE, pero las pol\u00edticas reales hay que hacerlas con hechos\u201d - Agrupaci\u00f3n Socialista de Melilla<\/title>\n<meta name=\"robots\" content=\"index, follow, max-snippet:-1, max-image-preview:large, max-video-preview:-1\" \/>\n<link rel=\"canonical\" href=\"https:\/\/agrupacionespsoe.es\/melilla\/trevino-queda-bien-que-el-pp-inaugure-un-centro-de-crisis-que-ha-construido-el-psoe-pero-las-politicas-reales-hay-que-hacerlas-con-hechos\/\" \/>\n<meta property=\"og:locale\" content=\"es_ES\" \/>\n<meta property=\"og:type\" content=\"article\" \/>\n<meta property=\"og:title\" content=\"Trevi\u00f1o: \u201cQueda bien que el PP inaugure un Centro de Crisis que ha construido el PSOE, pero las pol\u00edticas reales hay que hacerlas con hechos\u201d - Agrupaci\u00f3n Socialista de Melilla\" \/>\n<meta property=\"og:description\" content=\"Recuerda que Ayuso niega la violencia de g\u00e9nero o que de los Santos calific\u00f3 a una periodista como \u201cuna prostituta contratada por la televisi\u00f3n p\u00fablica\u201d \u201cYo creo que queda muy bien inaugurar Centros de Crisis 24 horas que han construido otros, en este caso el PSOE de Melilla, pero yo les dir\u00eda a los populares ...\" \/>\n<meta property=\"og:url\" content=\"https:\/\/agrupacionespsoe.es\/melilla\/trevino-queda-bien-que-el-pp-inaugure-un-centro-de-crisis-que-ha-construido-el-psoe-pero-las-politicas-reales-hay-que-hacerlas-con-hechos\/\" \/>\n<meta property=\"og:site_name\" content=\"Agrupaci\u00f3n Socialista de Melilla\" \/>\n<meta property=\"article:published_time\" content=\"2026-02-06T11:17:42+00:00\" \/>\n<meta property=\"article:modified_time\" content=\"2026-02-06T11:17:45+00:00\" \/>\n<meta property=\"og:image\" content=\"https:\/\/agrupacionespsoe.es\/melilla\/wp-content\/uploads\/sites\/120\/2026\/02\/WhatsApp-Image-2026-02-06-at-10.03.25.jpeg\" \/>\n\t<meta property=\"og:image:width\" content=\"2560\" \/>\n\t<meta property=\"og:image:height\" content=\"1706\" \/>\n\t<meta property=\"og:image:type\" content=\"image\/jpeg\" \/>\n<meta name=\"author\" content=\"melilla2\" \/>\n<meta name=\"twitter:card\" content=\"summary_large_image\" \/>\n<meta name=\"twitter:label1\" content=\"Escrito por\" \/>\n\t<meta name=\"twitter:data1\" content=\"melilla2\" \/>\n\t<meta name=\"twitter:label2\" content=\"Tiempo de lectura\" \/>\n\t<meta name=\"twitter:data2\" content=\"3 minutos\" \/>\n<script type=\"application\/ld+json\" class=\"yoast-schema-graph\">{\"@context\":\"https:\/\/schema.org\",\"@graph\":[{\"@type\":\"Article\",\"@id\":\"https:\/\/agrupacionespsoe.es\/melilla\/trevino-queda-bien-que-el-pp-inaugure-un-centro-de-crisis-que-ha-construido-el-psoe-pero-las-politicas-reales-hay-que-hacerlas-con-hechos\/#article\",\"isPartOf\":{\"@id\":\"https:\/\/agrupacionespsoe.es\/melilla\/trevino-queda-bien-que-el-pp-inaugure-un-centro-de-crisis-que-ha-construido-el-psoe-pero-las-politicas-reales-hay-que-hacerlas-con-hechos\/\"},\"author\":{\"name\":\"melilla2\",\"@id\":\"https:\/\/agrupacionespsoe.es\/melilla\/#\/schema\/person\/72bb3075a827d0ed0623682b96c92bd6\"},\"headline\":\"Trevi\u00f1o: \u201cQueda bien que el PP inaugure un Centro de Crisis que ha construido el PSOE, pero las pol\u00edticas reales hay que hacerlas con hechos\u201d\",\"datePublished\":\"2026-02-06T11:17:42+00:00\",\"dateModified\":\"2026-02-06T11:17:45+00:00\",\"mainEntityOfPage\":{\"@id\":\"https:\/\/agrupacionespsoe.es\/melilla\/trevino-queda-bien-que-el-pp-inaugure-un-centro-de-crisis-que-ha-construido-el-psoe-pero-las-politicas-reales-hay-que-hacerlas-con-hechos\/\"},\"wordCount\":465,\"commentCount\":0,\"publisher\":{\"@id\":\"https:\/\/agrupacionespsoe.es\/melilla\/#organization\"},\"image\":{\"@id\":\"https:\/\/agrupacionespsoe.es\/melilla\/trevino-queda-bien-que-el-pp-inaugure-un-centro-de-crisis-que-ha-construido-el-psoe-pero-las-politicas-reales-hay-que-hacerlas-con-hechos\/#primaryimage\"},\"thumbnailUrl\":\"https:\/\/agrupacionespsoe.es\/melilla\/wp-content\/uploads\/sites\/120\/2026\/02\/WhatsApp-Image-2026-02-06-at-10.03.25.jpeg\",\"inLanguage\":\"es\",\"potentialAction\":[{\"@type\":\"CommentAction\",\"name\":\"Comment\",\"target\":[\"https:\/\/agrupacionespsoe.es\/melilla\/trevino-queda-bien-que-el-pp-inaugure-un-centro-de-crisis-que-ha-construido-el-psoe-pero-las-politicas-reales-hay-que-hacerlas-con-hechos\/#respond\"]}]},{\"@type\":\"WebPage\",\"@id\":\"https:\/\/agrupacionespsoe.es\/melilla\/trevino-queda-bien-que-el-pp-inaugure-un-centro-de-crisis-que-ha-construido-el-psoe-pero-las-politicas-reales-hay-que-hacerlas-con-hechos\/\",\"url\":\"https:\/\/agrupacionespsoe.es\/melilla\/trevino-queda-bien-que-el-pp-inaugure-un-centro-de-crisis-que-ha-construido-el-psoe-pero-las-politicas-reales-hay-que-hacerlas-con-hechos\/\",\"name\":\"Trevi\u00f1o: \u201cQueda bien que el PP inaugure un Centro de Crisis que ha construido el PSOE, pero las pol\u00edticas reales hay que hacerlas con hechos\u201d - Agrupaci\u00f3n Socialista de Melilla\",\"isPartOf\":{\"@id\":\"https:\/\/agrupacionespsoe.es\/melilla\/#website\"},\"primaryImageOfPage\":{\"@id\":\"https:\/\/agrupacionespsoe.es\/melilla\/trevino-queda-bien-que-el-pp-inaugure-un-centro-de-crisis-que-ha-construido-el-psoe-pero-las-politicas-reales-hay-que-hacerlas-con-hechos\/#primaryimage\"},\"image\":{\"@id\":\"https:\/\/agrupacionespsoe.es\/melilla\/trevino-queda-bien-que-el-pp-inaugure-un-centro-de-crisis-que-ha-construido-el-psoe-pero-las-politicas-reales-hay-que-hacerlas-con-hechos\/#primaryimage\"},\"thumbnailUrl\":\"https:\/\/agrupacionespsoe.es\/melilla\/wp-content\/uploads\/sites\/120\/2026\/02\/WhatsApp-Image-2026-02-06-at-10.03.25.jpeg\",\"datePublished\":\"2026-02-06T11:17:42+00:00\",\"dateModified\":\"2026-02-06T11:17:45+00:00\",\"breadcrumb\":{\"@id\":\"https:\/\/agrupacionespsoe.es\/melilla\/trevino-queda-bien-que-el-pp-inaugure-un-centro-de-crisis-que-ha-construido-el-psoe-pero-las-politicas-reales-hay-que-hacerlas-con-hechos\/#breadcrumb\"},\"inLanguage\":\"es\",\"potentialAction\":[{\"@type\":\"ReadAction\",\"target\":[\"https:\/\/agrupacionespsoe.es\/melilla\/trevino-queda-bien-que-el-pp-inaugure-un-centro-de-crisis-que-ha-construido-el-psoe-pero-las-politicas-reales-hay-que-hacerlas-con-hechos\/\"]}]},{\"@type\":\"ImageObject\",\"inLanguage\":\"es\",\"@id\":\"https:\/\/agrupacionespsoe.es\/melilla\/trevino-queda-bien-que-el-pp-inaugure-un-centro-de-crisis-que-ha-construido-el-psoe-pero-las-politicas-reales-hay-que-hacerlas-con-hechos\/#primaryimage\",\"url\":\"https:\/\/agrupacionespsoe.es\/melilla\/wp-content\/uploads\/sites\/120\/2026\/02\/WhatsApp-Image-2026-02-06-at-10.03.25.jpeg\",\"contentUrl\":\"https:\/\/agrupacionespsoe.es\/melilla\/wp-content\/uploads\/sites\/120\/2026\/02\/WhatsApp-Image-2026-02-06-at-10.03.25.jpeg\",\"width\":2560,\"height\":1706},{\"@type\":\"BreadcrumbList\",\"@id\":\"https:\/\/agrupacionespsoe.es\/melilla\/trevino-queda-bien-que-el-pp-inaugure-un-centro-de-crisis-que-ha-construido-el-psoe-pero-las-politicas-reales-hay-que-hacerlas-con-hechos\/#breadcrumb\",\"itemListElement\":[{\"@type\":\"ListItem\",\"position\":1,\"name\":\"Portada\",\"item\":\"https:\/\/agrupacionespsoe.es\/melilla\/\"},{\"@type\":\"ListItem\",\"position\":2,\"name\":\"Trevi\u00f1o: \u201cQueda bien que el PP inaugure un Centro de Crisis que ha construido el PSOE, pero las pol\u00edticas reales hay que hacerlas con hechos\u201d\"}]},{\"@type\":\"WebSite\",\"@id\":\"https:\/\/agrupacionespsoe.es\/melilla\/#website\",\"url\":\"https:\/\/agrupacionespsoe.es\/melilla\/\",\"name\":\"Agrupaci\u00f3n Socialista de Melilla\",\"description\":\"Agrupaci\u00f3n Socialista de Melilla\",\"publisher\":{\"@id\":\"https:\/\/agrupacionespsoe.es\/melilla\/#organization\"},\"potentialAction\":[{\"@type\":\"SearchAction\",\"target\":{\"@type\":\"EntryPoint\",\"urlTemplate\":\"https:\/\/agrupacionespsoe.es\/melilla\/?s={search_term_string}\"},\"query-input\":{\"@type\":\"PropertyValueSpecification\",\"valueRequired\":true,\"valueName\":\"search_term_string\"}}],\"inLanguage\":\"es\"},{\"@type\":\"Organization\",\"@id\":\"https:\/\/agrupacionespsoe.es\/melilla\/#organization\",\"name\":\"Agrupaci\u00f3n Socialista de Melilla\",\"url\":\"https:\/\/agrupacionespsoe.es\/melilla\/\",\"logo\":{\"@type\":\"ImageObject\",\"inLanguage\":\"es\",\"@id\":\"https:\/\/agrupacionespsoe.es\/melilla\/#\/schema\/logo\/image\/\",\"url\":\"https:\/\/agrupacionespsoe.es\/wp-content\/uploads\/2022\/07\/Logotipo_electoral_del_PSOE.png\",\"contentUrl\":\"https:\/\/agrupacionespsoe.es\/wp-content\/uploads\/2022\/07\/Logotipo_electoral_del_PSOE.png\",\"width\":422,\"height\":422,\"caption\":\"Agrupaci\u00f3n Socialista de Melilla\"},\"image\":{\"@id\":\"https:\/\/agrupacionespsoe.es\/melilla\/#\/schema\/logo\/image\/\"}},{\"@type\":\"Person\",\"@id\":\"https:\/\/agrupacionespsoe.es\/melilla\/#\/schema\/person\/72bb3075a827d0ed0623682b96c92bd6\",\"name\":\"melilla2\",\"image\":{\"@type\":\"ImageObject\",\"inLanguage\":\"es\",\"@id\":\"https:\/\/agrupacionespsoe.es\/melilla\/#\/schema\/person\/image\/\",\"url\":\"https:\/\/secure.gravatar.com\/avatar\/489a178e794e59f00db13a448aabca16?s=96&d=mm&r=g\",\"contentUrl\":\"https:\/\/secure.gravatar.com\/avatar\/489a178e794e59f00db13a448aabca16?s=96&d=mm&r=g\",\"caption\":\"melilla2\"},\"url\":\"https:\/\/agrupacionespsoe.es\/melilla\/author\/melilla2\/\"}]}<\/script>\n<!-- \/ Yoast SEO plugin. -->","yoast_head_json":{"title":"Trevi\u00f1o: \u201cQueda bien que el PP inaugure un Centro de Crisis que ha construido el PSOE, pero las pol\u00edticas reales hay que hacerlas con hechos\u201d - Agrupaci\u00f3n Socialista de Melilla","robots":{"index":"index","follow":"follow","max-snippet":"max-snippet:-1","max-image-preview":"max-image-preview:large","max-video-preview":"max-video-preview:-1"},"canonical":"https:\/\/agrupacionespsoe.es\/melilla\/trevino-queda-bien-que-el-pp-inaugure-un-centro-de-crisis-que-ha-construido-el-psoe-pero-las-politicas-reales-hay-que-hacerlas-con-hechos\/","og_locale":"es_ES","og_type":"article","og_title":"Trevi\u00f1o: \u201cQueda bien que el PP inaugure un Centro de Crisis que ha construido el PSOE, pero las pol\u00edticas reales hay que hacerlas con hechos\u201d - Agrupaci\u00f3n Socialista de Melilla","og_description":"Recuerda que Ayuso niega la violencia de g\u00e9nero o que de los Santos calific\u00f3 a una periodista como \u201cuna prostituta contratada por la televisi\u00f3n p\u00fablica\u201d \u201cYo creo que queda muy bien inaugurar Centros de Crisis 24 horas que han construido otros, en este caso el PSOE de Melilla, pero yo les dir\u00eda a los populares ...","og_url":"https:\/\/agrupacionespsoe.es\/melilla\/trevino-queda-bien-que-el-pp-inaugure-un-centro-de-crisis-que-ha-construido-el-psoe-pero-las-politicas-reales-hay-que-hacerlas-con-hechos\/","og_site_name":"Agrupaci\u00f3n Socialista de Melilla","article_published_time":"2026-02-06T11:17:42+00:00","article_modified_time":"2026-02-06T11:17:45+00:00","og_image":[{"width":2560,"height":1706,"url":"https:\/\/agrupacionespsoe.es\/melilla\/wp-content\/uploads\/sites\/120\/2026\/02\/WhatsApp-Image-2026-02-06-at-10.03.25.jpeg","type":"image\/jpeg"}],"author":"melilla2","twitter_card":"summary_large_image","twitter_misc":{"Escrito por":"melilla2","Tiempo de lectura":"3 minutos"},"schema":{"@context":"https:\/\/schema.org","@graph":[{"@type":"Article","@id":"https:\/\/agrupacionespsoe.es\/melilla\/trevino-queda-bien-que-el-pp-inaugure-un-centro-de-crisis-que-ha-construido-el-psoe-pero-las-politicas-reales-hay-que-hacerlas-con-hechos\/#article","isPartOf":{"@id":"https:\/\/agrupacionespsoe.es\/melilla\/trevino-queda-bien-que-el-pp-inaugure-un-centro-de-crisis-que-ha-construido-el-psoe-pero-las-politicas-reales-hay-que-hacerlas-con-hechos\/"},"author":{"name":"melilla2","@id":"https:\/\/agrupacionespsoe.es\/melilla\/#\/schema\/person\/72bb3075a827d0ed0623682b96c92bd6"},"headline":"Trevi\u00f1o: \u201cQueda bien que el PP inaugure un Centro de Crisis que ha construido el PSOE, pero las pol\u00edticas reales hay que hacerlas con hechos\u201d","datePublished":"2026-02-06T11:17:42+00:00","dateModified":"2026-02-06T11:17:45+00:00","mainEntityOfPage":{"@id":"https:\/\/agrupacionespsoe.es\/melilla\/trevino-queda-bien-que-el-pp-inaugure-un-centro-de-crisis-que-ha-construido-el-psoe-pero-las-politicas-reales-hay-que-hacerlas-con-hechos\/"},"wordCount":465,"commentCount":0,"publisher":{"@id":"https:\/\/agrupacionespsoe.es\/melilla\/#organization"},"image":{"@id":"https:\/\/agrupacionespsoe.es\/melilla\/trevino-queda-bien-que-el-pp-inaugure-un-centro-de-crisis-que-ha-construido-el-psoe-pero-las-politicas-reales-hay-que-hacerlas-con-hechos\/#primaryimage"},"thumbnailUrl":"https:\/\/agrupacionespsoe.es\/melilla\/wp-content\/uploads\/sites\/120\/2026\/02\/WhatsApp-Image-2026-02-06-at-10.03.25.jpeg","inLanguage":"es","potentialAction":[{"@type":"CommentAction","name":"Comment","target":["https:\/\/agrupacionespsoe.es\/melilla\/trevino-queda-bien-que-el-pp-inaugure-un-centro-de-crisis-que-ha-construido-el-psoe-pero-las-politicas-reales-hay-que-hacerlas-con-hechos\/#respond"]}]},{"@type":"WebPage","@id":"https:\/\/agrupacionespsoe.es\/melilla\/trevino-queda-bien-que-el-pp-inaugure-un-centro-de-crisis-que-ha-construido-el-psoe-pero-las-politicas-reales-hay-que-hacerlas-con-hechos\/","url":"https:\/\/agrupacionespsoe.es\/melilla\/trevino-queda-bien-que-el-pp-inaugure-un-centro-de-crisis-que-ha-construido-el-psoe-pero-las-politicas-reales-hay-que-hacerlas-con-hechos\/","name":"Trevi\u00f1o: \u201cQueda bien que el PP inaugure un Centro de Crisis que ha construido el PSOE, pero las pol\u00edticas reales hay que hacerlas con hechos\u201d - Agrupaci\u00f3n Socialista de Melilla","isPartOf":{"@id":"https:\/\/agrupacionespsoe.es\/melilla\/#website"},"primaryImageOfPage":{"@id":"https:\/\/agrupacionespsoe.es\/melilla\/trevino-queda-bien-que-el-pp-inaugure-un-centro-de-crisis-que-ha-construido-el-psoe-pero-las-politicas-reales-hay-que-hacerlas-con-hechos\/#primaryimage"},"image":{"@id":"https:\/\/agrupacionespsoe.es\/melilla\/trevino-queda-bien-que-el-pp-inaugure-un-centro-de-crisis-que-ha-construido-el-psoe-pero-las-politicas-reales-hay-que-hacerlas-con-hechos\/#primaryimage"},"thumbnailUrl":"https:\/\/agrupacionespsoe.es\/melilla\/wp-content\/uploads\/sites\/120\/2026\/02\/WhatsApp-Image-2026-02-06-at-10.03.25.jpeg","datePublished":"2026-02-06T11:17:42+00:00","dateModified":"2026-02-06T11:17:45+00:00","breadcrumb":{"@id":"https:\/\/agrupacionespsoe.es\/melilla\/trevino-queda-bien-que-el-pp-inaugure-un-centro-de-crisis-que-ha-construido-el-psoe-pero-las-politicas-reales-hay-que-hacerlas-con-hechos\/#breadcrumb"},"inLanguage":"es","potentialAction":[{"@type":"ReadAction","target":["https:\/\/agrupacionespsoe.es\/melilla\/trevino-queda-bien-que-el-pp-inaugure-un-centro-de-crisis-que-ha-construido-el-psoe-pero-las-politicas-reales-hay-que-hacerlas-con-hechos\/"]}]},{"@type":"ImageObject","inLanguage":"es","@id":"https:\/\/agrupacionespsoe.es\/melilla\/trevino-queda-bien-que-el-pp-inaugure-un-centro-de-crisis-que-ha-construido-el-psoe-pero-las-politicas-reales-hay-que-hacerlas-con-hechos\/#primaryimage","url":"https:\/\/agrupacionespsoe.es\/melilla\/wp-content\/uploads\/sites\/120\/2026\/02\/WhatsApp-Image-2026-02-06-at-10.03.25.jpeg","contentUrl":"https:\/\/agrupacionespsoe.es\/melilla\/wp-content\/uploads\/sites\/120\/2026\/02\/WhatsApp-Image-2026-02-06-at-10.03.25.jpeg","width":2560,"height":1706},{"@type":"BreadcrumbList","@id":"https:\/\/agrupacionespsoe.es\/melilla\/trevino-queda-bien-que-el-pp-inaugure-un-centro-de-crisis-que-ha-construido-el-psoe-pero-las-politicas-reales-hay-que-hacerlas-con-hechos\/#breadcrumb","itemListElement":[{"@type":"ListItem","position":1,"name":"Portada","item":"https:\/\/agrupacionespsoe.es\/melilla\/"},{"@type":"ListItem","position":2,"name":"Trevi\u00f1o: \u201cQueda bien que el PP inaugure un Centro de Crisis que ha construido el PSOE, pero las pol\u00edticas reales hay que hacerlas con hechos\u201d"}]},{"@type":"WebSite","@id":"https:\/\/agrupacionespsoe.es\/melilla\/#website","url":"https:\/\/agrupacionespsoe.es\/melilla\/","name":"Agrupaci\u00f3n Socialista de Melilla","description":"Agrupaci\u00f3n Socialista de Melilla","publisher":{"@id":"https:\/\/agrupacionespsoe.es\/melilla\/#organization"},"potentialAction":[{"@type":"SearchAction","target":{"@type":"EntryPoint","urlTemplate":"https:\/\/agrupacionespsoe.es\/melilla\/?s={search_term_string}"},"query-input":{"@type":"PropertyValueSpecification","valueRequired":true,"valueName":"search_term_string"}}],"inLanguage":"es"},{"@type":"Organization","@id":"https:\/\/agrupacionespsoe.es\/melilla\/#organization","name":"Agrupaci\u00f3n Socialista de Melilla","url":"https:\/\/agrupacionespsoe.es\/melilla\/","logo":{"@type":"ImageObject","inLanguage":"es","@id":"https:\/\/agrupacionespsoe.es\/melilla\/#\/schema\/logo\/image\/","url":"https:\/\/agrupacionespsoe.es\/wp-content\/uploads\/2022\/07\/Logotipo_electoral_del_PSOE.png","contentUrl":"https:\/\/agrupacionespsoe.es\/wp-content\/uploads\/2022\/07\/Logotipo_electoral_del_PSOE.png","width":422,"height":422,"caption":"Agrupaci\u00f3n Socialista de Melilla"},"image":{"@id":"https:\/\/agrupacionespsoe.es\/melilla\/#\/schema\/logo\/image\/"}},{"@type":"Person","@id":"https:\/\/agrupacionespsoe.es\/melilla\/#\/schema\/person\/72bb3075a827d0ed0623682b96c92bd6","name":"melilla2","image":{"@type":"ImageObject","inLanguage":"es","@id":"https:\/\/agrupacionespsoe.es\/melilla\/#\/schema\/person\/image\/","url":"https:\/\/secure.gravatar.com\/avatar\/489a178e794e59f00db13a448aabca16?s=96&d=mm&r=g","contentUrl":"https:\/\/secure.gravatar.com\/avatar\/489a178e794e59f00db13a448aabca16?s=96&d=mm&r=g","caption":"melilla2"},"url":"https:\/\/agrupacionespsoe.es\/melilla\/author\/melilla2\/"}]}},"jetpack_featured_media_url":"https:\/\/agrupacionespsoe.es\/melilla\/wp-content\/uploads\/sites\/120\/2026\/02\/WhatsApp-Image-2026-02-06-at-10.03.25.jpeg","jetpack_sharing_enabled":true,"_links":{"self":[{"href":"https:\/\/agrupacionespsoe.es\/melilla\/wp-json\/wp\/v2\/posts\/2557","targetHints":{"allow":["GET"]}}],"collection":[{"href":"https:\/\/agrupacionespsoe.es\/melilla\/wp-json\/wp\/v2\/posts"}],"about":[{"href":"https:\/\/agrupacionespsoe.es\/melilla\/wp-json\/wp\/v2\/types\/post"}],"author":[{"embeddable":true,"href":"https:\/\/agrupacionespsoe.es\/melilla\/wp-json\/wp\/v2\/users\/187"}],"replies":[{"embeddable":true,"href":"https:\/\/agrupacionespsoe.es\/melilla\/wp-json\/wp\/v2\/comments?post=2557"}],"version-history":[{"count":1,"href":"https:\/\/agrupacionespsoe.es\/melilla\/wp-json\/wp\/v2\/posts\/2557\/revisions"}],"predecessor-version":[{"id":2559,"href":"https:\/\/agrupacionespsoe.es\/melilla\/wp-json\/wp\/v2\/posts\/2557\/revisions\/2559"}],"wp:featuredmedia":[{"embeddable":true,"href":"https:\/\/agrupacionespsoe.es\/melilla\/wp-json\/wp\/v2\/media\/2558"}],"wp:attachment":[{"href":"https:\/\/agrupacionespsoe.es\/melilla\/wp-json\/wp\/v2\/media?parent=2557"}],"wp:term":[{"taxonomy":"category","embeddable":true,"href":"https:\/\/agrupacionespsoe.es\/melilla\/wp-json\/wp\/v2\/categories?post=2557"},{"taxonomy":"post_tag","embeddable":true,"href":"https:\/\/agrupacionespsoe.es\/melilla\/wp-json\/wp\/v2\/tags?post=2557"}],"curies":[{"name":"wp","href":"https:\/\/api.w.org\/{rel}","templated":true}]}}