{"id":2455,"date":"2025-12-16T10:35:34","date_gmt":"2025-12-16T10:35:34","guid":{"rendered":"https:\/\/agrupacionespsoe.es\/melilla\/?p=2455"},"modified":"2025-12-16T15:10:40","modified_gmt":"2025-12-16T15:10:40","slug":"robles-destaca-la-apertura-de-las-urgencias-del-hospital-universitario-como-un-hito-historico-para-la-sanidad-publica-de-melilla","status":"publish","type":"post","link":"https:\/\/agrupacionespsoe.es\/melilla\/robles-destaca-la-apertura-de-las-urgencias-del-hospital-universitario-como-un-hito-historico-para-la-sanidad-publica-de-melilla\/","title":{"rendered":"Robles destaca el traslado del Hospital Comarcal al Universitario como un hito hist\u00f3rico para la sanidad p\u00fablica de Melilla"},"content":{"rendered":"\n<p><strong>El portavoz socialista subraya que el traslado se ha realizado con planificaci\u00f3n, seguridad y pensando en pacientes y profesionales<\/strong><\/p>\n\n\n\n<p>El portavoz del PSOE de Melilla, Rafael Robles, ha subrayado que la apertura del servicio de Urgencias del Hospital Universitario de Melilla no es solo un traslado de actividad sanitaria, sino \u201cla culminaci\u00f3n de un compromiso pol\u00edtico claro del Partido Socialista con la sanidad p\u00fablica y con la ciudadan\u00eda melillense\u201d.<\/p>\n\n\n\n<p>Robles ha recordado que el Hospital Universitario \u201ces una infraestructura impulsada y ejecutada por gobiernos socialistas\u201d y que su puesta en funcionamiento progresiva \u201cdemuestra que cuando el PSOE gobierna, los proyectos se planifican, se ejecutan y se cumplen\u201d.<\/p>\n\n\n\n<p>El portavoz socialista ha explicado que la apertura de las Urgencias en el HUME, que desde esta ma\u00f1ana atienden a la poblaci\u00f3n, marca un hito fundamental en el proceso de traslado del antiguo Hospital Comarcal, realizado conforme a un Plan Operativo riguroso, con garant\u00edas para pacientes y profesionales y con total continuidad asistencial.<\/p>\n\n\n\n<p>\u201cEste Gobierno ha demostrado que se puede hacer una transici\u00f3n sanitaria de esta envergadura con seriedad, con planificaci\u00f3n y con responsabilidad, sin improvisaciones y pensando siempre en las personas\u201d, ha se\u00f1alado.<\/p>\n\n\n\n<p>Robles ha recordado que el nuevo Hospital Universitario cuenta con tecnolog\u00eda puntera, espacios m\u00e1s amplios, mejores circuitos asistenciales y condiciones m\u00e1s adecuadas tanto para los pacientes como para los profesionales sanitarios. \u201cHablamos de una sanidad m\u00e1s moderna, m\u00e1s humana y m\u00e1s eficiente, adaptada a las necesidades del siglo XXI\u201d, ha destacado.<\/p>\n\n\n\n<p><strong>Apuesta por la sanidad p\u00fablica<\/strong><\/p>\n\n\n\n<p>En este contexto, ha recordado que durante los a\u00f1os de gobierno progresista \u201cno solo se han impulsado infraestructuras\u201d, sino que tambi\u00e9n \u201cse han mejorado las condiciones laborales de los profesionales sanitarios, se han reforzado plantillas y se ha elevado la calidad asistencial que recibe la ciudadan\u00eda melillense\u201d. \u201cLa sanidad p\u00fablica se defiende con hechos, con inversi\u00f3n y con respeto a quienes la sostienen cada d\u00eda\u201d, ha a\u00f1adido.<\/p>\n\n\n\n<p>El portavoz socialista ha incidido en que el cierre de las urgencias del Hospital Comarcal tras 25 a\u00f1os de servicio se ha realizado garantizando en todo momento la atenci\u00f3n a los pacientes, con equipos m\u00e9dicos duplicados durante el proceso y con los quir\u00f3fanos del Hospital Universitario ya plenamente operativos, centralizando progresivamente toda la actividad asistencial.<\/p>\n\n\n\n<p>\u201cEste es el modelo del PSOE: inversi\u00f3n p\u00fablica, planificaci\u00f3n a largo plazo y compromiso con la igualdad en el acceso a la sanidad, vivas donde vivas\u201d, ha afirmado Robles, destacando que Melilla \u201crecibe hoy una infraestructura sanitaria a la altura de cualquier ciudad europea\u201d.<\/p>\n\n\n\n<p>Finalmente, Robles ha asegurado que \u201cel Hospital Universitario es una apuesta de presente y de futuro\u201d, y ha recalcado que \u201cfrente a la pol\u00edtica del ruido o de la cr\u00edtica permanente, el PSOE responde con resultados\u201d. \u201cHoy la sanidad p\u00fablica en Melilla da un paso adelante, y lo hace gracias a un Gobierno de Espa\u00f1a que cumple y cree en esta ciudad\u201d, ha concluido.<\/p>\n","protected":false},"excerpt":{"rendered":"<p>El portavoz socialista subraya que el traslado se ha realizado con planificaci\u00f3n, seguridad y pensando en pacientes y profesionales El portavoz del PSOE de Melilla, Rafael Robles, ha subrayado que la apertura del servicio de Urgencias del Hospital Universitario de Melilla no es solo un traslado de actividad sanitaria, sino \u201cla culminaci\u00f3n de un compromiso &#8230;<\/p>\n","protected":false},"author":187,"featured_media":2456,"comment_status":"open","ping_status":"open","sticky":false,"template":"","format":"standard","meta":{"_jetpack_memberships_contains_paid_content":false,"footnotes":""},"categories":[1],"tags":[],"class_list":["post-2455","post","type-post","status-publish","format-standard","has-post-thumbnail","hentry","category-sin-categoria"],"yoast_head":"<!-- This site is optimized with the Yoast SEO plugin v24.0 - https:\/\/yoast.com\/wordpress\/plugins\/seo\/ -->\n<title>Robles destaca el traslado del Hospital Comarcal al Universitario como un hito hist\u00f3rico para la sanidad p\u00fablica de Melilla - Agrupaci\u00f3n Socialista de Melilla<\/title>\n<meta name=\"robots\" content=\"index, follow, max-snippet:-1, max-image-preview:large, max-video-preview:-1\" \/>\n<link rel=\"canonical\" href=\"https:\/\/agrupacionespsoe.es\/melilla\/robles-destaca-la-apertura-de-las-urgencias-del-hospital-universitario-como-un-hito-historico-para-la-sanidad-publica-de-melilla\/\" \/>\n<meta property=\"og:locale\" content=\"es_ES\" \/>\n<meta property=\"og:type\" content=\"article\" \/>\n<meta property=\"og:title\" content=\"Robles destaca el traslado del Hospital Comarcal al Universitario como un hito hist\u00f3rico para la sanidad p\u00fablica de Melilla - Agrupaci\u00f3n Socialista de Melilla\" \/>\n<meta property=\"og:description\" content=\"El portavoz socialista subraya que el traslado se ha realizado con planificaci\u00f3n, seguridad y pensando en pacientes y profesionales El portavoz del PSOE de Melilla, Rafael Robles, ha subrayado que la apertura del servicio de Urgencias del Hospital Universitario de Melilla no es solo un traslado de actividad sanitaria, sino \u201cla culminaci\u00f3n de un compromiso ...\" \/>\n<meta property=\"og:url\" content=\"https:\/\/agrupacionespsoe.es\/melilla\/robles-destaca-la-apertura-de-las-urgencias-del-hospital-universitario-como-un-hito-historico-para-la-sanidad-publica-de-melilla\/\" \/>\n<meta property=\"og:site_name\" content=\"Agrupaci\u00f3n Socialista de Melilla\" \/>\n<meta property=\"article:published_time\" content=\"2025-12-16T10:35:34+00:00\" \/>\n<meta property=\"article:modified_time\" content=\"2025-12-16T15:10:40+00:00\" \/>\n<meta property=\"og:image\" content=\"https:\/\/agrupacionespsoe.es\/melilla\/wp-content\/uploads\/sites\/120\/2025\/12\/RRobles_16Diciembre1-scaled.jpg\" \/>\n\t<meta property=\"og:image:width\" content=\"2560\" \/>\n\t<meta property=\"og:image:height\" content=\"1707\" \/>\n\t<meta property=\"og:image:type\" content=\"image\/jpeg\" \/>\n<meta name=\"author\" content=\"melilla2\" \/>\n<meta name=\"twitter:card\" content=\"summary_large_image\" \/>\n<meta name=\"twitter:label1\" content=\"Escrito por\" \/>\n\t<meta name=\"twitter:data1\" content=\"melilla2\" \/>\n\t<meta name=\"twitter:label2\" content=\"Tiempo de lectura\" \/>\n\t<meta name=\"twitter:data2\" content=\"3 minutos\" \/>\n<script type=\"application\/ld+json\" class=\"yoast-schema-graph\">{\"@context\":\"https:\/\/schema.org\",\"@graph\":[{\"@type\":\"Article\",\"@id\":\"https:\/\/agrupacionespsoe.es\/melilla\/robles-destaca-la-apertura-de-las-urgencias-del-hospital-universitario-como-un-hito-historico-para-la-sanidad-publica-de-melilla\/#article\",\"isPartOf\":{\"@id\":\"https:\/\/agrupacionespsoe.es\/melilla\/robles-destaca-la-apertura-de-las-urgencias-del-hospital-universitario-como-un-hito-historico-para-la-sanidad-publica-de-melilla\/\"},\"author\":{\"name\":\"melilla2\",\"@id\":\"https:\/\/agrupacionespsoe.es\/melilla\/#\/schema\/person\/72bb3075a827d0ed0623682b96c92bd6\"},\"headline\":\"Robles destaca el traslado del Hospital Comarcal al Universitario como un hito hist\u00f3rico para la sanidad p\u00fablica de Melilla\",\"datePublished\":\"2025-12-16T10:35:34+00:00\",\"dateModified\":\"2025-12-16T15:10:40+00:00\",\"mainEntityOfPage\":{\"@id\":\"https:\/\/agrupacionespsoe.es\/melilla\/robles-destaca-la-apertura-de-las-urgencias-del-hospital-universitario-como-un-hito-historico-para-la-sanidad-publica-de-melilla\/\"},\"wordCount\":533,\"commentCount\":0,\"publisher\":{\"@id\":\"https:\/\/agrupacionespsoe.es\/melilla\/#organization\"},\"image\":{\"@id\":\"https:\/\/agrupacionespsoe.es\/melilla\/robles-destaca-la-apertura-de-las-urgencias-del-hospital-universitario-como-un-hito-historico-para-la-sanidad-publica-de-melilla\/#primaryimage\"},\"thumbnailUrl\":\"https:\/\/agrupacionespsoe.es\/melilla\/wp-content\/uploads\/sites\/120\/2025\/12\/RRobles_16Diciembre1-scaled.jpg\",\"inLanguage\":\"es\",\"potentialAction\":[{\"@type\":\"CommentAction\",\"name\":\"Comment\",\"target\":[\"https:\/\/agrupacionespsoe.es\/melilla\/robles-destaca-la-apertura-de-las-urgencias-del-hospital-universitario-como-un-hito-historico-para-la-sanidad-publica-de-melilla\/#respond\"]}]},{\"@type\":\"WebPage\",\"@id\":\"https:\/\/agrupacionespsoe.es\/melilla\/robles-destaca-la-apertura-de-las-urgencias-del-hospital-universitario-como-un-hito-historico-para-la-sanidad-publica-de-melilla\/\",\"url\":\"https:\/\/agrupacionespsoe.es\/melilla\/robles-destaca-la-apertura-de-las-urgencias-del-hospital-universitario-como-un-hito-historico-para-la-sanidad-publica-de-melilla\/\",\"name\":\"Robles destaca el traslado del Hospital Comarcal al Universitario como un hito hist\u00f3rico para la sanidad p\u00fablica de Melilla - Agrupaci\u00f3n Socialista de Melilla\",\"isPartOf\":{\"@id\":\"https:\/\/agrupacionespsoe.es\/melilla\/#website\"},\"primaryImageOfPage\":{\"@id\":\"https:\/\/agrupacionespsoe.es\/melilla\/robles-destaca-la-apertura-de-las-urgencias-del-hospital-universitario-como-un-hito-historico-para-la-sanidad-publica-de-melilla\/#primaryimage\"},\"image\":{\"@id\":\"https:\/\/agrupacionespsoe.es\/melilla\/robles-destaca-la-apertura-de-las-urgencias-del-hospital-universitario-como-un-hito-historico-para-la-sanidad-publica-de-melilla\/#primaryimage\"},\"thumbnailUrl\":\"https:\/\/agrupacionespsoe.es\/melilla\/wp-content\/uploads\/sites\/120\/2025\/12\/RRobles_16Diciembre1-scaled.jpg\",\"datePublished\":\"2025-12-16T10:35:34+00:00\",\"dateModified\":\"2025-12-16T15:10:40+00:00\",\"breadcrumb\":{\"@id\":\"https:\/\/agrupacionespsoe.es\/melilla\/robles-destaca-la-apertura-de-las-urgencias-del-hospital-universitario-como-un-hito-historico-para-la-sanidad-publica-de-melilla\/#breadcrumb\"},\"inLanguage\":\"es\",\"potentialAction\":[{\"@type\":\"ReadAction\",\"target\":[\"https:\/\/agrupacionespsoe.es\/melilla\/robles-destaca-la-apertura-de-las-urgencias-del-hospital-universitario-como-un-hito-historico-para-la-sanidad-publica-de-melilla\/\"]}]},{\"@type\":\"ImageObject\",\"inLanguage\":\"es\",\"@id\":\"https:\/\/agrupacionespsoe.es\/melilla\/robles-destaca-la-apertura-de-las-urgencias-del-hospital-universitario-como-un-hito-historico-para-la-sanidad-publica-de-melilla\/#primaryimage\",\"url\":\"https:\/\/agrupacionespsoe.es\/melilla\/wp-content\/uploads\/sites\/120\/2025\/12\/RRobles_16Diciembre1-scaled.jpg\",\"contentUrl\":\"https:\/\/agrupacionespsoe.es\/melilla\/wp-content\/uploads\/sites\/120\/2025\/12\/RRobles_16Diciembre1-scaled.jpg\",\"width\":2560,\"height\":1707},{\"@type\":\"BreadcrumbList\",\"@id\":\"https:\/\/agrupacionespsoe.es\/melilla\/robles-destaca-la-apertura-de-las-urgencias-del-hospital-universitario-como-un-hito-historico-para-la-sanidad-publica-de-melilla\/#breadcrumb\",\"itemListElement\":[{\"@type\":\"ListItem\",\"position\":1,\"name\":\"Portada\",\"item\":\"https:\/\/agrupacionespsoe.es\/melilla\/\"},{\"@type\":\"ListItem\",\"position\":2,\"name\":\"Robles destaca el traslado del Hospital Comarcal al Universitario como un hito hist\u00f3rico para la sanidad p\u00fablica de Melilla\"}]},{\"@type\":\"WebSite\",\"@id\":\"https:\/\/agrupacionespsoe.es\/melilla\/#website\",\"url\":\"https:\/\/agrupacionespsoe.es\/melilla\/\",\"name\":\"Agrupaci\u00f3n Socialista de Melilla\",\"description\":\"Agrupaci\u00f3n Socialista de Melilla\",\"publisher\":{\"@id\":\"https:\/\/agrupacionespsoe.es\/melilla\/#organization\"},\"potentialAction\":[{\"@type\":\"SearchAction\",\"target\":{\"@type\":\"EntryPoint\",\"urlTemplate\":\"https:\/\/agrupacionespsoe.es\/melilla\/?s={search_term_string}\"},\"query-input\":{\"@type\":\"PropertyValueSpecification\",\"valueRequired\":true,\"valueName\":\"search_term_string\"}}],\"inLanguage\":\"es\"},{\"@type\":\"Organization\",\"@id\":\"https:\/\/agrupacionespsoe.es\/melilla\/#organization\",\"name\":\"Agrupaci\u00f3n Socialista de Melilla\",\"url\":\"https:\/\/agrupacionespsoe.es\/melilla\/\",\"logo\":{\"@type\":\"ImageObject\",\"inLanguage\":\"es\",\"@id\":\"https:\/\/agrupacionespsoe.es\/melilla\/#\/schema\/logo\/image\/\",\"url\":\"https:\/\/agrupacionespsoe.es\/wp-content\/uploads\/2022\/07\/Logotipo_electoral_del_PSOE.png\",\"contentUrl\":\"https:\/\/agrupacionespsoe.es\/wp-content\/uploads\/2022\/07\/Logotipo_electoral_del_PSOE.png\",\"width\":422,\"height\":422,\"caption\":\"Agrupaci\u00f3n Socialista de Melilla\"},\"image\":{\"@id\":\"https:\/\/agrupacionespsoe.es\/melilla\/#\/schema\/logo\/image\/\"}},{\"@type\":\"Person\",\"@id\":\"https:\/\/agrupacionespsoe.es\/melilla\/#\/schema\/person\/72bb3075a827d0ed0623682b96c92bd6\",\"name\":\"melilla2\",\"image\":{\"@type\":\"ImageObject\",\"inLanguage\":\"es\",\"@id\":\"https:\/\/agrupacionespsoe.es\/melilla\/#\/schema\/person\/image\/\",\"url\":\"https:\/\/secure.gravatar.com\/avatar\/489a178e794e59f00db13a448aabca16?s=96&d=mm&r=g\",\"contentUrl\":\"https:\/\/secure.gravatar.com\/avatar\/489a178e794e59f00db13a448aabca16?s=96&d=mm&r=g\",\"caption\":\"melilla2\"},\"url\":\"https:\/\/agrupacionespsoe.es\/melilla\/author\/melilla2\/\"}]}<\/script>\n<!-- \/ Yoast SEO plugin. -->","yoast_head_json":{"title":"Robles destaca el traslado del Hospital Comarcal al Universitario como un hito hist\u00f3rico para la sanidad p\u00fablica de Melilla - Agrupaci\u00f3n Socialista de Melilla","robots":{"index":"index","follow":"follow","max-snippet":"max-snippet:-1","max-image-preview":"max-image-preview:large","max-video-preview":"max-video-preview:-1"},"canonical":"https:\/\/agrupacionespsoe.es\/melilla\/robles-destaca-la-apertura-de-las-urgencias-del-hospital-universitario-como-un-hito-historico-para-la-sanidad-publica-de-melilla\/","og_locale":"es_ES","og_type":"article","og_title":"Robles destaca el traslado del Hospital Comarcal al Universitario como un hito hist\u00f3rico para la sanidad p\u00fablica de Melilla - Agrupaci\u00f3n Socialista de Melilla","og_description":"El portavoz socialista subraya que el traslado se ha realizado con planificaci\u00f3n, seguridad y pensando en pacientes y profesionales El portavoz del PSOE de Melilla, Rafael Robles, ha subrayado que la apertura del servicio de Urgencias del Hospital Universitario de Melilla no es solo un traslado de actividad sanitaria, sino \u201cla culminaci\u00f3n de un compromiso ...","og_url":"https:\/\/agrupacionespsoe.es\/melilla\/robles-destaca-la-apertura-de-las-urgencias-del-hospital-universitario-como-un-hito-historico-para-la-sanidad-publica-de-melilla\/","og_site_name":"Agrupaci\u00f3n Socialista de Melilla","article_published_time":"2025-12-16T10:35:34+00:00","article_modified_time":"2025-12-16T15:10:40+00:00","og_image":[{"width":2560,"height":1707,"url":"https:\/\/agrupacionespsoe.es\/melilla\/wp-content\/uploads\/sites\/120\/2025\/12\/RRobles_16Diciembre1-scaled.jpg","type":"image\/jpeg"}],"author":"melilla2","twitter_card":"summary_large_image","twitter_misc":{"Escrito por":"melilla2","Tiempo de lectura":"3 minutos"},"schema":{"@context":"https:\/\/schema.org","@graph":[{"@type":"Article","@id":"https:\/\/agrupacionespsoe.es\/melilla\/robles-destaca-la-apertura-de-las-urgencias-del-hospital-universitario-como-un-hito-historico-para-la-sanidad-publica-de-melilla\/#article","isPartOf":{"@id":"https:\/\/agrupacionespsoe.es\/melilla\/robles-destaca-la-apertura-de-las-urgencias-del-hospital-universitario-como-un-hito-historico-para-la-sanidad-publica-de-melilla\/"},"author":{"name":"melilla2","@id":"https:\/\/agrupacionespsoe.es\/melilla\/#\/schema\/person\/72bb3075a827d0ed0623682b96c92bd6"},"headline":"Robles destaca el traslado del Hospital Comarcal al Universitario como un hito hist\u00f3rico para la sanidad p\u00fablica de Melilla","datePublished":"2025-12-16T10:35:34+00:00","dateModified":"2025-12-16T15:10:40+00:00","mainEntityOfPage":{"@id":"https:\/\/agrupacionespsoe.es\/melilla\/robles-destaca-la-apertura-de-las-urgencias-del-hospital-universitario-como-un-hito-historico-para-la-sanidad-publica-de-melilla\/"},"wordCount":533,"commentCount":0,"publisher":{"@id":"https:\/\/agrupacionespsoe.es\/melilla\/#organization"},"image":{"@id":"https:\/\/agrupacionespsoe.es\/melilla\/robles-destaca-la-apertura-de-las-urgencias-del-hospital-universitario-como-un-hito-historico-para-la-sanidad-publica-de-melilla\/#primaryimage"},"thumbnailUrl":"https:\/\/agrupacionespsoe.es\/melilla\/wp-content\/uploads\/sites\/120\/2025\/12\/RRobles_16Diciembre1-scaled.jpg","inLanguage":"es","potentialAction":[{"@type":"CommentAction","name":"Comment","target":["https:\/\/agrupacionespsoe.es\/melilla\/robles-destaca-la-apertura-de-las-urgencias-del-hospital-universitario-como-un-hito-historico-para-la-sanidad-publica-de-melilla\/#respond"]}]},{"@type":"WebPage","@id":"https:\/\/agrupacionespsoe.es\/melilla\/robles-destaca-la-apertura-de-las-urgencias-del-hospital-universitario-como-un-hito-historico-para-la-sanidad-publica-de-melilla\/","url":"https:\/\/agrupacionespsoe.es\/melilla\/robles-destaca-la-apertura-de-las-urgencias-del-hospital-universitario-como-un-hito-historico-para-la-sanidad-publica-de-melilla\/","name":"Robles destaca el traslado del Hospital Comarcal al Universitario como un hito hist\u00f3rico para la sanidad p\u00fablica de Melilla - Agrupaci\u00f3n Socialista de Melilla","isPartOf":{"@id":"https:\/\/agrupacionespsoe.es\/melilla\/#website"},"primaryImageOfPage":{"@id":"https:\/\/agrupacionespsoe.es\/melilla\/robles-destaca-la-apertura-de-las-urgencias-del-hospital-universitario-como-un-hito-historico-para-la-sanidad-publica-de-melilla\/#primaryimage"},"image":{"@id":"https:\/\/agrupacionespsoe.es\/melilla\/robles-destaca-la-apertura-de-las-urgencias-del-hospital-universitario-como-un-hito-historico-para-la-sanidad-publica-de-melilla\/#primaryimage"},"thumbnailUrl":"https:\/\/agrupacionespsoe.es\/melilla\/wp-content\/uploads\/sites\/120\/2025\/12\/RRobles_16Diciembre1-scaled.jpg","datePublished":"2025-12-16T10:35:34+00:00","dateModified":"2025-12-16T15:10:40+00:00","breadcrumb":{"@id":"https:\/\/agrupacionespsoe.es\/melilla\/robles-destaca-la-apertura-de-las-urgencias-del-hospital-universitario-como-un-hito-historico-para-la-sanidad-publica-de-melilla\/#breadcrumb"},"inLanguage":"es","potentialAction":[{"@type":"ReadAction","target":["https:\/\/agrupacionespsoe.es\/melilla\/robles-destaca-la-apertura-de-las-urgencias-del-hospital-universitario-como-un-hito-historico-para-la-sanidad-publica-de-melilla\/"]}]},{"@type":"ImageObject","inLanguage":"es","@id":"https:\/\/agrupacionespsoe.es\/melilla\/robles-destaca-la-apertura-de-las-urgencias-del-hospital-universitario-como-un-hito-historico-para-la-sanidad-publica-de-melilla\/#primaryimage","url":"https:\/\/agrupacionespsoe.es\/melilla\/wp-content\/uploads\/sites\/120\/2025\/12\/RRobles_16Diciembre1-scaled.jpg","contentUrl":"https:\/\/agrupacionespsoe.es\/melilla\/wp-content\/uploads\/sites\/120\/2025\/12\/RRobles_16Diciembre1-scaled.jpg","width":2560,"height":1707},{"@type":"BreadcrumbList","@id":"https:\/\/agrupacionespsoe.es\/melilla\/robles-destaca-la-apertura-de-las-urgencias-del-hospital-universitario-como-un-hito-historico-para-la-sanidad-publica-de-melilla\/#breadcrumb","itemListElement":[{"@type":"ListItem","position":1,"name":"Portada","item":"https:\/\/agrupacionespsoe.es\/melilla\/"},{"@type":"ListItem","position":2,"name":"Robles destaca el traslado del Hospital Comarcal al Universitario como un hito hist\u00f3rico para la sanidad p\u00fablica de Melilla"}]},{"@type":"WebSite","@id":"https:\/\/agrupacionespsoe.es\/melilla\/#website","url":"https:\/\/agrupacionespsoe.es\/melilla\/","name":"Agrupaci\u00f3n Socialista de Melilla","description":"Agrupaci\u00f3n Socialista de Melilla","publisher":{"@id":"https:\/\/agrupacionespsoe.es\/melilla\/#organization"},"potentialAction":[{"@type":"SearchAction","target":{"@type":"EntryPoint","urlTemplate":"https:\/\/agrupacionespsoe.es\/melilla\/?s={search_term_string}"},"query-input":{"@type":"PropertyValueSpecification","valueRequired":true,"valueName":"search_term_string"}}],"inLanguage":"es"},{"@type":"Organization","@id":"https:\/\/agrupacionespsoe.es\/melilla\/#organization","name":"Agrupaci\u00f3n Socialista de Melilla","url":"https:\/\/agrupacionespsoe.es\/melilla\/","logo":{"@type":"ImageObject","inLanguage":"es","@id":"https:\/\/agrupacionespsoe.es\/melilla\/#\/schema\/logo\/image\/","url":"https:\/\/agrupacionespsoe.es\/wp-content\/uploads\/2022\/07\/Logotipo_electoral_del_PSOE.png","contentUrl":"https:\/\/agrupacionespsoe.es\/wp-content\/uploads\/2022\/07\/Logotipo_electoral_del_PSOE.png","width":422,"height":422,"caption":"Agrupaci\u00f3n Socialista de Melilla"},"image":{"@id":"https:\/\/agrupacionespsoe.es\/melilla\/#\/schema\/logo\/image\/"}},{"@type":"Person","@id":"https:\/\/agrupacionespsoe.es\/melilla\/#\/schema\/person\/72bb3075a827d0ed0623682b96c92bd6","name":"melilla2","image":{"@type":"ImageObject","inLanguage":"es","@id":"https:\/\/agrupacionespsoe.es\/melilla\/#\/schema\/person\/image\/","url":"https:\/\/secure.gravatar.com\/avatar\/489a178e794e59f00db13a448aabca16?s=96&d=mm&r=g","contentUrl":"https:\/\/secure.gravatar.com\/avatar\/489a178e794e59f00db13a448aabca16?s=96&d=mm&r=g","caption":"melilla2"},"url":"https:\/\/agrupacionespsoe.es\/melilla\/author\/melilla2\/"}]}},"jetpack_featured_media_url":"https:\/\/agrupacionespsoe.es\/melilla\/wp-content\/uploads\/sites\/120\/2025\/12\/RRobles_16Diciembre1-scaled.jpg","jetpack_sharing_enabled":true,"_links":{"self":[{"href":"https:\/\/agrupacionespsoe.es\/melilla\/wp-json\/wp\/v2\/posts\/2455","targetHints":{"allow":["GET"]}}],"collection":[{"href":"https:\/\/agrupacionespsoe.es\/melilla\/wp-json\/wp\/v2\/posts"}],"about":[{"href":"https:\/\/agrupacionespsoe.es\/melilla\/wp-json\/wp\/v2\/types\/post"}],"author":[{"embeddable":true,"href":"https:\/\/agrupacionespsoe.es\/melilla\/wp-json\/wp\/v2\/users\/187"}],"replies":[{"embeddable":true,"href":"https:\/\/agrupacionespsoe.es\/melilla\/wp-json\/wp\/v2\/comments?post=2455"}],"version-history":[{"count":2,"href":"https:\/\/agrupacionespsoe.es\/melilla\/wp-json\/wp\/v2\/posts\/2455\/revisions"}],"predecessor-version":[{"id":2459,"href":"https:\/\/agrupacionespsoe.es\/melilla\/wp-json\/wp\/v2\/posts\/2455\/revisions\/2459"}],"wp:featuredmedia":[{"embeddable":true,"href":"https:\/\/agrupacionespsoe.es\/melilla\/wp-json\/wp\/v2\/media\/2456"}],"wp:attachment":[{"href":"https:\/\/agrupacionespsoe.es\/melilla\/wp-json\/wp\/v2\/media?parent=2455"}],"wp:term":[{"taxonomy":"category","embeddable":true,"href":"https:\/\/agrupacionespsoe.es\/melilla\/wp-json\/wp\/v2\/categories?post=2455"},{"taxonomy":"post_tag","embeddable":true,"href":"https:\/\/agrupacionespsoe.es\/melilla\/wp-json\/wp\/v2\/tags?post=2455"}],"curies":[{"name":"wp","href":"https:\/\/api.w.org\/{rel}","templated":true}]}}