{"id":2440,"date":"2025-12-06T12:38:54","date_gmt":"2025-12-06T12:38:54","guid":{"rendered":"https:\/\/agrupacionespsoe.es\/melilla\/?p=2440"},"modified":"2025-12-06T12:38:55","modified_gmt":"2025-12-06T12:38:55","slug":"el-psoe-reitera-su-firme-compromiso-con-la-constitucion-y-con-seguir-avanzando-hacia-una-sociedad-mas-democratica","status":"publish","type":"post","link":"https:\/\/agrupacionespsoe.es\/melilla\/el-psoe-reitera-su-firme-compromiso-con-la-constitucion-y-con-seguir-avanzando-hacia-una-sociedad-mas-democratica\/","title":{"rendered":"El PSOE reitera su firme compromiso con la Constituci\u00f3n y con seguir avanzando hacia una sociedad m\u00e1s democr\u00e1tica"},"content":{"rendered":"\n<p><strong>Las y los socialistas<\/strong> <strong>defienden blindar las conquistas sociales de los \u00faltimos a\u00f1os ante \u201cel grave riesgo de involuci\u00f3n\u201d<\/strong><\/p>\n\n\n\n<p>La Secretaria General del PSOE en Melilla, Sabrina Moh, ha mostrado el \u201cfirme compromiso\u201d de su formaci\u00f3n con la Constituci\u00f3n y con seguir avanzando hacia una sociedad m\u00e1s democr\u00e1tica y se ha sumado al rechazo de aquellos que son contrarios a los valores constitucionales dado que \u201caunque hoy todos celebran el 6 de diciembre, despu\u00e9s no lo cumplen o no resaltan \u201cesos valores que la Constituci\u00f3n recoge\u201d en referencia a la derecha y la ultraderecha.<\/p>\n\n\n\n<p>Con motivo del 47\u00ba aniversario de la Constituci\u00f3n Espa\u00f1ola, los socialistas melillenses han difundido un manifiesto por sus redes sociales en el que reivindica su compromiso con el texto constitucional y con los valores democr\u00e1ticos que recoge. La formaci\u00f3n socialista de Melilla destaca que la Carta Magna de 1978, la m\u00e1s longeva de la historia de Espa\u00f1a junto con la de 1876, fue \u201cfruto de un pacto de convivencia\u201d que permiti\u00f3 estabilidad institucional y una amplia expansi\u00f3n de derechos durante sus d\u00e9cadas de vigencia.<\/p>\n\n\n\n<p>El partido recuerda que el consenso alcanzado en las Cortes Generales fue decisivo para la elaboraci\u00f3n del texto y su posterior ratificaci\u00f3n en refer\u00e9ndum el 6 de diciembre de 1978 por una \u201cabrumadora mayor\u00eda\u201d de la ciudadan\u00eda. En esta l\u00ednea, el PSOE subraya que la democracia espa\u00f1ola no fue \u201cotorgada\u201d, sino conquistada gracias a la voluntad mayoritaria del pueblo.<\/p>\n\n\n\n<p><strong>Riesgo de involuci\u00f3n<\/strong><\/p>\n\n\n\n<p>En el manifiesto, las y los socialistas expresan su rechazo a las \u201crespuestas de algunos sectores conservadores y reaccionarios de ultra derecha\u201d que, tal y como denuncian, tratan de apropiarse de la Constituci\u00f3n o reinterpretar la historia reciente. Frente a ello, el Partido Socialista reivindica su papel constituyente y recuerda que es \u201cla \u00fanica fuerza pol\u00edtica estatal que sobrevive a las elecciones del 15 de junio de 1977\u201d, participando e impulsando tanto la elaboraci\u00f3n como la aprobaci\u00f3n del texto constitucional.<\/p>\n\n\n\n<p>Aunque el PSOE ensalza la vigencia y el valor del pacto de 1978, tambi\u00e9n reconoce la necesidad de promover reformas desde un \u201cgran acuerdo pol\u00edtico\u201d para fortalecer los derechos fundamentales, especialmente de minor\u00edas y colectivos vulnerables. En este sentido, el Gobierno Socialista ha planteado una reforma para garantizar el reconocimiento expreso del derecho a la interrupci\u00f3n voluntaria del embarazo y asegurar su ejercicio en condiciones de igualdad.<\/p>\n\n\n\n<p>Las y los socialistas defienden igualmente blindar las conquistas sociales de los \u00faltimos a\u00f1os ante \u201cel grave riesgo de involuci\u00f3n\u201d, tal como figura en sus resoluciones congresuales.<\/p>\n\n\n\n<p>El manifiesto concluye reafirmando el compromiso \u201crotundo\u201d del PSOE con la Constituci\u00f3n de 1978, destacando su elaboraci\u00f3n desde el consenso y reivindicando su defensa como uno de los grandes \u00e9xitos del pueblo espa\u00f1ol.<\/p>\n","protected":false},"excerpt":{"rendered":"<p>Las y los socialistas defienden blindar las conquistas sociales de los \u00faltimos a\u00f1os ante \u201cel grave riesgo de involuci\u00f3n\u201d La Secretaria General del PSOE en Melilla, Sabrina Moh, ha mostrado el \u201cfirme compromiso\u201d de su formaci\u00f3n con la Constituci\u00f3n y con seguir avanzando hacia una sociedad m\u00e1s democr\u00e1tica y se ha sumado al rechazo de &#8230;<\/p>\n","protected":false},"author":187,"featured_media":2441,"comment_status":"open","ping_status":"open","sticky":false,"template":"","format":"standard","meta":{"_jetpack_memberships_contains_paid_content":false,"footnotes":""},"categories":[1],"tags":[],"class_list":["post-2440","post","type-post","status-publish","format-standard","has-post-thumbnail","hentry","category-sin-categoria"],"yoast_head":"<!-- This site is optimized with the Yoast SEO plugin v24.0 - https:\/\/yoast.com\/wordpress\/plugins\/seo\/ -->\n<title>El PSOE reitera su firme compromiso con la Constituci\u00f3n y con seguir avanzando hacia una sociedad m\u00e1s democr\u00e1tica - Agrupaci\u00f3n Socialista de Melilla<\/title>\n<meta name=\"robots\" content=\"index, follow, max-snippet:-1, max-image-preview:large, max-video-preview:-1\" \/>\n<link rel=\"canonical\" href=\"https:\/\/agrupacionespsoe.es\/melilla\/el-psoe-reitera-su-firme-compromiso-con-la-constitucion-y-con-seguir-avanzando-hacia-una-sociedad-mas-democratica\/\" \/>\n<meta property=\"og:locale\" content=\"es_ES\" \/>\n<meta property=\"og:type\" content=\"article\" \/>\n<meta property=\"og:title\" content=\"El PSOE reitera su firme compromiso con la Constituci\u00f3n y con seguir avanzando hacia una sociedad m\u00e1s democr\u00e1tica - Agrupaci\u00f3n Socialista de Melilla\" \/>\n<meta property=\"og:description\" content=\"Las y los socialistas defienden blindar las conquistas sociales de los \u00faltimos a\u00f1os ante \u201cel grave riesgo de involuci\u00f3n\u201d La Secretaria General del PSOE en Melilla, Sabrina Moh, ha mostrado el \u201cfirme compromiso\u201d de su formaci\u00f3n con la Constituci\u00f3n y con seguir avanzando hacia una sociedad m\u00e1s democr\u00e1tica y se ha sumado al rechazo de ...\" \/>\n<meta property=\"og:url\" content=\"https:\/\/agrupacionespsoe.es\/melilla\/el-psoe-reitera-su-firme-compromiso-con-la-constitucion-y-con-seguir-avanzando-hacia-una-sociedad-mas-democratica\/\" \/>\n<meta property=\"og:site_name\" content=\"Agrupaci\u00f3n Socialista de Melilla\" \/>\n<meta property=\"article:published_time\" content=\"2025-12-06T12:38:54+00:00\" \/>\n<meta property=\"article:modified_time\" content=\"2025-12-06T12:38:55+00:00\" \/>\n<meta property=\"og:image\" content=\"https:\/\/agrupacionespsoe.es\/melilla\/wp-content\/uploads\/sites\/120\/2025\/12\/P1511726-scaled.jpg\" \/>\n\t<meta property=\"og:image:width\" content=\"2560\" \/>\n\t<meta property=\"og:image:height\" content=\"1707\" \/>\n\t<meta property=\"og:image:type\" content=\"image\/jpeg\" \/>\n<meta name=\"author\" content=\"melilla2\" \/>\n<meta name=\"twitter:card\" content=\"summary_large_image\" \/>\n<meta name=\"twitter:label1\" content=\"Escrito por\" \/>\n\t<meta name=\"twitter:data1\" content=\"melilla2\" \/>\n\t<meta name=\"twitter:label2\" content=\"Tiempo de lectura\" \/>\n\t<meta name=\"twitter:data2\" content=\"3 minutos\" \/>\n<script type=\"application\/ld+json\" class=\"yoast-schema-graph\">{\"@context\":\"https:\/\/schema.org\",\"@graph\":[{\"@type\":\"Article\",\"@id\":\"https:\/\/agrupacionespsoe.es\/melilla\/el-psoe-reitera-su-firme-compromiso-con-la-constitucion-y-con-seguir-avanzando-hacia-una-sociedad-mas-democratica\/#article\",\"isPartOf\":{\"@id\":\"https:\/\/agrupacionespsoe.es\/melilla\/el-psoe-reitera-su-firme-compromiso-con-la-constitucion-y-con-seguir-avanzando-hacia-una-sociedad-mas-democratica\/\"},\"author\":{\"name\":\"melilla2\",\"@id\":\"https:\/\/agrupacionespsoe.es\/melilla\/#\/schema\/person\/72bb3075a827d0ed0623682b96c92bd6\"},\"headline\":\"El PSOE reitera su firme compromiso con la Constituci\u00f3n y con seguir avanzando hacia una sociedad m\u00e1s democr\u00e1tica\",\"datePublished\":\"2025-12-06T12:38:54+00:00\",\"dateModified\":\"2025-12-06T12:38:55+00:00\",\"mainEntityOfPage\":{\"@id\":\"https:\/\/agrupacionespsoe.es\/melilla\/el-psoe-reitera-su-firme-compromiso-con-la-constitucion-y-con-seguir-avanzando-hacia-una-sociedad-mas-democratica\/\"},\"wordCount\":495,\"commentCount\":0,\"publisher\":{\"@id\":\"https:\/\/agrupacionespsoe.es\/melilla\/#organization\"},\"image\":{\"@id\":\"https:\/\/agrupacionespsoe.es\/melilla\/el-psoe-reitera-su-firme-compromiso-con-la-constitucion-y-con-seguir-avanzando-hacia-una-sociedad-mas-democratica\/#primaryimage\"},\"thumbnailUrl\":\"https:\/\/agrupacionespsoe.es\/melilla\/wp-content\/uploads\/sites\/120\/2025\/12\/P1511726-scaled.jpg\",\"inLanguage\":\"es\",\"potentialAction\":[{\"@type\":\"CommentAction\",\"name\":\"Comment\",\"target\":[\"https:\/\/agrupacionespsoe.es\/melilla\/el-psoe-reitera-su-firme-compromiso-con-la-constitucion-y-con-seguir-avanzando-hacia-una-sociedad-mas-democratica\/#respond\"]}]},{\"@type\":\"WebPage\",\"@id\":\"https:\/\/agrupacionespsoe.es\/melilla\/el-psoe-reitera-su-firme-compromiso-con-la-constitucion-y-con-seguir-avanzando-hacia-una-sociedad-mas-democratica\/\",\"url\":\"https:\/\/agrupacionespsoe.es\/melilla\/el-psoe-reitera-su-firme-compromiso-con-la-constitucion-y-con-seguir-avanzando-hacia-una-sociedad-mas-democratica\/\",\"name\":\"El PSOE reitera su firme compromiso con la Constituci\u00f3n y con seguir avanzando hacia una sociedad m\u00e1s democr\u00e1tica - Agrupaci\u00f3n Socialista de Melilla\",\"isPartOf\":{\"@id\":\"https:\/\/agrupacionespsoe.es\/melilla\/#website\"},\"primaryImageOfPage\":{\"@id\":\"https:\/\/agrupacionespsoe.es\/melilla\/el-psoe-reitera-su-firme-compromiso-con-la-constitucion-y-con-seguir-avanzando-hacia-una-sociedad-mas-democratica\/#primaryimage\"},\"image\":{\"@id\":\"https:\/\/agrupacionespsoe.es\/melilla\/el-psoe-reitera-su-firme-compromiso-con-la-constitucion-y-con-seguir-avanzando-hacia-una-sociedad-mas-democratica\/#primaryimage\"},\"thumbnailUrl\":\"https:\/\/agrupacionespsoe.es\/melilla\/wp-content\/uploads\/sites\/120\/2025\/12\/P1511726-scaled.jpg\",\"datePublished\":\"2025-12-06T12:38:54+00:00\",\"dateModified\":\"2025-12-06T12:38:55+00:00\",\"breadcrumb\":{\"@id\":\"https:\/\/agrupacionespsoe.es\/melilla\/el-psoe-reitera-su-firme-compromiso-con-la-constitucion-y-con-seguir-avanzando-hacia-una-sociedad-mas-democratica\/#breadcrumb\"},\"inLanguage\":\"es\",\"potentialAction\":[{\"@type\":\"ReadAction\",\"target\":[\"https:\/\/agrupacionespsoe.es\/melilla\/el-psoe-reitera-su-firme-compromiso-con-la-constitucion-y-con-seguir-avanzando-hacia-una-sociedad-mas-democratica\/\"]}]},{\"@type\":\"ImageObject\",\"inLanguage\":\"es\",\"@id\":\"https:\/\/agrupacionespsoe.es\/melilla\/el-psoe-reitera-su-firme-compromiso-con-la-constitucion-y-con-seguir-avanzando-hacia-una-sociedad-mas-democratica\/#primaryimage\",\"url\":\"https:\/\/agrupacionespsoe.es\/melilla\/wp-content\/uploads\/sites\/120\/2025\/12\/P1511726-scaled.jpg\",\"contentUrl\":\"https:\/\/agrupacionespsoe.es\/melilla\/wp-content\/uploads\/sites\/120\/2025\/12\/P1511726-scaled.jpg\",\"width\":2560,\"height\":1707},{\"@type\":\"BreadcrumbList\",\"@id\":\"https:\/\/agrupacionespsoe.es\/melilla\/el-psoe-reitera-su-firme-compromiso-con-la-constitucion-y-con-seguir-avanzando-hacia-una-sociedad-mas-democratica\/#breadcrumb\",\"itemListElement\":[{\"@type\":\"ListItem\",\"position\":1,\"name\":\"Portada\",\"item\":\"https:\/\/agrupacionespsoe.es\/melilla\/\"},{\"@type\":\"ListItem\",\"position\":2,\"name\":\"El PSOE reitera su firme compromiso con la Constituci\u00f3n y con seguir avanzando hacia una sociedad m\u00e1s democr\u00e1tica\"}]},{\"@type\":\"WebSite\",\"@id\":\"https:\/\/agrupacionespsoe.es\/melilla\/#website\",\"url\":\"https:\/\/agrupacionespsoe.es\/melilla\/\",\"name\":\"Agrupaci\u00f3n Socialista de Melilla\",\"description\":\"Agrupaci\u00f3n Socialista de Melilla\",\"publisher\":{\"@id\":\"https:\/\/agrupacionespsoe.es\/melilla\/#organization\"},\"potentialAction\":[{\"@type\":\"SearchAction\",\"target\":{\"@type\":\"EntryPoint\",\"urlTemplate\":\"https:\/\/agrupacionespsoe.es\/melilla\/?s={search_term_string}\"},\"query-input\":{\"@type\":\"PropertyValueSpecification\",\"valueRequired\":true,\"valueName\":\"search_term_string\"}}],\"inLanguage\":\"es\"},{\"@type\":\"Organization\",\"@id\":\"https:\/\/agrupacionespsoe.es\/melilla\/#organization\",\"name\":\"Agrupaci\u00f3n Socialista de Melilla\",\"url\":\"https:\/\/agrupacionespsoe.es\/melilla\/\",\"logo\":{\"@type\":\"ImageObject\",\"inLanguage\":\"es\",\"@id\":\"https:\/\/agrupacionespsoe.es\/melilla\/#\/schema\/logo\/image\/\",\"url\":\"https:\/\/agrupacionespsoe.es\/wp-content\/uploads\/2022\/07\/Logotipo_electoral_del_PSOE.png\",\"contentUrl\":\"https:\/\/agrupacionespsoe.es\/wp-content\/uploads\/2022\/07\/Logotipo_electoral_del_PSOE.png\",\"width\":422,\"height\":422,\"caption\":\"Agrupaci\u00f3n Socialista de Melilla\"},\"image\":{\"@id\":\"https:\/\/agrupacionespsoe.es\/melilla\/#\/schema\/logo\/image\/\"}},{\"@type\":\"Person\",\"@id\":\"https:\/\/agrupacionespsoe.es\/melilla\/#\/schema\/person\/72bb3075a827d0ed0623682b96c92bd6\",\"name\":\"melilla2\",\"image\":{\"@type\":\"ImageObject\",\"inLanguage\":\"es\",\"@id\":\"https:\/\/agrupacionespsoe.es\/melilla\/#\/schema\/person\/image\/\",\"url\":\"https:\/\/secure.gravatar.com\/avatar\/489a178e794e59f00db13a448aabca16?s=96&d=mm&r=g\",\"contentUrl\":\"https:\/\/secure.gravatar.com\/avatar\/489a178e794e59f00db13a448aabca16?s=96&d=mm&r=g\",\"caption\":\"melilla2\"},\"url\":\"https:\/\/agrupacionespsoe.es\/melilla\/author\/melilla2\/\"}]}<\/script>\n<!-- \/ Yoast SEO plugin. -->","yoast_head_json":{"title":"El PSOE reitera su firme compromiso con la Constituci\u00f3n y con seguir avanzando hacia una sociedad m\u00e1s democr\u00e1tica - Agrupaci\u00f3n Socialista de Melilla","robots":{"index":"index","follow":"follow","max-snippet":"max-snippet:-1","max-image-preview":"max-image-preview:large","max-video-preview":"max-video-preview:-1"},"canonical":"https:\/\/agrupacionespsoe.es\/melilla\/el-psoe-reitera-su-firme-compromiso-con-la-constitucion-y-con-seguir-avanzando-hacia-una-sociedad-mas-democratica\/","og_locale":"es_ES","og_type":"article","og_title":"El PSOE reitera su firme compromiso con la Constituci\u00f3n y con seguir avanzando hacia una sociedad m\u00e1s democr\u00e1tica - Agrupaci\u00f3n Socialista de Melilla","og_description":"Las y los socialistas defienden blindar las conquistas sociales de los \u00faltimos a\u00f1os ante \u201cel grave riesgo de involuci\u00f3n\u201d La Secretaria General del PSOE en Melilla, Sabrina Moh, ha mostrado el \u201cfirme compromiso\u201d de su formaci\u00f3n con la Constituci\u00f3n y con seguir avanzando hacia una sociedad m\u00e1s democr\u00e1tica y se ha sumado al rechazo de ...","og_url":"https:\/\/agrupacionespsoe.es\/melilla\/el-psoe-reitera-su-firme-compromiso-con-la-constitucion-y-con-seguir-avanzando-hacia-una-sociedad-mas-democratica\/","og_site_name":"Agrupaci\u00f3n Socialista de Melilla","article_published_time":"2025-12-06T12:38:54+00:00","article_modified_time":"2025-12-06T12:38:55+00:00","og_image":[{"width":2560,"height":1707,"url":"https:\/\/agrupacionespsoe.es\/melilla\/wp-content\/uploads\/sites\/120\/2025\/12\/P1511726-scaled.jpg","type":"image\/jpeg"}],"author":"melilla2","twitter_card":"summary_large_image","twitter_misc":{"Escrito por":"melilla2","Tiempo de lectura":"3 minutos"},"schema":{"@context":"https:\/\/schema.org","@graph":[{"@type":"Article","@id":"https:\/\/agrupacionespsoe.es\/melilla\/el-psoe-reitera-su-firme-compromiso-con-la-constitucion-y-con-seguir-avanzando-hacia-una-sociedad-mas-democratica\/#article","isPartOf":{"@id":"https:\/\/agrupacionespsoe.es\/melilla\/el-psoe-reitera-su-firme-compromiso-con-la-constitucion-y-con-seguir-avanzando-hacia-una-sociedad-mas-democratica\/"},"author":{"name":"melilla2","@id":"https:\/\/agrupacionespsoe.es\/melilla\/#\/schema\/person\/72bb3075a827d0ed0623682b96c92bd6"},"headline":"El PSOE reitera su firme compromiso con la Constituci\u00f3n y con seguir avanzando hacia una sociedad m\u00e1s democr\u00e1tica","datePublished":"2025-12-06T12:38:54+00:00","dateModified":"2025-12-06T12:38:55+00:00","mainEntityOfPage":{"@id":"https:\/\/agrupacionespsoe.es\/melilla\/el-psoe-reitera-su-firme-compromiso-con-la-constitucion-y-con-seguir-avanzando-hacia-una-sociedad-mas-democratica\/"},"wordCount":495,"commentCount":0,"publisher":{"@id":"https:\/\/agrupacionespsoe.es\/melilla\/#organization"},"image":{"@id":"https:\/\/agrupacionespsoe.es\/melilla\/el-psoe-reitera-su-firme-compromiso-con-la-constitucion-y-con-seguir-avanzando-hacia-una-sociedad-mas-democratica\/#primaryimage"},"thumbnailUrl":"https:\/\/agrupacionespsoe.es\/melilla\/wp-content\/uploads\/sites\/120\/2025\/12\/P1511726-scaled.jpg","inLanguage":"es","potentialAction":[{"@type":"CommentAction","name":"Comment","target":["https:\/\/agrupacionespsoe.es\/melilla\/el-psoe-reitera-su-firme-compromiso-con-la-constitucion-y-con-seguir-avanzando-hacia-una-sociedad-mas-democratica\/#respond"]}]},{"@type":"WebPage","@id":"https:\/\/agrupacionespsoe.es\/melilla\/el-psoe-reitera-su-firme-compromiso-con-la-constitucion-y-con-seguir-avanzando-hacia-una-sociedad-mas-democratica\/","url":"https:\/\/agrupacionespsoe.es\/melilla\/el-psoe-reitera-su-firme-compromiso-con-la-constitucion-y-con-seguir-avanzando-hacia-una-sociedad-mas-democratica\/","name":"El PSOE reitera su firme compromiso con la Constituci\u00f3n y con seguir avanzando hacia una sociedad m\u00e1s democr\u00e1tica - Agrupaci\u00f3n Socialista de Melilla","isPartOf":{"@id":"https:\/\/agrupacionespsoe.es\/melilla\/#website"},"primaryImageOfPage":{"@id":"https:\/\/agrupacionespsoe.es\/melilla\/el-psoe-reitera-su-firme-compromiso-con-la-constitucion-y-con-seguir-avanzando-hacia-una-sociedad-mas-democratica\/#primaryimage"},"image":{"@id":"https:\/\/agrupacionespsoe.es\/melilla\/el-psoe-reitera-su-firme-compromiso-con-la-constitucion-y-con-seguir-avanzando-hacia-una-sociedad-mas-democratica\/#primaryimage"},"thumbnailUrl":"https:\/\/agrupacionespsoe.es\/melilla\/wp-content\/uploads\/sites\/120\/2025\/12\/P1511726-scaled.jpg","datePublished":"2025-12-06T12:38:54+00:00","dateModified":"2025-12-06T12:38:55+00:00","breadcrumb":{"@id":"https:\/\/agrupacionespsoe.es\/melilla\/el-psoe-reitera-su-firme-compromiso-con-la-constitucion-y-con-seguir-avanzando-hacia-una-sociedad-mas-democratica\/#breadcrumb"},"inLanguage":"es","potentialAction":[{"@type":"ReadAction","target":["https:\/\/agrupacionespsoe.es\/melilla\/el-psoe-reitera-su-firme-compromiso-con-la-constitucion-y-con-seguir-avanzando-hacia-una-sociedad-mas-democratica\/"]}]},{"@type":"ImageObject","inLanguage":"es","@id":"https:\/\/agrupacionespsoe.es\/melilla\/el-psoe-reitera-su-firme-compromiso-con-la-constitucion-y-con-seguir-avanzando-hacia-una-sociedad-mas-democratica\/#primaryimage","url":"https:\/\/agrupacionespsoe.es\/melilla\/wp-content\/uploads\/sites\/120\/2025\/12\/P1511726-scaled.jpg","contentUrl":"https:\/\/agrupacionespsoe.es\/melilla\/wp-content\/uploads\/sites\/120\/2025\/12\/P1511726-scaled.jpg","width":2560,"height":1707},{"@type":"BreadcrumbList","@id":"https:\/\/agrupacionespsoe.es\/melilla\/el-psoe-reitera-su-firme-compromiso-con-la-constitucion-y-con-seguir-avanzando-hacia-una-sociedad-mas-democratica\/#breadcrumb","itemListElement":[{"@type":"ListItem","position":1,"name":"Portada","item":"https:\/\/agrupacionespsoe.es\/melilla\/"},{"@type":"ListItem","position":2,"name":"El PSOE reitera su firme compromiso con la Constituci\u00f3n y con seguir avanzando hacia una sociedad m\u00e1s democr\u00e1tica"}]},{"@type":"WebSite","@id":"https:\/\/agrupacionespsoe.es\/melilla\/#website","url":"https:\/\/agrupacionespsoe.es\/melilla\/","name":"Agrupaci\u00f3n Socialista de Melilla","description":"Agrupaci\u00f3n Socialista de Melilla","publisher":{"@id":"https:\/\/agrupacionespsoe.es\/melilla\/#organization"},"potentialAction":[{"@type":"SearchAction","target":{"@type":"EntryPoint","urlTemplate":"https:\/\/agrupacionespsoe.es\/melilla\/?s={search_term_string}"},"query-input":{"@type":"PropertyValueSpecification","valueRequired":true,"valueName":"search_term_string"}}],"inLanguage":"es"},{"@type":"Organization","@id":"https:\/\/agrupacionespsoe.es\/melilla\/#organization","name":"Agrupaci\u00f3n Socialista de Melilla","url":"https:\/\/agrupacionespsoe.es\/melilla\/","logo":{"@type":"ImageObject","inLanguage":"es","@id":"https:\/\/agrupacionespsoe.es\/melilla\/#\/schema\/logo\/image\/","url":"https:\/\/agrupacionespsoe.es\/wp-content\/uploads\/2022\/07\/Logotipo_electoral_del_PSOE.png","contentUrl":"https:\/\/agrupacionespsoe.es\/wp-content\/uploads\/2022\/07\/Logotipo_electoral_del_PSOE.png","width":422,"height":422,"caption":"Agrupaci\u00f3n Socialista de Melilla"},"image":{"@id":"https:\/\/agrupacionespsoe.es\/melilla\/#\/schema\/logo\/image\/"}},{"@type":"Person","@id":"https:\/\/agrupacionespsoe.es\/melilla\/#\/schema\/person\/72bb3075a827d0ed0623682b96c92bd6","name":"melilla2","image":{"@type":"ImageObject","inLanguage":"es","@id":"https:\/\/agrupacionespsoe.es\/melilla\/#\/schema\/person\/image\/","url":"https:\/\/secure.gravatar.com\/avatar\/489a178e794e59f00db13a448aabca16?s=96&d=mm&r=g","contentUrl":"https:\/\/secure.gravatar.com\/avatar\/489a178e794e59f00db13a448aabca16?s=96&d=mm&r=g","caption":"melilla2"},"url":"https:\/\/agrupacionespsoe.es\/melilla\/author\/melilla2\/"}]}},"jetpack_featured_media_url":"https:\/\/agrupacionespsoe.es\/melilla\/wp-content\/uploads\/sites\/120\/2025\/12\/P1511726-scaled.jpg","jetpack_sharing_enabled":true,"_links":{"self":[{"href":"https:\/\/agrupacionespsoe.es\/melilla\/wp-json\/wp\/v2\/posts\/2440","targetHints":{"allow":["GET"]}}],"collection":[{"href":"https:\/\/agrupacionespsoe.es\/melilla\/wp-json\/wp\/v2\/posts"}],"about":[{"href":"https:\/\/agrupacionespsoe.es\/melilla\/wp-json\/wp\/v2\/types\/post"}],"author":[{"embeddable":true,"href":"https:\/\/agrupacionespsoe.es\/melilla\/wp-json\/wp\/v2\/users\/187"}],"replies":[{"embeddable":true,"href":"https:\/\/agrupacionespsoe.es\/melilla\/wp-json\/wp\/v2\/comments?post=2440"}],"version-history":[{"count":1,"href":"https:\/\/agrupacionespsoe.es\/melilla\/wp-json\/wp\/v2\/posts\/2440\/revisions"}],"predecessor-version":[{"id":2442,"href":"https:\/\/agrupacionespsoe.es\/melilla\/wp-json\/wp\/v2\/posts\/2440\/revisions\/2442"}],"wp:featuredmedia":[{"embeddable":true,"href":"https:\/\/agrupacionespsoe.es\/melilla\/wp-json\/wp\/v2\/media\/2441"}],"wp:attachment":[{"href":"https:\/\/agrupacionespsoe.es\/melilla\/wp-json\/wp\/v2\/media?parent=2440"}],"wp:term":[{"taxonomy":"category","embeddable":true,"href":"https:\/\/agrupacionespsoe.es\/melilla\/wp-json\/wp\/v2\/categories?post=2440"},{"taxonomy":"post_tag","embeddable":true,"href":"https:\/\/agrupacionespsoe.es\/melilla\/wp-json\/wp\/v2\/tags?post=2440"}],"curies":[{"name":"wp","href":"https:\/\/api.w.org\/{rel}","templated":true}]}}