{"id":2437,"date":"2025-12-05T12:56:30","date_gmt":"2025-12-05T12:56:30","guid":{"rendered":"https:\/\/agrupacionespsoe.es\/melilla\/?p=2437"},"modified":"2025-12-05T12:56:31","modified_gmt":"2025-12-05T12:56:31","slug":"el-psoe-reclama-una-revision-de-los-presupuestos-para-incorporar-los-16-millones-del-real-decreto","status":"publish","type":"post","link":"https:\/\/agrupacionespsoe.es\/melilla\/el-psoe-reclama-una-revision-de-los-presupuestos-para-incorporar-los-16-millones-del-real-decreto\/","title":{"rendered":"El PSOE reclama una revisi\u00f3n de los Presupuestos para incorporar los 16 millones del Real Decreto."},"content":{"rendered":"\n<p><strong>Riduan Moh: \u201cNo basta con frenar la amortizaci\u00f3n de deuda; Melilla necesita unos presupuestos \u00a0\u00fatiles para la ciudadan\u00eda<\/strong><\/p>\n\n\n\n<p>El portavoz del PSOE de Melilla, Riduan Moh, ha pedido al Gobierno de Imbroda que realice una revisi\u00f3n completa del proyecto de Presupuestos para adaptarlo a la nueva realidad que puede abrirse tras el Real Decreto aprobado por el Gobierno de Espa\u00f1a y pendiente de validaci\u00f3n en el Congreso de los Diputados. Seg\u00fan Moh, si el decreto sale adelante, Melilla podr\u00eda disponer de 16 millones adicionales y ese dinero debe incorporarse a las cuentas con un compromiso firme: invertirlo directamente en infraestructuras, vivienda y mejoras reales en los barrios.<\/p>\n\n\n\n<p>\u201cEl Gobierno local tiene que dejar de mirar hacia otro lado. Este Real Decreto puede transformar la capacidad de inversi\u00f3n de Melilla y no podemos permitir que esos fondos se pierdan en prioridades que no sirven a la ciudadan\u00eda. Necesitamos unos Presupuestos revisados a fondo y alineados con lo que la ciudad necesita\u201d, ha afirmado.<\/p>\n\n\n\n<p>Moh ha recordado que el propio Imbroda admiti\u00f3 p\u00fablicamente que las medidas adoptadas por el Gobierno de Pedro S\u00e1nchez benefician a los espa\u00f1oles. Para el PSOE, esta admisi\u00f3n demuestra que el PP \u201csabe perfectamente que estas decisiones ayudan tambi\u00e9n a Melilla\u201d, aunque despu\u00e9s intente minimizar su impacto o desacreditar su aplicaci\u00f3n.<\/p>\n\n\n\n<p>El portavoz socialista considera que la llegada de estos 16 millones exige una planificaci\u00f3n seria. \u201cSi el Congreso aprueba el decreto, Melilla debe estar preparada. No hablamos de parches ni de anuncios vac\u00edos. Este dinero debe ir a donde m\u00e1s falta hace: vivienda social, infraestructuras b\u00e1sicas y actuaciones urgentes en nuestros barrios. Lo contrario ser\u00eda traicionar una oportunidad que la ciudad lleva a\u00f1os esperando\u201d, ha se\u00f1alado.<\/p>\n\n\n\n<p>Moh ha subrayado que el PSOE apuesta claramente por que estos fondos repercutan en la ciudadan\u00eda. \u201cSiempre defenderemos que cada euro que llegue gracias a las pol\u00edticas del Gobierno de Espa\u00f1a se utilice para mejorar la vida de los melillenses. No vamos a permitir que se diluya en proyectos opacos o en prioridades que no representan el inter\u00e9s general\u201d.<\/p>\n\n\n\n<p>Adem\u00e1s, ha recordado que el Real Decreto aprobado permitir\u00e1 a comunidades y entidades locales destinar el super\u00e1vit de 2024 a inversiones sostenibles en los pr\u00f3ximos a\u00f1os sin que computen en la regla de gasto. \u201cUna herramienta as\u00ed exige preparaci\u00f3n. Melilla no puede improvisar ni trabajar con documentos obsoletos. Necesitamos unos Presupuestos actualizados que contemplen todos los escenarios posibles\u201d, ha indicado.<\/p>\n\n\n\n<p>Finalmente, Moh ha insistido en que el PSOE de Melilla seguir\u00e1 vigilante para garantizar que el Gobierno local asuma este compromiso. \u201cEste es el momento de apostar por la ciudad. Revisar los Presupuestos e incorporar estos 16 millones no es una opci\u00f3n, es una obligaci\u00f3n con los melillenses. La ciudadan\u00eda merece que estos fondos se traduzcan en vivienda, mejores servicios y barrios dignos\u201d.<\/p>\n","protected":false},"excerpt":{"rendered":"<p>Riduan Moh: \u201cNo basta con frenar la amortizaci\u00f3n de deuda; Melilla necesita unos presupuestos \u00a0\u00fatiles para la ciudadan\u00eda El portavoz del PSOE de Melilla, Riduan Moh, ha pedido al Gobierno de Imbroda que realice una revisi\u00f3n completa del proyecto de Presupuestos para adaptarlo a la nueva realidad que puede abrirse tras el Real Decreto aprobado &#8230;<\/p>\n","protected":false},"author":187,"featured_media":2438,"comment_status":"open","ping_status":"open","sticky":false,"template":"","format":"standard","meta":{"_jetpack_memberships_contains_paid_content":false,"footnotes":""},"categories":[1],"tags":[],"class_list":["post-2437","post","type-post","status-publish","format-standard","has-post-thumbnail","hentry","category-sin-categoria"],"yoast_head":"<!-- This site is optimized with the Yoast SEO plugin v24.0 - https:\/\/yoast.com\/wordpress\/plugins\/seo\/ -->\n<title>El PSOE reclama una revisi\u00f3n de los Presupuestos para incorporar los 16 millones del Real Decreto. - Agrupaci\u00f3n Socialista de Melilla<\/title>\n<meta name=\"robots\" content=\"index, follow, max-snippet:-1, max-image-preview:large, max-video-preview:-1\" \/>\n<link rel=\"canonical\" href=\"https:\/\/agrupacionespsoe.es\/melilla\/el-psoe-reclama-una-revision-de-los-presupuestos-para-incorporar-los-16-millones-del-real-decreto\/\" \/>\n<meta property=\"og:locale\" content=\"es_ES\" \/>\n<meta property=\"og:type\" content=\"article\" \/>\n<meta property=\"og:title\" content=\"El PSOE reclama una revisi\u00f3n de los Presupuestos para incorporar los 16 millones del Real Decreto. - Agrupaci\u00f3n Socialista de Melilla\" \/>\n<meta property=\"og:description\" content=\"Riduan Moh: \u201cNo basta con frenar la amortizaci\u00f3n de deuda; Melilla necesita unos presupuestos \u00a0\u00fatiles para la ciudadan\u00eda El portavoz del PSOE de Melilla, Riduan Moh, ha pedido al Gobierno de Imbroda que realice una revisi\u00f3n completa del proyecto de Presupuestos para adaptarlo a la nueva realidad que puede abrirse tras el Real Decreto aprobado ...\" \/>\n<meta property=\"og:url\" content=\"https:\/\/agrupacionespsoe.es\/melilla\/el-psoe-reclama-una-revision-de-los-presupuestos-para-incorporar-los-16-millones-del-real-decreto\/\" \/>\n<meta property=\"og:site_name\" content=\"Agrupaci\u00f3n Socialista de Melilla\" \/>\n<meta property=\"article:published_time\" content=\"2025-12-05T12:56:30+00:00\" \/>\n<meta property=\"article:modified_time\" content=\"2025-12-05T12:56:31+00:00\" \/>\n<meta property=\"og:image\" content=\"https:\/\/agrupacionespsoe.es\/melilla\/wp-content\/uploads\/sites\/120\/2025\/12\/2025-12-05-RMoh-RDLPresupuestos-scaled.jpg\" \/>\n\t<meta property=\"og:image:width\" content=\"2560\" \/>\n\t<meta property=\"og:image:height\" content=\"1707\" \/>\n\t<meta property=\"og:image:type\" content=\"image\/jpeg\" \/>\n<meta name=\"author\" content=\"melilla2\" \/>\n<meta name=\"twitter:card\" content=\"summary_large_image\" \/>\n<meta name=\"twitter:label1\" content=\"Escrito por\" \/>\n\t<meta name=\"twitter:data1\" content=\"melilla2\" \/>\n\t<meta name=\"twitter:label2\" content=\"Tiempo de lectura\" \/>\n\t<meta name=\"twitter:data2\" content=\"3 minutos\" \/>\n<script type=\"application\/ld+json\" class=\"yoast-schema-graph\">{\"@context\":\"https:\/\/schema.org\",\"@graph\":[{\"@type\":\"Article\",\"@id\":\"https:\/\/agrupacionespsoe.es\/melilla\/el-psoe-reclama-una-revision-de-los-presupuestos-para-incorporar-los-16-millones-del-real-decreto\/#article\",\"isPartOf\":{\"@id\":\"https:\/\/agrupacionespsoe.es\/melilla\/el-psoe-reclama-una-revision-de-los-presupuestos-para-incorporar-los-16-millones-del-real-decreto\/\"},\"author\":{\"name\":\"melilla2\",\"@id\":\"https:\/\/agrupacionespsoe.es\/melilla\/#\/schema\/person\/72bb3075a827d0ed0623682b96c92bd6\"},\"headline\":\"El PSOE reclama una revisi\u00f3n de los Presupuestos para incorporar los 16 millones del Real Decreto.\",\"datePublished\":\"2025-12-05T12:56:30+00:00\",\"dateModified\":\"2025-12-05T12:56:31+00:00\",\"mainEntityOfPage\":{\"@id\":\"https:\/\/agrupacionespsoe.es\/melilla\/el-psoe-reclama-una-revision-de-los-presupuestos-para-incorporar-los-16-millones-del-real-decreto\/\"},\"wordCount\":508,\"commentCount\":0,\"publisher\":{\"@id\":\"https:\/\/agrupacionespsoe.es\/melilla\/#organization\"},\"image\":{\"@id\":\"https:\/\/agrupacionespsoe.es\/melilla\/el-psoe-reclama-una-revision-de-los-presupuestos-para-incorporar-los-16-millones-del-real-decreto\/#primaryimage\"},\"thumbnailUrl\":\"https:\/\/agrupacionespsoe.es\/melilla\/wp-content\/uploads\/sites\/120\/2025\/12\/2025-12-05-RMoh-RDLPresupuestos-scaled.jpg\",\"inLanguage\":\"es\",\"potentialAction\":[{\"@type\":\"CommentAction\",\"name\":\"Comment\",\"target\":[\"https:\/\/agrupacionespsoe.es\/melilla\/el-psoe-reclama-una-revision-de-los-presupuestos-para-incorporar-los-16-millones-del-real-decreto\/#respond\"]}]},{\"@type\":\"WebPage\",\"@id\":\"https:\/\/agrupacionespsoe.es\/melilla\/el-psoe-reclama-una-revision-de-los-presupuestos-para-incorporar-los-16-millones-del-real-decreto\/\",\"url\":\"https:\/\/agrupacionespsoe.es\/melilla\/el-psoe-reclama-una-revision-de-los-presupuestos-para-incorporar-los-16-millones-del-real-decreto\/\",\"name\":\"El PSOE reclama una revisi\u00f3n de los Presupuestos para incorporar los 16 millones del Real Decreto. - Agrupaci\u00f3n Socialista de Melilla\",\"isPartOf\":{\"@id\":\"https:\/\/agrupacionespsoe.es\/melilla\/#website\"},\"primaryImageOfPage\":{\"@id\":\"https:\/\/agrupacionespsoe.es\/melilla\/el-psoe-reclama-una-revision-de-los-presupuestos-para-incorporar-los-16-millones-del-real-decreto\/#primaryimage\"},\"image\":{\"@id\":\"https:\/\/agrupacionespsoe.es\/melilla\/el-psoe-reclama-una-revision-de-los-presupuestos-para-incorporar-los-16-millones-del-real-decreto\/#primaryimage\"},\"thumbnailUrl\":\"https:\/\/agrupacionespsoe.es\/melilla\/wp-content\/uploads\/sites\/120\/2025\/12\/2025-12-05-RMoh-RDLPresupuestos-scaled.jpg\",\"datePublished\":\"2025-12-05T12:56:30+00:00\",\"dateModified\":\"2025-12-05T12:56:31+00:00\",\"breadcrumb\":{\"@id\":\"https:\/\/agrupacionespsoe.es\/melilla\/el-psoe-reclama-una-revision-de-los-presupuestos-para-incorporar-los-16-millones-del-real-decreto\/#breadcrumb\"},\"inLanguage\":\"es\",\"potentialAction\":[{\"@type\":\"ReadAction\",\"target\":[\"https:\/\/agrupacionespsoe.es\/melilla\/el-psoe-reclama-una-revision-de-los-presupuestos-para-incorporar-los-16-millones-del-real-decreto\/\"]}]},{\"@type\":\"ImageObject\",\"inLanguage\":\"es\",\"@id\":\"https:\/\/agrupacionespsoe.es\/melilla\/el-psoe-reclama-una-revision-de-los-presupuestos-para-incorporar-los-16-millones-del-real-decreto\/#primaryimage\",\"url\":\"https:\/\/agrupacionespsoe.es\/melilla\/wp-content\/uploads\/sites\/120\/2025\/12\/2025-12-05-RMoh-RDLPresupuestos-scaled.jpg\",\"contentUrl\":\"https:\/\/agrupacionespsoe.es\/melilla\/wp-content\/uploads\/sites\/120\/2025\/12\/2025-12-05-RMoh-RDLPresupuestos-scaled.jpg\",\"width\":2560,\"height\":1707},{\"@type\":\"BreadcrumbList\",\"@id\":\"https:\/\/agrupacionespsoe.es\/melilla\/el-psoe-reclama-una-revision-de-los-presupuestos-para-incorporar-los-16-millones-del-real-decreto\/#breadcrumb\",\"itemListElement\":[{\"@type\":\"ListItem\",\"position\":1,\"name\":\"Portada\",\"item\":\"https:\/\/agrupacionespsoe.es\/melilla\/\"},{\"@type\":\"ListItem\",\"position\":2,\"name\":\"El PSOE reclama una revisi\u00f3n de los Presupuestos para incorporar los 16 millones del Real Decreto.\"}]},{\"@type\":\"WebSite\",\"@id\":\"https:\/\/agrupacionespsoe.es\/melilla\/#website\",\"url\":\"https:\/\/agrupacionespsoe.es\/melilla\/\",\"name\":\"Agrupaci\u00f3n Socialista de Melilla\",\"description\":\"Agrupaci\u00f3n Socialista de Melilla\",\"publisher\":{\"@id\":\"https:\/\/agrupacionespsoe.es\/melilla\/#organization\"},\"potentialAction\":[{\"@type\":\"SearchAction\",\"target\":{\"@type\":\"EntryPoint\",\"urlTemplate\":\"https:\/\/agrupacionespsoe.es\/melilla\/?s={search_term_string}\"},\"query-input\":{\"@type\":\"PropertyValueSpecification\",\"valueRequired\":true,\"valueName\":\"search_term_string\"}}],\"inLanguage\":\"es\"},{\"@type\":\"Organization\",\"@id\":\"https:\/\/agrupacionespsoe.es\/melilla\/#organization\",\"name\":\"Agrupaci\u00f3n Socialista de Melilla\",\"url\":\"https:\/\/agrupacionespsoe.es\/melilla\/\",\"logo\":{\"@type\":\"ImageObject\",\"inLanguage\":\"es\",\"@id\":\"https:\/\/agrupacionespsoe.es\/melilla\/#\/schema\/logo\/image\/\",\"url\":\"https:\/\/agrupacionespsoe.es\/wp-content\/uploads\/2022\/07\/Logotipo_electoral_del_PSOE.png\",\"contentUrl\":\"https:\/\/agrupacionespsoe.es\/wp-content\/uploads\/2022\/07\/Logotipo_electoral_del_PSOE.png\",\"width\":422,\"height\":422,\"caption\":\"Agrupaci\u00f3n Socialista de Melilla\"},\"image\":{\"@id\":\"https:\/\/agrupacionespsoe.es\/melilla\/#\/schema\/logo\/image\/\"}},{\"@type\":\"Person\",\"@id\":\"https:\/\/agrupacionespsoe.es\/melilla\/#\/schema\/person\/72bb3075a827d0ed0623682b96c92bd6\",\"name\":\"melilla2\",\"image\":{\"@type\":\"ImageObject\",\"inLanguage\":\"es\",\"@id\":\"https:\/\/agrupacionespsoe.es\/melilla\/#\/schema\/person\/image\/\",\"url\":\"https:\/\/secure.gravatar.com\/avatar\/489a178e794e59f00db13a448aabca16?s=96&d=mm&r=g\",\"contentUrl\":\"https:\/\/secure.gravatar.com\/avatar\/489a178e794e59f00db13a448aabca16?s=96&d=mm&r=g\",\"caption\":\"melilla2\"},\"url\":\"https:\/\/agrupacionespsoe.es\/melilla\/author\/melilla2\/\"}]}<\/script>\n<!-- \/ Yoast SEO plugin. -->","yoast_head_json":{"title":"El PSOE reclama una revisi\u00f3n de los Presupuestos para incorporar los 16 millones del Real Decreto. - Agrupaci\u00f3n Socialista de Melilla","robots":{"index":"index","follow":"follow","max-snippet":"max-snippet:-1","max-image-preview":"max-image-preview:large","max-video-preview":"max-video-preview:-1"},"canonical":"https:\/\/agrupacionespsoe.es\/melilla\/el-psoe-reclama-una-revision-de-los-presupuestos-para-incorporar-los-16-millones-del-real-decreto\/","og_locale":"es_ES","og_type":"article","og_title":"El PSOE reclama una revisi\u00f3n de los Presupuestos para incorporar los 16 millones del Real Decreto. - Agrupaci\u00f3n Socialista de Melilla","og_description":"Riduan Moh: \u201cNo basta con frenar la amortizaci\u00f3n de deuda; Melilla necesita unos presupuestos \u00a0\u00fatiles para la ciudadan\u00eda El portavoz del PSOE de Melilla, Riduan Moh, ha pedido al Gobierno de Imbroda que realice una revisi\u00f3n completa del proyecto de Presupuestos para adaptarlo a la nueva realidad que puede abrirse tras el Real Decreto aprobado ...","og_url":"https:\/\/agrupacionespsoe.es\/melilla\/el-psoe-reclama-una-revision-de-los-presupuestos-para-incorporar-los-16-millones-del-real-decreto\/","og_site_name":"Agrupaci\u00f3n Socialista de Melilla","article_published_time":"2025-12-05T12:56:30+00:00","article_modified_time":"2025-12-05T12:56:31+00:00","og_image":[{"width":2560,"height":1707,"url":"https:\/\/agrupacionespsoe.es\/melilla\/wp-content\/uploads\/sites\/120\/2025\/12\/2025-12-05-RMoh-RDLPresupuestos-scaled.jpg","type":"image\/jpeg"}],"author":"melilla2","twitter_card":"summary_large_image","twitter_misc":{"Escrito por":"melilla2","Tiempo de lectura":"3 minutos"},"schema":{"@context":"https:\/\/schema.org","@graph":[{"@type":"Article","@id":"https:\/\/agrupacionespsoe.es\/melilla\/el-psoe-reclama-una-revision-de-los-presupuestos-para-incorporar-los-16-millones-del-real-decreto\/#article","isPartOf":{"@id":"https:\/\/agrupacionespsoe.es\/melilla\/el-psoe-reclama-una-revision-de-los-presupuestos-para-incorporar-los-16-millones-del-real-decreto\/"},"author":{"name":"melilla2","@id":"https:\/\/agrupacionespsoe.es\/melilla\/#\/schema\/person\/72bb3075a827d0ed0623682b96c92bd6"},"headline":"El PSOE reclama una revisi\u00f3n de los Presupuestos para incorporar los 16 millones del Real Decreto.","datePublished":"2025-12-05T12:56:30+00:00","dateModified":"2025-12-05T12:56:31+00:00","mainEntityOfPage":{"@id":"https:\/\/agrupacionespsoe.es\/melilla\/el-psoe-reclama-una-revision-de-los-presupuestos-para-incorporar-los-16-millones-del-real-decreto\/"},"wordCount":508,"commentCount":0,"publisher":{"@id":"https:\/\/agrupacionespsoe.es\/melilla\/#organization"},"image":{"@id":"https:\/\/agrupacionespsoe.es\/melilla\/el-psoe-reclama-una-revision-de-los-presupuestos-para-incorporar-los-16-millones-del-real-decreto\/#primaryimage"},"thumbnailUrl":"https:\/\/agrupacionespsoe.es\/melilla\/wp-content\/uploads\/sites\/120\/2025\/12\/2025-12-05-RMoh-RDLPresupuestos-scaled.jpg","inLanguage":"es","potentialAction":[{"@type":"CommentAction","name":"Comment","target":["https:\/\/agrupacionespsoe.es\/melilla\/el-psoe-reclama-una-revision-de-los-presupuestos-para-incorporar-los-16-millones-del-real-decreto\/#respond"]}]},{"@type":"WebPage","@id":"https:\/\/agrupacionespsoe.es\/melilla\/el-psoe-reclama-una-revision-de-los-presupuestos-para-incorporar-los-16-millones-del-real-decreto\/","url":"https:\/\/agrupacionespsoe.es\/melilla\/el-psoe-reclama-una-revision-de-los-presupuestos-para-incorporar-los-16-millones-del-real-decreto\/","name":"El PSOE reclama una revisi\u00f3n de los Presupuestos para incorporar los 16 millones del Real Decreto. - Agrupaci\u00f3n Socialista de Melilla","isPartOf":{"@id":"https:\/\/agrupacionespsoe.es\/melilla\/#website"},"primaryImageOfPage":{"@id":"https:\/\/agrupacionespsoe.es\/melilla\/el-psoe-reclama-una-revision-de-los-presupuestos-para-incorporar-los-16-millones-del-real-decreto\/#primaryimage"},"image":{"@id":"https:\/\/agrupacionespsoe.es\/melilla\/el-psoe-reclama-una-revision-de-los-presupuestos-para-incorporar-los-16-millones-del-real-decreto\/#primaryimage"},"thumbnailUrl":"https:\/\/agrupacionespsoe.es\/melilla\/wp-content\/uploads\/sites\/120\/2025\/12\/2025-12-05-RMoh-RDLPresupuestos-scaled.jpg","datePublished":"2025-12-05T12:56:30+00:00","dateModified":"2025-12-05T12:56:31+00:00","breadcrumb":{"@id":"https:\/\/agrupacionespsoe.es\/melilla\/el-psoe-reclama-una-revision-de-los-presupuestos-para-incorporar-los-16-millones-del-real-decreto\/#breadcrumb"},"inLanguage":"es","potentialAction":[{"@type":"ReadAction","target":["https:\/\/agrupacionespsoe.es\/melilla\/el-psoe-reclama-una-revision-de-los-presupuestos-para-incorporar-los-16-millones-del-real-decreto\/"]}]},{"@type":"ImageObject","inLanguage":"es","@id":"https:\/\/agrupacionespsoe.es\/melilla\/el-psoe-reclama-una-revision-de-los-presupuestos-para-incorporar-los-16-millones-del-real-decreto\/#primaryimage","url":"https:\/\/agrupacionespsoe.es\/melilla\/wp-content\/uploads\/sites\/120\/2025\/12\/2025-12-05-RMoh-RDLPresupuestos-scaled.jpg","contentUrl":"https:\/\/agrupacionespsoe.es\/melilla\/wp-content\/uploads\/sites\/120\/2025\/12\/2025-12-05-RMoh-RDLPresupuestos-scaled.jpg","width":2560,"height":1707},{"@type":"BreadcrumbList","@id":"https:\/\/agrupacionespsoe.es\/melilla\/el-psoe-reclama-una-revision-de-los-presupuestos-para-incorporar-los-16-millones-del-real-decreto\/#breadcrumb","itemListElement":[{"@type":"ListItem","position":1,"name":"Portada","item":"https:\/\/agrupacionespsoe.es\/melilla\/"},{"@type":"ListItem","position":2,"name":"El PSOE reclama una revisi\u00f3n de los Presupuestos para incorporar los 16 millones del Real Decreto."}]},{"@type":"WebSite","@id":"https:\/\/agrupacionespsoe.es\/melilla\/#website","url":"https:\/\/agrupacionespsoe.es\/melilla\/","name":"Agrupaci\u00f3n Socialista de Melilla","description":"Agrupaci\u00f3n Socialista de Melilla","publisher":{"@id":"https:\/\/agrupacionespsoe.es\/melilla\/#organization"},"potentialAction":[{"@type":"SearchAction","target":{"@type":"EntryPoint","urlTemplate":"https:\/\/agrupacionespsoe.es\/melilla\/?s={search_term_string}"},"query-input":{"@type":"PropertyValueSpecification","valueRequired":true,"valueName":"search_term_string"}}],"inLanguage":"es"},{"@type":"Organization","@id":"https:\/\/agrupacionespsoe.es\/melilla\/#organization","name":"Agrupaci\u00f3n Socialista de Melilla","url":"https:\/\/agrupacionespsoe.es\/melilla\/","logo":{"@type":"ImageObject","inLanguage":"es","@id":"https:\/\/agrupacionespsoe.es\/melilla\/#\/schema\/logo\/image\/","url":"https:\/\/agrupacionespsoe.es\/wp-content\/uploads\/2022\/07\/Logotipo_electoral_del_PSOE.png","contentUrl":"https:\/\/agrupacionespsoe.es\/wp-content\/uploads\/2022\/07\/Logotipo_electoral_del_PSOE.png","width":422,"height":422,"caption":"Agrupaci\u00f3n Socialista de Melilla"},"image":{"@id":"https:\/\/agrupacionespsoe.es\/melilla\/#\/schema\/logo\/image\/"}},{"@type":"Person","@id":"https:\/\/agrupacionespsoe.es\/melilla\/#\/schema\/person\/72bb3075a827d0ed0623682b96c92bd6","name":"melilla2","image":{"@type":"ImageObject","inLanguage":"es","@id":"https:\/\/agrupacionespsoe.es\/melilla\/#\/schema\/person\/image\/","url":"https:\/\/secure.gravatar.com\/avatar\/489a178e794e59f00db13a448aabca16?s=96&d=mm&r=g","contentUrl":"https:\/\/secure.gravatar.com\/avatar\/489a178e794e59f00db13a448aabca16?s=96&d=mm&r=g","caption":"melilla2"},"url":"https:\/\/agrupacionespsoe.es\/melilla\/author\/melilla2\/"}]}},"jetpack_featured_media_url":"https:\/\/agrupacionespsoe.es\/melilla\/wp-content\/uploads\/sites\/120\/2025\/12\/2025-12-05-RMoh-RDLPresupuestos-scaled.jpg","jetpack_sharing_enabled":true,"_links":{"self":[{"href":"https:\/\/agrupacionespsoe.es\/melilla\/wp-json\/wp\/v2\/posts\/2437","targetHints":{"allow":["GET"]}}],"collection":[{"href":"https:\/\/agrupacionespsoe.es\/melilla\/wp-json\/wp\/v2\/posts"}],"about":[{"href":"https:\/\/agrupacionespsoe.es\/melilla\/wp-json\/wp\/v2\/types\/post"}],"author":[{"embeddable":true,"href":"https:\/\/agrupacionespsoe.es\/melilla\/wp-json\/wp\/v2\/users\/187"}],"replies":[{"embeddable":true,"href":"https:\/\/agrupacionespsoe.es\/melilla\/wp-json\/wp\/v2\/comments?post=2437"}],"version-history":[{"count":1,"href":"https:\/\/agrupacionespsoe.es\/melilla\/wp-json\/wp\/v2\/posts\/2437\/revisions"}],"predecessor-version":[{"id":2439,"href":"https:\/\/agrupacionespsoe.es\/melilla\/wp-json\/wp\/v2\/posts\/2437\/revisions\/2439"}],"wp:featuredmedia":[{"embeddable":true,"href":"https:\/\/agrupacionespsoe.es\/melilla\/wp-json\/wp\/v2\/media\/2438"}],"wp:attachment":[{"href":"https:\/\/agrupacionespsoe.es\/melilla\/wp-json\/wp\/v2\/media?parent=2437"}],"wp:term":[{"taxonomy":"category","embeddable":true,"href":"https:\/\/agrupacionespsoe.es\/melilla\/wp-json\/wp\/v2\/categories?post=2437"},{"taxonomy":"post_tag","embeddable":true,"href":"https:\/\/agrupacionespsoe.es\/melilla\/wp-json\/wp\/v2\/tags?post=2437"}],"curies":[{"name":"wp","href":"https:\/\/api.w.org\/{rel}","templated":true}]}}