{"id":2433,"date":"2025-12-03T13:53:02","date_gmt":"2025-12-03T13:53:02","guid":{"rendered":"https:\/\/agrupacionespsoe.es\/melilla\/?p=2433"},"modified":"2025-12-03T13:53:04","modified_gmt":"2025-12-03T13:53:04","slug":"moh-el-gobierno-de-espana-multiplica-por-diez-la-inversion-en-empleo-mientras-marin-se-dedica-a-poner-excusas","status":"publish","type":"post","link":"https:\/\/agrupacionespsoe.es\/melilla\/moh-el-gobierno-de-espana-multiplica-por-diez-la-inversion-en-empleo-mientras-marin-se-dedica-a-poner-excusas\/","title":{"rendered":"Moh: \u201cEl Gobierno de Espa\u00f1a multiplica por diez la inversi\u00f3n en empleo mientras Mar\u00edn se dedica a poner excusas\u201d"},"content":{"rendered":"\n<p><strong>El PSOE denuncia que el Consejero menosprecie la colaboraci\u00f3n del SEPE<\/strong><\/p>\n\n\n\n<p>El portavoz del Grupo Socialista, Riduan Moh, ha cargado con contundencia contra el vicepresidente primero de la Ciudad Aut\u00f3noma, Miguel Mar\u00edn, por sus ataques a la Delegaci\u00f3n del Gobierno y por \u201cmentir deliberadamente\u201d sobre la gesti\u00f3n de los planes de empleo.<\/p>\n\n\n\n<p>Moh ha sido tajante en esta cuesti\u00f3n, \u201cresulta vergonzoso escuchar a Mar\u00edn criticar lo que \u00e9l ni siquiera es capaz de gestionar. El Gobierno de Espa\u00f1a invierte diez veces m\u00e1s en empleo que el Gobierno de Imbroda, y \u00e9l lo sabe.\u201d<\/p>\n\n\n\n<p>El portavoz de Grupo Municipal Socialista ha recordado que el Director Provincial del SEPE, Jorge Vera, gestiona m\u00e1s de 40 millones de euros en pol\u00edticas activas de empleo \u201cmientras Mar\u00edn maneja much\u00edsimo menos y encima presume\u201d.<\/p>\n\n\n\n<p>\u201cSolo este a\u00f1o, la Delegaci\u00f3n del Gobierno con Sabrina Moh ha puesto sobre la mesa 26 millones para el Plan de Empleo, mientras que la Ciudad Aut\u00f3noma apenas ha aportado 4 millones. \u00bfY encima se atreven a hablar de falta de implicaci\u00f3n del Gobierno de Espa\u00f1a? Es rid\u00edculo\u201d, ha afirmado.<\/p>\n\n\n\n<p><strong>Mar\u00edn no da la talla<\/strong><\/p>\n\n\n\n<p>Moh ha criticado duramente que Mar\u00edn rechazara la propuesta del SEPE de estudiar un plan de empleo juvenil conjunto. \u201c\u00bfQu\u00e9 clase de responsable p\u00fablico desprecia una oportunidad as\u00ed? \u00bfQu\u00e9 clase de Vicepresidente le dice \u2018no\u2019 al SEPE cuando le ofrece trabajar juntos por la juventud de Melilla?\u201d, ha preguntado.<\/p>\n\n\n\n<p>\u201cMar\u00edn prefiere crear bronca a generar oportunidades. Prefiere atacar a la Delegaci\u00f3n antes que asumir su propia incompetencia. Lo que no puede es ocultar que es Sabrina Moh quien est\u00e1 sacando adelante los planes de empleo en esta ciudad\u201d, ha se\u00f1alado.<\/p>\n\n\n\n<p>El socialista ha defendido la gesti\u00f3n de la Delegada del Gobierno y ha dejado claro que \u201cla Delegada est\u00e1 demostrando cada d\u00eda que sabe gestionar mejor que todo el Gobierno de Imbroda junto. Ah\u00ed est\u00e1 el segundo Plan de Empleo de la Delegaci\u00f3n, ya en marcha, con 1.120 contratos y otros 13 millones de inversi\u00f3n\u201d.<\/p>\n\n\n\n<p>Entre este plan, el anterior y los fondos destinados al Plan de Empleo de la Ciudad, Moh ha destacado que el Gobierno de Espa\u00f1a ha canalizado 31 millones de euros directamente a salarios que sostienen la econom\u00eda melillense. \u201cMientras tanto, Mar\u00edn se dedica a quejarse y a buscar culpables porque no es capaz de organizar ni lo que depende de \u00e9l\u201d, ha ironizado.<\/p>\n\n\n\n<p><strong>Nefasta gesti\u00f3n local<\/strong><\/p>\n\n\n\n<p>Para Moh, las declaraciones de Mar\u00edn \u201csolo demuestran nerviosismo e incapacidad\u201d. \u201cCada vez que el PP mete la pata, Mar\u00edn sale a se\u00f1alar a otro. Ese es su estilo. Pero los n\u00fameros no mienten: quien sostiene el empleo en Melilla es el Gobierno de Espa\u00f1a, no la Ciudad Aut\u00f3noma\u201d.<\/p>\n\n\n\n<p>Finalmente, el portavoz socialista ha sido contundente, \u201csi Miguel Mar\u00edn no quiere colaborar, al menos que no estorbe. Los melillenses necesitan soluciones, no berrinches\u201d.<\/p>\n\n\n\n<p>\u201cEl PSOE seguir\u00e1 trabajando junto al Gobierno de Espa\u00f1a para que Melilla tenga m\u00e1s empleo, m\u00e1s oportunidades y menos pol\u00edticos como Mar\u00edn, que prefieren el ruido a la responsabilidad\u201d, ha concluido.<\/p>\n","protected":false},"excerpt":{"rendered":"<p>El PSOE denuncia que el Consejero menosprecie la colaboraci\u00f3n del SEPE El portavoz del Grupo Socialista, Riduan Moh, ha cargado con contundencia contra el vicepresidente primero de la Ciudad Aut\u00f3noma, Miguel Mar\u00edn, por sus ataques a la Delegaci\u00f3n del Gobierno y por \u201cmentir deliberadamente\u201d sobre la gesti\u00f3n de los planes de empleo. Moh ha sido &#8230;<\/p>\n","protected":false},"author":187,"featured_media":2434,"comment_status":"open","ping_status":"open","sticky":false,"template":"","format":"standard","meta":{"_jetpack_memberships_contains_paid_content":false,"footnotes":""},"categories":[1],"tags":[],"class_list":["post-2433","post","type-post","status-publish","format-standard","has-post-thumbnail","hentry","category-sin-categoria"],"yoast_head":"<!-- This site is optimized with the Yoast SEO plugin v24.0 - https:\/\/yoast.com\/wordpress\/plugins\/seo\/ -->\n<title>Moh: \u201cEl Gobierno de Espa\u00f1a multiplica por diez la inversi\u00f3n en empleo mientras Mar\u00edn se dedica a poner excusas\u201d - Agrupaci\u00f3n Socialista de Melilla<\/title>\n<meta name=\"robots\" content=\"index, follow, max-snippet:-1, max-image-preview:large, max-video-preview:-1\" \/>\n<link rel=\"canonical\" href=\"https:\/\/agrupacionespsoe.es\/melilla\/moh-el-gobierno-de-espana-multiplica-por-diez-la-inversion-en-empleo-mientras-marin-se-dedica-a-poner-excusas\/\" \/>\n<meta property=\"og:locale\" content=\"es_ES\" \/>\n<meta property=\"og:type\" content=\"article\" \/>\n<meta property=\"og:title\" content=\"Moh: \u201cEl Gobierno de Espa\u00f1a multiplica por diez la inversi\u00f3n en empleo mientras Mar\u00edn se dedica a poner excusas\u201d - Agrupaci\u00f3n Socialista de Melilla\" \/>\n<meta property=\"og:description\" content=\"El PSOE denuncia que el Consejero menosprecie la colaboraci\u00f3n del SEPE El portavoz del Grupo Socialista, Riduan Moh, ha cargado con contundencia contra el vicepresidente primero de la Ciudad Aut\u00f3noma, Miguel Mar\u00edn, por sus ataques a la Delegaci\u00f3n del Gobierno y por \u201cmentir deliberadamente\u201d sobre la gesti\u00f3n de los planes de empleo. Moh ha sido ...\" \/>\n<meta property=\"og:url\" content=\"https:\/\/agrupacionespsoe.es\/melilla\/moh-el-gobierno-de-espana-multiplica-por-diez-la-inversion-en-empleo-mientras-marin-se-dedica-a-poner-excusas\/\" \/>\n<meta property=\"og:site_name\" content=\"Agrupaci\u00f3n Socialista de Melilla\" \/>\n<meta property=\"article:published_time\" content=\"2025-12-03T13:53:02+00:00\" \/>\n<meta property=\"article:modified_time\" content=\"2025-12-03T13:53:04+00:00\" \/>\n<meta property=\"og:image\" content=\"https:\/\/agrupacionespsoe.es\/melilla\/wp-content\/uploads\/sites\/120\/2025\/12\/P2299565-scaled.jpg\" \/>\n\t<meta property=\"og:image:width\" content=\"2560\" \/>\n\t<meta property=\"og:image:height\" content=\"1707\" \/>\n\t<meta property=\"og:image:type\" content=\"image\/jpeg\" \/>\n<meta name=\"author\" content=\"melilla2\" \/>\n<meta name=\"twitter:card\" content=\"summary_large_image\" \/>\n<meta name=\"twitter:label1\" content=\"Escrito por\" \/>\n\t<meta name=\"twitter:data1\" content=\"melilla2\" \/>\n\t<meta name=\"twitter:label2\" content=\"Tiempo de lectura\" \/>\n\t<meta name=\"twitter:data2\" content=\"3 minutos\" \/>\n<script type=\"application\/ld+json\" class=\"yoast-schema-graph\">{\"@context\":\"https:\/\/schema.org\",\"@graph\":[{\"@type\":\"Article\",\"@id\":\"https:\/\/agrupacionespsoe.es\/melilla\/moh-el-gobierno-de-espana-multiplica-por-diez-la-inversion-en-empleo-mientras-marin-se-dedica-a-poner-excusas\/#article\",\"isPartOf\":{\"@id\":\"https:\/\/agrupacionespsoe.es\/melilla\/moh-el-gobierno-de-espana-multiplica-por-diez-la-inversion-en-empleo-mientras-marin-se-dedica-a-poner-excusas\/\"},\"author\":{\"name\":\"melilla2\",\"@id\":\"https:\/\/agrupacionespsoe.es\/melilla\/#\/schema\/person\/72bb3075a827d0ed0623682b96c92bd6\"},\"headline\":\"Moh: \u201cEl Gobierno de Espa\u00f1a multiplica por diez la inversi\u00f3n en empleo mientras Mar\u00edn se dedica a poner excusas\u201d\",\"datePublished\":\"2025-12-03T13:53:02+00:00\",\"dateModified\":\"2025-12-03T13:53:04+00:00\",\"mainEntityOfPage\":{\"@id\":\"https:\/\/agrupacionespsoe.es\/melilla\/moh-el-gobierno-de-espana-multiplica-por-diez-la-inversion-en-empleo-mientras-marin-se-dedica-a-poner-excusas\/\"},\"wordCount\":560,\"commentCount\":0,\"publisher\":{\"@id\":\"https:\/\/agrupacionespsoe.es\/melilla\/#organization\"},\"image\":{\"@id\":\"https:\/\/agrupacionespsoe.es\/melilla\/moh-el-gobierno-de-espana-multiplica-por-diez-la-inversion-en-empleo-mientras-marin-se-dedica-a-poner-excusas\/#primaryimage\"},\"thumbnailUrl\":\"https:\/\/agrupacionespsoe.es\/melilla\/wp-content\/uploads\/sites\/120\/2025\/12\/P2299565-scaled.jpg\",\"inLanguage\":\"es\",\"potentialAction\":[{\"@type\":\"CommentAction\",\"name\":\"Comment\",\"target\":[\"https:\/\/agrupacionespsoe.es\/melilla\/moh-el-gobierno-de-espana-multiplica-por-diez-la-inversion-en-empleo-mientras-marin-se-dedica-a-poner-excusas\/#respond\"]}]},{\"@type\":\"WebPage\",\"@id\":\"https:\/\/agrupacionespsoe.es\/melilla\/moh-el-gobierno-de-espana-multiplica-por-diez-la-inversion-en-empleo-mientras-marin-se-dedica-a-poner-excusas\/\",\"url\":\"https:\/\/agrupacionespsoe.es\/melilla\/moh-el-gobierno-de-espana-multiplica-por-diez-la-inversion-en-empleo-mientras-marin-se-dedica-a-poner-excusas\/\",\"name\":\"Moh: \u201cEl Gobierno de Espa\u00f1a multiplica por diez la inversi\u00f3n en empleo mientras Mar\u00edn se dedica a poner excusas\u201d - Agrupaci\u00f3n Socialista de Melilla\",\"isPartOf\":{\"@id\":\"https:\/\/agrupacionespsoe.es\/melilla\/#website\"},\"primaryImageOfPage\":{\"@id\":\"https:\/\/agrupacionespsoe.es\/melilla\/moh-el-gobierno-de-espana-multiplica-por-diez-la-inversion-en-empleo-mientras-marin-se-dedica-a-poner-excusas\/#primaryimage\"},\"image\":{\"@id\":\"https:\/\/agrupacionespsoe.es\/melilla\/moh-el-gobierno-de-espana-multiplica-por-diez-la-inversion-en-empleo-mientras-marin-se-dedica-a-poner-excusas\/#primaryimage\"},\"thumbnailUrl\":\"https:\/\/agrupacionespsoe.es\/melilla\/wp-content\/uploads\/sites\/120\/2025\/12\/P2299565-scaled.jpg\",\"datePublished\":\"2025-12-03T13:53:02+00:00\",\"dateModified\":\"2025-12-03T13:53:04+00:00\",\"breadcrumb\":{\"@id\":\"https:\/\/agrupacionespsoe.es\/melilla\/moh-el-gobierno-de-espana-multiplica-por-diez-la-inversion-en-empleo-mientras-marin-se-dedica-a-poner-excusas\/#breadcrumb\"},\"inLanguage\":\"es\",\"potentialAction\":[{\"@type\":\"ReadAction\",\"target\":[\"https:\/\/agrupacionespsoe.es\/melilla\/moh-el-gobierno-de-espana-multiplica-por-diez-la-inversion-en-empleo-mientras-marin-se-dedica-a-poner-excusas\/\"]}]},{\"@type\":\"ImageObject\",\"inLanguage\":\"es\",\"@id\":\"https:\/\/agrupacionespsoe.es\/melilla\/moh-el-gobierno-de-espana-multiplica-por-diez-la-inversion-en-empleo-mientras-marin-se-dedica-a-poner-excusas\/#primaryimage\",\"url\":\"https:\/\/agrupacionespsoe.es\/melilla\/wp-content\/uploads\/sites\/120\/2025\/12\/P2299565-scaled.jpg\",\"contentUrl\":\"https:\/\/agrupacionespsoe.es\/melilla\/wp-content\/uploads\/sites\/120\/2025\/12\/P2299565-scaled.jpg\",\"width\":2560,\"height\":1707},{\"@type\":\"BreadcrumbList\",\"@id\":\"https:\/\/agrupacionespsoe.es\/melilla\/moh-el-gobierno-de-espana-multiplica-por-diez-la-inversion-en-empleo-mientras-marin-se-dedica-a-poner-excusas\/#breadcrumb\",\"itemListElement\":[{\"@type\":\"ListItem\",\"position\":1,\"name\":\"Portada\",\"item\":\"https:\/\/agrupacionespsoe.es\/melilla\/\"},{\"@type\":\"ListItem\",\"position\":2,\"name\":\"Moh: \u201cEl Gobierno de Espa\u00f1a multiplica por diez la inversi\u00f3n en empleo mientras Mar\u00edn se dedica a poner excusas\u201d\"}]},{\"@type\":\"WebSite\",\"@id\":\"https:\/\/agrupacionespsoe.es\/melilla\/#website\",\"url\":\"https:\/\/agrupacionespsoe.es\/melilla\/\",\"name\":\"Agrupaci\u00f3n Socialista de Melilla\",\"description\":\"Agrupaci\u00f3n Socialista de Melilla\",\"publisher\":{\"@id\":\"https:\/\/agrupacionespsoe.es\/melilla\/#organization\"},\"potentialAction\":[{\"@type\":\"SearchAction\",\"target\":{\"@type\":\"EntryPoint\",\"urlTemplate\":\"https:\/\/agrupacionespsoe.es\/melilla\/?s={search_term_string}\"},\"query-input\":{\"@type\":\"PropertyValueSpecification\",\"valueRequired\":true,\"valueName\":\"search_term_string\"}}],\"inLanguage\":\"es\"},{\"@type\":\"Organization\",\"@id\":\"https:\/\/agrupacionespsoe.es\/melilla\/#organization\",\"name\":\"Agrupaci\u00f3n Socialista de Melilla\",\"url\":\"https:\/\/agrupacionespsoe.es\/melilla\/\",\"logo\":{\"@type\":\"ImageObject\",\"inLanguage\":\"es\",\"@id\":\"https:\/\/agrupacionespsoe.es\/melilla\/#\/schema\/logo\/image\/\",\"url\":\"https:\/\/agrupacionespsoe.es\/wp-content\/uploads\/2022\/07\/Logotipo_electoral_del_PSOE.png\",\"contentUrl\":\"https:\/\/agrupacionespsoe.es\/wp-content\/uploads\/2022\/07\/Logotipo_electoral_del_PSOE.png\",\"width\":422,\"height\":422,\"caption\":\"Agrupaci\u00f3n Socialista de Melilla\"},\"image\":{\"@id\":\"https:\/\/agrupacionespsoe.es\/melilla\/#\/schema\/logo\/image\/\"}},{\"@type\":\"Person\",\"@id\":\"https:\/\/agrupacionespsoe.es\/melilla\/#\/schema\/person\/72bb3075a827d0ed0623682b96c92bd6\",\"name\":\"melilla2\",\"image\":{\"@type\":\"ImageObject\",\"inLanguage\":\"es\",\"@id\":\"https:\/\/agrupacionespsoe.es\/melilla\/#\/schema\/person\/image\/\",\"url\":\"https:\/\/secure.gravatar.com\/avatar\/489a178e794e59f00db13a448aabca16?s=96&d=mm&r=g\",\"contentUrl\":\"https:\/\/secure.gravatar.com\/avatar\/489a178e794e59f00db13a448aabca16?s=96&d=mm&r=g\",\"caption\":\"melilla2\"},\"url\":\"https:\/\/agrupacionespsoe.es\/melilla\/author\/melilla2\/\"}]}<\/script>\n<!-- \/ Yoast SEO plugin. -->","yoast_head_json":{"title":"Moh: \u201cEl Gobierno de Espa\u00f1a multiplica por diez la inversi\u00f3n en empleo mientras Mar\u00edn se dedica a poner excusas\u201d - Agrupaci\u00f3n Socialista de Melilla","robots":{"index":"index","follow":"follow","max-snippet":"max-snippet:-1","max-image-preview":"max-image-preview:large","max-video-preview":"max-video-preview:-1"},"canonical":"https:\/\/agrupacionespsoe.es\/melilla\/moh-el-gobierno-de-espana-multiplica-por-diez-la-inversion-en-empleo-mientras-marin-se-dedica-a-poner-excusas\/","og_locale":"es_ES","og_type":"article","og_title":"Moh: \u201cEl Gobierno de Espa\u00f1a multiplica por diez la inversi\u00f3n en empleo mientras Mar\u00edn se dedica a poner excusas\u201d - Agrupaci\u00f3n Socialista de Melilla","og_description":"El PSOE denuncia que el Consejero menosprecie la colaboraci\u00f3n del SEPE El portavoz del Grupo Socialista, Riduan Moh, ha cargado con contundencia contra el vicepresidente primero de la Ciudad Aut\u00f3noma, Miguel Mar\u00edn, por sus ataques a la Delegaci\u00f3n del Gobierno y por \u201cmentir deliberadamente\u201d sobre la gesti\u00f3n de los planes de empleo. Moh ha sido ...","og_url":"https:\/\/agrupacionespsoe.es\/melilla\/moh-el-gobierno-de-espana-multiplica-por-diez-la-inversion-en-empleo-mientras-marin-se-dedica-a-poner-excusas\/","og_site_name":"Agrupaci\u00f3n Socialista de Melilla","article_published_time":"2025-12-03T13:53:02+00:00","article_modified_time":"2025-12-03T13:53:04+00:00","og_image":[{"width":2560,"height":1707,"url":"https:\/\/agrupacionespsoe.es\/melilla\/wp-content\/uploads\/sites\/120\/2025\/12\/P2299565-scaled.jpg","type":"image\/jpeg"}],"author":"melilla2","twitter_card":"summary_large_image","twitter_misc":{"Escrito por":"melilla2","Tiempo de lectura":"3 minutos"},"schema":{"@context":"https:\/\/schema.org","@graph":[{"@type":"Article","@id":"https:\/\/agrupacionespsoe.es\/melilla\/moh-el-gobierno-de-espana-multiplica-por-diez-la-inversion-en-empleo-mientras-marin-se-dedica-a-poner-excusas\/#article","isPartOf":{"@id":"https:\/\/agrupacionespsoe.es\/melilla\/moh-el-gobierno-de-espana-multiplica-por-diez-la-inversion-en-empleo-mientras-marin-se-dedica-a-poner-excusas\/"},"author":{"name":"melilla2","@id":"https:\/\/agrupacionespsoe.es\/melilla\/#\/schema\/person\/72bb3075a827d0ed0623682b96c92bd6"},"headline":"Moh: \u201cEl Gobierno de Espa\u00f1a multiplica por diez la inversi\u00f3n en empleo mientras Mar\u00edn se dedica a poner excusas\u201d","datePublished":"2025-12-03T13:53:02+00:00","dateModified":"2025-12-03T13:53:04+00:00","mainEntityOfPage":{"@id":"https:\/\/agrupacionespsoe.es\/melilla\/moh-el-gobierno-de-espana-multiplica-por-diez-la-inversion-en-empleo-mientras-marin-se-dedica-a-poner-excusas\/"},"wordCount":560,"commentCount":0,"publisher":{"@id":"https:\/\/agrupacionespsoe.es\/melilla\/#organization"},"image":{"@id":"https:\/\/agrupacionespsoe.es\/melilla\/moh-el-gobierno-de-espana-multiplica-por-diez-la-inversion-en-empleo-mientras-marin-se-dedica-a-poner-excusas\/#primaryimage"},"thumbnailUrl":"https:\/\/agrupacionespsoe.es\/melilla\/wp-content\/uploads\/sites\/120\/2025\/12\/P2299565-scaled.jpg","inLanguage":"es","potentialAction":[{"@type":"CommentAction","name":"Comment","target":["https:\/\/agrupacionespsoe.es\/melilla\/moh-el-gobierno-de-espana-multiplica-por-diez-la-inversion-en-empleo-mientras-marin-se-dedica-a-poner-excusas\/#respond"]}]},{"@type":"WebPage","@id":"https:\/\/agrupacionespsoe.es\/melilla\/moh-el-gobierno-de-espana-multiplica-por-diez-la-inversion-en-empleo-mientras-marin-se-dedica-a-poner-excusas\/","url":"https:\/\/agrupacionespsoe.es\/melilla\/moh-el-gobierno-de-espana-multiplica-por-diez-la-inversion-en-empleo-mientras-marin-se-dedica-a-poner-excusas\/","name":"Moh: \u201cEl Gobierno de Espa\u00f1a multiplica por diez la inversi\u00f3n en empleo mientras Mar\u00edn se dedica a poner excusas\u201d - Agrupaci\u00f3n Socialista de Melilla","isPartOf":{"@id":"https:\/\/agrupacionespsoe.es\/melilla\/#website"},"primaryImageOfPage":{"@id":"https:\/\/agrupacionespsoe.es\/melilla\/moh-el-gobierno-de-espana-multiplica-por-diez-la-inversion-en-empleo-mientras-marin-se-dedica-a-poner-excusas\/#primaryimage"},"image":{"@id":"https:\/\/agrupacionespsoe.es\/melilla\/moh-el-gobierno-de-espana-multiplica-por-diez-la-inversion-en-empleo-mientras-marin-se-dedica-a-poner-excusas\/#primaryimage"},"thumbnailUrl":"https:\/\/agrupacionespsoe.es\/melilla\/wp-content\/uploads\/sites\/120\/2025\/12\/P2299565-scaled.jpg","datePublished":"2025-12-03T13:53:02+00:00","dateModified":"2025-12-03T13:53:04+00:00","breadcrumb":{"@id":"https:\/\/agrupacionespsoe.es\/melilla\/moh-el-gobierno-de-espana-multiplica-por-diez-la-inversion-en-empleo-mientras-marin-se-dedica-a-poner-excusas\/#breadcrumb"},"inLanguage":"es","potentialAction":[{"@type":"ReadAction","target":["https:\/\/agrupacionespsoe.es\/melilla\/moh-el-gobierno-de-espana-multiplica-por-diez-la-inversion-en-empleo-mientras-marin-se-dedica-a-poner-excusas\/"]}]},{"@type":"ImageObject","inLanguage":"es","@id":"https:\/\/agrupacionespsoe.es\/melilla\/moh-el-gobierno-de-espana-multiplica-por-diez-la-inversion-en-empleo-mientras-marin-se-dedica-a-poner-excusas\/#primaryimage","url":"https:\/\/agrupacionespsoe.es\/melilla\/wp-content\/uploads\/sites\/120\/2025\/12\/P2299565-scaled.jpg","contentUrl":"https:\/\/agrupacionespsoe.es\/melilla\/wp-content\/uploads\/sites\/120\/2025\/12\/P2299565-scaled.jpg","width":2560,"height":1707},{"@type":"BreadcrumbList","@id":"https:\/\/agrupacionespsoe.es\/melilla\/moh-el-gobierno-de-espana-multiplica-por-diez-la-inversion-en-empleo-mientras-marin-se-dedica-a-poner-excusas\/#breadcrumb","itemListElement":[{"@type":"ListItem","position":1,"name":"Portada","item":"https:\/\/agrupacionespsoe.es\/melilla\/"},{"@type":"ListItem","position":2,"name":"Moh: \u201cEl Gobierno de Espa\u00f1a multiplica por diez la inversi\u00f3n en empleo mientras Mar\u00edn se dedica a poner excusas\u201d"}]},{"@type":"WebSite","@id":"https:\/\/agrupacionespsoe.es\/melilla\/#website","url":"https:\/\/agrupacionespsoe.es\/melilla\/","name":"Agrupaci\u00f3n Socialista de Melilla","description":"Agrupaci\u00f3n Socialista de Melilla","publisher":{"@id":"https:\/\/agrupacionespsoe.es\/melilla\/#organization"},"potentialAction":[{"@type":"SearchAction","target":{"@type":"EntryPoint","urlTemplate":"https:\/\/agrupacionespsoe.es\/melilla\/?s={search_term_string}"},"query-input":{"@type":"PropertyValueSpecification","valueRequired":true,"valueName":"search_term_string"}}],"inLanguage":"es"},{"@type":"Organization","@id":"https:\/\/agrupacionespsoe.es\/melilla\/#organization","name":"Agrupaci\u00f3n Socialista de Melilla","url":"https:\/\/agrupacionespsoe.es\/melilla\/","logo":{"@type":"ImageObject","inLanguage":"es","@id":"https:\/\/agrupacionespsoe.es\/melilla\/#\/schema\/logo\/image\/","url":"https:\/\/agrupacionespsoe.es\/wp-content\/uploads\/2022\/07\/Logotipo_electoral_del_PSOE.png","contentUrl":"https:\/\/agrupacionespsoe.es\/wp-content\/uploads\/2022\/07\/Logotipo_electoral_del_PSOE.png","width":422,"height":422,"caption":"Agrupaci\u00f3n Socialista de Melilla"},"image":{"@id":"https:\/\/agrupacionespsoe.es\/melilla\/#\/schema\/logo\/image\/"}},{"@type":"Person","@id":"https:\/\/agrupacionespsoe.es\/melilla\/#\/schema\/person\/72bb3075a827d0ed0623682b96c92bd6","name":"melilla2","image":{"@type":"ImageObject","inLanguage":"es","@id":"https:\/\/agrupacionespsoe.es\/melilla\/#\/schema\/person\/image\/","url":"https:\/\/secure.gravatar.com\/avatar\/489a178e794e59f00db13a448aabca16?s=96&d=mm&r=g","contentUrl":"https:\/\/secure.gravatar.com\/avatar\/489a178e794e59f00db13a448aabca16?s=96&d=mm&r=g","caption":"melilla2"},"url":"https:\/\/agrupacionespsoe.es\/melilla\/author\/melilla2\/"}]}},"jetpack_featured_media_url":"https:\/\/agrupacionespsoe.es\/melilla\/wp-content\/uploads\/sites\/120\/2025\/12\/P2299565-scaled.jpg","jetpack_sharing_enabled":true,"_links":{"self":[{"href":"https:\/\/agrupacionespsoe.es\/melilla\/wp-json\/wp\/v2\/posts\/2433","targetHints":{"allow":["GET"]}}],"collection":[{"href":"https:\/\/agrupacionespsoe.es\/melilla\/wp-json\/wp\/v2\/posts"}],"about":[{"href":"https:\/\/agrupacionespsoe.es\/melilla\/wp-json\/wp\/v2\/types\/post"}],"author":[{"embeddable":true,"href":"https:\/\/agrupacionespsoe.es\/melilla\/wp-json\/wp\/v2\/users\/187"}],"replies":[{"embeddable":true,"href":"https:\/\/agrupacionespsoe.es\/melilla\/wp-json\/wp\/v2\/comments?post=2433"}],"version-history":[{"count":1,"href":"https:\/\/agrupacionespsoe.es\/melilla\/wp-json\/wp\/v2\/posts\/2433\/revisions"}],"predecessor-version":[{"id":2435,"href":"https:\/\/agrupacionespsoe.es\/melilla\/wp-json\/wp\/v2\/posts\/2433\/revisions\/2435"}],"wp:featuredmedia":[{"embeddable":true,"href":"https:\/\/agrupacionespsoe.es\/melilla\/wp-json\/wp\/v2\/media\/2434"}],"wp:attachment":[{"href":"https:\/\/agrupacionespsoe.es\/melilla\/wp-json\/wp\/v2\/media?parent=2433"}],"wp:term":[{"taxonomy":"category","embeddable":true,"href":"https:\/\/agrupacionespsoe.es\/melilla\/wp-json\/wp\/v2\/categories?post=2433"},{"taxonomy":"post_tag","embeddable":true,"href":"https:\/\/agrupacionespsoe.es\/melilla\/wp-json\/wp\/v2\/tags?post=2433"}],"curies":[{"name":"wp","href":"https:\/\/api.w.org\/{rel}","templated":true}]}}