{"id":2396,"date":"2025-11-23T12:35:44","date_gmt":"2025-11-23T12:35:44","guid":{"rendered":"https:\/\/agrupacionespsoe.es\/melilla\/?p=2396"},"modified":"2025-11-24T14:11:19","modified_gmt":"2025-11-24T14:11:19","slug":"moh-no-basta-con-organizar-actividades-hay-que-creerse-la-igualdad-y-trabajar-para-erradicarla-la-violencia-machista","status":"publish","type":"post","link":"https:\/\/agrupacionespsoe.es\/melilla\/moh-no-basta-con-organizar-actividades-hay-que-creerse-la-igualdad-y-trabajar-para-erradicarla-la-violencia-machista\/","title":{"rendered":"Moh: \u00abNo basta con organizar actividades, hay que creerse la igualdad y trabajar para erradicarla la violencia machista\u00bb"},"content":{"rendered":"\n<p><strong>Recuerda que hay Comunidades donde la derecha y ultraderecha \u00abest\u00e1n negociando con los derechos para las mujeres\u00bb<\/strong><\/p>\n\n\n\n<p>La Secretaria General del PSOE de Melilla, Sabrina Moh, ha reiterado que tanto desde su formaci\u00f3n como desde el Gobierno de Espa\u00f1a se va a seguir trabajando para avanzar en la erradicaci\u00f3n de la violencia machista. La l\u00edder de los socialistas, acompa\u00f1ada de una amplia representaci\u00f3n de miembros del PSOE y de JSME, ha participado en la marcha para la eliminaci\u00f3n de la violencia contra las mujeres, que se ha llevado a cabo esta ma\u00f1ana en el Parque Forestal.<\/p>\n\n\n\n<p>Moh, que ha se\u00f1alado que el objetivo de esta actividad es \u201cseguir visibilizando este problema para la sociedad\u201d, ha recordado que el Partido Socialista ha impulsado siempre las leyes orientadas a otorgar m\u00e1s derechos a las v\u00edctimas, poner el foco en los agresores y situar en el centro que la violencia machista \u201ces un problema real que existe, que hay que acabar con \u00e9l y que no podemos hacerlo de manera aislada, sino de manera coordinada, un\u00e1nime y firme\u201d. En este sentido, ha reiterado que el PSOE \u201csiempre act\u00faa y condena cualquier tipo de violencia machista\u201d.<\/p>\n\n\n\n<p>Moh ha recordadonadem\u00e1s que desde la Delegaci\u00f3n del Gobierno se vienen impulsando minutos de silencio cada vez que se produce una v\u00edctima, con el fin de mostrar el compromiso institucional de trabajo conjunto y, al mismo tiempo, trasladar a la sociedad que \u201cla violencia machista existe, que no vale maquillarla, que el silencio te hace c\u00f3mplice y que no todo vale\u201d.<\/p>\n\n\n\n<p>La n\u00famero uno del PSOE de Melilla ha se\u00f1alado que no se pueden \u201cconsentir ni tolerar\u201d manifestaciones como las de un alcalde que afirm\u00f3 que un marido \u201cquer\u00eda\u201d a su esposa tras haberla asesinado con 50 apu\u00f1aladas. Y ha hecho hincapi\u00e9 en que existen \u201cmensajes muy peligrosos, especialmente desde la derecha y la ultraderecha\u201d, al tiempo que ha alertado de que se est\u00e1n viendo comunidades \u201cen las que se est\u00e1 negociando con los derechos para las mujeres\u201d.<\/p>\n\n\n\n<p>Moh ha insistido en que no basta con organizar actividades, sino que es imprescindible \u201ccreerse lo que est\u00e1 pasando, creerse la igualdad y trabajar coordinados y unidos para erradicarla\u201d.<\/p>\n","protected":false},"excerpt":{"rendered":"<p>Recuerda que hay Comunidades donde la derecha y ultraderecha \u00abest\u00e1n negociando con los derechos para las mujeres\u00bb La Secretaria General del PSOE de Melilla, Sabrina Moh, ha reiterado que tanto desde su formaci\u00f3n como desde el Gobierno de Espa\u00f1a se va a seguir trabajando para avanzar en la erradicaci\u00f3n de la violencia machista. La l\u00edder &#8230;<\/p>\n","protected":false},"author":187,"featured_media":2404,"comment_status":"open","ping_status":"open","sticky":false,"template":"","format":"standard","meta":{"_jetpack_memberships_contains_paid_content":false,"footnotes":""},"categories":[1],"tags":[],"class_list":["post-2396","post","type-post","status-publish","format-standard","has-post-thumbnail","hentry","category-sin-categoria"],"yoast_head":"<!-- This site is optimized with the Yoast SEO plugin v24.0 - https:\/\/yoast.com\/wordpress\/plugins\/seo\/ -->\n<title>Moh: &quot;No basta con organizar actividades, hay que creerse la igualdad y trabajar para erradicarla la violencia machista&quot; - Agrupaci\u00f3n Socialista de Melilla<\/title>\n<meta name=\"robots\" content=\"index, follow, max-snippet:-1, max-image-preview:large, max-video-preview:-1\" \/>\n<link rel=\"canonical\" href=\"https:\/\/agrupacionespsoe.es\/melilla\/moh-no-basta-con-organizar-actividades-hay-que-creerse-la-igualdad-y-trabajar-para-erradicarla-la-violencia-machista\/\" \/>\n<meta property=\"og:locale\" content=\"es_ES\" \/>\n<meta property=\"og:type\" content=\"article\" \/>\n<meta property=\"og:title\" content=\"Moh: &quot;No basta con organizar actividades, hay que creerse la igualdad y trabajar para erradicarla la violencia machista&quot; - Agrupaci\u00f3n Socialista de Melilla\" \/>\n<meta property=\"og:description\" content=\"Recuerda que hay Comunidades donde la derecha y ultraderecha \u00abest\u00e1n negociando con los derechos para las mujeres\u00bb La Secretaria General del PSOE de Melilla, Sabrina Moh, ha reiterado que tanto desde su formaci\u00f3n como desde el Gobierno de Espa\u00f1a se va a seguir trabajando para avanzar en la erradicaci\u00f3n de la violencia machista. La l\u00edder ...\" \/>\n<meta property=\"og:url\" content=\"https:\/\/agrupacionespsoe.es\/melilla\/moh-no-basta-con-organizar-actividades-hay-que-creerse-la-igualdad-y-trabajar-para-erradicarla-la-violencia-machista\/\" \/>\n<meta property=\"og:site_name\" content=\"Agrupaci\u00f3n Socialista de Melilla\" \/>\n<meta property=\"article:published_time\" content=\"2025-11-23T12:35:44+00:00\" \/>\n<meta property=\"article:modified_time\" content=\"2025-11-24T14:11:19+00:00\" \/>\n<meta property=\"og:image\" content=\"https:\/\/agrupacionespsoe.es\/melilla\/wp-content\/uploads\/sites\/120\/2025\/11\/G6cEAtdWUAAGnNY.jpg\" \/>\n\t<meta property=\"og:image:width\" content=\"2048\" \/>\n\t<meta property=\"og:image:height\" content=\"1365\" \/>\n\t<meta property=\"og:image:type\" content=\"image\/jpeg\" \/>\n<meta name=\"author\" content=\"melilla2\" \/>\n<meta name=\"twitter:card\" content=\"summary_large_image\" \/>\n<meta name=\"twitter:label1\" content=\"Escrito por\" \/>\n\t<meta name=\"twitter:data1\" content=\"melilla2\" \/>\n\t<meta name=\"twitter:label2\" content=\"Tiempo de lectura\" \/>\n\t<meta name=\"twitter:data2\" content=\"2 minutos\" \/>\n<script type=\"application\/ld+json\" class=\"yoast-schema-graph\">{\"@context\":\"https:\/\/schema.org\",\"@graph\":[{\"@type\":\"Article\",\"@id\":\"https:\/\/agrupacionespsoe.es\/melilla\/moh-no-basta-con-organizar-actividades-hay-que-creerse-la-igualdad-y-trabajar-para-erradicarla-la-violencia-machista\/#article\",\"isPartOf\":{\"@id\":\"https:\/\/agrupacionespsoe.es\/melilla\/moh-no-basta-con-organizar-actividades-hay-que-creerse-la-igualdad-y-trabajar-para-erradicarla-la-violencia-machista\/\"},\"author\":{\"name\":\"melilla2\",\"@id\":\"https:\/\/agrupacionespsoe.es\/melilla\/#\/schema\/person\/72bb3075a827d0ed0623682b96c92bd6\"},\"headline\":\"Moh: \u00abNo basta con organizar actividades, hay que creerse la igualdad y trabajar para erradicarla la violencia machista\u00bb\",\"datePublished\":\"2025-11-23T12:35:44+00:00\",\"dateModified\":\"2025-11-24T14:11:19+00:00\",\"mainEntityOfPage\":{\"@id\":\"https:\/\/agrupacionespsoe.es\/melilla\/moh-no-basta-con-organizar-actividades-hay-que-creerse-la-igualdad-y-trabajar-para-erradicarla-la-violencia-machista\/\"},\"wordCount\":399,\"commentCount\":0,\"publisher\":{\"@id\":\"https:\/\/agrupacionespsoe.es\/melilla\/#organization\"},\"image\":{\"@id\":\"https:\/\/agrupacionespsoe.es\/melilla\/moh-no-basta-con-organizar-actividades-hay-que-creerse-la-igualdad-y-trabajar-para-erradicarla-la-violencia-machista\/#primaryimage\"},\"thumbnailUrl\":\"https:\/\/agrupacionespsoe.es\/melilla\/wp-content\/uploads\/sites\/120\/2025\/11\/G6cEAtdWUAAGnNY.jpg\",\"inLanguage\":\"es\",\"potentialAction\":[{\"@type\":\"CommentAction\",\"name\":\"Comment\",\"target\":[\"https:\/\/agrupacionespsoe.es\/melilla\/moh-no-basta-con-organizar-actividades-hay-que-creerse-la-igualdad-y-trabajar-para-erradicarla-la-violencia-machista\/#respond\"]}]},{\"@type\":\"WebPage\",\"@id\":\"https:\/\/agrupacionespsoe.es\/melilla\/moh-no-basta-con-organizar-actividades-hay-que-creerse-la-igualdad-y-trabajar-para-erradicarla-la-violencia-machista\/\",\"url\":\"https:\/\/agrupacionespsoe.es\/melilla\/moh-no-basta-con-organizar-actividades-hay-que-creerse-la-igualdad-y-trabajar-para-erradicarla-la-violencia-machista\/\",\"name\":\"Moh: \\\"No basta con organizar actividades, hay que creerse la igualdad y trabajar para erradicarla la violencia machista\\\" - Agrupaci\u00f3n Socialista de Melilla\",\"isPartOf\":{\"@id\":\"https:\/\/agrupacionespsoe.es\/melilla\/#website\"},\"primaryImageOfPage\":{\"@id\":\"https:\/\/agrupacionespsoe.es\/melilla\/moh-no-basta-con-organizar-actividades-hay-que-creerse-la-igualdad-y-trabajar-para-erradicarla-la-violencia-machista\/#primaryimage\"},\"image\":{\"@id\":\"https:\/\/agrupacionespsoe.es\/melilla\/moh-no-basta-con-organizar-actividades-hay-que-creerse-la-igualdad-y-trabajar-para-erradicarla-la-violencia-machista\/#primaryimage\"},\"thumbnailUrl\":\"https:\/\/agrupacionespsoe.es\/melilla\/wp-content\/uploads\/sites\/120\/2025\/11\/G6cEAtdWUAAGnNY.jpg\",\"datePublished\":\"2025-11-23T12:35:44+00:00\",\"dateModified\":\"2025-11-24T14:11:19+00:00\",\"breadcrumb\":{\"@id\":\"https:\/\/agrupacionespsoe.es\/melilla\/moh-no-basta-con-organizar-actividades-hay-que-creerse-la-igualdad-y-trabajar-para-erradicarla-la-violencia-machista\/#breadcrumb\"},\"inLanguage\":\"es\",\"potentialAction\":[{\"@type\":\"ReadAction\",\"target\":[\"https:\/\/agrupacionespsoe.es\/melilla\/moh-no-basta-con-organizar-actividades-hay-que-creerse-la-igualdad-y-trabajar-para-erradicarla-la-violencia-machista\/\"]}]},{\"@type\":\"ImageObject\",\"inLanguage\":\"es\",\"@id\":\"https:\/\/agrupacionespsoe.es\/melilla\/moh-no-basta-con-organizar-actividades-hay-que-creerse-la-igualdad-y-trabajar-para-erradicarla-la-violencia-machista\/#primaryimage\",\"url\":\"https:\/\/agrupacionespsoe.es\/melilla\/wp-content\/uploads\/sites\/120\/2025\/11\/G6cEAtdWUAAGnNY.jpg\",\"contentUrl\":\"https:\/\/agrupacionespsoe.es\/melilla\/wp-content\/uploads\/sites\/120\/2025\/11\/G6cEAtdWUAAGnNY.jpg\",\"width\":2048,\"height\":1365},{\"@type\":\"BreadcrumbList\",\"@id\":\"https:\/\/agrupacionespsoe.es\/melilla\/moh-no-basta-con-organizar-actividades-hay-que-creerse-la-igualdad-y-trabajar-para-erradicarla-la-violencia-machista\/#breadcrumb\",\"itemListElement\":[{\"@type\":\"ListItem\",\"position\":1,\"name\":\"Portada\",\"item\":\"https:\/\/agrupacionespsoe.es\/melilla\/\"},{\"@type\":\"ListItem\",\"position\":2,\"name\":\"Moh: \u00abNo basta con organizar actividades, hay que creerse la igualdad y trabajar para erradicarla la violencia machista\u00bb\"}]},{\"@type\":\"WebSite\",\"@id\":\"https:\/\/agrupacionespsoe.es\/melilla\/#website\",\"url\":\"https:\/\/agrupacionespsoe.es\/melilla\/\",\"name\":\"Agrupaci\u00f3n Socialista de Melilla\",\"description\":\"Agrupaci\u00f3n Socialista de Melilla\",\"publisher\":{\"@id\":\"https:\/\/agrupacionespsoe.es\/melilla\/#organization\"},\"potentialAction\":[{\"@type\":\"SearchAction\",\"target\":{\"@type\":\"EntryPoint\",\"urlTemplate\":\"https:\/\/agrupacionespsoe.es\/melilla\/?s={search_term_string}\"},\"query-input\":{\"@type\":\"PropertyValueSpecification\",\"valueRequired\":true,\"valueName\":\"search_term_string\"}}],\"inLanguage\":\"es\"},{\"@type\":\"Organization\",\"@id\":\"https:\/\/agrupacionespsoe.es\/melilla\/#organization\",\"name\":\"Agrupaci\u00f3n Socialista de Melilla\",\"url\":\"https:\/\/agrupacionespsoe.es\/melilla\/\",\"logo\":{\"@type\":\"ImageObject\",\"inLanguage\":\"es\",\"@id\":\"https:\/\/agrupacionespsoe.es\/melilla\/#\/schema\/logo\/image\/\",\"url\":\"https:\/\/agrupacionespsoe.es\/wp-content\/uploads\/2022\/07\/Logotipo_electoral_del_PSOE.png\",\"contentUrl\":\"https:\/\/agrupacionespsoe.es\/wp-content\/uploads\/2022\/07\/Logotipo_electoral_del_PSOE.png\",\"width\":422,\"height\":422,\"caption\":\"Agrupaci\u00f3n Socialista de Melilla\"},\"image\":{\"@id\":\"https:\/\/agrupacionespsoe.es\/melilla\/#\/schema\/logo\/image\/\"}},{\"@type\":\"Person\",\"@id\":\"https:\/\/agrupacionespsoe.es\/melilla\/#\/schema\/person\/72bb3075a827d0ed0623682b96c92bd6\",\"name\":\"melilla2\",\"image\":{\"@type\":\"ImageObject\",\"inLanguage\":\"es\",\"@id\":\"https:\/\/agrupacionespsoe.es\/melilla\/#\/schema\/person\/image\/\",\"url\":\"https:\/\/secure.gravatar.com\/avatar\/489a178e794e59f00db13a448aabca16?s=96&d=mm&r=g\",\"contentUrl\":\"https:\/\/secure.gravatar.com\/avatar\/489a178e794e59f00db13a448aabca16?s=96&d=mm&r=g\",\"caption\":\"melilla2\"},\"url\":\"https:\/\/agrupacionespsoe.es\/melilla\/author\/melilla2\/\"}]}<\/script>\n<!-- \/ Yoast SEO plugin. -->","yoast_head_json":{"title":"Moh: \"No basta con organizar actividades, hay que creerse la igualdad y trabajar para erradicarla la violencia machista\" - Agrupaci\u00f3n Socialista de Melilla","robots":{"index":"index","follow":"follow","max-snippet":"max-snippet:-1","max-image-preview":"max-image-preview:large","max-video-preview":"max-video-preview:-1"},"canonical":"https:\/\/agrupacionespsoe.es\/melilla\/moh-no-basta-con-organizar-actividades-hay-que-creerse-la-igualdad-y-trabajar-para-erradicarla-la-violencia-machista\/","og_locale":"es_ES","og_type":"article","og_title":"Moh: \"No basta con organizar actividades, hay que creerse la igualdad y trabajar para erradicarla la violencia machista\" - Agrupaci\u00f3n Socialista de Melilla","og_description":"Recuerda que hay Comunidades donde la derecha y ultraderecha \u00abest\u00e1n negociando con los derechos para las mujeres\u00bb La Secretaria General del PSOE de Melilla, Sabrina Moh, ha reiterado que tanto desde su formaci\u00f3n como desde el Gobierno de Espa\u00f1a se va a seguir trabajando para avanzar en la erradicaci\u00f3n de la violencia machista. La l\u00edder ...","og_url":"https:\/\/agrupacionespsoe.es\/melilla\/moh-no-basta-con-organizar-actividades-hay-que-creerse-la-igualdad-y-trabajar-para-erradicarla-la-violencia-machista\/","og_site_name":"Agrupaci\u00f3n Socialista de Melilla","article_published_time":"2025-11-23T12:35:44+00:00","article_modified_time":"2025-11-24T14:11:19+00:00","og_image":[{"width":2048,"height":1365,"url":"https:\/\/agrupacionespsoe.es\/melilla\/wp-content\/uploads\/sites\/120\/2025\/11\/G6cEAtdWUAAGnNY.jpg","type":"image\/jpeg"}],"author":"melilla2","twitter_card":"summary_large_image","twitter_misc":{"Escrito por":"melilla2","Tiempo de lectura":"2 minutos"},"schema":{"@context":"https:\/\/schema.org","@graph":[{"@type":"Article","@id":"https:\/\/agrupacionespsoe.es\/melilla\/moh-no-basta-con-organizar-actividades-hay-que-creerse-la-igualdad-y-trabajar-para-erradicarla-la-violencia-machista\/#article","isPartOf":{"@id":"https:\/\/agrupacionespsoe.es\/melilla\/moh-no-basta-con-organizar-actividades-hay-que-creerse-la-igualdad-y-trabajar-para-erradicarla-la-violencia-machista\/"},"author":{"name":"melilla2","@id":"https:\/\/agrupacionespsoe.es\/melilla\/#\/schema\/person\/72bb3075a827d0ed0623682b96c92bd6"},"headline":"Moh: \u00abNo basta con organizar actividades, hay que creerse la igualdad y trabajar para erradicarla la violencia machista\u00bb","datePublished":"2025-11-23T12:35:44+00:00","dateModified":"2025-11-24T14:11:19+00:00","mainEntityOfPage":{"@id":"https:\/\/agrupacionespsoe.es\/melilla\/moh-no-basta-con-organizar-actividades-hay-que-creerse-la-igualdad-y-trabajar-para-erradicarla-la-violencia-machista\/"},"wordCount":399,"commentCount":0,"publisher":{"@id":"https:\/\/agrupacionespsoe.es\/melilla\/#organization"},"image":{"@id":"https:\/\/agrupacionespsoe.es\/melilla\/moh-no-basta-con-organizar-actividades-hay-que-creerse-la-igualdad-y-trabajar-para-erradicarla-la-violencia-machista\/#primaryimage"},"thumbnailUrl":"https:\/\/agrupacionespsoe.es\/melilla\/wp-content\/uploads\/sites\/120\/2025\/11\/G6cEAtdWUAAGnNY.jpg","inLanguage":"es","potentialAction":[{"@type":"CommentAction","name":"Comment","target":["https:\/\/agrupacionespsoe.es\/melilla\/moh-no-basta-con-organizar-actividades-hay-que-creerse-la-igualdad-y-trabajar-para-erradicarla-la-violencia-machista\/#respond"]}]},{"@type":"WebPage","@id":"https:\/\/agrupacionespsoe.es\/melilla\/moh-no-basta-con-organizar-actividades-hay-que-creerse-la-igualdad-y-trabajar-para-erradicarla-la-violencia-machista\/","url":"https:\/\/agrupacionespsoe.es\/melilla\/moh-no-basta-con-organizar-actividades-hay-que-creerse-la-igualdad-y-trabajar-para-erradicarla-la-violencia-machista\/","name":"Moh: \"No basta con organizar actividades, hay que creerse la igualdad y trabajar para erradicarla la violencia machista\" - Agrupaci\u00f3n Socialista de Melilla","isPartOf":{"@id":"https:\/\/agrupacionespsoe.es\/melilla\/#website"},"primaryImageOfPage":{"@id":"https:\/\/agrupacionespsoe.es\/melilla\/moh-no-basta-con-organizar-actividades-hay-que-creerse-la-igualdad-y-trabajar-para-erradicarla-la-violencia-machista\/#primaryimage"},"image":{"@id":"https:\/\/agrupacionespsoe.es\/melilla\/moh-no-basta-con-organizar-actividades-hay-que-creerse-la-igualdad-y-trabajar-para-erradicarla-la-violencia-machista\/#primaryimage"},"thumbnailUrl":"https:\/\/agrupacionespsoe.es\/melilla\/wp-content\/uploads\/sites\/120\/2025\/11\/G6cEAtdWUAAGnNY.jpg","datePublished":"2025-11-23T12:35:44+00:00","dateModified":"2025-11-24T14:11:19+00:00","breadcrumb":{"@id":"https:\/\/agrupacionespsoe.es\/melilla\/moh-no-basta-con-organizar-actividades-hay-que-creerse-la-igualdad-y-trabajar-para-erradicarla-la-violencia-machista\/#breadcrumb"},"inLanguage":"es","potentialAction":[{"@type":"ReadAction","target":["https:\/\/agrupacionespsoe.es\/melilla\/moh-no-basta-con-organizar-actividades-hay-que-creerse-la-igualdad-y-trabajar-para-erradicarla-la-violencia-machista\/"]}]},{"@type":"ImageObject","inLanguage":"es","@id":"https:\/\/agrupacionespsoe.es\/melilla\/moh-no-basta-con-organizar-actividades-hay-que-creerse-la-igualdad-y-trabajar-para-erradicarla-la-violencia-machista\/#primaryimage","url":"https:\/\/agrupacionespsoe.es\/melilla\/wp-content\/uploads\/sites\/120\/2025\/11\/G6cEAtdWUAAGnNY.jpg","contentUrl":"https:\/\/agrupacionespsoe.es\/melilla\/wp-content\/uploads\/sites\/120\/2025\/11\/G6cEAtdWUAAGnNY.jpg","width":2048,"height":1365},{"@type":"BreadcrumbList","@id":"https:\/\/agrupacionespsoe.es\/melilla\/moh-no-basta-con-organizar-actividades-hay-que-creerse-la-igualdad-y-trabajar-para-erradicarla-la-violencia-machista\/#breadcrumb","itemListElement":[{"@type":"ListItem","position":1,"name":"Portada","item":"https:\/\/agrupacionespsoe.es\/melilla\/"},{"@type":"ListItem","position":2,"name":"Moh: \u00abNo basta con organizar actividades, hay que creerse la igualdad y trabajar para erradicarla la violencia machista\u00bb"}]},{"@type":"WebSite","@id":"https:\/\/agrupacionespsoe.es\/melilla\/#website","url":"https:\/\/agrupacionespsoe.es\/melilla\/","name":"Agrupaci\u00f3n Socialista de Melilla","description":"Agrupaci\u00f3n Socialista de Melilla","publisher":{"@id":"https:\/\/agrupacionespsoe.es\/melilla\/#organization"},"potentialAction":[{"@type":"SearchAction","target":{"@type":"EntryPoint","urlTemplate":"https:\/\/agrupacionespsoe.es\/melilla\/?s={search_term_string}"},"query-input":{"@type":"PropertyValueSpecification","valueRequired":true,"valueName":"search_term_string"}}],"inLanguage":"es"},{"@type":"Organization","@id":"https:\/\/agrupacionespsoe.es\/melilla\/#organization","name":"Agrupaci\u00f3n Socialista de Melilla","url":"https:\/\/agrupacionespsoe.es\/melilla\/","logo":{"@type":"ImageObject","inLanguage":"es","@id":"https:\/\/agrupacionespsoe.es\/melilla\/#\/schema\/logo\/image\/","url":"https:\/\/agrupacionespsoe.es\/wp-content\/uploads\/2022\/07\/Logotipo_electoral_del_PSOE.png","contentUrl":"https:\/\/agrupacionespsoe.es\/wp-content\/uploads\/2022\/07\/Logotipo_electoral_del_PSOE.png","width":422,"height":422,"caption":"Agrupaci\u00f3n Socialista de Melilla"},"image":{"@id":"https:\/\/agrupacionespsoe.es\/melilla\/#\/schema\/logo\/image\/"}},{"@type":"Person","@id":"https:\/\/agrupacionespsoe.es\/melilla\/#\/schema\/person\/72bb3075a827d0ed0623682b96c92bd6","name":"melilla2","image":{"@type":"ImageObject","inLanguage":"es","@id":"https:\/\/agrupacionespsoe.es\/melilla\/#\/schema\/person\/image\/","url":"https:\/\/secure.gravatar.com\/avatar\/489a178e794e59f00db13a448aabca16?s=96&d=mm&r=g","contentUrl":"https:\/\/secure.gravatar.com\/avatar\/489a178e794e59f00db13a448aabca16?s=96&d=mm&r=g","caption":"melilla2"},"url":"https:\/\/agrupacionespsoe.es\/melilla\/author\/melilla2\/"}]}},"jetpack_featured_media_url":"https:\/\/agrupacionespsoe.es\/melilla\/wp-content\/uploads\/sites\/120\/2025\/11\/G6cEAtdWUAAGnNY.jpg","jetpack_sharing_enabled":true,"_links":{"self":[{"href":"https:\/\/agrupacionespsoe.es\/melilla\/wp-json\/wp\/v2\/posts\/2396","targetHints":{"allow":["GET"]}}],"collection":[{"href":"https:\/\/agrupacionespsoe.es\/melilla\/wp-json\/wp\/v2\/posts"}],"about":[{"href":"https:\/\/agrupacionespsoe.es\/melilla\/wp-json\/wp\/v2\/types\/post"}],"author":[{"embeddable":true,"href":"https:\/\/agrupacionespsoe.es\/melilla\/wp-json\/wp\/v2\/users\/187"}],"replies":[{"embeddable":true,"href":"https:\/\/agrupacionespsoe.es\/melilla\/wp-json\/wp\/v2\/comments?post=2396"}],"version-history":[{"count":3,"href":"https:\/\/agrupacionespsoe.es\/melilla\/wp-json\/wp\/v2\/posts\/2396\/revisions"}],"predecessor-version":[{"id":2406,"href":"https:\/\/agrupacionespsoe.es\/melilla\/wp-json\/wp\/v2\/posts\/2396\/revisions\/2406"}],"wp:featuredmedia":[{"embeddable":true,"href":"https:\/\/agrupacionespsoe.es\/melilla\/wp-json\/wp\/v2\/media\/2404"}],"wp:attachment":[{"href":"https:\/\/agrupacionespsoe.es\/melilla\/wp-json\/wp\/v2\/media?parent=2396"}],"wp:term":[{"taxonomy":"category","embeddable":true,"href":"https:\/\/agrupacionespsoe.es\/melilla\/wp-json\/wp\/v2\/categories?post=2396"},{"taxonomy":"post_tag","embeddable":true,"href":"https:\/\/agrupacionespsoe.es\/melilla\/wp-json\/wp\/v2\/tags?post=2396"}],"curies":[{"name":"wp","href":"https:\/\/api.w.org\/{rel}","templated":true}]}}