{"id":2376,"date":"2025-11-18T12:26:34","date_gmt":"2025-11-18T12:26:34","guid":{"rendered":"https:\/\/agrupacionespsoe.es\/melilla\/?p=2376"},"modified":"2025-11-18T12:26:35","modified_gmt":"2025-11-18T12:26:35","slug":"lenferding-exige-al-pp-de-melilla-que-se-posicione-tras-las-palabras-del-alcalde-de-alpedrete","status":"publish","type":"post","link":"https:\/\/agrupacionespsoe.es\/melilla\/lenferding-exige-al-pp-de-melilla-que-se-posicione-tras-las-palabras-del-alcalde-de-alpedrete\/","title":{"rendered":"Lenferding exige al PP de Melilla que se posicione tras las palabras del alcalde de Alpedrete"},"content":{"rendered":"\n<p><strong>La Secretaria de Igualdad del PSOE denuncia el negacionismo del PP: \u201cNegar la violencia machista es blanquear a los agresores\u201d<\/strong><\/p>\n\n\n\n<p>La Secretaria de Igualdad del PSOE de Melilla, Mar\u00eda Jos\u00e9 Lenferding, ha denunciado con contundencia las declaraciones del alcalde de Alpedrete (PP), quien neg\u00f3 que el asesinato de una mujer a manos de su marido que le asest\u00f3 50 pu\u00f1aladas antes de suicidarse\u2014 fuera un crimen machista, asegurando que \u201cquer\u00eda mucho a su mujer\u201d.<\/p>\n\n\n\n<p>\u201cEste tipo de afirmaciones son inaceptables. Negar que es violencia de g\u00e9nero un asesinato cometido por la pareja es blanquear la violencia machista y justificar al agresor\u201d, ha afirmado. \u201cNo se trata de opiniones: se trata de hechos, de asesinatos, de mujeres que ya no est\u00e1n. Y cualquier responsable p\u00fablico debe saberlo\u201d.<\/p>\n\n\n\n<p>La dirigente socialista ha recordado que el propio presidente del Gobierno, Pedro S\u00e1nchez, se\u00f1al\u00f3 ayer que \u201cfrente a la violencia machista no hay medias tintas: o est\u00e1s con las v\u00edctimas o con los negacionistas que blanquean a los agresores\u201d, subrayando que \u201cquien menosprecia esta violencia no es digno de representar a la ciudadan\u00eda\u201d.<\/p>\n\n\n\n<p>Seg\u00fan los datos del Ministerio de Igualdad, 38 mujeres han sido asesinadas por violencia de g\u00e9nero en lo que va de 2025, y 1.333 desde 2003, cifras que la dirigente socialista considera \u201cdevastadoras, y que exigen unidad, responsabilidad institucional y pol\u00edticas p\u00fablicas firmes, no negacionismo ni discursos que ponen en riesgo a m\u00e1s mujeres\u201d.<\/p>\n\n\n\n<p><strong>Exige una respuesta del PP de Melilla<\/strong><\/p>\n\n\n\n<p>La Secretaria de Igualdad ha pedido al Partido Popular de Melilla y al presidente de la Ciudad, Juan Jos\u00e9 Imbroda, que \u201cdejen claro de qu\u00e9 lado est\u00e1n\u201d. \u201cQueremos saber si el PP de Melilla avala las palabras de su alcalde en Alpedrete o si va a desautorizarlo de manera inmediata. El silencio, en un tema as\u00ed, tambi\u00e9n es una forma de complicidad\u201d, ha manifestado.<\/p>\n\n\n\n<p>Lenferding ha insistido en que \u201cla violencia machista no se niega, se combate\u201d, y ha recordado que las instituciones melillenses \u201ctienen la responsabilidad de defender a las v\u00edctimas, de enviar un mensaje claro a la ciudadan\u00eda y de no dar ni un mil\u00edmetro de espacio a quienes cuestionan esta realidad tan dolorosa\u201d.<\/p>\n\n\n\n<p>Finalmente, la socialista ha reiterado que \u201ccada vez que un dirigente del PP niega la violencia de g\u00e9nero, no solo falta al respeto a las v\u00edctimas: est\u00e1 alimentando el discurso que las pone en peligro\u201d. \u201cEn Melilla, como en toda Espa\u00f1a, las mujeres necesitan garant\u00edas, no negacionismo\u201d, ha concluido.<\/p>\n","protected":false},"excerpt":{"rendered":"<p>La Secretaria de Igualdad del PSOE denuncia el negacionismo del PP: \u201cNegar la violencia machista es blanquear a los agresores\u201d La Secretaria de Igualdad del PSOE de Melilla, Mar\u00eda Jos\u00e9 Lenferding, ha denunciado con contundencia las declaraciones del alcalde de Alpedrete (PP), quien neg\u00f3 que el asesinato de una mujer a manos de su marido &#8230;<\/p>\n","protected":false},"author":187,"featured_media":2377,"comment_status":"open","ping_status":"open","sticky":false,"template":"","format":"standard","meta":{"_jetpack_memberships_contains_paid_content":false,"footnotes":""},"categories":[1],"tags":[],"class_list":["post-2376","post","type-post","status-publish","format-standard","has-post-thumbnail","hentry","category-sin-categoria"],"yoast_head":"<!-- This site is optimized with the Yoast SEO plugin v24.0 - https:\/\/yoast.com\/wordpress\/plugins\/seo\/ -->\n<title>Lenferding exige al PP de Melilla que se posicione tras las palabras del alcalde de Alpedrete - Agrupaci\u00f3n Socialista de Melilla<\/title>\n<meta name=\"robots\" content=\"index, follow, max-snippet:-1, max-image-preview:large, max-video-preview:-1\" \/>\n<link rel=\"canonical\" href=\"https:\/\/agrupacionespsoe.es\/melilla\/lenferding-exige-al-pp-de-melilla-que-se-posicione-tras-las-palabras-del-alcalde-de-alpedrete\/\" \/>\n<meta property=\"og:locale\" content=\"es_ES\" \/>\n<meta property=\"og:type\" content=\"article\" \/>\n<meta property=\"og:title\" content=\"Lenferding exige al PP de Melilla que se posicione tras las palabras del alcalde de Alpedrete - Agrupaci\u00f3n Socialista de Melilla\" \/>\n<meta property=\"og:description\" content=\"La Secretaria de Igualdad del PSOE denuncia el negacionismo del PP: \u201cNegar la violencia machista es blanquear a los agresores\u201d La Secretaria de Igualdad del PSOE de Melilla, Mar\u00eda Jos\u00e9 Lenferding, ha denunciado con contundencia las declaraciones del alcalde de Alpedrete (PP), quien neg\u00f3 que el asesinato de una mujer a manos de su marido ...\" \/>\n<meta property=\"og:url\" content=\"https:\/\/agrupacionespsoe.es\/melilla\/lenferding-exige-al-pp-de-melilla-que-se-posicione-tras-las-palabras-del-alcalde-de-alpedrete\/\" \/>\n<meta property=\"og:site_name\" content=\"Agrupaci\u00f3n Socialista de Melilla\" \/>\n<meta property=\"article:published_time\" content=\"2025-11-18T12:26:34+00:00\" \/>\n<meta property=\"article:modified_time\" content=\"2025-11-18T12:26:35+00:00\" \/>\n<meta property=\"og:image\" content=\"https:\/\/agrupacionespsoe.es\/melilla\/wp-content\/uploads\/sites\/120\/2025\/11\/2025_01_10_MLenferding_MocionVivienda-scaled.jpg\" \/>\n\t<meta property=\"og:image:width\" content=\"2560\" \/>\n\t<meta property=\"og:image:height\" content=\"1707\" \/>\n\t<meta property=\"og:image:type\" content=\"image\/jpeg\" \/>\n<meta name=\"author\" content=\"melilla2\" \/>\n<meta name=\"twitter:card\" content=\"summary_large_image\" \/>\n<meta name=\"twitter:label1\" content=\"Escrito por\" \/>\n\t<meta name=\"twitter:data1\" content=\"melilla2\" \/>\n\t<meta name=\"twitter:label2\" content=\"Tiempo de lectura\" \/>\n\t<meta name=\"twitter:data2\" content=\"3 minutos\" \/>\n<script type=\"application\/ld+json\" class=\"yoast-schema-graph\">{\"@context\":\"https:\/\/schema.org\",\"@graph\":[{\"@type\":\"Article\",\"@id\":\"https:\/\/agrupacionespsoe.es\/melilla\/lenferding-exige-al-pp-de-melilla-que-se-posicione-tras-las-palabras-del-alcalde-de-alpedrete\/#article\",\"isPartOf\":{\"@id\":\"https:\/\/agrupacionespsoe.es\/melilla\/lenferding-exige-al-pp-de-melilla-que-se-posicione-tras-las-palabras-del-alcalde-de-alpedrete\/\"},\"author\":{\"name\":\"melilla2\",\"@id\":\"https:\/\/agrupacionespsoe.es\/melilla\/#\/schema\/person\/72bb3075a827d0ed0623682b96c92bd6\"},\"headline\":\"Lenferding exige al PP de Melilla que se posicione tras las palabras del alcalde de Alpedrete\",\"datePublished\":\"2025-11-18T12:26:34+00:00\",\"dateModified\":\"2025-11-18T12:26:35+00:00\",\"mainEntityOfPage\":{\"@id\":\"https:\/\/agrupacionespsoe.es\/melilla\/lenferding-exige-al-pp-de-melilla-que-se-posicione-tras-las-palabras-del-alcalde-de-alpedrete\/\"},\"wordCount\":441,\"commentCount\":0,\"publisher\":{\"@id\":\"https:\/\/agrupacionespsoe.es\/melilla\/#organization\"},\"image\":{\"@id\":\"https:\/\/agrupacionespsoe.es\/melilla\/lenferding-exige-al-pp-de-melilla-que-se-posicione-tras-las-palabras-del-alcalde-de-alpedrete\/#primaryimage\"},\"thumbnailUrl\":\"https:\/\/agrupacionespsoe.es\/melilla\/wp-content\/uploads\/sites\/120\/2025\/11\/2025_01_10_MLenferding_MocionVivienda-scaled.jpg\",\"inLanguage\":\"es\",\"potentialAction\":[{\"@type\":\"CommentAction\",\"name\":\"Comment\",\"target\":[\"https:\/\/agrupacionespsoe.es\/melilla\/lenferding-exige-al-pp-de-melilla-que-se-posicione-tras-las-palabras-del-alcalde-de-alpedrete\/#respond\"]}]},{\"@type\":\"WebPage\",\"@id\":\"https:\/\/agrupacionespsoe.es\/melilla\/lenferding-exige-al-pp-de-melilla-que-se-posicione-tras-las-palabras-del-alcalde-de-alpedrete\/\",\"url\":\"https:\/\/agrupacionespsoe.es\/melilla\/lenferding-exige-al-pp-de-melilla-que-se-posicione-tras-las-palabras-del-alcalde-de-alpedrete\/\",\"name\":\"Lenferding exige al PP de Melilla que se posicione tras las palabras del alcalde de Alpedrete - Agrupaci\u00f3n Socialista de Melilla\",\"isPartOf\":{\"@id\":\"https:\/\/agrupacionespsoe.es\/melilla\/#website\"},\"primaryImageOfPage\":{\"@id\":\"https:\/\/agrupacionespsoe.es\/melilla\/lenferding-exige-al-pp-de-melilla-que-se-posicione-tras-las-palabras-del-alcalde-de-alpedrete\/#primaryimage\"},\"image\":{\"@id\":\"https:\/\/agrupacionespsoe.es\/melilla\/lenferding-exige-al-pp-de-melilla-que-se-posicione-tras-las-palabras-del-alcalde-de-alpedrete\/#primaryimage\"},\"thumbnailUrl\":\"https:\/\/agrupacionespsoe.es\/melilla\/wp-content\/uploads\/sites\/120\/2025\/11\/2025_01_10_MLenferding_MocionVivienda-scaled.jpg\",\"datePublished\":\"2025-11-18T12:26:34+00:00\",\"dateModified\":\"2025-11-18T12:26:35+00:00\",\"breadcrumb\":{\"@id\":\"https:\/\/agrupacionespsoe.es\/melilla\/lenferding-exige-al-pp-de-melilla-que-se-posicione-tras-las-palabras-del-alcalde-de-alpedrete\/#breadcrumb\"},\"inLanguage\":\"es\",\"potentialAction\":[{\"@type\":\"ReadAction\",\"target\":[\"https:\/\/agrupacionespsoe.es\/melilla\/lenferding-exige-al-pp-de-melilla-que-se-posicione-tras-las-palabras-del-alcalde-de-alpedrete\/\"]}]},{\"@type\":\"ImageObject\",\"inLanguage\":\"es\",\"@id\":\"https:\/\/agrupacionespsoe.es\/melilla\/lenferding-exige-al-pp-de-melilla-que-se-posicione-tras-las-palabras-del-alcalde-de-alpedrete\/#primaryimage\",\"url\":\"https:\/\/agrupacionespsoe.es\/melilla\/wp-content\/uploads\/sites\/120\/2025\/11\/2025_01_10_MLenferding_MocionVivienda-scaled.jpg\",\"contentUrl\":\"https:\/\/agrupacionespsoe.es\/melilla\/wp-content\/uploads\/sites\/120\/2025\/11\/2025_01_10_MLenferding_MocionVivienda-scaled.jpg\",\"width\":2560,\"height\":1707},{\"@type\":\"BreadcrumbList\",\"@id\":\"https:\/\/agrupacionespsoe.es\/melilla\/lenferding-exige-al-pp-de-melilla-que-se-posicione-tras-las-palabras-del-alcalde-de-alpedrete\/#breadcrumb\",\"itemListElement\":[{\"@type\":\"ListItem\",\"position\":1,\"name\":\"Portada\",\"item\":\"https:\/\/agrupacionespsoe.es\/melilla\/\"},{\"@type\":\"ListItem\",\"position\":2,\"name\":\"Lenferding exige al PP de Melilla que se posicione tras las palabras del alcalde de Alpedrete\"}]},{\"@type\":\"WebSite\",\"@id\":\"https:\/\/agrupacionespsoe.es\/melilla\/#website\",\"url\":\"https:\/\/agrupacionespsoe.es\/melilla\/\",\"name\":\"Agrupaci\u00f3n Socialista de Melilla\",\"description\":\"Agrupaci\u00f3n Socialista de Melilla\",\"publisher\":{\"@id\":\"https:\/\/agrupacionespsoe.es\/melilla\/#organization\"},\"potentialAction\":[{\"@type\":\"SearchAction\",\"target\":{\"@type\":\"EntryPoint\",\"urlTemplate\":\"https:\/\/agrupacionespsoe.es\/melilla\/?s={search_term_string}\"},\"query-input\":{\"@type\":\"PropertyValueSpecification\",\"valueRequired\":true,\"valueName\":\"search_term_string\"}}],\"inLanguage\":\"es\"},{\"@type\":\"Organization\",\"@id\":\"https:\/\/agrupacionespsoe.es\/melilla\/#organization\",\"name\":\"Agrupaci\u00f3n Socialista de Melilla\",\"url\":\"https:\/\/agrupacionespsoe.es\/melilla\/\",\"logo\":{\"@type\":\"ImageObject\",\"inLanguage\":\"es\",\"@id\":\"https:\/\/agrupacionespsoe.es\/melilla\/#\/schema\/logo\/image\/\",\"url\":\"https:\/\/agrupacionespsoe.es\/wp-content\/uploads\/2022\/07\/Logotipo_electoral_del_PSOE.png\",\"contentUrl\":\"https:\/\/agrupacionespsoe.es\/wp-content\/uploads\/2022\/07\/Logotipo_electoral_del_PSOE.png\",\"width\":422,\"height\":422,\"caption\":\"Agrupaci\u00f3n Socialista de Melilla\"},\"image\":{\"@id\":\"https:\/\/agrupacionespsoe.es\/melilla\/#\/schema\/logo\/image\/\"}},{\"@type\":\"Person\",\"@id\":\"https:\/\/agrupacionespsoe.es\/melilla\/#\/schema\/person\/72bb3075a827d0ed0623682b96c92bd6\",\"name\":\"melilla2\",\"image\":{\"@type\":\"ImageObject\",\"inLanguage\":\"es\",\"@id\":\"https:\/\/agrupacionespsoe.es\/melilla\/#\/schema\/person\/image\/\",\"url\":\"https:\/\/secure.gravatar.com\/avatar\/489a178e794e59f00db13a448aabca16?s=96&d=mm&r=g\",\"contentUrl\":\"https:\/\/secure.gravatar.com\/avatar\/489a178e794e59f00db13a448aabca16?s=96&d=mm&r=g\",\"caption\":\"melilla2\"},\"url\":\"https:\/\/agrupacionespsoe.es\/melilla\/author\/melilla2\/\"}]}<\/script>\n<!-- \/ Yoast SEO plugin. -->","yoast_head_json":{"title":"Lenferding exige al PP de Melilla que se posicione tras las palabras del alcalde de Alpedrete - Agrupaci\u00f3n Socialista de Melilla","robots":{"index":"index","follow":"follow","max-snippet":"max-snippet:-1","max-image-preview":"max-image-preview:large","max-video-preview":"max-video-preview:-1"},"canonical":"https:\/\/agrupacionespsoe.es\/melilla\/lenferding-exige-al-pp-de-melilla-que-se-posicione-tras-las-palabras-del-alcalde-de-alpedrete\/","og_locale":"es_ES","og_type":"article","og_title":"Lenferding exige al PP de Melilla que se posicione tras las palabras del alcalde de Alpedrete - Agrupaci\u00f3n Socialista de Melilla","og_description":"La Secretaria de Igualdad del PSOE denuncia el negacionismo del PP: \u201cNegar la violencia machista es blanquear a los agresores\u201d La Secretaria de Igualdad del PSOE de Melilla, Mar\u00eda Jos\u00e9 Lenferding, ha denunciado con contundencia las declaraciones del alcalde de Alpedrete (PP), quien neg\u00f3 que el asesinato de una mujer a manos de su marido ...","og_url":"https:\/\/agrupacionespsoe.es\/melilla\/lenferding-exige-al-pp-de-melilla-que-se-posicione-tras-las-palabras-del-alcalde-de-alpedrete\/","og_site_name":"Agrupaci\u00f3n Socialista de Melilla","article_published_time":"2025-11-18T12:26:34+00:00","article_modified_time":"2025-11-18T12:26:35+00:00","og_image":[{"width":2560,"height":1707,"url":"https:\/\/agrupacionespsoe.es\/melilla\/wp-content\/uploads\/sites\/120\/2025\/11\/2025_01_10_MLenferding_MocionVivienda-scaled.jpg","type":"image\/jpeg"}],"author":"melilla2","twitter_card":"summary_large_image","twitter_misc":{"Escrito por":"melilla2","Tiempo de lectura":"3 minutos"},"schema":{"@context":"https:\/\/schema.org","@graph":[{"@type":"Article","@id":"https:\/\/agrupacionespsoe.es\/melilla\/lenferding-exige-al-pp-de-melilla-que-se-posicione-tras-las-palabras-del-alcalde-de-alpedrete\/#article","isPartOf":{"@id":"https:\/\/agrupacionespsoe.es\/melilla\/lenferding-exige-al-pp-de-melilla-que-se-posicione-tras-las-palabras-del-alcalde-de-alpedrete\/"},"author":{"name":"melilla2","@id":"https:\/\/agrupacionespsoe.es\/melilla\/#\/schema\/person\/72bb3075a827d0ed0623682b96c92bd6"},"headline":"Lenferding exige al PP de Melilla que se posicione tras las palabras del alcalde de Alpedrete","datePublished":"2025-11-18T12:26:34+00:00","dateModified":"2025-11-18T12:26:35+00:00","mainEntityOfPage":{"@id":"https:\/\/agrupacionespsoe.es\/melilla\/lenferding-exige-al-pp-de-melilla-que-se-posicione-tras-las-palabras-del-alcalde-de-alpedrete\/"},"wordCount":441,"commentCount":0,"publisher":{"@id":"https:\/\/agrupacionespsoe.es\/melilla\/#organization"},"image":{"@id":"https:\/\/agrupacionespsoe.es\/melilla\/lenferding-exige-al-pp-de-melilla-que-se-posicione-tras-las-palabras-del-alcalde-de-alpedrete\/#primaryimage"},"thumbnailUrl":"https:\/\/agrupacionespsoe.es\/melilla\/wp-content\/uploads\/sites\/120\/2025\/11\/2025_01_10_MLenferding_MocionVivienda-scaled.jpg","inLanguage":"es","potentialAction":[{"@type":"CommentAction","name":"Comment","target":["https:\/\/agrupacionespsoe.es\/melilla\/lenferding-exige-al-pp-de-melilla-que-se-posicione-tras-las-palabras-del-alcalde-de-alpedrete\/#respond"]}]},{"@type":"WebPage","@id":"https:\/\/agrupacionespsoe.es\/melilla\/lenferding-exige-al-pp-de-melilla-que-se-posicione-tras-las-palabras-del-alcalde-de-alpedrete\/","url":"https:\/\/agrupacionespsoe.es\/melilla\/lenferding-exige-al-pp-de-melilla-que-se-posicione-tras-las-palabras-del-alcalde-de-alpedrete\/","name":"Lenferding exige al PP de Melilla que se posicione tras las palabras del alcalde de Alpedrete - Agrupaci\u00f3n Socialista de Melilla","isPartOf":{"@id":"https:\/\/agrupacionespsoe.es\/melilla\/#website"},"primaryImageOfPage":{"@id":"https:\/\/agrupacionespsoe.es\/melilla\/lenferding-exige-al-pp-de-melilla-que-se-posicione-tras-las-palabras-del-alcalde-de-alpedrete\/#primaryimage"},"image":{"@id":"https:\/\/agrupacionespsoe.es\/melilla\/lenferding-exige-al-pp-de-melilla-que-se-posicione-tras-las-palabras-del-alcalde-de-alpedrete\/#primaryimage"},"thumbnailUrl":"https:\/\/agrupacionespsoe.es\/melilla\/wp-content\/uploads\/sites\/120\/2025\/11\/2025_01_10_MLenferding_MocionVivienda-scaled.jpg","datePublished":"2025-11-18T12:26:34+00:00","dateModified":"2025-11-18T12:26:35+00:00","breadcrumb":{"@id":"https:\/\/agrupacionespsoe.es\/melilla\/lenferding-exige-al-pp-de-melilla-que-se-posicione-tras-las-palabras-del-alcalde-de-alpedrete\/#breadcrumb"},"inLanguage":"es","potentialAction":[{"@type":"ReadAction","target":["https:\/\/agrupacionespsoe.es\/melilla\/lenferding-exige-al-pp-de-melilla-que-se-posicione-tras-las-palabras-del-alcalde-de-alpedrete\/"]}]},{"@type":"ImageObject","inLanguage":"es","@id":"https:\/\/agrupacionespsoe.es\/melilla\/lenferding-exige-al-pp-de-melilla-que-se-posicione-tras-las-palabras-del-alcalde-de-alpedrete\/#primaryimage","url":"https:\/\/agrupacionespsoe.es\/melilla\/wp-content\/uploads\/sites\/120\/2025\/11\/2025_01_10_MLenferding_MocionVivienda-scaled.jpg","contentUrl":"https:\/\/agrupacionespsoe.es\/melilla\/wp-content\/uploads\/sites\/120\/2025\/11\/2025_01_10_MLenferding_MocionVivienda-scaled.jpg","width":2560,"height":1707},{"@type":"BreadcrumbList","@id":"https:\/\/agrupacionespsoe.es\/melilla\/lenferding-exige-al-pp-de-melilla-que-se-posicione-tras-las-palabras-del-alcalde-de-alpedrete\/#breadcrumb","itemListElement":[{"@type":"ListItem","position":1,"name":"Portada","item":"https:\/\/agrupacionespsoe.es\/melilla\/"},{"@type":"ListItem","position":2,"name":"Lenferding exige al PP de Melilla que se posicione tras las palabras del alcalde de Alpedrete"}]},{"@type":"WebSite","@id":"https:\/\/agrupacionespsoe.es\/melilla\/#website","url":"https:\/\/agrupacionespsoe.es\/melilla\/","name":"Agrupaci\u00f3n Socialista de Melilla","description":"Agrupaci\u00f3n Socialista de Melilla","publisher":{"@id":"https:\/\/agrupacionespsoe.es\/melilla\/#organization"},"potentialAction":[{"@type":"SearchAction","target":{"@type":"EntryPoint","urlTemplate":"https:\/\/agrupacionespsoe.es\/melilla\/?s={search_term_string}"},"query-input":{"@type":"PropertyValueSpecification","valueRequired":true,"valueName":"search_term_string"}}],"inLanguage":"es"},{"@type":"Organization","@id":"https:\/\/agrupacionespsoe.es\/melilla\/#organization","name":"Agrupaci\u00f3n Socialista de Melilla","url":"https:\/\/agrupacionespsoe.es\/melilla\/","logo":{"@type":"ImageObject","inLanguage":"es","@id":"https:\/\/agrupacionespsoe.es\/melilla\/#\/schema\/logo\/image\/","url":"https:\/\/agrupacionespsoe.es\/wp-content\/uploads\/2022\/07\/Logotipo_electoral_del_PSOE.png","contentUrl":"https:\/\/agrupacionespsoe.es\/wp-content\/uploads\/2022\/07\/Logotipo_electoral_del_PSOE.png","width":422,"height":422,"caption":"Agrupaci\u00f3n Socialista de Melilla"},"image":{"@id":"https:\/\/agrupacionespsoe.es\/melilla\/#\/schema\/logo\/image\/"}},{"@type":"Person","@id":"https:\/\/agrupacionespsoe.es\/melilla\/#\/schema\/person\/72bb3075a827d0ed0623682b96c92bd6","name":"melilla2","image":{"@type":"ImageObject","inLanguage":"es","@id":"https:\/\/agrupacionespsoe.es\/melilla\/#\/schema\/person\/image\/","url":"https:\/\/secure.gravatar.com\/avatar\/489a178e794e59f00db13a448aabca16?s=96&d=mm&r=g","contentUrl":"https:\/\/secure.gravatar.com\/avatar\/489a178e794e59f00db13a448aabca16?s=96&d=mm&r=g","caption":"melilla2"},"url":"https:\/\/agrupacionespsoe.es\/melilla\/author\/melilla2\/"}]}},"jetpack_featured_media_url":"https:\/\/agrupacionespsoe.es\/melilla\/wp-content\/uploads\/sites\/120\/2025\/11\/2025_01_10_MLenferding_MocionVivienda-scaled.jpg","jetpack_sharing_enabled":true,"_links":{"self":[{"href":"https:\/\/agrupacionespsoe.es\/melilla\/wp-json\/wp\/v2\/posts\/2376","targetHints":{"allow":["GET"]}}],"collection":[{"href":"https:\/\/agrupacionespsoe.es\/melilla\/wp-json\/wp\/v2\/posts"}],"about":[{"href":"https:\/\/agrupacionespsoe.es\/melilla\/wp-json\/wp\/v2\/types\/post"}],"author":[{"embeddable":true,"href":"https:\/\/agrupacionespsoe.es\/melilla\/wp-json\/wp\/v2\/users\/187"}],"replies":[{"embeddable":true,"href":"https:\/\/agrupacionespsoe.es\/melilla\/wp-json\/wp\/v2\/comments?post=2376"}],"version-history":[{"count":1,"href":"https:\/\/agrupacionespsoe.es\/melilla\/wp-json\/wp\/v2\/posts\/2376\/revisions"}],"predecessor-version":[{"id":2378,"href":"https:\/\/agrupacionespsoe.es\/melilla\/wp-json\/wp\/v2\/posts\/2376\/revisions\/2378"}],"wp:featuredmedia":[{"embeddable":true,"href":"https:\/\/agrupacionespsoe.es\/melilla\/wp-json\/wp\/v2\/media\/2377"}],"wp:attachment":[{"href":"https:\/\/agrupacionespsoe.es\/melilla\/wp-json\/wp\/v2\/media?parent=2376"}],"wp:term":[{"taxonomy":"category","embeddable":true,"href":"https:\/\/agrupacionespsoe.es\/melilla\/wp-json\/wp\/v2\/categories?post=2376"},{"taxonomy":"post_tag","embeddable":true,"href":"https:\/\/agrupacionespsoe.es\/melilla\/wp-json\/wp\/v2\/tags?post=2376"}],"curies":[{"name":"wp","href":"https:\/\/api.w.org\/{rel}","templated":true}]}}