{"id":2370,"date":"2025-11-16T13:20:49","date_gmt":"2025-11-16T13:20:49","guid":{"rendered":"https:\/\/agrupacionespsoe.es\/melilla\/?p=2370"},"modified":"2025-11-16T13:55:47","modified_gmt":"2025-11-16T13:55:47","slug":"el-gobierno-pone-en-marcha-el-plan-veo-para-garantizar-la-salud-visual-infantil-y-avanzar-en-igualdad-de-oportunidades","status":"publish","type":"post","link":"https:\/\/agrupacionespsoe.es\/melilla\/el-gobierno-pone-en-marcha-el-plan-veo-para-garantizar-la-salud-visual-infantil-y-avanzar-en-igualdad-de-oportunidades\/","title":{"rendered":"El Gobierno pone en marcha el Plan VEO para garantizar la salud visual infantil y avanzar en igualdad de oportunidades"},"content":{"rendered":"\n<p><strong>Una nueva prestaci\u00f3n que ofrece ayudas de hasta 100 euros para gafas o lentillas a menores de 16 a\u00f1os y refuerza la equidad en el acceso a la sanidad p\u00fablica<\/strong><\/p>\n\n\n\n<p>La Secretaria de Pol\u00edtica Estatal y Relaciones con la AGE del PSOE de Melilla, Maico Pagan, ha celebrado la aprobaci\u00f3n del Plan VEO, una iniciativa pionera del Gobierno de Espa\u00f1a que garantizar\u00e1 una ayuda de hasta 100 euros anuales para la compra de gafas o lentillas destinadas a menores de 16 a\u00f1os.<\/p>\n\n\n\n<p>Esta medida, impulsada por el Ministerio de Sanidad, supone un paso decisivo hacia la universalizaci\u00f3n de la salud visual como un derecho b\u00e1sico, y se enmarca en la apuesta del Ejecutivo por reforzar la sanidad p\u00fablica, reducir las desigualdades y avanzar en justicia social.<\/p>\n\n\n\n<p>\u201cEl Plan VEO demuestra que cuando un Gobierno pone a las personas en el centro, la pol\u00edtica se convierte en una herramienta de igualdad. Gracias a esta medida, ning\u00fan ni\u00f1o o ni\u00f1a en Espa\u00f1a dejar\u00e1 de ver bien la pizarra por motivos econ\u00f3micos\u201d, ha destacado Maico Pagan, quien ha valorado la iniciativa como \u201cuna pol\u00edtica \u00fatil, concreta y profundamente humana\u201d.<\/p>\n\n\n\n<p>El Plan VEO permitir\u00e1 que las familias puedan acceder, de manera directa y sin criterios de renta, a una ayuda econ\u00f3mica para sufragar el coste de gafas o lentillas prescritas por profesionales del sistema p\u00fablico de salud. La prestaci\u00f3n ser\u00e1 homog\u00e9nea en todo el territorio nacional, garantizando as\u00ed que la salud visual de los menores no dependa del lugar en el que vivan ni de su nivel de ingresos.<\/p>\n\n\n\n<p>\u201cCon el Plan VEO, el Gobierno rompe una barrera invisible que afectaba al aprendizaje y al bienestar de miles de menores. Estamos hablando de salud, pero tambi\u00e9n de educaci\u00f3n, de igualdad y de dignidad\u201d, ha subrayado Pagan.<\/p>\n\n\n\n<p><strong>Una medida de prevenci\u00f3n y equidad<\/strong><\/p>\n\n\n\n<p>La representante socialista ha recordado que los problemas de visi\u00f3n no corregidos son una de las causas m\u00e1s frecuentes de dificultades escolares y desigualdad educativa, especialmente en familias con menos recursos. Con este plan, el Ejecutivo aborda la cuesti\u00f3n desde la prevenci\u00f3n y la equidad, reforzando la idea de que la salud p\u00fablica no es un privilegio, sino un derecho universal.<\/p>\n\n\n\n<p>Adem\u00e1s, el programa contar\u00e1 con la colaboraci\u00f3n del Consejo General de Colegios de \u00d3pticos-Optometristas (CGCOO), que canalizar\u00e1 las ayudas a trav\u00e9s de las \u00f3pticas adheridas. De esta forma, el proceso ser\u00e1 sencillo y accesible para las familias, que solo tendr\u00e1n que presentar la prescripci\u00f3n m\u00e9dica y adquirir el producto en un establecimiento participante.<\/p>\n\n\n\n<p>\u201cDesde Melilla apoyamos plenamente el Plan VEO, y pedimos que su implementaci\u00f3n llegue tambi\u00e9n con agilidad y eficacia a nuestra ciudad. Es fundamental que todas las \u00f3pticas que deseen adherirse puedan hacerlo, y que las familias reciban informaci\u00f3n clara sobre c\u00f3mo beneficiarse de la ayuda\u201d, ha a\u00f1adido Pagan.<\/p>\n\n\n\n<p><strong>Una apuesta por el bienestar y la justicia social<\/strong><\/p>\n\n\n\n<p>Con el Plan VEO, el Gobierno vuelve a situar a Espa\u00f1a a la vanguardia de las pol\u00edticas p\u00fablicas orientadas al bienestar, sumando esta medida a otras recientes como el aumento de la financiaci\u00f3n del sistema de dependencia o el impulso a la Ley ELA.<\/p>\n\n\n\n<p>\u201cFrente a quienes recortaron derechos y debilitaron los servicios p\u00fablicos, este Gobierno avanza con hechos, ampliando el alcance de nuestro Estado del Bienestar. El Plan VEO es una muestra m\u00e1s de que gobernar con empat\u00eda y compromiso transforma la vida de las personas\u201d, ha se\u00f1alado Maico Pagan.<\/p>\n\n\n\n<p>La dirigente socialista ha insistido en que esta iniciativa refuerza la idea de un pa\u00eds que cuida, protege y garantiza oportunidades reales para todos los ni\u00f1os y ni\u00f1as, sin importar su origen o su nivel de renta.<\/p>\n\n\n\n<p>\u201cEl derecho a ver bien, a aprender en igualdad y a vivir con salud no puede depender del bolsillo de una familia. Con el Plan VEO, el Gobierno de Espa\u00f1a vuelve a demostrar que la justicia social se construye con decisiones concretas y valientes\u201d, ha concluido Pagan.<\/p>\n","protected":false},"excerpt":{"rendered":"<p>Una nueva prestaci\u00f3n que ofrece ayudas de hasta 100 euros para gafas o lentillas a menores de 16 a\u00f1os y refuerza la equidad en el acceso a la sanidad p\u00fablica La Secretaria de Pol\u00edtica Estatal y Relaciones con la AGE del PSOE de Melilla, Maico Pagan, ha celebrado la aprobaci\u00f3n del Plan VEO, una iniciativa &#8230;<\/p>\n","protected":false},"author":187,"featured_media":2371,"comment_status":"open","ping_status":"open","sticky":false,"template":"","format":"standard","meta":{"_jetpack_memberships_contains_paid_content":false,"footnotes":""},"categories":[7,56,1],"tags":[],"class_list":["post-2370","post","type-post","status-publish","format-standard","has-post-thumbnail","hentry","category-actualidad","category-sanidad","category-sin-categoria"],"yoast_head":"<!-- This site is optimized with the Yoast SEO plugin v24.0 - https:\/\/yoast.com\/wordpress\/plugins\/seo\/ -->\n<title>El Gobierno pone en marcha el Plan VEO para garantizar la salud visual infantil y avanzar en igualdad de oportunidades - Agrupaci\u00f3n Socialista de Melilla<\/title>\n<meta name=\"robots\" content=\"index, follow, max-snippet:-1, max-image-preview:large, max-video-preview:-1\" \/>\n<link rel=\"canonical\" href=\"https:\/\/agrupacionespsoe.es\/melilla\/el-gobierno-pone-en-marcha-el-plan-veo-para-garantizar-la-salud-visual-infantil-y-avanzar-en-igualdad-de-oportunidades\/\" \/>\n<meta property=\"og:locale\" content=\"es_ES\" \/>\n<meta property=\"og:type\" content=\"article\" \/>\n<meta property=\"og:title\" content=\"El Gobierno pone en marcha el Plan VEO para garantizar la salud visual infantil y avanzar en igualdad de oportunidades - Agrupaci\u00f3n Socialista de Melilla\" \/>\n<meta property=\"og:description\" content=\"Una nueva prestaci\u00f3n que ofrece ayudas de hasta 100 euros para gafas o lentillas a menores de 16 a\u00f1os y refuerza la equidad en el acceso a la sanidad p\u00fablica La Secretaria de Pol\u00edtica Estatal y Relaciones con la AGE del PSOE de Melilla, Maico Pagan, ha celebrado la aprobaci\u00f3n del Plan VEO, una iniciativa ...\" \/>\n<meta property=\"og:url\" content=\"https:\/\/agrupacionespsoe.es\/melilla\/el-gobierno-pone-en-marcha-el-plan-veo-para-garantizar-la-salud-visual-infantil-y-avanzar-en-igualdad-de-oportunidades\/\" \/>\n<meta property=\"og:site_name\" content=\"Agrupaci\u00f3n Socialista de Melilla\" \/>\n<meta property=\"article:published_time\" content=\"2025-11-16T13:20:49+00:00\" \/>\n<meta property=\"article:modified_time\" content=\"2025-11-16T13:55:47+00:00\" \/>\n<meta property=\"og:image\" content=\"https:\/\/agrupacionespsoe.es\/melilla\/wp-content\/uploads\/sites\/120\/2025\/11\/2025-11-16-MPagan-PlanVEO-scaled.jpg\" \/>\n\t<meta property=\"og:image:width\" content=\"2560\" \/>\n\t<meta property=\"og:image:height\" content=\"1707\" \/>\n\t<meta property=\"og:image:type\" content=\"image\/jpeg\" \/>\n<meta name=\"author\" content=\"melilla2\" \/>\n<meta name=\"twitter:card\" content=\"summary_large_image\" \/>\n<meta name=\"twitter:label1\" content=\"Escrito por\" \/>\n\t<meta name=\"twitter:data1\" content=\"melilla2\" \/>\n\t<meta name=\"twitter:label2\" content=\"Tiempo de lectura\" \/>\n\t<meta name=\"twitter:data2\" content=\"4 minutos\" \/>\n<script type=\"application\/ld+json\" class=\"yoast-schema-graph\">{\"@context\":\"https:\/\/schema.org\",\"@graph\":[{\"@type\":\"Article\",\"@id\":\"https:\/\/agrupacionespsoe.es\/melilla\/el-gobierno-pone-en-marcha-el-plan-veo-para-garantizar-la-salud-visual-infantil-y-avanzar-en-igualdad-de-oportunidades\/#article\",\"isPartOf\":{\"@id\":\"https:\/\/agrupacionespsoe.es\/melilla\/el-gobierno-pone-en-marcha-el-plan-veo-para-garantizar-la-salud-visual-infantil-y-avanzar-en-igualdad-de-oportunidades\/\"},\"author\":{\"name\":\"melilla2\",\"@id\":\"https:\/\/agrupacionespsoe.es\/melilla\/#\/schema\/person\/72bb3075a827d0ed0623682b96c92bd6\"},\"headline\":\"El Gobierno pone en marcha el Plan VEO para garantizar la salud visual infantil y avanzar en igualdad de oportunidades\",\"datePublished\":\"2025-11-16T13:20:49+00:00\",\"dateModified\":\"2025-11-16T13:55:47+00:00\",\"mainEntityOfPage\":{\"@id\":\"https:\/\/agrupacionespsoe.es\/melilla\/el-gobierno-pone-en-marcha-el-plan-veo-para-garantizar-la-salud-visual-infantil-y-avanzar-en-igualdad-de-oportunidades\/\"},\"wordCount\":712,\"commentCount\":0,\"publisher\":{\"@id\":\"https:\/\/agrupacionespsoe.es\/melilla\/#organization\"},\"image\":{\"@id\":\"https:\/\/agrupacionespsoe.es\/melilla\/el-gobierno-pone-en-marcha-el-plan-veo-para-garantizar-la-salud-visual-infantil-y-avanzar-en-igualdad-de-oportunidades\/#primaryimage\"},\"thumbnailUrl\":\"https:\/\/agrupacionespsoe.es\/melilla\/wp-content\/uploads\/sites\/120\/2025\/11\/2025-11-16-MPagan-PlanVEO-scaled.jpg\",\"articleSection\":[\"Actualidad\",\"Sanidad\"],\"inLanguage\":\"es\",\"potentialAction\":[{\"@type\":\"CommentAction\",\"name\":\"Comment\",\"target\":[\"https:\/\/agrupacionespsoe.es\/melilla\/el-gobierno-pone-en-marcha-el-plan-veo-para-garantizar-la-salud-visual-infantil-y-avanzar-en-igualdad-de-oportunidades\/#respond\"]}]},{\"@type\":\"WebPage\",\"@id\":\"https:\/\/agrupacionespsoe.es\/melilla\/el-gobierno-pone-en-marcha-el-plan-veo-para-garantizar-la-salud-visual-infantil-y-avanzar-en-igualdad-de-oportunidades\/\",\"url\":\"https:\/\/agrupacionespsoe.es\/melilla\/el-gobierno-pone-en-marcha-el-plan-veo-para-garantizar-la-salud-visual-infantil-y-avanzar-en-igualdad-de-oportunidades\/\",\"name\":\"El Gobierno pone en marcha el Plan VEO para garantizar la salud visual infantil y avanzar en igualdad de oportunidades - Agrupaci\u00f3n Socialista de Melilla\",\"isPartOf\":{\"@id\":\"https:\/\/agrupacionespsoe.es\/melilla\/#website\"},\"primaryImageOfPage\":{\"@id\":\"https:\/\/agrupacionespsoe.es\/melilla\/el-gobierno-pone-en-marcha-el-plan-veo-para-garantizar-la-salud-visual-infantil-y-avanzar-en-igualdad-de-oportunidades\/#primaryimage\"},\"image\":{\"@id\":\"https:\/\/agrupacionespsoe.es\/melilla\/el-gobierno-pone-en-marcha-el-plan-veo-para-garantizar-la-salud-visual-infantil-y-avanzar-en-igualdad-de-oportunidades\/#primaryimage\"},\"thumbnailUrl\":\"https:\/\/agrupacionespsoe.es\/melilla\/wp-content\/uploads\/sites\/120\/2025\/11\/2025-11-16-MPagan-PlanVEO-scaled.jpg\",\"datePublished\":\"2025-11-16T13:20:49+00:00\",\"dateModified\":\"2025-11-16T13:55:47+00:00\",\"breadcrumb\":{\"@id\":\"https:\/\/agrupacionespsoe.es\/melilla\/el-gobierno-pone-en-marcha-el-plan-veo-para-garantizar-la-salud-visual-infantil-y-avanzar-en-igualdad-de-oportunidades\/#breadcrumb\"},\"inLanguage\":\"es\",\"potentialAction\":[{\"@type\":\"ReadAction\",\"target\":[\"https:\/\/agrupacionespsoe.es\/melilla\/el-gobierno-pone-en-marcha-el-plan-veo-para-garantizar-la-salud-visual-infantil-y-avanzar-en-igualdad-de-oportunidades\/\"]}]},{\"@type\":\"ImageObject\",\"inLanguage\":\"es\",\"@id\":\"https:\/\/agrupacionespsoe.es\/melilla\/el-gobierno-pone-en-marcha-el-plan-veo-para-garantizar-la-salud-visual-infantil-y-avanzar-en-igualdad-de-oportunidades\/#primaryimage\",\"url\":\"https:\/\/agrupacionespsoe.es\/melilla\/wp-content\/uploads\/sites\/120\/2025\/11\/2025-11-16-MPagan-PlanVEO-scaled.jpg\",\"contentUrl\":\"https:\/\/agrupacionespsoe.es\/melilla\/wp-content\/uploads\/sites\/120\/2025\/11\/2025-11-16-MPagan-PlanVEO-scaled.jpg\",\"width\":2560,\"height\":1707},{\"@type\":\"BreadcrumbList\",\"@id\":\"https:\/\/agrupacionespsoe.es\/melilla\/el-gobierno-pone-en-marcha-el-plan-veo-para-garantizar-la-salud-visual-infantil-y-avanzar-en-igualdad-de-oportunidades\/#breadcrumb\",\"itemListElement\":[{\"@type\":\"ListItem\",\"position\":1,\"name\":\"Portada\",\"item\":\"https:\/\/agrupacionespsoe.es\/melilla\/\"},{\"@type\":\"ListItem\",\"position\":2,\"name\":\"El Gobierno pone en marcha el Plan VEO para garantizar la salud visual infantil y avanzar en igualdad de oportunidades\"}]},{\"@type\":\"WebSite\",\"@id\":\"https:\/\/agrupacionespsoe.es\/melilla\/#website\",\"url\":\"https:\/\/agrupacionespsoe.es\/melilla\/\",\"name\":\"Agrupaci\u00f3n Socialista de Melilla\",\"description\":\"Agrupaci\u00f3n Socialista de Melilla\",\"publisher\":{\"@id\":\"https:\/\/agrupacionespsoe.es\/melilla\/#organization\"},\"potentialAction\":[{\"@type\":\"SearchAction\",\"target\":{\"@type\":\"EntryPoint\",\"urlTemplate\":\"https:\/\/agrupacionespsoe.es\/melilla\/?s={search_term_string}\"},\"query-input\":{\"@type\":\"PropertyValueSpecification\",\"valueRequired\":true,\"valueName\":\"search_term_string\"}}],\"inLanguage\":\"es\"},{\"@type\":\"Organization\",\"@id\":\"https:\/\/agrupacionespsoe.es\/melilla\/#organization\",\"name\":\"Agrupaci\u00f3n Socialista de Melilla\",\"url\":\"https:\/\/agrupacionespsoe.es\/melilla\/\",\"logo\":{\"@type\":\"ImageObject\",\"inLanguage\":\"es\",\"@id\":\"https:\/\/agrupacionespsoe.es\/melilla\/#\/schema\/logo\/image\/\",\"url\":\"https:\/\/agrupacionespsoe.es\/wp-content\/uploads\/2022\/07\/Logotipo_electoral_del_PSOE.png\",\"contentUrl\":\"https:\/\/agrupacionespsoe.es\/wp-content\/uploads\/2022\/07\/Logotipo_electoral_del_PSOE.png\",\"width\":422,\"height\":422,\"caption\":\"Agrupaci\u00f3n Socialista de Melilla\"},\"image\":{\"@id\":\"https:\/\/agrupacionespsoe.es\/melilla\/#\/schema\/logo\/image\/\"}},{\"@type\":\"Person\",\"@id\":\"https:\/\/agrupacionespsoe.es\/melilla\/#\/schema\/person\/72bb3075a827d0ed0623682b96c92bd6\",\"name\":\"melilla2\",\"image\":{\"@type\":\"ImageObject\",\"inLanguage\":\"es\",\"@id\":\"https:\/\/agrupacionespsoe.es\/melilla\/#\/schema\/person\/image\/\",\"url\":\"https:\/\/secure.gravatar.com\/avatar\/489a178e794e59f00db13a448aabca16?s=96&d=mm&r=g\",\"contentUrl\":\"https:\/\/secure.gravatar.com\/avatar\/489a178e794e59f00db13a448aabca16?s=96&d=mm&r=g\",\"caption\":\"melilla2\"},\"url\":\"https:\/\/agrupacionespsoe.es\/melilla\/author\/melilla2\/\"}]}<\/script>\n<!-- \/ Yoast SEO plugin. -->","yoast_head_json":{"title":"El Gobierno pone en marcha el Plan VEO para garantizar la salud visual infantil y avanzar en igualdad de oportunidades - Agrupaci\u00f3n Socialista de Melilla","robots":{"index":"index","follow":"follow","max-snippet":"max-snippet:-1","max-image-preview":"max-image-preview:large","max-video-preview":"max-video-preview:-1"},"canonical":"https:\/\/agrupacionespsoe.es\/melilla\/el-gobierno-pone-en-marcha-el-plan-veo-para-garantizar-la-salud-visual-infantil-y-avanzar-en-igualdad-de-oportunidades\/","og_locale":"es_ES","og_type":"article","og_title":"El Gobierno pone en marcha el Plan VEO para garantizar la salud visual infantil y avanzar en igualdad de oportunidades - Agrupaci\u00f3n Socialista de Melilla","og_description":"Una nueva prestaci\u00f3n que ofrece ayudas de hasta 100 euros para gafas o lentillas a menores de 16 a\u00f1os y refuerza la equidad en el acceso a la sanidad p\u00fablica La Secretaria de Pol\u00edtica Estatal y Relaciones con la AGE del PSOE de Melilla, Maico Pagan, ha celebrado la aprobaci\u00f3n del Plan VEO, una iniciativa ...","og_url":"https:\/\/agrupacionespsoe.es\/melilla\/el-gobierno-pone-en-marcha-el-plan-veo-para-garantizar-la-salud-visual-infantil-y-avanzar-en-igualdad-de-oportunidades\/","og_site_name":"Agrupaci\u00f3n Socialista de Melilla","article_published_time":"2025-11-16T13:20:49+00:00","article_modified_time":"2025-11-16T13:55:47+00:00","og_image":[{"width":2560,"height":1707,"url":"https:\/\/agrupacionespsoe.es\/melilla\/wp-content\/uploads\/sites\/120\/2025\/11\/2025-11-16-MPagan-PlanVEO-scaled.jpg","type":"image\/jpeg"}],"author":"melilla2","twitter_card":"summary_large_image","twitter_misc":{"Escrito por":"melilla2","Tiempo de lectura":"4 minutos"},"schema":{"@context":"https:\/\/schema.org","@graph":[{"@type":"Article","@id":"https:\/\/agrupacionespsoe.es\/melilla\/el-gobierno-pone-en-marcha-el-plan-veo-para-garantizar-la-salud-visual-infantil-y-avanzar-en-igualdad-de-oportunidades\/#article","isPartOf":{"@id":"https:\/\/agrupacionespsoe.es\/melilla\/el-gobierno-pone-en-marcha-el-plan-veo-para-garantizar-la-salud-visual-infantil-y-avanzar-en-igualdad-de-oportunidades\/"},"author":{"name":"melilla2","@id":"https:\/\/agrupacionespsoe.es\/melilla\/#\/schema\/person\/72bb3075a827d0ed0623682b96c92bd6"},"headline":"El Gobierno pone en marcha el Plan VEO para garantizar la salud visual infantil y avanzar en igualdad de oportunidades","datePublished":"2025-11-16T13:20:49+00:00","dateModified":"2025-11-16T13:55:47+00:00","mainEntityOfPage":{"@id":"https:\/\/agrupacionespsoe.es\/melilla\/el-gobierno-pone-en-marcha-el-plan-veo-para-garantizar-la-salud-visual-infantil-y-avanzar-en-igualdad-de-oportunidades\/"},"wordCount":712,"commentCount":0,"publisher":{"@id":"https:\/\/agrupacionespsoe.es\/melilla\/#organization"},"image":{"@id":"https:\/\/agrupacionespsoe.es\/melilla\/el-gobierno-pone-en-marcha-el-plan-veo-para-garantizar-la-salud-visual-infantil-y-avanzar-en-igualdad-de-oportunidades\/#primaryimage"},"thumbnailUrl":"https:\/\/agrupacionespsoe.es\/melilla\/wp-content\/uploads\/sites\/120\/2025\/11\/2025-11-16-MPagan-PlanVEO-scaled.jpg","articleSection":["Actualidad","Sanidad"],"inLanguage":"es","potentialAction":[{"@type":"CommentAction","name":"Comment","target":["https:\/\/agrupacionespsoe.es\/melilla\/el-gobierno-pone-en-marcha-el-plan-veo-para-garantizar-la-salud-visual-infantil-y-avanzar-en-igualdad-de-oportunidades\/#respond"]}]},{"@type":"WebPage","@id":"https:\/\/agrupacionespsoe.es\/melilla\/el-gobierno-pone-en-marcha-el-plan-veo-para-garantizar-la-salud-visual-infantil-y-avanzar-en-igualdad-de-oportunidades\/","url":"https:\/\/agrupacionespsoe.es\/melilla\/el-gobierno-pone-en-marcha-el-plan-veo-para-garantizar-la-salud-visual-infantil-y-avanzar-en-igualdad-de-oportunidades\/","name":"El Gobierno pone en marcha el Plan VEO para garantizar la salud visual infantil y avanzar en igualdad de oportunidades - Agrupaci\u00f3n Socialista de Melilla","isPartOf":{"@id":"https:\/\/agrupacionespsoe.es\/melilla\/#website"},"primaryImageOfPage":{"@id":"https:\/\/agrupacionespsoe.es\/melilla\/el-gobierno-pone-en-marcha-el-plan-veo-para-garantizar-la-salud-visual-infantil-y-avanzar-en-igualdad-de-oportunidades\/#primaryimage"},"image":{"@id":"https:\/\/agrupacionespsoe.es\/melilla\/el-gobierno-pone-en-marcha-el-plan-veo-para-garantizar-la-salud-visual-infantil-y-avanzar-en-igualdad-de-oportunidades\/#primaryimage"},"thumbnailUrl":"https:\/\/agrupacionespsoe.es\/melilla\/wp-content\/uploads\/sites\/120\/2025\/11\/2025-11-16-MPagan-PlanVEO-scaled.jpg","datePublished":"2025-11-16T13:20:49+00:00","dateModified":"2025-11-16T13:55:47+00:00","breadcrumb":{"@id":"https:\/\/agrupacionespsoe.es\/melilla\/el-gobierno-pone-en-marcha-el-plan-veo-para-garantizar-la-salud-visual-infantil-y-avanzar-en-igualdad-de-oportunidades\/#breadcrumb"},"inLanguage":"es","potentialAction":[{"@type":"ReadAction","target":["https:\/\/agrupacionespsoe.es\/melilla\/el-gobierno-pone-en-marcha-el-plan-veo-para-garantizar-la-salud-visual-infantil-y-avanzar-en-igualdad-de-oportunidades\/"]}]},{"@type":"ImageObject","inLanguage":"es","@id":"https:\/\/agrupacionespsoe.es\/melilla\/el-gobierno-pone-en-marcha-el-plan-veo-para-garantizar-la-salud-visual-infantil-y-avanzar-en-igualdad-de-oportunidades\/#primaryimage","url":"https:\/\/agrupacionespsoe.es\/melilla\/wp-content\/uploads\/sites\/120\/2025\/11\/2025-11-16-MPagan-PlanVEO-scaled.jpg","contentUrl":"https:\/\/agrupacionespsoe.es\/melilla\/wp-content\/uploads\/sites\/120\/2025\/11\/2025-11-16-MPagan-PlanVEO-scaled.jpg","width":2560,"height":1707},{"@type":"BreadcrumbList","@id":"https:\/\/agrupacionespsoe.es\/melilla\/el-gobierno-pone-en-marcha-el-plan-veo-para-garantizar-la-salud-visual-infantil-y-avanzar-en-igualdad-de-oportunidades\/#breadcrumb","itemListElement":[{"@type":"ListItem","position":1,"name":"Portada","item":"https:\/\/agrupacionespsoe.es\/melilla\/"},{"@type":"ListItem","position":2,"name":"El Gobierno pone en marcha el Plan VEO para garantizar la salud visual infantil y avanzar en igualdad de oportunidades"}]},{"@type":"WebSite","@id":"https:\/\/agrupacionespsoe.es\/melilla\/#website","url":"https:\/\/agrupacionespsoe.es\/melilla\/","name":"Agrupaci\u00f3n Socialista de Melilla","description":"Agrupaci\u00f3n Socialista de Melilla","publisher":{"@id":"https:\/\/agrupacionespsoe.es\/melilla\/#organization"},"potentialAction":[{"@type":"SearchAction","target":{"@type":"EntryPoint","urlTemplate":"https:\/\/agrupacionespsoe.es\/melilla\/?s={search_term_string}"},"query-input":{"@type":"PropertyValueSpecification","valueRequired":true,"valueName":"search_term_string"}}],"inLanguage":"es"},{"@type":"Organization","@id":"https:\/\/agrupacionespsoe.es\/melilla\/#organization","name":"Agrupaci\u00f3n Socialista de Melilla","url":"https:\/\/agrupacionespsoe.es\/melilla\/","logo":{"@type":"ImageObject","inLanguage":"es","@id":"https:\/\/agrupacionespsoe.es\/melilla\/#\/schema\/logo\/image\/","url":"https:\/\/agrupacionespsoe.es\/wp-content\/uploads\/2022\/07\/Logotipo_electoral_del_PSOE.png","contentUrl":"https:\/\/agrupacionespsoe.es\/wp-content\/uploads\/2022\/07\/Logotipo_electoral_del_PSOE.png","width":422,"height":422,"caption":"Agrupaci\u00f3n Socialista de Melilla"},"image":{"@id":"https:\/\/agrupacionespsoe.es\/melilla\/#\/schema\/logo\/image\/"}},{"@type":"Person","@id":"https:\/\/agrupacionespsoe.es\/melilla\/#\/schema\/person\/72bb3075a827d0ed0623682b96c92bd6","name":"melilla2","image":{"@type":"ImageObject","inLanguage":"es","@id":"https:\/\/agrupacionespsoe.es\/melilla\/#\/schema\/person\/image\/","url":"https:\/\/secure.gravatar.com\/avatar\/489a178e794e59f00db13a448aabca16?s=96&d=mm&r=g","contentUrl":"https:\/\/secure.gravatar.com\/avatar\/489a178e794e59f00db13a448aabca16?s=96&d=mm&r=g","caption":"melilla2"},"url":"https:\/\/agrupacionespsoe.es\/melilla\/author\/melilla2\/"}]}},"jetpack_featured_media_url":"https:\/\/agrupacionespsoe.es\/melilla\/wp-content\/uploads\/sites\/120\/2025\/11\/2025-11-16-MPagan-PlanVEO-scaled.jpg","jetpack_sharing_enabled":true,"_links":{"self":[{"href":"https:\/\/agrupacionespsoe.es\/melilla\/wp-json\/wp\/v2\/posts\/2370","targetHints":{"allow":["GET"]}}],"collection":[{"href":"https:\/\/agrupacionespsoe.es\/melilla\/wp-json\/wp\/v2\/posts"}],"about":[{"href":"https:\/\/agrupacionespsoe.es\/melilla\/wp-json\/wp\/v2\/types\/post"}],"author":[{"embeddable":true,"href":"https:\/\/agrupacionespsoe.es\/melilla\/wp-json\/wp\/v2\/users\/187"}],"replies":[{"embeddable":true,"href":"https:\/\/agrupacionespsoe.es\/melilla\/wp-json\/wp\/v2\/comments?post=2370"}],"version-history":[{"count":1,"href":"https:\/\/agrupacionespsoe.es\/melilla\/wp-json\/wp\/v2\/posts\/2370\/revisions"}],"predecessor-version":[{"id":2372,"href":"https:\/\/agrupacionespsoe.es\/melilla\/wp-json\/wp\/v2\/posts\/2370\/revisions\/2372"}],"wp:featuredmedia":[{"embeddable":true,"href":"https:\/\/agrupacionespsoe.es\/melilla\/wp-json\/wp\/v2\/media\/2371"}],"wp:attachment":[{"href":"https:\/\/agrupacionespsoe.es\/melilla\/wp-json\/wp\/v2\/media?parent=2370"}],"wp:term":[{"taxonomy":"category","embeddable":true,"href":"https:\/\/agrupacionespsoe.es\/melilla\/wp-json\/wp\/v2\/categories?post=2370"},{"taxonomy":"post_tag","embeddable":true,"href":"https:\/\/agrupacionespsoe.es\/melilla\/wp-json\/wp\/v2\/tags?post=2370"}],"curies":[{"name":"wp","href":"https:\/\/api.w.org\/{rel}","templated":true}]}}