{"id":2367,"date":"2025-11-16T12:34:23","date_gmt":"2025-11-16T12:34:23","guid":{"rendered":"https:\/\/agrupacionespsoe.es\/melilla\/?p=2367"},"modified":"2025-11-16T13:56:14","modified_gmt":"2025-11-16T13:56:14","slug":"el-psoe-de-melilla-exige-al-gobierno-local-una-solucion-inmediata-ante-los-malos-olores-generados-por-el-transporte-de-lodos-por-la-ciudad","status":"publish","type":"post","link":"https:\/\/agrupacionespsoe.es\/melilla\/el-psoe-de-melilla-exige-al-gobierno-local-una-solucion-inmediata-ante-los-malos-olores-generados-por-el-transporte-de-lodos-por-la-ciudad\/","title":{"rendered":"El PSOE de Melilla exige al Gobierno local una soluci\u00f3n inmediata ante los malos olores generados por el transporte de lodos por la ciudad"},"content":{"rendered":"\n<p><strong>Luc\u00eda Rubio denuncia la pasividad del Consejero de Medio Ambiente y reclama un transporte estanco y seguro que evite molestias a la ciudadan\u00eda<\/strong><\/p>\n\n\n\n<p>La Secretar\u00eda de Transici\u00f3n Ecol\u00f3gica, Sostenibilidad y Agenda 2030 del PSOE de Melilla ha denunciado la persistencia de los fuertes y desagradables olores que se vienen padeciendo en distintas zonas de la ciudad debido al transporte de lodos desde la Planta Depuradora de Aguas, situada en las Naves del Dique Sur, hasta la Incineradora del Monte Mar\u00eda Cristina.<\/p>\n\n\n\n<p>Seg\u00fan ha explicado Luc\u00eda Rubio, secretaria del \u00e1rea, \u201cesta situaci\u00f3n se repite casi a diario, afectando gravemente tanto a vecinos y vecinas que transitan por las v\u00edas p\u00fablicas como a los establecimientos de hosteler\u00eda que ven perjudicada su actividad por la presencia constante de estos olores nauseabundos\u201d.<\/p>\n\n\n\n<p>El traslado de los lodos se realiza actualmente en un cami\u00f3n con contenedor abierto de gran tama\u00f1o, lo que provoca la dispersi\u00f3n de los malos olores a lo largo del recorrido urbano. A pesar de que el PSOE ha trasladado esta problem\u00e1tica a la Comisi\u00f3n de Medio Ambiente hace ya varios meses, el Consejero de Medio Ambiente sigue sin ofrecer una soluci\u00f3n eficaz, manteni\u00e9ndose una situaci\u00f3n que se agrava especialmente durante los fines de semana y en horas de gran afluencia en el centro de la ciudad.<\/p>\n\n\n\n<p>Rubio ha se\u00f1alado adem\u00e1s que, en determinadas ocasiones, el cami\u00f3n que transporta los lodos atraviesa el barrio del Tesorillo, pasando junto a instalaciones deportivas frecuentadas por menores, lo que incrementa las molestias y el riesgo ambiental.<\/p>\n\n\n\n<p>Desde el PSOE de Melilla se insiste en que la soluci\u00f3n es t\u00e9cnica y log\u00edsticamente sencilla: sustituir el actual sistema de transporte por veh\u00edculos cisterna estancos, que garanticen un traslado seguro y libre de emisiones odor\u00edferas. \u201cNo se trata de una cuesti\u00f3n compleja, sino de voluntad pol\u00edtica y de respeto hacia la ciudadan\u00eda\u201d, ha subrayado Rubio.<\/p>\n\n\n\n<p>La socialista ha recordado que la exposici\u00f3n continuada a este tipo de olores puede provocar malestar f\u00edsico, molestias respiratorias y una evidente sensaci\u00f3n de abandono institucional, lo que hace a\u00fan m\u00e1s urgente la adopci\u00f3n de medidas.<\/p>\n\n\n\n<p>\u201cLa ciudadan\u00eda tiene derecho a vivir en una ciudad limpia, saludable y gestionada con responsabilidad. Resulta incomprensible que, a estas alturas, no se haya aplicado una medida tan simple y eficaz como el uso de cisternas estancas. Melilla merece una gesti\u00f3n ambiental seria, comprometida y orientada al bienestar com\u00fan\u201d, ha afirmado la dirigente socialista.<\/p>\n\n\n\n<p>Por todo ello, el PSOE de Melilla exige al Consejero de Medio Ambiente que act\u00fae con diligencia y adopte de forma inmediata las medidas necesarias para garantizar que el transporte de lodos se realice de manera adecuada, segura y respetuosa con la salud p\u00fablica y la convivencia vecinal.<\/p>\n","protected":false},"excerpt":{"rendered":"<p>Luc\u00eda Rubio denuncia la pasividad del Consejero de Medio Ambiente y reclama un transporte estanco y seguro que evite molestias a la ciudadan\u00eda La Secretar\u00eda de Transici\u00f3n Ecol\u00f3gica, Sostenibilidad y Agenda 2030 del PSOE de Melilla ha denunciado la persistencia de los fuertes y desagradables olores que se vienen padeciendo en distintas zonas de la &#8230;<\/p>\n","protected":false},"author":187,"featured_media":2368,"comment_status":"open","ping_status":"open","sticky":false,"template":"","format":"standard","meta":{"_jetpack_memberships_contains_paid_content":false,"footnotes":""},"categories":[7,11,1],"tags":[],"class_list":["post-2367","post","type-post","status-publish","format-standard","has-post-thumbnail","hentry","category-actualidad","category-medio-ambiente","category-sin-categoria"],"yoast_head":"<!-- This site is optimized with the Yoast SEO plugin v24.0 - https:\/\/yoast.com\/wordpress\/plugins\/seo\/ -->\n<title>El PSOE de Melilla exige al Gobierno local una soluci\u00f3n inmediata ante los malos olores generados por el transporte de lodos por la ciudad - Agrupaci\u00f3n Socialista de Melilla<\/title>\n<meta name=\"robots\" content=\"index, follow, max-snippet:-1, max-image-preview:large, max-video-preview:-1\" \/>\n<link rel=\"canonical\" href=\"https:\/\/agrupacionespsoe.es\/melilla\/el-psoe-de-melilla-exige-al-gobierno-local-una-solucion-inmediata-ante-los-malos-olores-generados-por-el-transporte-de-lodos-por-la-ciudad\/\" \/>\n<meta property=\"og:locale\" content=\"es_ES\" \/>\n<meta property=\"og:type\" content=\"article\" \/>\n<meta property=\"og:title\" content=\"El PSOE de Melilla exige al Gobierno local una soluci\u00f3n inmediata ante los malos olores generados por el transporte de lodos por la ciudad - Agrupaci\u00f3n Socialista de Melilla\" \/>\n<meta property=\"og:description\" content=\"Luc\u00eda Rubio denuncia la pasividad del Consejero de Medio Ambiente y reclama un transporte estanco y seguro que evite molestias a la ciudadan\u00eda La Secretar\u00eda de Transici\u00f3n Ecol\u00f3gica, Sostenibilidad y Agenda 2030 del PSOE de Melilla ha denunciado la persistencia de los fuertes y desagradables olores que se vienen padeciendo en distintas zonas de la ...\" \/>\n<meta property=\"og:url\" content=\"https:\/\/agrupacionespsoe.es\/melilla\/el-psoe-de-melilla-exige-al-gobierno-local-una-solucion-inmediata-ante-los-malos-olores-generados-por-el-transporte-de-lodos-por-la-ciudad\/\" \/>\n<meta property=\"og:site_name\" content=\"Agrupaci\u00f3n Socialista de Melilla\" \/>\n<meta property=\"article:published_time\" content=\"2025-11-16T12:34:23+00:00\" \/>\n<meta property=\"article:modified_time\" content=\"2025-11-16T13:56:14+00:00\" \/>\n<meta property=\"og:image\" content=\"https:\/\/agrupacionespsoe.es\/melilla\/wp-content\/uploads\/sites\/120\/2025\/11\/LRubioLodosRRSS_portada.jpeg\" \/>\n\t<meta property=\"og:image:width\" content=\"1280\" \/>\n\t<meta property=\"og:image:height\" content=\"720\" \/>\n\t<meta property=\"og:image:type\" content=\"image\/jpeg\" \/>\n<meta name=\"author\" content=\"melilla2\" \/>\n<meta name=\"twitter:card\" content=\"summary_large_image\" \/>\n<meta name=\"twitter:label1\" content=\"Escrito por\" \/>\n\t<meta name=\"twitter:data1\" content=\"melilla2\" \/>\n\t<meta name=\"twitter:label2\" content=\"Tiempo de lectura\" \/>\n\t<meta name=\"twitter:data2\" content=\"3 minutos\" \/>\n<script type=\"application\/ld+json\" class=\"yoast-schema-graph\">{\"@context\":\"https:\/\/schema.org\",\"@graph\":[{\"@type\":\"Article\",\"@id\":\"https:\/\/agrupacionespsoe.es\/melilla\/el-psoe-de-melilla-exige-al-gobierno-local-una-solucion-inmediata-ante-los-malos-olores-generados-por-el-transporte-de-lodos-por-la-ciudad\/#article\",\"isPartOf\":{\"@id\":\"https:\/\/agrupacionespsoe.es\/melilla\/el-psoe-de-melilla-exige-al-gobierno-local-una-solucion-inmediata-ante-los-malos-olores-generados-por-el-transporte-de-lodos-por-la-ciudad\/\"},\"author\":{\"name\":\"melilla2\",\"@id\":\"https:\/\/agrupacionespsoe.es\/melilla\/#\/schema\/person\/72bb3075a827d0ed0623682b96c92bd6\"},\"headline\":\"El PSOE de Melilla exige al Gobierno local una soluci\u00f3n inmediata ante los malos olores generados por el transporte de lodos por la ciudad\",\"datePublished\":\"2025-11-16T12:34:23+00:00\",\"dateModified\":\"2025-11-16T13:56:14+00:00\",\"mainEntityOfPage\":{\"@id\":\"https:\/\/agrupacionespsoe.es\/melilla\/el-psoe-de-melilla-exige-al-gobierno-local-una-solucion-inmediata-ante-los-malos-olores-generados-por-el-transporte-de-lodos-por-la-ciudad\/\"},\"wordCount\":511,\"commentCount\":0,\"publisher\":{\"@id\":\"https:\/\/agrupacionespsoe.es\/melilla\/#organization\"},\"image\":{\"@id\":\"https:\/\/agrupacionespsoe.es\/melilla\/el-psoe-de-melilla-exige-al-gobierno-local-una-solucion-inmediata-ante-los-malos-olores-generados-por-el-transporte-de-lodos-por-la-ciudad\/#primaryimage\"},\"thumbnailUrl\":\"https:\/\/agrupacionespsoe.es\/melilla\/wp-content\/uploads\/sites\/120\/2025\/11\/LRubioLodosRRSS_portada.jpeg\",\"articleSection\":[\"Actualidad\",\"Medio Ambiente\"],\"inLanguage\":\"es\",\"potentialAction\":[{\"@type\":\"CommentAction\",\"name\":\"Comment\",\"target\":[\"https:\/\/agrupacionespsoe.es\/melilla\/el-psoe-de-melilla-exige-al-gobierno-local-una-solucion-inmediata-ante-los-malos-olores-generados-por-el-transporte-de-lodos-por-la-ciudad\/#respond\"]}]},{\"@type\":\"WebPage\",\"@id\":\"https:\/\/agrupacionespsoe.es\/melilla\/el-psoe-de-melilla-exige-al-gobierno-local-una-solucion-inmediata-ante-los-malos-olores-generados-por-el-transporte-de-lodos-por-la-ciudad\/\",\"url\":\"https:\/\/agrupacionespsoe.es\/melilla\/el-psoe-de-melilla-exige-al-gobierno-local-una-solucion-inmediata-ante-los-malos-olores-generados-por-el-transporte-de-lodos-por-la-ciudad\/\",\"name\":\"El PSOE de Melilla exige al Gobierno local una soluci\u00f3n inmediata ante los malos olores generados por el transporte de lodos por la ciudad - Agrupaci\u00f3n Socialista de Melilla\",\"isPartOf\":{\"@id\":\"https:\/\/agrupacionespsoe.es\/melilla\/#website\"},\"primaryImageOfPage\":{\"@id\":\"https:\/\/agrupacionespsoe.es\/melilla\/el-psoe-de-melilla-exige-al-gobierno-local-una-solucion-inmediata-ante-los-malos-olores-generados-por-el-transporte-de-lodos-por-la-ciudad\/#primaryimage\"},\"image\":{\"@id\":\"https:\/\/agrupacionespsoe.es\/melilla\/el-psoe-de-melilla-exige-al-gobierno-local-una-solucion-inmediata-ante-los-malos-olores-generados-por-el-transporte-de-lodos-por-la-ciudad\/#primaryimage\"},\"thumbnailUrl\":\"https:\/\/agrupacionespsoe.es\/melilla\/wp-content\/uploads\/sites\/120\/2025\/11\/LRubioLodosRRSS_portada.jpeg\",\"datePublished\":\"2025-11-16T12:34:23+00:00\",\"dateModified\":\"2025-11-16T13:56:14+00:00\",\"breadcrumb\":{\"@id\":\"https:\/\/agrupacionespsoe.es\/melilla\/el-psoe-de-melilla-exige-al-gobierno-local-una-solucion-inmediata-ante-los-malos-olores-generados-por-el-transporte-de-lodos-por-la-ciudad\/#breadcrumb\"},\"inLanguage\":\"es\",\"potentialAction\":[{\"@type\":\"ReadAction\",\"target\":[\"https:\/\/agrupacionespsoe.es\/melilla\/el-psoe-de-melilla-exige-al-gobierno-local-una-solucion-inmediata-ante-los-malos-olores-generados-por-el-transporte-de-lodos-por-la-ciudad\/\"]}]},{\"@type\":\"ImageObject\",\"inLanguage\":\"es\",\"@id\":\"https:\/\/agrupacionespsoe.es\/melilla\/el-psoe-de-melilla-exige-al-gobierno-local-una-solucion-inmediata-ante-los-malos-olores-generados-por-el-transporte-de-lodos-por-la-ciudad\/#primaryimage\",\"url\":\"https:\/\/agrupacionespsoe.es\/melilla\/wp-content\/uploads\/sites\/120\/2025\/11\/LRubioLodosRRSS_portada.jpeg\",\"contentUrl\":\"https:\/\/agrupacionespsoe.es\/melilla\/wp-content\/uploads\/sites\/120\/2025\/11\/LRubioLodosRRSS_portada.jpeg\",\"width\":1280,\"height\":720},{\"@type\":\"BreadcrumbList\",\"@id\":\"https:\/\/agrupacionespsoe.es\/melilla\/el-psoe-de-melilla-exige-al-gobierno-local-una-solucion-inmediata-ante-los-malos-olores-generados-por-el-transporte-de-lodos-por-la-ciudad\/#breadcrumb\",\"itemListElement\":[{\"@type\":\"ListItem\",\"position\":1,\"name\":\"Portada\",\"item\":\"https:\/\/agrupacionespsoe.es\/melilla\/\"},{\"@type\":\"ListItem\",\"position\":2,\"name\":\"El PSOE de Melilla exige al Gobierno local una soluci\u00f3n inmediata ante los malos olores generados por el transporte de lodos por la ciudad\"}]},{\"@type\":\"WebSite\",\"@id\":\"https:\/\/agrupacionespsoe.es\/melilla\/#website\",\"url\":\"https:\/\/agrupacionespsoe.es\/melilla\/\",\"name\":\"Agrupaci\u00f3n Socialista de Melilla\",\"description\":\"Agrupaci\u00f3n Socialista de Melilla\",\"publisher\":{\"@id\":\"https:\/\/agrupacionespsoe.es\/melilla\/#organization\"},\"potentialAction\":[{\"@type\":\"SearchAction\",\"target\":{\"@type\":\"EntryPoint\",\"urlTemplate\":\"https:\/\/agrupacionespsoe.es\/melilla\/?s={search_term_string}\"},\"query-input\":{\"@type\":\"PropertyValueSpecification\",\"valueRequired\":true,\"valueName\":\"search_term_string\"}}],\"inLanguage\":\"es\"},{\"@type\":\"Organization\",\"@id\":\"https:\/\/agrupacionespsoe.es\/melilla\/#organization\",\"name\":\"Agrupaci\u00f3n Socialista de Melilla\",\"url\":\"https:\/\/agrupacionespsoe.es\/melilla\/\",\"logo\":{\"@type\":\"ImageObject\",\"inLanguage\":\"es\",\"@id\":\"https:\/\/agrupacionespsoe.es\/melilla\/#\/schema\/logo\/image\/\",\"url\":\"https:\/\/agrupacionespsoe.es\/wp-content\/uploads\/2022\/07\/Logotipo_electoral_del_PSOE.png\",\"contentUrl\":\"https:\/\/agrupacionespsoe.es\/wp-content\/uploads\/2022\/07\/Logotipo_electoral_del_PSOE.png\",\"width\":422,\"height\":422,\"caption\":\"Agrupaci\u00f3n Socialista de Melilla\"},\"image\":{\"@id\":\"https:\/\/agrupacionespsoe.es\/melilla\/#\/schema\/logo\/image\/\"}},{\"@type\":\"Person\",\"@id\":\"https:\/\/agrupacionespsoe.es\/melilla\/#\/schema\/person\/72bb3075a827d0ed0623682b96c92bd6\",\"name\":\"melilla2\",\"image\":{\"@type\":\"ImageObject\",\"inLanguage\":\"es\",\"@id\":\"https:\/\/agrupacionespsoe.es\/melilla\/#\/schema\/person\/image\/\",\"url\":\"https:\/\/secure.gravatar.com\/avatar\/489a178e794e59f00db13a448aabca16?s=96&d=mm&r=g\",\"contentUrl\":\"https:\/\/secure.gravatar.com\/avatar\/489a178e794e59f00db13a448aabca16?s=96&d=mm&r=g\",\"caption\":\"melilla2\"},\"url\":\"https:\/\/agrupacionespsoe.es\/melilla\/author\/melilla2\/\"}]}<\/script>\n<!-- \/ Yoast SEO plugin. -->","yoast_head_json":{"title":"El PSOE de Melilla exige al Gobierno local una soluci\u00f3n inmediata ante los malos olores generados por el transporte de lodos por la ciudad - Agrupaci\u00f3n Socialista de Melilla","robots":{"index":"index","follow":"follow","max-snippet":"max-snippet:-1","max-image-preview":"max-image-preview:large","max-video-preview":"max-video-preview:-1"},"canonical":"https:\/\/agrupacionespsoe.es\/melilla\/el-psoe-de-melilla-exige-al-gobierno-local-una-solucion-inmediata-ante-los-malos-olores-generados-por-el-transporte-de-lodos-por-la-ciudad\/","og_locale":"es_ES","og_type":"article","og_title":"El PSOE de Melilla exige al Gobierno local una soluci\u00f3n inmediata ante los malos olores generados por el transporte de lodos por la ciudad - Agrupaci\u00f3n Socialista de Melilla","og_description":"Luc\u00eda Rubio denuncia la pasividad del Consejero de Medio Ambiente y reclama un transporte estanco y seguro que evite molestias a la ciudadan\u00eda La Secretar\u00eda de Transici\u00f3n Ecol\u00f3gica, Sostenibilidad y Agenda 2030 del PSOE de Melilla ha denunciado la persistencia de los fuertes y desagradables olores que se vienen padeciendo en distintas zonas de la ...","og_url":"https:\/\/agrupacionespsoe.es\/melilla\/el-psoe-de-melilla-exige-al-gobierno-local-una-solucion-inmediata-ante-los-malos-olores-generados-por-el-transporte-de-lodos-por-la-ciudad\/","og_site_name":"Agrupaci\u00f3n Socialista de Melilla","article_published_time":"2025-11-16T12:34:23+00:00","article_modified_time":"2025-11-16T13:56:14+00:00","og_image":[{"width":1280,"height":720,"url":"https:\/\/agrupacionespsoe.es\/melilla\/wp-content\/uploads\/sites\/120\/2025\/11\/LRubioLodosRRSS_portada.jpeg","type":"image\/jpeg"}],"author":"melilla2","twitter_card":"summary_large_image","twitter_misc":{"Escrito por":"melilla2","Tiempo de lectura":"3 minutos"},"schema":{"@context":"https:\/\/schema.org","@graph":[{"@type":"Article","@id":"https:\/\/agrupacionespsoe.es\/melilla\/el-psoe-de-melilla-exige-al-gobierno-local-una-solucion-inmediata-ante-los-malos-olores-generados-por-el-transporte-de-lodos-por-la-ciudad\/#article","isPartOf":{"@id":"https:\/\/agrupacionespsoe.es\/melilla\/el-psoe-de-melilla-exige-al-gobierno-local-una-solucion-inmediata-ante-los-malos-olores-generados-por-el-transporte-de-lodos-por-la-ciudad\/"},"author":{"name":"melilla2","@id":"https:\/\/agrupacionespsoe.es\/melilla\/#\/schema\/person\/72bb3075a827d0ed0623682b96c92bd6"},"headline":"El PSOE de Melilla exige al Gobierno local una soluci\u00f3n inmediata ante los malos olores generados por el transporte de lodos por la ciudad","datePublished":"2025-11-16T12:34:23+00:00","dateModified":"2025-11-16T13:56:14+00:00","mainEntityOfPage":{"@id":"https:\/\/agrupacionespsoe.es\/melilla\/el-psoe-de-melilla-exige-al-gobierno-local-una-solucion-inmediata-ante-los-malos-olores-generados-por-el-transporte-de-lodos-por-la-ciudad\/"},"wordCount":511,"commentCount":0,"publisher":{"@id":"https:\/\/agrupacionespsoe.es\/melilla\/#organization"},"image":{"@id":"https:\/\/agrupacionespsoe.es\/melilla\/el-psoe-de-melilla-exige-al-gobierno-local-una-solucion-inmediata-ante-los-malos-olores-generados-por-el-transporte-de-lodos-por-la-ciudad\/#primaryimage"},"thumbnailUrl":"https:\/\/agrupacionespsoe.es\/melilla\/wp-content\/uploads\/sites\/120\/2025\/11\/LRubioLodosRRSS_portada.jpeg","articleSection":["Actualidad","Medio Ambiente"],"inLanguage":"es","potentialAction":[{"@type":"CommentAction","name":"Comment","target":["https:\/\/agrupacionespsoe.es\/melilla\/el-psoe-de-melilla-exige-al-gobierno-local-una-solucion-inmediata-ante-los-malos-olores-generados-por-el-transporte-de-lodos-por-la-ciudad\/#respond"]}]},{"@type":"WebPage","@id":"https:\/\/agrupacionespsoe.es\/melilla\/el-psoe-de-melilla-exige-al-gobierno-local-una-solucion-inmediata-ante-los-malos-olores-generados-por-el-transporte-de-lodos-por-la-ciudad\/","url":"https:\/\/agrupacionespsoe.es\/melilla\/el-psoe-de-melilla-exige-al-gobierno-local-una-solucion-inmediata-ante-los-malos-olores-generados-por-el-transporte-de-lodos-por-la-ciudad\/","name":"El PSOE de Melilla exige al Gobierno local una soluci\u00f3n inmediata ante los malos olores generados por el transporte de lodos por la ciudad - Agrupaci\u00f3n Socialista de Melilla","isPartOf":{"@id":"https:\/\/agrupacionespsoe.es\/melilla\/#website"},"primaryImageOfPage":{"@id":"https:\/\/agrupacionespsoe.es\/melilla\/el-psoe-de-melilla-exige-al-gobierno-local-una-solucion-inmediata-ante-los-malos-olores-generados-por-el-transporte-de-lodos-por-la-ciudad\/#primaryimage"},"image":{"@id":"https:\/\/agrupacionespsoe.es\/melilla\/el-psoe-de-melilla-exige-al-gobierno-local-una-solucion-inmediata-ante-los-malos-olores-generados-por-el-transporte-de-lodos-por-la-ciudad\/#primaryimage"},"thumbnailUrl":"https:\/\/agrupacionespsoe.es\/melilla\/wp-content\/uploads\/sites\/120\/2025\/11\/LRubioLodosRRSS_portada.jpeg","datePublished":"2025-11-16T12:34:23+00:00","dateModified":"2025-11-16T13:56:14+00:00","breadcrumb":{"@id":"https:\/\/agrupacionespsoe.es\/melilla\/el-psoe-de-melilla-exige-al-gobierno-local-una-solucion-inmediata-ante-los-malos-olores-generados-por-el-transporte-de-lodos-por-la-ciudad\/#breadcrumb"},"inLanguage":"es","potentialAction":[{"@type":"ReadAction","target":["https:\/\/agrupacionespsoe.es\/melilla\/el-psoe-de-melilla-exige-al-gobierno-local-una-solucion-inmediata-ante-los-malos-olores-generados-por-el-transporte-de-lodos-por-la-ciudad\/"]}]},{"@type":"ImageObject","inLanguage":"es","@id":"https:\/\/agrupacionespsoe.es\/melilla\/el-psoe-de-melilla-exige-al-gobierno-local-una-solucion-inmediata-ante-los-malos-olores-generados-por-el-transporte-de-lodos-por-la-ciudad\/#primaryimage","url":"https:\/\/agrupacionespsoe.es\/melilla\/wp-content\/uploads\/sites\/120\/2025\/11\/LRubioLodosRRSS_portada.jpeg","contentUrl":"https:\/\/agrupacionespsoe.es\/melilla\/wp-content\/uploads\/sites\/120\/2025\/11\/LRubioLodosRRSS_portada.jpeg","width":1280,"height":720},{"@type":"BreadcrumbList","@id":"https:\/\/agrupacionespsoe.es\/melilla\/el-psoe-de-melilla-exige-al-gobierno-local-una-solucion-inmediata-ante-los-malos-olores-generados-por-el-transporte-de-lodos-por-la-ciudad\/#breadcrumb","itemListElement":[{"@type":"ListItem","position":1,"name":"Portada","item":"https:\/\/agrupacionespsoe.es\/melilla\/"},{"@type":"ListItem","position":2,"name":"El PSOE de Melilla exige al Gobierno local una soluci\u00f3n inmediata ante los malos olores generados por el transporte de lodos por la ciudad"}]},{"@type":"WebSite","@id":"https:\/\/agrupacionespsoe.es\/melilla\/#website","url":"https:\/\/agrupacionespsoe.es\/melilla\/","name":"Agrupaci\u00f3n Socialista de Melilla","description":"Agrupaci\u00f3n Socialista de Melilla","publisher":{"@id":"https:\/\/agrupacionespsoe.es\/melilla\/#organization"},"potentialAction":[{"@type":"SearchAction","target":{"@type":"EntryPoint","urlTemplate":"https:\/\/agrupacionespsoe.es\/melilla\/?s={search_term_string}"},"query-input":{"@type":"PropertyValueSpecification","valueRequired":true,"valueName":"search_term_string"}}],"inLanguage":"es"},{"@type":"Organization","@id":"https:\/\/agrupacionespsoe.es\/melilla\/#organization","name":"Agrupaci\u00f3n Socialista de Melilla","url":"https:\/\/agrupacionespsoe.es\/melilla\/","logo":{"@type":"ImageObject","inLanguage":"es","@id":"https:\/\/agrupacionespsoe.es\/melilla\/#\/schema\/logo\/image\/","url":"https:\/\/agrupacionespsoe.es\/wp-content\/uploads\/2022\/07\/Logotipo_electoral_del_PSOE.png","contentUrl":"https:\/\/agrupacionespsoe.es\/wp-content\/uploads\/2022\/07\/Logotipo_electoral_del_PSOE.png","width":422,"height":422,"caption":"Agrupaci\u00f3n Socialista de Melilla"},"image":{"@id":"https:\/\/agrupacionespsoe.es\/melilla\/#\/schema\/logo\/image\/"}},{"@type":"Person","@id":"https:\/\/agrupacionespsoe.es\/melilla\/#\/schema\/person\/72bb3075a827d0ed0623682b96c92bd6","name":"melilla2","image":{"@type":"ImageObject","inLanguage":"es","@id":"https:\/\/agrupacionespsoe.es\/melilla\/#\/schema\/person\/image\/","url":"https:\/\/secure.gravatar.com\/avatar\/489a178e794e59f00db13a448aabca16?s=96&d=mm&r=g","contentUrl":"https:\/\/secure.gravatar.com\/avatar\/489a178e794e59f00db13a448aabca16?s=96&d=mm&r=g","caption":"melilla2"},"url":"https:\/\/agrupacionespsoe.es\/melilla\/author\/melilla2\/"}]}},"jetpack_featured_media_url":"https:\/\/agrupacionespsoe.es\/melilla\/wp-content\/uploads\/sites\/120\/2025\/11\/LRubioLodosRRSS_portada.jpeg","jetpack_sharing_enabled":true,"_links":{"self":[{"href":"https:\/\/agrupacionespsoe.es\/melilla\/wp-json\/wp\/v2\/posts\/2367","targetHints":{"allow":["GET"]}}],"collection":[{"href":"https:\/\/agrupacionespsoe.es\/melilla\/wp-json\/wp\/v2\/posts"}],"about":[{"href":"https:\/\/agrupacionespsoe.es\/melilla\/wp-json\/wp\/v2\/types\/post"}],"author":[{"embeddable":true,"href":"https:\/\/agrupacionespsoe.es\/melilla\/wp-json\/wp\/v2\/users\/187"}],"replies":[{"embeddable":true,"href":"https:\/\/agrupacionespsoe.es\/melilla\/wp-json\/wp\/v2\/comments?post=2367"}],"version-history":[{"count":1,"href":"https:\/\/agrupacionespsoe.es\/melilla\/wp-json\/wp\/v2\/posts\/2367\/revisions"}],"predecessor-version":[{"id":2369,"href":"https:\/\/agrupacionespsoe.es\/melilla\/wp-json\/wp\/v2\/posts\/2367\/revisions\/2369"}],"wp:featuredmedia":[{"embeddable":true,"href":"https:\/\/agrupacionespsoe.es\/melilla\/wp-json\/wp\/v2\/media\/2368"}],"wp:attachment":[{"href":"https:\/\/agrupacionespsoe.es\/melilla\/wp-json\/wp\/v2\/media?parent=2367"}],"wp:term":[{"taxonomy":"category","embeddable":true,"href":"https:\/\/agrupacionespsoe.es\/melilla\/wp-json\/wp\/v2\/categories?post=2367"},{"taxonomy":"post_tag","embeddable":true,"href":"https:\/\/agrupacionespsoe.es\/melilla\/wp-json\/wp\/v2\/tags?post=2367"}],"curies":[{"name":"wp","href":"https:\/\/api.w.org\/{rel}","templated":true}]}}