{"id":2330,"date":"2025-11-04T12:08:18","date_gmt":"2025-11-04T12:08:18","guid":{"rendered":"https:\/\/agrupacionespsoe.es\/melilla\/?p=2330"},"modified":"2025-11-04T12:08:20","modified_gmt":"2025-11-04T12:08:20","slug":"el-psoe-de-melilla-denuncia-el-abandono-de-los-parques-infantiles-en-los-barrios-frente-al-derroche-del-gobierno-del-pp-en-el-centro","status":"publish","type":"post","link":"https:\/\/agrupacionespsoe.es\/melilla\/el-psoe-de-melilla-denuncia-el-abandono-de-los-parques-infantiles-en-los-barrios-frente-al-derroche-del-gobierno-del-pp-en-el-centro\/","title":{"rendered":"El PSOE de Melilla denuncia el abandono de los parques infantiles en los barrios frente al derroche del Gobierno del PP en el centro"},"content":{"rendered":"\n<p><strong>Rafael Robles denuncia que mientras se invierten 700.000 euros en el Parque Hern\u00e1ndez, los ni\u00f1os de Reina Regente y Averroes juegan entre basura, cables sueltos y estructuras rotas<\/strong><\/p>\n\n\n\n<p>El PSOE de Melilla celebra la reciente remodelaci\u00f3n del parque infantil del Parque Hern\u00e1ndez, una actuaci\u00f3n que considera positiva para el disfrute de las familias del centro de la ciudad. Sin embargo, denuncia con firmeza la continua discriminaci\u00f3n del Gobierno del Partido Popular hacia los barrios perif\u00e9ricos de Melilla. Mientras se destinan 700.000 euros a renovar una zona infantil c\u00e9ntrica, los parques de Reina Regente, Averroes y otros barrios permanecen en un estado de absoluto abandono, con deficiencias graves que ponen en riesgo la seguridad y el bienestar de los m\u00e1s peque\u00f1os.<\/p>\n\n\n\n<p>El portavoz del PSOE de Melilla, Rafael Robles, ha lamentado que \u201cel Gobierno de Imbroda presume de un parque de lujo en el coraz\u00f3n de la ciudad, mientras cientos de familias de los barrios m\u00e1s humildes tienen que llevar a sus hijos a jugar entre basura, escombros y columpios destrozados. Esta es la realidad de la Melilla olvidada por el PP\u201d.<\/p>\n\n\n\n<p>Robles ha recalcado que la diferencia en la inversi\u00f3n p\u00fablica entre el centro y los barrios perif\u00e9ricos no solo es una cuesti\u00f3n est\u00e9tica, sino una cuesti\u00f3n de justicia social y de igualdad de oportunidades. \u201cNo se puede hablar de progreso ni de ciudad moderna cuando los ni\u00f1os de Reina Regente o Averroes crecen jugando entre peligros y suciedad\u201d, ha a\u00f1adido.<\/p>\n\n\n\n<p><strong>Un panorama preocupante en los barrios: abandono y peligro<\/strong><\/p>\n\n\n\n<p>Durante las visitas realizadas por representantes socialistas a distintos parques infantiles, el PSOE ha constatado una situaci\u00f3n que califica de \u201cinaceptable\u201d. En el parque de Reina Regente, la puerta de entrada se encuentra destrozada, los contenedores de basura provocan malos olores constantes, el suelo est\u00e1 agrietado y los columpios pr\u00e1cticamente han desaparecido.<\/p>\n\n\n\n<p>El panorama en Averroes es a\u00fan m\u00e1s alarmante: falta total de iluminaci\u00f3n, cableado el\u00e9ctrico al descubierto, arquetas abiertas, estructuras oxidadas y juegos rotos, adem\u00e1s de pintadas obscenas y un entorno rodeado de contenedores de residuos. \u201cEstas condiciones son indignas y peligrosas para cualquier ni\u00f1o\u201d, ha advertido Robles, quien ha denunciado que el Gobierno local mira hacia otro lado ante un problema que afecta directamente a las familias trabajadoras de Melilla.<\/p>\n\n\n\n<p>El portavoz socialista ha sido contundente al afirmar que \u201cel PP gobierna para las postales, no para las personas. Melilla no puede seguir teniendo parques de primera en el centro y parques de tercera en los barrios\u201d. Para el PSOE, esta forma de gestionar los recursos p\u00fablicos demuestra una priorizaci\u00f3n pol\u00edtica basada en la apariencia y el marketing, en lugar de en las necesidades reales de la ciudadan\u00eda.<\/p>\n\n\n\n<p>Ante esta situaci\u00f3n, el PSOE de Melilla exige al Gobierno local una actuaci\u00f3n urgente de limpieza, reparaci\u00f3n y mejora en todos los parques infantiles de los barrios, as\u00ed como la creaci\u00f3n de un plan de mantenimiento permanente que garantice la seguridad y la igualdad de oportunidades entre todos los ni\u00f1os de la ciudad.<\/p>\n\n\n\n<p>\u201cNo pedimos privilegios, pedimos justicia y equidad. Todos los ni\u00f1os, vivan donde vivan, merecen disfrutar de espacios dignos, accesibles y seguros\u201d, ha subrayado Robles. En este sentido, el grupo socialista recuerda que el derecho al juego y a espacios p\u00fablicos seguros forma parte del bienestar infantil, y no puede depender del c\u00f3digo postal.<\/p>\n\n\n\n<p><strong>El abandono de los barrios: una forma de hacer pol\u00edtica<\/strong><\/p>\n\n\n\n<p>Robles ha insistido en que \u201cel abandono de los barrios no es casualidad, es una forma de hacer pol\u00edtica que castiga siempre a los mismos\u201d. El portavoz ha denunciado que el modelo del PP perpet\u00faa la desigualdad entre el centro y la periferia, dejando de lado a miles de vecinos que tambi\u00e9n contribuyen al desarrollo de la ciudad.<\/p>\n\n\n\n<p>\u201cEl PSOE de Melilla seguir\u00e1 defendiendo los intereses de todos los ciudadanos, sin distinci\u00f3n de d\u00f3nde est\u00e9n empadronados, y sin aceptar que haya melillenses de primera y de segunda\u201d, ha concluido Robles, reafirmando el compromiso del partido con una Melilla m\u00e1s justa, equilibrada y cohesionada, donde los derechos de los ni\u00f1os no dependan del barrio en el que vivan.<\/p>\n","protected":false},"excerpt":{"rendered":"<p>Rafael Robles denuncia que mientras se invierten 700.000 euros en el Parque Hern\u00e1ndez, los ni\u00f1os de Reina Regente y Averroes juegan entre basura, cables sueltos y estructuras rotas El PSOE de Melilla celebra la reciente remodelaci\u00f3n del parque infantil del Parque Hern\u00e1ndez, una actuaci\u00f3n que considera positiva para el disfrute de las familias del centro &#8230;<\/p>\n","protected":false},"author":187,"featured_media":2331,"comment_status":"open","ping_status":"open","sticky":false,"template":"","format":"standard","meta":{"_jetpack_memberships_contains_paid_content":false,"footnotes":""},"categories":[1],"tags":[],"class_list":["post-2330","post","type-post","status-publish","format-standard","has-post-thumbnail","hentry","category-sin-categoria"],"yoast_head":"<!-- This site is optimized with the Yoast SEO plugin v24.0 - https:\/\/yoast.com\/wordpress\/plugins\/seo\/ -->\n<title>El PSOE de Melilla denuncia el abandono de los parques infantiles en los barrios frente al derroche del Gobierno del PP en el centro - Agrupaci\u00f3n Socialista de Melilla<\/title>\n<meta name=\"robots\" content=\"index, follow, max-snippet:-1, max-image-preview:large, max-video-preview:-1\" \/>\n<link rel=\"canonical\" href=\"https:\/\/agrupacionespsoe.es\/melilla\/el-psoe-de-melilla-denuncia-el-abandono-de-los-parques-infantiles-en-los-barrios-frente-al-derroche-del-gobierno-del-pp-en-el-centro\/\" \/>\n<meta property=\"og:locale\" content=\"es_ES\" \/>\n<meta property=\"og:type\" content=\"article\" \/>\n<meta property=\"og:title\" content=\"El PSOE de Melilla denuncia el abandono de los parques infantiles en los barrios frente al derroche del Gobierno del PP en el centro - Agrupaci\u00f3n Socialista de Melilla\" \/>\n<meta property=\"og:description\" content=\"Rafael Robles denuncia que mientras se invierten 700.000 euros en el Parque Hern\u00e1ndez, los ni\u00f1os de Reina Regente y Averroes juegan entre basura, cables sueltos y estructuras rotas El PSOE de Melilla celebra la reciente remodelaci\u00f3n del parque infantil del Parque Hern\u00e1ndez, una actuaci\u00f3n que considera positiva para el disfrute de las familias del centro ...\" \/>\n<meta property=\"og:url\" content=\"https:\/\/agrupacionespsoe.es\/melilla\/el-psoe-de-melilla-denuncia-el-abandono-de-los-parques-infantiles-en-los-barrios-frente-al-derroche-del-gobierno-del-pp-en-el-centro\/\" \/>\n<meta property=\"og:site_name\" content=\"Agrupaci\u00f3n Socialista de Melilla\" \/>\n<meta property=\"article:published_time\" content=\"2025-11-04T12:08:18+00:00\" \/>\n<meta property=\"article:modified_time\" content=\"2025-11-04T12:08:20+00:00\" \/>\n<meta property=\"og:image\" content=\"https:\/\/agrupacionespsoe.es\/melilla\/wp-content\/uploads\/sites\/120\/2025\/11\/2025-11-04-RRobles-Parques-scaled.jpg\" \/>\n\t<meta property=\"og:image:width\" content=\"2560\" \/>\n\t<meta property=\"og:image:height\" content=\"1707\" \/>\n\t<meta property=\"og:image:type\" content=\"image\/jpeg\" \/>\n<meta name=\"author\" content=\"melilla2\" \/>\n<meta name=\"twitter:card\" content=\"summary_large_image\" \/>\n<meta name=\"twitter:label1\" content=\"Escrito por\" \/>\n\t<meta name=\"twitter:data1\" content=\"melilla2\" \/>\n\t<meta name=\"twitter:label2\" content=\"Tiempo de lectura\" \/>\n\t<meta name=\"twitter:data2\" content=\"4 minutos\" \/>\n<script type=\"application\/ld+json\" class=\"yoast-schema-graph\">{\"@context\":\"https:\/\/schema.org\",\"@graph\":[{\"@type\":\"Article\",\"@id\":\"https:\/\/agrupacionespsoe.es\/melilla\/el-psoe-de-melilla-denuncia-el-abandono-de-los-parques-infantiles-en-los-barrios-frente-al-derroche-del-gobierno-del-pp-en-el-centro\/#article\",\"isPartOf\":{\"@id\":\"https:\/\/agrupacionespsoe.es\/melilla\/el-psoe-de-melilla-denuncia-el-abandono-de-los-parques-infantiles-en-los-barrios-frente-al-derroche-del-gobierno-del-pp-en-el-centro\/\"},\"author\":{\"name\":\"melilla2\",\"@id\":\"https:\/\/agrupacionespsoe.es\/melilla\/#\/schema\/person\/72bb3075a827d0ed0623682b96c92bd6\"},\"headline\":\"El PSOE de Melilla denuncia el abandono de los parques infantiles en los barrios frente al derroche del Gobierno del PP en el centro\",\"datePublished\":\"2025-11-04T12:08:18+00:00\",\"dateModified\":\"2025-11-04T12:08:20+00:00\",\"mainEntityOfPage\":{\"@id\":\"https:\/\/agrupacionespsoe.es\/melilla\/el-psoe-de-melilla-denuncia-el-abandono-de-los-parques-infantiles-en-los-barrios-frente-al-derroche-del-gobierno-del-pp-en-el-centro\/\"},\"wordCount\":744,\"commentCount\":0,\"publisher\":{\"@id\":\"https:\/\/agrupacionespsoe.es\/melilla\/#organization\"},\"image\":{\"@id\":\"https:\/\/agrupacionespsoe.es\/melilla\/el-psoe-de-melilla-denuncia-el-abandono-de-los-parques-infantiles-en-los-barrios-frente-al-derroche-del-gobierno-del-pp-en-el-centro\/#primaryimage\"},\"thumbnailUrl\":\"https:\/\/agrupacionespsoe.es\/melilla\/wp-content\/uploads\/sites\/120\/2025\/11\/2025-11-04-RRobles-Parques-scaled.jpg\",\"inLanguage\":\"es\",\"potentialAction\":[{\"@type\":\"CommentAction\",\"name\":\"Comment\",\"target\":[\"https:\/\/agrupacionespsoe.es\/melilla\/el-psoe-de-melilla-denuncia-el-abandono-de-los-parques-infantiles-en-los-barrios-frente-al-derroche-del-gobierno-del-pp-en-el-centro\/#respond\"]}]},{\"@type\":\"WebPage\",\"@id\":\"https:\/\/agrupacionespsoe.es\/melilla\/el-psoe-de-melilla-denuncia-el-abandono-de-los-parques-infantiles-en-los-barrios-frente-al-derroche-del-gobierno-del-pp-en-el-centro\/\",\"url\":\"https:\/\/agrupacionespsoe.es\/melilla\/el-psoe-de-melilla-denuncia-el-abandono-de-los-parques-infantiles-en-los-barrios-frente-al-derroche-del-gobierno-del-pp-en-el-centro\/\",\"name\":\"El PSOE de Melilla denuncia el abandono de los parques infantiles en los barrios frente al derroche del Gobierno del PP en el centro - Agrupaci\u00f3n Socialista de Melilla\",\"isPartOf\":{\"@id\":\"https:\/\/agrupacionespsoe.es\/melilla\/#website\"},\"primaryImageOfPage\":{\"@id\":\"https:\/\/agrupacionespsoe.es\/melilla\/el-psoe-de-melilla-denuncia-el-abandono-de-los-parques-infantiles-en-los-barrios-frente-al-derroche-del-gobierno-del-pp-en-el-centro\/#primaryimage\"},\"image\":{\"@id\":\"https:\/\/agrupacionespsoe.es\/melilla\/el-psoe-de-melilla-denuncia-el-abandono-de-los-parques-infantiles-en-los-barrios-frente-al-derroche-del-gobierno-del-pp-en-el-centro\/#primaryimage\"},\"thumbnailUrl\":\"https:\/\/agrupacionespsoe.es\/melilla\/wp-content\/uploads\/sites\/120\/2025\/11\/2025-11-04-RRobles-Parques-scaled.jpg\",\"datePublished\":\"2025-11-04T12:08:18+00:00\",\"dateModified\":\"2025-11-04T12:08:20+00:00\",\"breadcrumb\":{\"@id\":\"https:\/\/agrupacionespsoe.es\/melilla\/el-psoe-de-melilla-denuncia-el-abandono-de-los-parques-infantiles-en-los-barrios-frente-al-derroche-del-gobierno-del-pp-en-el-centro\/#breadcrumb\"},\"inLanguage\":\"es\",\"potentialAction\":[{\"@type\":\"ReadAction\",\"target\":[\"https:\/\/agrupacionespsoe.es\/melilla\/el-psoe-de-melilla-denuncia-el-abandono-de-los-parques-infantiles-en-los-barrios-frente-al-derroche-del-gobierno-del-pp-en-el-centro\/\"]}]},{\"@type\":\"ImageObject\",\"inLanguage\":\"es\",\"@id\":\"https:\/\/agrupacionespsoe.es\/melilla\/el-psoe-de-melilla-denuncia-el-abandono-de-los-parques-infantiles-en-los-barrios-frente-al-derroche-del-gobierno-del-pp-en-el-centro\/#primaryimage\",\"url\":\"https:\/\/agrupacionespsoe.es\/melilla\/wp-content\/uploads\/sites\/120\/2025\/11\/2025-11-04-RRobles-Parques-scaled.jpg\",\"contentUrl\":\"https:\/\/agrupacionespsoe.es\/melilla\/wp-content\/uploads\/sites\/120\/2025\/11\/2025-11-04-RRobles-Parques-scaled.jpg\",\"width\":2560,\"height\":1707},{\"@type\":\"BreadcrumbList\",\"@id\":\"https:\/\/agrupacionespsoe.es\/melilla\/el-psoe-de-melilla-denuncia-el-abandono-de-los-parques-infantiles-en-los-barrios-frente-al-derroche-del-gobierno-del-pp-en-el-centro\/#breadcrumb\",\"itemListElement\":[{\"@type\":\"ListItem\",\"position\":1,\"name\":\"Portada\",\"item\":\"https:\/\/agrupacionespsoe.es\/melilla\/\"},{\"@type\":\"ListItem\",\"position\":2,\"name\":\"El PSOE de Melilla denuncia el abandono de los parques infantiles en los barrios frente al derroche del Gobierno del PP en el centro\"}]},{\"@type\":\"WebSite\",\"@id\":\"https:\/\/agrupacionespsoe.es\/melilla\/#website\",\"url\":\"https:\/\/agrupacionespsoe.es\/melilla\/\",\"name\":\"Agrupaci\u00f3n Socialista de Melilla\",\"description\":\"Agrupaci\u00f3n Socialista de Melilla\",\"publisher\":{\"@id\":\"https:\/\/agrupacionespsoe.es\/melilla\/#organization\"},\"potentialAction\":[{\"@type\":\"SearchAction\",\"target\":{\"@type\":\"EntryPoint\",\"urlTemplate\":\"https:\/\/agrupacionespsoe.es\/melilla\/?s={search_term_string}\"},\"query-input\":{\"@type\":\"PropertyValueSpecification\",\"valueRequired\":true,\"valueName\":\"search_term_string\"}}],\"inLanguage\":\"es\"},{\"@type\":\"Organization\",\"@id\":\"https:\/\/agrupacionespsoe.es\/melilla\/#organization\",\"name\":\"Agrupaci\u00f3n Socialista de Melilla\",\"url\":\"https:\/\/agrupacionespsoe.es\/melilla\/\",\"logo\":{\"@type\":\"ImageObject\",\"inLanguage\":\"es\",\"@id\":\"https:\/\/agrupacionespsoe.es\/melilla\/#\/schema\/logo\/image\/\",\"url\":\"https:\/\/agrupacionespsoe.es\/wp-content\/uploads\/2022\/07\/Logotipo_electoral_del_PSOE.png\",\"contentUrl\":\"https:\/\/agrupacionespsoe.es\/wp-content\/uploads\/2022\/07\/Logotipo_electoral_del_PSOE.png\",\"width\":422,\"height\":422,\"caption\":\"Agrupaci\u00f3n Socialista de Melilla\"},\"image\":{\"@id\":\"https:\/\/agrupacionespsoe.es\/melilla\/#\/schema\/logo\/image\/\"}},{\"@type\":\"Person\",\"@id\":\"https:\/\/agrupacionespsoe.es\/melilla\/#\/schema\/person\/72bb3075a827d0ed0623682b96c92bd6\",\"name\":\"melilla2\",\"image\":{\"@type\":\"ImageObject\",\"inLanguage\":\"es\",\"@id\":\"https:\/\/agrupacionespsoe.es\/melilla\/#\/schema\/person\/image\/\",\"url\":\"https:\/\/secure.gravatar.com\/avatar\/489a178e794e59f00db13a448aabca16?s=96&d=mm&r=g\",\"contentUrl\":\"https:\/\/secure.gravatar.com\/avatar\/489a178e794e59f00db13a448aabca16?s=96&d=mm&r=g\",\"caption\":\"melilla2\"},\"url\":\"https:\/\/agrupacionespsoe.es\/melilla\/author\/melilla2\/\"}]}<\/script>\n<!-- \/ Yoast SEO plugin. -->","yoast_head_json":{"title":"El PSOE de Melilla denuncia el abandono de los parques infantiles en los barrios frente al derroche del Gobierno del PP en el centro - Agrupaci\u00f3n Socialista de Melilla","robots":{"index":"index","follow":"follow","max-snippet":"max-snippet:-1","max-image-preview":"max-image-preview:large","max-video-preview":"max-video-preview:-1"},"canonical":"https:\/\/agrupacionespsoe.es\/melilla\/el-psoe-de-melilla-denuncia-el-abandono-de-los-parques-infantiles-en-los-barrios-frente-al-derroche-del-gobierno-del-pp-en-el-centro\/","og_locale":"es_ES","og_type":"article","og_title":"El PSOE de Melilla denuncia el abandono de los parques infantiles en los barrios frente al derroche del Gobierno del PP en el centro - Agrupaci\u00f3n Socialista de Melilla","og_description":"Rafael Robles denuncia que mientras se invierten 700.000 euros en el Parque Hern\u00e1ndez, los ni\u00f1os de Reina Regente y Averroes juegan entre basura, cables sueltos y estructuras rotas El PSOE de Melilla celebra la reciente remodelaci\u00f3n del parque infantil del Parque Hern\u00e1ndez, una actuaci\u00f3n que considera positiva para el disfrute de las familias del centro ...","og_url":"https:\/\/agrupacionespsoe.es\/melilla\/el-psoe-de-melilla-denuncia-el-abandono-de-los-parques-infantiles-en-los-barrios-frente-al-derroche-del-gobierno-del-pp-en-el-centro\/","og_site_name":"Agrupaci\u00f3n Socialista de Melilla","article_published_time":"2025-11-04T12:08:18+00:00","article_modified_time":"2025-11-04T12:08:20+00:00","og_image":[{"width":2560,"height":1707,"url":"https:\/\/agrupacionespsoe.es\/melilla\/wp-content\/uploads\/sites\/120\/2025\/11\/2025-11-04-RRobles-Parques-scaled.jpg","type":"image\/jpeg"}],"author":"melilla2","twitter_card":"summary_large_image","twitter_misc":{"Escrito por":"melilla2","Tiempo de lectura":"4 minutos"},"schema":{"@context":"https:\/\/schema.org","@graph":[{"@type":"Article","@id":"https:\/\/agrupacionespsoe.es\/melilla\/el-psoe-de-melilla-denuncia-el-abandono-de-los-parques-infantiles-en-los-barrios-frente-al-derroche-del-gobierno-del-pp-en-el-centro\/#article","isPartOf":{"@id":"https:\/\/agrupacionespsoe.es\/melilla\/el-psoe-de-melilla-denuncia-el-abandono-de-los-parques-infantiles-en-los-barrios-frente-al-derroche-del-gobierno-del-pp-en-el-centro\/"},"author":{"name":"melilla2","@id":"https:\/\/agrupacionespsoe.es\/melilla\/#\/schema\/person\/72bb3075a827d0ed0623682b96c92bd6"},"headline":"El PSOE de Melilla denuncia el abandono de los parques infantiles en los barrios frente al derroche del Gobierno del PP en el centro","datePublished":"2025-11-04T12:08:18+00:00","dateModified":"2025-11-04T12:08:20+00:00","mainEntityOfPage":{"@id":"https:\/\/agrupacionespsoe.es\/melilla\/el-psoe-de-melilla-denuncia-el-abandono-de-los-parques-infantiles-en-los-barrios-frente-al-derroche-del-gobierno-del-pp-en-el-centro\/"},"wordCount":744,"commentCount":0,"publisher":{"@id":"https:\/\/agrupacionespsoe.es\/melilla\/#organization"},"image":{"@id":"https:\/\/agrupacionespsoe.es\/melilla\/el-psoe-de-melilla-denuncia-el-abandono-de-los-parques-infantiles-en-los-barrios-frente-al-derroche-del-gobierno-del-pp-en-el-centro\/#primaryimage"},"thumbnailUrl":"https:\/\/agrupacionespsoe.es\/melilla\/wp-content\/uploads\/sites\/120\/2025\/11\/2025-11-04-RRobles-Parques-scaled.jpg","inLanguage":"es","potentialAction":[{"@type":"CommentAction","name":"Comment","target":["https:\/\/agrupacionespsoe.es\/melilla\/el-psoe-de-melilla-denuncia-el-abandono-de-los-parques-infantiles-en-los-barrios-frente-al-derroche-del-gobierno-del-pp-en-el-centro\/#respond"]}]},{"@type":"WebPage","@id":"https:\/\/agrupacionespsoe.es\/melilla\/el-psoe-de-melilla-denuncia-el-abandono-de-los-parques-infantiles-en-los-barrios-frente-al-derroche-del-gobierno-del-pp-en-el-centro\/","url":"https:\/\/agrupacionespsoe.es\/melilla\/el-psoe-de-melilla-denuncia-el-abandono-de-los-parques-infantiles-en-los-barrios-frente-al-derroche-del-gobierno-del-pp-en-el-centro\/","name":"El PSOE de Melilla denuncia el abandono de los parques infantiles en los barrios frente al derroche del Gobierno del PP en el centro - Agrupaci\u00f3n Socialista de Melilla","isPartOf":{"@id":"https:\/\/agrupacionespsoe.es\/melilla\/#website"},"primaryImageOfPage":{"@id":"https:\/\/agrupacionespsoe.es\/melilla\/el-psoe-de-melilla-denuncia-el-abandono-de-los-parques-infantiles-en-los-barrios-frente-al-derroche-del-gobierno-del-pp-en-el-centro\/#primaryimage"},"image":{"@id":"https:\/\/agrupacionespsoe.es\/melilla\/el-psoe-de-melilla-denuncia-el-abandono-de-los-parques-infantiles-en-los-barrios-frente-al-derroche-del-gobierno-del-pp-en-el-centro\/#primaryimage"},"thumbnailUrl":"https:\/\/agrupacionespsoe.es\/melilla\/wp-content\/uploads\/sites\/120\/2025\/11\/2025-11-04-RRobles-Parques-scaled.jpg","datePublished":"2025-11-04T12:08:18+00:00","dateModified":"2025-11-04T12:08:20+00:00","breadcrumb":{"@id":"https:\/\/agrupacionespsoe.es\/melilla\/el-psoe-de-melilla-denuncia-el-abandono-de-los-parques-infantiles-en-los-barrios-frente-al-derroche-del-gobierno-del-pp-en-el-centro\/#breadcrumb"},"inLanguage":"es","potentialAction":[{"@type":"ReadAction","target":["https:\/\/agrupacionespsoe.es\/melilla\/el-psoe-de-melilla-denuncia-el-abandono-de-los-parques-infantiles-en-los-barrios-frente-al-derroche-del-gobierno-del-pp-en-el-centro\/"]}]},{"@type":"ImageObject","inLanguage":"es","@id":"https:\/\/agrupacionespsoe.es\/melilla\/el-psoe-de-melilla-denuncia-el-abandono-de-los-parques-infantiles-en-los-barrios-frente-al-derroche-del-gobierno-del-pp-en-el-centro\/#primaryimage","url":"https:\/\/agrupacionespsoe.es\/melilla\/wp-content\/uploads\/sites\/120\/2025\/11\/2025-11-04-RRobles-Parques-scaled.jpg","contentUrl":"https:\/\/agrupacionespsoe.es\/melilla\/wp-content\/uploads\/sites\/120\/2025\/11\/2025-11-04-RRobles-Parques-scaled.jpg","width":2560,"height":1707},{"@type":"BreadcrumbList","@id":"https:\/\/agrupacionespsoe.es\/melilla\/el-psoe-de-melilla-denuncia-el-abandono-de-los-parques-infantiles-en-los-barrios-frente-al-derroche-del-gobierno-del-pp-en-el-centro\/#breadcrumb","itemListElement":[{"@type":"ListItem","position":1,"name":"Portada","item":"https:\/\/agrupacionespsoe.es\/melilla\/"},{"@type":"ListItem","position":2,"name":"El PSOE de Melilla denuncia el abandono de los parques infantiles en los barrios frente al derroche del Gobierno del PP en el centro"}]},{"@type":"WebSite","@id":"https:\/\/agrupacionespsoe.es\/melilla\/#website","url":"https:\/\/agrupacionespsoe.es\/melilla\/","name":"Agrupaci\u00f3n Socialista de Melilla","description":"Agrupaci\u00f3n Socialista de Melilla","publisher":{"@id":"https:\/\/agrupacionespsoe.es\/melilla\/#organization"},"potentialAction":[{"@type":"SearchAction","target":{"@type":"EntryPoint","urlTemplate":"https:\/\/agrupacionespsoe.es\/melilla\/?s={search_term_string}"},"query-input":{"@type":"PropertyValueSpecification","valueRequired":true,"valueName":"search_term_string"}}],"inLanguage":"es"},{"@type":"Organization","@id":"https:\/\/agrupacionespsoe.es\/melilla\/#organization","name":"Agrupaci\u00f3n Socialista de Melilla","url":"https:\/\/agrupacionespsoe.es\/melilla\/","logo":{"@type":"ImageObject","inLanguage":"es","@id":"https:\/\/agrupacionespsoe.es\/melilla\/#\/schema\/logo\/image\/","url":"https:\/\/agrupacionespsoe.es\/wp-content\/uploads\/2022\/07\/Logotipo_electoral_del_PSOE.png","contentUrl":"https:\/\/agrupacionespsoe.es\/wp-content\/uploads\/2022\/07\/Logotipo_electoral_del_PSOE.png","width":422,"height":422,"caption":"Agrupaci\u00f3n Socialista de Melilla"},"image":{"@id":"https:\/\/agrupacionespsoe.es\/melilla\/#\/schema\/logo\/image\/"}},{"@type":"Person","@id":"https:\/\/agrupacionespsoe.es\/melilla\/#\/schema\/person\/72bb3075a827d0ed0623682b96c92bd6","name":"melilla2","image":{"@type":"ImageObject","inLanguage":"es","@id":"https:\/\/agrupacionespsoe.es\/melilla\/#\/schema\/person\/image\/","url":"https:\/\/secure.gravatar.com\/avatar\/489a178e794e59f00db13a448aabca16?s=96&d=mm&r=g","contentUrl":"https:\/\/secure.gravatar.com\/avatar\/489a178e794e59f00db13a448aabca16?s=96&d=mm&r=g","caption":"melilla2"},"url":"https:\/\/agrupacionespsoe.es\/melilla\/author\/melilla2\/"}]}},"jetpack_featured_media_url":"https:\/\/agrupacionespsoe.es\/melilla\/wp-content\/uploads\/sites\/120\/2025\/11\/2025-11-04-RRobles-Parques-scaled.jpg","jetpack_sharing_enabled":true,"_links":{"self":[{"href":"https:\/\/agrupacionespsoe.es\/melilla\/wp-json\/wp\/v2\/posts\/2330","targetHints":{"allow":["GET"]}}],"collection":[{"href":"https:\/\/agrupacionespsoe.es\/melilla\/wp-json\/wp\/v2\/posts"}],"about":[{"href":"https:\/\/agrupacionespsoe.es\/melilla\/wp-json\/wp\/v2\/types\/post"}],"author":[{"embeddable":true,"href":"https:\/\/agrupacionespsoe.es\/melilla\/wp-json\/wp\/v2\/users\/187"}],"replies":[{"embeddable":true,"href":"https:\/\/agrupacionespsoe.es\/melilla\/wp-json\/wp\/v2\/comments?post=2330"}],"version-history":[{"count":1,"href":"https:\/\/agrupacionespsoe.es\/melilla\/wp-json\/wp\/v2\/posts\/2330\/revisions"}],"predecessor-version":[{"id":2332,"href":"https:\/\/agrupacionespsoe.es\/melilla\/wp-json\/wp\/v2\/posts\/2330\/revisions\/2332"}],"wp:featuredmedia":[{"embeddable":true,"href":"https:\/\/agrupacionespsoe.es\/melilla\/wp-json\/wp\/v2\/media\/2331"}],"wp:attachment":[{"href":"https:\/\/agrupacionespsoe.es\/melilla\/wp-json\/wp\/v2\/media?parent=2330"}],"wp:term":[{"taxonomy":"category","embeddable":true,"href":"https:\/\/agrupacionespsoe.es\/melilla\/wp-json\/wp\/v2\/categories?post=2330"},{"taxonomy":"post_tag","embeddable":true,"href":"https:\/\/agrupacionespsoe.es\/melilla\/wp-json\/wp\/v2\/tags?post=2330"}],"curies":[{"name":"wp","href":"https:\/\/api.w.org\/{rel}","templated":true}]}}