{"id":2303,"date":"2025-10-26T11:49:17","date_gmt":"2025-10-26T11:49:17","guid":{"rendered":"https:\/\/agrupacionespsoe.es\/melilla\/?p=2303"},"modified":"2025-10-26T11:49:18","modified_gmt":"2025-10-26T11:49:18","slug":"el-psoe-lamenta-que-el-partido-popular-vote-en-contra-de-la-mocion-para-adecentar-el-barrio-de-la-canada","status":"publish","type":"post","link":"https:\/\/agrupacionespsoe.es\/melilla\/el-psoe-lamenta-que-el-partido-popular-vote-en-contra-de-la-mocion-para-adecentar-el-barrio-de-la-canada\/","title":{"rendered":"El PSOE lamenta que el Partido Popular vote en contra de la moci\u00f3n para adecentar el barrio de la Ca\u00f1ada"},"content":{"rendered":"\n<p><strong>Riduan Moh: \u201cMientras el PP vende humo y da la espalda a los vecinos, nosotros seguiremos siendo su altavoz en la Asamblea\u201d<\/strong><\/p>\n\n\n\n<p>El Grupo Municipal Socialista ha lamentado profundamente que el Partido Popular haya votado en contra de la moci\u00f3n presentada por el PSOE para reparar, adecentar y mejorar las condiciones del barrio de la Ca\u00f1ada de Hid\u00fam. Con esta decisi\u00f3n, denuncian los socialistas, el Gobierno local vuelve a dar la espalda a una de las zonas m\u00e1s castigadas de Melilla, cuyos vecinos llevan a\u00f1os reclamando actuaciones b\u00e1sicas de limpieza, mantenimiento y seguridad sin obtener respuesta.<\/p>\n\n\n\n<p>Durante la \u00faltima Comisi\u00f3n de Fomento, el diputado popular Miguel Mar\u00edn justific\u00f3 el voto en contra asegurando que \u201cya se est\u00e1n llevando a cabo planes y proyectos\u201d en la zona. Sin embargo, desde el PSOE recuerdan que esas promesas se repiten desde hace a\u00f1os sin que se materialicen en mejoras reales para los vecinos de la Ca\u00f1ada. \u201cLa realidad es que los proyectos nunca llegan, y los problemas siguen estando exactamente en el mismo sitio\u201d, ha se\u00f1alado el portavoz socialista Riduan Moh.<\/p>\n\n\n\n<p>Los socialistas denuncian que el barrio contin\u00faa sumido en una situaci\u00f3n de abandono que afecta directamente a la calidad de vida de sus residentes. Las calles permanecen sucias, el mobiliario urbano est\u00e1 deteriorado y la falta de mantenimiento es evidente en cada rinc\u00f3n. \u201cPaseamos por sus calles y los propios vecinos nos cuentan que la suciedad ya no se puede soportar. Hay contenedores rotos, farolas que no funcionan y barandillas en mal estado. Mientras tanto, el se\u00f1or Mar\u00edn sigue echando balones fuera y vendiendo humo\u201d, ha expresado Moh.<\/p>\n\n\n\n<p>Desde el PSOE consideran especialmente grave que el Gobierno del Partido Popular no escuche a los vecinos ni se interese por conocer su situaci\u00f3n de primera mano. \u201cEl se\u00f1or Mar\u00edn no se pasea por los interiores de la Ca\u00f1ada, no visita a los vecinos, no escucha lo que viven cada d\u00eda. Si lo hiciera, sabr\u00eda que estamos hablando de un barrio que se siente olvidado y abandonado por completo por la administraci\u00f3n\u201d, ha lamentado el diputado.<\/p>\n\n\n\n<p>El Grupo Socialista subraya que esta moci\u00f3n no buscaba confrontaci\u00f3n pol\u00edtica, sino una respuesta urgente a una necesidad real y palpable. \u201cNo pedimos grandes obras, pedimos limpieza, iluminaci\u00f3n, seguridad, accesibilidad y respeto por los vecinos. Pedimos condiciones dignas para las personas que viven en la Ca\u00f1ada, como las que tiene cualquier otro melillense\u201d, ha a\u00f1adido Moh.<\/p>\n\n\n\n<p>Para los socialistas, la negativa del PP refleja una vez m\u00e1s la falta de sensibilidad y compromiso del Gobierno local con los barrios perif\u00e9ricos. \u201cNo podemos resignarnos a que existan melillenses de primera y de segunda. Todos merecen vivir en entornos limpios, seguros y cuidados. No hay excusa posible para seguir ignorando a un barrio entero\u201d, ha afirmado el portavoz.<\/p>\n\n\n\n<p>Moh ha reiterado el compromiso del Partido Socialista de seguir siendo el altavoz de los vecinos en la Asamblea, trasladando sus demandas y necesidades para que la Ciudad Aut\u00f3noma act\u00fae con responsabilidad y equidad. \u201cSeguiremos insistiendo para que la voz de la Ca\u00f1ada se escuche. No solo por ellos, sino por todos los barrios de Melilla que tambi\u00e9n reclaman atenci\u00f3n. La ciudad no puede avanzar dejando atr\u00e1s a quienes m\u00e1s lo necesitan\u201d, ha concluido.<\/p>\n","protected":false},"excerpt":{"rendered":"<p>Riduan Moh: \u201cMientras el PP vende humo y da la espalda a los vecinos, nosotros seguiremos siendo su altavoz en la Asamblea\u201d El Grupo Municipal Socialista ha lamentado profundamente que el Partido Popular haya votado en contra de la moci\u00f3n presentada por el PSOE para reparar, adecentar y mejorar las condiciones del barrio de la &#8230;<\/p>\n","protected":false},"author":187,"featured_media":2304,"comment_status":"open","ping_status":"open","sticky":false,"template":"","format":"standard","meta":{"_jetpack_memberships_contains_paid_content":false,"footnotes":""},"categories":[1],"tags":[],"class_list":["post-2303","post","type-post","status-publish","format-standard","has-post-thumbnail","hentry","category-sin-categoria"],"yoast_head":"<!-- This site is optimized with the Yoast SEO plugin v24.0 - https:\/\/yoast.com\/wordpress\/plugins\/seo\/ -->\n<title>El PSOE lamenta que el Partido Popular vote en contra de la moci\u00f3n para adecentar el barrio de la Ca\u00f1ada - Agrupaci\u00f3n Socialista de Melilla<\/title>\n<meta name=\"robots\" content=\"index, follow, max-snippet:-1, max-image-preview:large, max-video-preview:-1\" \/>\n<link rel=\"canonical\" href=\"https:\/\/agrupacionespsoe.es\/melilla\/el-psoe-lamenta-que-el-partido-popular-vote-en-contra-de-la-mocion-para-adecentar-el-barrio-de-la-canada\/\" \/>\n<meta property=\"og:locale\" content=\"es_ES\" \/>\n<meta property=\"og:type\" content=\"article\" \/>\n<meta property=\"og:title\" content=\"El PSOE lamenta que el Partido Popular vote en contra de la moci\u00f3n para adecentar el barrio de la Ca\u00f1ada - Agrupaci\u00f3n Socialista de Melilla\" \/>\n<meta property=\"og:description\" content=\"Riduan Moh: \u201cMientras el PP vende humo y da la espalda a los vecinos, nosotros seguiremos siendo su altavoz en la Asamblea\u201d El Grupo Municipal Socialista ha lamentado profundamente que el Partido Popular haya votado en contra de la moci\u00f3n presentada por el PSOE para reparar, adecentar y mejorar las condiciones del barrio de la ...\" \/>\n<meta property=\"og:url\" content=\"https:\/\/agrupacionespsoe.es\/melilla\/el-psoe-lamenta-que-el-partido-popular-vote-en-contra-de-la-mocion-para-adecentar-el-barrio-de-la-canada\/\" \/>\n<meta property=\"og:site_name\" content=\"Agrupaci\u00f3n Socialista de Melilla\" \/>\n<meta property=\"article:published_time\" content=\"2025-10-26T11:49:17+00:00\" \/>\n<meta property=\"article:modified_time\" content=\"2025-10-26T11:49:18+00:00\" \/>\n<meta property=\"og:image\" content=\"https:\/\/agrupacionespsoe.es\/melilla\/wp-content\/uploads\/sites\/120\/2025\/10\/2025-10-26-RMoh-RespuestamocionCanada.jpg\" \/>\n\t<meta property=\"og:image:width\" content=\"1600\" \/>\n\t<meta property=\"og:image:height\" content=\"1066\" \/>\n\t<meta property=\"og:image:type\" content=\"image\/jpeg\" \/>\n<meta name=\"author\" content=\"melilla2\" \/>\n<meta name=\"twitter:card\" content=\"summary_large_image\" \/>\n<meta name=\"twitter:label1\" content=\"Escrito por\" \/>\n\t<meta name=\"twitter:data1\" content=\"melilla2\" \/>\n\t<meta name=\"twitter:label2\" content=\"Tiempo de lectura\" \/>\n\t<meta name=\"twitter:data2\" content=\"3 minutos\" \/>\n<script type=\"application\/ld+json\" class=\"yoast-schema-graph\">{\"@context\":\"https:\/\/schema.org\",\"@graph\":[{\"@type\":\"Article\",\"@id\":\"https:\/\/agrupacionespsoe.es\/melilla\/el-psoe-lamenta-que-el-partido-popular-vote-en-contra-de-la-mocion-para-adecentar-el-barrio-de-la-canada\/#article\",\"isPartOf\":{\"@id\":\"https:\/\/agrupacionespsoe.es\/melilla\/el-psoe-lamenta-que-el-partido-popular-vote-en-contra-de-la-mocion-para-adecentar-el-barrio-de-la-canada\/\"},\"author\":{\"name\":\"melilla2\",\"@id\":\"https:\/\/agrupacionespsoe.es\/melilla\/#\/schema\/person\/72bb3075a827d0ed0623682b96c92bd6\"},\"headline\":\"El PSOE lamenta que el Partido Popular vote en contra de la moci\u00f3n para adecentar el barrio de la Ca\u00f1ada\",\"datePublished\":\"2025-10-26T11:49:17+00:00\",\"dateModified\":\"2025-10-26T11:49:18+00:00\",\"mainEntityOfPage\":{\"@id\":\"https:\/\/agrupacionespsoe.es\/melilla\/el-psoe-lamenta-que-el-partido-popular-vote-en-contra-de-la-mocion-para-adecentar-el-barrio-de-la-canada\/\"},\"wordCount\":594,\"commentCount\":0,\"publisher\":{\"@id\":\"https:\/\/agrupacionespsoe.es\/melilla\/#organization\"},\"image\":{\"@id\":\"https:\/\/agrupacionespsoe.es\/melilla\/el-psoe-lamenta-que-el-partido-popular-vote-en-contra-de-la-mocion-para-adecentar-el-barrio-de-la-canada\/#primaryimage\"},\"thumbnailUrl\":\"https:\/\/agrupacionespsoe.es\/melilla\/wp-content\/uploads\/sites\/120\/2025\/10\/2025-10-26-RMoh-RespuestamocionCanada.jpg\",\"inLanguage\":\"es\",\"potentialAction\":[{\"@type\":\"CommentAction\",\"name\":\"Comment\",\"target\":[\"https:\/\/agrupacionespsoe.es\/melilla\/el-psoe-lamenta-que-el-partido-popular-vote-en-contra-de-la-mocion-para-adecentar-el-barrio-de-la-canada\/#respond\"]}]},{\"@type\":\"WebPage\",\"@id\":\"https:\/\/agrupacionespsoe.es\/melilla\/el-psoe-lamenta-que-el-partido-popular-vote-en-contra-de-la-mocion-para-adecentar-el-barrio-de-la-canada\/\",\"url\":\"https:\/\/agrupacionespsoe.es\/melilla\/el-psoe-lamenta-que-el-partido-popular-vote-en-contra-de-la-mocion-para-adecentar-el-barrio-de-la-canada\/\",\"name\":\"El PSOE lamenta que el Partido Popular vote en contra de la moci\u00f3n para adecentar el barrio de la Ca\u00f1ada - Agrupaci\u00f3n Socialista de Melilla\",\"isPartOf\":{\"@id\":\"https:\/\/agrupacionespsoe.es\/melilla\/#website\"},\"primaryImageOfPage\":{\"@id\":\"https:\/\/agrupacionespsoe.es\/melilla\/el-psoe-lamenta-que-el-partido-popular-vote-en-contra-de-la-mocion-para-adecentar-el-barrio-de-la-canada\/#primaryimage\"},\"image\":{\"@id\":\"https:\/\/agrupacionespsoe.es\/melilla\/el-psoe-lamenta-que-el-partido-popular-vote-en-contra-de-la-mocion-para-adecentar-el-barrio-de-la-canada\/#primaryimage\"},\"thumbnailUrl\":\"https:\/\/agrupacionespsoe.es\/melilla\/wp-content\/uploads\/sites\/120\/2025\/10\/2025-10-26-RMoh-RespuestamocionCanada.jpg\",\"datePublished\":\"2025-10-26T11:49:17+00:00\",\"dateModified\":\"2025-10-26T11:49:18+00:00\",\"breadcrumb\":{\"@id\":\"https:\/\/agrupacionespsoe.es\/melilla\/el-psoe-lamenta-que-el-partido-popular-vote-en-contra-de-la-mocion-para-adecentar-el-barrio-de-la-canada\/#breadcrumb\"},\"inLanguage\":\"es\",\"potentialAction\":[{\"@type\":\"ReadAction\",\"target\":[\"https:\/\/agrupacionespsoe.es\/melilla\/el-psoe-lamenta-que-el-partido-popular-vote-en-contra-de-la-mocion-para-adecentar-el-barrio-de-la-canada\/\"]}]},{\"@type\":\"ImageObject\",\"inLanguage\":\"es\",\"@id\":\"https:\/\/agrupacionespsoe.es\/melilla\/el-psoe-lamenta-que-el-partido-popular-vote-en-contra-de-la-mocion-para-adecentar-el-barrio-de-la-canada\/#primaryimage\",\"url\":\"https:\/\/agrupacionespsoe.es\/melilla\/wp-content\/uploads\/sites\/120\/2025\/10\/2025-10-26-RMoh-RespuestamocionCanada.jpg\",\"contentUrl\":\"https:\/\/agrupacionespsoe.es\/melilla\/wp-content\/uploads\/sites\/120\/2025\/10\/2025-10-26-RMoh-RespuestamocionCanada.jpg\",\"width\":1600,\"height\":1066},{\"@type\":\"BreadcrumbList\",\"@id\":\"https:\/\/agrupacionespsoe.es\/melilla\/el-psoe-lamenta-que-el-partido-popular-vote-en-contra-de-la-mocion-para-adecentar-el-barrio-de-la-canada\/#breadcrumb\",\"itemListElement\":[{\"@type\":\"ListItem\",\"position\":1,\"name\":\"Portada\",\"item\":\"https:\/\/agrupacionespsoe.es\/melilla\/\"},{\"@type\":\"ListItem\",\"position\":2,\"name\":\"El PSOE lamenta que el Partido Popular vote en contra de la moci\u00f3n para adecentar el barrio de la Ca\u00f1ada\"}]},{\"@type\":\"WebSite\",\"@id\":\"https:\/\/agrupacionespsoe.es\/melilla\/#website\",\"url\":\"https:\/\/agrupacionespsoe.es\/melilla\/\",\"name\":\"Agrupaci\u00f3n Socialista de Melilla\",\"description\":\"Agrupaci\u00f3n Socialista de Melilla\",\"publisher\":{\"@id\":\"https:\/\/agrupacionespsoe.es\/melilla\/#organization\"},\"potentialAction\":[{\"@type\":\"SearchAction\",\"target\":{\"@type\":\"EntryPoint\",\"urlTemplate\":\"https:\/\/agrupacionespsoe.es\/melilla\/?s={search_term_string}\"},\"query-input\":{\"@type\":\"PropertyValueSpecification\",\"valueRequired\":true,\"valueName\":\"search_term_string\"}}],\"inLanguage\":\"es\"},{\"@type\":\"Organization\",\"@id\":\"https:\/\/agrupacionespsoe.es\/melilla\/#organization\",\"name\":\"Agrupaci\u00f3n Socialista de Melilla\",\"url\":\"https:\/\/agrupacionespsoe.es\/melilla\/\",\"logo\":{\"@type\":\"ImageObject\",\"inLanguage\":\"es\",\"@id\":\"https:\/\/agrupacionespsoe.es\/melilla\/#\/schema\/logo\/image\/\",\"url\":\"https:\/\/agrupacionespsoe.es\/wp-content\/uploads\/2022\/07\/Logotipo_electoral_del_PSOE.png\",\"contentUrl\":\"https:\/\/agrupacionespsoe.es\/wp-content\/uploads\/2022\/07\/Logotipo_electoral_del_PSOE.png\",\"width\":422,\"height\":422,\"caption\":\"Agrupaci\u00f3n Socialista de Melilla\"},\"image\":{\"@id\":\"https:\/\/agrupacionespsoe.es\/melilla\/#\/schema\/logo\/image\/\"}},{\"@type\":\"Person\",\"@id\":\"https:\/\/agrupacionespsoe.es\/melilla\/#\/schema\/person\/72bb3075a827d0ed0623682b96c92bd6\",\"name\":\"melilla2\",\"image\":{\"@type\":\"ImageObject\",\"inLanguage\":\"es\",\"@id\":\"https:\/\/agrupacionespsoe.es\/melilla\/#\/schema\/person\/image\/\",\"url\":\"https:\/\/secure.gravatar.com\/avatar\/489a178e794e59f00db13a448aabca16?s=96&d=mm&r=g\",\"contentUrl\":\"https:\/\/secure.gravatar.com\/avatar\/489a178e794e59f00db13a448aabca16?s=96&d=mm&r=g\",\"caption\":\"melilla2\"},\"url\":\"https:\/\/agrupacionespsoe.es\/melilla\/author\/melilla2\/\"}]}<\/script>\n<!-- \/ Yoast SEO plugin. -->","yoast_head_json":{"title":"El PSOE lamenta que el Partido Popular vote en contra de la moci\u00f3n para adecentar el barrio de la Ca\u00f1ada - Agrupaci\u00f3n Socialista de Melilla","robots":{"index":"index","follow":"follow","max-snippet":"max-snippet:-1","max-image-preview":"max-image-preview:large","max-video-preview":"max-video-preview:-1"},"canonical":"https:\/\/agrupacionespsoe.es\/melilla\/el-psoe-lamenta-que-el-partido-popular-vote-en-contra-de-la-mocion-para-adecentar-el-barrio-de-la-canada\/","og_locale":"es_ES","og_type":"article","og_title":"El PSOE lamenta que el Partido Popular vote en contra de la moci\u00f3n para adecentar el barrio de la Ca\u00f1ada - Agrupaci\u00f3n Socialista de Melilla","og_description":"Riduan Moh: \u201cMientras el PP vende humo y da la espalda a los vecinos, nosotros seguiremos siendo su altavoz en la Asamblea\u201d El Grupo Municipal Socialista ha lamentado profundamente que el Partido Popular haya votado en contra de la moci\u00f3n presentada por el PSOE para reparar, adecentar y mejorar las condiciones del barrio de la ...","og_url":"https:\/\/agrupacionespsoe.es\/melilla\/el-psoe-lamenta-que-el-partido-popular-vote-en-contra-de-la-mocion-para-adecentar-el-barrio-de-la-canada\/","og_site_name":"Agrupaci\u00f3n Socialista de Melilla","article_published_time":"2025-10-26T11:49:17+00:00","article_modified_time":"2025-10-26T11:49:18+00:00","og_image":[{"width":1600,"height":1066,"url":"https:\/\/agrupacionespsoe.es\/melilla\/wp-content\/uploads\/sites\/120\/2025\/10\/2025-10-26-RMoh-RespuestamocionCanada.jpg","type":"image\/jpeg"}],"author":"melilla2","twitter_card":"summary_large_image","twitter_misc":{"Escrito por":"melilla2","Tiempo de lectura":"3 minutos"},"schema":{"@context":"https:\/\/schema.org","@graph":[{"@type":"Article","@id":"https:\/\/agrupacionespsoe.es\/melilla\/el-psoe-lamenta-que-el-partido-popular-vote-en-contra-de-la-mocion-para-adecentar-el-barrio-de-la-canada\/#article","isPartOf":{"@id":"https:\/\/agrupacionespsoe.es\/melilla\/el-psoe-lamenta-que-el-partido-popular-vote-en-contra-de-la-mocion-para-adecentar-el-barrio-de-la-canada\/"},"author":{"name":"melilla2","@id":"https:\/\/agrupacionespsoe.es\/melilla\/#\/schema\/person\/72bb3075a827d0ed0623682b96c92bd6"},"headline":"El PSOE lamenta que el Partido Popular vote en contra de la moci\u00f3n para adecentar el barrio de la Ca\u00f1ada","datePublished":"2025-10-26T11:49:17+00:00","dateModified":"2025-10-26T11:49:18+00:00","mainEntityOfPage":{"@id":"https:\/\/agrupacionespsoe.es\/melilla\/el-psoe-lamenta-que-el-partido-popular-vote-en-contra-de-la-mocion-para-adecentar-el-barrio-de-la-canada\/"},"wordCount":594,"commentCount":0,"publisher":{"@id":"https:\/\/agrupacionespsoe.es\/melilla\/#organization"},"image":{"@id":"https:\/\/agrupacionespsoe.es\/melilla\/el-psoe-lamenta-que-el-partido-popular-vote-en-contra-de-la-mocion-para-adecentar-el-barrio-de-la-canada\/#primaryimage"},"thumbnailUrl":"https:\/\/agrupacionespsoe.es\/melilla\/wp-content\/uploads\/sites\/120\/2025\/10\/2025-10-26-RMoh-RespuestamocionCanada.jpg","inLanguage":"es","potentialAction":[{"@type":"CommentAction","name":"Comment","target":["https:\/\/agrupacionespsoe.es\/melilla\/el-psoe-lamenta-que-el-partido-popular-vote-en-contra-de-la-mocion-para-adecentar-el-barrio-de-la-canada\/#respond"]}]},{"@type":"WebPage","@id":"https:\/\/agrupacionespsoe.es\/melilla\/el-psoe-lamenta-que-el-partido-popular-vote-en-contra-de-la-mocion-para-adecentar-el-barrio-de-la-canada\/","url":"https:\/\/agrupacionespsoe.es\/melilla\/el-psoe-lamenta-que-el-partido-popular-vote-en-contra-de-la-mocion-para-adecentar-el-barrio-de-la-canada\/","name":"El PSOE lamenta que el Partido Popular vote en contra de la moci\u00f3n para adecentar el barrio de la Ca\u00f1ada - Agrupaci\u00f3n Socialista de Melilla","isPartOf":{"@id":"https:\/\/agrupacionespsoe.es\/melilla\/#website"},"primaryImageOfPage":{"@id":"https:\/\/agrupacionespsoe.es\/melilla\/el-psoe-lamenta-que-el-partido-popular-vote-en-contra-de-la-mocion-para-adecentar-el-barrio-de-la-canada\/#primaryimage"},"image":{"@id":"https:\/\/agrupacionespsoe.es\/melilla\/el-psoe-lamenta-que-el-partido-popular-vote-en-contra-de-la-mocion-para-adecentar-el-barrio-de-la-canada\/#primaryimage"},"thumbnailUrl":"https:\/\/agrupacionespsoe.es\/melilla\/wp-content\/uploads\/sites\/120\/2025\/10\/2025-10-26-RMoh-RespuestamocionCanada.jpg","datePublished":"2025-10-26T11:49:17+00:00","dateModified":"2025-10-26T11:49:18+00:00","breadcrumb":{"@id":"https:\/\/agrupacionespsoe.es\/melilla\/el-psoe-lamenta-que-el-partido-popular-vote-en-contra-de-la-mocion-para-adecentar-el-barrio-de-la-canada\/#breadcrumb"},"inLanguage":"es","potentialAction":[{"@type":"ReadAction","target":["https:\/\/agrupacionespsoe.es\/melilla\/el-psoe-lamenta-que-el-partido-popular-vote-en-contra-de-la-mocion-para-adecentar-el-barrio-de-la-canada\/"]}]},{"@type":"ImageObject","inLanguage":"es","@id":"https:\/\/agrupacionespsoe.es\/melilla\/el-psoe-lamenta-que-el-partido-popular-vote-en-contra-de-la-mocion-para-adecentar-el-barrio-de-la-canada\/#primaryimage","url":"https:\/\/agrupacionespsoe.es\/melilla\/wp-content\/uploads\/sites\/120\/2025\/10\/2025-10-26-RMoh-RespuestamocionCanada.jpg","contentUrl":"https:\/\/agrupacionespsoe.es\/melilla\/wp-content\/uploads\/sites\/120\/2025\/10\/2025-10-26-RMoh-RespuestamocionCanada.jpg","width":1600,"height":1066},{"@type":"BreadcrumbList","@id":"https:\/\/agrupacionespsoe.es\/melilla\/el-psoe-lamenta-que-el-partido-popular-vote-en-contra-de-la-mocion-para-adecentar-el-barrio-de-la-canada\/#breadcrumb","itemListElement":[{"@type":"ListItem","position":1,"name":"Portada","item":"https:\/\/agrupacionespsoe.es\/melilla\/"},{"@type":"ListItem","position":2,"name":"El PSOE lamenta que el Partido Popular vote en contra de la moci\u00f3n para adecentar el barrio de la Ca\u00f1ada"}]},{"@type":"WebSite","@id":"https:\/\/agrupacionespsoe.es\/melilla\/#website","url":"https:\/\/agrupacionespsoe.es\/melilla\/","name":"Agrupaci\u00f3n Socialista de Melilla","description":"Agrupaci\u00f3n Socialista de Melilla","publisher":{"@id":"https:\/\/agrupacionespsoe.es\/melilla\/#organization"},"potentialAction":[{"@type":"SearchAction","target":{"@type":"EntryPoint","urlTemplate":"https:\/\/agrupacionespsoe.es\/melilla\/?s={search_term_string}"},"query-input":{"@type":"PropertyValueSpecification","valueRequired":true,"valueName":"search_term_string"}}],"inLanguage":"es"},{"@type":"Organization","@id":"https:\/\/agrupacionespsoe.es\/melilla\/#organization","name":"Agrupaci\u00f3n Socialista de Melilla","url":"https:\/\/agrupacionespsoe.es\/melilla\/","logo":{"@type":"ImageObject","inLanguage":"es","@id":"https:\/\/agrupacionespsoe.es\/melilla\/#\/schema\/logo\/image\/","url":"https:\/\/agrupacionespsoe.es\/wp-content\/uploads\/2022\/07\/Logotipo_electoral_del_PSOE.png","contentUrl":"https:\/\/agrupacionespsoe.es\/wp-content\/uploads\/2022\/07\/Logotipo_electoral_del_PSOE.png","width":422,"height":422,"caption":"Agrupaci\u00f3n Socialista de Melilla"},"image":{"@id":"https:\/\/agrupacionespsoe.es\/melilla\/#\/schema\/logo\/image\/"}},{"@type":"Person","@id":"https:\/\/agrupacionespsoe.es\/melilla\/#\/schema\/person\/72bb3075a827d0ed0623682b96c92bd6","name":"melilla2","image":{"@type":"ImageObject","inLanguage":"es","@id":"https:\/\/agrupacionespsoe.es\/melilla\/#\/schema\/person\/image\/","url":"https:\/\/secure.gravatar.com\/avatar\/489a178e794e59f00db13a448aabca16?s=96&d=mm&r=g","contentUrl":"https:\/\/secure.gravatar.com\/avatar\/489a178e794e59f00db13a448aabca16?s=96&d=mm&r=g","caption":"melilla2"},"url":"https:\/\/agrupacionespsoe.es\/melilla\/author\/melilla2\/"}]}},"jetpack_featured_media_url":"https:\/\/agrupacionespsoe.es\/melilla\/wp-content\/uploads\/sites\/120\/2025\/10\/2025-10-26-RMoh-RespuestamocionCanada.jpg","jetpack_sharing_enabled":true,"_links":{"self":[{"href":"https:\/\/agrupacionespsoe.es\/melilla\/wp-json\/wp\/v2\/posts\/2303","targetHints":{"allow":["GET"]}}],"collection":[{"href":"https:\/\/agrupacionespsoe.es\/melilla\/wp-json\/wp\/v2\/posts"}],"about":[{"href":"https:\/\/agrupacionespsoe.es\/melilla\/wp-json\/wp\/v2\/types\/post"}],"author":[{"embeddable":true,"href":"https:\/\/agrupacionespsoe.es\/melilla\/wp-json\/wp\/v2\/users\/187"}],"replies":[{"embeddable":true,"href":"https:\/\/agrupacionespsoe.es\/melilla\/wp-json\/wp\/v2\/comments?post=2303"}],"version-history":[{"count":1,"href":"https:\/\/agrupacionespsoe.es\/melilla\/wp-json\/wp\/v2\/posts\/2303\/revisions"}],"predecessor-version":[{"id":2305,"href":"https:\/\/agrupacionespsoe.es\/melilla\/wp-json\/wp\/v2\/posts\/2303\/revisions\/2305"}],"wp:featuredmedia":[{"embeddable":true,"href":"https:\/\/agrupacionespsoe.es\/melilla\/wp-json\/wp\/v2\/media\/2304"}],"wp:attachment":[{"href":"https:\/\/agrupacionespsoe.es\/melilla\/wp-json\/wp\/v2\/media?parent=2303"}],"wp:term":[{"taxonomy":"category","embeddable":true,"href":"https:\/\/agrupacionespsoe.es\/melilla\/wp-json\/wp\/v2\/categories?post=2303"},{"taxonomy":"post_tag","embeddable":true,"href":"https:\/\/agrupacionespsoe.es\/melilla\/wp-json\/wp\/v2\/tags?post=2303"}],"curies":[{"name":"wp","href":"https:\/\/api.w.org\/{rel}","templated":true}]}}