{"id":2286,"date":"2025-10-19T08:35:02","date_gmt":"2025-10-19T08:35:02","guid":{"rendered":"https:\/\/agrupacionespsoe.es\/melilla\/?p=2286"},"modified":"2025-10-19T08:35:03","modified_gmt":"2025-10-19T08:35:03","slug":"el-psoe-de-melilla-se-suma-al-dia-mundial-contra-el-cancer-de-mama-la-sanidad-publica-salva-vidas-y-garantiza-la-igualdad","status":"publish","type":"post","link":"https:\/\/agrupacionespsoe.es\/melilla\/el-psoe-de-melilla-se-suma-al-dia-mundial-contra-el-cancer-de-mama-la-sanidad-publica-salva-vidas-y-garantiza-la-igualdad\/","title":{"rendered":"El PSOE de Melilla se suma al D\u00eda Mundial contra el C\u00e1ncer de Mama: \u201cLa sanidad p\u00fablica salva vidas y garantiza la igualdad\u201d"},"content":{"rendered":"\n<p><strong>Los socialistas melillenses reafirman su compromiso con la igualdad, la salud y la defensa de una sanidad p\u00fablica fuerte y cercana<\/strong><\/p>\n\n\n\n<p>Con motivo del D\u00eda Mundial contra el C\u00e1ncer de Mama, el PSOE de Melilla se une a esta jornada de apoyo, solidaridad y conciencia hacia todas las mujeres que est\u00e1n enfrentando esta enfermedad. Bajo el lema que define a los y las socialistas \u2014una sanidad p\u00fablica, gratuita, universal y de calidad\u2014, el partido reafirma su compromiso con un sistema sanitario fuerte y justo, que proteja a todas las personas por igual, sin importar su origen o situaci\u00f3n econ\u00f3mica.<\/p>\n\n\n\n<p>\u201cCada diagn\u00f3stico es mucho m\u00e1s que una estad\u00edstica. Es una historia, una vida, una familia. Por eso, nuestro deber como socialistas es seguir trabajando para que ninguna mujer se sienta sola, sin recursos o sin esperanza\u201d, ha se\u00f1alado Mar\u00eda Jos\u00e9&nbsp;Lenferding, Secretaria de Igualdad del PSOE de Melilla.<\/p>\n\n\n\n<p>Desde el PSOE se recuerda que los avances en la lucha contra el c\u00e1ncer de mama son fruto del esfuerzo colectivo: de los profesionales sanitarios, de la investigaci\u00f3n y, sobre todo, de la apuesta firme de los gobiernos socialistas por la sanidad p\u00fablica. \u201cLa salud no puede depender del dinero que se tenga en el bolsillo. La salud es un derecho, no un privilegio\u201d, ha subrayado.<\/p>\n\n\n\n<p>El PSOE de Melilla ha querido poner en valor los programas de detecci\u00f3n precoz y prevenci\u00f3n como una herramienta esencial para salvar vidas, y ha mostrado su preocupaci\u00f3n por los recientes fallos en la gesti\u00f3n sanitaria ocurridos en algunas comunidades. \u201cNo se puede jugar con la salud ni con la tranquilidad de las mujeres. Exigimos responsabilidad, coordinaci\u00f3n y transparencia. La sanidad p\u00fablica debe estar por encima de cualquier inter\u00e9s partidista\u201d, ha afirmado.<\/p>\n\n\n\n<p>Asimismo, los socialistas destacan el impulso de medidas pioneras que han fortalecido la lucha contra el c\u00e1ncer en Espa\u00f1a, como la Estrategia Nacional en C\u00e1ncer, el Derecho al Olvido Oncol\u00f3gico, la implantaci\u00f3n de nuevos tratamientos y la mejora de equipamientos en hospitales p\u00fablicos.<\/p>\n\n\n\n<p>Finalmente, el PSOE de Melilla ha querido agradecer el trabajo y la entrega de las asociaciones de pacientes y familiares, cuyo acompa\u00f1amiento y compromiso diario son un ejemplo de solidaridad y esperanza.<\/p>\n\n\n\n<p>\u201cEl D\u00eda Mundial contra el C\u00e1ncer de Mama nos recuerda que la sanidad p\u00fablica salva vidas y que la igualdad tambi\u00e9n se defiende desde la salud. Seguiremos luchando por justicia, por dignidad y por la vida de todas las mujeres\u201d, ha concluido.<\/p>\n","protected":false},"excerpt":{"rendered":"<p>Los socialistas melillenses reafirman su compromiso con la igualdad, la salud y la defensa de una sanidad p\u00fablica fuerte y cercana Con motivo del D\u00eda Mundial contra el C\u00e1ncer de Mama, el PSOE de Melilla se une a esta jornada de apoyo, solidaridad y conciencia hacia todas las mujeres que est\u00e1n enfrentando esta enfermedad. Bajo &#8230;<\/p>\n","protected":false},"author":187,"featured_media":0,"comment_status":"open","ping_status":"open","sticky":false,"template":"","format":"standard","meta":{"_jetpack_memberships_contains_paid_content":false,"footnotes":""},"categories":[1],"tags":[],"class_list":["post-2286","post","type-post","status-publish","format-standard","hentry","category-sin-categoria"],"yoast_head":"<!-- This site is optimized with the Yoast SEO plugin v24.0 - https:\/\/yoast.com\/wordpress\/plugins\/seo\/ -->\n<title>El PSOE de Melilla se suma al D\u00eda Mundial contra el C\u00e1ncer de Mama: \u201cLa sanidad p\u00fablica salva vidas y garantiza la igualdad\u201d - Agrupaci\u00f3n Socialista de Melilla<\/title>\n<meta name=\"robots\" content=\"index, follow, max-snippet:-1, max-image-preview:large, max-video-preview:-1\" \/>\n<link rel=\"canonical\" href=\"https:\/\/agrupacionespsoe.es\/melilla\/el-psoe-de-melilla-se-suma-al-dia-mundial-contra-el-cancer-de-mama-la-sanidad-publica-salva-vidas-y-garantiza-la-igualdad\/\" \/>\n<meta property=\"og:locale\" content=\"es_ES\" \/>\n<meta property=\"og:type\" content=\"article\" \/>\n<meta property=\"og:title\" content=\"El PSOE de Melilla se suma al D\u00eda Mundial contra el C\u00e1ncer de Mama: \u201cLa sanidad p\u00fablica salva vidas y garantiza la igualdad\u201d - Agrupaci\u00f3n Socialista de Melilla\" \/>\n<meta property=\"og:description\" content=\"Los socialistas melillenses reafirman su compromiso con la igualdad, la salud y la defensa de una sanidad p\u00fablica fuerte y cercana Con motivo del D\u00eda Mundial contra el C\u00e1ncer de Mama, el PSOE de Melilla se une a esta jornada de apoyo, solidaridad y conciencia hacia todas las mujeres que est\u00e1n enfrentando esta enfermedad. Bajo ...\" \/>\n<meta property=\"og:url\" content=\"https:\/\/agrupacionespsoe.es\/melilla\/el-psoe-de-melilla-se-suma-al-dia-mundial-contra-el-cancer-de-mama-la-sanidad-publica-salva-vidas-y-garantiza-la-igualdad\/\" \/>\n<meta property=\"og:site_name\" content=\"Agrupaci\u00f3n Socialista de Melilla\" \/>\n<meta property=\"article:published_time\" content=\"2025-10-19T08:35:02+00:00\" \/>\n<meta property=\"article:modified_time\" content=\"2025-10-19T08:35:03+00:00\" \/>\n<meta name=\"author\" content=\"melilla2\" \/>\n<meta name=\"twitter:card\" content=\"summary_large_image\" \/>\n<meta name=\"twitter:label1\" content=\"Escrito por\" \/>\n\t<meta name=\"twitter:data1\" content=\"melilla2\" \/>\n\t<meta name=\"twitter:label2\" content=\"Tiempo de lectura\" \/>\n\t<meta name=\"twitter:data2\" content=\"2 minutos\" \/>\n<script type=\"application\/ld+json\" class=\"yoast-schema-graph\">{\"@context\":\"https:\/\/schema.org\",\"@graph\":[{\"@type\":\"Article\",\"@id\":\"https:\/\/agrupacionespsoe.es\/melilla\/el-psoe-de-melilla-se-suma-al-dia-mundial-contra-el-cancer-de-mama-la-sanidad-publica-salva-vidas-y-garantiza-la-igualdad\/#article\",\"isPartOf\":{\"@id\":\"https:\/\/agrupacionespsoe.es\/melilla\/el-psoe-de-melilla-se-suma-al-dia-mundial-contra-el-cancer-de-mama-la-sanidad-publica-salva-vidas-y-garantiza-la-igualdad\/\"},\"author\":{\"name\":\"melilla2\",\"@id\":\"https:\/\/agrupacionespsoe.es\/melilla\/#\/schema\/person\/72bb3075a827d0ed0623682b96c92bd6\"},\"headline\":\"El PSOE de Melilla se suma al D\u00eda Mundial contra el C\u00e1ncer de Mama: \u201cLa sanidad p\u00fablica salva vidas y garantiza la igualdad\u201d\",\"datePublished\":\"2025-10-19T08:35:02+00:00\",\"dateModified\":\"2025-10-19T08:35:03+00:00\",\"mainEntityOfPage\":{\"@id\":\"https:\/\/agrupacionespsoe.es\/melilla\/el-psoe-de-melilla-se-suma-al-dia-mundial-contra-el-cancer-de-mama-la-sanidad-publica-salva-vidas-y-garantiza-la-igualdad\/\"},\"wordCount\":462,\"commentCount\":0,\"publisher\":{\"@id\":\"https:\/\/agrupacionespsoe.es\/melilla\/#organization\"},\"inLanguage\":\"es\",\"potentialAction\":[{\"@type\":\"CommentAction\",\"name\":\"Comment\",\"target\":[\"https:\/\/agrupacionespsoe.es\/melilla\/el-psoe-de-melilla-se-suma-al-dia-mundial-contra-el-cancer-de-mama-la-sanidad-publica-salva-vidas-y-garantiza-la-igualdad\/#respond\"]}]},{\"@type\":\"WebPage\",\"@id\":\"https:\/\/agrupacionespsoe.es\/melilla\/el-psoe-de-melilla-se-suma-al-dia-mundial-contra-el-cancer-de-mama-la-sanidad-publica-salva-vidas-y-garantiza-la-igualdad\/\",\"url\":\"https:\/\/agrupacionespsoe.es\/melilla\/el-psoe-de-melilla-se-suma-al-dia-mundial-contra-el-cancer-de-mama-la-sanidad-publica-salva-vidas-y-garantiza-la-igualdad\/\",\"name\":\"El PSOE de Melilla se suma al D\u00eda Mundial contra el C\u00e1ncer de Mama: \u201cLa sanidad p\u00fablica salva vidas y garantiza la igualdad\u201d - Agrupaci\u00f3n Socialista de Melilla\",\"isPartOf\":{\"@id\":\"https:\/\/agrupacionespsoe.es\/melilla\/#website\"},\"datePublished\":\"2025-10-19T08:35:02+00:00\",\"dateModified\":\"2025-10-19T08:35:03+00:00\",\"breadcrumb\":{\"@id\":\"https:\/\/agrupacionespsoe.es\/melilla\/el-psoe-de-melilla-se-suma-al-dia-mundial-contra-el-cancer-de-mama-la-sanidad-publica-salva-vidas-y-garantiza-la-igualdad\/#breadcrumb\"},\"inLanguage\":\"es\",\"potentialAction\":[{\"@type\":\"ReadAction\",\"target\":[\"https:\/\/agrupacionespsoe.es\/melilla\/el-psoe-de-melilla-se-suma-al-dia-mundial-contra-el-cancer-de-mama-la-sanidad-publica-salva-vidas-y-garantiza-la-igualdad\/\"]}]},{\"@type\":\"BreadcrumbList\",\"@id\":\"https:\/\/agrupacionespsoe.es\/melilla\/el-psoe-de-melilla-se-suma-al-dia-mundial-contra-el-cancer-de-mama-la-sanidad-publica-salva-vidas-y-garantiza-la-igualdad\/#breadcrumb\",\"itemListElement\":[{\"@type\":\"ListItem\",\"position\":1,\"name\":\"Portada\",\"item\":\"https:\/\/agrupacionespsoe.es\/melilla\/\"},{\"@type\":\"ListItem\",\"position\":2,\"name\":\"El PSOE de Melilla se suma al D\u00eda Mundial contra el C\u00e1ncer de Mama: \u201cLa sanidad p\u00fablica salva vidas y garantiza la igualdad\u201d\"}]},{\"@type\":\"WebSite\",\"@id\":\"https:\/\/agrupacionespsoe.es\/melilla\/#website\",\"url\":\"https:\/\/agrupacionespsoe.es\/melilla\/\",\"name\":\"Agrupaci\u00f3n Socialista de Melilla\",\"description\":\"Agrupaci\u00f3n Socialista de Melilla\",\"publisher\":{\"@id\":\"https:\/\/agrupacionespsoe.es\/melilla\/#organization\"},\"potentialAction\":[{\"@type\":\"SearchAction\",\"target\":{\"@type\":\"EntryPoint\",\"urlTemplate\":\"https:\/\/agrupacionespsoe.es\/melilla\/?s={search_term_string}\"},\"query-input\":{\"@type\":\"PropertyValueSpecification\",\"valueRequired\":true,\"valueName\":\"search_term_string\"}}],\"inLanguage\":\"es\"},{\"@type\":\"Organization\",\"@id\":\"https:\/\/agrupacionespsoe.es\/melilla\/#organization\",\"name\":\"Agrupaci\u00f3n Socialista de Melilla\",\"url\":\"https:\/\/agrupacionespsoe.es\/melilla\/\",\"logo\":{\"@type\":\"ImageObject\",\"inLanguage\":\"es\",\"@id\":\"https:\/\/agrupacionespsoe.es\/melilla\/#\/schema\/logo\/image\/\",\"url\":\"https:\/\/agrupacionespsoe.es\/wp-content\/uploads\/2022\/07\/Logotipo_electoral_del_PSOE.png\",\"contentUrl\":\"https:\/\/agrupacionespsoe.es\/wp-content\/uploads\/2022\/07\/Logotipo_electoral_del_PSOE.png\",\"width\":422,\"height\":422,\"caption\":\"Agrupaci\u00f3n Socialista de Melilla\"},\"image\":{\"@id\":\"https:\/\/agrupacionespsoe.es\/melilla\/#\/schema\/logo\/image\/\"}},{\"@type\":\"Person\",\"@id\":\"https:\/\/agrupacionespsoe.es\/melilla\/#\/schema\/person\/72bb3075a827d0ed0623682b96c92bd6\",\"name\":\"melilla2\",\"image\":{\"@type\":\"ImageObject\",\"inLanguage\":\"es\",\"@id\":\"https:\/\/agrupacionespsoe.es\/melilla\/#\/schema\/person\/image\/\",\"url\":\"https:\/\/secure.gravatar.com\/avatar\/489a178e794e59f00db13a448aabca16?s=96&d=mm&r=g\",\"contentUrl\":\"https:\/\/secure.gravatar.com\/avatar\/489a178e794e59f00db13a448aabca16?s=96&d=mm&r=g\",\"caption\":\"melilla2\"},\"url\":\"https:\/\/agrupacionespsoe.es\/melilla\/author\/melilla2\/\"}]}<\/script>\n<!-- \/ Yoast SEO plugin. -->","yoast_head_json":{"title":"El PSOE de Melilla se suma al D\u00eda Mundial contra el C\u00e1ncer de Mama: \u201cLa sanidad p\u00fablica salva vidas y garantiza la igualdad\u201d - Agrupaci\u00f3n Socialista de Melilla","robots":{"index":"index","follow":"follow","max-snippet":"max-snippet:-1","max-image-preview":"max-image-preview:large","max-video-preview":"max-video-preview:-1"},"canonical":"https:\/\/agrupacionespsoe.es\/melilla\/el-psoe-de-melilla-se-suma-al-dia-mundial-contra-el-cancer-de-mama-la-sanidad-publica-salva-vidas-y-garantiza-la-igualdad\/","og_locale":"es_ES","og_type":"article","og_title":"El PSOE de Melilla se suma al D\u00eda Mundial contra el C\u00e1ncer de Mama: \u201cLa sanidad p\u00fablica salva vidas y garantiza la igualdad\u201d - Agrupaci\u00f3n Socialista de Melilla","og_description":"Los socialistas melillenses reafirman su compromiso con la igualdad, la salud y la defensa de una sanidad p\u00fablica fuerte y cercana Con motivo del D\u00eda Mundial contra el C\u00e1ncer de Mama, el PSOE de Melilla se une a esta jornada de apoyo, solidaridad y conciencia hacia todas las mujeres que est\u00e1n enfrentando esta enfermedad. Bajo ...","og_url":"https:\/\/agrupacionespsoe.es\/melilla\/el-psoe-de-melilla-se-suma-al-dia-mundial-contra-el-cancer-de-mama-la-sanidad-publica-salva-vidas-y-garantiza-la-igualdad\/","og_site_name":"Agrupaci\u00f3n Socialista de Melilla","article_published_time":"2025-10-19T08:35:02+00:00","article_modified_time":"2025-10-19T08:35:03+00:00","author":"melilla2","twitter_card":"summary_large_image","twitter_misc":{"Escrito por":"melilla2","Tiempo de lectura":"2 minutos"},"schema":{"@context":"https:\/\/schema.org","@graph":[{"@type":"Article","@id":"https:\/\/agrupacionespsoe.es\/melilla\/el-psoe-de-melilla-se-suma-al-dia-mundial-contra-el-cancer-de-mama-la-sanidad-publica-salva-vidas-y-garantiza-la-igualdad\/#article","isPartOf":{"@id":"https:\/\/agrupacionespsoe.es\/melilla\/el-psoe-de-melilla-se-suma-al-dia-mundial-contra-el-cancer-de-mama-la-sanidad-publica-salva-vidas-y-garantiza-la-igualdad\/"},"author":{"name":"melilla2","@id":"https:\/\/agrupacionespsoe.es\/melilla\/#\/schema\/person\/72bb3075a827d0ed0623682b96c92bd6"},"headline":"El PSOE de Melilla se suma al D\u00eda Mundial contra el C\u00e1ncer de Mama: \u201cLa sanidad p\u00fablica salva vidas y garantiza la igualdad\u201d","datePublished":"2025-10-19T08:35:02+00:00","dateModified":"2025-10-19T08:35:03+00:00","mainEntityOfPage":{"@id":"https:\/\/agrupacionespsoe.es\/melilla\/el-psoe-de-melilla-se-suma-al-dia-mundial-contra-el-cancer-de-mama-la-sanidad-publica-salva-vidas-y-garantiza-la-igualdad\/"},"wordCount":462,"commentCount":0,"publisher":{"@id":"https:\/\/agrupacionespsoe.es\/melilla\/#organization"},"inLanguage":"es","potentialAction":[{"@type":"CommentAction","name":"Comment","target":["https:\/\/agrupacionespsoe.es\/melilla\/el-psoe-de-melilla-se-suma-al-dia-mundial-contra-el-cancer-de-mama-la-sanidad-publica-salva-vidas-y-garantiza-la-igualdad\/#respond"]}]},{"@type":"WebPage","@id":"https:\/\/agrupacionespsoe.es\/melilla\/el-psoe-de-melilla-se-suma-al-dia-mundial-contra-el-cancer-de-mama-la-sanidad-publica-salva-vidas-y-garantiza-la-igualdad\/","url":"https:\/\/agrupacionespsoe.es\/melilla\/el-psoe-de-melilla-se-suma-al-dia-mundial-contra-el-cancer-de-mama-la-sanidad-publica-salva-vidas-y-garantiza-la-igualdad\/","name":"El PSOE de Melilla se suma al D\u00eda Mundial contra el C\u00e1ncer de Mama: \u201cLa sanidad p\u00fablica salva vidas y garantiza la igualdad\u201d - Agrupaci\u00f3n Socialista de Melilla","isPartOf":{"@id":"https:\/\/agrupacionespsoe.es\/melilla\/#website"},"datePublished":"2025-10-19T08:35:02+00:00","dateModified":"2025-10-19T08:35:03+00:00","breadcrumb":{"@id":"https:\/\/agrupacionespsoe.es\/melilla\/el-psoe-de-melilla-se-suma-al-dia-mundial-contra-el-cancer-de-mama-la-sanidad-publica-salva-vidas-y-garantiza-la-igualdad\/#breadcrumb"},"inLanguage":"es","potentialAction":[{"@type":"ReadAction","target":["https:\/\/agrupacionespsoe.es\/melilla\/el-psoe-de-melilla-se-suma-al-dia-mundial-contra-el-cancer-de-mama-la-sanidad-publica-salva-vidas-y-garantiza-la-igualdad\/"]}]},{"@type":"BreadcrumbList","@id":"https:\/\/agrupacionespsoe.es\/melilla\/el-psoe-de-melilla-se-suma-al-dia-mundial-contra-el-cancer-de-mama-la-sanidad-publica-salva-vidas-y-garantiza-la-igualdad\/#breadcrumb","itemListElement":[{"@type":"ListItem","position":1,"name":"Portada","item":"https:\/\/agrupacionespsoe.es\/melilla\/"},{"@type":"ListItem","position":2,"name":"El PSOE de Melilla se suma al D\u00eda Mundial contra el C\u00e1ncer de Mama: \u201cLa sanidad p\u00fablica salva vidas y garantiza la igualdad\u201d"}]},{"@type":"WebSite","@id":"https:\/\/agrupacionespsoe.es\/melilla\/#website","url":"https:\/\/agrupacionespsoe.es\/melilla\/","name":"Agrupaci\u00f3n Socialista de Melilla","description":"Agrupaci\u00f3n Socialista de Melilla","publisher":{"@id":"https:\/\/agrupacionespsoe.es\/melilla\/#organization"},"potentialAction":[{"@type":"SearchAction","target":{"@type":"EntryPoint","urlTemplate":"https:\/\/agrupacionespsoe.es\/melilla\/?s={search_term_string}"},"query-input":{"@type":"PropertyValueSpecification","valueRequired":true,"valueName":"search_term_string"}}],"inLanguage":"es"},{"@type":"Organization","@id":"https:\/\/agrupacionespsoe.es\/melilla\/#organization","name":"Agrupaci\u00f3n Socialista de Melilla","url":"https:\/\/agrupacionespsoe.es\/melilla\/","logo":{"@type":"ImageObject","inLanguage":"es","@id":"https:\/\/agrupacionespsoe.es\/melilla\/#\/schema\/logo\/image\/","url":"https:\/\/agrupacionespsoe.es\/wp-content\/uploads\/2022\/07\/Logotipo_electoral_del_PSOE.png","contentUrl":"https:\/\/agrupacionespsoe.es\/wp-content\/uploads\/2022\/07\/Logotipo_electoral_del_PSOE.png","width":422,"height":422,"caption":"Agrupaci\u00f3n Socialista de Melilla"},"image":{"@id":"https:\/\/agrupacionespsoe.es\/melilla\/#\/schema\/logo\/image\/"}},{"@type":"Person","@id":"https:\/\/agrupacionespsoe.es\/melilla\/#\/schema\/person\/72bb3075a827d0ed0623682b96c92bd6","name":"melilla2","image":{"@type":"ImageObject","inLanguage":"es","@id":"https:\/\/agrupacionespsoe.es\/melilla\/#\/schema\/person\/image\/","url":"https:\/\/secure.gravatar.com\/avatar\/489a178e794e59f00db13a448aabca16?s=96&d=mm&r=g","contentUrl":"https:\/\/secure.gravatar.com\/avatar\/489a178e794e59f00db13a448aabca16?s=96&d=mm&r=g","caption":"melilla2"},"url":"https:\/\/agrupacionespsoe.es\/melilla\/author\/melilla2\/"}]}},"jetpack_featured_media_url":"","jetpack_sharing_enabled":true,"_links":{"self":[{"href":"https:\/\/agrupacionespsoe.es\/melilla\/wp-json\/wp\/v2\/posts\/2286","targetHints":{"allow":["GET"]}}],"collection":[{"href":"https:\/\/agrupacionespsoe.es\/melilla\/wp-json\/wp\/v2\/posts"}],"about":[{"href":"https:\/\/agrupacionespsoe.es\/melilla\/wp-json\/wp\/v2\/types\/post"}],"author":[{"embeddable":true,"href":"https:\/\/agrupacionespsoe.es\/melilla\/wp-json\/wp\/v2\/users\/187"}],"replies":[{"embeddable":true,"href":"https:\/\/agrupacionespsoe.es\/melilla\/wp-json\/wp\/v2\/comments?post=2286"}],"version-history":[{"count":1,"href":"https:\/\/agrupacionespsoe.es\/melilla\/wp-json\/wp\/v2\/posts\/2286\/revisions"}],"predecessor-version":[{"id":2287,"href":"https:\/\/agrupacionespsoe.es\/melilla\/wp-json\/wp\/v2\/posts\/2286\/revisions\/2287"}],"wp:attachment":[{"href":"https:\/\/agrupacionespsoe.es\/melilla\/wp-json\/wp\/v2\/media?parent=2286"}],"wp:term":[{"taxonomy":"category","embeddable":true,"href":"https:\/\/agrupacionespsoe.es\/melilla\/wp-json\/wp\/v2\/categories?post=2286"},{"taxonomy":"post_tag","embeddable":true,"href":"https:\/\/agrupacionespsoe.es\/melilla\/wp-json\/wp\/v2\/tags?post=2286"}],"curies":[{"name":"wp","href":"https:\/\/api.w.org\/{rel}","templated":true}]}}