{"id":2283,"date":"2025-10-17T08:57:10","date_gmt":"2025-10-17T08:57:10","guid":{"rendered":"https:\/\/agrupacionespsoe.es\/melilla\/?p=2283"},"modified":"2025-10-17T08:57:11","modified_gmt":"2025-10-17T08:57:11","slug":"el-psoe-denuncia-el-total-abandono-del-gobierno-imbroda-a-la-barriada-de-las-palmeras","status":"publish","type":"post","link":"https:\/\/agrupacionespsoe.es\/melilla\/el-psoe-denuncia-el-total-abandono-del-gobierno-imbroda-a-la-barriada-de-las-palmeras\/","title":{"rendered":"El PSOE denuncia el total abandono del Gobierno Imbroda a la barriada de Las Palmeras"},"content":{"rendered":"\n<p><strong>\u201cEl barrio est\u00e1 peor que nunca, con basura que se amontona por todos lados y genera focos de infecci\u00f3n\u201d, censura Riduan Moh<\/strong><\/p>\n\n\n\n<p>Montones de basura y escombros se acumulan por las calles y aceras, pintadas en pr\u00e1cticamente todas las paredes de la zona, papeleras y bancos destrozados, baldosas rotas, \u00e1rboles que llevan meses sin podar, aguas fecales\u2026 El Gobierno de Imbroda ha castigado a la barriada de Las Palmeras, a la que tiene total y absolutamente abandonada.<\/p>\n\n\n\n<p>\u201cLa barriada est\u00e1 peor que nunca\u201d. Es la frase que los vecinos de la zona no dejaron de repetir en la visita que el PSOE llev\u00f3 a cabo en la tarde de ayer, encabezada por la secretaria general, Sabrina Moh, y a la que acudieron los diputados del Grupo Socialista, Riduan Moh, Rafael Robles y Paqui Maeso, adem\u00e1s de otros miembros de la formaci\u00f3n, que pudieron constatar de primera mano la suciedad y el total abandono que sufre la zona.<\/p>\n\n\n\n<p>Colchones, una nevera, un cochecito de ni\u00f1o, asientos y sillones rotos, una taza de ba\u00f1o, junto con bolsas de basura, latas y desperdicios se amontonan no solo en descampados sino aqu\u00ed y all\u00e1 en las diferentes calles de la barriada, generando malos olores, atrayendo insectos y creando focos de infecci\u00f3n.<\/p>\n\n\n\n<p>El portavoz del Grupo Socialista, Riduan Moh, destac\u00f3 que \u201cel abandono se ve en las calles, con rincones repletos de basura, mobiliario urbano deteriorado y contenedores en un estado lamentable\u201d. A\u00f1adi\u00f3 que \u201clos vecinos y vecinas est\u00e1n hartos de que sus exigencias no lleguen a donde tienen que llegar, que es al Gobierno de la Ciudad\u201d.<\/p>\n\n\n\n<p>Moh explic\u00f3 que el PSOE acude a los barrios \u201ca escuchar de primera mano las necesidades de los vecinos\u201d y anunci\u00f3 que \u201cvamos a presentar una moci\u00f3n en la Asamblea para que se atiendan todas estas peticiones, que son normales y completamente l\u00f3gicas, y que los vecinos de Las Palmeras tengan por fin la situaci\u00f3n que se merecen\u201d.<\/p>\n\n\n\n<p>Asimismo, el portavoz socialista subray\u00f3 que \u201cla ciudadan\u00eda melillense no se merece este maltrato por parte del Gobierno local\u201d y exigi\u00f3 al Ejecutivo de Imbroda \u201cuna limpieza de choque, la poda y saneamiento de los \u00e1rboles de la zona, el arreglo del mobiliario urbano destrozado, as\u00ed como el borrado de las pintadas y la reparaci\u00f3n de las calles\u201d.<\/p>\n\n\n\n<p>\u201cDesgraciadamente estamos viendo c\u00f3mo el abandono de los barrios es una constante por parte del Gobierno local; hay una total desidia e indiferencia hacia las y los melillenses por parte del PP\u201d, lament\u00f3 Riduan Moh.<\/p>\n","protected":false},"excerpt":{"rendered":"<p>\u201cEl barrio est\u00e1 peor que nunca, con basura que se amontona por todos lados y genera focos de infecci\u00f3n\u201d, censura Riduan Moh Montones de basura y escombros se acumulan por las calles y aceras, pintadas en pr\u00e1cticamente todas las paredes de la zona, papeleras y bancos destrozados, baldosas rotas, \u00e1rboles que llevan meses sin podar, &#8230;<\/p>\n","protected":false},"author":187,"featured_media":2284,"comment_status":"open","ping_status":"open","sticky":false,"template":"","format":"standard","meta":{"_jetpack_memberships_contains_paid_content":false,"footnotes":""},"categories":[1],"tags":[],"class_list":["post-2283","post","type-post","status-publish","format-standard","has-post-thumbnail","hentry","category-sin-categoria"],"yoast_head":"<!-- This site is optimized with the Yoast SEO plugin v24.0 - https:\/\/yoast.com\/wordpress\/plugins\/seo\/ -->\n<title>El PSOE denuncia el total abandono del Gobierno Imbroda a la barriada de Las Palmeras - Agrupaci\u00f3n Socialista de Melilla<\/title>\n<meta name=\"robots\" content=\"index, follow, max-snippet:-1, max-image-preview:large, max-video-preview:-1\" \/>\n<link rel=\"canonical\" href=\"https:\/\/agrupacionespsoe.es\/melilla\/el-psoe-denuncia-el-total-abandono-del-gobierno-imbroda-a-la-barriada-de-las-palmeras\/\" \/>\n<meta property=\"og:locale\" content=\"es_ES\" \/>\n<meta property=\"og:type\" content=\"article\" \/>\n<meta property=\"og:title\" content=\"El PSOE denuncia el total abandono del Gobierno Imbroda a la barriada de Las Palmeras - Agrupaci\u00f3n Socialista de Melilla\" \/>\n<meta property=\"og:description\" content=\"\u201cEl barrio est\u00e1 peor que nunca, con basura que se amontona por todos lados y genera focos de infecci\u00f3n\u201d, censura Riduan Moh Montones de basura y escombros se acumulan por las calles y aceras, pintadas en pr\u00e1cticamente todas las paredes de la zona, papeleras y bancos destrozados, baldosas rotas, \u00e1rboles que llevan meses sin podar, ...\" \/>\n<meta property=\"og:url\" content=\"https:\/\/agrupacionespsoe.es\/melilla\/el-psoe-denuncia-el-total-abandono-del-gobierno-imbroda-a-la-barriada-de-las-palmeras\/\" \/>\n<meta property=\"og:site_name\" content=\"Agrupaci\u00f3n Socialista de Melilla\" \/>\n<meta property=\"article:published_time\" content=\"2025-10-17T08:57:10+00:00\" \/>\n<meta property=\"article:modified_time\" content=\"2025-10-17T08:57:11+00:00\" \/>\n<meta property=\"og:image\" content=\"https:\/\/agrupacionespsoe.es\/melilla\/wp-content\/uploads\/sites\/120\/2025\/10\/WhatsApp-Image-2025-10-17-at-10.43.47.jpeg\" \/>\n\t<meta property=\"og:image:width\" content=\"2560\" \/>\n\t<meta property=\"og:image:height\" content=\"1706\" \/>\n\t<meta property=\"og:image:type\" content=\"image\/jpeg\" \/>\n<meta name=\"author\" content=\"melilla2\" \/>\n<meta name=\"twitter:card\" content=\"summary_large_image\" \/>\n<meta name=\"twitter:label1\" content=\"Escrito por\" \/>\n\t<meta name=\"twitter:data1\" content=\"melilla2\" \/>\n\t<meta name=\"twitter:label2\" content=\"Tiempo de lectura\" \/>\n\t<meta name=\"twitter:data2\" content=\"3 minutos\" \/>\n<script type=\"application\/ld+json\" class=\"yoast-schema-graph\">{\"@context\":\"https:\/\/schema.org\",\"@graph\":[{\"@type\":\"Article\",\"@id\":\"https:\/\/agrupacionespsoe.es\/melilla\/el-psoe-denuncia-el-total-abandono-del-gobierno-imbroda-a-la-barriada-de-las-palmeras\/#article\",\"isPartOf\":{\"@id\":\"https:\/\/agrupacionespsoe.es\/melilla\/el-psoe-denuncia-el-total-abandono-del-gobierno-imbroda-a-la-barriada-de-las-palmeras\/\"},\"author\":{\"name\":\"melilla2\",\"@id\":\"https:\/\/agrupacionespsoe.es\/melilla\/#\/schema\/person\/72bb3075a827d0ed0623682b96c92bd6\"},\"headline\":\"El PSOE denuncia el total abandono del Gobierno Imbroda a la barriada de Las Palmeras\",\"datePublished\":\"2025-10-17T08:57:10+00:00\",\"dateModified\":\"2025-10-17T08:57:11+00:00\",\"mainEntityOfPage\":{\"@id\":\"https:\/\/agrupacionespsoe.es\/melilla\/el-psoe-denuncia-el-total-abandono-del-gobierno-imbroda-a-la-barriada-de-las-palmeras\/\"},\"wordCount\":444,\"commentCount\":0,\"publisher\":{\"@id\":\"https:\/\/agrupacionespsoe.es\/melilla\/#organization\"},\"image\":{\"@id\":\"https:\/\/agrupacionespsoe.es\/melilla\/el-psoe-denuncia-el-total-abandono-del-gobierno-imbroda-a-la-barriada-de-las-palmeras\/#primaryimage\"},\"thumbnailUrl\":\"https:\/\/agrupacionespsoe.es\/melilla\/wp-content\/uploads\/sites\/120\/2025\/10\/WhatsApp-Image-2025-10-17-at-10.43.47.jpeg\",\"inLanguage\":\"es\",\"potentialAction\":[{\"@type\":\"CommentAction\",\"name\":\"Comment\",\"target\":[\"https:\/\/agrupacionespsoe.es\/melilla\/el-psoe-denuncia-el-total-abandono-del-gobierno-imbroda-a-la-barriada-de-las-palmeras\/#respond\"]}]},{\"@type\":\"WebPage\",\"@id\":\"https:\/\/agrupacionespsoe.es\/melilla\/el-psoe-denuncia-el-total-abandono-del-gobierno-imbroda-a-la-barriada-de-las-palmeras\/\",\"url\":\"https:\/\/agrupacionespsoe.es\/melilla\/el-psoe-denuncia-el-total-abandono-del-gobierno-imbroda-a-la-barriada-de-las-palmeras\/\",\"name\":\"El PSOE denuncia el total abandono del Gobierno Imbroda a la barriada de Las Palmeras - Agrupaci\u00f3n Socialista de Melilla\",\"isPartOf\":{\"@id\":\"https:\/\/agrupacionespsoe.es\/melilla\/#website\"},\"primaryImageOfPage\":{\"@id\":\"https:\/\/agrupacionespsoe.es\/melilla\/el-psoe-denuncia-el-total-abandono-del-gobierno-imbroda-a-la-barriada-de-las-palmeras\/#primaryimage\"},\"image\":{\"@id\":\"https:\/\/agrupacionespsoe.es\/melilla\/el-psoe-denuncia-el-total-abandono-del-gobierno-imbroda-a-la-barriada-de-las-palmeras\/#primaryimage\"},\"thumbnailUrl\":\"https:\/\/agrupacionespsoe.es\/melilla\/wp-content\/uploads\/sites\/120\/2025\/10\/WhatsApp-Image-2025-10-17-at-10.43.47.jpeg\",\"datePublished\":\"2025-10-17T08:57:10+00:00\",\"dateModified\":\"2025-10-17T08:57:11+00:00\",\"breadcrumb\":{\"@id\":\"https:\/\/agrupacionespsoe.es\/melilla\/el-psoe-denuncia-el-total-abandono-del-gobierno-imbroda-a-la-barriada-de-las-palmeras\/#breadcrumb\"},\"inLanguage\":\"es\",\"potentialAction\":[{\"@type\":\"ReadAction\",\"target\":[\"https:\/\/agrupacionespsoe.es\/melilla\/el-psoe-denuncia-el-total-abandono-del-gobierno-imbroda-a-la-barriada-de-las-palmeras\/\"]}]},{\"@type\":\"ImageObject\",\"inLanguage\":\"es\",\"@id\":\"https:\/\/agrupacionespsoe.es\/melilla\/el-psoe-denuncia-el-total-abandono-del-gobierno-imbroda-a-la-barriada-de-las-palmeras\/#primaryimage\",\"url\":\"https:\/\/agrupacionespsoe.es\/melilla\/wp-content\/uploads\/sites\/120\/2025\/10\/WhatsApp-Image-2025-10-17-at-10.43.47.jpeg\",\"contentUrl\":\"https:\/\/agrupacionespsoe.es\/melilla\/wp-content\/uploads\/sites\/120\/2025\/10\/WhatsApp-Image-2025-10-17-at-10.43.47.jpeg\",\"width\":2560,\"height\":1706},{\"@type\":\"BreadcrumbList\",\"@id\":\"https:\/\/agrupacionespsoe.es\/melilla\/el-psoe-denuncia-el-total-abandono-del-gobierno-imbroda-a-la-barriada-de-las-palmeras\/#breadcrumb\",\"itemListElement\":[{\"@type\":\"ListItem\",\"position\":1,\"name\":\"Portada\",\"item\":\"https:\/\/agrupacionespsoe.es\/melilla\/\"},{\"@type\":\"ListItem\",\"position\":2,\"name\":\"El PSOE denuncia el total abandono del Gobierno Imbroda a la barriada de Las Palmeras\"}]},{\"@type\":\"WebSite\",\"@id\":\"https:\/\/agrupacionespsoe.es\/melilla\/#website\",\"url\":\"https:\/\/agrupacionespsoe.es\/melilla\/\",\"name\":\"Agrupaci\u00f3n Socialista de Melilla\",\"description\":\"Agrupaci\u00f3n Socialista de Melilla\",\"publisher\":{\"@id\":\"https:\/\/agrupacionespsoe.es\/melilla\/#organization\"},\"potentialAction\":[{\"@type\":\"SearchAction\",\"target\":{\"@type\":\"EntryPoint\",\"urlTemplate\":\"https:\/\/agrupacionespsoe.es\/melilla\/?s={search_term_string}\"},\"query-input\":{\"@type\":\"PropertyValueSpecification\",\"valueRequired\":true,\"valueName\":\"search_term_string\"}}],\"inLanguage\":\"es\"},{\"@type\":\"Organization\",\"@id\":\"https:\/\/agrupacionespsoe.es\/melilla\/#organization\",\"name\":\"Agrupaci\u00f3n Socialista de Melilla\",\"url\":\"https:\/\/agrupacionespsoe.es\/melilla\/\",\"logo\":{\"@type\":\"ImageObject\",\"inLanguage\":\"es\",\"@id\":\"https:\/\/agrupacionespsoe.es\/melilla\/#\/schema\/logo\/image\/\",\"url\":\"https:\/\/agrupacionespsoe.es\/wp-content\/uploads\/2022\/07\/Logotipo_electoral_del_PSOE.png\",\"contentUrl\":\"https:\/\/agrupacionespsoe.es\/wp-content\/uploads\/2022\/07\/Logotipo_electoral_del_PSOE.png\",\"width\":422,\"height\":422,\"caption\":\"Agrupaci\u00f3n Socialista de Melilla\"},\"image\":{\"@id\":\"https:\/\/agrupacionespsoe.es\/melilla\/#\/schema\/logo\/image\/\"}},{\"@type\":\"Person\",\"@id\":\"https:\/\/agrupacionespsoe.es\/melilla\/#\/schema\/person\/72bb3075a827d0ed0623682b96c92bd6\",\"name\":\"melilla2\",\"image\":{\"@type\":\"ImageObject\",\"inLanguage\":\"es\",\"@id\":\"https:\/\/agrupacionespsoe.es\/melilla\/#\/schema\/person\/image\/\",\"url\":\"https:\/\/secure.gravatar.com\/avatar\/489a178e794e59f00db13a448aabca16?s=96&d=mm&r=g\",\"contentUrl\":\"https:\/\/secure.gravatar.com\/avatar\/489a178e794e59f00db13a448aabca16?s=96&d=mm&r=g\",\"caption\":\"melilla2\"},\"url\":\"https:\/\/agrupacionespsoe.es\/melilla\/author\/melilla2\/\"}]}<\/script>\n<!-- \/ Yoast SEO plugin. -->","yoast_head_json":{"title":"El PSOE denuncia el total abandono del Gobierno Imbroda a la barriada de Las Palmeras - Agrupaci\u00f3n Socialista de Melilla","robots":{"index":"index","follow":"follow","max-snippet":"max-snippet:-1","max-image-preview":"max-image-preview:large","max-video-preview":"max-video-preview:-1"},"canonical":"https:\/\/agrupacionespsoe.es\/melilla\/el-psoe-denuncia-el-total-abandono-del-gobierno-imbroda-a-la-barriada-de-las-palmeras\/","og_locale":"es_ES","og_type":"article","og_title":"El PSOE denuncia el total abandono del Gobierno Imbroda a la barriada de Las Palmeras - Agrupaci\u00f3n Socialista de Melilla","og_description":"\u201cEl barrio est\u00e1 peor que nunca, con basura que se amontona por todos lados y genera focos de infecci\u00f3n\u201d, censura Riduan Moh Montones de basura y escombros se acumulan por las calles y aceras, pintadas en pr\u00e1cticamente todas las paredes de la zona, papeleras y bancos destrozados, baldosas rotas, \u00e1rboles que llevan meses sin podar, ...","og_url":"https:\/\/agrupacionespsoe.es\/melilla\/el-psoe-denuncia-el-total-abandono-del-gobierno-imbroda-a-la-barriada-de-las-palmeras\/","og_site_name":"Agrupaci\u00f3n Socialista de Melilla","article_published_time":"2025-10-17T08:57:10+00:00","article_modified_time":"2025-10-17T08:57:11+00:00","og_image":[{"width":2560,"height":1706,"url":"https:\/\/agrupacionespsoe.es\/melilla\/wp-content\/uploads\/sites\/120\/2025\/10\/WhatsApp-Image-2025-10-17-at-10.43.47.jpeg","type":"image\/jpeg"}],"author":"melilla2","twitter_card":"summary_large_image","twitter_misc":{"Escrito por":"melilla2","Tiempo de lectura":"3 minutos"},"schema":{"@context":"https:\/\/schema.org","@graph":[{"@type":"Article","@id":"https:\/\/agrupacionespsoe.es\/melilla\/el-psoe-denuncia-el-total-abandono-del-gobierno-imbroda-a-la-barriada-de-las-palmeras\/#article","isPartOf":{"@id":"https:\/\/agrupacionespsoe.es\/melilla\/el-psoe-denuncia-el-total-abandono-del-gobierno-imbroda-a-la-barriada-de-las-palmeras\/"},"author":{"name":"melilla2","@id":"https:\/\/agrupacionespsoe.es\/melilla\/#\/schema\/person\/72bb3075a827d0ed0623682b96c92bd6"},"headline":"El PSOE denuncia el total abandono del Gobierno Imbroda a la barriada de Las Palmeras","datePublished":"2025-10-17T08:57:10+00:00","dateModified":"2025-10-17T08:57:11+00:00","mainEntityOfPage":{"@id":"https:\/\/agrupacionespsoe.es\/melilla\/el-psoe-denuncia-el-total-abandono-del-gobierno-imbroda-a-la-barriada-de-las-palmeras\/"},"wordCount":444,"commentCount":0,"publisher":{"@id":"https:\/\/agrupacionespsoe.es\/melilla\/#organization"},"image":{"@id":"https:\/\/agrupacionespsoe.es\/melilla\/el-psoe-denuncia-el-total-abandono-del-gobierno-imbroda-a-la-barriada-de-las-palmeras\/#primaryimage"},"thumbnailUrl":"https:\/\/agrupacionespsoe.es\/melilla\/wp-content\/uploads\/sites\/120\/2025\/10\/WhatsApp-Image-2025-10-17-at-10.43.47.jpeg","inLanguage":"es","potentialAction":[{"@type":"CommentAction","name":"Comment","target":["https:\/\/agrupacionespsoe.es\/melilla\/el-psoe-denuncia-el-total-abandono-del-gobierno-imbroda-a-la-barriada-de-las-palmeras\/#respond"]}]},{"@type":"WebPage","@id":"https:\/\/agrupacionespsoe.es\/melilla\/el-psoe-denuncia-el-total-abandono-del-gobierno-imbroda-a-la-barriada-de-las-palmeras\/","url":"https:\/\/agrupacionespsoe.es\/melilla\/el-psoe-denuncia-el-total-abandono-del-gobierno-imbroda-a-la-barriada-de-las-palmeras\/","name":"El PSOE denuncia el total abandono del Gobierno Imbroda a la barriada de Las Palmeras - Agrupaci\u00f3n Socialista de Melilla","isPartOf":{"@id":"https:\/\/agrupacionespsoe.es\/melilla\/#website"},"primaryImageOfPage":{"@id":"https:\/\/agrupacionespsoe.es\/melilla\/el-psoe-denuncia-el-total-abandono-del-gobierno-imbroda-a-la-barriada-de-las-palmeras\/#primaryimage"},"image":{"@id":"https:\/\/agrupacionespsoe.es\/melilla\/el-psoe-denuncia-el-total-abandono-del-gobierno-imbroda-a-la-barriada-de-las-palmeras\/#primaryimage"},"thumbnailUrl":"https:\/\/agrupacionespsoe.es\/melilla\/wp-content\/uploads\/sites\/120\/2025\/10\/WhatsApp-Image-2025-10-17-at-10.43.47.jpeg","datePublished":"2025-10-17T08:57:10+00:00","dateModified":"2025-10-17T08:57:11+00:00","breadcrumb":{"@id":"https:\/\/agrupacionespsoe.es\/melilla\/el-psoe-denuncia-el-total-abandono-del-gobierno-imbroda-a-la-barriada-de-las-palmeras\/#breadcrumb"},"inLanguage":"es","potentialAction":[{"@type":"ReadAction","target":["https:\/\/agrupacionespsoe.es\/melilla\/el-psoe-denuncia-el-total-abandono-del-gobierno-imbroda-a-la-barriada-de-las-palmeras\/"]}]},{"@type":"ImageObject","inLanguage":"es","@id":"https:\/\/agrupacionespsoe.es\/melilla\/el-psoe-denuncia-el-total-abandono-del-gobierno-imbroda-a-la-barriada-de-las-palmeras\/#primaryimage","url":"https:\/\/agrupacionespsoe.es\/melilla\/wp-content\/uploads\/sites\/120\/2025\/10\/WhatsApp-Image-2025-10-17-at-10.43.47.jpeg","contentUrl":"https:\/\/agrupacionespsoe.es\/melilla\/wp-content\/uploads\/sites\/120\/2025\/10\/WhatsApp-Image-2025-10-17-at-10.43.47.jpeg","width":2560,"height":1706},{"@type":"BreadcrumbList","@id":"https:\/\/agrupacionespsoe.es\/melilla\/el-psoe-denuncia-el-total-abandono-del-gobierno-imbroda-a-la-barriada-de-las-palmeras\/#breadcrumb","itemListElement":[{"@type":"ListItem","position":1,"name":"Portada","item":"https:\/\/agrupacionespsoe.es\/melilla\/"},{"@type":"ListItem","position":2,"name":"El PSOE denuncia el total abandono del Gobierno Imbroda a la barriada de Las Palmeras"}]},{"@type":"WebSite","@id":"https:\/\/agrupacionespsoe.es\/melilla\/#website","url":"https:\/\/agrupacionespsoe.es\/melilla\/","name":"Agrupaci\u00f3n Socialista de Melilla","description":"Agrupaci\u00f3n Socialista de Melilla","publisher":{"@id":"https:\/\/agrupacionespsoe.es\/melilla\/#organization"},"potentialAction":[{"@type":"SearchAction","target":{"@type":"EntryPoint","urlTemplate":"https:\/\/agrupacionespsoe.es\/melilla\/?s={search_term_string}"},"query-input":{"@type":"PropertyValueSpecification","valueRequired":true,"valueName":"search_term_string"}}],"inLanguage":"es"},{"@type":"Organization","@id":"https:\/\/agrupacionespsoe.es\/melilla\/#organization","name":"Agrupaci\u00f3n Socialista de Melilla","url":"https:\/\/agrupacionespsoe.es\/melilla\/","logo":{"@type":"ImageObject","inLanguage":"es","@id":"https:\/\/agrupacionespsoe.es\/melilla\/#\/schema\/logo\/image\/","url":"https:\/\/agrupacionespsoe.es\/wp-content\/uploads\/2022\/07\/Logotipo_electoral_del_PSOE.png","contentUrl":"https:\/\/agrupacionespsoe.es\/wp-content\/uploads\/2022\/07\/Logotipo_electoral_del_PSOE.png","width":422,"height":422,"caption":"Agrupaci\u00f3n Socialista de Melilla"},"image":{"@id":"https:\/\/agrupacionespsoe.es\/melilla\/#\/schema\/logo\/image\/"}},{"@type":"Person","@id":"https:\/\/agrupacionespsoe.es\/melilla\/#\/schema\/person\/72bb3075a827d0ed0623682b96c92bd6","name":"melilla2","image":{"@type":"ImageObject","inLanguage":"es","@id":"https:\/\/agrupacionespsoe.es\/melilla\/#\/schema\/person\/image\/","url":"https:\/\/secure.gravatar.com\/avatar\/489a178e794e59f00db13a448aabca16?s=96&d=mm&r=g","contentUrl":"https:\/\/secure.gravatar.com\/avatar\/489a178e794e59f00db13a448aabca16?s=96&d=mm&r=g","caption":"melilla2"},"url":"https:\/\/agrupacionespsoe.es\/melilla\/author\/melilla2\/"}]}},"jetpack_featured_media_url":"https:\/\/agrupacionespsoe.es\/melilla\/wp-content\/uploads\/sites\/120\/2025\/10\/WhatsApp-Image-2025-10-17-at-10.43.47.jpeg","jetpack_sharing_enabled":true,"_links":{"self":[{"href":"https:\/\/agrupacionespsoe.es\/melilla\/wp-json\/wp\/v2\/posts\/2283","targetHints":{"allow":["GET"]}}],"collection":[{"href":"https:\/\/agrupacionespsoe.es\/melilla\/wp-json\/wp\/v2\/posts"}],"about":[{"href":"https:\/\/agrupacionespsoe.es\/melilla\/wp-json\/wp\/v2\/types\/post"}],"author":[{"embeddable":true,"href":"https:\/\/agrupacionespsoe.es\/melilla\/wp-json\/wp\/v2\/users\/187"}],"replies":[{"embeddable":true,"href":"https:\/\/agrupacionespsoe.es\/melilla\/wp-json\/wp\/v2\/comments?post=2283"}],"version-history":[{"count":1,"href":"https:\/\/agrupacionespsoe.es\/melilla\/wp-json\/wp\/v2\/posts\/2283\/revisions"}],"predecessor-version":[{"id":2285,"href":"https:\/\/agrupacionespsoe.es\/melilla\/wp-json\/wp\/v2\/posts\/2283\/revisions\/2285"}],"wp:featuredmedia":[{"embeddable":true,"href":"https:\/\/agrupacionespsoe.es\/melilla\/wp-json\/wp\/v2\/media\/2284"}],"wp:attachment":[{"href":"https:\/\/agrupacionespsoe.es\/melilla\/wp-json\/wp\/v2\/media?parent=2283"}],"wp:term":[{"taxonomy":"category","embeddable":true,"href":"https:\/\/agrupacionespsoe.es\/melilla\/wp-json\/wp\/v2\/categories?post=2283"},{"taxonomy":"post_tag","embeddable":true,"href":"https:\/\/agrupacionespsoe.es\/melilla\/wp-json\/wp\/v2\/tags?post=2283"}],"curies":[{"name":"wp","href":"https:\/\/api.w.org\/{rel}","templated":true}]}}