{"id":2267,"date":"2025-10-13T11:52:28","date_gmt":"2025-10-13T11:52:28","guid":{"rendered":"https:\/\/agrupacionespsoe.es\/melilla\/?p=2267"},"modified":"2025-10-13T11:52:29","modified_gmt":"2025-10-13T11:52:29","slug":"munoz-jaen-la-realidad-es-que-la-ciudad-del-futbol-esta-hundida-y-hasta-el-propio-imbroda-lo-reconoce","status":"publish","type":"post","link":"https:\/\/agrupacionespsoe.es\/melilla\/munoz-jaen-la-realidad-es-que-la-ciudad-del-futbol-esta-hundida-y-hasta-el-propio-imbroda-lo-reconoce\/","title":{"rendered":"Mu\u00f1oz Ja\u00e9n: \u201cLa realidad es que la Ciudad del F\u00fatbol est\u00e1 hundida y hasta el propio Imbroda lo reconoce\u201d"},"content":{"rendered":"\n<p><strong>El PSOE acusa al PP de contradecirse y pide explicaciones sobre el despilfarro y la falta de planificaci\u00f3n en la Ciudad del F\u00fatbol<\/strong><\/p>\n\n\n\n<p>El secretario de Pol\u00edtica Municipal y Deportes del PSOE de Melilla, Diego Mu\u00f1oz Ja\u00e9n, ha respondido hoy a las declaraciones del consejero de Deportes, Miguel \u00c1ngel Fern\u00e1ndez Bonnemaison, quien acus\u00f3 al PSOE de \u201cmanipular la realidad\u201d sobre el estado de la Ciudad del F\u00fatbol de Altos del Real.<\/p>\n\n\n\n<p>El dirigente socialista ha calificado de \u201cinaceptable e impropia de un responsable p\u00fablico\u201d la acusaci\u00f3n del consejero, recordando que \u201cla realidad no se manipula, se constata\u201d.<\/p>\n\n\n\n<p>\u201cLa Ciudad del F\u00fatbol est\u00e1 hundida, sin uso pleno y construida sobre un terreno inestable. Y lo m\u00e1s grave es que ahora el propio presidente Imbroda reconoce p\u00fablicamente que \u2018habr\u00e1 que levantar los campos e inyectarles hormig\u00f3n\u2019. Si eso no es admitir un problema estructural, \u00bfqu\u00e9 lo es?\u201d, se ha preguntado.<\/p>\n\n\n\n<p>El dirigente socialista ha recordado que fue el propio Partido Popular quien impuls\u00f3 la construcci\u00f3n de esta instalaci\u00f3n, \u201csin un estudio geot\u00e9cnico serio y con un gasto de m\u00e1s de 2,5 millones de euros de dinero p\u00fablico que hoy literalmente se ha ido al suelo\u201d.<\/p>\n\n\n\n<p>\u201cFern\u00e1ndez Bonnemaison dice que est\u00e1 al 50% en uso. Pero si hay que levantar los campos, inyectar hormig\u00f3n y acometer una reforma integral, es evidente que no est\u00e1 en condiciones. No se puede estar a la vez reformando y presumiendo de que est\u00e1 operativa. Eso s\u00ed que es manipular la realidad\u201d, ha subrayado Mu\u00f1oz Ja\u00e9n.<\/p>\n\n\n\n<p>El socialista ha lamentado que el PP intente \u201ctapar con excusas una gesti\u00f3n marcada por la improvisaci\u00f3n y el despilfarro\u201d. \u201cLlevan dos a\u00f1os gobernando y a\u00fan no hay ni un proyecto definitivo, ni una planificaci\u00f3n seria, ni un calendario de actuaci\u00f3n. Lo \u00fanico que hay son anuncios, contradicciones y fotos. Dicen que la Ciudad del F\u00fatbol funciona, pero el propio presidente dice que hay que levantarla. No se puede ser m\u00e1s contradictorio\u201d, ha a\u00f1adido.<\/p>\n\n\n\n<p>Mu\u00f1oz Ja\u00e9n ha reiterado que el PSOE no se opone a la ampliaci\u00f3n de las infraestructuras deportivas, \u201cpero no a costa de abandonar lo que ya tenemos ni de gastar millones en nuevos campos mientras los existentes se hunden\u201d.<\/p>\n\n\n\n<p>Por \u00faltimo, el Secretario de Pol\u00edtica Municipal y Deportes ha exigido al Gobierno del PP \u201ctransparencia y responsabilidad\u201d. \u201cQue expliquen a los melillenses cu\u00e1nto costar\u00e1 reparar los errores del pasado, si se ha depurado alguna responsabilidad t\u00e9cnica o pol\u00edtica, y qu\u00e9 garant\u00edas existen de que no se volver\u00e1 a construir sin base t\u00e9cnica ni planificaci\u00f3n real\u201d, ha exigido.<\/p>\n\n\n\n<p>\u201cEl PSOE no manipula. El PSOE fiscaliza. Y lo seguiremos haciendo, porque cada euro p\u00fablico malgastado en el suelo es un campo menos para nuestros deportistas\u201d, ha concluido el representante de la Comisi\u00f3n Ejecutiva Regional.<\/p>\n","protected":false},"excerpt":{"rendered":"<p>El PSOE acusa al PP de contradecirse y pide explicaciones sobre el despilfarro y la falta de planificaci\u00f3n en la Ciudad del F\u00fatbol El secretario de Pol\u00edtica Municipal y Deportes del PSOE de Melilla, Diego Mu\u00f1oz Ja\u00e9n, ha respondido hoy a las declaraciones del consejero de Deportes, Miguel \u00c1ngel Fern\u00e1ndez Bonnemaison, quien acus\u00f3 al PSOE &#8230;<\/p>\n","protected":false},"author":187,"featured_media":2268,"comment_status":"open","ping_status":"open","sticky":false,"template":"","format":"standard","meta":{"_jetpack_memberships_contains_paid_content":false,"footnotes":""},"categories":[1],"tags":[],"class_list":["post-2267","post","type-post","status-publish","format-standard","has-post-thumbnail","hentry","category-sin-categoria"],"yoast_head":"<!-- This site is optimized with the Yoast SEO plugin v24.0 - https:\/\/yoast.com\/wordpress\/plugins\/seo\/ -->\n<title>Mu\u00f1oz Ja\u00e9n: \u201cLa realidad es que la Ciudad del F\u00fatbol est\u00e1 hundida y hasta el propio Imbroda lo reconoce\u201d - Agrupaci\u00f3n Socialista de Melilla<\/title>\n<meta name=\"robots\" content=\"index, follow, max-snippet:-1, max-image-preview:large, max-video-preview:-1\" \/>\n<link rel=\"canonical\" href=\"https:\/\/agrupacionespsoe.es\/melilla\/munoz-jaen-la-realidad-es-que-la-ciudad-del-futbol-esta-hundida-y-hasta-el-propio-imbroda-lo-reconoce\/\" \/>\n<meta property=\"og:locale\" content=\"es_ES\" \/>\n<meta property=\"og:type\" content=\"article\" \/>\n<meta property=\"og:title\" content=\"Mu\u00f1oz Ja\u00e9n: \u201cLa realidad es que la Ciudad del F\u00fatbol est\u00e1 hundida y hasta el propio Imbroda lo reconoce\u201d - Agrupaci\u00f3n Socialista de Melilla\" \/>\n<meta property=\"og:description\" content=\"El PSOE acusa al PP de contradecirse y pide explicaciones sobre el despilfarro y la falta de planificaci\u00f3n en la Ciudad del F\u00fatbol El secretario de Pol\u00edtica Municipal y Deportes del PSOE de Melilla, Diego Mu\u00f1oz Ja\u00e9n, ha respondido hoy a las declaraciones del consejero de Deportes, Miguel \u00c1ngel Fern\u00e1ndez Bonnemaison, quien acus\u00f3 al PSOE ...\" \/>\n<meta property=\"og:url\" content=\"https:\/\/agrupacionespsoe.es\/melilla\/munoz-jaen-la-realidad-es-que-la-ciudad-del-futbol-esta-hundida-y-hasta-el-propio-imbroda-lo-reconoce\/\" \/>\n<meta property=\"og:site_name\" content=\"Agrupaci\u00f3n Socialista de Melilla\" \/>\n<meta property=\"article:published_time\" content=\"2025-10-13T11:52:28+00:00\" \/>\n<meta property=\"article:modified_time\" content=\"2025-10-13T11:52:29+00:00\" \/>\n<meta property=\"og:image\" content=\"https:\/\/agrupacionespsoe.es\/melilla\/wp-content\/uploads\/sites\/120\/2025\/10\/P2244021-scaled.jpg\" \/>\n\t<meta property=\"og:image:width\" content=\"2560\" \/>\n\t<meta property=\"og:image:height\" content=\"1631\" \/>\n\t<meta property=\"og:image:type\" content=\"image\/jpeg\" \/>\n<meta name=\"author\" content=\"melilla2\" \/>\n<meta name=\"twitter:card\" content=\"summary_large_image\" \/>\n<meta name=\"twitter:label1\" content=\"Escrito por\" \/>\n\t<meta name=\"twitter:data1\" content=\"melilla2\" \/>\n\t<meta name=\"twitter:label2\" content=\"Tiempo de lectura\" \/>\n\t<meta name=\"twitter:data2\" content=\"3 minutos\" \/>\n<script type=\"application\/ld+json\" class=\"yoast-schema-graph\">{\"@context\":\"https:\/\/schema.org\",\"@graph\":[{\"@type\":\"Article\",\"@id\":\"https:\/\/agrupacionespsoe.es\/melilla\/munoz-jaen-la-realidad-es-que-la-ciudad-del-futbol-esta-hundida-y-hasta-el-propio-imbroda-lo-reconoce\/#article\",\"isPartOf\":{\"@id\":\"https:\/\/agrupacionespsoe.es\/melilla\/munoz-jaen-la-realidad-es-que-la-ciudad-del-futbol-esta-hundida-y-hasta-el-propio-imbroda-lo-reconoce\/\"},\"author\":{\"name\":\"melilla2\",\"@id\":\"https:\/\/agrupacionespsoe.es\/melilla\/#\/schema\/person\/72bb3075a827d0ed0623682b96c92bd6\"},\"headline\":\"Mu\u00f1oz Ja\u00e9n: \u201cLa realidad es que la Ciudad del F\u00fatbol est\u00e1 hundida y hasta el propio Imbroda lo reconoce\u201d\",\"datePublished\":\"2025-10-13T11:52:28+00:00\",\"dateModified\":\"2025-10-13T11:52:29+00:00\",\"mainEntityOfPage\":{\"@id\":\"https:\/\/agrupacionespsoe.es\/melilla\/munoz-jaen-la-realidad-es-que-la-ciudad-del-futbol-esta-hundida-y-hasta-el-propio-imbroda-lo-reconoce\/\"},\"wordCount\":517,\"commentCount\":0,\"publisher\":{\"@id\":\"https:\/\/agrupacionespsoe.es\/melilla\/#organization\"},\"image\":{\"@id\":\"https:\/\/agrupacionespsoe.es\/melilla\/munoz-jaen-la-realidad-es-que-la-ciudad-del-futbol-esta-hundida-y-hasta-el-propio-imbroda-lo-reconoce\/#primaryimage\"},\"thumbnailUrl\":\"https:\/\/agrupacionespsoe.es\/melilla\/wp-content\/uploads\/sites\/120\/2025\/10\/P2244021-scaled.jpg\",\"inLanguage\":\"es\",\"potentialAction\":[{\"@type\":\"CommentAction\",\"name\":\"Comment\",\"target\":[\"https:\/\/agrupacionespsoe.es\/melilla\/munoz-jaen-la-realidad-es-que-la-ciudad-del-futbol-esta-hundida-y-hasta-el-propio-imbroda-lo-reconoce\/#respond\"]}]},{\"@type\":\"WebPage\",\"@id\":\"https:\/\/agrupacionespsoe.es\/melilla\/munoz-jaen-la-realidad-es-que-la-ciudad-del-futbol-esta-hundida-y-hasta-el-propio-imbroda-lo-reconoce\/\",\"url\":\"https:\/\/agrupacionespsoe.es\/melilla\/munoz-jaen-la-realidad-es-que-la-ciudad-del-futbol-esta-hundida-y-hasta-el-propio-imbroda-lo-reconoce\/\",\"name\":\"Mu\u00f1oz Ja\u00e9n: \u201cLa realidad es que la Ciudad del F\u00fatbol est\u00e1 hundida y hasta el propio Imbroda lo reconoce\u201d - Agrupaci\u00f3n Socialista de Melilla\",\"isPartOf\":{\"@id\":\"https:\/\/agrupacionespsoe.es\/melilla\/#website\"},\"primaryImageOfPage\":{\"@id\":\"https:\/\/agrupacionespsoe.es\/melilla\/munoz-jaen-la-realidad-es-que-la-ciudad-del-futbol-esta-hundida-y-hasta-el-propio-imbroda-lo-reconoce\/#primaryimage\"},\"image\":{\"@id\":\"https:\/\/agrupacionespsoe.es\/melilla\/munoz-jaen-la-realidad-es-que-la-ciudad-del-futbol-esta-hundida-y-hasta-el-propio-imbroda-lo-reconoce\/#primaryimage\"},\"thumbnailUrl\":\"https:\/\/agrupacionespsoe.es\/melilla\/wp-content\/uploads\/sites\/120\/2025\/10\/P2244021-scaled.jpg\",\"datePublished\":\"2025-10-13T11:52:28+00:00\",\"dateModified\":\"2025-10-13T11:52:29+00:00\",\"breadcrumb\":{\"@id\":\"https:\/\/agrupacionespsoe.es\/melilla\/munoz-jaen-la-realidad-es-que-la-ciudad-del-futbol-esta-hundida-y-hasta-el-propio-imbroda-lo-reconoce\/#breadcrumb\"},\"inLanguage\":\"es\",\"potentialAction\":[{\"@type\":\"ReadAction\",\"target\":[\"https:\/\/agrupacionespsoe.es\/melilla\/munoz-jaen-la-realidad-es-que-la-ciudad-del-futbol-esta-hundida-y-hasta-el-propio-imbroda-lo-reconoce\/\"]}]},{\"@type\":\"ImageObject\",\"inLanguage\":\"es\",\"@id\":\"https:\/\/agrupacionespsoe.es\/melilla\/munoz-jaen-la-realidad-es-que-la-ciudad-del-futbol-esta-hundida-y-hasta-el-propio-imbroda-lo-reconoce\/#primaryimage\",\"url\":\"https:\/\/agrupacionespsoe.es\/melilla\/wp-content\/uploads\/sites\/120\/2025\/10\/P2244021-scaled.jpg\",\"contentUrl\":\"https:\/\/agrupacionespsoe.es\/melilla\/wp-content\/uploads\/sites\/120\/2025\/10\/P2244021-scaled.jpg\",\"width\":2560,\"height\":1631},{\"@type\":\"BreadcrumbList\",\"@id\":\"https:\/\/agrupacionespsoe.es\/melilla\/munoz-jaen-la-realidad-es-que-la-ciudad-del-futbol-esta-hundida-y-hasta-el-propio-imbroda-lo-reconoce\/#breadcrumb\",\"itemListElement\":[{\"@type\":\"ListItem\",\"position\":1,\"name\":\"Portada\",\"item\":\"https:\/\/agrupacionespsoe.es\/melilla\/\"},{\"@type\":\"ListItem\",\"position\":2,\"name\":\"Mu\u00f1oz Ja\u00e9n: \u201cLa realidad es que la Ciudad del F\u00fatbol est\u00e1 hundida y hasta el propio Imbroda lo reconoce\u201d\"}]},{\"@type\":\"WebSite\",\"@id\":\"https:\/\/agrupacionespsoe.es\/melilla\/#website\",\"url\":\"https:\/\/agrupacionespsoe.es\/melilla\/\",\"name\":\"Agrupaci\u00f3n Socialista de Melilla\",\"description\":\"Agrupaci\u00f3n Socialista de Melilla\",\"publisher\":{\"@id\":\"https:\/\/agrupacionespsoe.es\/melilla\/#organization\"},\"potentialAction\":[{\"@type\":\"SearchAction\",\"target\":{\"@type\":\"EntryPoint\",\"urlTemplate\":\"https:\/\/agrupacionespsoe.es\/melilla\/?s={search_term_string}\"},\"query-input\":{\"@type\":\"PropertyValueSpecification\",\"valueRequired\":true,\"valueName\":\"search_term_string\"}}],\"inLanguage\":\"es\"},{\"@type\":\"Organization\",\"@id\":\"https:\/\/agrupacionespsoe.es\/melilla\/#organization\",\"name\":\"Agrupaci\u00f3n Socialista de Melilla\",\"url\":\"https:\/\/agrupacionespsoe.es\/melilla\/\",\"logo\":{\"@type\":\"ImageObject\",\"inLanguage\":\"es\",\"@id\":\"https:\/\/agrupacionespsoe.es\/melilla\/#\/schema\/logo\/image\/\",\"url\":\"https:\/\/agrupacionespsoe.es\/wp-content\/uploads\/2022\/07\/Logotipo_electoral_del_PSOE.png\",\"contentUrl\":\"https:\/\/agrupacionespsoe.es\/wp-content\/uploads\/2022\/07\/Logotipo_electoral_del_PSOE.png\",\"width\":422,\"height\":422,\"caption\":\"Agrupaci\u00f3n Socialista de Melilla\"},\"image\":{\"@id\":\"https:\/\/agrupacionespsoe.es\/melilla\/#\/schema\/logo\/image\/\"}},{\"@type\":\"Person\",\"@id\":\"https:\/\/agrupacionespsoe.es\/melilla\/#\/schema\/person\/72bb3075a827d0ed0623682b96c92bd6\",\"name\":\"melilla2\",\"image\":{\"@type\":\"ImageObject\",\"inLanguage\":\"es\",\"@id\":\"https:\/\/agrupacionespsoe.es\/melilla\/#\/schema\/person\/image\/\",\"url\":\"https:\/\/secure.gravatar.com\/avatar\/489a178e794e59f00db13a448aabca16?s=96&d=mm&r=g\",\"contentUrl\":\"https:\/\/secure.gravatar.com\/avatar\/489a178e794e59f00db13a448aabca16?s=96&d=mm&r=g\",\"caption\":\"melilla2\"},\"url\":\"https:\/\/agrupacionespsoe.es\/melilla\/author\/melilla2\/\"}]}<\/script>\n<!-- \/ Yoast SEO plugin. -->","yoast_head_json":{"title":"Mu\u00f1oz Ja\u00e9n: \u201cLa realidad es que la Ciudad del F\u00fatbol est\u00e1 hundida y hasta el propio Imbroda lo reconoce\u201d - Agrupaci\u00f3n Socialista de Melilla","robots":{"index":"index","follow":"follow","max-snippet":"max-snippet:-1","max-image-preview":"max-image-preview:large","max-video-preview":"max-video-preview:-1"},"canonical":"https:\/\/agrupacionespsoe.es\/melilla\/munoz-jaen-la-realidad-es-que-la-ciudad-del-futbol-esta-hundida-y-hasta-el-propio-imbroda-lo-reconoce\/","og_locale":"es_ES","og_type":"article","og_title":"Mu\u00f1oz Ja\u00e9n: \u201cLa realidad es que la Ciudad del F\u00fatbol est\u00e1 hundida y hasta el propio Imbroda lo reconoce\u201d - Agrupaci\u00f3n Socialista de Melilla","og_description":"El PSOE acusa al PP de contradecirse y pide explicaciones sobre el despilfarro y la falta de planificaci\u00f3n en la Ciudad del F\u00fatbol El secretario de Pol\u00edtica Municipal y Deportes del PSOE de Melilla, Diego Mu\u00f1oz Ja\u00e9n, ha respondido hoy a las declaraciones del consejero de Deportes, Miguel \u00c1ngel Fern\u00e1ndez Bonnemaison, quien acus\u00f3 al PSOE ...","og_url":"https:\/\/agrupacionespsoe.es\/melilla\/munoz-jaen-la-realidad-es-que-la-ciudad-del-futbol-esta-hundida-y-hasta-el-propio-imbroda-lo-reconoce\/","og_site_name":"Agrupaci\u00f3n Socialista de Melilla","article_published_time":"2025-10-13T11:52:28+00:00","article_modified_time":"2025-10-13T11:52:29+00:00","og_image":[{"width":2560,"height":1631,"url":"https:\/\/agrupacionespsoe.es\/melilla\/wp-content\/uploads\/sites\/120\/2025\/10\/P2244021-scaled.jpg","type":"image\/jpeg"}],"author":"melilla2","twitter_card":"summary_large_image","twitter_misc":{"Escrito por":"melilla2","Tiempo de lectura":"3 minutos"},"schema":{"@context":"https:\/\/schema.org","@graph":[{"@type":"Article","@id":"https:\/\/agrupacionespsoe.es\/melilla\/munoz-jaen-la-realidad-es-que-la-ciudad-del-futbol-esta-hundida-y-hasta-el-propio-imbroda-lo-reconoce\/#article","isPartOf":{"@id":"https:\/\/agrupacionespsoe.es\/melilla\/munoz-jaen-la-realidad-es-que-la-ciudad-del-futbol-esta-hundida-y-hasta-el-propio-imbroda-lo-reconoce\/"},"author":{"name":"melilla2","@id":"https:\/\/agrupacionespsoe.es\/melilla\/#\/schema\/person\/72bb3075a827d0ed0623682b96c92bd6"},"headline":"Mu\u00f1oz Ja\u00e9n: \u201cLa realidad es que la Ciudad del F\u00fatbol est\u00e1 hundida y hasta el propio Imbroda lo reconoce\u201d","datePublished":"2025-10-13T11:52:28+00:00","dateModified":"2025-10-13T11:52:29+00:00","mainEntityOfPage":{"@id":"https:\/\/agrupacionespsoe.es\/melilla\/munoz-jaen-la-realidad-es-que-la-ciudad-del-futbol-esta-hundida-y-hasta-el-propio-imbroda-lo-reconoce\/"},"wordCount":517,"commentCount":0,"publisher":{"@id":"https:\/\/agrupacionespsoe.es\/melilla\/#organization"},"image":{"@id":"https:\/\/agrupacionespsoe.es\/melilla\/munoz-jaen-la-realidad-es-que-la-ciudad-del-futbol-esta-hundida-y-hasta-el-propio-imbroda-lo-reconoce\/#primaryimage"},"thumbnailUrl":"https:\/\/agrupacionespsoe.es\/melilla\/wp-content\/uploads\/sites\/120\/2025\/10\/P2244021-scaled.jpg","inLanguage":"es","potentialAction":[{"@type":"CommentAction","name":"Comment","target":["https:\/\/agrupacionespsoe.es\/melilla\/munoz-jaen-la-realidad-es-que-la-ciudad-del-futbol-esta-hundida-y-hasta-el-propio-imbroda-lo-reconoce\/#respond"]}]},{"@type":"WebPage","@id":"https:\/\/agrupacionespsoe.es\/melilla\/munoz-jaen-la-realidad-es-que-la-ciudad-del-futbol-esta-hundida-y-hasta-el-propio-imbroda-lo-reconoce\/","url":"https:\/\/agrupacionespsoe.es\/melilla\/munoz-jaen-la-realidad-es-que-la-ciudad-del-futbol-esta-hundida-y-hasta-el-propio-imbroda-lo-reconoce\/","name":"Mu\u00f1oz Ja\u00e9n: \u201cLa realidad es que la Ciudad del F\u00fatbol est\u00e1 hundida y hasta el propio Imbroda lo reconoce\u201d - Agrupaci\u00f3n Socialista de Melilla","isPartOf":{"@id":"https:\/\/agrupacionespsoe.es\/melilla\/#website"},"primaryImageOfPage":{"@id":"https:\/\/agrupacionespsoe.es\/melilla\/munoz-jaen-la-realidad-es-que-la-ciudad-del-futbol-esta-hundida-y-hasta-el-propio-imbroda-lo-reconoce\/#primaryimage"},"image":{"@id":"https:\/\/agrupacionespsoe.es\/melilla\/munoz-jaen-la-realidad-es-que-la-ciudad-del-futbol-esta-hundida-y-hasta-el-propio-imbroda-lo-reconoce\/#primaryimage"},"thumbnailUrl":"https:\/\/agrupacionespsoe.es\/melilla\/wp-content\/uploads\/sites\/120\/2025\/10\/P2244021-scaled.jpg","datePublished":"2025-10-13T11:52:28+00:00","dateModified":"2025-10-13T11:52:29+00:00","breadcrumb":{"@id":"https:\/\/agrupacionespsoe.es\/melilla\/munoz-jaen-la-realidad-es-que-la-ciudad-del-futbol-esta-hundida-y-hasta-el-propio-imbroda-lo-reconoce\/#breadcrumb"},"inLanguage":"es","potentialAction":[{"@type":"ReadAction","target":["https:\/\/agrupacionespsoe.es\/melilla\/munoz-jaen-la-realidad-es-que-la-ciudad-del-futbol-esta-hundida-y-hasta-el-propio-imbroda-lo-reconoce\/"]}]},{"@type":"ImageObject","inLanguage":"es","@id":"https:\/\/agrupacionespsoe.es\/melilla\/munoz-jaen-la-realidad-es-que-la-ciudad-del-futbol-esta-hundida-y-hasta-el-propio-imbroda-lo-reconoce\/#primaryimage","url":"https:\/\/agrupacionespsoe.es\/melilla\/wp-content\/uploads\/sites\/120\/2025\/10\/P2244021-scaled.jpg","contentUrl":"https:\/\/agrupacionespsoe.es\/melilla\/wp-content\/uploads\/sites\/120\/2025\/10\/P2244021-scaled.jpg","width":2560,"height":1631},{"@type":"BreadcrumbList","@id":"https:\/\/agrupacionespsoe.es\/melilla\/munoz-jaen-la-realidad-es-que-la-ciudad-del-futbol-esta-hundida-y-hasta-el-propio-imbroda-lo-reconoce\/#breadcrumb","itemListElement":[{"@type":"ListItem","position":1,"name":"Portada","item":"https:\/\/agrupacionespsoe.es\/melilla\/"},{"@type":"ListItem","position":2,"name":"Mu\u00f1oz Ja\u00e9n: \u201cLa realidad es que la Ciudad del F\u00fatbol est\u00e1 hundida y hasta el propio Imbroda lo reconoce\u201d"}]},{"@type":"WebSite","@id":"https:\/\/agrupacionespsoe.es\/melilla\/#website","url":"https:\/\/agrupacionespsoe.es\/melilla\/","name":"Agrupaci\u00f3n Socialista de Melilla","description":"Agrupaci\u00f3n Socialista de Melilla","publisher":{"@id":"https:\/\/agrupacionespsoe.es\/melilla\/#organization"},"potentialAction":[{"@type":"SearchAction","target":{"@type":"EntryPoint","urlTemplate":"https:\/\/agrupacionespsoe.es\/melilla\/?s={search_term_string}"},"query-input":{"@type":"PropertyValueSpecification","valueRequired":true,"valueName":"search_term_string"}}],"inLanguage":"es"},{"@type":"Organization","@id":"https:\/\/agrupacionespsoe.es\/melilla\/#organization","name":"Agrupaci\u00f3n Socialista de Melilla","url":"https:\/\/agrupacionespsoe.es\/melilla\/","logo":{"@type":"ImageObject","inLanguage":"es","@id":"https:\/\/agrupacionespsoe.es\/melilla\/#\/schema\/logo\/image\/","url":"https:\/\/agrupacionespsoe.es\/wp-content\/uploads\/2022\/07\/Logotipo_electoral_del_PSOE.png","contentUrl":"https:\/\/agrupacionespsoe.es\/wp-content\/uploads\/2022\/07\/Logotipo_electoral_del_PSOE.png","width":422,"height":422,"caption":"Agrupaci\u00f3n Socialista de Melilla"},"image":{"@id":"https:\/\/agrupacionespsoe.es\/melilla\/#\/schema\/logo\/image\/"}},{"@type":"Person","@id":"https:\/\/agrupacionespsoe.es\/melilla\/#\/schema\/person\/72bb3075a827d0ed0623682b96c92bd6","name":"melilla2","image":{"@type":"ImageObject","inLanguage":"es","@id":"https:\/\/agrupacionespsoe.es\/melilla\/#\/schema\/person\/image\/","url":"https:\/\/secure.gravatar.com\/avatar\/489a178e794e59f00db13a448aabca16?s=96&d=mm&r=g","contentUrl":"https:\/\/secure.gravatar.com\/avatar\/489a178e794e59f00db13a448aabca16?s=96&d=mm&r=g","caption":"melilla2"},"url":"https:\/\/agrupacionespsoe.es\/melilla\/author\/melilla2\/"}]}},"jetpack_featured_media_url":"https:\/\/agrupacionespsoe.es\/melilla\/wp-content\/uploads\/sites\/120\/2025\/10\/P2244021-scaled.jpg","jetpack_sharing_enabled":true,"_links":{"self":[{"href":"https:\/\/agrupacionespsoe.es\/melilla\/wp-json\/wp\/v2\/posts\/2267","targetHints":{"allow":["GET"]}}],"collection":[{"href":"https:\/\/agrupacionespsoe.es\/melilla\/wp-json\/wp\/v2\/posts"}],"about":[{"href":"https:\/\/agrupacionespsoe.es\/melilla\/wp-json\/wp\/v2\/types\/post"}],"author":[{"embeddable":true,"href":"https:\/\/agrupacionespsoe.es\/melilla\/wp-json\/wp\/v2\/users\/187"}],"replies":[{"embeddable":true,"href":"https:\/\/agrupacionespsoe.es\/melilla\/wp-json\/wp\/v2\/comments?post=2267"}],"version-history":[{"count":1,"href":"https:\/\/agrupacionespsoe.es\/melilla\/wp-json\/wp\/v2\/posts\/2267\/revisions"}],"predecessor-version":[{"id":2269,"href":"https:\/\/agrupacionespsoe.es\/melilla\/wp-json\/wp\/v2\/posts\/2267\/revisions\/2269"}],"wp:featuredmedia":[{"embeddable":true,"href":"https:\/\/agrupacionespsoe.es\/melilla\/wp-json\/wp\/v2\/media\/2268"}],"wp:attachment":[{"href":"https:\/\/agrupacionespsoe.es\/melilla\/wp-json\/wp\/v2\/media?parent=2267"}],"wp:term":[{"taxonomy":"category","embeddable":true,"href":"https:\/\/agrupacionespsoe.es\/melilla\/wp-json\/wp\/v2\/categories?post=2267"},{"taxonomy":"post_tag","embeddable":true,"href":"https:\/\/agrupacionespsoe.es\/melilla\/wp-json\/wp\/v2\/tags?post=2267"}],"curies":[{"name":"wp","href":"https:\/\/api.w.org\/{rel}","templated":true}]}}