{"id":2252,"date":"2025-10-07T09:17:36","date_gmt":"2025-10-07T09:17:36","guid":{"rendered":"https:\/\/agrupacionespsoe.es\/melilla\/?p=2252"},"modified":"2025-10-07T09:17:38","modified_gmt":"2025-10-07T09:17:38","slug":"el-psoe-desmonta-las-mentiras-del-pp-marin-miente-para-tapar-la-mala-gestion-de-los-planes-de-empleo","status":"publish","type":"post","link":"https:\/\/agrupacionespsoe.es\/melilla\/el-psoe-desmonta-las-mentiras-del-pp-marin-miente-para-tapar-la-mala-gestion-de-los-planes-de-empleo\/","title":{"rendered":"El PSOE desmonta las mentiras del PP: \u201cMar\u00edn miente para tapar la mala gesti\u00f3n de los Planes de Empleo\u201d"},"content":{"rendered":"\n<p><strong>Rafael Robles aclara que los criterios los marca la Ciudad Aut\u00f3noma, no la Delegaci\u00f3n del Gobierno, y denuncia la falta de transparencia del Ejecutivo local.<\/strong><\/p>\n\n\n\n<p>El PSOE de Melilla ha salido al paso de las mentiras vertidas por el Partido Popular sobre los Planes de Empleo y ha acusado a Miguel Mar\u00edn de intentar enga\u00f1ar a la ciudadan\u00eda para tapar la mala gesti\u00f3n del Gobierno local.<\/p>\n\n\n\n<p>En palabras del diputado socialista y portavoz del PSOE de Melilla, Rafael Robles, \u201cuna vez m\u00e1s, Miguel Mar\u00edn y el Partido Popular vuelven a mentir a los melillenses. Los criterios de selecci\u00f3n de los Planes de Empleo los marca la Ciudad Aut\u00f3noma, no la Delegaci\u00f3n del Gobierno. El SEPE solo cumple las instrucciones que recibe de la Ciudad, que es quien contrata y decide\u201d.<\/p>\n\n\n\n<p>Robles ha recordado que no es la Delegada del Gobierno quien hace los sondeos, sino los funcionarios del SEPE, que act\u00faan siguiendo los criterios establecidos por la Ciudad Aut\u00f3noma.<\/p>\n\n\n\n<p>\u201cSi Mar\u00edn dice lo contrario, o no sabe c\u00f3mo funciona el sistema o miente deliberadamente. Y ambas cosas son igual de graves\u201d, ha se\u00f1alado.<\/p>\n\n\n\n<p>El portavoz socialista tambi\u00e9n ha denunciado la falta de transparencia del Gobierno local en el proceso de selecci\u00f3n. \u201cDurante los primeros d\u00edas, la Ciudad omiti\u00f3 los c\u00f3digos de ocupaci\u00f3n y no public\u00f3 los requisitos para acceder a los puestos. Eso gener\u00f3 confusi\u00f3n y malestar entre muchos melillenses. Esa es la realidad que intentan tapar con bulos y acusaciones falsas\u201d, ha enfatizado.<\/p>\n\n\n\n<p>Adem\u00e1s, Robles ha desmentido rotundamente que se perdieran&nbsp; 16 millones de euros, como afirma Miguel Mar\u00edn. \u201cEsos fondos se est\u00e1n utilizando este a\u00f1o en dos nuevos Planes de Empleo, tras adaptarlos a la sentencia judicial que mejora los derechos y cotizaciones de los trabajadores\u201d, ha expuesto.<\/p>\n\n\n\n<p>En cambio, ha recordado que s\u00ed se perdieron 5 millones de euros en los anteriores Planes de Empleo por culpa de la negligencia del Gobierno local, que no firm\u00f3 los contratos a tiempo ni cumpli\u00f3 los plazos administrativos.<\/p>\n\n\n\n<p>\u201cEso s\u00ed fue un error grave de gesti\u00f3n. Y ahora quieren culpar a otros de lo que fue su propia incompetencia\u201d, ha recalcado.<\/p>\n\n\n\n<p>Robles ha acusado al PP de haber hecho de la mentira una herramienta pol\u00edtica permanente. \u201cEl Partido Popular intenta culpar a los dem\u00e1s de sus propios fallos. Pero los melillenses ya no se tragan sus cuentos. La Ciudad Aut\u00f3noma es quien marca las reglas y quien perdi\u00f3 dinero por su mala gesti\u00f3n\u201d, ha dejado claro.<\/p>\n\n\n\n<p>El portavoz socialista ha concluido defendiendo la labor del PSOE y de la Delegada del Gobierno, Sabrina Moh, que act\u00faan con transparencia y responsabilidad. \u201cDesde el PSOE de Melilla defendemos la verdad, la transparencia y los derechos de los trabajadores. No vamos a permitir que se siga enga\u00f1ando a la ciudadan\u00eda con mentiras y manipulaci\u00f3n. El PP miente, y el PSOE trabaja por una Melilla m\u00e1s justa, m\u00e1s clara y m\u00e1s honesta\u201d, ha concluido.<\/p>\n","protected":false},"excerpt":{"rendered":"<p>Rafael Robles aclara que los criterios los marca la Ciudad Aut\u00f3noma, no la Delegaci\u00f3n del Gobierno, y denuncia la falta de transparencia del Ejecutivo local. El PSOE de Melilla ha salido al paso de las mentiras vertidas por el Partido Popular sobre los Planes de Empleo y ha acusado a Miguel Mar\u00edn de intentar enga\u00f1ar &#8230;<\/p>\n","protected":false},"author":187,"featured_media":1845,"comment_status":"open","ping_status":"open","sticky":false,"template":"","format":"standard","meta":{"_jetpack_memberships_contains_paid_content":false,"footnotes":""},"categories":[1],"tags":[],"class_list":["post-2252","post","type-post","status-publish","format-standard","has-post-thumbnail","hentry","category-sin-categoria"],"yoast_head":"<!-- This site is optimized with the Yoast SEO plugin v24.0 - https:\/\/yoast.com\/wordpress\/plugins\/seo\/ -->\n<title>El PSOE desmonta las mentiras del PP: \u201cMar\u00edn miente para tapar la mala gesti\u00f3n de los Planes de Empleo\u201d - Agrupaci\u00f3n Socialista de Melilla<\/title>\n<meta name=\"robots\" content=\"index, follow, max-snippet:-1, max-image-preview:large, max-video-preview:-1\" \/>\n<link rel=\"canonical\" href=\"https:\/\/agrupacionespsoe.es\/melilla\/el-psoe-desmonta-las-mentiras-del-pp-marin-miente-para-tapar-la-mala-gestion-de-los-planes-de-empleo\/\" \/>\n<meta property=\"og:locale\" content=\"es_ES\" \/>\n<meta property=\"og:type\" content=\"article\" \/>\n<meta property=\"og:title\" content=\"El PSOE desmonta las mentiras del PP: \u201cMar\u00edn miente para tapar la mala gesti\u00f3n de los Planes de Empleo\u201d - Agrupaci\u00f3n Socialista de Melilla\" \/>\n<meta property=\"og:description\" content=\"Rafael Robles aclara que los criterios los marca la Ciudad Aut\u00f3noma, no la Delegaci\u00f3n del Gobierno, y denuncia la falta de transparencia del Ejecutivo local. El PSOE de Melilla ha salido al paso de las mentiras vertidas por el Partido Popular sobre los Planes de Empleo y ha acusado a Miguel Mar\u00edn de intentar enga\u00f1ar ...\" \/>\n<meta property=\"og:url\" content=\"https:\/\/agrupacionespsoe.es\/melilla\/el-psoe-desmonta-las-mentiras-del-pp-marin-miente-para-tapar-la-mala-gestion-de-los-planes-de-empleo\/\" \/>\n<meta property=\"og:site_name\" content=\"Agrupaci\u00f3n Socialista de Melilla\" \/>\n<meta property=\"article:published_time\" content=\"2025-10-07T09:17:36+00:00\" \/>\n<meta property=\"article:modified_time\" content=\"2025-10-07T09:17:38+00:00\" \/>\n<meta property=\"og:image\" content=\"https:\/\/agrupacionespsoe.es\/melilla\/wp-content\/uploads\/sites\/120\/2025\/05\/2025-05-26-RRobles-scaled.jpg\" \/>\n\t<meta property=\"og:image:width\" content=\"2560\" \/>\n\t<meta property=\"og:image:height\" content=\"1707\" \/>\n\t<meta property=\"og:image:type\" content=\"image\/jpeg\" \/>\n<meta name=\"author\" content=\"melilla2\" \/>\n<meta name=\"twitter:card\" content=\"summary_large_image\" \/>\n<meta name=\"twitter:label1\" content=\"Escrito por\" \/>\n\t<meta name=\"twitter:data1\" content=\"melilla2\" \/>\n\t<meta name=\"twitter:label2\" content=\"Tiempo de lectura\" \/>\n\t<meta name=\"twitter:data2\" content=\"3 minutos\" \/>\n<script type=\"application\/ld+json\" class=\"yoast-schema-graph\">{\"@context\":\"https:\/\/schema.org\",\"@graph\":[{\"@type\":\"Article\",\"@id\":\"https:\/\/agrupacionespsoe.es\/melilla\/el-psoe-desmonta-las-mentiras-del-pp-marin-miente-para-tapar-la-mala-gestion-de-los-planes-de-empleo\/#article\",\"isPartOf\":{\"@id\":\"https:\/\/agrupacionespsoe.es\/melilla\/el-psoe-desmonta-las-mentiras-del-pp-marin-miente-para-tapar-la-mala-gestion-de-los-planes-de-empleo\/\"},\"author\":{\"name\":\"melilla2\",\"@id\":\"https:\/\/agrupacionespsoe.es\/melilla\/#\/schema\/person\/72bb3075a827d0ed0623682b96c92bd6\"},\"headline\":\"El PSOE desmonta las mentiras del PP: \u201cMar\u00edn miente para tapar la mala gesti\u00f3n de los Planes de Empleo\u201d\",\"datePublished\":\"2025-10-07T09:17:36+00:00\",\"dateModified\":\"2025-10-07T09:17:38+00:00\",\"mainEntityOfPage\":{\"@id\":\"https:\/\/agrupacionespsoe.es\/melilla\/el-psoe-desmonta-las-mentiras-del-pp-marin-miente-para-tapar-la-mala-gestion-de-los-planes-de-empleo\/\"},\"wordCount\":538,\"commentCount\":0,\"publisher\":{\"@id\":\"https:\/\/agrupacionespsoe.es\/melilla\/#organization\"},\"image\":{\"@id\":\"https:\/\/agrupacionespsoe.es\/melilla\/el-psoe-desmonta-las-mentiras-del-pp-marin-miente-para-tapar-la-mala-gestion-de-los-planes-de-empleo\/#primaryimage\"},\"thumbnailUrl\":\"https:\/\/agrupacionespsoe.es\/melilla\/wp-content\/uploads\/sites\/120\/2025\/05\/2025-05-26-RRobles-scaled.jpg\",\"inLanguage\":\"es\",\"potentialAction\":[{\"@type\":\"CommentAction\",\"name\":\"Comment\",\"target\":[\"https:\/\/agrupacionespsoe.es\/melilla\/el-psoe-desmonta-las-mentiras-del-pp-marin-miente-para-tapar-la-mala-gestion-de-los-planes-de-empleo\/#respond\"]}]},{\"@type\":\"WebPage\",\"@id\":\"https:\/\/agrupacionespsoe.es\/melilla\/el-psoe-desmonta-las-mentiras-del-pp-marin-miente-para-tapar-la-mala-gestion-de-los-planes-de-empleo\/\",\"url\":\"https:\/\/agrupacionespsoe.es\/melilla\/el-psoe-desmonta-las-mentiras-del-pp-marin-miente-para-tapar-la-mala-gestion-de-los-planes-de-empleo\/\",\"name\":\"El PSOE desmonta las mentiras del PP: \u201cMar\u00edn miente para tapar la mala gesti\u00f3n de los Planes de Empleo\u201d - Agrupaci\u00f3n Socialista de Melilla\",\"isPartOf\":{\"@id\":\"https:\/\/agrupacionespsoe.es\/melilla\/#website\"},\"primaryImageOfPage\":{\"@id\":\"https:\/\/agrupacionespsoe.es\/melilla\/el-psoe-desmonta-las-mentiras-del-pp-marin-miente-para-tapar-la-mala-gestion-de-los-planes-de-empleo\/#primaryimage\"},\"image\":{\"@id\":\"https:\/\/agrupacionespsoe.es\/melilla\/el-psoe-desmonta-las-mentiras-del-pp-marin-miente-para-tapar-la-mala-gestion-de-los-planes-de-empleo\/#primaryimage\"},\"thumbnailUrl\":\"https:\/\/agrupacionespsoe.es\/melilla\/wp-content\/uploads\/sites\/120\/2025\/05\/2025-05-26-RRobles-scaled.jpg\",\"datePublished\":\"2025-10-07T09:17:36+00:00\",\"dateModified\":\"2025-10-07T09:17:38+00:00\",\"breadcrumb\":{\"@id\":\"https:\/\/agrupacionespsoe.es\/melilla\/el-psoe-desmonta-las-mentiras-del-pp-marin-miente-para-tapar-la-mala-gestion-de-los-planes-de-empleo\/#breadcrumb\"},\"inLanguage\":\"es\",\"potentialAction\":[{\"@type\":\"ReadAction\",\"target\":[\"https:\/\/agrupacionespsoe.es\/melilla\/el-psoe-desmonta-las-mentiras-del-pp-marin-miente-para-tapar-la-mala-gestion-de-los-planes-de-empleo\/\"]}]},{\"@type\":\"ImageObject\",\"inLanguage\":\"es\",\"@id\":\"https:\/\/agrupacionespsoe.es\/melilla\/el-psoe-desmonta-las-mentiras-del-pp-marin-miente-para-tapar-la-mala-gestion-de-los-planes-de-empleo\/#primaryimage\",\"url\":\"https:\/\/agrupacionespsoe.es\/melilla\/wp-content\/uploads\/sites\/120\/2025\/05\/2025-05-26-RRobles-scaled.jpg\",\"contentUrl\":\"https:\/\/agrupacionespsoe.es\/melilla\/wp-content\/uploads\/sites\/120\/2025\/05\/2025-05-26-RRobles-scaled.jpg\",\"width\":2560,\"height\":1707},{\"@type\":\"BreadcrumbList\",\"@id\":\"https:\/\/agrupacionespsoe.es\/melilla\/el-psoe-desmonta-las-mentiras-del-pp-marin-miente-para-tapar-la-mala-gestion-de-los-planes-de-empleo\/#breadcrumb\",\"itemListElement\":[{\"@type\":\"ListItem\",\"position\":1,\"name\":\"Portada\",\"item\":\"https:\/\/agrupacionespsoe.es\/melilla\/\"},{\"@type\":\"ListItem\",\"position\":2,\"name\":\"El PSOE desmonta las mentiras del PP: \u201cMar\u00edn miente para tapar la mala gesti\u00f3n de los Planes de Empleo\u201d\"}]},{\"@type\":\"WebSite\",\"@id\":\"https:\/\/agrupacionespsoe.es\/melilla\/#website\",\"url\":\"https:\/\/agrupacionespsoe.es\/melilla\/\",\"name\":\"Agrupaci\u00f3n Socialista de Melilla\",\"description\":\"Agrupaci\u00f3n Socialista de Melilla\",\"publisher\":{\"@id\":\"https:\/\/agrupacionespsoe.es\/melilla\/#organization\"},\"potentialAction\":[{\"@type\":\"SearchAction\",\"target\":{\"@type\":\"EntryPoint\",\"urlTemplate\":\"https:\/\/agrupacionespsoe.es\/melilla\/?s={search_term_string}\"},\"query-input\":{\"@type\":\"PropertyValueSpecification\",\"valueRequired\":true,\"valueName\":\"search_term_string\"}}],\"inLanguage\":\"es\"},{\"@type\":\"Organization\",\"@id\":\"https:\/\/agrupacionespsoe.es\/melilla\/#organization\",\"name\":\"Agrupaci\u00f3n Socialista de Melilla\",\"url\":\"https:\/\/agrupacionespsoe.es\/melilla\/\",\"logo\":{\"@type\":\"ImageObject\",\"inLanguage\":\"es\",\"@id\":\"https:\/\/agrupacionespsoe.es\/melilla\/#\/schema\/logo\/image\/\",\"url\":\"https:\/\/agrupacionespsoe.es\/wp-content\/uploads\/2022\/07\/Logotipo_electoral_del_PSOE.png\",\"contentUrl\":\"https:\/\/agrupacionespsoe.es\/wp-content\/uploads\/2022\/07\/Logotipo_electoral_del_PSOE.png\",\"width\":422,\"height\":422,\"caption\":\"Agrupaci\u00f3n Socialista de Melilla\"},\"image\":{\"@id\":\"https:\/\/agrupacionespsoe.es\/melilla\/#\/schema\/logo\/image\/\"}},{\"@type\":\"Person\",\"@id\":\"https:\/\/agrupacionespsoe.es\/melilla\/#\/schema\/person\/72bb3075a827d0ed0623682b96c92bd6\",\"name\":\"melilla2\",\"image\":{\"@type\":\"ImageObject\",\"inLanguage\":\"es\",\"@id\":\"https:\/\/agrupacionespsoe.es\/melilla\/#\/schema\/person\/image\/\",\"url\":\"https:\/\/secure.gravatar.com\/avatar\/489a178e794e59f00db13a448aabca16?s=96&d=mm&r=g\",\"contentUrl\":\"https:\/\/secure.gravatar.com\/avatar\/489a178e794e59f00db13a448aabca16?s=96&d=mm&r=g\",\"caption\":\"melilla2\"},\"url\":\"https:\/\/agrupacionespsoe.es\/melilla\/author\/melilla2\/\"}]}<\/script>\n<!-- \/ Yoast SEO plugin. -->","yoast_head_json":{"title":"El PSOE desmonta las mentiras del PP: \u201cMar\u00edn miente para tapar la mala gesti\u00f3n de los Planes de Empleo\u201d - Agrupaci\u00f3n Socialista de Melilla","robots":{"index":"index","follow":"follow","max-snippet":"max-snippet:-1","max-image-preview":"max-image-preview:large","max-video-preview":"max-video-preview:-1"},"canonical":"https:\/\/agrupacionespsoe.es\/melilla\/el-psoe-desmonta-las-mentiras-del-pp-marin-miente-para-tapar-la-mala-gestion-de-los-planes-de-empleo\/","og_locale":"es_ES","og_type":"article","og_title":"El PSOE desmonta las mentiras del PP: \u201cMar\u00edn miente para tapar la mala gesti\u00f3n de los Planes de Empleo\u201d - Agrupaci\u00f3n Socialista de Melilla","og_description":"Rafael Robles aclara que los criterios los marca la Ciudad Aut\u00f3noma, no la Delegaci\u00f3n del Gobierno, y denuncia la falta de transparencia del Ejecutivo local. El PSOE de Melilla ha salido al paso de las mentiras vertidas por el Partido Popular sobre los Planes de Empleo y ha acusado a Miguel Mar\u00edn de intentar enga\u00f1ar ...","og_url":"https:\/\/agrupacionespsoe.es\/melilla\/el-psoe-desmonta-las-mentiras-del-pp-marin-miente-para-tapar-la-mala-gestion-de-los-planes-de-empleo\/","og_site_name":"Agrupaci\u00f3n Socialista de Melilla","article_published_time":"2025-10-07T09:17:36+00:00","article_modified_time":"2025-10-07T09:17:38+00:00","og_image":[{"width":2560,"height":1707,"url":"https:\/\/agrupacionespsoe.es\/melilla\/wp-content\/uploads\/sites\/120\/2025\/05\/2025-05-26-RRobles-scaled.jpg","type":"image\/jpeg"}],"author":"melilla2","twitter_card":"summary_large_image","twitter_misc":{"Escrito por":"melilla2","Tiempo de lectura":"3 minutos"},"schema":{"@context":"https:\/\/schema.org","@graph":[{"@type":"Article","@id":"https:\/\/agrupacionespsoe.es\/melilla\/el-psoe-desmonta-las-mentiras-del-pp-marin-miente-para-tapar-la-mala-gestion-de-los-planes-de-empleo\/#article","isPartOf":{"@id":"https:\/\/agrupacionespsoe.es\/melilla\/el-psoe-desmonta-las-mentiras-del-pp-marin-miente-para-tapar-la-mala-gestion-de-los-planes-de-empleo\/"},"author":{"name":"melilla2","@id":"https:\/\/agrupacionespsoe.es\/melilla\/#\/schema\/person\/72bb3075a827d0ed0623682b96c92bd6"},"headline":"El PSOE desmonta las mentiras del PP: \u201cMar\u00edn miente para tapar la mala gesti\u00f3n de los Planes de Empleo\u201d","datePublished":"2025-10-07T09:17:36+00:00","dateModified":"2025-10-07T09:17:38+00:00","mainEntityOfPage":{"@id":"https:\/\/agrupacionespsoe.es\/melilla\/el-psoe-desmonta-las-mentiras-del-pp-marin-miente-para-tapar-la-mala-gestion-de-los-planes-de-empleo\/"},"wordCount":538,"commentCount":0,"publisher":{"@id":"https:\/\/agrupacionespsoe.es\/melilla\/#organization"},"image":{"@id":"https:\/\/agrupacionespsoe.es\/melilla\/el-psoe-desmonta-las-mentiras-del-pp-marin-miente-para-tapar-la-mala-gestion-de-los-planes-de-empleo\/#primaryimage"},"thumbnailUrl":"https:\/\/agrupacionespsoe.es\/melilla\/wp-content\/uploads\/sites\/120\/2025\/05\/2025-05-26-RRobles-scaled.jpg","inLanguage":"es","potentialAction":[{"@type":"CommentAction","name":"Comment","target":["https:\/\/agrupacionespsoe.es\/melilla\/el-psoe-desmonta-las-mentiras-del-pp-marin-miente-para-tapar-la-mala-gestion-de-los-planes-de-empleo\/#respond"]}]},{"@type":"WebPage","@id":"https:\/\/agrupacionespsoe.es\/melilla\/el-psoe-desmonta-las-mentiras-del-pp-marin-miente-para-tapar-la-mala-gestion-de-los-planes-de-empleo\/","url":"https:\/\/agrupacionespsoe.es\/melilla\/el-psoe-desmonta-las-mentiras-del-pp-marin-miente-para-tapar-la-mala-gestion-de-los-planes-de-empleo\/","name":"El PSOE desmonta las mentiras del PP: \u201cMar\u00edn miente para tapar la mala gesti\u00f3n de los Planes de Empleo\u201d - Agrupaci\u00f3n Socialista de Melilla","isPartOf":{"@id":"https:\/\/agrupacionespsoe.es\/melilla\/#website"},"primaryImageOfPage":{"@id":"https:\/\/agrupacionespsoe.es\/melilla\/el-psoe-desmonta-las-mentiras-del-pp-marin-miente-para-tapar-la-mala-gestion-de-los-planes-de-empleo\/#primaryimage"},"image":{"@id":"https:\/\/agrupacionespsoe.es\/melilla\/el-psoe-desmonta-las-mentiras-del-pp-marin-miente-para-tapar-la-mala-gestion-de-los-planes-de-empleo\/#primaryimage"},"thumbnailUrl":"https:\/\/agrupacionespsoe.es\/melilla\/wp-content\/uploads\/sites\/120\/2025\/05\/2025-05-26-RRobles-scaled.jpg","datePublished":"2025-10-07T09:17:36+00:00","dateModified":"2025-10-07T09:17:38+00:00","breadcrumb":{"@id":"https:\/\/agrupacionespsoe.es\/melilla\/el-psoe-desmonta-las-mentiras-del-pp-marin-miente-para-tapar-la-mala-gestion-de-los-planes-de-empleo\/#breadcrumb"},"inLanguage":"es","potentialAction":[{"@type":"ReadAction","target":["https:\/\/agrupacionespsoe.es\/melilla\/el-psoe-desmonta-las-mentiras-del-pp-marin-miente-para-tapar-la-mala-gestion-de-los-planes-de-empleo\/"]}]},{"@type":"ImageObject","inLanguage":"es","@id":"https:\/\/agrupacionespsoe.es\/melilla\/el-psoe-desmonta-las-mentiras-del-pp-marin-miente-para-tapar-la-mala-gestion-de-los-planes-de-empleo\/#primaryimage","url":"https:\/\/agrupacionespsoe.es\/melilla\/wp-content\/uploads\/sites\/120\/2025\/05\/2025-05-26-RRobles-scaled.jpg","contentUrl":"https:\/\/agrupacionespsoe.es\/melilla\/wp-content\/uploads\/sites\/120\/2025\/05\/2025-05-26-RRobles-scaled.jpg","width":2560,"height":1707},{"@type":"BreadcrumbList","@id":"https:\/\/agrupacionespsoe.es\/melilla\/el-psoe-desmonta-las-mentiras-del-pp-marin-miente-para-tapar-la-mala-gestion-de-los-planes-de-empleo\/#breadcrumb","itemListElement":[{"@type":"ListItem","position":1,"name":"Portada","item":"https:\/\/agrupacionespsoe.es\/melilla\/"},{"@type":"ListItem","position":2,"name":"El PSOE desmonta las mentiras del PP: \u201cMar\u00edn miente para tapar la mala gesti\u00f3n de los Planes de Empleo\u201d"}]},{"@type":"WebSite","@id":"https:\/\/agrupacionespsoe.es\/melilla\/#website","url":"https:\/\/agrupacionespsoe.es\/melilla\/","name":"Agrupaci\u00f3n Socialista de Melilla","description":"Agrupaci\u00f3n Socialista de Melilla","publisher":{"@id":"https:\/\/agrupacionespsoe.es\/melilla\/#organization"},"potentialAction":[{"@type":"SearchAction","target":{"@type":"EntryPoint","urlTemplate":"https:\/\/agrupacionespsoe.es\/melilla\/?s={search_term_string}"},"query-input":{"@type":"PropertyValueSpecification","valueRequired":true,"valueName":"search_term_string"}}],"inLanguage":"es"},{"@type":"Organization","@id":"https:\/\/agrupacionespsoe.es\/melilla\/#organization","name":"Agrupaci\u00f3n Socialista de Melilla","url":"https:\/\/agrupacionespsoe.es\/melilla\/","logo":{"@type":"ImageObject","inLanguage":"es","@id":"https:\/\/agrupacionespsoe.es\/melilla\/#\/schema\/logo\/image\/","url":"https:\/\/agrupacionespsoe.es\/wp-content\/uploads\/2022\/07\/Logotipo_electoral_del_PSOE.png","contentUrl":"https:\/\/agrupacionespsoe.es\/wp-content\/uploads\/2022\/07\/Logotipo_electoral_del_PSOE.png","width":422,"height":422,"caption":"Agrupaci\u00f3n Socialista de Melilla"},"image":{"@id":"https:\/\/agrupacionespsoe.es\/melilla\/#\/schema\/logo\/image\/"}},{"@type":"Person","@id":"https:\/\/agrupacionespsoe.es\/melilla\/#\/schema\/person\/72bb3075a827d0ed0623682b96c92bd6","name":"melilla2","image":{"@type":"ImageObject","inLanguage":"es","@id":"https:\/\/agrupacionespsoe.es\/melilla\/#\/schema\/person\/image\/","url":"https:\/\/secure.gravatar.com\/avatar\/489a178e794e59f00db13a448aabca16?s=96&d=mm&r=g","contentUrl":"https:\/\/secure.gravatar.com\/avatar\/489a178e794e59f00db13a448aabca16?s=96&d=mm&r=g","caption":"melilla2"},"url":"https:\/\/agrupacionespsoe.es\/melilla\/author\/melilla2\/"}]}},"jetpack_featured_media_url":"https:\/\/agrupacionespsoe.es\/melilla\/wp-content\/uploads\/sites\/120\/2025\/05\/2025-05-26-RRobles-scaled.jpg","jetpack_sharing_enabled":true,"_links":{"self":[{"href":"https:\/\/agrupacionespsoe.es\/melilla\/wp-json\/wp\/v2\/posts\/2252","targetHints":{"allow":["GET"]}}],"collection":[{"href":"https:\/\/agrupacionespsoe.es\/melilla\/wp-json\/wp\/v2\/posts"}],"about":[{"href":"https:\/\/agrupacionespsoe.es\/melilla\/wp-json\/wp\/v2\/types\/post"}],"author":[{"embeddable":true,"href":"https:\/\/agrupacionespsoe.es\/melilla\/wp-json\/wp\/v2\/users\/187"}],"replies":[{"embeddable":true,"href":"https:\/\/agrupacionespsoe.es\/melilla\/wp-json\/wp\/v2\/comments?post=2252"}],"version-history":[{"count":1,"href":"https:\/\/agrupacionespsoe.es\/melilla\/wp-json\/wp\/v2\/posts\/2252\/revisions"}],"predecessor-version":[{"id":2253,"href":"https:\/\/agrupacionespsoe.es\/melilla\/wp-json\/wp\/v2\/posts\/2252\/revisions\/2253"}],"wp:featuredmedia":[{"embeddable":true,"href":"https:\/\/agrupacionespsoe.es\/melilla\/wp-json\/wp\/v2\/media\/1845"}],"wp:attachment":[{"href":"https:\/\/agrupacionespsoe.es\/melilla\/wp-json\/wp\/v2\/media?parent=2252"}],"wp:term":[{"taxonomy":"category","embeddable":true,"href":"https:\/\/agrupacionespsoe.es\/melilla\/wp-json\/wp\/v2\/categories?post=2252"},{"taxonomy":"post_tag","embeddable":true,"href":"https:\/\/agrupacionespsoe.es\/melilla\/wp-json\/wp\/v2\/tags?post=2252"}],"curies":[{"name":"wp","href":"https:\/\/api.w.org\/{rel}","templated":true}]}}