{"id":2191,"date":"2025-09-18T17:27:29","date_gmt":"2025-09-18T17:27:29","guid":{"rendered":"https:\/\/agrupacionespsoe.es\/melilla\/?p=2191"},"modified":"2025-09-18T17:27:30","modified_gmt":"2025-09-18T17:27:30","slug":"el-psoe-acusa-a-imbroda-de-usar-el-dia-de-melilla-para-hacer-un-mitin-del-partido-popular","status":"publish","type":"post","link":"https:\/\/agrupacionespsoe.es\/melilla\/el-psoe-acusa-a-imbroda-de-usar-el-dia-de-melilla-para-hacer-un-mitin-del-partido-popular\/","title":{"rendered":"El PSOE acusa a Imbroda de usar el D\u00eda de Melilla para hacer un mitin del Partido Popular"},"content":{"rendered":"\n<p><strong>Riduan Moh: \u201cAnoche habl\u00f3 como presidente del PP de Melilla y no en representaci\u00f3n de todos los melillenses\u201d<\/strong><\/p>\n\n\n\n<p>\u201cCuando pens\u00e1bamos que el se\u00f1or Imbroda no pod\u00eda superar el discurso del a\u00f1o anterior, lo hizo. El que habl\u00f3 anoche fue el presidente del Partido Popular de Melilla y no de la Ciudad Aut\u00f3noma\u201d, ha afirmado el portavoz del Grupo Municipal Socialista, Riduan Moh, en una entrevista concedida a Radio Nacional Espa\u00f1a (RNE).<\/p>\n\n\n\n<p>El dirigente socialista ha valorado negativamente las diferentes cuestiones a las que hizo alusi\u00f3n el presidente de la Ciudad Aut\u00f3noma durante su discurso por el D\u00eda de Melilla, muchas de ellas en detrimento del Gobierno central, en lugar de hablar en representaci\u00f3n de todos los melillenses.<\/p>\n\n\n\n<p>En ese sentido, ha afeado que Imbroda se haya atribuido gestiones que \u201cno eran reales\u201d, como en materia universitaria, alabando la gesti\u00f3n de su gobierno para conseguir la implantaci\u00f3n del grado en Inteligencia Artificial y Ciencia de Datos en el campus de la Universidad de Granada en Melilla cuando ha sido el Ministerio de Universidades quien lo ha desbloqueado.<\/p>\n\n\n\n<p>Adem\u00e1s, ha se\u00f1alado que algunas de los puntos que Imbroda enumer\u00f3 en su discurso atribuyendo como avances del Partido Popular eran, en realidad, logros del Gobierno central.<\/p>\n\n\n\n<p>Por otro lado, Moh considera \u201cintolerable\u201d que el presidente Imbroda contin\u00fae haciendo uso de espacios p\u00fablicos, como el acto institucional del D\u00eda de Melilla celebrado en la Plaza de Armas, para hacer un mitin pol\u00edtico del Partido Popular y manchar la imagen del Gobierno central. \u201cY, sobre todo, blanquear su gesti\u00f3n en la Ciudad Aut\u00f3noma\u201d, ha a\u00f1adido.<\/p>\n\n\n\n<p>Entendemos que ahora mismo tenemos una situaci\u00f3n que no requiere nuestro modelo, s\u00ed actualizaci\u00f3n. La Ciudad Aut\u00f3noma no sabe gestionar las competencias que tiene ahora como autonom\u00eda, como estamos viendo durante esta legislatura, ni para solventar las cuestiones sobrevenidas como Pol\u00edticas Sociales o Medio Ambiente. Por eso, nos sorprende que el Partido Popular de Melilla pida m\u00e1s competencias, sobre todo en Sanidad cuando ha sido el PP quien ha tenido siete a\u00f1os paralizado las obras del Hospital Universitario de Melilla.<\/p>\n\n\n\n<p>Asimismo, ante las constantes reclamaciones que el Ejecutivo de Imbroda hace al Gobierno de Espa\u00f1a, Riduan Moh ha recordado que el Partido Popular ya ha estado en varias ocasiones gobernando en el pa\u00eds y en la Ciudad, y no se han cambiado muchas cosas.<\/p>\n\n\n\n<p><strong>Genocidio del pueblo palestino<\/strong><\/p>\n\n\n\n<p>En otro orden de asuntos, Riduan Moh ha denunciado la postura del Partido Popular frente al conflicto en Gaza: \u201cLa postura del presidente de la Ciudad debe ser clara y de repulsa contra ante este genocidio. Y tenemos que hablar de genocidio contra el pueblo palestino\u201d.<\/p>\n\n\n\n<p>Frente a las declaraciones de los distintos dirigentes del Partido Popular a nivel nacional, el portavoz socialista ha sido claro al hablar de la terrible situaci\u00f3n que est\u00e1 sufriendo la poblaci\u00f3n palestina a manos de Israel.<\/p>\n\n\n\n<p>\u201cEs un genocidio, y hay que hablar de \u00e9l como tal. Ya lo hace el Gobierno de Espa\u00f1a y la comunidad internacional\u201d, ha afirmado ante los micr\u00f3fonos de RNE. \u201cSe trata de un tema de humanidad, y lo es ahora con m\u00e1s fuerza. Tanto el Gobierno de Pedro S\u00e1nchez como el PSOE lo tienen claro\u201d.<\/p>\n\n\n\n<p>En cambio, ha criticado que \u201cquien no lo tiene claro es el PP, que lo utiliza como un arma pol\u00edtica\u201d. Desde el PSOE defienden los derechos humanos y un alto al fuego \u201creal\u201d en el conflicto. \u201cEst\u00e1n masacrando al pueblo palestino al completo\u201d, ha subrayado.<\/p>\n\n\n\n<p>Asimismo, Moh se ha mostrado indignado ante las acusaciones del presidente del PP de Melilla contra el PSOE por usar el conflicto de Gaza para sacar r\u00e9dito pol\u00edtico. \u201cPero est\u00e1 clara la postura del PP a nivel nacional. Las declaraciones de Ayuso o Almeida sobre el genocidio en Gaza son bochornosas\u201d.<\/p>\n\n\n\n<p>El PSOE celebrar\u00e1 esta tarde, a las 20 horas, la primera de las concentraciones programadas exigiendo el fin del genocidio y un alto al fuego de inmediato. Cada tercer jueves de cada mes, hasta diciembre, se celebrar\u00e1 una concentraci\u00f3n frente al monolito de la Constituci\u00f3n y el PSOE de Melilla invita a toda la ciudadan\u00eda a que se una a ellas para denunciar \u201cla tragedia sin precedentes\u201d que est\u00e1 sucediendo en Gaza.<\/p>\n","protected":false},"excerpt":{"rendered":"<p>Riduan Moh: \u201cAnoche habl\u00f3 como presidente del PP de Melilla y no en representaci\u00f3n de todos los melillenses\u201d \u201cCuando pens\u00e1bamos que el se\u00f1or Imbroda no pod\u00eda superar el discurso del a\u00f1o anterior, lo hizo. El que habl\u00f3 anoche fue el presidente del Partido Popular de Melilla y no de la Ciudad Aut\u00f3noma\u201d, ha afirmado el &#8230;<\/p>\n","protected":false},"author":187,"featured_media":2192,"comment_status":"open","ping_status":"open","sticky":false,"template":"","format":"standard","meta":{"_jetpack_memberships_contains_paid_content":false,"footnotes":""},"categories":[1],"tags":[],"class_list":["post-2191","post","type-post","status-publish","format-standard","has-post-thumbnail","hentry","category-sin-categoria"],"yoast_head":"<!-- This site is optimized with the Yoast SEO plugin v24.0 - https:\/\/yoast.com\/wordpress\/plugins\/seo\/ -->\n<title>El PSOE acusa a Imbroda de usar el D\u00eda de Melilla para hacer un mitin del Partido Popular - Agrupaci\u00f3n Socialista de Melilla<\/title>\n<meta name=\"robots\" content=\"index, follow, max-snippet:-1, max-image-preview:large, max-video-preview:-1\" \/>\n<link rel=\"canonical\" href=\"https:\/\/agrupacionespsoe.es\/melilla\/el-psoe-acusa-a-imbroda-de-usar-el-dia-de-melilla-para-hacer-un-mitin-del-partido-popular\/\" \/>\n<meta property=\"og:locale\" content=\"es_ES\" \/>\n<meta property=\"og:type\" content=\"article\" \/>\n<meta property=\"og:title\" content=\"El PSOE acusa a Imbroda de usar el D\u00eda de Melilla para hacer un mitin del Partido Popular - Agrupaci\u00f3n Socialista de Melilla\" \/>\n<meta property=\"og:description\" content=\"Riduan Moh: \u201cAnoche habl\u00f3 como presidente del PP de Melilla y no en representaci\u00f3n de todos los melillenses\u201d \u201cCuando pens\u00e1bamos que el se\u00f1or Imbroda no pod\u00eda superar el discurso del a\u00f1o anterior, lo hizo. El que habl\u00f3 anoche fue el presidente del Partido Popular de Melilla y no de la Ciudad Aut\u00f3noma\u201d, ha afirmado el ...\" \/>\n<meta property=\"og:url\" content=\"https:\/\/agrupacionespsoe.es\/melilla\/el-psoe-acusa-a-imbroda-de-usar-el-dia-de-melilla-para-hacer-un-mitin-del-partido-popular\/\" \/>\n<meta property=\"og:site_name\" content=\"Agrupaci\u00f3n Socialista de Melilla\" \/>\n<meta property=\"article:published_time\" content=\"2025-09-18T17:27:29+00:00\" \/>\n<meta property=\"article:modified_time\" content=\"2025-09-18T17:27:30+00:00\" \/>\n<meta property=\"og:image\" content=\"https:\/\/agrupacionespsoe.es\/melilla\/wp-content\/uploads\/sites\/120\/2025\/09\/WhatsApp-Image-2025-09-18-at-13.24.06.jpeg\" \/>\n\t<meta property=\"og:image:width\" content=\"2560\" \/>\n\t<meta property=\"og:image:height\" content=\"1706\" \/>\n\t<meta property=\"og:image:type\" content=\"image\/jpeg\" \/>\n<meta name=\"author\" content=\"melilla2\" \/>\n<meta name=\"twitter:card\" content=\"summary_large_image\" \/>\n<meta name=\"twitter:label1\" content=\"Escrito por\" \/>\n\t<meta name=\"twitter:data1\" content=\"melilla2\" \/>\n\t<meta name=\"twitter:label2\" content=\"Tiempo de lectura\" \/>\n\t<meta name=\"twitter:data2\" content=\"4 minutos\" \/>\n<script type=\"application\/ld+json\" class=\"yoast-schema-graph\">{\"@context\":\"https:\/\/schema.org\",\"@graph\":[{\"@type\":\"Article\",\"@id\":\"https:\/\/agrupacionespsoe.es\/melilla\/el-psoe-acusa-a-imbroda-de-usar-el-dia-de-melilla-para-hacer-un-mitin-del-partido-popular\/#article\",\"isPartOf\":{\"@id\":\"https:\/\/agrupacionespsoe.es\/melilla\/el-psoe-acusa-a-imbroda-de-usar-el-dia-de-melilla-para-hacer-un-mitin-del-partido-popular\/\"},\"author\":{\"name\":\"melilla2\",\"@id\":\"https:\/\/agrupacionespsoe.es\/melilla\/#\/schema\/person\/72bb3075a827d0ed0623682b96c92bd6\"},\"headline\":\"El PSOE acusa a Imbroda de usar el D\u00eda de Melilla para hacer un mitin del Partido Popular\",\"datePublished\":\"2025-09-18T17:27:29+00:00\",\"dateModified\":\"2025-09-18T17:27:30+00:00\",\"mainEntityOfPage\":{\"@id\":\"https:\/\/agrupacionespsoe.es\/melilla\/el-psoe-acusa-a-imbroda-de-usar-el-dia-de-melilla-para-hacer-un-mitin-del-partido-popular\/\"},\"wordCount\":755,\"commentCount\":0,\"publisher\":{\"@id\":\"https:\/\/agrupacionespsoe.es\/melilla\/#organization\"},\"image\":{\"@id\":\"https:\/\/agrupacionespsoe.es\/melilla\/el-psoe-acusa-a-imbroda-de-usar-el-dia-de-melilla-para-hacer-un-mitin-del-partido-popular\/#primaryimage\"},\"thumbnailUrl\":\"https:\/\/agrupacionespsoe.es\/melilla\/wp-content\/uploads\/sites\/120\/2025\/09\/WhatsApp-Image-2025-09-18-at-13.24.06.jpeg\",\"inLanguage\":\"es\",\"potentialAction\":[{\"@type\":\"CommentAction\",\"name\":\"Comment\",\"target\":[\"https:\/\/agrupacionespsoe.es\/melilla\/el-psoe-acusa-a-imbroda-de-usar-el-dia-de-melilla-para-hacer-un-mitin-del-partido-popular\/#respond\"]}]},{\"@type\":\"WebPage\",\"@id\":\"https:\/\/agrupacionespsoe.es\/melilla\/el-psoe-acusa-a-imbroda-de-usar-el-dia-de-melilla-para-hacer-un-mitin-del-partido-popular\/\",\"url\":\"https:\/\/agrupacionespsoe.es\/melilla\/el-psoe-acusa-a-imbroda-de-usar-el-dia-de-melilla-para-hacer-un-mitin-del-partido-popular\/\",\"name\":\"El PSOE acusa a Imbroda de usar el D\u00eda de Melilla para hacer un mitin del Partido Popular - Agrupaci\u00f3n Socialista de Melilla\",\"isPartOf\":{\"@id\":\"https:\/\/agrupacionespsoe.es\/melilla\/#website\"},\"primaryImageOfPage\":{\"@id\":\"https:\/\/agrupacionespsoe.es\/melilla\/el-psoe-acusa-a-imbroda-de-usar-el-dia-de-melilla-para-hacer-un-mitin-del-partido-popular\/#primaryimage\"},\"image\":{\"@id\":\"https:\/\/agrupacionespsoe.es\/melilla\/el-psoe-acusa-a-imbroda-de-usar-el-dia-de-melilla-para-hacer-un-mitin-del-partido-popular\/#primaryimage\"},\"thumbnailUrl\":\"https:\/\/agrupacionespsoe.es\/melilla\/wp-content\/uploads\/sites\/120\/2025\/09\/WhatsApp-Image-2025-09-18-at-13.24.06.jpeg\",\"datePublished\":\"2025-09-18T17:27:29+00:00\",\"dateModified\":\"2025-09-18T17:27:30+00:00\",\"breadcrumb\":{\"@id\":\"https:\/\/agrupacionespsoe.es\/melilla\/el-psoe-acusa-a-imbroda-de-usar-el-dia-de-melilla-para-hacer-un-mitin-del-partido-popular\/#breadcrumb\"},\"inLanguage\":\"es\",\"potentialAction\":[{\"@type\":\"ReadAction\",\"target\":[\"https:\/\/agrupacionespsoe.es\/melilla\/el-psoe-acusa-a-imbroda-de-usar-el-dia-de-melilla-para-hacer-un-mitin-del-partido-popular\/\"]}]},{\"@type\":\"ImageObject\",\"inLanguage\":\"es\",\"@id\":\"https:\/\/agrupacionespsoe.es\/melilla\/el-psoe-acusa-a-imbroda-de-usar-el-dia-de-melilla-para-hacer-un-mitin-del-partido-popular\/#primaryimage\",\"url\":\"https:\/\/agrupacionespsoe.es\/melilla\/wp-content\/uploads\/sites\/120\/2025\/09\/WhatsApp-Image-2025-09-18-at-13.24.06.jpeg\",\"contentUrl\":\"https:\/\/agrupacionespsoe.es\/melilla\/wp-content\/uploads\/sites\/120\/2025\/09\/WhatsApp-Image-2025-09-18-at-13.24.06.jpeg\",\"width\":2560,\"height\":1706},{\"@type\":\"BreadcrumbList\",\"@id\":\"https:\/\/agrupacionespsoe.es\/melilla\/el-psoe-acusa-a-imbroda-de-usar-el-dia-de-melilla-para-hacer-un-mitin-del-partido-popular\/#breadcrumb\",\"itemListElement\":[{\"@type\":\"ListItem\",\"position\":1,\"name\":\"Portada\",\"item\":\"https:\/\/agrupacionespsoe.es\/melilla\/\"},{\"@type\":\"ListItem\",\"position\":2,\"name\":\"El PSOE acusa a Imbroda de usar el D\u00eda de Melilla para hacer un mitin del Partido Popular\"}]},{\"@type\":\"WebSite\",\"@id\":\"https:\/\/agrupacionespsoe.es\/melilla\/#website\",\"url\":\"https:\/\/agrupacionespsoe.es\/melilla\/\",\"name\":\"Agrupaci\u00f3n Socialista de Melilla\",\"description\":\"Agrupaci\u00f3n Socialista de Melilla\",\"publisher\":{\"@id\":\"https:\/\/agrupacionespsoe.es\/melilla\/#organization\"},\"potentialAction\":[{\"@type\":\"SearchAction\",\"target\":{\"@type\":\"EntryPoint\",\"urlTemplate\":\"https:\/\/agrupacionespsoe.es\/melilla\/?s={search_term_string}\"},\"query-input\":{\"@type\":\"PropertyValueSpecification\",\"valueRequired\":true,\"valueName\":\"search_term_string\"}}],\"inLanguage\":\"es\"},{\"@type\":\"Organization\",\"@id\":\"https:\/\/agrupacionespsoe.es\/melilla\/#organization\",\"name\":\"Agrupaci\u00f3n Socialista de Melilla\",\"url\":\"https:\/\/agrupacionespsoe.es\/melilla\/\",\"logo\":{\"@type\":\"ImageObject\",\"inLanguage\":\"es\",\"@id\":\"https:\/\/agrupacionespsoe.es\/melilla\/#\/schema\/logo\/image\/\",\"url\":\"https:\/\/agrupacionespsoe.es\/wp-content\/uploads\/2022\/07\/Logotipo_electoral_del_PSOE.png\",\"contentUrl\":\"https:\/\/agrupacionespsoe.es\/wp-content\/uploads\/2022\/07\/Logotipo_electoral_del_PSOE.png\",\"width\":422,\"height\":422,\"caption\":\"Agrupaci\u00f3n Socialista de Melilla\"},\"image\":{\"@id\":\"https:\/\/agrupacionespsoe.es\/melilla\/#\/schema\/logo\/image\/\"}},{\"@type\":\"Person\",\"@id\":\"https:\/\/agrupacionespsoe.es\/melilla\/#\/schema\/person\/72bb3075a827d0ed0623682b96c92bd6\",\"name\":\"melilla2\",\"image\":{\"@type\":\"ImageObject\",\"inLanguage\":\"es\",\"@id\":\"https:\/\/agrupacionespsoe.es\/melilla\/#\/schema\/person\/image\/\",\"url\":\"https:\/\/secure.gravatar.com\/avatar\/489a178e794e59f00db13a448aabca16?s=96&d=mm&r=g\",\"contentUrl\":\"https:\/\/secure.gravatar.com\/avatar\/489a178e794e59f00db13a448aabca16?s=96&d=mm&r=g\",\"caption\":\"melilla2\"},\"url\":\"https:\/\/agrupacionespsoe.es\/melilla\/author\/melilla2\/\"}]}<\/script>\n<!-- \/ Yoast SEO plugin. -->","yoast_head_json":{"title":"El PSOE acusa a Imbroda de usar el D\u00eda de Melilla para hacer un mitin del Partido Popular - Agrupaci\u00f3n Socialista de Melilla","robots":{"index":"index","follow":"follow","max-snippet":"max-snippet:-1","max-image-preview":"max-image-preview:large","max-video-preview":"max-video-preview:-1"},"canonical":"https:\/\/agrupacionespsoe.es\/melilla\/el-psoe-acusa-a-imbroda-de-usar-el-dia-de-melilla-para-hacer-un-mitin-del-partido-popular\/","og_locale":"es_ES","og_type":"article","og_title":"El PSOE acusa a Imbroda de usar el D\u00eda de Melilla para hacer un mitin del Partido Popular - Agrupaci\u00f3n Socialista de Melilla","og_description":"Riduan Moh: \u201cAnoche habl\u00f3 como presidente del PP de Melilla y no en representaci\u00f3n de todos los melillenses\u201d \u201cCuando pens\u00e1bamos que el se\u00f1or Imbroda no pod\u00eda superar el discurso del a\u00f1o anterior, lo hizo. El que habl\u00f3 anoche fue el presidente del Partido Popular de Melilla y no de la Ciudad Aut\u00f3noma\u201d, ha afirmado el ...","og_url":"https:\/\/agrupacionespsoe.es\/melilla\/el-psoe-acusa-a-imbroda-de-usar-el-dia-de-melilla-para-hacer-un-mitin-del-partido-popular\/","og_site_name":"Agrupaci\u00f3n Socialista de Melilla","article_published_time":"2025-09-18T17:27:29+00:00","article_modified_time":"2025-09-18T17:27:30+00:00","og_image":[{"width":2560,"height":1706,"url":"https:\/\/agrupacionespsoe.es\/melilla\/wp-content\/uploads\/sites\/120\/2025\/09\/WhatsApp-Image-2025-09-18-at-13.24.06.jpeg","type":"image\/jpeg"}],"author":"melilla2","twitter_card":"summary_large_image","twitter_misc":{"Escrito por":"melilla2","Tiempo de lectura":"4 minutos"},"schema":{"@context":"https:\/\/schema.org","@graph":[{"@type":"Article","@id":"https:\/\/agrupacionespsoe.es\/melilla\/el-psoe-acusa-a-imbroda-de-usar-el-dia-de-melilla-para-hacer-un-mitin-del-partido-popular\/#article","isPartOf":{"@id":"https:\/\/agrupacionespsoe.es\/melilla\/el-psoe-acusa-a-imbroda-de-usar-el-dia-de-melilla-para-hacer-un-mitin-del-partido-popular\/"},"author":{"name":"melilla2","@id":"https:\/\/agrupacionespsoe.es\/melilla\/#\/schema\/person\/72bb3075a827d0ed0623682b96c92bd6"},"headline":"El PSOE acusa a Imbroda de usar el D\u00eda de Melilla para hacer un mitin del Partido Popular","datePublished":"2025-09-18T17:27:29+00:00","dateModified":"2025-09-18T17:27:30+00:00","mainEntityOfPage":{"@id":"https:\/\/agrupacionespsoe.es\/melilla\/el-psoe-acusa-a-imbroda-de-usar-el-dia-de-melilla-para-hacer-un-mitin-del-partido-popular\/"},"wordCount":755,"commentCount":0,"publisher":{"@id":"https:\/\/agrupacionespsoe.es\/melilla\/#organization"},"image":{"@id":"https:\/\/agrupacionespsoe.es\/melilla\/el-psoe-acusa-a-imbroda-de-usar-el-dia-de-melilla-para-hacer-un-mitin-del-partido-popular\/#primaryimage"},"thumbnailUrl":"https:\/\/agrupacionespsoe.es\/melilla\/wp-content\/uploads\/sites\/120\/2025\/09\/WhatsApp-Image-2025-09-18-at-13.24.06.jpeg","inLanguage":"es","potentialAction":[{"@type":"CommentAction","name":"Comment","target":["https:\/\/agrupacionespsoe.es\/melilla\/el-psoe-acusa-a-imbroda-de-usar-el-dia-de-melilla-para-hacer-un-mitin-del-partido-popular\/#respond"]}]},{"@type":"WebPage","@id":"https:\/\/agrupacionespsoe.es\/melilla\/el-psoe-acusa-a-imbroda-de-usar-el-dia-de-melilla-para-hacer-un-mitin-del-partido-popular\/","url":"https:\/\/agrupacionespsoe.es\/melilla\/el-psoe-acusa-a-imbroda-de-usar-el-dia-de-melilla-para-hacer-un-mitin-del-partido-popular\/","name":"El PSOE acusa a Imbroda de usar el D\u00eda de Melilla para hacer un mitin del Partido Popular - Agrupaci\u00f3n Socialista de Melilla","isPartOf":{"@id":"https:\/\/agrupacionespsoe.es\/melilla\/#website"},"primaryImageOfPage":{"@id":"https:\/\/agrupacionespsoe.es\/melilla\/el-psoe-acusa-a-imbroda-de-usar-el-dia-de-melilla-para-hacer-un-mitin-del-partido-popular\/#primaryimage"},"image":{"@id":"https:\/\/agrupacionespsoe.es\/melilla\/el-psoe-acusa-a-imbroda-de-usar-el-dia-de-melilla-para-hacer-un-mitin-del-partido-popular\/#primaryimage"},"thumbnailUrl":"https:\/\/agrupacionespsoe.es\/melilla\/wp-content\/uploads\/sites\/120\/2025\/09\/WhatsApp-Image-2025-09-18-at-13.24.06.jpeg","datePublished":"2025-09-18T17:27:29+00:00","dateModified":"2025-09-18T17:27:30+00:00","breadcrumb":{"@id":"https:\/\/agrupacionespsoe.es\/melilla\/el-psoe-acusa-a-imbroda-de-usar-el-dia-de-melilla-para-hacer-un-mitin-del-partido-popular\/#breadcrumb"},"inLanguage":"es","potentialAction":[{"@type":"ReadAction","target":["https:\/\/agrupacionespsoe.es\/melilla\/el-psoe-acusa-a-imbroda-de-usar-el-dia-de-melilla-para-hacer-un-mitin-del-partido-popular\/"]}]},{"@type":"ImageObject","inLanguage":"es","@id":"https:\/\/agrupacionespsoe.es\/melilla\/el-psoe-acusa-a-imbroda-de-usar-el-dia-de-melilla-para-hacer-un-mitin-del-partido-popular\/#primaryimage","url":"https:\/\/agrupacionespsoe.es\/melilla\/wp-content\/uploads\/sites\/120\/2025\/09\/WhatsApp-Image-2025-09-18-at-13.24.06.jpeg","contentUrl":"https:\/\/agrupacionespsoe.es\/melilla\/wp-content\/uploads\/sites\/120\/2025\/09\/WhatsApp-Image-2025-09-18-at-13.24.06.jpeg","width":2560,"height":1706},{"@type":"BreadcrumbList","@id":"https:\/\/agrupacionespsoe.es\/melilla\/el-psoe-acusa-a-imbroda-de-usar-el-dia-de-melilla-para-hacer-un-mitin-del-partido-popular\/#breadcrumb","itemListElement":[{"@type":"ListItem","position":1,"name":"Portada","item":"https:\/\/agrupacionespsoe.es\/melilla\/"},{"@type":"ListItem","position":2,"name":"El PSOE acusa a Imbroda de usar el D\u00eda de Melilla para hacer un mitin del Partido Popular"}]},{"@type":"WebSite","@id":"https:\/\/agrupacionespsoe.es\/melilla\/#website","url":"https:\/\/agrupacionespsoe.es\/melilla\/","name":"Agrupaci\u00f3n Socialista de Melilla","description":"Agrupaci\u00f3n Socialista de Melilla","publisher":{"@id":"https:\/\/agrupacionespsoe.es\/melilla\/#organization"},"potentialAction":[{"@type":"SearchAction","target":{"@type":"EntryPoint","urlTemplate":"https:\/\/agrupacionespsoe.es\/melilla\/?s={search_term_string}"},"query-input":{"@type":"PropertyValueSpecification","valueRequired":true,"valueName":"search_term_string"}}],"inLanguage":"es"},{"@type":"Organization","@id":"https:\/\/agrupacionespsoe.es\/melilla\/#organization","name":"Agrupaci\u00f3n Socialista de Melilla","url":"https:\/\/agrupacionespsoe.es\/melilla\/","logo":{"@type":"ImageObject","inLanguage":"es","@id":"https:\/\/agrupacionespsoe.es\/melilla\/#\/schema\/logo\/image\/","url":"https:\/\/agrupacionespsoe.es\/wp-content\/uploads\/2022\/07\/Logotipo_electoral_del_PSOE.png","contentUrl":"https:\/\/agrupacionespsoe.es\/wp-content\/uploads\/2022\/07\/Logotipo_electoral_del_PSOE.png","width":422,"height":422,"caption":"Agrupaci\u00f3n Socialista de Melilla"},"image":{"@id":"https:\/\/agrupacionespsoe.es\/melilla\/#\/schema\/logo\/image\/"}},{"@type":"Person","@id":"https:\/\/agrupacionespsoe.es\/melilla\/#\/schema\/person\/72bb3075a827d0ed0623682b96c92bd6","name":"melilla2","image":{"@type":"ImageObject","inLanguage":"es","@id":"https:\/\/agrupacionespsoe.es\/melilla\/#\/schema\/person\/image\/","url":"https:\/\/secure.gravatar.com\/avatar\/489a178e794e59f00db13a448aabca16?s=96&d=mm&r=g","contentUrl":"https:\/\/secure.gravatar.com\/avatar\/489a178e794e59f00db13a448aabca16?s=96&d=mm&r=g","caption":"melilla2"},"url":"https:\/\/agrupacionespsoe.es\/melilla\/author\/melilla2\/"}]}},"jetpack_featured_media_url":"https:\/\/agrupacionespsoe.es\/melilla\/wp-content\/uploads\/sites\/120\/2025\/09\/WhatsApp-Image-2025-09-18-at-13.24.06.jpeg","jetpack_sharing_enabled":true,"_links":{"self":[{"href":"https:\/\/agrupacionespsoe.es\/melilla\/wp-json\/wp\/v2\/posts\/2191","targetHints":{"allow":["GET"]}}],"collection":[{"href":"https:\/\/agrupacionespsoe.es\/melilla\/wp-json\/wp\/v2\/posts"}],"about":[{"href":"https:\/\/agrupacionespsoe.es\/melilla\/wp-json\/wp\/v2\/types\/post"}],"author":[{"embeddable":true,"href":"https:\/\/agrupacionespsoe.es\/melilla\/wp-json\/wp\/v2\/users\/187"}],"replies":[{"embeddable":true,"href":"https:\/\/agrupacionespsoe.es\/melilla\/wp-json\/wp\/v2\/comments?post=2191"}],"version-history":[{"count":1,"href":"https:\/\/agrupacionespsoe.es\/melilla\/wp-json\/wp\/v2\/posts\/2191\/revisions"}],"predecessor-version":[{"id":2193,"href":"https:\/\/agrupacionespsoe.es\/melilla\/wp-json\/wp\/v2\/posts\/2191\/revisions\/2193"}],"wp:featuredmedia":[{"embeddable":true,"href":"https:\/\/agrupacionespsoe.es\/melilla\/wp-json\/wp\/v2\/media\/2192"}],"wp:attachment":[{"href":"https:\/\/agrupacionespsoe.es\/melilla\/wp-json\/wp\/v2\/media?parent=2191"}],"wp:term":[{"taxonomy":"category","embeddable":true,"href":"https:\/\/agrupacionespsoe.es\/melilla\/wp-json\/wp\/v2\/categories?post=2191"},{"taxonomy":"post_tag","embeddable":true,"href":"https:\/\/agrupacionespsoe.es\/melilla\/wp-json\/wp\/v2\/tags?post=2191"}],"curies":[{"name":"wp","href":"https:\/\/api.w.org\/{rel}","templated":true}]}}