{"id":2180,"date":"2025-09-14T12:37:08","date_gmt":"2025-09-14T12:37:08","guid":{"rendered":"https:\/\/agrupacionespsoe.es\/melilla\/?p=2180"},"modified":"2025-09-14T12:37:09","modified_gmt":"2025-09-14T12:37:09","slug":"el-psoe-presenta-una-mocion-en-defensa-de-la-maternidad-libremente-decidida","status":"publish","type":"post","link":"https:\/\/agrupacionespsoe.es\/melilla\/el-psoe-presenta-una-mocion-en-defensa-de-la-maternidad-libremente-decidida\/","title":{"rendered":"El PSOE presenta una moci\u00f3n en defensa de la maternidad libremente decidida\u00a0"},"content":{"rendered":"\n<p><strong>Lenferding<\/strong><strong>&nbsp;advierte del riesgo de retrocesos ante iniciativas como la de Vox y reclama compromiso institucional contra ello<\/strong><\/p>\n\n\n\n<p>El Grupo Municipal Socialista ha registrado una moci\u00f3n en la Asamblea de la Ciudad Aut\u00f3noma de Melilla en defensa del derecho de las mujeres a una maternidad libremente decidida y en firme compromiso con los derechos sexuales y reproductivos.&nbsp;<\/p>\n\n\n\n<p>Mar\u00eda Jos\u00e9&nbsp;Lenferding, secretaria de Igualdad del PSOE en Melilla, ha explicado que la iniciativa&nbsp;responde a la reciente moci\u00f3n impulsada por&nbsp;Vox, que plantea, entre otras cuestiones, que Melilla sea declarada \u201cRegi\u00f3n de Vida\u201d y que el 25 de marzo \u2014fecha en la que se celebra el D\u00eda Internacional de la Mujer\u2014 pase a denominarse \u201cD\u00eda Internacional de la Vida\u201d.<\/p>\n\n\n\n<p>De este modo, ha subrayado&nbsp;que el derecho a la interrupci\u00f3n voluntaria del embarazo no puede entenderse como una opci\u00f3n pol\u00edtica, sino como una garant\u00eda de derechos fundamentales reconocidos por la legislaci\u00f3n nacional e internacional.<\/p>\n\n\n\n<p>\u201cLos derechos sexuales y reproductivos, y especialmente el derecho a decidir sobre la propia maternidad, est\u00e1n ligados de forma directa al derecho a la salud, a la integridad f\u00edsica y moral y a la libertad personal\u201d,&nbsp;ha se\u00f1alado&nbsp;Lenferding.<\/p>\n\n\n\n<p>La&nbsp;Organizaci\u00f3n Mundial de la Salud (OMS)&nbsp;alerta de que se realizan anualmente 22 millones de abortos inseguros en el mundo, lo que causa la muerte de aproximadamente 47.000 mujeres y deja secuelas en millones m\u00e1s.&nbsp;Para el socialista, estas cifras&nbsp;evidencian c\u00f3mo las restricciones legales al aborto no evitan su pr\u00e1ctica, sino que&nbsp;\u201cempujan a las mujeres sin recursos a condiciones de riesgo extremo\u201d.<\/p>\n\n\n\n<p>Con esta moci\u00f3n, el PSOE de Melilla solicita&nbsp;a&nbsp;la Asamblea&nbsp;que ratifique su compromiso&nbsp;con los derechos sexuales y reproductivos, as\u00ed como con el principio de una maternidad libremente decidida por cada mujer.<\/p>\n\n\n\n<p>Tambi\u00e9n buscan impedir la puesta en marcha de cualquier protocolo o medida que interfiera en la libre decisi\u00f3n de las mujeres&nbsp;mediante presiones, mensajes sesgados o coacciones institucionalizadas.<\/p>\n\n\n\n<p>Asimismo, a trav\u00e9s de la moci\u00f3n, reivindica una formaci\u00f3n en&nbsp;educaci\u00f3n sexual corresponsable y la aplicaci\u00f3n efectiva de la ley vigente, como v\u00eda para prevenir embarazos no deseados y promover relaciones afectivas saludables y equitativas.<\/p>\n\n\n\n<p><strong>Alerta ante retrocesos democr\u00e1ticos<\/strong><\/p>\n\n\n\n<p>Desde el PSOE denuncian que&nbsp;la propuesta de Vox&nbsp;forma parte de una corriente ideol\u00f3gica neoconservadora que busca restringir derechos ya consolidados, especialmente aquellos relacionados con la autonom\u00eda de las mujeres.<\/p>\n\n\n\n<p>\u201cEn algunas comunidades, como Castilla y Le\u00f3n,&nbsp;donde PP y Vox han gobernado,&nbsp;se han impulsado medidas que obligan a las mujeres a someterse a ecograf\u00edas o escuchar el latido fetal antes de decidir sobre el aborto. Estas acciones son intolerables; su \u00fanico objetivo es ejercer presi\u00f3n para condicionar la voluntad de las mujeres\u201d, ha subrayado&nbsp;Lenferding.&nbsp;&nbsp;<\/p>\n\n\n\n<p>De hecho, el portavoz socialista ha recordado que&nbsp;la Ley Org\u00e1nica 2\/2010, de salud sexual y reproductiva y de la interrupci\u00f3n voluntaria del embarazo, est\u00e1 plenamente en vigor y cuenta con el aval del Tribunal Constitucional.&nbsp;<\/p>\n\n\n\n<p>Adem\u00e1s, la reciente reforma legislativa aprobada en Espa\u00f1a refuerza a\u00fan m\u00e1s este derecho, incorporando medidas como la protecci\u00f3n frente al acoso en las cl\u00ednicas o la recuperaci\u00f3n del derecho de las j\u00f3venes de 16 y 17 a\u00f1os a interrumpir el embarazo sin necesidad de consentimiento parental, derecho que fue derogado por el Partido Popular en 2015.<\/p>\n\n\n\n<p>Por eso, desde el PSOE insisten&nbsp;en que los derechos de las mujeres nunca deben darse por garantizados&nbsp;y&nbsp;llaman a la vigilancia activa frente a discursos que pretenden socavar estos logros.<\/p>\n\n\n\n<p>\u201cEl marco normativo y judicial en Espa\u00f1a es claro: la interrupci\u00f3n voluntaria del embarazo es un derecho.&nbsp;Cualquier intento por limitarlo es un paso atr\u00e1s en la consolidaci\u00f3n de nuestra democracia\u201d, ha&nbsp;concluido.&nbsp;<a><\/a><\/p>\n","protected":false},"excerpt":{"rendered":"<p>Lenferding&nbsp;advierte del riesgo de retrocesos ante iniciativas como la de Vox y reclama compromiso institucional contra ello El Grupo Municipal Socialista ha registrado una moci\u00f3n en la Asamblea de la Ciudad Aut\u00f3noma de Melilla en defensa del derecho de las mujeres a una maternidad libremente decidida y en firme compromiso con los derechos sexuales y &#8230;<\/p>\n","protected":false},"author":187,"featured_media":2181,"comment_status":"open","ping_status":"open","sticky":false,"template":"","format":"standard","meta":{"_jetpack_memberships_contains_paid_content":false,"footnotes":""},"categories":[1],"tags":[],"class_list":["post-2180","post","type-post","status-publish","format-standard","has-post-thumbnail","hentry","category-sin-categoria"],"yoast_head":"<!-- This site is optimized with the Yoast SEO plugin v24.0 - https:\/\/yoast.com\/wordpress\/plugins\/seo\/ -->\n<title>El PSOE presenta una moci\u00f3n en defensa de la maternidad libremente decidida\u00a0 - Agrupaci\u00f3n Socialista de Melilla<\/title>\n<meta name=\"robots\" content=\"index, follow, max-snippet:-1, max-image-preview:large, max-video-preview:-1\" \/>\n<link rel=\"canonical\" href=\"https:\/\/agrupacionespsoe.es\/melilla\/el-psoe-presenta-una-mocion-en-defensa-de-la-maternidad-libremente-decidida\/\" \/>\n<meta property=\"og:locale\" content=\"es_ES\" \/>\n<meta property=\"og:type\" content=\"article\" \/>\n<meta property=\"og:title\" content=\"El PSOE presenta una moci\u00f3n en defensa de la maternidad libremente decidida\u00a0 - Agrupaci\u00f3n Socialista de Melilla\" \/>\n<meta property=\"og:description\" content=\"Lenferding&nbsp;advierte del riesgo de retrocesos ante iniciativas como la de Vox y reclama compromiso institucional contra ello El Grupo Municipal Socialista ha registrado una moci\u00f3n en la Asamblea de la Ciudad Aut\u00f3noma de Melilla en defensa del derecho de las mujeres a una maternidad libremente decidida y en firme compromiso con los derechos sexuales y ...\" \/>\n<meta property=\"og:url\" content=\"https:\/\/agrupacionespsoe.es\/melilla\/el-psoe-presenta-una-mocion-en-defensa-de-la-maternidad-libremente-decidida\/\" \/>\n<meta property=\"og:site_name\" content=\"Agrupaci\u00f3n Socialista de Melilla\" \/>\n<meta property=\"article:published_time\" content=\"2025-09-14T12:37:08+00:00\" \/>\n<meta property=\"article:modified_time\" content=\"2025-09-14T12:37:09+00:00\" \/>\n<meta property=\"og:image\" content=\"https:\/\/agrupacionespsoe.es\/melilla\/wp-content\/uploads\/sites\/120\/2025\/09\/3f6b0c21-3d73-4231-8f30-0832cce7eef8.jpeg\" \/>\n\t<meta property=\"og:image:width\" content=\"1600\" \/>\n\t<meta property=\"og:image:height\" content=\"1066\" \/>\n\t<meta property=\"og:image:type\" content=\"image\/jpeg\" \/>\n<meta name=\"author\" content=\"melilla2\" \/>\n<meta name=\"twitter:card\" content=\"summary_large_image\" \/>\n<meta name=\"twitter:label1\" content=\"Escrito por\" \/>\n\t<meta name=\"twitter:data1\" content=\"melilla2\" \/>\n\t<meta name=\"twitter:label2\" content=\"Tiempo de lectura\" \/>\n\t<meta name=\"twitter:data2\" content=\"3 minutos\" \/>\n<script type=\"application\/ld+json\" class=\"yoast-schema-graph\">{\"@context\":\"https:\/\/schema.org\",\"@graph\":[{\"@type\":\"Article\",\"@id\":\"https:\/\/agrupacionespsoe.es\/melilla\/el-psoe-presenta-una-mocion-en-defensa-de-la-maternidad-libremente-decidida\/#article\",\"isPartOf\":{\"@id\":\"https:\/\/agrupacionespsoe.es\/melilla\/el-psoe-presenta-una-mocion-en-defensa-de-la-maternidad-libremente-decidida\/\"},\"author\":{\"name\":\"melilla2\",\"@id\":\"https:\/\/agrupacionespsoe.es\/melilla\/#\/schema\/person\/72bb3075a827d0ed0623682b96c92bd6\"},\"headline\":\"El PSOE presenta una moci\u00f3n en defensa de la maternidad libremente decidida\u00a0\",\"datePublished\":\"2025-09-14T12:37:08+00:00\",\"dateModified\":\"2025-09-14T12:37:09+00:00\",\"mainEntityOfPage\":{\"@id\":\"https:\/\/agrupacionespsoe.es\/melilla\/el-psoe-presenta-una-mocion-en-defensa-de-la-maternidad-libremente-decidida\/\"},\"wordCount\":692,\"commentCount\":0,\"publisher\":{\"@id\":\"https:\/\/agrupacionespsoe.es\/melilla\/#organization\"},\"image\":{\"@id\":\"https:\/\/agrupacionespsoe.es\/melilla\/el-psoe-presenta-una-mocion-en-defensa-de-la-maternidad-libremente-decidida\/#primaryimage\"},\"thumbnailUrl\":\"https:\/\/agrupacionespsoe.es\/melilla\/wp-content\/uploads\/sites\/120\/2025\/09\/3f6b0c21-3d73-4231-8f30-0832cce7eef8.jpeg\",\"inLanguage\":\"es\",\"potentialAction\":[{\"@type\":\"CommentAction\",\"name\":\"Comment\",\"target\":[\"https:\/\/agrupacionespsoe.es\/melilla\/el-psoe-presenta-una-mocion-en-defensa-de-la-maternidad-libremente-decidida\/#respond\"]}]},{\"@type\":\"WebPage\",\"@id\":\"https:\/\/agrupacionespsoe.es\/melilla\/el-psoe-presenta-una-mocion-en-defensa-de-la-maternidad-libremente-decidida\/\",\"url\":\"https:\/\/agrupacionespsoe.es\/melilla\/el-psoe-presenta-una-mocion-en-defensa-de-la-maternidad-libremente-decidida\/\",\"name\":\"El PSOE presenta una moci\u00f3n en defensa de la maternidad libremente decidida\u00a0 - Agrupaci\u00f3n Socialista de Melilla\",\"isPartOf\":{\"@id\":\"https:\/\/agrupacionespsoe.es\/melilla\/#website\"},\"primaryImageOfPage\":{\"@id\":\"https:\/\/agrupacionespsoe.es\/melilla\/el-psoe-presenta-una-mocion-en-defensa-de-la-maternidad-libremente-decidida\/#primaryimage\"},\"image\":{\"@id\":\"https:\/\/agrupacionespsoe.es\/melilla\/el-psoe-presenta-una-mocion-en-defensa-de-la-maternidad-libremente-decidida\/#primaryimage\"},\"thumbnailUrl\":\"https:\/\/agrupacionespsoe.es\/melilla\/wp-content\/uploads\/sites\/120\/2025\/09\/3f6b0c21-3d73-4231-8f30-0832cce7eef8.jpeg\",\"datePublished\":\"2025-09-14T12:37:08+00:00\",\"dateModified\":\"2025-09-14T12:37:09+00:00\",\"breadcrumb\":{\"@id\":\"https:\/\/agrupacionespsoe.es\/melilla\/el-psoe-presenta-una-mocion-en-defensa-de-la-maternidad-libremente-decidida\/#breadcrumb\"},\"inLanguage\":\"es\",\"potentialAction\":[{\"@type\":\"ReadAction\",\"target\":[\"https:\/\/agrupacionespsoe.es\/melilla\/el-psoe-presenta-una-mocion-en-defensa-de-la-maternidad-libremente-decidida\/\"]}]},{\"@type\":\"ImageObject\",\"inLanguage\":\"es\",\"@id\":\"https:\/\/agrupacionespsoe.es\/melilla\/el-psoe-presenta-una-mocion-en-defensa-de-la-maternidad-libremente-decidida\/#primaryimage\",\"url\":\"https:\/\/agrupacionespsoe.es\/melilla\/wp-content\/uploads\/sites\/120\/2025\/09\/3f6b0c21-3d73-4231-8f30-0832cce7eef8.jpeg\",\"contentUrl\":\"https:\/\/agrupacionespsoe.es\/melilla\/wp-content\/uploads\/sites\/120\/2025\/09\/3f6b0c21-3d73-4231-8f30-0832cce7eef8.jpeg\",\"width\":1600,\"height\":1066},{\"@type\":\"BreadcrumbList\",\"@id\":\"https:\/\/agrupacionespsoe.es\/melilla\/el-psoe-presenta-una-mocion-en-defensa-de-la-maternidad-libremente-decidida\/#breadcrumb\",\"itemListElement\":[{\"@type\":\"ListItem\",\"position\":1,\"name\":\"Portada\",\"item\":\"https:\/\/agrupacionespsoe.es\/melilla\/\"},{\"@type\":\"ListItem\",\"position\":2,\"name\":\"El PSOE presenta una moci\u00f3n en defensa de la maternidad libremente decidida\u00a0\"}]},{\"@type\":\"WebSite\",\"@id\":\"https:\/\/agrupacionespsoe.es\/melilla\/#website\",\"url\":\"https:\/\/agrupacionespsoe.es\/melilla\/\",\"name\":\"Agrupaci\u00f3n Socialista de Melilla\",\"description\":\"Agrupaci\u00f3n Socialista de Melilla\",\"publisher\":{\"@id\":\"https:\/\/agrupacionespsoe.es\/melilla\/#organization\"},\"potentialAction\":[{\"@type\":\"SearchAction\",\"target\":{\"@type\":\"EntryPoint\",\"urlTemplate\":\"https:\/\/agrupacionespsoe.es\/melilla\/?s={search_term_string}\"},\"query-input\":{\"@type\":\"PropertyValueSpecification\",\"valueRequired\":true,\"valueName\":\"search_term_string\"}}],\"inLanguage\":\"es\"},{\"@type\":\"Organization\",\"@id\":\"https:\/\/agrupacionespsoe.es\/melilla\/#organization\",\"name\":\"Agrupaci\u00f3n Socialista de Melilla\",\"url\":\"https:\/\/agrupacionespsoe.es\/melilla\/\",\"logo\":{\"@type\":\"ImageObject\",\"inLanguage\":\"es\",\"@id\":\"https:\/\/agrupacionespsoe.es\/melilla\/#\/schema\/logo\/image\/\",\"url\":\"https:\/\/agrupacionespsoe.es\/wp-content\/uploads\/2022\/07\/Logotipo_electoral_del_PSOE.png\",\"contentUrl\":\"https:\/\/agrupacionespsoe.es\/wp-content\/uploads\/2022\/07\/Logotipo_electoral_del_PSOE.png\",\"width\":422,\"height\":422,\"caption\":\"Agrupaci\u00f3n Socialista de Melilla\"},\"image\":{\"@id\":\"https:\/\/agrupacionespsoe.es\/melilla\/#\/schema\/logo\/image\/\"}},{\"@type\":\"Person\",\"@id\":\"https:\/\/agrupacionespsoe.es\/melilla\/#\/schema\/person\/72bb3075a827d0ed0623682b96c92bd6\",\"name\":\"melilla2\",\"image\":{\"@type\":\"ImageObject\",\"inLanguage\":\"es\",\"@id\":\"https:\/\/agrupacionespsoe.es\/melilla\/#\/schema\/person\/image\/\",\"url\":\"https:\/\/secure.gravatar.com\/avatar\/489a178e794e59f00db13a448aabca16?s=96&d=mm&r=g\",\"contentUrl\":\"https:\/\/secure.gravatar.com\/avatar\/489a178e794e59f00db13a448aabca16?s=96&d=mm&r=g\",\"caption\":\"melilla2\"},\"url\":\"https:\/\/agrupacionespsoe.es\/melilla\/author\/melilla2\/\"}]}<\/script>\n<!-- \/ Yoast SEO plugin. -->","yoast_head_json":{"title":"El PSOE presenta una moci\u00f3n en defensa de la maternidad libremente decidida\u00a0 - Agrupaci\u00f3n Socialista de Melilla","robots":{"index":"index","follow":"follow","max-snippet":"max-snippet:-1","max-image-preview":"max-image-preview:large","max-video-preview":"max-video-preview:-1"},"canonical":"https:\/\/agrupacionespsoe.es\/melilla\/el-psoe-presenta-una-mocion-en-defensa-de-la-maternidad-libremente-decidida\/","og_locale":"es_ES","og_type":"article","og_title":"El PSOE presenta una moci\u00f3n en defensa de la maternidad libremente decidida\u00a0 - Agrupaci\u00f3n Socialista de Melilla","og_description":"Lenferding&nbsp;advierte del riesgo de retrocesos ante iniciativas como la de Vox y reclama compromiso institucional contra ello El Grupo Municipal Socialista ha registrado una moci\u00f3n en la Asamblea de la Ciudad Aut\u00f3noma de Melilla en defensa del derecho de las mujeres a una maternidad libremente decidida y en firme compromiso con los derechos sexuales y ...","og_url":"https:\/\/agrupacionespsoe.es\/melilla\/el-psoe-presenta-una-mocion-en-defensa-de-la-maternidad-libremente-decidida\/","og_site_name":"Agrupaci\u00f3n Socialista de Melilla","article_published_time":"2025-09-14T12:37:08+00:00","article_modified_time":"2025-09-14T12:37:09+00:00","og_image":[{"width":1600,"height":1066,"url":"https:\/\/agrupacionespsoe.es\/melilla\/wp-content\/uploads\/sites\/120\/2025\/09\/3f6b0c21-3d73-4231-8f30-0832cce7eef8.jpeg","type":"image\/jpeg"}],"author":"melilla2","twitter_card":"summary_large_image","twitter_misc":{"Escrito por":"melilla2","Tiempo de lectura":"3 minutos"},"schema":{"@context":"https:\/\/schema.org","@graph":[{"@type":"Article","@id":"https:\/\/agrupacionespsoe.es\/melilla\/el-psoe-presenta-una-mocion-en-defensa-de-la-maternidad-libremente-decidida\/#article","isPartOf":{"@id":"https:\/\/agrupacionespsoe.es\/melilla\/el-psoe-presenta-una-mocion-en-defensa-de-la-maternidad-libremente-decidida\/"},"author":{"name":"melilla2","@id":"https:\/\/agrupacionespsoe.es\/melilla\/#\/schema\/person\/72bb3075a827d0ed0623682b96c92bd6"},"headline":"El PSOE presenta una moci\u00f3n en defensa de la maternidad libremente decidida\u00a0","datePublished":"2025-09-14T12:37:08+00:00","dateModified":"2025-09-14T12:37:09+00:00","mainEntityOfPage":{"@id":"https:\/\/agrupacionespsoe.es\/melilla\/el-psoe-presenta-una-mocion-en-defensa-de-la-maternidad-libremente-decidida\/"},"wordCount":692,"commentCount":0,"publisher":{"@id":"https:\/\/agrupacionespsoe.es\/melilla\/#organization"},"image":{"@id":"https:\/\/agrupacionespsoe.es\/melilla\/el-psoe-presenta-una-mocion-en-defensa-de-la-maternidad-libremente-decidida\/#primaryimage"},"thumbnailUrl":"https:\/\/agrupacionespsoe.es\/melilla\/wp-content\/uploads\/sites\/120\/2025\/09\/3f6b0c21-3d73-4231-8f30-0832cce7eef8.jpeg","inLanguage":"es","potentialAction":[{"@type":"CommentAction","name":"Comment","target":["https:\/\/agrupacionespsoe.es\/melilla\/el-psoe-presenta-una-mocion-en-defensa-de-la-maternidad-libremente-decidida\/#respond"]}]},{"@type":"WebPage","@id":"https:\/\/agrupacionespsoe.es\/melilla\/el-psoe-presenta-una-mocion-en-defensa-de-la-maternidad-libremente-decidida\/","url":"https:\/\/agrupacionespsoe.es\/melilla\/el-psoe-presenta-una-mocion-en-defensa-de-la-maternidad-libremente-decidida\/","name":"El PSOE presenta una moci\u00f3n en defensa de la maternidad libremente decidida\u00a0 - Agrupaci\u00f3n Socialista de Melilla","isPartOf":{"@id":"https:\/\/agrupacionespsoe.es\/melilla\/#website"},"primaryImageOfPage":{"@id":"https:\/\/agrupacionespsoe.es\/melilla\/el-psoe-presenta-una-mocion-en-defensa-de-la-maternidad-libremente-decidida\/#primaryimage"},"image":{"@id":"https:\/\/agrupacionespsoe.es\/melilla\/el-psoe-presenta-una-mocion-en-defensa-de-la-maternidad-libremente-decidida\/#primaryimage"},"thumbnailUrl":"https:\/\/agrupacionespsoe.es\/melilla\/wp-content\/uploads\/sites\/120\/2025\/09\/3f6b0c21-3d73-4231-8f30-0832cce7eef8.jpeg","datePublished":"2025-09-14T12:37:08+00:00","dateModified":"2025-09-14T12:37:09+00:00","breadcrumb":{"@id":"https:\/\/agrupacionespsoe.es\/melilla\/el-psoe-presenta-una-mocion-en-defensa-de-la-maternidad-libremente-decidida\/#breadcrumb"},"inLanguage":"es","potentialAction":[{"@type":"ReadAction","target":["https:\/\/agrupacionespsoe.es\/melilla\/el-psoe-presenta-una-mocion-en-defensa-de-la-maternidad-libremente-decidida\/"]}]},{"@type":"ImageObject","inLanguage":"es","@id":"https:\/\/agrupacionespsoe.es\/melilla\/el-psoe-presenta-una-mocion-en-defensa-de-la-maternidad-libremente-decidida\/#primaryimage","url":"https:\/\/agrupacionespsoe.es\/melilla\/wp-content\/uploads\/sites\/120\/2025\/09\/3f6b0c21-3d73-4231-8f30-0832cce7eef8.jpeg","contentUrl":"https:\/\/agrupacionespsoe.es\/melilla\/wp-content\/uploads\/sites\/120\/2025\/09\/3f6b0c21-3d73-4231-8f30-0832cce7eef8.jpeg","width":1600,"height":1066},{"@type":"BreadcrumbList","@id":"https:\/\/agrupacionespsoe.es\/melilla\/el-psoe-presenta-una-mocion-en-defensa-de-la-maternidad-libremente-decidida\/#breadcrumb","itemListElement":[{"@type":"ListItem","position":1,"name":"Portada","item":"https:\/\/agrupacionespsoe.es\/melilla\/"},{"@type":"ListItem","position":2,"name":"El PSOE presenta una moci\u00f3n en defensa de la maternidad libremente decidida\u00a0"}]},{"@type":"WebSite","@id":"https:\/\/agrupacionespsoe.es\/melilla\/#website","url":"https:\/\/agrupacionespsoe.es\/melilla\/","name":"Agrupaci\u00f3n Socialista de Melilla","description":"Agrupaci\u00f3n Socialista de Melilla","publisher":{"@id":"https:\/\/agrupacionespsoe.es\/melilla\/#organization"},"potentialAction":[{"@type":"SearchAction","target":{"@type":"EntryPoint","urlTemplate":"https:\/\/agrupacionespsoe.es\/melilla\/?s={search_term_string}"},"query-input":{"@type":"PropertyValueSpecification","valueRequired":true,"valueName":"search_term_string"}}],"inLanguage":"es"},{"@type":"Organization","@id":"https:\/\/agrupacionespsoe.es\/melilla\/#organization","name":"Agrupaci\u00f3n Socialista de Melilla","url":"https:\/\/agrupacionespsoe.es\/melilla\/","logo":{"@type":"ImageObject","inLanguage":"es","@id":"https:\/\/agrupacionespsoe.es\/melilla\/#\/schema\/logo\/image\/","url":"https:\/\/agrupacionespsoe.es\/wp-content\/uploads\/2022\/07\/Logotipo_electoral_del_PSOE.png","contentUrl":"https:\/\/agrupacionespsoe.es\/wp-content\/uploads\/2022\/07\/Logotipo_electoral_del_PSOE.png","width":422,"height":422,"caption":"Agrupaci\u00f3n Socialista de Melilla"},"image":{"@id":"https:\/\/agrupacionespsoe.es\/melilla\/#\/schema\/logo\/image\/"}},{"@type":"Person","@id":"https:\/\/agrupacionespsoe.es\/melilla\/#\/schema\/person\/72bb3075a827d0ed0623682b96c92bd6","name":"melilla2","image":{"@type":"ImageObject","inLanguage":"es","@id":"https:\/\/agrupacionespsoe.es\/melilla\/#\/schema\/person\/image\/","url":"https:\/\/secure.gravatar.com\/avatar\/489a178e794e59f00db13a448aabca16?s=96&d=mm&r=g","contentUrl":"https:\/\/secure.gravatar.com\/avatar\/489a178e794e59f00db13a448aabca16?s=96&d=mm&r=g","caption":"melilla2"},"url":"https:\/\/agrupacionespsoe.es\/melilla\/author\/melilla2\/"}]}},"jetpack_featured_media_url":"https:\/\/agrupacionespsoe.es\/melilla\/wp-content\/uploads\/sites\/120\/2025\/09\/3f6b0c21-3d73-4231-8f30-0832cce7eef8.jpeg","jetpack_sharing_enabled":true,"_links":{"self":[{"href":"https:\/\/agrupacionespsoe.es\/melilla\/wp-json\/wp\/v2\/posts\/2180","targetHints":{"allow":["GET"]}}],"collection":[{"href":"https:\/\/agrupacionespsoe.es\/melilla\/wp-json\/wp\/v2\/posts"}],"about":[{"href":"https:\/\/agrupacionespsoe.es\/melilla\/wp-json\/wp\/v2\/types\/post"}],"author":[{"embeddable":true,"href":"https:\/\/agrupacionespsoe.es\/melilla\/wp-json\/wp\/v2\/users\/187"}],"replies":[{"embeddable":true,"href":"https:\/\/agrupacionespsoe.es\/melilla\/wp-json\/wp\/v2\/comments?post=2180"}],"version-history":[{"count":1,"href":"https:\/\/agrupacionespsoe.es\/melilla\/wp-json\/wp\/v2\/posts\/2180\/revisions"}],"predecessor-version":[{"id":2182,"href":"https:\/\/agrupacionespsoe.es\/melilla\/wp-json\/wp\/v2\/posts\/2180\/revisions\/2182"}],"wp:featuredmedia":[{"embeddable":true,"href":"https:\/\/agrupacionespsoe.es\/melilla\/wp-json\/wp\/v2\/media\/2181"}],"wp:attachment":[{"href":"https:\/\/agrupacionespsoe.es\/melilla\/wp-json\/wp\/v2\/media?parent=2180"}],"wp:term":[{"taxonomy":"category","embeddable":true,"href":"https:\/\/agrupacionespsoe.es\/melilla\/wp-json\/wp\/v2\/categories?post=2180"},{"taxonomy":"post_tag","embeddable":true,"href":"https:\/\/agrupacionespsoe.es\/melilla\/wp-json\/wp\/v2\/tags?post=2180"}],"curies":[{"name":"wp","href":"https:\/\/api.w.org\/{rel}","templated":true}]}}