{"id":2120,"date":"2025-08-26T11:26:32","date_gmt":"2025-08-26T11:26:32","guid":{"rendered":"https:\/\/agrupacionespsoe.es\/melilla\/?p=2120"},"modified":"2025-08-26T11:26:33","modified_gmt":"2025-08-26T11:26:33","slug":"el-psoe-exige-al-gobierno-del-pp-reforzar-la-vigilancia-ambiental-y-revisar-la-autorizacion-de-la-central-de-endesa","status":"publish","type":"post","link":"https:\/\/agrupacionespsoe.es\/melilla\/el-psoe-exige-al-gobierno-del-pp-reforzar-la-vigilancia-ambiental-y-revisar-la-autorizacion-de-la-central-de-endesa\/","title":{"rendered":"El PSOE exige al Gobierno del PP reforzar la vigilancia ambiental y revisar la autorizaci\u00f3n de la central de Endesa"},"content":{"rendered":"\n<p><strong>Robles: \u201cNo se puede tapar la falta de gesti\u00f3n con medias verdades, las competencias medioambientales son de la Ciudad Aut\u00f3noma\u201d<\/strong><\/p>\n\n\n\n<p>\u201cEl se\u00f1or Imbroda vuelve a recurrir a la confrontaci\u00f3n y a la desinformaci\u00f3n para tapar su propia falta de resultados en materia medioambiental\u201d, ha criticado Rafael Robles, portavoz del PSOE en Melilla.<\/p>\n\n\n\n<p>Los socialistas han reiterado su compromiso con la protecci\u00f3n del medio ambiente y con una transici\u00f3n energ\u00e9tica justa y sostenible para la ciudad. \u201cDurante m\u00e1s de veinte a\u00f1os de gobierno, el PP releg\u00f3 la agenda medioambiental de Melilla. Mientras tanto, el PSOE ha trabajado para poner sobre la mesa proyectos reales como Melilla Green City, la mayor propuesta ambiental de la historia de la ciudad\u201d, ha recordado.<\/p>\n\n\n\n<p>El portavoz socialista ha explicado que las propuestas de los populares, \u201cson parciales y no resuelven el problema de fondo\u201d. \u201cLa ampliaci\u00f3n del puerto, que ahora vuelven a prometer, nunca fue una soluci\u00f3n real, ni t\u00e9cnica ni econ\u00f3micamente viable\u201d, ha recalcado. \u201cEl PP habla de proyectos que no existen solo para desviar la atenci\u00f3n. No es que el Gobierno de Espa\u00f1a no quiera invertir en Melilla, es que no se puede seguir vendiendo humo\u201d, ha dejado claro.<\/p>\n\n\n\n<p>Robles ha subrayado que la prioridad debe ser actuar sobre la planta de Endesa y aplicar medidas inmediatas de vigilancia y control ambiental. \u201cLa obligaci\u00f3n del se\u00f1or Presidente de la ciudad es velar por la salud de todos los melillenses, no por la cuenta corriente de los propietarios de Endesa\u201d, ha advertido.<\/p>\n\n\n\n<p>Asimismo, ha instado al PP a dejar de buscar excusas y ejercer sus competencias medioambientales desde la Ciudad Aut\u00f3noma. \u201cEn lugar de asumir su responsabilidad en toda esta cuesti\u00f3n, se dedican a echar balones fuera y a enga\u00f1ar a la ciudadan\u00eda\u201d, ha afirmado.<\/p>\n\n\n\n<p><strong>Melilla Green City<\/strong><\/p>\n\n\n\n<p>En este sentido, Robles ha recordado que \u2018Melilla Green City\u2019 es un proyecto socialista pionero en la transici\u00f3n hacia un modelo energ\u00e9tico sostenible adaptado a una ciudad de peque\u00f1o tama\u00f1o y condiciones especiales como es Melilla.<\/p>\n\n\n\n<p>\u201cNo estamos hablando de un parche, sino de un plan integral con soluciones de futuro. Ah\u00ed se contemplaba la electrificaci\u00f3n de los muelles, una planta de biog\u00e1s, un proyecto solar fotovoltaico, el aprovechamiento del fr\u00edo de regasificaci\u00f3n y la construcci\u00f3n de una central el\u00e9ctrica de gas natural que sustituya al contaminante fueloil. Esa era y sigue siendo la v\u00eda realista y necesaria para garantizar aire limpio y una transici\u00f3n energ\u00e9tica justa en Melilla\u201d, ha explicado.<\/p>\n\n\n\n<p>El portavoz socialista ha lamentado que el PP se limite a rescatar ideas inviables y trocear la agenda medioambiental en anuncios sin recorrido. \u201cQuienes dicen preocuparse ahora por la contaminaci\u00f3n son los mismos que bloquearon la \u00fanica propuesta seria y de alcance que ha tenido esta ciudad\u201d, ha recalcado.<\/p>\n\n\n\n<p><strong>Mala gesti\u00f3n del agua<\/strong><\/p>\n\n\n\n<p>Por otro lado, en relaci\u00f3n con la gesti\u00f3n del agua, Robles ha denunciado que \u201cmientras algunos barrios sufren los cortes desde el primer minuto y son los \u00faltimos en recuperar el suministro, otros apenas se ven afectados\u201d. Por ello, el PSOE ha exigido un plan de creaci\u00f3n de dep\u00f3sitos \u201cen los barrios m\u00e1s castigados\u201d y mejoras t\u00e9cnicas para garantizar un mantenimiento preventivo de la red y de la planta desaladora.<\/p>\n\n\n\n<p>\u201cMelilla no necesita acusaciones vac\u00edas ni campa\u00f1as de propaganda. Melilla necesita soluciones reales, inversi\u00f3n y compromiso. Nuestra propuesta est\u00e1 sobre la mesa y seguir\u00e1 estando: una ciudad m\u00e1s sostenible, justa y preparada para el futuro\u201d, ha dejado claro.<\/p>\n\n\n\n<p>Finalmente, el portavoz socialista ha preguntado que, \u201csi el PP no es capaz ni de garantizar algo tan b\u00e1sico como el agua en igualdad de condiciones para todos los melillenses, \u00bfc\u00f3mo van a liderar un proceso tan complejo como la transici\u00f3n energ\u00e9tica?\u201d.<\/p>\n","protected":false},"excerpt":{"rendered":"<p>Robles: \u201cNo se puede tapar la falta de gesti\u00f3n con medias verdades, las competencias medioambientales son de la Ciudad Aut\u00f3noma\u201d \u201cEl se\u00f1or Imbroda vuelve a recurrir a la confrontaci\u00f3n y a la desinformaci\u00f3n para tapar su propia falta de resultados en materia medioambiental\u201d, ha criticado Rafael Robles, portavoz del PSOE en Melilla. Los socialistas han &#8230;<\/p>\n","protected":false},"author":187,"featured_media":2121,"comment_status":"open","ping_status":"open","sticky":false,"template":"","format":"standard","meta":{"_jetpack_memberships_contains_paid_content":false,"footnotes":""},"categories":[1],"tags":[],"class_list":["post-2120","post","type-post","status-publish","format-standard","has-post-thumbnail","hentry","category-sin-categoria"],"yoast_head":"<!-- This site is optimized with the Yoast SEO plugin v24.0 - https:\/\/yoast.com\/wordpress\/plugins\/seo\/ -->\n<title>El PSOE exige al Gobierno del PP reforzar la vigilancia ambiental y revisar la autorizaci\u00f3n de la central de Endesa - Agrupaci\u00f3n Socialista de Melilla<\/title>\n<meta name=\"robots\" content=\"index, follow, max-snippet:-1, max-image-preview:large, max-video-preview:-1\" \/>\n<link rel=\"canonical\" href=\"https:\/\/agrupacionespsoe.es\/melilla\/el-psoe-exige-al-gobierno-del-pp-reforzar-la-vigilancia-ambiental-y-revisar-la-autorizacion-de-la-central-de-endesa\/\" \/>\n<meta property=\"og:locale\" content=\"es_ES\" \/>\n<meta property=\"og:type\" content=\"article\" \/>\n<meta property=\"og:title\" content=\"El PSOE exige al Gobierno del PP reforzar la vigilancia ambiental y revisar la autorizaci\u00f3n de la central de Endesa - Agrupaci\u00f3n Socialista de Melilla\" \/>\n<meta property=\"og:description\" content=\"Robles: \u201cNo se puede tapar la falta de gesti\u00f3n con medias verdades, las competencias medioambientales son de la Ciudad Aut\u00f3noma\u201d \u201cEl se\u00f1or Imbroda vuelve a recurrir a la confrontaci\u00f3n y a la desinformaci\u00f3n para tapar su propia falta de resultados en materia medioambiental\u201d, ha criticado Rafael Robles, portavoz del PSOE en Melilla. Los socialistas han ...\" \/>\n<meta property=\"og:url\" content=\"https:\/\/agrupacionespsoe.es\/melilla\/el-psoe-exige-al-gobierno-del-pp-reforzar-la-vigilancia-ambiental-y-revisar-la-autorizacion-de-la-central-de-endesa\/\" \/>\n<meta property=\"og:site_name\" content=\"Agrupaci\u00f3n Socialista de Melilla\" \/>\n<meta property=\"article:published_time\" content=\"2025-08-26T11:26:32+00:00\" \/>\n<meta property=\"article:modified_time\" content=\"2025-08-26T11:26:33+00:00\" \/>\n<meta property=\"og:image\" content=\"https:\/\/agrupacionespsoe.es\/melilla\/wp-content\/uploads\/sites\/120\/2025\/08\/2025-08-26-RRobles-scaled.jpg\" \/>\n\t<meta property=\"og:image:width\" content=\"2560\" \/>\n\t<meta property=\"og:image:height\" content=\"1707\" \/>\n\t<meta property=\"og:image:type\" content=\"image\/jpeg\" \/>\n<meta name=\"author\" content=\"melilla2\" \/>\n<meta name=\"twitter:card\" content=\"summary_large_image\" \/>\n<meta name=\"twitter:label1\" content=\"Escrito por\" \/>\n\t<meta name=\"twitter:data1\" content=\"melilla2\" \/>\n\t<meta name=\"twitter:label2\" content=\"Tiempo de lectura\" \/>\n\t<meta name=\"twitter:data2\" content=\"3 minutos\" \/>\n<script type=\"application\/ld+json\" class=\"yoast-schema-graph\">{\"@context\":\"https:\/\/schema.org\",\"@graph\":[{\"@type\":\"Article\",\"@id\":\"https:\/\/agrupacionespsoe.es\/melilla\/el-psoe-exige-al-gobierno-del-pp-reforzar-la-vigilancia-ambiental-y-revisar-la-autorizacion-de-la-central-de-endesa\/#article\",\"isPartOf\":{\"@id\":\"https:\/\/agrupacionespsoe.es\/melilla\/el-psoe-exige-al-gobierno-del-pp-reforzar-la-vigilancia-ambiental-y-revisar-la-autorizacion-de-la-central-de-endesa\/\"},\"author\":{\"name\":\"melilla2\",\"@id\":\"https:\/\/agrupacionespsoe.es\/melilla\/#\/schema\/person\/72bb3075a827d0ed0623682b96c92bd6\"},\"headline\":\"El PSOE exige al Gobierno del PP reforzar la vigilancia ambiental y revisar la autorizaci\u00f3n de la central de Endesa\",\"datePublished\":\"2025-08-26T11:26:32+00:00\",\"dateModified\":\"2025-08-26T11:26:33+00:00\",\"mainEntityOfPage\":{\"@id\":\"https:\/\/agrupacionespsoe.es\/melilla\/el-psoe-exige-al-gobierno-del-pp-reforzar-la-vigilancia-ambiental-y-revisar-la-autorizacion-de-la-central-de-endesa\/\"},\"wordCount\":680,\"commentCount\":0,\"publisher\":{\"@id\":\"https:\/\/agrupacionespsoe.es\/melilla\/#organization\"},\"image\":{\"@id\":\"https:\/\/agrupacionespsoe.es\/melilla\/el-psoe-exige-al-gobierno-del-pp-reforzar-la-vigilancia-ambiental-y-revisar-la-autorizacion-de-la-central-de-endesa\/#primaryimage\"},\"thumbnailUrl\":\"https:\/\/agrupacionespsoe.es\/melilla\/wp-content\/uploads\/sites\/120\/2025\/08\/2025-08-26-RRobles-scaled.jpg\",\"inLanguage\":\"es\",\"potentialAction\":[{\"@type\":\"CommentAction\",\"name\":\"Comment\",\"target\":[\"https:\/\/agrupacionespsoe.es\/melilla\/el-psoe-exige-al-gobierno-del-pp-reforzar-la-vigilancia-ambiental-y-revisar-la-autorizacion-de-la-central-de-endesa\/#respond\"]}]},{\"@type\":\"WebPage\",\"@id\":\"https:\/\/agrupacionespsoe.es\/melilla\/el-psoe-exige-al-gobierno-del-pp-reforzar-la-vigilancia-ambiental-y-revisar-la-autorizacion-de-la-central-de-endesa\/\",\"url\":\"https:\/\/agrupacionespsoe.es\/melilla\/el-psoe-exige-al-gobierno-del-pp-reforzar-la-vigilancia-ambiental-y-revisar-la-autorizacion-de-la-central-de-endesa\/\",\"name\":\"El PSOE exige al Gobierno del PP reforzar la vigilancia ambiental y revisar la autorizaci\u00f3n de la central de Endesa - Agrupaci\u00f3n Socialista de Melilla\",\"isPartOf\":{\"@id\":\"https:\/\/agrupacionespsoe.es\/melilla\/#website\"},\"primaryImageOfPage\":{\"@id\":\"https:\/\/agrupacionespsoe.es\/melilla\/el-psoe-exige-al-gobierno-del-pp-reforzar-la-vigilancia-ambiental-y-revisar-la-autorizacion-de-la-central-de-endesa\/#primaryimage\"},\"image\":{\"@id\":\"https:\/\/agrupacionespsoe.es\/melilla\/el-psoe-exige-al-gobierno-del-pp-reforzar-la-vigilancia-ambiental-y-revisar-la-autorizacion-de-la-central-de-endesa\/#primaryimage\"},\"thumbnailUrl\":\"https:\/\/agrupacionespsoe.es\/melilla\/wp-content\/uploads\/sites\/120\/2025\/08\/2025-08-26-RRobles-scaled.jpg\",\"datePublished\":\"2025-08-26T11:26:32+00:00\",\"dateModified\":\"2025-08-26T11:26:33+00:00\",\"breadcrumb\":{\"@id\":\"https:\/\/agrupacionespsoe.es\/melilla\/el-psoe-exige-al-gobierno-del-pp-reforzar-la-vigilancia-ambiental-y-revisar-la-autorizacion-de-la-central-de-endesa\/#breadcrumb\"},\"inLanguage\":\"es\",\"potentialAction\":[{\"@type\":\"ReadAction\",\"target\":[\"https:\/\/agrupacionespsoe.es\/melilla\/el-psoe-exige-al-gobierno-del-pp-reforzar-la-vigilancia-ambiental-y-revisar-la-autorizacion-de-la-central-de-endesa\/\"]}]},{\"@type\":\"ImageObject\",\"inLanguage\":\"es\",\"@id\":\"https:\/\/agrupacionespsoe.es\/melilla\/el-psoe-exige-al-gobierno-del-pp-reforzar-la-vigilancia-ambiental-y-revisar-la-autorizacion-de-la-central-de-endesa\/#primaryimage\",\"url\":\"https:\/\/agrupacionespsoe.es\/melilla\/wp-content\/uploads\/sites\/120\/2025\/08\/2025-08-26-RRobles-scaled.jpg\",\"contentUrl\":\"https:\/\/agrupacionespsoe.es\/melilla\/wp-content\/uploads\/sites\/120\/2025\/08\/2025-08-26-RRobles-scaled.jpg\",\"width\":2560,\"height\":1707},{\"@type\":\"BreadcrumbList\",\"@id\":\"https:\/\/agrupacionespsoe.es\/melilla\/el-psoe-exige-al-gobierno-del-pp-reforzar-la-vigilancia-ambiental-y-revisar-la-autorizacion-de-la-central-de-endesa\/#breadcrumb\",\"itemListElement\":[{\"@type\":\"ListItem\",\"position\":1,\"name\":\"Portada\",\"item\":\"https:\/\/agrupacionespsoe.es\/melilla\/\"},{\"@type\":\"ListItem\",\"position\":2,\"name\":\"El PSOE exige al Gobierno del PP reforzar la vigilancia ambiental y revisar la autorizaci\u00f3n de la central de Endesa\"}]},{\"@type\":\"WebSite\",\"@id\":\"https:\/\/agrupacionespsoe.es\/melilla\/#website\",\"url\":\"https:\/\/agrupacionespsoe.es\/melilla\/\",\"name\":\"Agrupaci\u00f3n Socialista de Melilla\",\"description\":\"Agrupaci\u00f3n Socialista de Melilla\",\"publisher\":{\"@id\":\"https:\/\/agrupacionespsoe.es\/melilla\/#organization\"},\"potentialAction\":[{\"@type\":\"SearchAction\",\"target\":{\"@type\":\"EntryPoint\",\"urlTemplate\":\"https:\/\/agrupacionespsoe.es\/melilla\/?s={search_term_string}\"},\"query-input\":{\"@type\":\"PropertyValueSpecification\",\"valueRequired\":true,\"valueName\":\"search_term_string\"}}],\"inLanguage\":\"es\"},{\"@type\":\"Organization\",\"@id\":\"https:\/\/agrupacionespsoe.es\/melilla\/#organization\",\"name\":\"Agrupaci\u00f3n Socialista de Melilla\",\"url\":\"https:\/\/agrupacionespsoe.es\/melilla\/\",\"logo\":{\"@type\":\"ImageObject\",\"inLanguage\":\"es\",\"@id\":\"https:\/\/agrupacionespsoe.es\/melilla\/#\/schema\/logo\/image\/\",\"url\":\"https:\/\/agrupacionespsoe.es\/wp-content\/uploads\/2022\/07\/Logotipo_electoral_del_PSOE.png\",\"contentUrl\":\"https:\/\/agrupacionespsoe.es\/wp-content\/uploads\/2022\/07\/Logotipo_electoral_del_PSOE.png\",\"width\":422,\"height\":422,\"caption\":\"Agrupaci\u00f3n Socialista de Melilla\"},\"image\":{\"@id\":\"https:\/\/agrupacionespsoe.es\/melilla\/#\/schema\/logo\/image\/\"}},{\"@type\":\"Person\",\"@id\":\"https:\/\/agrupacionespsoe.es\/melilla\/#\/schema\/person\/72bb3075a827d0ed0623682b96c92bd6\",\"name\":\"melilla2\",\"image\":{\"@type\":\"ImageObject\",\"inLanguage\":\"es\",\"@id\":\"https:\/\/agrupacionespsoe.es\/melilla\/#\/schema\/person\/image\/\",\"url\":\"https:\/\/secure.gravatar.com\/avatar\/489a178e794e59f00db13a448aabca16?s=96&d=mm&r=g\",\"contentUrl\":\"https:\/\/secure.gravatar.com\/avatar\/489a178e794e59f00db13a448aabca16?s=96&d=mm&r=g\",\"caption\":\"melilla2\"},\"url\":\"https:\/\/agrupacionespsoe.es\/melilla\/author\/melilla2\/\"}]}<\/script>\n<!-- \/ Yoast SEO plugin. -->","yoast_head_json":{"title":"El PSOE exige al Gobierno del PP reforzar la vigilancia ambiental y revisar la autorizaci\u00f3n de la central de Endesa - Agrupaci\u00f3n Socialista de Melilla","robots":{"index":"index","follow":"follow","max-snippet":"max-snippet:-1","max-image-preview":"max-image-preview:large","max-video-preview":"max-video-preview:-1"},"canonical":"https:\/\/agrupacionespsoe.es\/melilla\/el-psoe-exige-al-gobierno-del-pp-reforzar-la-vigilancia-ambiental-y-revisar-la-autorizacion-de-la-central-de-endesa\/","og_locale":"es_ES","og_type":"article","og_title":"El PSOE exige al Gobierno del PP reforzar la vigilancia ambiental y revisar la autorizaci\u00f3n de la central de Endesa - Agrupaci\u00f3n Socialista de Melilla","og_description":"Robles: \u201cNo se puede tapar la falta de gesti\u00f3n con medias verdades, las competencias medioambientales son de la Ciudad Aut\u00f3noma\u201d \u201cEl se\u00f1or Imbroda vuelve a recurrir a la confrontaci\u00f3n y a la desinformaci\u00f3n para tapar su propia falta de resultados en materia medioambiental\u201d, ha criticado Rafael Robles, portavoz del PSOE en Melilla. Los socialistas han ...","og_url":"https:\/\/agrupacionespsoe.es\/melilla\/el-psoe-exige-al-gobierno-del-pp-reforzar-la-vigilancia-ambiental-y-revisar-la-autorizacion-de-la-central-de-endesa\/","og_site_name":"Agrupaci\u00f3n Socialista de Melilla","article_published_time":"2025-08-26T11:26:32+00:00","article_modified_time":"2025-08-26T11:26:33+00:00","og_image":[{"width":2560,"height":1707,"url":"https:\/\/agrupacionespsoe.es\/melilla\/wp-content\/uploads\/sites\/120\/2025\/08\/2025-08-26-RRobles-scaled.jpg","type":"image\/jpeg"}],"author":"melilla2","twitter_card":"summary_large_image","twitter_misc":{"Escrito por":"melilla2","Tiempo de lectura":"3 minutos"},"schema":{"@context":"https:\/\/schema.org","@graph":[{"@type":"Article","@id":"https:\/\/agrupacionespsoe.es\/melilla\/el-psoe-exige-al-gobierno-del-pp-reforzar-la-vigilancia-ambiental-y-revisar-la-autorizacion-de-la-central-de-endesa\/#article","isPartOf":{"@id":"https:\/\/agrupacionespsoe.es\/melilla\/el-psoe-exige-al-gobierno-del-pp-reforzar-la-vigilancia-ambiental-y-revisar-la-autorizacion-de-la-central-de-endesa\/"},"author":{"name":"melilla2","@id":"https:\/\/agrupacionespsoe.es\/melilla\/#\/schema\/person\/72bb3075a827d0ed0623682b96c92bd6"},"headline":"El PSOE exige al Gobierno del PP reforzar la vigilancia ambiental y revisar la autorizaci\u00f3n de la central de Endesa","datePublished":"2025-08-26T11:26:32+00:00","dateModified":"2025-08-26T11:26:33+00:00","mainEntityOfPage":{"@id":"https:\/\/agrupacionespsoe.es\/melilla\/el-psoe-exige-al-gobierno-del-pp-reforzar-la-vigilancia-ambiental-y-revisar-la-autorizacion-de-la-central-de-endesa\/"},"wordCount":680,"commentCount":0,"publisher":{"@id":"https:\/\/agrupacionespsoe.es\/melilla\/#organization"},"image":{"@id":"https:\/\/agrupacionespsoe.es\/melilla\/el-psoe-exige-al-gobierno-del-pp-reforzar-la-vigilancia-ambiental-y-revisar-la-autorizacion-de-la-central-de-endesa\/#primaryimage"},"thumbnailUrl":"https:\/\/agrupacionespsoe.es\/melilla\/wp-content\/uploads\/sites\/120\/2025\/08\/2025-08-26-RRobles-scaled.jpg","inLanguage":"es","potentialAction":[{"@type":"CommentAction","name":"Comment","target":["https:\/\/agrupacionespsoe.es\/melilla\/el-psoe-exige-al-gobierno-del-pp-reforzar-la-vigilancia-ambiental-y-revisar-la-autorizacion-de-la-central-de-endesa\/#respond"]}]},{"@type":"WebPage","@id":"https:\/\/agrupacionespsoe.es\/melilla\/el-psoe-exige-al-gobierno-del-pp-reforzar-la-vigilancia-ambiental-y-revisar-la-autorizacion-de-la-central-de-endesa\/","url":"https:\/\/agrupacionespsoe.es\/melilla\/el-psoe-exige-al-gobierno-del-pp-reforzar-la-vigilancia-ambiental-y-revisar-la-autorizacion-de-la-central-de-endesa\/","name":"El PSOE exige al Gobierno del PP reforzar la vigilancia ambiental y revisar la autorizaci\u00f3n de la central de Endesa - Agrupaci\u00f3n Socialista de Melilla","isPartOf":{"@id":"https:\/\/agrupacionespsoe.es\/melilla\/#website"},"primaryImageOfPage":{"@id":"https:\/\/agrupacionespsoe.es\/melilla\/el-psoe-exige-al-gobierno-del-pp-reforzar-la-vigilancia-ambiental-y-revisar-la-autorizacion-de-la-central-de-endesa\/#primaryimage"},"image":{"@id":"https:\/\/agrupacionespsoe.es\/melilla\/el-psoe-exige-al-gobierno-del-pp-reforzar-la-vigilancia-ambiental-y-revisar-la-autorizacion-de-la-central-de-endesa\/#primaryimage"},"thumbnailUrl":"https:\/\/agrupacionespsoe.es\/melilla\/wp-content\/uploads\/sites\/120\/2025\/08\/2025-08-26-RRobles-scaled.jpg","datePublished":"2025-08-26T11:26:32+00:00","dateModified":"2025-08-26T11:26:33+00:00","breadcrumb":{"@id":"https:\/\/agrupacionespsoe.es\/melilla\/el-psoe-exige-al-gobierno-del-pp-reforzar-la-vigilancia-ambiental-y-revisar-la-autorizacion-de-la-central-de-endesa\/#breadcrumb"},"inLanguage":"es","potentialAction":[{"@type":"ReadAction","target":["https:\/\/agrupacionespsoe.es\/melilla\/el-psoe-exige-al-gobierno-del-pp-reforzar-la-vigilancia-ambiental-y-revisar-la-autorizacion-de-la-central-de-endesa\/"]}]},{"@type":"ImageObject","inLanguage":"es","@id":"https:\/\/agrupacionespsoe.es\/melilla\/el-psoe-exige-al-gobierno-del-pp-reforzar-la-vigilancia-ambiental-y-revisar-la-autorizacion-de-la-central-de-endesa\/#primaryimage","url":"https:\/\/agrupacionespsoe.es\/melilla\/wp-content\/uploads\/sites\/120\/2025\/08\/2025-08-26-RRobles-scaled.jpg","contentUrl":"https:\/\/agrupacionespsoe.es\/melilla\/wp-content\/uploads\/sites\/120\/2025\/08\/2025-08-26-RRobles-scaled.jpg","width":2560,"height":1707},{"@type":"BreadcrumbList","@id":"https:\/\/agrupacionespsoe.es\/melilla\/el-psoe-exige-al-gobierno-del-pp-reforzar-la-vigilancia-ambiental-y-revisar-la-autorizacion-de-la-central-de-endesa\/#breadcrumb","itemListElement":[{"@type":"ListItem","position":1,"name":"Portada","item":"https:\/\/agrupacionespsoe.es\/melilla\/"},{"@type":"ListItem","position":2,"name":"El PSOE exige al Gobierno del PP reforzar la vigilancia ambiental y revisar la autorizaci\u00f3n de la central de Endesa"}]},{"@type":"WebSite","@id":"https:\/\/agrupacionespsoe.es\/melilla\/#website","url":"https:\/\/agrupacionespsoe.es\/melilla\/","name":"Agrupaci\u00f3n Socialista de Melilla","description":"Agrupaci\u00f3n Socialista de Melilla","publisher":{"@id":"https:\/\/agrupacionespsoe.es\/melilla\/#organization"},"potentialAction":[{"@type":"SearchAction","target":{"@type":"EntryPoint","urlTemplate":"https:\/\/agrupacionespsoe.es\/melilla\/?s={search_term_string}"},"query-input":{"@type":"PropertyValueSpecification","valueRequired":true,"valueName":"search_term_string"}}],"inLanguage":"es"},{"@type":"Organization","@id":"https:\/\/agrupacionespsoe.es\/melilla\/#organization","name":"Agrupaci\u00f3n Socialista de Melilla","url":"https:\/\/agrupacionespsoe.es\/melilla\/","logo":{"@type":"ImageObject","inLanguage":"es","@id":"https:\/\/agrupacionespsoe.es\/melilla\/#\/schema\/logo\/image\/","url":"https:\/\/agrupacionespsoe.es\/wp-content\/uploads\/2022\/07\/Logotipo_electoral_del_PSOE.png","contentUrl":"https:\/\/agrupacionespsoe.es\/wp-content\/uploads\/2022\/07\/Logotipo_electoral_del_PSOE.png","width":422,"height":422,"caption":"Agrupaci\u00f3n Socialista de Melilla"},"image":{"@id":"https:\/\/agrupacionespsoe.es\/melilla\/#\/schema\/logo\/image\/"}},{"@type":"Person","@id":"https:\/\/agrupacionespsoe.es\/melilla\/#\/schema\/person\/72bb3075a827d0ed0623682b96c92bd6","name":"melilla2","image":{"@type":"ImageObject","inLanguage":"es","@id":"https:\/\/agrupacionespsoe.es\/melilla\/#\/schema\/person\/image\/","url":"https:\/\/secure.gravatar.com\/avatar\/489a178e794e59f00db13a448aabca16?s=96&d=mm&r=g","contentUrl":"https:\/\/secure.gravatar.com\/avatar\/489a178e794e59f00db13a448aabca16?s=96&d=mm&r=g","caption":"melilla2"},"url":"https:\/\/agrupacionespsoe.es\/melilla\/author\/melilla2\/"}]}},"jetpack_featured_media_url":"https:\/\/agrupacionespsoe.es\/melilla\/wp-content\/uploads\/sites\/120\/2025\/08\/2025-08-26-RRobles-scaled.jpg","jetpack_sharing_enabled":true,"_links":{"self":[{"href":"https:\/\/agrupacionespsoe.es\/melilla\/wp-json\/wp\/v2\/posts\/2120","targetHints":{"allow":["GET"]}}],"collection":[{"href":"https:\/\/agrupacionespsoe.es\/melilla\/wp-json\/wp\/v2\/posts"}],"about":[{"href":"https:\/\/agrupacionespsoe.es\/melilla\/wp-json\/wp\/v2\/types\/post"}],"author":[{"embeddable":true,"href":"https:\/\/agrupacionespsoe.es\/melilla\/wp-json\/wp\/v2\/users\/187"}],"replies":[{"embeddable":true,"href":"https:\/\/agrupacionespsoe.es\/melilla\/wp-json\/wp\/v2\/comments?post=2120"}],"version-history":[{"count":1,"href":"https:\/\/agrupacionespsoe.es\/melilla\/wp-json\/wp\/v2\/posts\/2120\/revisions"}],"predecessor-version":[{"id":2122,"href":"https:\/\/agrupacionespsoe.es\/melilla\/wp-json\/wp\/v2\/posts\/2120\/revisions\/2122"}],"wp:featuredmedia":[{"embeddable":true,"href":"https:\/\/agrupacionespsoe.es\/melilla\/wp-json\/wp\/v2\/media\/2121"}],"wp:attachment":[{"href":"https:\/\/agrupacionespsoe.es\/melilla\/wp-json\/wp\/v2\/media?parent=2120"}],"wp:term":[{"taxonomy":"category","embeddable":true,"href":"https:\/\/agrupacionespsoe.es\/melilla\/wp-json\/wp\/v2\/categories?post=2120"},{"taxonomy":"post_tag","embeddable":true,"href":"https:\/\/agrupacionespsoe.es\/melilla\/wp-json\/wp\/v2\/tags?post=2120"}],"curies":[{"name":"wp","href":"https:\/\/api.w.org\/{rel}","templated":true}]}}