{"id":2063,"date":"2025-08-06T11:24:48","date_gmt":"2025-08-06T11:24:48","guid":{"rendered":"https:\/\/agrupacionespsoe.es\/melilla\/?p=2063"},"modified":"2025-08-06T11:24:49","modified_gmt":"2025-08-06T11:24:49","slug":"el-psoe-acusa-al-pp-de-actuar-en-los-barrios-solo-bajo-presion-politica-y-mediatica","status":"publish","type":"post","link":"https:\/\/agrupacionespsoe.es\/melilla\/el-psoe-acusa-al-pp-de-actuar-en-los-barrios-solo-bajo-presion-politica-y-mediatica\/","title":{"rendered":"El PSOE acusa al PP de actuar en los barrios solo bajo presi\u00f3n pol\u00edtica y medi\u00e1tica"},"content":{"rendered":"\n<p><strong>Robles: \u201cEs indignante que la oposici\u00f3n tenga que recordar al Gobierno de Imbroda c\u00f3mo hacer su trabajo\u201d<\/strong><\/p>\n\n\n\n<p>&nbsp;\u201cTras nuestras visitas a los barrios y las constantes denuncias sobre su estado de abandono, la falta de limpieza y la acumulaci\u00f3n de residuos en sus calles, por&nbsp; fin el Gobierno local ha reaccionado\u201d, ha celebrado Rafael Robles, portavoz del PSOE en Melilla.&nbsp;<\/p>\n\n\n\n<p>El socialista ha explicado que durante meses los vecinos de barrios como Ca\u00f1ada de Hid\u00fam, Las Caracolas o El Real ven\u00edan alertando de una situaci\u00f3n \u201cinsostenible\u201d, en la que la basura se acumulaba y sus calles se llenaban de mugre mientras la Ciudad Aut\u00f3noma miraba para otro lado.<\/p>\n\n\n\n<p>Solo despu\u00e9s de que el PSOE se\u00f1alara p\u00fablicamente la dejadez de estas zonas y diera voz a las quejas vecinales, el Gobierno ha actuado. Para Robles es evidente que la presi\u00f3n pol\u00edtica y medi\u00e1tica es el \u00fanico motor que mueve al Partido Popular, incapaz de planificar una gesti\u00f3n preventiva y eficaz del mantenimiento urbano.<\/p>\n\n\n\n<p>\u201cHa sido necesaria nuestra denuncia p\u00fablica y nuestra presencia constante en el barrio para que el Ejecutivo de Imbroda tomase cartas en el asunto y se dignara a intervenir\u201d, ha afirmado.<\/p>\n\n\n\n<p>Asimismo, ha recordado que durante el \u00faltimo pleno de control, el Grupo Parlamentario Socialista dedic\u00f3 una de sus interpelaciones para volver a insistir en la suciedad que se acumula en las calles, especialmente en aquellos barrios m\u00e1s alejados del centro, que sistem\u00e1ticamente quedan fuera de los planes de limpieza y de los focos medi\u00e1ticos.&nbsp;<\/p>\n\n\n\n<p>&nbsp;\u201cEs indignante que tenga que ser la oposici\u00f3n quien haga de altavoz de los ciudadanos cuando los servicios p\u00fablicos deber\u00edan funcionar sin necesidad de constantes recordatorios\u201d, ha criticado, haciendo referencia a c\u00f3mo en los d\u00edas posteriores a dicho pleno, el Gobierno de Imbroda ha reaccionado baldeando las zonas denunciadas y actuando ante las cr\u00edticas del PSOE.<\/p>\n\n\n\n<p><strong>Presi\u00f3n pol\u00edtica para una buena gesti\u00f3n<\/strong><strong><\/strong><\/p>\n\n\n\n<p>Desde el PSOE se congratulan de que sus denuncias surtan efecto. \u201cPara nosotros lo prioritario es el bienestar de los melillenses y el buen estado de nuestros barrios\u201d, ha subrayado su portavoz. Sin embargo, ha dejado claro que estas actuaciones no son fruto de una buena gesti\u00f3n del Ejecutivo local sino de la presi\u00f3n pol\u00edtica de la oposici\u00f3n y la presi\u00f3n social de la ciudadan\u00eda.<\/p>\n\n\n\n<p>\u201cNos alegramos de que, aunque sea a golpe de denuncia, se nos escuche. Pero es imprescindible que el Gobierno de Imbroda entienda que su obligaci\u00f3n es gestionar de forma eficiente sin que el PSOE tenga que recordarle, d\u00eda s\u00ed y d\u00eda tambi\u00e9n, c\u00f3mo debe hacer su trabajo\u201d, ha declarado Robles.<\/p>\n\n\n\n<p>Por ello, los socialistas exigen al PP \u201cresponsabilidad, previsi\u00f3n y compromiso real\u201d con todos los barrios de Melilla. De igual modo, exigen que se garantice la limpieza \u201cde forma regular y equitativa, sin discriminaciones\u201d, y que no se gobierne solo \u201ca base de reacciones tard\u00edas\u201d.<\/p>\n","protected":false},"excerpt":{"rendered":"<p>Robles: \u201cEs indignante que la oposici\u00f3n tenga que recordar al Gobierno de Imbroda c\u00f3mo hacer su trabajo\u201d &nbsp;\u201cTras nuestras visitas a los barrios y las constantes denuncias sobre su estado de abandono, la falta de limpieza y la acumulaci\u00f3n de residuos en sus calles, por&nbsp; fin el Gobierno local ha reaccionado\u201d, ha celebrado Rafael Robles, &#8230;<\/p>\n","protected":false},"author":187,"featured_media":2064,"comment_status":"open","ping_status":"open","sticky":false,"template":"","format":"standard","meta":{"_jetpack_memberships_contains_paid_content":false,"footnotes":""},"categories":[1],"tags":[],"class_list":["post-2063","post","type-post","status-publish","format-standard","has-post-thumbnail","hentry","category-sin-categoria"],"yoast_head":"<!-- This site is optimized with the Yoast SEO plugin v24.0 - https:\/\/yoast.com\/wordpress\/plugins\/seo\/ -->\n<title>El PSOE acusa al PP de actuar en los barrios solo bajo presi\u00f3n pol\u00edtica y medi\u00e1tica - Agrupaci\u00f3n Socialista de Melilla<\/title>\n<meta name=\"robots\" content=\"index, follow, max-snippet:-1, max-image-preview:large, max-video-preview:-1\" \/>\n<link rel=\"canonical\" href=\"https:\/\/agrupacionespsoe.es\/melilla\/el-psoe-acusa-al-pp-de-actuar-en-los-barrios-solo-bajo-presion-politica-y-mediatica\/\" \/>\n<meta property=\"og:locale\" content=\"es_ES\" \/>\n<meta property=\"og:type\" content=\"article\" \/>\n<meta property=\"og:title\" content=\"El PSOE acusa al PP de actuar en los barrios solo bajo presi\u00f3n pol\u00edtica y medi\u00e1tica - Agrupaci\u00f3n Socialista de Melilla\" \/>\n<meta property=\"og:description\" content=\"Robles: \u201cEs indignante que la oposici\u00f3n tenga que recordar al Gobierno de Imbroda c\u00f3mo hacer su trabajo\u201d &nbsp;\u201cTras nuestras visitas a los barrios y las constantes denuncias sobre su estado de abandono, la falta de limpieza y la acumulaci\u00f3n de residuos en sus calles, por&nbsp; fin el Gobierno local ha reaccionado\u201d, ha celebrado Rafael Robles, ...\" \/>\n<meta property=\"og:url\" content=\"https:\/\/agrupacionespsoe.es\/melilla\/el-psoe-acusa-al-pp-de-actuar-en-los-barrios-solo-bajo-presion-politica-y-mediatica\/\" \/>\n<meta property=\"og:site_name\" content=\"Agrupaci\u00f3n Socialista de Melilla\" \/>\n<meta property=\"article:published_time\" content=\"2025-08-06T11:24:48+00:00\" \/>\n<meta property=\"article:modified_time\" content=\"2025-08-06T11:24:49+00:00\" \/>\n<meta property=\"og:image\" content=\"https:\/\/agrupacionespsoe.es\/melilla\/wp-content\/uploads\/sites\/120\/2025\/08\/2025-08-06-RRobles-scaled.jpg\" \/>\n\t<meta property=\"og:image:width\" content=\"2560\" \/>\n\t<meta property=\"og:image:height\" content=\"1707\" \/>\n\t<meta property=\"og:image:type\" content=\"image\/jpeg\" \/>\n<meta name=\"author\" content=\"melilla2\" \/>\n<meta name=\"twitter:card\" content=\"summary_large_image\" \/>\n<meta name=\"twitter:label1\" content=\"Escrito por\" \/>\n\t<meta name=\"twitter:data1\" content=\"melilla2\" \/>\n\t<meta name=\"twitter:label2\" content=\"Tiempo de lectura\" \/>\n\t<meta name=\"twitter:data2\" content=\"3 minutos\" \/>\n<script type=\"application\/ld+json\" class=\"yoast-schema-graph\">{\"@context\":\"https:\/\/schema.org\",\"@graph\":[{\"@type\":\"Article\",\"@id\":\"https:\/\/agrupacionespsoe.es\/melilla\/el-psoe-acusa-al-pp-de-actuar-en-los-barrios-solo-bajo-presion-politica-y-mediatica\/#article\",\"isPartOf\":{\"@id\":\"https:\/\/agrupacionespsoe.es\/melilla\/el-psoe-acusa-al-pp-de-actuar-en-los-barrios-solo-bajo-presion-politica-y-mediatica\/\"},\"author\":{\"name\":\"melilla2\",\"@id\":\"https:\/\/agrupacionespsoe.es\/melilla\/#\/schema\/person\/72bb3075a827d0ed0623682b96c92bd6\"},\"headline\":\"El PSOE acusa al PP de actuar en los barrios solo bajo presi\u00f3n pol\u00edtica y medi\u00e1tica\",\"datePublished\":\"2025-08-06T11:24:48+00:00\",\"dateModified\":\"2025-08-06T11:24:49+00:00\",\"mainEntityOfPage\":{\"@id\":\"https:\/\/agrupacionespsoe.es\/melilla\/el-psoe-acusa-al-pp-de-actuar-en-los-barrios-solo-bajo-presion-politica-y-mediatica\/\"},\"wordCount\":534,\"commentCount\":0,\"publisher\":{\"@id\":\"https:\/\/agrupacionespsoe.es\/melilla\/#organization\"},\"image\":{\"@id\":\"https:\/\/agrupacionespsoe.es\/melilla\/el-psoe-acusa-al-pp-de-actuar-en-los-barrios-solo-bajo-presion-politica-y-mediatica\/#primaryimage\"},\"thumbnailUrl\":\"https:\/\/agrupacionespsoe.es\/melilla\/wp-content\/uploads\/sites\/120\/2025\/08\/2025-08-06-RRobles-scaled.jpg\",\"inLanguage\":\"es\",\"potentialAction\":[{\"@type\":\"CommentAction\",\"name\":\"Comment\",\"target\":[\"https:\/\/agrupacionespsoe.es\/melilla\/el-psoe-acusa-al-pp-de-actuar-en-los-barrios-solo-bajo-presion-politica-y-mediatica\/#respond\"]}]},{\"@type\":\"WebPage\",\"@id\":\"https:\/\/agrupacionespsoe.es\/melilla\/el-psoe-acusa-al-pp-de-actuar-en-los-barrios-solo-bajo-presion-politica-y-mediatica\/\",\"url\":\"https:\/\/agrupacionespsoe.es\/melilla\/el-psoe-acusa-al-pp-de-actuar-en-los-barrios-solo-bajo-presion-politica-y-mediatica\/\",\"name\":\"El PSOE acusa al PP de actuar en los barrios solo bajo presi\u00f3n pol\u00edtica y medi\u00e1tica - Agrupaci\u00f3n Socialista de Melilla\",\"isPartOf\":{\"@id\":\"https:\/\/agrupacionespsoe.es\/melilla\/#website\"},\"primaryImageOfPage\":{\"@id\":\"https:\/\/agrupacionespsoe.es\/melilla\/el-psoe-acusa-al-pp-de-actuar-en-los-barrios-solo-bajo-presion-politica-y-mediatica\/#primaryimage\"},\"image\":{\"@id\":\"https:\/\/agrupacionespsoe.es\/melilla\/el-psoe-acusa-al-pp-de-actuar-en-los-barrios-solo-bajo-presion-politica-y-mediatica\/#primaryimage\"},\"thumbnailUrl\":\"https:\/\/agrupacionespsoe.es\/melilla\/wp-content\/uploads\/sites\/120\/2025\/08\/2025-08-06-RRobles-scaled.jpg\",\"datePublished\":\"2025-08-06T11:24:48+00:00\",\"dateModified\":\"2025-08-06T11:24:49+00:00\",\"breadcrumb\":{\"@id\":\"https:\/\/agrupacionespsoe.es\/melilla\/el-psoe-acusa-al-pp-de-actuar-en-los-barrios-solo-bajo-presion-politica-y-mediatica\/#breadcrumb\"},\"inLanguage\":\"es\",\"potentialAction\":[{\"@type\":\"ReadAction\",\"target\":[\"https:\/\/agrupacionespsoe.es\/melilla\/el-psoe-acusa-al-pp-de-actuar-en-los-barrios-solo-bajo-presion-politica-y-mediatica\/\"]}]},{\"@type\":\"ImageObject\",\"inLanguage\":\"es\",\"@id\":\"https:\/\/agrupacionespsoe.es\/melilla\/el-psoe-acusa-al-pp-de-actuar-en-los-barrios-solo-bajo-presion-politica-y-mediatica\/#primaryimage\",\"url\":\"https:\/\/agrupacionespsoe.es\/melilla\/wp-content\/uploads\/sites\/120\/2025\/08\/2025-08-06-RRobles-scaled.jpg\",\"contentUrl\":\"https:\/\/agrupacionespsoe.es\/melilla\/wp-content\/uploads\/sites\/120\/2025\/08\/2025-08-06-RRobles-scaled.jpg\",\"width\":2560,\"height\":1707},{\"@type\":\"BreadcrumbList\",\"@id\":\"https:\/\/agrupacionespsoe.es\/melilla\/el-psoe-acusa-al-pp-de-actuar-en-los-barrios-solo-bajo-presion-politica-y-mediatica\/#breadcrumb\",\"itemListElement\":[{\"@type\":\"ListItem\",\"position\":1,\"name\":\"Portada\",\"item\":\"https:\/\/agrupacionespsoe.es\/melilla\/\"},{\"@type\":\"ListItem\",\"position\":2,\"name\":\"El PSOE acusa al PP de actuar en los barrios solo bajo presi\u00f3n pol\u00edtica y medi\u00e1tica\"}]},{\"@type\":\"WebSite\",\"@id\":\"https:\/\/agrupacionespsoe.es\/melilla\/#website\",\"url\":\"https:\/\/agrupacionespsoe.es\/melilla\/\",\"name\":\"Agrupaci\u00f3n Socialista de Melilla\",\"description\":\"Agrupaci\u00f3n Socialista de Melilla\",\"publisher\":{\"@id\":\"https:\/\/agrupacionespsoe.es\/melilla\/#organization\"},\"potentialAction\":[{\"@type\":\"SearchAction\",\"target\":{\"@type\":\"EntryPoint\",\"urlTemplate\":\"https:\/\/agrupacionespsoe.es\/melilla\/?s={search_term_string}\"},\"query-input\":{\"@type\":\"PropertyValueSpecification\",\"valueRequired\":true,\"valueName\":\"search_term_string\"}}],\"inLanguage\":\"es\"},{\"@type\":\"Organization\",\"@id\":\"https:\/\/agrupacionespsoe.es\/melilla\/#organization\",\"name\":\"Agrupaci\u00f3n Socialista de Melilla\",\"url\":\"https:\/\/agrupacionespsoe.es\/melilla\/\",\"logo\":{\"@type\":\"ImageObject\",\"inLanguage\":\"es\",\"@id\":\"https:\/\/agrupacionespsoe.es\/melilla\/#\/schema\/logo\/image\/\",\"url\":\"https:\/\/agrupacionespsoe.es\/wp-content\/uploads\/2022\/07\/Logotipo_electoral_del_PSOE.png\",\"contentUrl\":\"https:\/\/agrupacionespsoe.es\/wp-content\/uploads\/2022\/07\/Logotipo_electoral_del_PSOE.png\",\"width\":422,\"height\":422,\"caption\":\"Agrupaci\u00f3n Socialista de Melilla\"},\"image\":{\"@id\":\"https:\/\/agrupacionespsoe.es\/melilla\/#\/schema\/logo\/image\/\"}},{\"@type\":\"Person\",\"@id\":\"https:\/\/agrupacionespsoe.es\/melilla\/#\/schema\/person\/72bb3075a827d0ed0623682b96c92bd6\",\"name\":\"melilla2\",\"image\":{\"@type\":\"ImageObject\",\"inLanguage\":\"es\",\"@id\":\"https:\/\/agrupacionespsoe.es\/melilla\/#\/schema\/person\/image\/\",\"url\":\"https:\/\/secure.gravatar.com\/avatar\/489a178e794e59f00db13a448aabca16?s=96&d=mm&r=g\",\"contentUrl\":\"https:\/\/secure.gravatar.com\/avatar\/489a178e794e59f00db13a448aabca16?s=96&d=mm&r=g\",\"caption\":\"melilla2\"},\"url\":\"https:\/\/agrupacionespsoe.es\/melilla\/author\/melilla2\/\"}]}<\/script>\n<!-- \/ Yoast SEO plugin. -->","yoast_head_json":{"title":"El PSOE acusa al PP de actuar en los barrios solo bajo presi\u00f3n pol\u00edtica y medi\u00e1tica - Agrupaci\u00f3n Socialista de Melilla","robots":{"index":"index","follow":"follow","max-snippet":"max-snippet:-1","max-image-preview":"max-image-preview:large","max-video-preview":"max-video-preview:-1"},"canonical":"https:\/\/agrupacionespsoe.es\/melilla\/el-psoe-acusa-al-pp-de-actuar-en-los-barrios-solo-bajo-presion-politica-y-mediatica\/","og_locale":"es_ES","og_type":"article","og_title":"El PSOE acusa al PP de actuar en los barrios solo bajo presi\u00f3n pol\u00edtica y medi\u00e1tica - Agrupaci\u00f3n Socialista de Melilla","og_description":"Robles: \u201cEs indignante que la oposici\u00f3n tenga que recordar al Gobierno de Imbroda c\u00f3mo hacer su trabajo\u201d &nbsp;\u201cTras nuestras visitas a los barrios y las constantes denuncias sobre su estado de abandono, la falta de limpieza y la acumulaci\u00f3n de residuos en sus calles, por&nbsp; fin el Gobierno local ha reaccionado\u201d, ha celebrado Rafael Robles, ...","og_url":"https:\/\/agrupacionespsoe.es\/melilla\/el-psoe-acusa-al-pp-de-actuar-en-los-barrios-solo-bajo-presion-politica-y-mediatica\/","og_site_name":"Agrupaci\u00f3n Socialista de Melilla","article_published_time":"2025-08-06T11:24:48+00:00","article_modified_time":"2025-08-06T11:24:49+00:00","og_image":[{"width":2560,"height":1707,"url":"https:\/\/agrupacionespsoe.es\/melilla\/wp-content\/uploads\/sites\/120\/2025\/08\/2025-08-06-RRobles-scaled.jpg","type":"image\/jpeg"}],"author":"melilla2","twitter_card":"summary_large_image","twitter_misc":{"Escrito por":"melilla2","Tiempo de lectura":"3 minutos"},"schema":{"@context":"https:\/\/schema.org","@graph":[{"@type":"Article","@id":"https:\/\/agrupacionespsoe.es\/melilla\/el-psoe-acusa-al-pp-de-actuar-en-los-barrios-solo-bajo-presion-politica-y-mediatica\/#article","isPartOf":{"@id":"https:\/\/agrupacionespsoe.es\/melilla\/el-psoe-acusa-al-pp-de-actuar-en-los-barrios-solo-bajo-presion-politica-y-mediatica\/"},"author":{"name":"melilla2","@id":"https:\/\/agrupacionespsoe.es\/melilla\/#\/schema\/person\/72bb3075a827d0ed0623682b96c92bd6"},"headline":"El PSOE acusa al PP de actuar en los barrios solo bajo presi\u00f3n pol\u00edtica y medi\u00e1tica","datePublished":"2025-08-06T11:24:48+00:00","dateModified":"2025-08-06T11:24:49+00:00","mainEntityOfPage":{"@id":"https:\/\/agrupacionespsoe.es\/melilla\/el-psoe-acusa-al-pp-de-actuar-en-los-barrios-solo-bajo-presion-politica-y-mediatica\/"},"wordCount":534,"commentCount":0,"publisher":{"@id":"https:\/\/agrupacionespsoe.es\/melilla\/#organization"},"image":{"@id":"https:\/\/agrupacionespsoe.es\/melilla\/el-psoe-acusa-al-pp-de-actuar-en-los-barrios-solo-bajo-presion-politica-y-mediatica\/#primaryimage"},"thumbnailUrl":"https:\/\/agrupacionespsoe.es\/melilla\/wp-content\/uploads\/sites\/120\/2025\/08\/2025-08-06-RRobles-scaled.jpg","inLanguage":"es","potentialAction":[{"@type":"CommentAction","name":"Comment","target":["https:\/\/agrupacionespsoe.es\/melilla\/el-psoe-acusa-al-pp-de-actuar-en-los-barrios-solo-bajo-presion-politica-y-mediatica\/#respond"]}]},{"@type":"WebPage","@id":"https:\/\/agrupacionespsoe.es\/melilla\/el-psoe-acusa-al-pp-de-actuar-en-los-barrios-solo-bajo-presion-politica-y-mediatica\/","url":"https:\/\/agrupacionespsoe.es\/melilla\/el-psoe-acusa-al-pp-de-actuar-en-los-barrios-solo-bajo-presion-politica-y-mediatica\/","name":"El PSOE acusa al PP de actuar en los barrios solo bajo presi\u00f3n pol\u00edtica y medi\u00e1tica - Agrupaci\u00f3n Socialista de Melilla","isPartOf":{"@id":"https:\/\/agrupacionespsoe.es\/melilla\/#website"},"primaryImageOfPage":{"@id":"https:\/\/agrupacionespsoe.es\/melilla\/el-psoe-acusa-al-pp-de-actuar-en-los-barrios-solo-bajo-presion-politica-y-mediatica\/#primaryimage"},"image":{"@id":"https:\/\/agrupacionespsoe.es\/melilla\/el-psoe-acusa-al-pp-de-actuar-en-los-barrios-solo-bajo-presion-politica-y-mediatica\/#primaryimage"},"thumbnailUrl":"https:\/\/agrupacionespsoe.es\/melilla\/wp-content\/uploads\/sites\/120\/2025\/08\/2025-08-06-RRobles-scaled.jpg","datePublished":"2025-08-06T11:24:48+00:00","dateModified":"2025-08-06T11:24:49+00:00","breadcrumb":{"@id":"https:\/\/agrupacionespsoe.es\/melilla\/el-psoe-acusa-al-pp-de-actuar-en-los-barrios-solo-bajo-presion-politica-y-mediatica\/#breadcrumb"},"inLanguage":"es","potentialAction":[{"@type":"ReadAction","target":["https:\/\/agrupacionespsoe.es\/melilla\/el-psoe-acusa-al-pp-de-actuar-en-los-barrios-solo-bajo-presion-politica-y-mediatica\/"]}]},{"@type":"ImageObject","inLanguage":"es","@id":"https:\/\/agrupacionespsoe.es\/melilla\/el-psoe-acusa-al-pp-de-actuar-en-los-barrios-solo-bajo-presion-politica-y-mediatica\/#primaryimage","url":"https:\/\/agrupacionespsoe.es\/melilla\/wp-content\/uploads\/sites\/120\/2025\/08\/2025-08-06-RRobles-scaled.jpg","contentUrl":"https:\/\/agrupacionespsoe.es\/melilla\/wp-content\/uploads\/sites\/120\/2025\/08\/2025-08-06-RRobles-scaled.jpg","width":2560,"height":1707},{"@type":"BreadcrumbList","@id":"https:\/\/agrupacionespsoe.es\/melilla\/el-psoe-acusa-al-pp-de-actuar-en-los-barrios-solo-bajo-presion-politica-y-mediatica\/#breadcrumb","itemListElement":[{"@type":"ListItem","position":1,"name":"Portada","item":"https:\/\/agrupacionespsoe.es\/melilla\/"},{"@type":"ListItem","position":2,"name":"El PSOE acusa al PP de actuar en los barrios solo bajo presi\u00f3n pol\u00edtica y medi\u00e1tica"}]},{"@type":"WebSite","@id":"https:\/\/agrupacionespsoe.es\/melilla\/#website","url":"https:\/\/agrupacionespsoe.es\/melilla\/","name":"Agrupaci\u00f3n Socialista de Melilla","description":"Agrupaci\u00f3n Socialista de Melilla","publisher":{"@id":"https:\/\/agrupacionespsoe.es\/melilla\/#organization"},"potentialAction":[{"@type":"SearchAction","target":{"@type":"EntryPoint","urlTemplate":"https:\/\/agrupacionespsoe.es\/melilla\/?s={search_term_string}"},"query-input":{"@type":"PropertyValueSpecification","valueRequired":true,"valueName":"search_term_string"}}],"inLanguage":"es"},{"@type":"Organization","@id":"https:\/\/agrupacionespsoe.es\/melilla\/#organization","name":"Agrupaci\u00f3n Socialista de Melilla","url":"https:\/\/agrupacionespsoe.es\/melilla\/","logo":{"@type":"ImageObject","inLanguage":"es","@id":"https:\/\/agrupacionespsoe.es\/melilla\/#\/schema\/logo\/image\/","url":"https:\/\/agrupacionespsoe.es\/wp-content\/uploads\/2022\/07\/Logotipo_electoral_del_PSOE.png","contentUrl":"https:\/\/agrupacionespsoe.es\/wp-content\/uploads\/2022\/07\/Logotipo_electoral_del_PSOE.png","width":422,"height":422,"caption":"Agrupaci\u00f3n Socialista de Melilla"},"image":{"@id":"https:\/\/agrupacionespsoe.es\/melilla\/#\/schema\/logo\/image\/"}},{"@type":"Person","@id":"https:\/\/agrupacionespsoe.es\/melilla\/#\/schema\/person\/72bb3075a827d0ed0623682b96c92bd6","name":"melilla2","image":{"@type":"ImageObject","inLanguage":"es","@id":"https:\/\/agrupacionespsoe.es\/melilla\/#\/schema\/person\/image\/","url":"https:\/\/secure.gravatar.com\/avatar\/489a178e794e59f00db13a448aabca16?s=96&d=mm&r=g","contentUrl":"https:\/\/secure.gravatar.com\/avatar\/489a178e794e59f00db13a448aabca16?s=96&d=mm&r=g","caption":"melilla2"},"url":"https:\/\/agrupacionespsoe.es\/melilla\/author\/melilla2\/"}]}},"jetpack_featured_media_url":"https:\/\/agrupacionespsoe.es\/melilla\/wp-content\/uploads\/sites\/120\/2025\/08\/2025-08-06-RRobles-scaled.jpg","jetpack_sharing_enabled":true,"_links":{"self":[{"href":"https:\/\/agrupacionespsoe.es\/melilla\/wp-json\/wp\/v2\/posts\/2063","targetHints":{"allow":["GET"]}}],"collection":[{"href":"https:\/\/agrupacionespsoe.es\/melilla\/wp-json\/wp\/v2\/posts"}],"about":[{"href":"https:\/\/agrupacionespsoe.es\/melilla\/wp-json\/wp\/v2\/types\/post"}],"author":[{"embeddable":true,"href":"https:\/\/agrupacionespsoe.es\/melilla\/wp-json\/wp\/v2\/users\/187"}],"replies":[{"embeddable":true,"href":"https:\/\/agrupacionespsoe.es\/melilla\/wp-json\/wp\/v2\/comments?post=2063"}],"version-history":[{"count":1,"href":"https:\/\/agrupacionespsoe.es\/melilla\/wp-json\/wp\/v2\/posts\/2063\/revisions"}],"predecessor-version":[{"id":2065,"href":"https:\/\/agrupacionespsoe.es\/melilla\/wp-json\/wp\/v2\/posts\/2063\/revisions\/2065"}],"wp:featuredmedia":[{"embeddable":true,"href":"https:\/\/agrupacionespsoe.es\/melilla\/wp-json\/wp\/v2\/media\/2064"}],"wp:attachment":[{"href":"https:\/\/agrupacionespsoe.es\/melilla\/wp-json\/wp\/v2\/media?parent=2063"}],"wp:term":[{"taxonomy":"category","embeddable":true,"href":"https:\/\/agrupacionespsoe.es\/melilla\/wp-json\/wp\/v2\/categories?post=2063"},{"taxonomy":"post_tag","embeddable":true,"href":"https:\/\/agrupacionespsoe.es\/melilla\/wp-json\/wp\/v2\/tags?post=2063"}],"curies":[{"name":"wp","href":"https:\/\/api.w.org\/{rel}","templated":true}]}}