{"id":2052,"date":"2025-07-31T11:46:46","date_gmt":"2025-07-31T11:46:46","guid":{"rendered":"https:\/\/agrupacionespsoe.es\/melilla\/?p=2052"},"modified":"2025-07-31T11:46:48","modified_gmt":"2025-07-31T11:46:48","slug":"el-psoe-critica-el-silencio-del-pp-ante-el-escandalo-de-codere-y-el-caso-montoro","status":"publish","type":"post","link":"https:\/\/agrupacionespsoe.es\/melilla\/el-psoe-critica-el-silencio-del-pp-ante-el-escandalo-de-codere-y-el-caso-montoro\/","title":{"rendered":"El PSOE critica el silencio del PP ante el esc\u00e1ndalo de Codere y el caso Montoro"},"content":{"rendered":"\n<p><strong>Robles exige \u201cm\u00e1xima transparencia\u201d al Gobierno de Imbroda sobre el r\u00e9gimen fiscal del juego online en Melilla y advierte de las posibles consecuencias econ\u00f3micas de este esc\u00e1ndalo<\/strong><\/p>\n\n\n\n<p>El portavoz del PSOE en Melilla, Rafael Robles, ha insistido en que el Gobierno local debe explicaciones a la ciudadan\u00eda tras conocerse las implicaciones de la empresa Codere en el caso Montoro. El socialista ha recriminado al PP de Melilla que contin\u00fae \u201cpasando de puntillas\u201d sobre el asunto y evite dar cualquier explicaci\u00f3n al respecto. \u201cSu silencio no hace m\u00e1s que aumentar nuestras sospechas\u201d, ha se\u00f1alado.<\/p>\n\n\n\n<p>Seg\u00fan la investigaci\u00f3n judicial, Robles ha recordado que los cambios normativos incluidos en los Presupuestos Generales de 2018 habr\u00edan sido dise\u00f1ados a medida para beneficiar a ciertas empresas del sector, con intermediaci\u00f3n directa de exministros del Partido Popular. \u201cCodere fue la primera empresa en instalarse en Melilla bajo ese r\u00e9gimen fiscal\u201d, ha afirmado.<\/p>\n\n\n\n<p>De este modo, ha recordado que el propio Miguel Mar\u00edn celebr\u00f3 p\u00fablicamente la llegada de estas empresas y defendi\u00f3 este modelo como una \u201crevoluci\u00f3n econ\u00f3mica\u201d para Melilla. \u201cAhora sabemos que detr\u00e1s de esas decisiones podr\u00edan haber existido pagos millonarios y tr\u00e1fico de influencias. \u00bfSab\u00eda algo el actual vicepresidente de la Ciudad? \u00bfSe benefici\u00f3 pol\u00edticamente de un modelo dise\u00f1ado en la sombra?\u201d, ha preguntado.<\/p>\n\n\n\n<p>Asimismo, los socialistas melillenses han vuelto a exigir la \u201cm\u00e1xima transparencia\u201d al Gobierno de Imbroda sobre este asunto. Por ello, desde el PSOE han solicitado nuevamente a la Ciudad Aut\u00f3noma que publique toda la documentaci\u00f3n oficial relacionada con el modelo fiscal del juego online desde 2017, incluyendo agendas institucionales, reuniones empresariales, viajes y comunicaciones con el Ministerio de Hacienda y el Gobierno central.<\/p>\n\n\n\n<p>Robles ha denunciado que el Gobierno local sigue sin pronunciarse sobre los asuntos que se trataron durante la visita a Melilla de Rafael Catal\u00e1, exministro de Justicia del PP e intermediario de Codere, que tuvo lugar en 2018. \u201cNo puede ser que mientras los tribunales avanzan, el Gobierno del PP en Melilla siga en silencio absoluto. Es indignante\u201d, ha dicho. &nbsp;<\/p>\n\n\n\n<p>Llegado a este punto, el portavoz del PSOE tambi\u00e9n ha alertado sobre las consecuencias econ\u00f3micas para nuestra ciudad que este esc\u00e1ndalo podr\u00eda acarrear: \u201c\u00bfQu\u00e9 ocurrir\u00e1 con las bonificaciones fiscales si se confirma que fueron obtenidas bajo presiones o pagos irregulares? \u00bfPodr\u00edan las empresas verse obligadas a devolver ayudas o incluso abandonar la ciudad?\u201d.<\/p>\n\n\n\n<p>De esta manera, ha acusado al PP de Melilla que contin\u00fae \u201cescondido\u201d y no se atrevan a hacer ninguna declaraci\u00f3n sobre \u201cuno de los mayores esc\u00e1ndalos de corrupci\u00f3n de la democracia\u201d. \u201cInsistimos: su silencio prolongado no hace m\u00e1s que alimentar nuestras sospechas. \u00bfTienen algo que ocultar?\u201d, ha concluido.&nbsp;<\/p>\n","protected":false},"excerpt":{"rendered":"<p>Robles exige \u201cm\u00e1xima transparencia\u201d al Gobierno de Imbroda sobre el r\u00e9gimen fiscal del juego online en Melilla y advierte de las posibles consecuencias econ\u00f3micas de este esc\u00e1ndalo El portavoz del PSOE en Melilla, Rafael Robles, ha insistido en que el Gobierno local debe explicaciones a la ciudadan\u00eda tras conocerse las implicaciones de la empresa Codere &#8230;<\/p>\n","protected":false},"author":187,"featured_media":2053,"comment_status":"open","ping_status":"open","sticky":false,"template":"","format":"standard","meta":{"_jetpack_memberships_contains_paid_content":false,"footnotes":""},"categories":[1],"tags":[],"class_list":["post-2052","post","type-post","status-publish","format-standard","has-post-thumbnail","hentry","category-sin-categoria"],"yoast_head":"<!-- This site is optimized with the Yoast SEO plugin v24.0 - https:\/\/yoast.com\/wordpress\/plugins\/seo\/ -->\n<title>El PSOE critica el silencio del PP ante el esc\u00e1ndalo de Codere y el caso Montoro - Agrupaci\u00f3n Socialista de Melilla<\/title>\n<meta name=\"robots\" content=\"index, follow, max-snippet:-1, max-image-preview:large, max-video-preview:-1\" \/>\n<link rel=\"canonical\" href=\"https:\/\/agrupacionespsoe.es\/melilla\/el-psoe-critica-el-silencio-del-pp-ante-el-escandalo-de-codere-y-el-caso-montoro\/\" \/>\n<meta property=\"og:locale\" content=\"es_ES\" \/>\n<meta property=\"og:type\" content=\"article\" \/>\n<meta property=\"og:title\" content=\"El PSOE critica el silencio del PP ante el esc\u00e1ndalo de Codere y el caso Montoro - Agrupaci\u00f3n Socialista de Melilla\" \/>\n<meta property=\"og:description\" content=\"Robles exige \u201cm\u00e1xima transparencia\u201d al Gobierno de Imbroda sobre el r\u00e9gimen fiscal del juego online en Melilla y advierte de las posibles consecuencias econ\u00f3micas de este esc\u00e1ndalo El portavoz del PSOE en Melilla, Rafael Robles, ha insistido en que el Gobierno local debe explicaciones a la ciudadan\u00eda tras conocerse las implicaciones de la empresa Codere ...\" \/>\n<meta property=\"og:url\" content=\"https:\/\/agrupacionespsoe.es\/melilla\/el-psoe-critica-el-silencio-del-pp-ante-el-escandalo-de-codere-y-el-caso-montoro\/\" \/>\n<meta property=\"og:site_name\" content=\"Agrupaci\u00f3n Socialista de Melilla\" \/>\n<meta property=\"article:published_time\" content=\"2025-07-31T11:46:46+00:00\" \/>\n<meta property=\"article:modified_time\" content=\"2025-07-31T11:46:48+00:00\" \/>\n<meta property=\"og:image\" content=\"https:\/\/agrupacionespsoe.es\/melilla\/wp-content\/uploads\/sites\/120\/2025\/07\/2025-07-31-RRobles-scaled.jpg\" \/>\n\t<meta property=\"og:image:width\" content=\"2560\" \/>\n\t<meta property=\"og:image:height\" content=\"1707\" \/>\n\t<meta property=\"og:image:type\" content=\"image\/jpeg\" \/>\n<meta name=\"author\" content=\"melilla2\" \/>\n<meta name=\"twitter:card\" content=\"summary_large_image\" \/>\n<meta name=\"twitter:label1\" content=\"Escrito por\" \/>\n\t<meta name=\"twitter:data1\" content=\"melilla2\" \/>\n\t<meta name=\"twitter:label2\" content=\"Tiempo de lectura\" \/>\n\t<meta name=\"twitter:data2\" content=\"3 minutos\" \/>\n<script type=\"application\/ld+json\" class=\"yoast-schema-graph\">{\"@context\":\"https:\/\/schema.org\",\"@graph\":[{\"@type\":\"Article\",\"@id\":\"https:\/\/agrupacionespsoe.es\/melilla\/el-psoe-critica-el-silencio-del-pp-ante-el-escandalo-de-codere-y-el-caso-montoro\/#article\",\"isPartOf\":{\"@id\":\"https:\/\/agrupacionespsoe.es\/melilla\/el-psoe-critica-el-silencio-del-pp-ante-el-escandalo-de-codere-y-el-caso-montoro\/\"},\"author\":{\"name\":\"melilla2\",\"@id\":\"https:\/\/agrupacionespsoe.es\/melilla\/#\/schema\/person\/72bb3075a827d0ed0623682b96c92bd6\"},\"headline\":\"El PSOE critica el silencio del PP ante el esc\u00e1ndalo de Codere y el caso Montoro\",\"datePublished\":\"2025-07-31T11:46:46+00:00\",\"dateModified\":\"2025-07-31T11:46:48+00:00\",\"mainEntityOfPage\":{\"@id\":\"https:\/\/agrupacionespsoe.es\/melilla\/el-psoe-critica-el-silencio-del-pp-ante-el-escandalo-de-codere-y-el-caso-montoro\/\"},\"wordCount\":487,\"commentCount\":0,\"publisher\":{\"@id\":\"https:\/\/agrupacionespsoe.es\/melilla\/#organization\"},\"image\":{\"@id\":\"https:\/\/agrupacionespsoe.es\/melilla\/el-psoe-critica-el-silencio-del-pp-ante-el-escandalo-de-codere-y-el-caso-montoro\/#primaryimage\"},\"thumbnailUrl\":\"https:\/\/agrupacionespsoe.es\/melilla\/wp-content\/uploads\/sites\/120\/2025\/07\/2025-07-31-RRobles-scaled.jpg\",\"inLanguage\":\"es\",\"potentialAction\":[{\"@type\":\"CommentAction\",\"name\":\"Comment\",\"target\":[\"https:\/\/agrupacionespsoe.es\/melilla\/el-psoe-critica-el-silencio-del-pp-ante-el-escandalo-de-codere-y-el-caso-montoro\/#respond\"]}]},{\"@type\":\"WebPage\",\"@id\":\"https:\/\/agrupacionespsoe.es\/melilla\/el-psoe-critica-el-silencio-del-pp-ante-el-escandalo-de-codere-y-el-caso-montoro\/\",\"url\":\"https:\/\/agrupacionespsoe.es\/melilla\/el-psoe-critica-el-silencio-del-pp-ante-el-escandalo-de-codere-y-el-caso-montoro\/\",\"name\":\"El PSOE critica el silencio del PP ante el esc\u00e1ndalo de Codere y el caso Montoro - Agrupaci\u00f3n Socialista de Melilla\",\"isPartOf\":{\"@id\":\"https:\/\/agrupacionespsoe.es\/melilla\/#website\"},\"primaryImageOfPage\":{\"@id\":\"https:\/\/agrupacionespsoe.es\/melilla\/el-psoe-critica-el-silencio-del-pp-ante-el-escandalo-de-codere-y-el-caso-montoro\/#primaryimage\"},\"image\":{\"@id\":\"https:\/\/agrupacionespsoe.es\/melilla\/el-psoe-critica-el-silencio-del-pp-ante-el-escandalo-de-codere-y-el-caso-montoro\/#primaryimage\"},\"thumbnailUrl\":\"https:\/\/agrupacionespsoe.es\/melilla\/wp-content\/uploads\/sites\/120\/2025\/07\/2025-07-31-RRobles-scaled.jpg\",\"datePublished\":\"2025-07-31T11:46:46+00:00\",\"dateModified\":\"2025-07-31T11:46:48+00:00\",\"breadcrumb\":{\"@id\":\"https:\/\/agrupacionespsoe.es\/melilla\/el-psoe-critica-el-silencio-del-pp-ante-el-escandalo-de-codere-y-el-caso-montoro\/#breadcrumb\"},\"inLanguage\":\"es\",\"potentialAction\":[{\"@type\":\"ReadAction\",\"target\":[\"https:\/\/agrupacionespsoe.es\/melilla\/el-psoe-critica-el-silencio-del-pp-ante-el-escandalo-de-codere-y-el-caso-montoro\/\"]}]},{\"@type\":\"ImageObject\",\"inLanguage\":\"es\",\"@id\":\"https:\/\/agrupacionespsoe.es\/melilla\/el-psoe-critica-el-silencio-del-pp-ante-el-escandalo-de-codere-y-el-caso-montoro\/#primaryimage\",\"url\":\"https:\/\/agrupacionespsoe.es\/melilla\/wp-content\/uploads\/sites\/120\/2025\/07\/2025-07-31-RRobles-scaled.jpg\",\"contentUrl\":\"https:\/\/agrupacionespsoe.es\/melilla\/wp-content\/uploads\/sites\/120\/2025\/07\/2025-07-31-RRobles-scaled.jpg\",\"width\":2560,\"height\":1707},{\"@type\":\"BreadcrumbList\",\"@id\":\"https:\/\/agrupacionespsoe.es\/melilla\/el-psoe-critica-el-silencio-del-pp-ante-el-escandalo-de-codere-y-el-caso-montoro\/#breadcrumb\",\"itemListElement\":[{\"@type\":\"ListItem\",\"position\":1,\"name\":\"Portada\",\"item\":\"https:\/\/agrupacionespsoe.es\/melilla\/\"},{\"@type\":\"ListItem\",\"position\":2,\"name\":\"El PSOE critica el silencio del PP ante el esc\u00e1ndalo de Codere y el caso Montoro\"}]},{\"@type\":\"WebSite\",\"@id\":\"https:\/\/agrupacionespsoe.es\/melilla\/#website\",\"url\":\"https:\/\/agrupacionespsoe.es\/melilla\/\",\"name\":\"Agrupaci\u00f3n Socialista de Melilla\",\"description\":\"Agrupaci\u00f3n Socialista de Melilla\",\"publisher\":{\"@id\":\"https:\/\/agrupacionespsoe.es\/melilla\/#organization\"},\"potentialAction\":[{\"@type\":\"SearchAction\",\"target\":{\"@type\":\"EntryPoint\",\"urlTemplate\":\"https:\/\/agrupacionespsoe.es\/melilla\/?s={search_term_string}\"},\"query-input\":{\"@type\":\"PropertyValueSpecification\",\"valueRequired\":true,\"valueName\":\"search_term_string\"}}],\"inLanguage\":\"es\"},{\"@type\":\"Organization\",\"@id\":\"https:\/\/agrupacionespsoe.es\/melilla\/#organization\",\"name\":\"Agrupaci\u00f3n Socialista de Melilla\",\"url\":\"https:\/\/agrupacionespsoe.es\/melilla\/\",\"logo\":{\"@type\":\"ImageObject\",\"inLanguage\":\"es\",\"@id\":\"https:\/\/agrupacionespsoe.es\/melilla\/#\/schema\/logo\/image\/\",\"url\":\"https:\/\/agrupacionespsoe.es\/wp-content\/uploads\/2022\/07\/Logotipo_electoral_del_PSOE.png\",\"contentUrl\":\"https:\/\/agrupacionespsoe.es\/wp-content\/uploads\/2022\/07\/Logotipo_electoral_del_PSOE.png\",\"width\":422,\"height\":422,\"caption\":\"Agrupaci\u00f3n Socialista de Melilla\"},\"image\":{\"@id\":\"https:\/\/agrupacionespsoe.es\/melilla\/#\/schema\/logo\/image\/\"}},{\"@type\":\"Person\",\"@id\":\"https:\/\/agrupacionespsoe.es\/melilla\/#\/schema\/person\/72bb3075a827d0ed0623682b96c92bd6\",\"name\":\"melilla2\",\"image\":{\"@type\":\"ImageObject\",\"inLanguage\":\"es\",\"@id\":\"https:\/\/agrupacionespsoe.es\/melilla\/#\/schema\/person\/image\/\",\"url\":\"https:\/\/secure.gravatar.com\/avatar\/489a178e794e59f00db13a448aabca16?s=96&d=mm&r=g\",\"contentUrl\":\"https:\/\/secure.gravatar.com\/avatar\/489a178e794e59f00db13a448aabca16?s=96&d=mm&r=g\",\"caption\":\"melilla2\"},\"url\":\"https:\/\/agrupacionespsoe.es\/melilla\/author\/melilla2\/\"}]}<\/script>\n<!-- \/ Yoast SEO plugin. -->","yoast_head_json":{"title":"El PSOE critica el silencio del PP ante el esc\u00e1ndalo de Codere y el caso Montoro - Agrupaci\u00f3n Socialista de Melilla","robots":{"index":"index","follow":"follow","max-snippet":"max-snippet:-1","max-image-preview":"max-image-preview:large","max-video-preview":"max-video-preview:-1"},"canonical":"https:\/\/agrupacionespsoe.es\/melilla\/el-psoe-critica-el-silencio-del-pp-ante-el-escandalo-de-codere-y-el-caso-montoro\/","og_locale":"es_ES","og_type":"article","og_title":"El PSOE critica el silencio del PP ante el esc\u00e1ndalo de Codere y el caso Montoro - Agrupaci\u00f3n Socialista de Melilla","og_description":"Robles exige \u201cm\u00e1xima transparencia\u201d al Gobierno de Imbroda sobre el r\u00e9gimen fiscal del juego online en Melilla y advierte de las posibles consecuencias econ\u00f3micas de este esc\u00e1ndalo El portavoz del PSOE en Melilla, Rafael Robles, ha insistido en que el Gobierno local debe explicaciones a la ciudadan\u00eda tras conocerse las implicaciones de la empresa Codere ...","og_url":"https:\/\/agrupacionespsoe.es\/melilla\/el-psoe-critica-el-silencio-del-pp-ante-el-escandalo-de-codere-y-el-caso-montoro\/","og_site_name":"Agrupaci\u00f3n Socialista de Melilla","article_published_time":"2025-07-31T11:46:46+00:00","article_modified_time":"2025-07-31T11:46:48+00:00","og_image":[{"width":2560,"height":1707,"url":"https:\/\/agrupacionespsoe.es\/melilla\/wp-content\/uploads\/sites\/120\/2025\/07\/2025-07-31-RRobles-scaled.jpg","type":"image\/jpeg"}],"author":"melilla2","twitter_card":"summary_large_image","twitter_misc":{"Escrito por":"melilla2","Tiempo de lectura":"3 minutos"},"schema":{"@context":"https:\/\/schema.org","@graph":[{"@type":"Article","@id":"https:\/\/agrupacionespsoe.es\/melilla\/el-psoe-critica-el-silencio-del-pp-ante-el-escandalo-de-codere-y-el-caso-montoro\/#article","isPartOf":{"@id":"https:\/\/agrupacionespsoe.es\/melilla\/el-psoe-critica-el-silencio-del-pp-ante-el-escandalo-de-codere-y-el-caso-montoro\/"},"author":{"name":"melilla2","@id":"https:\/\/agrupacionespsoe.es\/melilla\/#\/schema\/person\/72bb3075a827d0ed0623682b96c92bd6"},"headline":"El PSOE critica el silencio del PP ante el esc\u00e1ndalo de Codere y el caso Montoro","datePublished":"2025-07-31T11:46:46+00:00","dateModified":"2025-07-31T11:46:48+00:00","mainEntityOfPage":{"@id":"https:\/\/agrupacionespsoe.es\/melilla\/el-psoe-critica-el-silencio-del-pp-ante-el-escandalo-de-codere-y-el-caso-montoro\/"},"wordCount":487,"commentCount":0,"publisher":{"@id":"https:\/\/agrupacionespsoe.es\/melilla\/#organization"},"image":{"@id":"https:\/\/agrupacionespsoe.es\/melilla\/el-psoe-critica-el-silencio-del-pp-ante-el-escandalo-de-codere-y-el-caso-montoro\/#primaryimage"},"thumbnailUrl":"https:\/\/agrupacionespsoe.es\/melilla\/wp-content\/uploads\/sites\/120\/2025\/07\/2025-07-31-RRobles-scaled.jpg","inLanguage":"es","potentialAction":[{"@type":"CommentAction","name":"Comment","target":["https:\/\/agrupacionespsoe.es\/melilla\/el-psoe-critica-el-silencio-del-pp-ante-el-escandalo-de-codere-y-el-caso-montoro\/#respond"]}]},{"@type":"WebPage","@id":"https:\/\/agrupacionespsoe.es\/melilla\/el-psoe-critica-el-silencio-del-pp-ante-el-escandalo-de-codere-y-el-caso-montoro\/","url":"https:\/\/agrupacionespsoe.es\/melilla\/el-psoe-critica-el-silencio-del-pp-ante-el-escandalo-de-codere-y-el-caso-montoro\/","name":"El PSOE critica el silencio del PP ante el esc\u00e1ndalo de Codere y el caso Montoro - Agrupaci\u00f3n Socialista de Melilla","isPartOf":{"@id":"https:\/\/agrupacionespsoe.es\/melilla\/#website"},"primaryImageOfPage":{"@id":"https:\/\/agrupacionespsoe.es\/melilla\/el-psoe-critica-el-silencio-del-pp-ante-el-escandalo-de-codere-y-el-caso-montoro\/#primaryimage"},"image":{"@id":"https:\/\/agrupacionespsoe.es\/melilla\/el-psoe-critica-el-silencio-del-pp-ante-el-escandalo-de-codere-y-el-caso-montoro\/#primaryimage"},"thumbnailUrl":"https:\/\/agrupacionespsoe.es\/melilla\/wp-content\/uploads\/sites\/120\/2025\/07\/2025-07-31-RRobles-scaled.jpg","datePublished":"2025-07-31T11:46:46+00:00","dateModified":"2025-07-31T11:46:48+00:00","breadcrumb":{"@id":"https:\/\/agrupacionespsoe.es\/melilla\/el-psoe-critica-el-silencio-del-pp-ante-el-escandalo-de-codere-y-el-caso-montoro\/#breadcrumb"},"inLanguage":"es","potentialAction":[{"@type":"ReadAction","target":["https:\/\/agrupacionespsoe.es\/melilla\/el-psoe-critica-el-silencio-del-pp-ante-el-escandalo-de-codere-y-el-caso-montoro\/"]}]},{"@type":"ImageObject","inLanguage":"es","@id":"https:\/\/agrupacionespsoe.es\/melilla\/el-psoe-critica-el-silencio-del-pp-ante-el-escandalo-de-codere-y-el-caso-montoro\/#primaryimage","url":"https:\/\/agrupacionespsoe.es\/melilla\/wp-content\/uploads\/sites\/120\/2025\/07\/2025-07-31-RRobles-scaled.jpg","contentUrl":"https:\/\/agrupacionespsoe.es\/melilla\/wp-content\/uploads\/sites\/120\/2025\/07\/2025-07-31-RRobles-scaled.jpg","width":2560,"height":1707},{"@type":"BreadcrumbList","@id":"https:\/\/agrupacionespsoe.es\/melilla\/el-psoe-critica-el-silencio-del-pp-ante-el-escandalo-de-codere-y-el-caso-montoro\/#breadcrumb","itemListElement":[{"@type":"ListItem","position":1,"name":"Portada","item":"https:\/\/agrupacionespsoe.es\/melilla\/"},{"@type":"ListItem","position":2,"name":"El PSOE critica el silencio del PP ante el esc\u00e1ndalo de Codere y el caso Montoro"}]},{"@type":"WebSite","@id":"https:\/\/agrupacionespsoe.es\/melilla\/#website","url":"https:\/\/agrupacionespsoe.es\/melilla\/","name":"Agrupaci\u00f3n Socialista de Melilla","description":"Agrupaci\u00f3n Socialista de Melilla","publisher":{"@id":"https:\/\/agrupacionespsoe.es\/melilla\/#organization"},"potentialAction":[{"@type":"SearchAction","target":{"@type":"EntryPoint","urlTemplate":"https:\/\/agrupacionespsoe.es\/melilla\/?s={search_term_string}"},"query-input":{"@type":"PropertyValueSpecification","valueRequired":true,"valueName":"search_term_string"}}],"inLanguage":"es"},{"@type":"Organization","@id":"https:\/\/agrupacionespsoe.es\/melilla\/#organization","name":"Agrupaci\u00f3n Socialista de Melilla","url":"https:\/\/agrupacionespsoe.es\/melilla\/","logo":{"@type":"ImageObject","inLanguage":"es","@id":"https:\/\/agrupacionespsoe.es\/melilla\/#\/schema\/logo\/image\/","url":"https:\/\/agrupacionespsoe.es\/wp-content\/uploads\/2022\/07\/Logotipo_electoral_del_PSOE.png","contentUrl":"https:\/\/agrupacionespsoe.es\/wp-content\/uploads\/2022\/07\/Logotipo_electoral_del_PSOE.png","width":422,"height":422,"caption":"Agrupaci\u00f3n Socialista de Melilla"},"image":{"@id":"https:\/\/agrupacionespsoe.es\/melilla\/#\/schema\/logo\/image\/"}},{"@type":"Person","@id":"https:\/\/agrupacionespsoe.es\/melilla\/#\/schema\/person\/72bb3075a827d0ed0623682b96c92bd6","name":"melilla2","image":{"@type":"ImageObject","inLanguage":"es","@id":"https:\/\/agrupacionespsoe.es\/melilla\/#\/schema\/person\/image\/","url":"https:\/\/secure.gravatar.com\/avatar\/489a178e794e59f00db13a448aabca16?s=96&d=mm&r=g","contentUrl":"https:\/\/secure.gravatar.com\/avatar\/489a178e794e59f00db13a448aabca16?s=96&d=mm&r=g","caption":"melilla2"},"url":"https:\/\/agrupacionespsoe.es\/melilla\/author\/melilla2\/"}]}},"jetpack_featured_media_url":"https:\/\/agrupacionespsoe.es\/melilla\/wp-content\/uploads\/sites\/120\/2025\/07\/2025-07-31-RRobles-scaled.jpg","jetpack_sharing_enabled":true,"_links":{"self":[{"href":"https:\/\/agrupacionespsoe.es\/melilla\/wp-json\/wp\/v2\/posts\/2052","targetHints":{"allow":["GET"]}}],"collection":[{"href":"https:\/\/agrupacionespsoe.es\/melilla\/wp-json\/wp\/v2\/posts"}],"about":[{"href":"https:\/\/agrupacionespsoe.es\/melilla\/wp-json\/wp\/v2\/types\/post"}],"author":[{"embeddable":true,"href":"https:\/\/agrupacionespsoe.es\/melilla\/wp-json\/wp\/v2\/users\/187"}],"replies":[{"embeddable":true,"href":"https:\/\/agrupacionespsoe.es\/melilla\/wp-json\/wp\/v2\/comments?post=2052"}],"version-history":[{"count":1,"href":"https:\/\/agrupacionespsoe.es\/melilla\/wp-json\/wp\/v2\/posts\/2052\/revisions"}],"predecessor-version":[{"id":2054,"href":"https:\/\/agrupacionespsoe.es\/melilla\/wp-json\/wp\/v2\/posts\/2052\/revisions\/2054"}],"wp:featuredmedia":[{"embeddable":true,"href":"https:\/\/agrupacionespsoe.es\/melilla\/wp-json\/wp\/v2\/media\/2053"}],"wp:attachment":[{"href":"https:\/\/agrupacionespsoe.es\/melilla\/wp-json\/wp\/v2\/media?parent=2052"}],"wp:term":[{"taxonomy":"category","embeddable":true,"href":"https:\/\/agrupacionespsoe.es\/melilla\/wp-json\/wp\/v2\/categories?post=2052"},{"taxonomy":"post_tag","embeddable":true,"href":"https:\/\/agrupacionespsoe.es\/melilla\/wp-json\/wp\/v2\/tags?post=2052"}],"curies":[{"name":"wp","href":"https:\/\/api.w.org\/{rel}","templated":true}]}}