{"id":2015,"date":"2025-07-16T19:02:53","date_gmt":"2025-07-16T19:02:53","guid":{"rendered":"https:\/\/agrupacionespsoe.es\/melilla\/?p=2015"},"modified":"2025-07-16T19:02:55","modified_gmt":"2025-07-16T19:02:55","slug":"el-psoe-celebra-que-mas-de-1-100-jovenes-en-melilla-se-beneficien-del-bono-cultural-joven","status":"publish","type":"post","link":"https:\/\/agrupacionespsoe.es\/melilla\/el-psoe-celebra-que-mas-de-1-100-jovenes-en-melilla-se-beneficien-del-bono-cultural-joven\/","title":{"rendered":"El PSOE celebra que m\u00e1s de 1.100 j\u00f3venes en Melilla se beneficien del Bono Cultural Joven"},"content":{"rendered":"\n<p><strong>Riduan Moh destaca el valor y \u00e9xito del programa, que cosecha m\u00e1s de 930.000 beneficiarios en toda Espa\u00f1a desde que comenz\u00f3 en 2022<\/strong><\/p>\n\n\n\n<p>El PSOE de Melilla ha destacado la apuesta del Ministerio de Cultura con el Bono Cultural Joven, del que se podr\u00e1n beneficiar m\u00e1s de 1.100 j\u00f3venes melillenses este a\u00f1o. Riduan Moh, diputado del Grupo Municipal Socialista, ha celebrado la iniciativa, haciendo hincapi\u00e9 en la importancia del sector cultural en nuestra sociedad y el \u00e9xito del programa desde que comenz\u00f3.<\/p>\n\n\n\n<p>Moh ha destacado que esta cuarta edici\u00f3n, puesta en marcha por el Ministerio de Cultura en 2022, demuestra nuevamente que \u201cla cultura no debe ser un privilegio, sino un derecho accesible a toda la ciudadan\u00eda\u201d.&nbsp;<\/p>\n\n\n\n<p>Y este a\u00f1o, concretamente, son m\u00e1s de 1.100 j\u00f3venes melillenses los que podr\u00e1n beneficiarse de esta herramienta para acceder a la cultura. \u201cPorque cuando un joven lee, va al teatro, escucha m\u00fasica o descubre el cine, no solo se entretiene, tambi\u00e9n crece como persona y como ciudadano\u201d, ha se\u00f1alado.<\/p>\n\n\n\n<p>En ese sentido, el socialista ha recordado que el Bono Cultural Joven es una oportunidad para que los m\u00e1s j\u00f3venes consuman productos culturales f\u00edsicos y digitales (libros, e-books, vinilos, discos, suscripciones a plataformas digitales\u2026), pero tambi\u00e9n disfruten de experiencias culturales (conciertos, danza, exposiciones, museo, teatro, cine\u2026). \u201cEs una inversi\u00f3n que va m\u00e1s all\u00e1 de lo econ\u00f3mico\u201d.<\/p>\n\n\n\n<p>En concreto, el programa concede a los j\u00f3venes que lo soliciten (antes del 31 de octubre) una ayuda individual de 400 euros para utilizar durante un a\u00f1o y consumir cultura en m\u00faltiples plataformas con el fin de fomentar h\u00e1bitos culturales en los m\u00e1s j\u00f3venes.<\/p>\n\n\n\n<p>Asimismo, ha subrayado que actualmente son m\u00e1s de 3.700 empresas las que se han adherido al Bono Cultural Joven. \u201cEste programa no es solo una puerta de entrada para el p\u00fablico joven, sino tambi\u00e9n una inyecci\u00f3n de recursos para un sector cultural que necesita nuestro respaldo\u201d.<\/p>\n\n\n\n<p>Por otro lado, desde el PSOE han valorado positivamente el \u00e9xito que el programa lleva cosechando desde que se puso en marcha: \u201cEl \u00e9xito del Bono Cultural Joven tambi\u00e9n se mide en cifras. Y es que, desde 2022, se han beneficiado 930.000 j\u00f3venes de toda Espa\u00f1a\u201d.<\/p>\n\n\n\n<p>El aumento progresivo de los j\u00f3venes que se adhieren al programa demuestra el inter\u00e9s real de la juventud por participar en la vida cultural. \u201cHablamos de m\u00e1s 1.100 j\u00f3venes melillenses que hoy est\u00e1n construyendo su identidad y buscando espacios de expresi\u00f3n. M\u00e1s de 1.100 j\u00f3venes melillenses que tienen la oportunidad de formar parte del mundo cultural y contribuir en el sector\u201d, ha concluido.<\/p>\n","protected":false},"excerpt":{"rendered":"<p>Riduan Moh destaca el valor y \u00e9xito del programa, que cosecha m\u00e1s de 930.000 beneficiarios en toda Espa\u00f1a desde que comenz\u00f3 en 2022 El PSOE de Melilla ha destacado la apuesta del Ministerio de Cultura con el Bono Cultural Joven, del que se podr\u00e1n beneficiar m\u00e1s de 1.100 j\u00f3venes melillenses este a\u00f1o. Riduan Moh, diputado &#8230;<\/p>\n","protected":false},"author":187,"featured_media":1978,"comment_status":"open","ping_status":"open","sticky":false,"template":"","format":"standard","meta":{"_jetpack_memberships_contains_paid_content":false,"footnotes":""},"categories":[1],"tags":[],"class_list":["post-2015","post","type-post","status-publish","format-standard","has-post-thumbnail","hentry","category-sin-categoria"],"yoast_head":"<!-- This site is optimized with the Yoast SEO plugin v24.0 - https:\/\/yoast.com\/wordpress\/plugins\/seo\/ -->\n<title>El PSOE celebra que m\u00e1s de 1.100 j\u00f3venes en Melilla se beneficien del Bono Cultural Joven - Agrupaci\u00f3n Socialista de Melilla<\/title>\n<meta name=\"robots\" content=\"index, follow, max-snippet:-1, max-image-preview:large, max-video-preview:-1\" \/>\n<link rel=\"canonical\" href=\"https:\/\/agrupacionespsoe.es\/melilla\/el-psoe-celebra-que-mas-de-1-100-jovenes-en-melilla-se-beneficien-del-bono-cultural-joven\/\" \/>\n<meta property=\"og:locale\" content=\"es_ES\" \/>\n<meta property=\"og:type\" content=\"article\" \/>\n<meta property=\"og:title\" content=\"El PSOE celebra que m\u00e1s de 1.100 j\u00f3venes en Melilla se beneficien del Bono Cultural Joven - Agrupaci\u00f3n Socialista de Melilla\" \/>\n<meta property=\"og:description\" content=\"Riduan Moh destaca el valor y \u00e9xito del programa, que cosecha m\u00e1s de 930.000 beneficiarios en toda Espa\u00f1a desde que comenz\u00f3 en 2022 El PSOE de Melilla ha destacado la apuesta del Ministerio de Cultura con el Bono Cultural Joven, del que se podr\u00e1n beneficiar m\u00e1s de 1.100 j\u00f3venes melillenses este a\u00f1o. Riduan Moh, diputado ...\" \/>\n<meta property=\"og:url\" content=\"https:\/\/agrupacionespsoe.es\/melilla\/el-psoe-celebra-que-mas-de-1-100-jovenes-en-melilla-se-beneficien-del-bono-cultural-joven\/\" \/>\n<meta property=\"og:site_name\" content=\"Agrupaci\u00f3n Socialista de Melilla\" \/>\n<meta property=\"article:published_time\" content=\"2025-07-16T19:02:53+00:00\" \/>\n<meta property=\"article:modified_time\" content=\"2025-07-16T19:02:55+00:00\" \/>\n<meta property=\"og:image\" content=\"https:\/\/agrupacionespsoe.es\/melilla\/wp-content\/uploads\/sites\/120\/2025\/07\/RMoh_03Julio-scaled.jpg\" \/>\n\t<meta property=\"og:image:width\" content=\"2560\" \/>\n\t<meta property=\"og:image:height\" content=\"1673\" \/>\n\t<meta property=\"og:image:type\" content=\"image\/jpeg\" \/>\n<meta name=\"author\" content=\"melilla2\" \/>\n<meta name=\"twitter:card\" content=\"summary_large_image\" \/>\n<meta name=\"twitter:label1\" content=\"Escrito por\" \/>\n\t<meta name=\"twitter:data1\" content=\"melilla2\" \/>\n\t<meta name=\"twitter:label2\" content=\"Tiempo de lectura\" \/>\n\t<meta name=\"twitter:data2\" content=\"3 minutos\" \/>\n<script type=\"application\/ld+json\" class=\"yoast-schema-graph\">{\"@context\":\"https:\/\/schema.org\",\"@graph\":[{\"@type\":\"Article\",\"@id\":\"https:\/\/agrupacionespsoe.es\/melilla\/el-psoe-celebra-que-mas-de-1-100-jovenes-en-melilla-se-beneficien-del-bono-cultural-joven\/#article\",\"isPartOf\":{\"@id\":\"https:\/\/agrupacionespsoe.es\/melilla\/el-psoe-celebra-que-mas-de-1-100-jovenes-en-melilla-se-beneficien-del-bono-cultural-joven\/\"},\"author\":{\"name\":\"melilla2\",\"@id\":\"https:\/\/agrupacionespsoe.es\/melilla\/#\/schema\/person\/72bb3075a827d0ed0623682b96c92bd6\"},\"headline\":\"El PSOE celebra que m\u00e1s de 1.100 j\u00f3venes en Melilla se beneficien del Bono Cultural Joven\",\"datePublished\":\"2025-07-16T19:02:53+00:00\",\"dateModified\":\"2025-07-16T19:02:55+00:00\",\"mainEntityOfPage\":{\"@id\":\"https:\/\/agrupacionespsoe.es\/melilla\/el-psoe-celebra-que-mas-de-1-100-jovenes-en-melilla-se-beneficien-del-bono-cultural-joven\/\"},\"wordCount\":470,\"commentCount\":0,\"publisher\":{\"@id\":\"https:\/\/agrupacionespsoe.es\/melilla\/#organization\"},\"image\":{\"@id\":\"https:\/\/agrupacionespsoe.es\/melilla\/el-psoe-celebra-que-mas-de-1-100-jovenes-en-melilla-se-beneficien-del-bono-cultural-joven\/#primaryimage\"},\"thumbnailUrl\":\"https:\/\/agrupacionespsoe.es\/melilla\/wp-content\/uploads\/sites\/120\/2025\/07\/RMoh_03Julio-scaled.jpg\",\"inLanguage\":\"es\",\"potentialAction\":[{\"@type\":\"CommentAction\",\"name\":\"Comment\",\"target\":[\"https:\/\/agrupacionespsoe.es\/melilla\/el-psoe-celebra-que-mas-de-1-100-jovenes-en-melilla-se-beneficien-del-bono-cultural-joven\/#respond\"]}]},{\"@type\":\"WebPage\",\"@id\":\"https:\/\/agrupacionespsoe.es\/melilla\/el-psoe-celebra-que-mas-de-1-100-jovenes-en-melilla-se-beneficien-del-bono-cultural-joven\/\",\"url\":\"https:\/\/agrupacionespsoe.es\/melilla\/el-psoe-celebra-que-mas-de-1-100-jovenes-en-melilla-se-beneficien-del-bono-cultural-joven\/\",\"name\":\"El PSOE celebra que m\u00e1s de 1.100 j\u00f3venes en Melilla se beneficien del Bono Cultural Joven - Agrupaci\u00f3n Socialista de Melilla\",\"isPartOf\":{\"@id\":\"https:\/\/agrupacionespsoe.es\/melilla\/#website\"},\"primaryImageOfPage\":{\"@id\":\"https:\/\/agrupacionespsoe.es\/melilla\/el-psoe-celebra-que-mas-de-1-100-jovenes-en-melilla-se-beneficien-del-bono-cultural-joven\/#primaryimage\"},\"image\":{\"@id\":\"https:\/\/agrupacionespsoe.es\/melilla\/el-psoe-celebra-que-mas-de-1-100-jovenes-en-melilla-se-beneficien-del-bono-cultural-joven\/#primaryimage\"},\"thumbnailUrl\":\"https:\/\/agrupacionespsoe.es\/melilla\/wp-content\/uploads\/sites\/120\/2025\/07\/RMoh_03Julio-scaled.jpg\",\"datePublished\":\"2025-07-16T19:02:53+00:00\",\"dateModified\":\"2025-07-16T19:02:55+00:00\",\"breadcrumb\":{\"@id\":\"https:\/\/agrupacionespsoe.es\/melilla\/el-psoe-celebra-que-mas-de-1-100-jovenes-en-melilla-se-beneficien-del-bono-cultural-joven\/#breadcrumb\"},\"inLanguage\":\"es\",\"potentialAction\":[{\"@type\":\"ReadAction\",\"target\":[\"https:\/\/agrupacionespsoe.es\/melilla\/el-psoe-celebra-que-mas-de-1-100-jovenes-en-melilla-se-beneficien-del-bono-cultural-joven\/\"]}]},{\"@type\":\"ImageObject\",\"inLanguage\":\"es\",\"@id\":\"https:\/\/agrupacionespsoe.es\/melilla\/el-psoe-celebra-que-mas-de-1-100-jovenes-en-melilla-se-beneficien-del-bono-cultural-joven\/#primaryimage\",\"url\":\"https:\/\/agrupacionespsoe.es\/melilla\/wp-content\/uploads\/sites\/120\/2025\/07\/RMoh_03Julio-scaled.jpg\",\"contentUrl\":\"https:\/\/agrupacionespsoe.es\/melilla\/wp-content\/uploads\/sites\/120\/2025\/07\/RMoh_03Julio-scaled.jpg\",\"width\":2560,\"height\":1673},{\"@type\":\"BreadcrumbList\",\"@id\":\"https:\/\/agrupacionespsoe.es\/melilla\/el-psoe-celebra-que-mas-de-1-100-jovenes-en-melilla-se-beneficien-del-bono-cultural-joven\/#breadcrumb\",\"itemListElement\":[{\"@type\":\"ListItem\",\"position\":1,\"name\":\"Portada\",\"item\":\"https:\/\/agrupacionespsoe.es\/melilla\/\"},{\"@type\":\"ListItem\",\"position\":2,\"name\":\"El PSOE celebra que m\u00e1s de 1.100 j\u00f3venes en Melilla se beneficien del Bono Cultural Joven\"}]},{\"@type\":\"WebSite\",\"@id\":\"https:\/\/agrupacionespsoe.es\/melilla\/#website\",\"url\":\"https:\/\/agrupacionespsoe.es\/melilla\/\",\"name\":\"Agrupaci\u00f3n Socialista de Melilla\",\"description\":\"Agrupaci\u00f3n Socialista de Melilla\",\"publisher\":{\"@id\":\"https:\/\/agrupacionespsoe.es\/melilla\/#organization\"},\"potentialAction\":[{\"@type\":\"SearchAction\",\"target\":{\"@type\":\"EntryPoint\",\"urlTemplate\":\"https:\/\/agrupacionespsoe.es\/melilla\/?s={search_term_string}\"},\"query-input\":{\"@type\":\"PropertyValueSpecification\",\"valueRequired\":true,\"valueName\":\"search_term_string\"}}],\"inLanguage\":\"es\"},{\"@type\":\"Organization\",\"@id\":\"https:\/\/agrupacionespsoe.es\/melilla\/#organization\",\"name\":\"Agrupaci\u00f3n Socialista de Melilla\",\"url\":\"https:\/\/agrupacionespsoe.es\/melilla\/\",\"logo\":{\"@type\":\"ImageObject\",\"inLanguage\":\"es\",\"@id\":\"https:\/\/agrupacionespsoe.es\/melilla\/#\/schema\/logo\/image\/\",\"url\":\"https:\/\/agrupacionespsoe.es\/wp-content\/uploads\/2022\/07\/Logotipo_electoral_del_PSOE.png\",\"contentUrl\":\"https:\/\/agrupacionespsoe.es\/wp-content\/uploads\/2022\/07\/Logotipo_electoral_del_PSOE.png\",\"width\":422,\"height\":422,\"caption\":\"Agrupaci\u00f3n Socialista de Melilla\"},\"image\":{\"@id\":\"https:\/\/agrupacionespsoe.es\/melilla\/#\/schema\/logo\/image\/\"}},{\"@type\":\"Person\",\"@id\":\"https:\/\/agrupacionespsoe.es\/melilla\/#\/schema\/person\/72bb3075a827d0ed0623682b96c92bd6\",\"name\":\"melilla2\",\"image\":{\"@type\":\"ImageObject\",\"inLanguage\":\"es\",\"@id\":\"https:\/\/agrupacionespsoe.es\/melilla\/#\/schema\/person\/image\/\",\"url\":\"https:\/\/secure.gravatar.com\/avatar\/489a178e794e59f00db13a448aabca16?s=96&d=mm&r=g\",\"contentUrl\":\"https:\/\/secure.gravatar.com\/avatar\/489a178e794e59f00db13a448aabca16?s=96&d=mm&r=g\",\"caption\":\"melilla2\"},\"url\":\"https:\/\/agrupacionespsoe.es\/melilla\/author\/melilla2\/\"}]}<\/script>\n<!-- \/ Yoast SEO plugin. -->","yoast_head_json":{"title":"El PSOE celebra que m\u00e1s de 1.100 j\u00f3venes en Melilla se beneficien del Bono Cultural Joven - Agrupaci\u00f3n Socialista de Melilla","robots":{"index":"index","follow":"follow","max-snippet":"max-snippet:-1","max-image-preview":"max-image-preview:large","max-video-preview":"max-video-preview:-1"},"canonical":"https:\/\/agrupacionespsoe.es\/melilla\/el-psoe-celebra-que-mas-de-1-100-jovenes-en-melilla-se-beneficien-del-bono-cultural-joven\/","og_locale":"es_ES","og_type":"article","og_title":"El PSOE celebra que m\u00e1s de 1.100 j\u00f3venes en Melilla se beneficien del Bono Cultural Joven - Agrupaci\u00f3n Socialista de Melilla","og_description":"Riduan Moh destaca el valor y \u00e9xito del programa, que cosecha m\u00e1s de 930.000 beneficiarios en toda Espa\u00f1a desde que comenz\u00f3 en 2022 El PSOE de Melilla ha destacado la apuesta del Ministerio de Cultura con el Bono Cultural Joven, del que se podr\u00e1n beneficiar m\u00e1s de 1.100 j\u00f3venes melillenses este a\u00f1o. Riduan Moh, diputado ...","og_url":"https:\/\/agrupacionespsoe.es\/melilla\/el-psoe-celebra-que-mas-de-1-100-jovenes-en-melilla-se-beneficien-del-bono-cultural-joven\/","og_site_name":"Agrupaci\u00f3n Socialista de Melilla","article_published_time":"2025-07-16T19:02:53+00:00","article_modified_time":"2025-07-16T19:02:55+00:00","og_image":[{"width":2560,"height":1673,"url":"https:\/\/agrupacionespsoe.es\/melilla\/wp-content\/uploads\/sites\/120\/2025\/07\/RMoh_03Julio-scaled.jpg","type":"image\/jpeg"}],"author":"melilla2","twitter_card":"summary_large_image","twitter_misc":{"Escrito por":"melilla2","Tiempo de lectura":"3 minutos"},"schema":{"@context":"https:\/\/schema.org","@graph":[{"@type":"Article","@id":"https:\/\/agrupacionespsoe.es\/melilla\/el-psoe-celebra-que-mas-de-1-100-jovenes-en-melilla-se-beneficien-del-bono-cultural-joven\/#article","isPartOf":{"@id":"https:\/\/agrupacionespsoe.es\/melilla\/el-psoe-celebra-que-mas-de-1-100-jovenes-en-melilla-se-beneficien-del-bono-cultural-joven\/"},"author":{"name":"melilla2","@id":"https:\/\/agrupacionespsoe.es\/melilla\/#\/schema\/person\/72bb3075a827d0ed0623682b96c92bd6"},"headline":"El PSOE celebra que m\u00e1s de 1.100 j\u00f3venes en Melilla se beneficien del Bono Cultural Joven","datePublished":"2025-07-16T19:02:53+00:00","dateModified":"2025-07-16T19:02:55+00:00","mainEntityOfPage":{"@id":"https:\/\/agrupacionespsoe.es\/melilla\/el-psoe-celebra-que-mas-de-1-100-jovenes-en-melilla-se-beneficien-del-bono-cultural-joven\/"},"wordCount":470,"commentCount":0,"publisher":{"@id":"https:\/\/agrupacionespsoe.es\/melilla\/#organization"},"image":{"@id":"https:\/\/agrupacionespsoe.es\/melilla\/el-psoe-celebra-que-mas-de-1-100-jovenes-en-melilla-se-beneficien-del-bono-cultural-joven\/#primaryimage"},"thumbnailUrl":"https:\/\/agrupacionespsoe.es\/melilla\/wp-content\/uploads\/sites\/120\/2025\/07\/RMoh_03Julio-scaled.jpg","inLanguage":"es","potentialAction":[{"@type":"CommentAction","name":"Comment","target":["https:\/\/agrupacionespsoe.es\/melilla\/el-psoe-celebra-que-mas-de-1-100-jovenes-en-melilla-se-beneficien-del-bono-cultural-joven\/#respond"]}]},{"@type":"WebPage","@id":"https:\/\/agrupacionespsoe.es\/melilla\/el-psoe-celebra-que-mas-de-1-100-jovenes-en-melilla-se-beneficien-del-bono-cultural-joven\/","url":"https:\/\/agrupacionespsoe.es\/melilla\/el-psoe-celebra-que-mas-de-1-100-jovenes-en-melilla-se-beneficien-del-bono-cultural-joven\/","name":"El PSOE celebra que m\u00e1s de 1.100 j\u00f3venes en Melilla se beneficien del Bono Cultural Joven - Agrupaci\u00f3n Socialista de Melilla","isPartOf":{"@id":"https:\/\/agrupacionespsoe.es\/melilla\/#website"},"primaryImageOfPage":{"@id":"https:\/\/agrupacionespsoe.es\/melilla\/el-psoe-celebra-que-mas-de-1-100-jovenes-en-melilla-se-beneficien-del-bono-cultural-joven\/#primaryimage"},"image":{"@id":"https:\/\/agrupacionespsoe.es\/melilla\/el-psoe-celebra-que-mas-de-1-100-jovenes-en-melilla-se-beneficien-del-bono-cultural-joven\/#primaryimage"},"thumbnailUrl":"https:\/\/agrupacionespsoe.es\/melilla\/wp-content\/uploads\/sites\/120\/2025\/07\/RMoh_03Julio-scaled.jpg","datePublished":"2025-07-16T19:02:53+00:00","dateModified":"2025-07-16T19:02:55+00:00","breadcrumb":{"@id":"https:\/\/agrupacionespsoe.es\/melilla\/el-psoe-celebra-que-mas-de-1-100-jovenes-en-melilla-se-beneficien-del-bono-cultural-joven\/#breadcrumb"},"inLanguage":"es","potentialAction":[{"@type":"ReadAction","target":["https:\/\/agrupacionespsoe.es\/melilla\/el-psoe-celebra-que-mas-de-1-100-jovenes-en-melilla-se-beneficien-del-bono-cultural-joven\/"]}]},{"@type":"ImageObject","inLanguage":"es","@id":"https:\/\/agrupacionespsoe.es\/melilla\/el-psoe-celebra-que-mas-de-1-100-jovenes-en-melilla-se-beneficien-del-bono-cultural-joven\/#primaryimage","url":"https:\/\/agrupacionespsoe.es\/melilla\/wp-content\/uploads\/sites\/120\/2025\/07\/RMoh_03Julio-scaled.jpg","contentUrl":"https:\/\/agrupacionespsoe.es\/melilla\/wp-content\/uploads\/sites\/120\/2025\/07\/RMoh_03Julio-scaled.jpg","width":2560,"height":1673},{"@type":"BreadcrumbList","@id":"https:\/\/agrupacionespsoe.es\/melilla\/el-psoe-celebra-que-mas-de-1-100-jovenes-en-melilla-se-beneficien-del-bono-cultural-joven\/#breadcrumb","itemListElement":[{"@type":"ListItem","position":1,"name":"Portada","item":"https:\/\/agrupacionespsoe.es\/melilla\/"},{"@type":"ListItem","position":2,"name":"El PSOE celebra que m\u00e1s de 1.100 j\u00f3venes en Melilla se beneficien del Bono Cultural Joven"}]},{"@type":"WebSite","@id":"https:\/\/agrupacionespsoe.es\/melilla\/#website","url":"https:\/\/agrupacionespsoe.es\/melilla\/","name":"Agrupaci\u00f3n Socialista de Melilla","description":"Agrupaci\u00f3n Socialista de Melilla","publisher":{"@id":"https:\/\/agrupacionespsoe.es\/melilla\/#organization"},"potentialAction":[{"@type":"SearchAction","target":{"@type":"EntryPoint","urlTemplate":"https:\/\/agrupacionespsoe.es\/melilla\/?s={search_term_string}"},"query-input":{"@type":"PropertyValueSpecification","valueRequired":true,"valueName":"search_term_string"}}],"inLanguage":"es"},{"@type":"Organization","@id":"https:\/\/agrupacionespsoe.es\/melilla\/#organization","name":"Agrupaci\u00f3n Socialista de Melilla","url":"https:\/\/agrupacionespsoe.es\/melilla\/","logo":{"@type":"ImageObject","inLanguage":"es","@id":"https:\/\/agrupacionespsoe.es\/melilla\/#\/schema\/logo\/image\/","url":"https:\/\/agrupacionespsoe.es\/wp-content\/uploads\/2022\/07\/Logotipo_electoral_del_PSOE.png","contentUrl":"https:\/\/agrupacionespsoe.es\/wp-content\/uploads\/2022\/07\/Logotipo_electoral_del_PSOE.png","width":422,"height":422,"caption":"Agrupaci\u00f3n Socialista de Melilla"},"image":{"@id":"https:\/\/agrupacionespsoe.es\/melilla\/#\/schema\/logo\/image\/"}},{"@type":"Person","@id":"https:\/\/agrupacionespsoe.es\/melilla\/#\/schema\/person\/72bb3075a827d0ed0623682b96c92bd6","name":"melilla2","image":{"@type":"ImageObject","inLanguage":"es","@id":"https:\/\/agrupacionespsoe.es\/melilla\/#\/schema\/person\/image\/","url":"https:\/\/secure.gravatar.com\/avatar\/489a178e794e59f00db13a448aabca16?s=96&d=mm&r=g","contentUrl":"https:\/\/secure.gravatar.com\/avatar\/489a178e794e59f00db13a448aabca16?s=96&d=mm&r=g","caption":"melilla2"},"url":"https:\/\/agrupacionespsoe.es\/melilla\/author\/melilla2\/"}]}},"jetpack_featured_media_url":"https:\/\/agrupacionespsoe.es\/melilla\/wp-content\/uploads\/sites\/120\/2025\/07\/RMoh_03Julio-scaled.jpg","jetpack_sharing_enabled":true,"_links":{"self":[{"href":"https:\/\/agrupacionespsoe.es\/melilla\/wp-json\/wp\/v2\/posts\/2015","targetHints":{"allow":["GET"]}}],"collection":[{"href":"https:\/\/agrupacionespsoe.es\/melilla\/wp-json\/wp\/v2\/posts"}],"about":[{"href":"https:\/\/agrupacionespsoe.es\/melilla\/wp-json\/wp\/v2\/types\/post"}],"author":[{"embeddable":true,"href":"https:\/\/agrupacionespsoe.es\/melilla\/wp-json\/wp\/v2\/users\/187"}],"replies":[{"embeddable":true,"href":"https:\/\/agrupacionespsoe.es\/melilla\/wp-json\/wp\/v2\/comments?post=2015"}],"version-history":[{"count":1,"href":"https:\/\/agrupacionespsoe.es\/melilla\/wp-json\/wp\/v2\/posts\/2015\/revisions"}],"predecessor-version":[{"id":2016,"href":"https:\/\/agrupacionespsoe.es\/melilla\/wp-json\/wp\/v2\/posts\/2015\/revisions\/2016"}],"wp:featuredmedia":[{"embeddable":true,"href":"https:\/\/agrupacionespsoe.es\/melilla\/wp-json\/wp\/v2\/media\/1978"}],"wp:attachment":[{"href":"https:\/\/agrupacionespsoe.es\/melilla\/wp-json\/wp\/v2\/media?parent=2015"}],"wp:term":[{"taxonomy":"category","embeddable":true,"href":"https:\/\/agrupacionespsoe.es\/melilla\/wp-json\/wp\/v2\/categories?post=2015"},{"taxonomy":"post_tag","embeddable":true,"href":"https:\/\/agrupacionespsoe.es\/melilla\/wp-json\/wp\/v2\/tags?post=2015"}],"curies":[{"name":"wp","href":"https:\/\/api.w.org\/{rel}","templated":true}]}}