{"id":2009,"date":"2025-07-13T18:21:56","date_gmt":"2025-07-13T18:21:56","guid":{"rendered":"https:\/\/agrupacionespsoe.es\/melilla\/?p=2009"},"modified":"2025-07-13T18:21:57","modified_gmt":"2025-07-13T18:21:57","slug":"el-psoe-exige-a-la-ciudad-una-intervencion-urgente-en-la-canada-mediante-una-mocion","status":"publish","type":"post","link":"https:\/\/agrupacionespsoe.es\/melilla\/el-psoe-exige-a-la-ciudad-una-intervencion-urgente-en-la-canada-mediante-una-mocion\/","title":{"rendered":"El PSOE exige a la Ciudad una intervenci\u00f3n urgente en la Ca\u00f1ada mediante una moci\u00f3n"},"content":{"rendered":"\n<p><strong>Riduan Moh: \u201cExigimos condiciones dignas para todos los melillenses porque todos los barrios merecen el mismo trato. Sin excepci\u00f3n\u201d<\/strong><\/p>\n\n\n\n<p>El Grupo Municipal Socialista ha presentado una moci\u00f3n para que la Ciudad Aut\u00f3noma solucione de inmediato los problemas de limpieza, iluminaci\u00f3n, seguridad y accesibilidad de la Ca\u00f1ada de Hid\u00fam. \u201cLos melillenses merecen condiciones dignas vivan donde vivan. Todos los barrios de Melilla merecen el mismo trato, sin excepci\u00f3n\u201d, ha afirmado Riduan Moh, diputado del PSOE.<\/p>\n\n\n\n<p>Tras una reciente visita al barrio, los socialistas pudieron constatar de primera mano las m\u00faltiples carencias a las que se enfrentan diariamente los vecinos, que denunciaron la deplorable situaci\u00f3n en la que se ven obligados a convivir. Sus demandas abarcaban aspectos fundamentales de servicios p\u00fablicos que no estaban siendo cubiertas por el Gobierno local.<\/p>\n\n\n\n<p>Por estos motivos, desde el PSOE exigen a la Ciudad Aut\u00f3noma una actuaci\u00f3n urgente para que se reparen las barandillas en mal estado y garantizar la seguridad y accesibilidad de todos los residentes; se instalen rampas y se revisen las escaleras; se sustituyan las arquetas y los contenedores en mal estado; se refuerce la limpieza viaria con un baldeo regular; se repare el alumbrado p\u00fablico; se rehabilite la ludoteca; y se realice un estudio de movilidad urbano.<\/p>\n\n\n\n<p>\u201cNo nos vale el anuncio de planes que no llevan a ning\u00fan lado, y las promesas que no se cumplen a las que nos tiene acostumbrados el Gobierno de Imbroda\u201d, ha denunciado.<\/p>\n\n\n\n<p>El barrio presenta muchas carencias, ha afirmado, algunas de ellas muy alarmantes. Moh ha destacado un tramo especialmente peligroso en la calle H\u00e9rcules, donde el mal estado de las barandillas puede provocar accidentes. \u201cPersonas mayores y con movilidad reducida que residen en la zona no pueden transitar con seguridad\u201d, ha explicado.<\/p>\n\n\n\n<p>Por otro lado, el socialista subrayo la grave situaci\u00f3n de la limpieza que sufre el barrio. En muchos puntos se acumula la basura porque no se recoge con la frecuencia debida y hay faltan contenedores que est\u00e9n bien ubicados, generando malos olores, plagas e insalubridad. \u201cLa falta de baldeos contribuye a perpetuar esta situaci\u00f3n de desidia y dejadez a la el Gobierno de Imbroda somete este barrio\u201d.<\/p>\n\n\n\n<p>Desde el PSOE denuncian que muchas calles son estrechas y el sentido de la circulaci\u00f3n no est\u00e1 bien definido, por lo que causa conflictos entre conductores. Asimismo, hay muchos coches abandonados, sobre todo en la calle V\u00eda Lactea, que no son retirados por los servicios municipales.<\/p>\n\n\n\n<p>Moh ha denunciado tambi\u00e9n la indignaci\u00f3n de los vecinos por el estado en el que se encuentra la antigua ludoteca, como en otras ocasiones. \u201cEstamos hablando de un edificio que se encuentra completamente abandonado tras el incendio que sufri\u00f3 hace dos a\u00f1os, constituyendo un peligro para, especialmente, los ni\u00f1os que juegan en el barrio y en la pista deportiva\u201d, ha subrayado.<\/p>\n\n\n\n<p>Por ello, los socialistas exigen a la Ciudad Aut\u00f3noma condiciones dignas para todos los melillenses, independientemente del barrio en el que vivan. \u201cEs intolerable que existan barrios enteros olvidados por la administraci\u00f3n. La calidad de vida de las personas est\u00e1 directamente vinculada al entorno urbano en el que residen. Y los vecinos y vecinas de la Ca\u00f1ada de Hid\u00fam merecen las mismas condiciones y oportunidades que las de cualquier otra zona. Porque s\u00ed, se\u00f1ores y se\u00f1oras del Partido Popular, todos los barrios merecen el mismo trato. Sin excepci\u00f3n\u201d, ha concluido.&nbsp;<\/p>\n","protected":false},"excerpt":{"rendered":"<p>Riduan Moh: \u201cExigimos condiciones dignas para todos los melillenses porque todos los barrios merecen el mismo trato. Sin excepci\u00f3n\u201d El Grupo Municipal Socialista ha presentado una moci\u00f3n para que la Ciudad Aut\u00f3noma solucione de inmediato los problemas de limpieza, iluminaci\u00f3n, seguridad y accesibilidad de la Ca\u00f1ada de Hid\u00fam. \u201cLos melillenses merecen condiciones dignas vivan donde &#8230;<\/p>\n","protected":false},"author":187,"featured_media":2007,"comment_status":"open","ping_status":"open","sticky":false,"template":"","format":"standard","meta":{"_jetpack_memberships_contains_paid_content":false,"footnotes":""},"categories":[1],"tags":[],"class_list":["post-2009","post","type-post","status-publish","format-standard","has-post-thumbnail","hentry","category-sin-categoria"],"yoast_head":"<!-- This site is optimized with the Yoast SEO plugin v24.0 - https:\/\/yoast.com\/wordpress\/plugins\/seo\/ -->\n<title>El PSOE exige a la Ciudad una intervenci\u00f3n urgente en la Ca\u00f1ada mediante una moci\u00f3n - Agrupaci\u00f3n Socialista de Melilla<\/title>\n<meta name=\"robots\" content=\"index, follow, max-snippet:-1, max-image-preview:large, max-video-preview:-1\" \/>\n<link rel=\"canonical\" href=\"https:\/\/agrupacionespsoe.es\/melilla\/el-psoe-exige-a-la-ciudad-una-intervencion-urgente-en-la-canada-mediante-una-mocion\/\" \/>\n<meta property=\"og:locale\" content=\"es_ES\" \/>\n<meta property=\"og:type\" content=\"article\" \/>\n<meta property=\"og:title\" content=\"El PSOE exige a la Ciudad una intervenci\u00f3n urgente en la Ca\u00f1ada mediante una moci\u00f3n - Agrupaci\u00f3n Socialista de Melilla\" \/>\n<meta property=\"og:description\" content=\"Riduan Moh: \u201cExigimos condiciones dignas para todos los melillenses porque todos los barrios merecen el mismo trato. Sin excepci\u00f3n\u201d El Grupo Municipal Socialista ha presentado una moci\u00f3n para que la Ciudad Aut\u00f3noma solucione de inmediato los problemas de limpieza, iluminaci\u00f3n, seguridad y accesibilidad de la Ca\u00f1ada de Hid\u00fam. \u201cLos melillenses merecen condiciones dignas vivan donde ...\" \/>\n<meta property=\"og:url\" content=\"https:\/\/agrupacionespsoe.es\/melilla\/el-psoe-exige-a-la-ciudad-una-intervencion-urgente-en-la-canada-mediante-una-mocion\/\" \/>\n<meta property=\"og:site_name\" content=\"Agrupaci\u00f3n Socialista de Melilla\" \/>\n<meta property=\"article:published_time\" content=\"2025-07-13T18:21:56+00:00\" \/>\n<meta property=\"article:modified_time\" content=\"2025-07-13T18:21:57+00:00\" \/>\n<meta property=\"og:image\" content=\"https:\/\/agrupacionespsoe.es\/melilla\/wp-content\/uploads\/sites\/120\/2025\/07\/2025-07-11-RMoh-scaled.jpg\" \/>\n\t<meta property=\"og:image:width\" content=\"2560\" \/>\n\t<meta property=\"og:image:height\" content=\"1707\" \/>\n\t<meta property=\"og:image:type\" content=\"image\/jpeg\" \/>\n<meta name=\"author\" content=\"melilla2\" \/>\n<meta name=\"twitter:card\" content=\"summary_large_image\" \/>\n<meta name=\"twitter:label1\" content=\"Escrito por\" \/>\n\t<meta name=\"twitter:data1\" content=\"melilla2\" \/>\n\t<meta name=\"twitter:label2\" content=\"Tiempo de lectura\" \/>\n\t<meta name=\"twitter:data2\" content=\"3 minutos\" \/>\n<script type=\"application\/ld+json\" class=\"yoast-schema-graph\">{\"@context\":\"https:\/\/schema.org\",\"@graph\":[{\"@type\":\"Article\",\"@id\":\"https:\/\/agrupacionespsoe.es\/melilla\/el-psoe-exige-a-la-ciudad-una-intervencion-urgente-en-la-canada-mediante-una-mocion\/#article\",\"isPartOf\":{\"@id\":\"https:\/\/agrupacionespsoe.es\/melilla\/el-psoe-exige-a-la-ciudad-una-intervencion-urgente-en-la-canada-mediante-una-mocion\/\"},\"author\":{\"name\":\"melilla2\",\"@id\":\"https:\/\/agrupacionespsoe.es\/melilla\/#\/schema\/person\/72bb3075a827d0ed0623682b96c92bd6\"},\"headline\":\"El PSOE exige a la Ciudad una intervenci\u00f3n urgente en la Ca\u00f1ada mediante una moci\u00f3n\",\"datePublished\":\"2025-07-13T18:21:56+00:00\",\"dateModified\":\"2025-07-13T18:21:57+00:00\",\"mainEntityOfPage\":{\"@id\":\"https:\/\/agrupacionespsoe.es\/melilla\/el-psoe-exige-a-la-ciudad-una-intervencion-urgente-en-la-canada-mediante-una-mocion\/\"},\"wordCount\":602,\"commentCount\":0,\"publisher\":{\"@id\":\"https:\/\/agrupacionespsoe.es\/melilla\/#organization\"},\"image\":{\"@id\":\"https:\/\/agrupacionespsoe.es\/melilla\/el-psoe-exige-a-la-ciudad-una-intervencion-urgente-en-la-canada-mediante-una-mocion\/#primaryimage\"},\"thumbnailUrl\":\"https:\/\/agrupacionespsoe.es\/melilla\/wp-content\/uploads\/sites\/120\/2025\/07\/2025-07-11-RMoh-scaled.jpg\",\"inLanguage\":\"es\",\"potentialAction\":[{\"@type\":\"CommentAction\",\"name\":\"Comment\",\"target\":[\"https:\/\/agrupacionespsoe.es\/melilla\/el-psoe-exige-a-la-ciudad-una-intervencion-urgente-en-la-canada-mediante-una-mocion\/#respond\"]}]},{\"@type\":\"WebPage\",\"@id\":\"https:\/\/agrupacionespsoe.es\/melilla\/el-psoe-exige-a-la-ciudad-una-intervencion-urgente-en-la-canada-mediante-una-mocion\/\",\"url\":\"https:\/\/agrupacionespsoe.es\/melilla\/el-psoe-exige-a-la-ciudad-una-intervencion-urgente-en-la-canada-mediante-una-mocion\/\",\"name\":\"El PSOE exige a la Ciudad una intervenci\u00f3n urgente en la Ca\u00f1ada mediante una moci\u00f3n - Agrupaci\u00f3n Socialista de Melilla\",\"isPartOf\":{\"@id\":\"https:\/\/agrupacionespsoe.es\/melilla\/#website\"},\"primaryImageOfPage\":{\"@id\":\"https:\/\/agrupacionespsoe.es\/melilla\/el-psoe-exige-a-la-ciudad-una-intervencion-urgente-en-la-canada-mediante-una-mocion\/#primaryimage\"},\"image\":{\"@id\":\"https:\/\/agrupacionespsoe.es\/melilla\/el-psoe-exige-a-la-ciudad-una-intervencion-urgente-en-la-canada-mediante-una-mocion\/#primaryimage\"},\"thumbnailUrl\":\"https:\/\/agrupacionespsoe.es\/melilla\/wp-content\/uploads\/sites\/120\/2025\/07\/2025-07-11-RMoh-scaled.jpg\",\"datePublished\":\"2025-07-13T18:21:56+00:00\",\"dateModified\":\"2025-07-13T18:21:57+00:00\",\"breadcrumb\":{\"@id\":\"https:\/\/agrupacionespsoe.es\/melilla\/el-psoe-exige-a-la-ciudad-una-intervencion-urgente-en-la-canada-mediante-una-mocion\/#breadcrumb\"},\"inLanguage\":\"es\",\"potentialAction\":[{\"@type\":\"ReadAction\",\"target\":[\"https:\/\/agrupacionespsoe.es\/melilla\/el-psoe-exige-a-la-ciudad-una-intervencion-urgente-en-la-canada-mediante-una-mocion\/\"]}]},{\"@type\":\"ImageObject\",\"inLanguage\":\"es\",\"@id\":\"https:\/\/agrupacionespsoe.es\/melilla\/el-psoe-exige-a-la-ciudad-una-intervencion-urgente-en-la-canada-mediante-una-mocion\/#primaryimage\",\"url\":\"https:\/\/agrupacionespsoe.es\/melilla\/wp-content\/uploads\/sites\/120\/2025\/07\/2025-07-11-RMoh-scaled.jpg\",\"contentUrl\":\"https:\/\/agrupacionespsoe.es\/melilla\/wp-content\/uploads\/sites\/120\/2025\/07\/2025-07-11-RMoh-scaled.jpg\",\"width\":2560,\"height\":1707},{\"@type\":\"BreadcrumbList\",\"@id\":\"https:\/\/agrupacionespsoe.es\/melilla\/el-psoe-exige-a-la-ciudad-una-intervencion-urgente-en-la-canada-mediante-una-mocion\/#breadcrumb\",\"itemListElement\":[{\"@type\":\"ListItem\",\"position\":1,\"name\":\"Portada\",\"item\":\"https:\/\/agrupacionespsoe.es\/melilla\/\"},{\"@type\":\"ListItem\",\"position\":2,\"name\":\"El PSOE exige a la Ciudad una intervenci\u00f3n urgente en la Ca\u00f1ada mediante una moci\u00f3n\"}]},{\"@type\":\"WebSite\",\"@id\":\"https:\/\/agrupacionespsoe.es\/melilla\/#website\",\"url\":\"https:\/\/agrupacionespsoe.es\/melilla\/\",\"name\":\"Agrupaci\u00f3n Socialista de Melilla\",\"description\":\"Agrupaci\u00f3n Socialista de Melilla\",\"publisher\":{\"@id\":\"https:\/\/agrupacionespsoe.es\/melilla\/#organization\"},\"potentialAction\":[{\"@type\":\"SearchAction\",\"target\":{\"@type\":\"EntryPoint\",\"urlTemplate\":\"https:\/\/agrupacionespsoe.es\/melilla\/?s={search_term_string}\"},\"query-input\":{\"@type\":\"PropertyValueSpecification\",\"valueRequired\":true,\"valueName\":\"search_term_string\"}}],\"inLanguage\":\"es\"},{\"@type\":\"Organization\",\"@id\":\"https:\/\/agrupacionespsoe.es\/melilla\/#organization\",\"name\":\"Agrupaci\u00f3n Socialista de Melilla\",\"url\":\"https:\/\/agrupacionespsoe.es\/melilla\/\",\"logo\":{\"@type\":\"ImageObject\",\"inLanguage\":\"es\",\"@id\":\"https:\/\/agrupacionespsoe.es\/melilla\/#\/schema\/logo\/image\/\",\"url\":\"https:\/\/agrupacionespsoe.es\/wp-content\/uploads\/2022\/07\/Logotipo_electoral_del_PSOE.png\",\"contentUrl\":\"https:\/\/agrupacionespsoe.es\/wp-content\/uploads\/2022\/07\/Logotipo_electoral_del_PSOE.png\",\"width\":422,\"height\":422,\"caption\":\"Agrupaci\u00f3n Socialista de Melilla\"},\"image\":{\"@id\":\"https:\/\/agrupacionespsoe.es\/melilla\/#\/schema\/logo\/image\/\"}},{\"@type\":\"Person\",\"@id\":\"https:\/\/agrupacionespsoe.es\/melilla\/#\/schema\/person\/72bb3075a827d0ed0623682b96c92bd6\",\"name\":\"melilla2\",\"image\":{\"@type\":\"ImageObject\",\"inLanguage\":\"es\",\"@id\":\"https:\/\/agrupacionespsoe.es\/melilla\/#\/schema\/person\/image\/\",\"url\":\"https:\/\/secure.gravatar.com\/avatar\/489a178e794e59f00db13a448aabca16?s=96&d=mm&r=g\",\"contentUrl\":\"https:\/\/secure.gravatar.com\/avatar\/489a178e794e59f00db13a448aabca16?s=96&d=mm&r=g\",\"caption\":\"melilla2\"},\"url\":\"https:\/\/agrupacionespsoe.es\/melilla\/author\/melilla2\/\"}]}<\/script>\n<!-- \/ Yoast SEO plugin. -->","yoast_head_json":{"title":"El PSOE exige a la Ciudad una intervenci\u00f3n urgente en la Ca\u00f1ada mediante una moci\u00f3n - Agrupaci\u00f3n Socialista de Melilla","robots":{"index":"index","follow":"follow","max-snippet":"max-snippet:-1","max-image-preview":"max-image-preview:large","max-video-preview":"max-video-preview:-1"},"canonical":"https:\/\/agrupacionespsoe.es\/melilla\/el-psoe-exige-a-la-ciudad-una-intervencion-urgente-en-la-canada-mediante-una-mocion\/","og_locale":"es_ES","og_type":"article","og_title":"El PSOE exige a la Ciudad una intervenci\u00f3n urgente en la Ca\u00f1ada mediante una moci\u00f3n - Agrupaci\u00f3n Socialista de Melilla","og_description":"Riduan Moh: \u201cExigimos condiciones dignas para todos los melillenses porque todos los barrios merecen el mismo trato. Sin excepci\u00f3n\u201d El Grupo Municipal Socialista ha presentado una moci\u00f3n para que la Ciudad Aut\u00f3noma solucione de inmediato los problemas de limpieza, iluminaci\u00f3n, seguridad y accesibilidad de la Ca\u00f1ada de Hid\u00fam. \u201cLos melillenses merecen condiciones dignas vivan donde ...","og_url":"https:\/\/agrupacionespsoe.es\/melilla\/el-psoe-exige-a-la-ciudad-una-intervencion-urgente-en-la-canada-mediante-una-mocion\/","og_site_name":"Agrupaci\u00f3n Socialista de Melilla","article_published_time":"2025-07-13T18:21:56+00:00","article_modified_time":"2025-07-13T18:21:57+00:00","og_image":[{"width":2560,"height":1707,"url":"https:\/\/agrupacionespsoe.es\/melilla\/wp-content\/uploads\/sites\/120\/2025\/07\/2025-07-11-RMoh-scaled.jpg","type":"image\/jpeg"}],"author":"melilla2","twitter_card":"summary_large_image","twitter_misc":{"Escrito por":"melilla2","Tiempo de lectura":"3 minutos"},"schema":{"@context":"https:\/\/schema.org","@graph":[{"@type":"Article","@id":"https:\/\/agrupacionespsoe.es\/melilla\/el-psoe-exige-a-la-ciudad-una-intervencion-urgente-en-la-canada-mediante-una-mocion\/#article","isPartOf":{"@id":"https:\/\/agrupacionespsoe.es\/melilla\/el-psoe-exige-a-la-ciudad-una-intervencion-urgente-en-la-canada-mediante-una-mocion\/"},"author":{"name":"melilla2","@id":"https:\/\/agrupacionespsoe.es\/melilla\/#\/schema\/person\/72bb3075a827d0ed0623682b96c92bd6"},"headline":"El PSOE exige a la Ciudad una intervenci\u00f3n urgente en la Ca\u00f1ada mediante una moci\u00f3n","datePublished":"2025-07-13T18:21:56+00:00","dateModified":"2025-07-13T18:21:57+00:00","mainEntityOfPage":{"@id":"https:\/\/agrupacionespsoe.es\/melilla\/el-psoe-exige-a-la-ciudad-una-intervencion-urgente-en-la-canada-mediante-una-mocion\/"},"wordCount":602,"commentCount":0,"publisher":{"@id":"https:\/\/agrupacionespsoe.es\/melilla\/#organization"},"image":{"@id":"https:\/\/agrupacionespsoe.es\/melilla\/el-psoe-exige-a-la-ciudad-una-intervencion-urgente-en-la-canada-mediante-una-mocion\/#primaryimage"},"thumbnailUrl":"https:\/\/agrupacionespsoe.es\/melilla\/wp-content\/uploads\/sites\/120\/2025\/07\/2025-07-11-RMoh-scaled.jpg","inLanguage":"es","potentialAction":[{"@type":"CommentAction","name":"Comment","target":["https:\/\/agrupacionespsoe.es\/melilla\/el-psoe-exige-a-la-ciudad-una-intervencion-urgente-en-la-canada-mediante-una-mocion\/#respond"]}]},{"@type":"WebPage","@id":"https:\/\/agrupacionespsoe.es\/melilla\/el-psoe-exige-a-la-ciudad-una-intervencion-urgente-en-la-canada-mediante-una-mocion\/","url":"https:\/\/agrupacionespsoe.es\/melilla\/el-psoe-exige-a-la-ciudad-una-intervencion-urgente-en-la-canada-mediante-una-mocion\/","name":"El PSOE exige a la Ciudad una intervenci\u00f3n urgente en la Ca\u00f1ada mediante una moci\u00f3n - Agrupaci\u00f3n Socialista de Melilla","isPartOf":{"@id":"https:\/\/agrupacionespsoe.es\/melilla\/#website"},"primaryImageOfPage":{"@id":"https:\/\/agrupacionespsoe.es\/melilla\/el-psoe-exige-a-la-ciudad-una-intervencion-urgente-en-la-canada-mediante-una-mocion\/#primaryimage"},"image":{"@id":"https:\/\/agrupacionespsoe.es\/melilla\/el-psoe-exige-a-la-ciudad-una-intervencion-urgente-en-la-canada-mediante-una-mocion\/#primaryimage"},"thumbnailUrl":"https:\/\/agrupacionespsoe.es\/melilla\/wp-content\/uploads\/sites\/120\/2025\/07\/2025-07-11-RMoh-scaled.jpg","datePublished":"2025-07-13T18:21:56+00:00","dateModified":"2025-07-13T18:21:57+00:00","breadcrumb":{"@id":"https:\/\/agrupacionespsoe.es\/melilla\/el-psoe-exige-a-la-ciudad-una-intervencion-urgente-en-la-canada-mediante-una-mocion\/#breadcrumb"},"inLanguage":"es","potentialAction":[{"@type":"ReadAction","target":["https:\/\/agrupacionespsoe.es\/melilla\/el-psoe-exige-a-la-ciudad-una-intervencion-urgente-en-la-canada-mediante-una-mocion\/"]}]},{"@type":"ImageObject","inLanguage":"es","@id":"https:\/\/agrupacionespsoe.es\/melilla\/el-psoe-exige-a-la-ciudad-una-intervencion-urgente-en-la-canada-mediante-una-mocion\/#primaryimage","url":"https:\/\/agrupacionespsoe.es\/melilla\/wp-content\/uploads\/sites\/120\/2025\/07\/2025-07-11-RMoh-scaled.jpg","contentUrl":"https:\/\/agrupacionespsoe.es\/melilla\/wp-content\/uploads\/sites\/120\/2025\/07\/2025-07-11-RMoh-scaled.jpg","width":2560,"height":1707},{"@type":"BreadcrumbList","@id":"https:\/\/agrupacionespsoe.es\/melilla\/el-psoe-exige-a-la-ciudad-una-intervencion-urgente-en-la-canada-mediante-una-mocion\/#breadcrumb","itemListElement":[{"@type":"ListItem","position":1,"name":"Portada","item":"https:\/\/agrupacionespsoe.es\/melilla\/"},{"@type":"ListItem","position":2,"name":"El PSOE exige a la Ciudad una intervenci\u00f3n urgente en la Ca\u00f1ada mediante una moci\u00f3n"}]},{"@type":"WebSite","@id":"https:\/\/agrupacionespsoe.es\/melilla\/#website","url":"https:\/\/agrupacionespsoe.es\/melilla\/","name":"Agrupaci\u00f3n Socialista de Melilla","description":"Agrupaci\u00f3n Socialista de Melilla","publisher":{"@id":"https:\/\/agrupacionespsoe.es\/melilla\/#organization"},"potentialAction":[{"@type":"SearchAction","target":{"@type":"EntryPoint","urlTemplate":"https:\/\/agrupacionespsoe.es\/melilla\/?s={search_term_string}"},"query-input":{"@type":"PropertyValueSpecification","valueRequired":true,"valueName":"search_term_string"}}],"inLanguage":"es"},{"@type":"Organization","@id":"https:\/\/agrupacionespsoe.es\/melilla\/#organization","name":"Agrupaci\u00f3n Socialista de Melilla","url":"https:\/\/agrupacionespsoe.es\/melilla\/","logo":{"@type":"ImageObject","inLanguage":"es","@id":"https:\/\/agrupacionespsoe.es\/melilla\/#\/schema\/logo\/image\/","url":"https:\/\/agrupacionespsoe.es\/wp-content\/uploads\/2022\/07\/Logotipo_electoral_del_PSOE.png","contentUrl":"https:\/\/agrupacionespsoe.es\/wp-content\/uploads\/2022\/07\/Logotipo_electoral_del_PSOE.png","width":422,"height":422,"caption":"Agrupaci\u00f3n Socialista de Melilla"},"image":{"@id":"https:\/\/agrupacionespsoe.es\/melilla\/#\/schema\/logo\/image\/"}},{"@type":"Person","@id":"https:\/\/agrupacionespsoe.es\/melilla\/#\/schema\/person\/72bb3075a827d0ed0623682b96c92bd6","name":"melilla2","image":{"@type":"ImageObject","inLanguage":"es","@id":"https:\/\/agrupacionespsoe.es\/melilla\/#\/schema\/person\/image\/","url":"https:\/\/secure.gravatar.com\/avatar\/489a178e794e59f00db13a448aabca16?s=96&d=mm&r=g","contentUrl":"https:\/\/secure.gravatar.com\/avatar\/489a178e794e59f00db13a448aabca16?s=96&d=mm&r=g","caption":"melilla2"},"url":"https:\/\/agrupacionespsoe.es\/melilla\/author\/melilla2\/"}]}},"jetpack_featured_media_url":"https:\/\/agrupacionespsoe.es\/melilla\/wp-content\/uploads\/sites\/120\/2025\/07\/2025-07-11-RMoh-scaled.jpg","jetpack_sharing_enabled":true,"_links":{"self":[{"href":"https:\/\/agrupacionespsoe.es\/melilla\/wp-json\/wp\/v2\/posts\/2009","targetHints":{"allow":["GET"]}}],"collection":[{"href":"https:\/\/agrupacionespsoe.es\/melilla\/wp-json\/wp\/v2\/posts"}],"about":[{"href":"https:\/\/agrupacionespsoe.es\/melilla\/wp-json\/wp\/v2\/types\/post"}],"author":[{"embeddable":true,"href":"https:\/\/agrupacionespsoe.es\/melilla\/wp-json\/wp\/v2\/users\/187"}],"replies":[{"embeddable":true,"href":"https:\/\/agrupacionespsoe.es\/melilla\/wp-json\/wp\/v2\/comments?post=2009"}],"version-history":[{"count":1,"href":"https:\/\/agrupacionespsoe.es\/melilla\/wp-json\/wp\/v2\/posts\/2009\/revisions"}],"predecessor-version":[{"id":2010,"href":"https:\/\/agrupacionespsoe.es\/melilla\/wp-json\/wp\/v2\/posts\/2009\/revisions\/2010"}],"wp:featuredmedia":[{"embeddable":true,"href":"https:\/\/agrupacionespsoe.es\/melilla\/wp-json\/wp\/v2\/media\/2007"}],"wp:attachment":[{"href":"https:\/\/agrupacionespsoe.es\/melilla\/wp-json\/wp\/v2\/media?parent=2009"}],"wp:term":[{"taxonomy":"category","embeddable":true,"href":"https:\/\/agrupacionespsoe.es\/melilla\/wp-json\/wp\/v2\/categories?post=2009"},{"taxonomy":"post_tag","embeddable":true,"href":"https:\/\/agrupacionespsoe.es\/melilla\/wp-json\/wp\/v2\/tags?post=2009"}],"curies":[{"name":"wp","href":"https:\/\/api.w.org\/{rel}","templated":true}]}}