{"id":1957,"date":"2025-06-29T09:07:49","date_gmt":"2025-06-29T09:07:49","guid":{"rendered":"https:\/\/agrupacionespsoe.es\/melilla\/?p=1957"},"modified":"2025-06-29T09:07:50","modified_gmt":"2025-06-29T09:07:50","slug":"el-psoe-denuncia-el-terrible-estado-de-abandono-de-la-canada-de-hidum-y-exige-a-la-ciudad-que-actue-de-inmediato","status":"publish","type":"post","link":"https:\/\/agrupacionespsoe.es\/melilla\/el-psoe-denuncia-el-terrible-estado-de-abandono-de-la-canada-de-hidum-y-exige-a-la-ciudad-que-actue-de-inmediato\/","title":{"rendered":"El PSOE denuncia el terrible estado de abandono de la Ca\u00f1ada de Hid\u00fam y exige a la Ciudad que act\u00fae de inmediato"},"content":{"rendered":"\n<p><strong>Sabrina Moh: \u00abLa situaci\u00f3n que viven estos vecinos es intolerable. Est\u00e1 claro que para el PP todos los barrios no son iguales\u00bb<\/strong><\/p>\n\n\n\n<p>El Partido Socialista de Melilla ha denunciado p\u00fablicamente el estado de abandono absoluto que sufre el barrio de la Ca\u00f1ada de Hidum, una situaci\u00f3n que consideran \u00abinsostenible\u00bb y que achacan directamente a la inacci\u00f3n del Gobierno del Partido Popular.&nbsp;<\/p>\n\n\n\n<p>Representantes del PSOE, encabezados por la secretaria general, Sabrina Moh, han recorrido recientemente las calles del barrio, donde han mantenido conversaciones con numerosos vecinos y vecinas que han manifestado su malestar y preocupaci\u00f3n por el deterioro creciente del entorno.<\/p>\n\n\n\n<p>Durante esta visita, los socialistas han podido comprobar el grave estado de dejadez que vive esta zona, donde la acumulaci\u00f3n de basura en la v\u00eda p\u00fablica es una constante: montones de residuos y basura esparcidos por las calles, y contenedores en mal estado, desbordados o directamente inutilizables. &nbsp;A esto se suma la completa ausencia de mantenimiento urbano, como aceras levantadas y calles sin barrer, que dan una imagen general de abandono institucional.<\/p>\n\n\n\n<p>Una de las principales quejas trasladadas por los vecinos al PSOE es la falta de accesibilidad. Muchas de las escaleras que conectan las distintas calles del barrio no cuentan con barandillas, lo que representa un peligro para cualquier ciudadano, pero especialmente para los mayores, las personas con movilidad reducida o con discapacidad.&nbsp;<\/p>\n\n\n\n<p>\u201cEs inadmisible que en pleno 2025 haya barrios en Melilla donde moverse sea un riesgo para la integridad f\u00edsica de las personas y que sufran un abandono de este calibre mientras el Gobierno de Imbroda sigue mirando hacia otro lado\u201d, ha denunciado Moh.<\/p>\n\n\n\n<p>La indignaci\u00f3n vecinal tambi\u00e9n se ha centrado en el estado de la ludoteca del barrio, un espacio que deber\u00eda servir como lugar seguro de juego, aprendizaje y encuentro para la infancia. Sin embargo, en lugar de ser gestionado y mantenido por las autoridades competentes, el local ha permanecido abandonado y cubierto de suciedad.&nbsp;<\/p>\n\n\n\n<p>\u201cHan sido los propios vecinos, de manera voluntaria, quienes han tenido que limpiar parte de los residuos que se acumulaban. Es indignante que la ciudadan\u00eda tenga que suplir las funciones de un gobierno ausente\u201d, ha criticado la l\u00edder de los socialistas melillenses.&nbsp;<\/p>\n\n\n\n<p>Para el PSOE, la situaci\u00f3n que atraviesa la Ca\u00f1ada de Hidum es un claro ejemplo del abandono institucional que sufren ciertos barrios de Melilla. \u201cEste no es un caso aislado ni una situaci\u00f3n puntual. Es el resultado de la gesti\u00f3n del Gobierno local. Est\u00e1 claro que para el PP todos los barrios no son iguales\u201d, ha se\u00f1alado Moh.&nbsp;<\/p>\n\n\n\n<p>Por estos motivos, &nbsp;los socialistas han exigido al Gobierno de la Ciudad que act\u00fae de inmediato con un&nbsp;plan de choque de limpieza, renovando&nbsp;los contenedores y reforzando la recogida de residuos,&nbsp;instalando&nbsp;barandillas en todas las escaleras y medidas para garantizar la accesibilidad,&nbsp;rehabilitando&nbsp;la ludoteca&#8230; &nbsp;<\/p>\n\n\n\n<p>\u201cEl Gobierno del PP no puede seguir gobernando solo para unos pocos. Hay barrios que llevan demasiado tiempo olvidados, y la Ca\u00f1ada de Hidum es uno de ellos. Este barrio forma parte de Melilla y sus habitantes merecen vivir en condiciones dignas\u201d, ha sentenciado Moh.<\/p>\n","protected":false},"excerpt":{"rendered":"<p>Sabrina Moh: \u00abLa situaci\u00f3n que viven estos vecinos es intolerable. Est\u00e1 claro que para el PP todos los barrios no son iguales\u00bb El Partido Socialista de Melilla ha denunciado p\u00fablicamente el estado de abandono absoluto que sufre el barrio de la Ca\u00f1ada de Hidum, una situaci\u00f3n que consideran \u00abinsostenible\u00bb y que achacan directamente a la &#8230;<\/p>\n","protected":false},"author":187,"featured_media":1958,"comment_status":"open","ping_status":"open","sticky":false,"template":"","format":"standard","meta":{"_jetpack_memberships_contains_paid_content":false,"footnotes":""},"categories":[1],"tags":[],"class_list":["post-1957","post","type-post","status-publish","format-standard","has-post-thumbnail","hentry","category-sin-categoria"],"yoast_head":"<!-- This site is optimized with the Yoast SEO plugin v24.0 - https:\/\/yoast.com\/wordpress\/plugins\/seo\/ -->\n<title>El PSOE denuncia el terrible estado de abandono de la Ca\u00f1ada de Hid\u00fam y exige a la Ciudad que act\u00fae de inmediato - Agrupaci\u00f3n Socialista de Melilla<\/title>\n<meta name=\"robots\" content=\"index, follow, max-snippet:-1, max-image-preview:large, max-video-preview:-1\" \/>\n<link rel=\"canonical\" href=\"https:\/\/agrupacionespsoe.es\/melilla\/el-psoe-denuncia-el-terrible-estado-de-abandono-de-la-canada-de-hidum-y-exige-a-la-ciudad-que-actue-de-inmediato\/\" \/>\n<meta property=\"og:locale\" content=\"es_ES\" \/>\n<meta property=\"og:type\" content=\"article\" \/>\n<meta property=\"og:title\" content=\"El PSOE denuncia el terrible estado de abandono de la Ca\u00f1ada de Hid\u00fam y exige a la Ciudad que act\u00fae de inmediato - Agrupaci\u00f3n Socialista de Melilla\" \/>\n<meta property=\"og:description\" content=\"Sabrina Moh: \u00abLa situaci\u00f3n que viven estos vecinos es intolerable. Est\u00e1 claro que para el PP todos los barrios no son iguales\u00bb El Partido Socialista de Melilla ha denunciado p\u00fablicamente el estado de abandono absoluto que sufre el barrio de la Ca\u00f1ada de Hidum, una situaci\u00f3n que consideran \u00abinsostenible\u00bb y que achacan directamente a la ...\" \/>\n<meta property=\"og:url\" content=\"https:\/\/agrupacionespsoe.es\/melilla\/el-psoe-denuncia-el-terrible-estado-de-abandono-de-la-canada-de-hidum-y-exige-a-la-ciudad-que-actue-de-inmediato\/\" \/>\n<meta property=\"og:site_name\" content=\"Agrupaci\u00f3n Socialista de Melilla\" \/>\n<meta property=\"article:published_time\" content=\"2025-06-29T09:07:49+00:00\" \/>\n<meta property=\"article:modified_time\" content=\"2025-06-29T09:07:50+00:00\" \/>\n<meta property=\"og:image\" content=\"https:\/\/agrupacionespsoe.es\/melilla\/wp-content\/uploads\/sites\/120\/2025\/06\/IMG_8111.jpeg\" \/>\n\t<meta property=\"og:image:width\" content=\"2560\" \/>\n\t<meta property=\"og:image:height\" content=\"1441\" \/>\n\t<meta property=\"og:image:type\" content=\"image\/jpeg\" \/>\n<meta name=\"author\" content=\"melilla2\" \/>\n<meta name=\"twitter:card\" content=\"summary_large_image\" \/>\n<meta name=\"twitter:label1\" content=\"Escrito por\" \/>\n\t<meta name=\"twitter:data1\" content=\"melilla2\" \/>\n\t<meta name=\"twitter:label2\" content=\"Tiempo de lectura\" \/>\n\t<meta name=\"twitter:data2\" content=\"3 minutos\" \/>\n<script type=\"application\/ld+json\" class=\"yoast-schema-graph\">{\"@context\":\"https:\/\/schema.org\",\"@graph\":[{\"@type\":\"Article\",\"@id\":\"https:\/\/agrupacionespsoe.es\/melilla\/el-psoe-denuncia-el-terrible-estado-de-abandono-de-la-canada-de-hidum-y-exige-a-la-ciudad-que-actue-de-inmediato\/#article\",\"isPartOf\":{\"@id\":\"https:\/\/agrupacionespsoe.es\/melilla\/el-psoe-denuncia-el-terrible-estado-de-abandono-de-la-canada-de-hidum-y-exige-a-la-ciudad-que-actue-de-inmediato\/\"},\"author\":{\"name\":\"melilla2\",\"@id\":\"https:\/\/agrupacionespsoe.es\/melilla\/#\/schema\/person\/72bb3075a827d0ed0623682b96c92bd6\"},\"headline\":\"El PSOE denuncia el terrible estado de abandono de la Ca\u00f1ada de Hid\u00fam y exige a la Ciudad que act\u00fae de inmediato\",\"datePublished\":\"2025-06-29T09:07:49+00:00\",\"dateModified\":\"2025-06-29T09:07:50+00:00\",\"mainEntityOfPage\":{\"@id\":\"https:\/\/agrupacionespsoe.es\/melilla\/el-psoe-denuncia-el-terrible-estado-de-abandono-de-la-canada-de-hidum-y-exige-a-la-ciudad-que-actue-de-inmediato\/\"},\"wordCount\":572,\"commentCount\":0,\"publisher\":{\"@id\":\"https:\/\/agrupacionespsoe.es\/melilla\/#organization\"},\"image\":{\"@id\":\"https:\/\/agrupacionespsoe.es\/melilla\/el-psoe-denuncia-el-terrible-estado-de-abandono-de-la-canada-de-hidum-y-exige-a-la-ciudad-que-actue-de-inmediato\/#primaryimage\"},\"thumbnailUrl\":\"https:\/\/agrupacionespsoe.es\/melilla\/wp-content\/uploads\/sites\/120\/2025\/06\/IMG_8111.jpeg\",\"inLanguage\":\"es\",\"potentialAction\":[{\"@type\":\"CommentAction\",\"name\":\"Comment\",\"target\":[\"https:\/\/agrupacionespsoe.es\/melilla\/el-psoe-denuncia-el-terrible-estado-de-abandono-de-la-canada-de-hidum-y-exige-a-la-ciudad-que-actue-de-inmediato\/#respond\"]}]},{\"@type\":\"WebPage\",\"@id\":\"https:\/\/agrupacionespsoe.es\/melilla\/el-psoe-denuncia-el-terrible-estado-de-abandono-de-la-canada-de-hidum-y-exige-a-la-ciudad-que-actue-de-inmediato\/\",\"url\":\"https:\/\/agrupacionespsoe.es\/melilla\/el-psoe-denuncia-el-terrible-estado-de-abandono-de-la-canada-de-hidum-y-exige-a-la-ciudad-que-actue-de-inmediato\/\",\"name\":\"El PSOE denuncia el terrible estado de abandono de la Ca\u00f1ada de Hid\u00fam y exige a la Ciudad que act\u00fae de inmediato - Agrupaci\u00f3n Socialista de Melilla\",\"isPartOf\":{\"@id\":\"https:\/\/agrupacionespsoe.es\/melilla\/#website\"},\"primaryImageOfPage\":{\"@id\":\"https:\/\/agrupacionespsoe.es\/melilla\/el-psoe-denuncia-el-terrible-estado-de-abandono-de-la-canada-de-hidum-y-exige-a-la-ciudad-que-actue-de-inmediato\/#primaryimage\"},\"image\":{\"@id\":\"https:\/\/agrupacionespsoe.es\/melilla\/el-psoe-denuncia-el-terrible-estado-de-abandono-de-la-canada-de-hidum-y-exige-a-la-ciudad-que-actue-de-inmediato\/#primaryimage\"},\"thumbnailUrl\":\"https:\/\/agrupacionespsoe.es\/melilla\/wp-content\/uploads\/sites\/120\/2025\/06\/IMG_8111.jpeg\",\"datePublished\":\"2025-06-29T09:07:49+00:00\",\"dateModified\":\"2025-06-29T09:07:50+00:00\",\"breadcrumb\":{\"@id\":\"https:\/\/agrupacionespsoe.es\/melilla\/el-psoe-denuncia-el-terrible-estado-de-abandono-de-la-canada-de-hidum-y-exige-a-la-ciudad-que-actue-de-inmediato\/#breadcrumb\"},\"inLanguage\":\"es\",\"potentialAction\":[{\"@type\":\"ReadAction\",\"target\":[\"https:\/\/agrupacionespsoe.es\/melilla\/el-psoe-denuncia-el-terrible-estado-de-abandono-de-la-canada-de-hidum-y-exige-a-la-ciudad-que-actue-de-inmediato\/\"]}]},{\"@type\":\"ImageObject\",\"inLanguage\":\"es\",\"@id\":\"https:\/\/agrupacionespsoe.es\/melilla\/el-psoe-denuncia-el-terrible-estado-de-abandono-de-la-canada-de-hidum-y-exige-a-la-ciudad-que-actue-de-inmediato\/#primaryimage\",\"url\":\"https:\/\/agrupacionespsoe.es\/melilla\/wp-content\/uploads\/sites\/120\/2025\/06\/IMG_8111.jpeg\",\"contentUrl\":\"https:\/\/agrupacionespsoe.es\/melilla\/wp-content\/uploads\/sites\/120\/2025\/06\/IMG_8111.jpeg\",\"width\":2560,\"height\":1441},{\"@type\":\"BreadcrumbList\",\"@id\":\"https:\/\/agrupacionespsoe.es\/melilla\/el-psoe-denuncia-el-terrible-estado-de-abandono-de-la-canada-de-hidum-y-exige-a-la-ciudad-que-actue-de-inmediato\/#breadcrumb\",\"itemListElement\":[{\"@type\":\"ListItem\",\"position\":1,\"name\":\"Portada\",\"item\":\"https:\/\/agrupacionespsoe.es\/melilla\/\"},{\"@type\":\"ListItem\",\"position\":2,\"name\":\"El PSOE denuncia el terrible estado de abandono de la Ca\u00f1ada de Hid\u00fam y exige a la Ciudad que act\u00fae de inmediato\"}]},{\"@type\":\"WebSite\",\"@id\":\"https:\/\/agrupacionespsoe.es\/melilla\/#website\",\"url\":\"https:\/\/agrupacionespsoe.es\/melilla\/\",\"name\":\"Agrupaci\u00f3n Socialista de Melilla\",\"description\":\"Agrupaci\u00f3n Socialista de Melilla\",\"publisher\":{\"@id\":\"https:\/\/agrupacionespsoe.es\/melilla\/#organization\"},\"potentialAction\":[{\"@type\":\"SearchAction\",\"target\":{\"@type\":\"EntryPoint\",\"urlTemplate\":\"https:\/\/agrupacionespsoe.es\/melilla\/?s={search_term_string}\"},\"query-input\":{\"@type\":\"PropertyValueSpecification\",\"valueRequired\":true,\"valueName\":\"search_term_string\"}}],\"inLanguage\":\"es\"},{\"@type\":\"Organization\",\"@id\":\"https:\/\/agrupacionespsoe.es\/melilla\/#organization\",\"name\":\"Agrupaci\u00f3n Socialista de Melilla\",\"url\":\"https:\/\/agrupacionespsoe.es\/melilla\/\",\"logo\":{\"@type\":\"ImageObject\",\"inLanguage\":\"es\",\"@id\":\"https:\/\/agrupacionespsoe.es\/melilla\/#\/schema\/logo\/image\/\",\"url\":\"https:\/\/agrupacionespsoe.es\/wp-content\/uploads\/2022\/07\/Logotipo_electoral_del_PSOE.png\",\"contentUrl\":\"https:\/\/agrupacionespsoe.es\/wp-content\/uploads\/2022\/07\/Logotipo_electoral_del_PSOE.png\",\"width\":422,\"height\":422,\"caption\":\"Agrupaci\u00f3n Socialista de Melilla\"},\"image\":{\"@id\":\"https:\/\/agrupacionespsoe.es\/melilla\/#\/schema\/logo\/image\/\"}},{\"@type\":\"Person\",\"@id\":\"https:\/\/agrupacionespsoe.es\/melilla\/#\/schema\/person\/72bb3075a827d0ed0623682b96c92bd6\",\"name\":\"melilla2\",\"image\":{\"@type\":\"ImageObject\",\"inLanguage\":\"es\",\"@id\":\"https:\/\/agrupacionespsoe.es\/melilla\/#\/schema\/person\/image\/\",\"url\":\"https:\/\/secure.gravatar.com\/avatar\/489a178e794e59f00db13a448aabca16?s=96&d=mm&r=g\",\"contentUrl\":\"https:\/\/secure.gravatar.com\/avatar\/489a178e794e59f00db13a448aabca16?s=96&d=mm&r=g\",\"caption\":\"melilla2\"},\"url\":\"https:\/\/agrupacionespsoe.es\/melilla\/author\/melilla2\/\"}]}<\/script>\n<!-- \/ Yoast SEO plugin. -->","yoast_head_json":{"title":"El PSOE denuncia el terrible estado de abandono de la Ca\u00f1ada de Hid\u00fam y exige a la Ciudad que act\u00fae de inmediato - Agrupaci\u00f3n Socialista de Melilla","robots":{"index":"index","follow":"follow","max-snippet":"max-snippet:-1","max-image-preview":"max-image-preview:large","max-video-preview":"max-video-preview:-1"},"canonical":"https:\/\/agrupacionespsoe.es\/melilla\/el-psoe-denuncia-el-terrible-estado-de-abandono-de-la-canada-de-hidum-y-exige-a-la-ciudad-que-actue-de-inmediato\/","og_locale":"es_ES","og_type":"article","og_title":"El PSOE denuncia el terrible estado de abandono de la Ca\u00f1ada de Hid\u00fam y exige a la Ciudad que act\u00fae de inmediato - Agrupaci\u00f3n Socialista de Melilla","og_description":"Sabrina Moh: \u00abLa situaci\u00f3n que viven estos vecinos es intolerable. Est\u00e1 claro que para el PP todos los barrios no son iguales\u00bb El Partido Socialista de Melilla ha denunciado p\u00fablicamente el estado de abandono absoluto que sufre el barrio de la Ca\u00f1ada de Hidum, una situaci\u00f3n que consideran \u00abinsostenible\u00bb y que achacan directamente a la ...","og_url":"https:\/\/agrupacionespsoe.es\/melilla\/el-psoe-denuncia-el-terrible-estado-de-abandono-de-la-canada-de-hidum-y-exige-a-la-ciudad-que-actue-de-inmediato\/","og_site_name":"Agrupaci\u00f3n Socialista de Melilla","article_published_time":"2025-06-29T09:07:49+00:00","article_modified_time":"2025-06-29T09:07:50+00:00","og_image":[{"width":2560,"height":1441,"url":"https:\/\/agrupacionespsoe.es\/melilla\/wp-content\/uploads\/sites\/120\/2025\/06\/IMG_8111.jpeg","type":"image\/jpeg"}],"author":"melilla2","twitter_card":"summary_large_image","twitter_misc":{"Escrito por":"melilla2","Tiempo de lectura":"3 minutos"},"schema":{"@context":"https:\/\/schema.org","@graph":[{"@type":"Article","@id":"https:\/\/agrupacionespsoe.es\/melilla\/el-psoe-denuncia-el-terrible-estado-de-abandono-de-la-canada-de-hidum-y-exige-a-la-ciudad-que-actue-de-inmediato\/#article","isPartOf":{"@id":"https:\/\/agrupacionespsoe.es\/melilla\/el-psoe-denuncia-el-terrible-estado-de-abandono-de-la-canada-de-hidum-y-exige-a-la-ciudad-que-actue-de-inmediato\/"},"author":{"name":"melilla2","@id":"https:\/\/agrupacionespsoe.es\/melilla\/#\/schema\/person\/72bb3075a827d0ed0623682b96c92bd6"},"headline":"El PSOE denuncia el terrible estado de abandono de la Ca\u00f1ada de Hid\u00fam y exige a la Ciudad que act\u00fae de inmediato","datePublished":"2025-06-29T09:07:49+00:00","dateModified":"2025-06-29T09:07:50+00:00","mainEntityOfPage":{"@id":"https:\/\/agrupacionespsoe.es\/melilla\/el-psoe-denuncia-el-terrible-estado-de-abandono-de-la-canada-de-hidum-y-exige-a-la-ciudad-que-actue-de-inmediato\/"},"wordCount":572,"commentCount":0,"publisher":{"@id":"https:\/\/agrupacionespsoe.es\/melilla\/#organization"},"image":{"@id":"https:\/\/agrupacionespsoe.es\/melilla\/el-psoe-denuncia-el-terrible-estado-de-abandono-de-la-canada-de-hidum-y-exige-a-la-ciudad-que-actue-de-inmediato\/#primaryimage"},"thumbnailUrl":"https:\/\/agrupacionespsoe.es\/melilla\/wp-content\/uploads\/sites\/120\/2025\/06\/IMG_8111.jpeg","inLanguage":"es","potentialAction":[{"@type":"CommentAction","name":"Comment","target":["https:\/\/agrupacionespsoe.es\/melilla\/el-psoe-denuncia-el-terrible-estado-de-abandono-de-la-canada-de-hidum-y-exige-a-la-ciudad-que-actue-de-inmediato\/#respond"]}]},{"@type":"WebPage","@id":"https:\/\/agrupacionespsoe.es\/melilla\/el-psoe-denuncia-el-terrible-estado-de-abandono-de-la-canada-de-hidum-y-exige-a-la-ciudad-que-actue-de-inmediato\/","url":"https:\/\/agrupacionespsoe.es\/melilla\/el-psoe-denuncia-el-terrible-estado-de-abandono-de-la-canada-de-hidum-y-exige-a-la-ciudad-que-actue-de-inmediato\/","name":"El PSOE denuncia el terrible estado de abandono de la Ca\u00f1ada de Hid\u00fam y exige a la Ciudad que act\u00fae de inmediato - Agrupaci\u00f3n Socialista de Melilla","isPartOf":{"@id":"https:\/\/agrupacionespsoe.es\/melilla\/#website"},"primaryImageOfPage":{"@id":"https:\/\/agrupacionespsoe.es\/melilla\/el-psoe-denuncia-el-terrible-estado-de-abandono-de-la-canada-de-hidum-y-exige-a-la-ciudad-que-actue-de-inmediato\/#primaryimage"},"image":{"@id":"https:\/\/agrupacionespsoe.es\/melilla\/el-psoe-denuncia-el-terrible-estado-de-abandono-de-la-canada-de-hidum-y-exige-a-la-ciudad-que-actue-de-inmediato\/#primaryimage"},"thumbnailUrl":"https:\/\/agrupacionespsoe.es\/melilla\/wp-content\/uploads\/sites\/120\/2025\/06\/IMG_8111.jpeg","datePublished":"2025-06-29T09:07:49+00:00","dateModified":"2025-06-29T09:07:50+00:00","breadcrumb":{"@id":"https:\/\/agrupacionespsoe.es\/melilla\/el-psoe-denuncia-el-terrible-estado-de-abandono-de-la-canada-de-hidum-y-exige-a-la-ciudad-que-actue-de-inmediato\/#breadcrumb"},"inLanguage":"es","potentialAction":[{"@type":"ReadAction","target":["https:\/\/agrupacionespsoe.es\/melilla\/el-psoe-denuncia-el-terrible-estado-de-abandono-de-la-canada-de-hidum-y-exige-a-la-ciudad-que-actue-de-inmediato\/"]}]},{"@type":"ImageObject","inLanguage":"es","@id":"https:\/\/agrupacionespsoe.es\/melilla\/el-psoe-denuncia-el-terrible-estado-de-abandono-de-la-canada-de-hidum-y-exige-a-la-ciudad-que-actue-de-inmediato\/#primaryimage","url":"https:\/\/agrupacionespsoe.es\/melilla\/wp-content\/uploads\/sites\/120\/2025\/06\/IMG_8111.jpeg","contentUrl":"https:\/\/agrupacionespsoe.es\/melilla\/wp-content\/uploads\/sites\/120\/2025\/06\/IMG_8111.jpeg","width":2560,"height":1441},{"@type":"BreadcrumbList","@id":"https:\/\/agrupacionespsoe.es\/melilla\/el-psoe-denuncia-el-terrible-estado-de-abandono-de-la-canada-de-hidum-y-exige-a-la-ciudad-que-actue-de-inmediato\/#breadcrumb","itemListElement":[{"@type":"ListItem","position":1,"name":"Portada","item":"https:\/\/agrupacionespsoe.es\/melilla\/"},{"@type":"ListItem","position":2,"name":"El PSOE denuncia el terrible estado de abandono de la Ca\u00f1ada de Hid\u00fam y exige a la Ciudad que act\u00fae de inmediato"}]},{"@type":"WebSite","@id":"https:\/\/agrupacionespsoe.es\/melilla\/#website","url":"https:\/\/agrupacionespsoe.es\/melilla\/","name":"Agrupaci\u00f3n Socialista de Melilla","description":"Agrupaci\u00f3n Socialista de Melilla","publisher":{"@id":"https:\/\/agrupacionespsoe.es\/melilla\/#organization"},"potentialAction":[{"@type":"SearchAction","target":{"@type":"EntryPoint","urlTemplate":"https:\/\/agrupacionespsoe.es\/melilla\/?s={search_term_string}"},"query-input":{"@type":"PropertyValueSpecification","valueRequired":true,"valueName":"search_term_string"}}],"inLanguage":"es"},{"@type":"Organization","@id":"https:\/\/agrupacionespsoe.es\/melilla\/#organization","name":"Agrupaci\u00f3n Socialista de Melilla","url":"https:\/\/agrupacionespsoe.es\/melilla\/","logo":{"@type":"ImageObject","inLanguage":"es","@id":"https:\/\/agrupacionespsoe.es\/melilla\/#\/schema\/logo\/image\/","url":"https:\/\/agrupacionespsoe.es\/wp-content\/uploads\/2022\/07\/Logotipo_electoral_del_PSOE.png","contentUrl":"https:\/\/agrupacionespsoe.es\/wp-content\/uploads\/2022\/07\/Logotipo_electoral_del_PSOE.png","width":422,"height":422,"caption":"Agrupaci\u00f3n Socialista de Melilla"},"image":{"@id":"https:\/\/agrupacionespsoe.es\/melilla\/#\/schema\/logo\/image\/"}},{"@type":"Person","@id":"https:\/\/agrupacionespsoe.es\/melilla\/#\/schema\/person\/72bb3075a827d0ed0623682b96c92bd6","name":"melilla2","image":{"@type":"ImageObject","inLanguage":"es","@id":"https:\/\/agrupacionespsoe.es\/melilla\/#\/schema\/person\/image\/","url":"https:\/\/secure.gravatar.com\/avatar\/489a178e794e59f00db13a448aabca16?s=96&d=mm&r=g","contentUrl":"https:\/\/secure.gravatar.com\/avatar\/489a178e794e59f00db13a448aabca16?s=96&d=mm&r=g","caption":"melilla2"},"url":"https:\/\/agrupacionespsoe.es\/melilla\/author\/melilla2\/"}]}},"jetpack_featured_media_url":"https:\/\/agrupacionespsoe.es\/melilla\/wp-content\/uploads\/sites\/120\/2025\/06\/IMG_8111.jpeg","jetpack_sharing_enabled":true,"_links":{"self":[{"href":"https:\/\/agrupacionespsoe.es\/melilla\/wp-json\/wp\/v2\/posts\/1957","targetHints":{"allow":["GET"]}}],"collection":[{"href":"https:\/\/agrupacionespsoe.es\/melilla\/wp-json\/wp\/v2\/posts"}],"about":[{"href":"https:\/\/agrupacionespsoe.es\/melilla\/wp-json\/wp\/v2\/types\/post"}],"author":[{"embeddable":true,"href":"https:\/\/agrupacionespsoe.es\/melilla\/wp-json\/wp\/v2\/users\/187"}],"replies":[{"embeddable":true,"href":"https:\/\/agrupacionespsoe.es\/melilla\/wp-json\/wp\/v2\/comments?post=1957"}],"version-history":[{"count":1,"href":"https:\/\/agrupacionespsoe.es\/melilla\/wp-json\/wp\/v2\/posts\/1957\/revisions"}],"predecessor-version":[{"id":1959,"href":"https:\/\/agrupacionespsoe.es\/melilla\/wp-json\/wp\/v2\/posts\/1957\/revisions\/1959"}],"wp:featuredmedia":[{"embeddable":true,"href":"https:\/\/agrupacionespsoe.es\/melilla\/wp-json\/wp\/v2\/media\/1958"}],"wp:attachment":[{"href":"https:\/\/agrupacionespsoe.es\/melilla\/wp-json\/wp\/v2\/media?parent=1957"}],"wp:term":[{"taxonomy":"category","embeddable":true,"href":"https:\/\/agrupacionespsoe.es\/melilla\/wp-json\/wp\/v2\/categories?post=1957"},{"taxonomy":"post_tag","embeddable":true,"href":"https:\/\/agrupacionespsoe.es\/melilla\/wp-json\/wp\/v2\/tags?post=1957"}],"curies":[{"name":"wp","href":"https:\/\/api.w.org\/{rel}","templated":true}]}}