{"id":1940,"date":"2025-06-24T14:31:10","date_gmt":"2025-06-24T14:31:10","guid":{"rendered":"https:\/\/agrupacionespsoe.es\/melilla\/?p=1940"},"modified":"2025-06-24T14:31:12","modified_gmt":"2025-06-24T14:31:12","slug":"el-psoe-interpelara-a-la-ciudad-sobre-la-vivienda-el-abandono-de-los-barrios-y-el-genocidio-del-pueblo-palestino","status":"publish","type":"post","link":"https:\/\/agrupacionespsoe.es\/melilla\/el-psoe-interpelara-a-la-ciudad-sobre-la-vivienda-el-abandono-de-los-barrios-y-el-genocidio-del-pueblo-palestino\/","title":{"rendered":"El PSOE interpelar\u00e1 a la Ciudad sobre\u00a0la\u00a0vivienda,\u00a0el\u00a0abandono de\u00a0los\u00a0barrios y el genocidio del pueblo palestino"},"content":{"rendered":"\n<p><strong>Tambi\u00e9n preguntar\u00e1 sobre los retrasos en las licencias de los establecimientos y los planes para una segunda playa para mascotas<\/strong><\/p>\n\n\n\n<p>El portavoz del Grupo Municipal Socialista en la Asamblea de Melilla, Rafael Robles, ha anunciado las principales cuestiones que el PSOE plantear\u00e1 al Gobierno de la Ciudad en el pr\u00f3ximo pleno, previsto para este viernes 27 de junio. Las preguntas, ha explicado, abordan asuntos \u201cde especial relevancia&nbsp;y sensibilidad<a><\/a>&nbsp;para la ciudadan\u00eda melillense\u201d.<\/p>\n\n\n\n<p>En primer lugar, los socialistas pedir\u00e1n explicaciones al Ejecutivo local sobre el retraso en la concesi\u00f3n de licencias para establecimientos comerciales. \u201cQueremos saber por qu\u00e9 se est\u00e1 tardando tanto en concederlas. \u00bfA qu\u00e9 se debe esto? Es un problema que est\u00e1 afectando a muchos melillenses que quieren abrir o regularizar sus negocios\u201d, ha se\u00f1alado Robles.<\/p>\n\n\n\n<p>Otro de los temas que preocupa al Grupo Socialista es el abandono de los barrios de Melilla. \u201cTal y como les hemos venido alertando en sucesivos plenos, los barrios est\u00e1n completamente abandonados. \u00bfCu\u00e1ndo piensa el Gobierno actuar de forma integral para revertir esta situaci\u00f3n?\u201d, cuestionar\u00e1 el PSOE.<\/p>\n\n\n\n<p>La formaci\u00f3n socialista tambi\u00e9n interpelar\u00e1 al Gobierno local sobre la posibilidad de habilitar una segunda playa para mascotas. \u201cCada vez son m\u00e1s los ciudadanos que conviven con animales, y es evidente que la actual playa canina, ubicada en Horcas Coloradas, resulta insuficiente. Queremos saber si el Ejecutivo tiene previsto habilitar otra zona de este tipo\u201d, ha afirmado.<\/p>\n\n\n\n<p>En materia de vivienda, el PSOE exigir\u00e1 claridad sobre los planes del Ejecutivo. \u201cSeg\u00fan los \u00faltimos datos del INE, el precio de la vivienda en Melilla ha subido un 14% en el primer trimestre de 2025. Sin embargo, a\u00fan no sabemos cu\u00e1ntas viviendas tiene previsto entregar este Gobierno de aqu\u00ed a final de legislatura\u201d, ha recalcado Robles.<\/p>\n\n\n\n<p>Por \u00faltimo, el Grupo Socialista pedir\u00e1 al Gobierno de la Ciudad que se pronuncie sobre la situaci\u00f3n en Palestina. \u201cAnte la barbarie que sufre el pueblo palestino, el Gobierno de la Naci\u00f3n se ha posicionado con claridad y contundencia. Desde nuestro grupo tambi\u00e9n hemos dejado clara nuestra postura y hemos presentado una moci\u00f3n al respecto. \u00bfCu\u00e1ndo piensa posicionarse el Gobierno de la Ciudad ante este genocidio?\u201d, ha concluido Robles.<\/p>\n","protected":false},"excerpt":{"rendered":"<p>Tambi\u00e9n preguntar\u00e1 sobre los retrasos en las licencias de los establecimientos y los planes para una segunda playa para mascotas El portavoz del Grupo Municipal Socialista en la Asamblea de Melilla, Rafael Robles, ha anunciado las principales cuestiones que el PSOE plantear\u00e1 al Gobierno de la Ciudad en el pr\u00f3ximo pleno, previsto para este viernes &#8230;<\/p>\n","protected":false},"author":187,"featured_media":1685,"comment_status":"open","ping_status":"open","sticky":false,"template":"","format":"standard","meta":{"_jetpack_memberships_contains_paid_content":false,"footnotes":""},"categories":[1],"tags":[],"class_list":["post-1940","post","type-post","status-publish","format-standard","has-post-thumbnail","hentry","category-sin-categoria"],"yoast_head":"<!-- This site is optimized with the Yoast SEO plugin v24.0 - https:\/\/yoast.com\/wordpress\/plugins\/seo\/ -->\n<title>El PSOE interpelar\u00e1 a la Ciudad sobre\u00a0la\u00a0vivienda,\u00a0el\u00a0abandono de\u00a0los\u00a0barrios y el genocidio del pueblo palestino - Agrupaci\u00f3n Socialista de Melilla<\/title>\n<meta name=\"robots\" content=\"index, follow, max-snippet:-1, max-image-preview:large, max-video-preview:-1\" \/>\n<link rel=\"canonical\" href=\"https:\/\/agrupacionespsoe.es\/melilla\/el-psoe-interpelara-a-la-ciudad-sobre-la-vivienda-el-abandono-de-los-barrios-y-el-genocidio-del-pueblo-palestino\/\" \/>\n<meta property=\"og:locale\" content=\"es_ES\" \/>\n<meta property=\"og:type\" content=\"article\" \/>\n<meta property=\"og:title\" content=\"El PSOE interpelar\u00e1 a la Ciudad sobre\u00a0la\u00a0vivienda,\u00a0el\u00a0abandono de\u00a0los\u00a0barrios y el genocidio del pueblo palestino - Agrupaci\u00f3n Socialista de Melilla\" \/>\n<meta property=\"og:description\" content=\"Tambi\u00e9n preguntar\u00e1 sobre los retrasos en las licencias de los establecimientos y los planes para una segunda playa para mascotas El portavoz del Grupo Municipal Socialista en la Asamblea de Melilla, Rafael Robles, ha anunciado las principales cuestiones que el PSOE plantear\u00e1 al Gobierno de la Ciudad en el pr\u00f3ximo pleno, previsto para este viernes ...\" \/>\n<meta property=\"og:url\" content=\"https:\/\/agrupacionespsoe.es\/melilla\/el-psoe-interpelara-a-la-ciudad-sobre-la-vivienda-el-abandono-de-los-barrios-y-el-genocidio-del-pueblo-palestino\/\" \/>\n<meta property=\"og:site_name\" content=\"Agrupaci\u00f3n Socialista de Melilla\" \/>\n<meta property=\"article:published_time\" content=\"2025-06-24T14:31:10+00:00\" \/>\n<meta property=\"article:modified_time\" content=\"2025-06-24T14:31:12+00:00\" \/>\n<meta property=\"og:image\" content=\"https:\/\/agrupacionespsoe.es\/melilla\/wp-content\/uploads\/sites\/120\/2025\/03\/WhatsApp-Image-2025-03-28-at-15.10.40.jpeg\" \/>\n\t<meta property=\"og:image:width\" content=\"1600\" \/>\n\t<meta property=\"og:image:height\" content=\"901\" \/>\n\t<meta property=\"og:image:type\" content=\"image\/jpeg\" \/>\n<meta name=\"author\" content=\"melilla2\" \/>\n<meta name=\"twitter:card\" content=\"summary_large_image\" \/>\n<meta name=\"twitter:label1\" content=\"Escrito por\" \/>\n\t<meta name=\"twitter:data1\" content=\"melilla2\" \/>\n\t<meta name=\"twitter:label2\" content=\"Tiempo de lectura\" \/>\n\t<meta name=\"twitter:data2\" content=\"2 minutos\" \/>\n<script type=\"application\/ld+json\" class=\"yoast-schema-graph\">{\"@context\":\"https:\/\/schema.org\",\"@graph\":[{\"@type\":\"Article\",\"@id\":\"https:\/\/agrupacionespsoe.es\/melilla\/el-psoe-interpelara-a-la-ciudad-sobre-la-vivienda-el-abandono-de-los-barrios-y-el-genocidio-del-pueblo-palestino\/#article\",\"isPartOf\":{\"@id\":\"https:\/\/agrupacionespsoe.es\/melilla\/el-psoe-interpelara-a-la-ciudad-sobre-la-vivienda-el-abandono-de-los-barrios-y-el-genocidio-del-pueblo-palestino\/\"},\"author\":{\"name\":\"melilla2\",\"@id\":\"https:\/\/agrupacionespsoe.es\/melilla\/#\/schema\/person\/72bb3075a827d0ed0623682b96c92bd6\"},\"headline\":\"El PSOE interpelar\u00e1 a la Ciudad sobre\u00a0la\u00a0vivienda,\u00a0el\u00a0abandono de\u00a0los\u00a0barrios y el genocidio del pueblo palestino\",\"datePublished\":\"2025-06-24T14:31:10+00:00\",\"dateModified\":\"2025-06-24T14:31:12+00:00\",\"mainEntityOfPage\":{\"@id\":\"https:\/\/agrupacionespsoe.es\/melilla\/el-psoe-interpelara-a-la-ciudad-sobre-la-vivienda-el-abandono-de-los-barrios-y-el-genocidio-del-pueblo-palestino\/\"},\"wordCount\":397,\"commentCount\":0,\"publisher\":{\"@id\":\"https:\/\/agrupacionespsoe.es\/melilla\/#organization\"},\"image\":{\"@id\":\"https:\/\/agrupacionespsoe.es\/melilla\/el-psoe-interpelara-a-la-ciudad-sobre-la-vivienda-el-abandono-de-los-barrios-y-el-genocidio-del-pueblo-palestino\/#primaryimage\"},\"thumbnailUrl\":\"https:\/\/agrupacionespsoe.es\/melilla\/wp-content\/uploads\/sites\/120\/2025\/03\/WhatsApp-Image-2025-03-28-at-15.10.40.jpeg\",\"inLanguage\":\"es\",\"potentialAction\":[{\"@type\":\"CommentAction\",\"name\":\"Comment\",\"target\":[\"https:\/\/agrupacionespsoe.es\/melilla\/el-psoe-interpelara-a-la-ciudad-sobre-la-vivienda-el-abandono-de-los-barrios-y-el-genocidio-del-pueblo-palestino\/#respond\"]}]},{\"@type\":\"WebPage\",\"@id\":\"https:\/\/agrupacionespsoe.es\/melilla\/el-psoe-interpelara-a-la-ciudad-sobre-la-vivienda-el-abandono-de-los-barrios-y-el-genocidio-del-pueblo-palestino\/\",\"url\":\"https:\/\/agrupacionespsoe.es\/melilla\/el-psoe-interpelara-a-la-ciudad-sobre-la-vivienda-el-abandono-de-los-barrios-y-el-genocidio-del-pueblo-palestino\/\",\"name\":\"El PSOE interpelar\u00e1 a la Ciudad sobre\u00a0la\u00a0vivienda,\u00a0el\u00a0abandono de\u00a0los\u00a0barrios y el genocidio del pueblo palestino - Agrupaci\u00f3n Socialista de Melilla\",\"isPartOf\":{\"@id\":\"https:\/\/agrupacionespsoe.es\/melilla\/#website\"},\"primaryImageOfPage\":{\"@id\":\"https:\/\/agrupacionespsoe.es\/melilla\/el-psoe-interpelara-a-la-ciudad-sobre-la-vivienda-el-abandono-de-los-barrios-y-el-genocidio-del-pueblo-palestino\/#primaryimage\"},\"image\":{\"@id\":\"https:\/\/agrupacionespsoe.es\/melilla\/el-psoe-interpelara-a-la-ciudad-sobre-la-vivienda-el-abandono-de-los-barrios-y-el-genocidio-del-pueblo-palestino\/#primaryimage\"},\"thumbnailUrl\":\"https:\/\/agrupacionespsoe.es\/melilla\/wp-content\/uploads\/sites\/120\/2025\/03\/WhatsApp-Image-2025-03-28-at-15.10.40.jpeg\",\"datePublished\":\"2025-06-24T14:31:10+00:00\",\"dateModified\":\"2025-06-24T14:31:12+00:00\",\"breadcrumb\":{\"@id\":\"https:\/\/agrupacionespsoe.es\/melilla\/el-psoe-interpelara-a-la-ciudad-sobre-la-vivienda-el-abandono-de-los-barrios-y-el-genocidio-del-pueblo-palestino\/#breadcrumb\"},\"inLanguage\":\"es\",\"potentialAction\":[{\"@type\":\"ReadAction\",\"target\":[\"https:\/\/agrupacionespsoe.es\/melilla\/el-psoe-interpelara-a-la-ciudad-sobre-la-vivienda-el-abandono-de-los-barrios-y-el-genocidio-del-pueblo-palestino\/\"]}]},{\"@type\":\"ImageObject\",\"inLanguage\":\"es\",\"@id\":\"https:\/\/agrupacionespsoe.es\/melilla\/el-psoe-interpelara-a-la-ciudad-sobre-la-vivienda-el-abandono-de-los-barrios-y-el-genocidio-del-pueblo-palestino\/#primaryimage\",\"url\":\"https:\/\/agrupacionespsoe.es\/melilla\/wp-content\/uploads\/sites\/120\/2025\/03\/WhatsApp-Image-2025-03-28-at-15.10.40.jpeg\",\"contentUrl\":\"https:\/\/agrupacionespsoe.es\/melilla\/wp-content\/uploads\/sites\/120\/2025\/03\/WhatsApp-Image-2025-03-28-at-15.10.40.jpeg\",\"width\":1600,\"height\":901},{\"@type\":\"BreadcrumbList\",\"@id\":\"https:\/\/agrupacionespsoe.es\/melilla\/el-psoe-interpelara-a-la-ciudad-sobre-la-vivienda-el-abandono-de-los-barrios-y-el-genocidio-del-pueblo-palestino\/#breadcrumb\",\"itemListElement\":[{\"@type\":\"ListItem\",\"position\":1,\"name\":\"Portada\",\"item\":\"https:\/\/agrupacionespsoe.es\/melilla\/\"},{\"@type\":\"ListItem\",\"position\":2,\"name\":\"El PSOE interpelar\u00e1 a la Ciudad sobre\u00a0la\u00a0vivienda,\u00a0el\u00a0abandono de\u00a0los\u00a0barrios y el genocidio del pueblo palestino\"}]},{\"@type\":\"WebSite\",\"@id\":\"https:\/\/agrupacionespsoe.es\/melilla\/#website\",\"url\":\"https:\/\/agrupacionespsoe.es\/melilla\/\",\"name\":\"Agrupaci\u00f3n Socialista de Melilla\",\"description\":\"Agrupaci\u00f3n Socialista de Melilla\",\"publisher\":{\"@id\":\"https:\/\/agrupacionespsoe.es\/melilla\/#organization\"},\"potentialAction\":[{\"@type\":\"SearchAction\",\"target\":{\"@type\":\"EntryPoint\",\"urlTemplate\":\"https:\/\/agrupacionespsoe.es\/melilla\/?s={search_term_string}\"},\"query-input\":{\"@type\":\"PropertyValueSpecification\",\"valueRequired\":true,\"valueName\":\"search_term_string\"}}],\"inLanguage\":\"es\"},{\"@type\":\"Organization\",\"@id\":\"https:\/\/agrupacionespsoe.es\/melilla\/#organization\",\"name\":\"Agrupaci\u00f3n Socialista de Melilla\",\"url\":\"https:\/\/agrupacionespsoe.es\/melilla\/\",\"logo\":{\"@type\":\"ImageObject\",\"inLanguage\":\"es\",\"@id\":\"https:\/\/agrupacionespsoe.es\/melilla\/#\/schema\/logo\/image\/\",\"url\":\"https:\/\/agrupacionespsoe.es\/wp-content\/uploads\/2022\/07\/Logotipo_electoral_del_PSOE.png\",\"contentUrl\":\"https:\/\/agrupacionespsoe.es\/wp-content\/uploads\/2022\/07\/Logotipo_electoral_del_PSOE.png\",\"width\":422,\"height\":422,\"caption\":\"Agrupaci\u00f3n Socialista de Melilla\"},\"image\":{\"@id\":\"https:\/\/agrupacionespsoe.es\/melilla\/#\/schema\/logo\/image\/\"}},{\"@type\":\"Person\",\"@id\":\"https:\/\/agrupacionespsoe.es\/melilla\/#\/schema\/person\/72bb3075a827d0ed0623682b96c92bd6\",\"name\":\"melilla2\",\"image\":{\"@type\":\"ImageObject\",\"inLanguage\":\"es\",\"@id\":\"https:\/\/agrupacionespsoe.es\/melilla\/#\/schema\/person\/image\/\",\"url\":\"https:\/\/secure.gravatar.com\/avatar\/489a178e794e59f00db13a448aabca16?s=96&d=mm&r=g\",\"contentUrl\":\"https:\/\/secure.gravatar.com\/avatar\/489a178e794e59f00db13a448aabca16?s=96&d=mm&r=g\",\"caption\":\"melilla2\"},\"url\":\"https:\/\/agrupacionespsoe.es\/melilla\/author\/melilla2\/\"}]}<\/script>\n<!-- \/ Yoast SEO plugin. -->","yoast_head_json":{"title":"El PSOE interpelar\u00e1 a la Ciudad sobre\u00a0la\u00a0vivienda,\u00a0el\u00a0abandono de\u00a0los\u00a0barrios y el genocidio del pueblo palestino - Agrupaci\u00f3n Socialista de Melilla","robots":{"index":"index","follow":"follow","max-snippet":"max-snippet:-1","max-image-preview":"max-image-preview:large","max-video-preview":"max-video-preview:-1"},"canonical":"https:\/\/agrupacionespsoe.es\/melilla\/el-psoe-interpelara-a-la-ciudad-sobre-la-vivienda-el-abandono-de-los-barrios-y-el-genocidio-del-pueblo-palestino\/","og_locale":"es_ES","og_type":"article","og_title":"El PSOE interpelar\u00e1 a la Ciudad sobre\u00a0la\u00a0vivienda,\u00a0el\u00a0abandono de\u00a0los\u00a0barrios y el genocidio del pueblo palestino - Agrupaci\u00f3n Socialista de Melilla","og_description":"Tambi\u00e9n preguntar\u00e1 sobre los retrasos en las licencias de los establecimientos y los planes para una segunda playa para mascotas El portavoz del Grupo Municipal Socialista en la Asamblea de Melilla, Rafael Robles, ha anunciado las principales cuestiones que el PSOE plantear\u00e1 al Gobierno de la Ciudad en el pr\u00f3ximo pleno, previsto para este viernes ...","og_url":"https:\/\/agrupacionespsoe.es\/melilla\/el-psoe-interpelara-a-la-ciudad-sobre-la-vivienda-el-abandono-de-los-barrios-y-el-genocidio-del-pueblo-palestino\/","og_site_name":"Agrupaci\u00f3n Socialista de Melilla","article_published_time":"2025-06-24T14:31:10+00:00","article_modified_time":"2025-06-24T14:31:12+00:00","og_image":[{"width":1600,"height":901,"url":"https:\/\/agrupacionespsoe.es\/melilla\/wp-content\/uploads\/sites\/120\/2025\/03\/WhatsApp-Image-2025-03-28-at-15.10.40.jpeg","type":"image\/jpeg"}],"author":"melilla2","twitter_card":"summary_large_image","twitter_misc":{"Escrito por":"melilla2","Tiempo de lectura":"2 minutos"},"schema":{"@context":"https:\/\/schema.org","@graph":[{"@type":"Article","@id":"https:\/\/agrupacionespsoe.es\/melilla\/el-psoe-interpelara-a-la-ciudad-sobre-la-vivienda-el-abandono-de-los-barrios-y-el-genocidio-del-pueblo-palestino\/#article","isPartOf":{"@id":"https:\/\/agrupacionespsoe.es\/melilla\/el-psoe-interpelara-a-la-ciudad-sobre-la-vivienda-el-abandono-de-los-barrios-y-el-genocidio-del-pueblo-palestino\/"},"author":{"name":"melilla2","@id":"https:\/\/agrupacionespsoe.es\/melilla\/#\/schema\/person\/72bb3075a827d0ed0623682b96c92bd6"},"headline":"El PSOE interpelar\u00e1 a la Ciudad sobre\u00a0la\u00a0vivienda,\u00a0el\u00a0abandono de\u00a0los\u00a0barrios y el genocidio del pueblo palestino","datePublished":"2025-06-24T14:31:10+00:00","dateModified":"2025-06-24T14:31:12+00:00","mainEntityOfPage":{"@id":"https:\/\/agrupacionespsoe.es\/melilla\/el-psoe-interpelara-a-la-ciudad-sobre-la-vivienda-el-abandono-de-los-barrios-y-el-genocidio-del-pueblo-palestino\/"},"wordCount":397,"commentCount":0,"publisher":{"@id":"https:\/\/agrupacionespsoe.es\/melilla\/#organization"},"image":{"@id":"https:\/\/agrupacionespsoe.es\/melilla\/el-psoe-interpelara-a-la-ciudad-sobre-la-vivienda-el-abandono-de-los-barrios-y-el-genocidio-del-pueblo-palestino\/#primaryimage"},"thumbnailUrl":"https:\/\/agrupacionespsoe.es\/melilla\/wp-content\/uploads\/sites\/120\/2025\/03\/WhatsApp-Image-2025-03-28-at-15.10.40.jpeg","inLanguage":"es","potentialAction":[{"@type":"CommentAction","name":"Comment","target":["https:\/\/agrupacionespsoe.es\/melilla\/el-psoe-interpelara-a-la-ciudad-sobre-la-vivienda-el-abandono-de-los-barrios-y-el-genocidio-del-pueblo-palestino\/#respond"]}]},{"@type":"WebPage","@id":"https:\/\/agrupacionespsoe.es\/melilla\/el-psoe-interpelara-a-la-ciudad-sobre-la-vivienda-el-abandono-de-los-barrios-y-el-genocidio-del-pueblo-palestino\/","url":"https:\/\/agrupacionespsoe.es\/melilla\/el-psoe-interpelara-a-la-ciudad-sobre-la-vivienda-el-abandono-de-los-barrios-y-el-genocidio-del-pueblo-palestino\/","name":"El PSOE interpelar\u00e1 a la Ciudad sobre\u00a0la\u00a0vivienda,\u00a0el\u00a0abandono de\u00a0los\u00a0barrios y el genocidio del pueblo palestino - Agrupaci\u00f3n Socialista de Melilla","isPartOf":{"@id":"https:\/\/agrupacionespsoe.es\/melilla\/#website"},"primaryImageOfPage":{"@id":"https:\/\/agrupacionespsoe.es\/melilla\/el-psoe-interpelara-a-la-ciudad-sobre-la-vivienda-el-abandono-de-los-barrios-y-el-genocidio-del-pueblo-palestino\/#primaryimage"},"image":{"@id":"https:\/\/agrupacionespsoe.es\/melilla\/el-psoe-interpelara-a-la-ciudad-sobre-la-vivienda-el-abandono-de-los-barrios-y-el-genocidio-del-pueblo-palestino\/#primaryimage"},"thumbnailUrl":"https:\/\/agrupacionespsoe.es\/melilla\/wp-content\/uploads\/sites\/120\/2025\/03\/WhatsApp-Image-2025-03-28-at-15.10.40.jpeg","datePublished":"2025-06-24T14:31:10+00:00","dateModified":"2025-06-24T14:31:12+00:00","breadcrumb":{"@id":"https:\/\/agrupacionespsoe.es\/melilla\/el-psoe-interpelara-a-la-ciudad-sobre-la-vivienda-el-abandono-de-los-barrios-y-el-genocidio-del-pueblo-palestino\/#breadcrumb"},"inLanguage":"es","potentialAction":[{"@type":"ReadAction","target":["https:\/\/agrupacionespsoe.es\/melilla\/el-psoe-interpelara-a-la-ciudad-sobre-la-vivienda-el-abandono-de-los-barrios-y-el-genocidio-del-pueblo-palestino\/"]}]},{"@type":"ImageObject","inLanguage":"es","@id":"https:\/\/agrupacionespsoe.es\/melilla\/el-psoe-interpelara-a-la-ciudad-sobre-la-vivienda-el-abandono-de-los-barrios-y-el-genocidio-del-pueblo-palestino\/#primaryimage","url":"https:\/\/agrupacionespsoe.es\/melilla\/wp-content\/uploads\/sites\/120\/2025\/03\/WhatsApp-Image-2025-03-28-at-15.10.40.jpeg","contentUrl":"https:\/\/agrupacionespsoe.es\/melilla\/wp-content\/uploads\/sites\/120\/2025\/03\/WhatsApp-Image-2025-03-28-at-15.10.40.jpeg","width":1600,"height":901},{"@type":"BreadcrumbList","@id":"https:\/\/agrupacionespsoe.es\/melilla\/el-psoe-interpelara-a-la-ciudad-sobre-la-vivienda-el-abandono-de-los-barrios-y-el-genocidio-del-pueblo-palestino\/#breadcrumb","itemListElement":[{"@type":"ListItem","position":1,"name":"Portada","item":"https:\/\/agrupacionespsoe.es\/melilla\/"},{"@type":"ListItem","position":2,"name":"El PSOE interpelar\u00e1 a la Ciudad sobre\u00a0la\u00a0vivienda,\u00a0el\u00a0abandono de\u00a0los\u00a0barrios y el genocidio del pueblo palestino"}]},{"@type":"WebSite","@id":"https:\/\/agrupacionespsoe.es\/melilla\/#website","url":"https:\/\/agrupacionespsoe.es\/melilla\/","name":"Agrupaci\u00f3n Socialista de Melilla","description":"Agrupaci\u00f3n Socialista de Melilla","publisher":{"@id":"https:\/\/agrupacionespsoe.es\/melilla\/#organization"},"potentialAction":[{"@type":"SearchAction","target":{"@type":"EntryPoint","urlTemplate":"https:\/\/agrupacionespsoe.es\/melilla\/?s={search_term_string}"},"query-input":{"@type":"PropertyValueSpecification","valueRequired":true,"valueName":"search_term_string"}}],"inLanguage":"es"},{"@type":"Organization","@id":"https:\/\/agrupacionespsoe.es\/melilla\/#organization","name":"Agrupaci\u00f3n Socialista de Melilla","url":"https:\/\/agrupacionespsoe.es\/melilla\/","logo":{"@type":"ImageObject","inLanguage":"es","@id":"https:\/\/agrupacionespsoe.es\/melilla\/#\/schema\/logo\/image\/","url":"https:\/\/agrupacionespsoe.es\/wp-content\/uploads\/2022\/07\/Logotipo_electoral_del_PSOE.png","contentUrl":"https:\/\/agrupacionespsoe.es\/wp-content\/uploads\/2022\/07\/Logotipo_electoral_del_PSOE.png","width":422,"height":422,"caption":"Agrupaci\u00f3n Socialista de Melilla"},"image":{"@id":"https:\/\/agrupacionespsoe.es\/melilla\/#\/schema\/logo\/image\/"}},{"@type":"Person","@id":"https:\/\/agrupacionespsoe.es\/melilla\/#\/schema\/person\/72bb3075a827d0ed0623682b96c92bd6","name":"melilla2","image":{"@type":"ImageObject","inLanguage":"es","@id":"https:\/\/agrupacionespsoe.es\/melilla\/#\/schema\/person\/image\/","url":"https:\/\/secure.gravatar.com\/avatar\/489a178e794e59f00db13a448aabca16?s=96&d=mm&r=g","contentUrl":"https:\/\/secure.gravatar.com\/avatar\/489a178e794e59f00db13a448aabca16?s=96&d=mm&r=g","caption":"melilla2"},"url":"https:\/\/agrupacionespsoe.es\/melilla\/author\/melilla2\/"}]}},"jetpack_featured_media_url":"https:\/\/agrupacionespsoe.es\/melilla\/wp-content\/uploads\/sites\/120\/2025\/03\/WhatsApp-Image-2025-03-28-at-15.10.40.jpeg","jetpack_sharing_enabled":true,"_links":{"self":[{"href":"https:\/\/agrupacionespsoe.es\/melilla\/wp-json\/wp\/v2\/posts\/1940","targetHints":{"allow":["GET"]}}],"collection":[{"href":"https:\/\/agrupacionespsoe.es\/melilla\/wp-json\/wp\/v2\/posts"}],"about":[{"href":"https:\/\/agrupacionespsoe.es\/melilla\/wp-json\/wp\/v2\/types\/post"}],"author":[{"embeddable":true,"href":"https:\/\/agrupacionespsoe.es\/melilla\/wp-json\/wp\/v2\/users\/187"}],"replies":[{"embeddable":true,"href":"https:\/\/agrupacionespsoe.es\/melilla\/wp-json\/wp\/v2\/comments?post=1940"}],"version-history":[{"count":1,"href":"https:\/\/agrupacionespsoe.es\/melilla\/wp-json\/wp\/v2\/posts\/1940\/revisions"}],"predecessor-version":[{"id":1941,"href":"https:\/\/agrupacionespsoe.es\/melilla\/wp-json\/wp\/v2\/posts\/1940\/revisions\/1941"}],"wp:featuredmedia":[{"embeddable":true,"href":"https:\/\/agrupacionespsoe.es\/melilla\/wp-json\/wp\/v2\/media\/1685"}],"wp:attachment":[{"href":"https:\/\/agrupacionespsoe.es\/melilla\/wp-json\/wp\/v2\/media?parent=1940"}],"wp:term":[{"taxonomy":"category","embeddable":true,"href":"https:\/\/agrupacionespsoe.es\/melilla\/wp-json\/wp\/v2\/categories?post=1940"},{"taxonomy":"post_tag","embeddable":true,"href":"https:\/\/agrupacionespsoe.es\/melilla\/wp-json\/wp\/v2\/tags?post=1940"}],"curies":[{"name":"wp","href":"https:\/\/api.w.org\/{rel}","templated":true}]}}