{"id":1938,"date":"2025-06-24T14:17:02","date_gmt":"2025-06-24T14:17:02","guid":{"rendered":"https:\/\/agrupacionespsoe.es\/melilla\/?p=1938"},"modified":"2025-06-24T14:17:03","modified_gmt":"2025-06-24T14:17:03","slug":"el-psoe-pide-explicaciones-a-la-ciudad-sobre-el-posible-ciberataque","status":"publish","type":"post","link":"https:\/\/agrupacionespsoe.es\/melilla\/el-psoe-pide-explicaciones-a-la-ciudad-sobre-el-posible-ciberataque\/","title":{"rendered":"El PSOE pide explicaciones a la Ciudad sobre el posible ciberataque"},"content":{"rendered":"\n<p><strong>Robles: \u201cTras dos d\u00edas, seguimos sin saber qu\u00e9 ocurre y qu\u00e9 medidas se est\u00e1n tomando. Los datos de miles de ciudadanos podr\u00edan estar en&nbsp;<\/strong><strong>peligro<\/strong><a><\/a><strong>\u201d<\/strong><\/p>\n\n\n\n<p>El portavoz del&nbsp;PSOE en&nbsp;Melilla, Rafael Robles, ha&nbsp;exigido al Gobierno local que comparezca p\u00fablicamente y ofrezca explicaciones sobre el posible ciberataque que ha sufrido la Ciudad Aut\u00f3noma. \u201cNecesitamos saber si los datos de miles de personas est\u00e1n en juego.&nbsp;Necesitamos saber qu\u00e9 es lo que ha pasado realmente y qu\u00e9 medidas se est\u00e1n tomando al respecto para solucionar esta crisis lo antes posible\u201d.&nbsp;<\/p>\n\n\n\n<p>Robles ha compartido la preocupaci\u00f3n&nbsp;que, tras dos d\u00edas de silencio por parte del Gobierno de la Ciudad, se ha instalado con fuerza entre la ciudadan\u00eda, que desconoce&nbsp;qu\u00e9 ha pasado realmente con el&nbsp;posible&nbsp;ciberataque&nbsp;y cu\u00e1l es el grado de su alcance.&nbsp;<\/p>\n\n\n\n<p>\u201cEstamos hablando de un ataque que ha&nbsp;paralizado servicios esenciales y&nbsp;ha afectado a la operatividad interna de los sistemas administrativos. Dos d\u00edas despu\u00e9s, no tenemos&nbsp;ni una sola explicaci\u00f3n oficial&nbsp;ni una comparecencia t\u00e9cnica\u201d, ha criticado.<\/p>\n\n\n\n<p>Por este motivo, desde el PSOE exigen a la Ciudad Aut\u00f3noma que expliquen de inmediato qu\u00e9 es lo que realmente ha sucedido y cu\u00e1l es el grado de su alcance. \u201c\u00bfSe ha producido un robo masivo de datos?&nbsp;\u00bfHa habido destrucci\u00f3n o p\u00e9rdida irreversible de informaci\u00f3n p\u00fablica?\u00bfSe han expuesto o comprometido las contrase\u00f1as personales de los ciudadanos y empleados p\u00fablicos?\u00bfEst\u00e1n a salvo los datos bancarios de las domiciliaciones que gestiona la Administraci\u00f3n?\u201d, ha cuestionado.&nbsp;<\/p>\n\n\n\n<p>Llegado a este punto, Robles ha querido dejar claro que \u201clo que est\u00e1 en juego&nbsp;no es s\u00f3lo&nbsp;la confianza de los melillenses en sus instituciones, sino&nbsp;la privacidad y protecci\u00f3n de miles de personas que conf\u00edan sus datos a esta instituci\u00f3n\u201d.<\/p>\n\n\n\n<p>En ese sentido, el portavoz socialista ha querido saber qu\u00e9 soluciones est\u00e1 planteando el Ejecutivo local ante esta crisis institucional tras dos d\u00edas de silencio. \u201cHasta el momento, no sabemos si se ha activado un protocolo de&nbsp;ciberseguridad&nbsp;o&nbsp;si se ha puesto en marcha un plan de contingencia para proteger a los ciudadanos\u201d, ha se\u00f1alado.<\/p>\n\n\n\n<p>\u201cNo se trata de&nbsp;un fallo menor. Esto es grave\u201d, ha insistido Robles, exigiendo al Gobierno local que cumpla con sus responsabilidades y&nbsp;comparezca p\u00fablicamente de forma. \u201cLos ciudadanos necesitamos saber lo que est\u00e1 pasando. Pero no con medias verdades, cortinas de humo y echando balones fuera, sino con la seriedad y la responsabilidad pol\u00edtica que requiera una situaci\u00f3n de este calibre\u201d.<\/p>\n","protected":false},"excerpt":{"rendered":"<p>Robles: \u201cTras dos d\u00edas, seguimos sin saber qu\u00e9 ocurre y qu\u00e9 medidas se est\u00e1n tomando. Los datos de miles de ciudadanos podr\u00edan estar en&nbsp;peligro\u201d El portavoz del&nbsp;PSOE en&nbsp;Melilla, Rafael Robles, ha&nbsp;exigido al Gobierno local que comparezca p\u00fablicamente y ofrezca explicaciones sobre el posible ciberataque que ha sufrido la Ciudad Aut\u00f3noma. \u201cNecesitamos saber si los datos &#8230;<\/p>\n","protected":false},"author":187,"featured_media":1728,"comment_status":"open","ping_status":"open","sticky":false,"template":"","format":"standard","meta":{"_jetpack_memberships_contains_paid_content":false,"footnotes":""},"categories":[1],"tags":[],"class_list":["post-1938","post","type-post","status-publish","format-standard","has-post-thumbnail","hentry","category-sin-categoria"],"yoast_head":"<!-- This site is optimized with the Yoast SEO plugin v24.0 - https:\/\/yoast.com\/wordpress\/plugins\/seo\/ -->\n<title>El PSOE pide explicaciones a la Ciudad sobre el posible ciberataque - Agrupaci\u00f3n Socialista de Melilla<\/title>\n<meta name=\"robots\" content=\"index, follow, max-snippet:-1, max-image-preview:large, max-video-preview:-1\" \/>\n<link rel=\"canonical\" href=\"https:\/\/agrupacionespsoe.es\/melilla\/el-psoe-pide-explicaciones-a-la-ciudad-sobre-el-posible-ciberataque\/\" \/>\n<meta property=\"og:locale\" content=\"es_ES\" \/>\n<meta property=\"og:type\" content=\"article\" \/>\n<meta property=\"og:title\" content=\"El PSOE pide explicaciones a la Ciudad sobre el posible ciberataque - Agrupaci\u00f3n Socialista de Melilla\" \/>\n<meta property=\"og:description\" content=\"Robles: \u201cTras dos d\u00edas, seguimos sin saber qu\u00e9 ocurre y qu\u00e9 medidas se est\u00e1n tomando. Los datos de miles de ciudadanos podr\u00edan estar en&nbsp;peligro\u201d El portavoz del&nbsp;PSOE en&nbsp;Melilla, Rafael Robles, ha&nbsp;exigido al Gobierno local que comparezca p\u00fablicamente y ofrezca explicaciones sobre el posible ciberataque que ha sufrido la Ciudad Aut\u00f3noma. \u201cNecesitamos saber si los datos ...\" \/>\n<meta property=\"og:url\" content=\"https:\/\/agrupacionespsoe.es\/melilla\/el-psoe-pide-explicaciones-a-la-ciudad-sobre-el-posible-ciberataque\/\" \/>\n<meta property=\"og:site_name\" content=\"Agrupaci\u00f3n Socialista de Melilla\" \/>\n<meta property=\"article:published_time\" content=\"2025-06-24T14:17:02+00:00\" \/>\n<meta property=\"article:modified_time\" content=\"2025-06-24T14:17:03+00:00\" \/>\n<meta property=\"og:image\" content=\"https:\/\/agrupacionespsoe.es\/melilla\/wp-content\/uploads\/sites\/120\/2025\/04\/WhatsApp-Image-2025-04-24-at-11.08.38-scaled.jpeg\" \/>\n\t<meta property=\"og:image:width\" content=\"2560\" \/>\n\t<meta property=\"og:image:height\" content=\"1707\" \/>\n\t<meta property=\"og:image:type\" content=\"image\/jpeg\" \/>\n<meta name=\"author\" content=\"melilla2\" \/>\n<meta name=\"twitter:card\" content=\"summary_large_image\" \/>\n<meta name=\"twitter:label1\" content=\"Escrito por\" \/>\n\t<meta name=\"twitter:data1\" content=\"melilla2\" \/>\n\t<meta name=\"twitter:label2\" content=\"Tiempo de lectura\" \/>\n\t<meta name=\"twitter:data2\" content=\"3 minutos\" \/>\n<script type=\"application\/ld+json\" class=\"yoast-schema-graph\">{\"@context\":\"https:\/\/schema.org\",\"@graph\":[{\"@type\":\"Article\",\"@id\":\"https:\/\/agrupacionespsoe.es\/melilla\/el-psoe-pide-explicaciones-a-la-ciudad-sobre-el-posible-ciberataque\/#article\",\"isPartOf\":{\"@id\":\"https:\/\/agrupacionespsoe.es\/melilla\/el-psoe-pide-explicaciones-a-la-ciudad-sobre-el-posible-ciberataque\/\"},\"author\":{\"name\":\"melilla2\",\"@id\":\"https:\/\/agrupacionespsoe.es\/melilla\/#\/schema\/person\/72bb3075a827d0ed0623682b96c92bd6\"},\"headline\":\"El PSOE pide explicaciones a la Ciudad sobre el posible ciberataque\",\"datePublished\":\"2025-06-24T14:17:02+00:00\",\"dateModified\":\"2025-06-24T14:17:03+00:00\",\"mainEntityOfPage\":{\"@id\":\"https:\/\/agrupacionespsoe.es\/melilla\/el-psoe-pide-explicaciones-a-la-ciudad-sobre-el-posible-ciberataque\/\"},\"wordCount\":478,\"commentCount\":0,\"publisher\":{\"@id\":\"https:\/\/agrupacionespsoe.es\/melilla\/#organization\"},\"image\":{\"@id\":\"https:\/\/agrupacionespsoe.es\/melilla\/el-psoe-pide-explicaciones-a-la-ciudad-sobre-el-posible-ciberataque\/#primaryimage\"},\"thumbnailUrl\":\"https:\/\/agrupacionespsoe.es\/melilla\/wp-content\/uploads\/sites\/120\/2025\/04\/WhatsApp-Image-2025-04-24-at-11.08.38-scaled.jpeg\",\"inLanguage\":\"es\",\"potentialAction\":[{\"@type\":\"CommentAction\",\"name\":\"Comment\",\"target\":[\"https:\/\/agrupacionespsoe.es\/melilla\/el-psoe-pide-explicaciones-a-la-ciudad-sobre-el-posible-ciberataque\/#respond\"]}]},{\"@type\":\"WebPage\",\"@id\":\"https:\/\/agrupacionespsoe.es\/melilla\/el-psoe-pide-explicaciones-a-la-ciudad-sobre-el-posible-ciberataque\/\",\"url\":\"https:\/\/agrupacionespsoe.es\/melilla\/el-psoe-pide-explicaciones-a-la-ciudad-sobre-el-posible-ciberataque\/\",\"name\":\"El PSOE pide explicaciones a la Ciudad sobre el posible ciberataque - Agrupaci\u00f3n Socialista de Melilla\",\"isPartOf\":{\"@id\":\"https:\/\/agrupacionespsoe.es\/melilla\/#website\"},\"primaryImageOfPage\":{\"@id\":\"https:\/\/agrupacionespsoe.es\/melilla\/el-psoe-pide-explicaciones-a-la-ciudad-sobre-el-posible-ciberataque\/#primaryimage\"},\"image\":{\"@id\":\"https:\/\/agrupacionespsoe.es\/melilla\/el-psoe-pide-explicaciones-a-la-ciudad-sobre-el-posible-ciberataque\/#primaryimage\"},\"thumbnailUrl\":\"https:\/\/agrupacionespsoe.es\/melilla\/wp-content\/uploads\/sites\/120\/2025\/04\/WhatsApp-Image-2025-04-24-at-11.08.38-scaled.jpeg\",\"datePublished\":\"2025-06-24T14:17:02+00:00\",\"dateModified\":\"2025-06-24T14:17:03+00:00\",\"breadcrumb\":{\"@id\":\"https:\/\/agrupacionespsoe.es\/melilla\/el-psoe-pide-explicaciones-a-la-ciudad-sobre-el-posible-ciberataque\/#breadcrumb\"},\"inLanguage\":\"es\",\"potentialAction\":[{\"@type\":\"ReadAction\",\"target\":[\"https:\/\/agrupacionespsoe.es\/melilla\/el-psoe-pide-explicaciones-a-la-ciudad-sobre-el-posible-ciberataque\/\"]}]},{\"@type\":\"ImageObject\",\"inLanguage\":\"es\",\"@id\":\"https:\/\/agrupacionespsoe.es\/melilla\/el-psoe-pide-explicaciones-a-la-ciudad-sobre-el-posible-ciberataque\/#primaryimage\",\"url\":\"https:\/\/agrupacionespsoe.es\/melilla\/wp-content\/uploads\/sites\/120\/2025\/04\/WhatsApp-Image-2025-04-24-at-11.08.38-scaled.jpeg\",\"contentUrl\":\"https:\/\/agrupacionespsoe.es\/melilla\/wp-content\/uploads\/sites\/120\/2025\/04\/WhatsApp-Image-2025-04-24-at-11.08.38-scaled.jpeg\",\"width\":2560,\"height\":1707},{\"@type\":\"BreadcrumbList\",\"@id\":\"https:\/\/agrupacionespsoe.es\/melilla\/el-psoe-pide-explicaciones-a-la-ciudad-sobre-el-posible-ciberataque\/#breadcrumb\",\"itemListElement\":[{\"@type\":\"ListItem\",\"position\":1,\"name\":\"Portada\",\"item\":\"https:\/\/agrupacionespsoe.es\/melilla\/\"},{\"@type\":\"ListItem\",\"position\":2,\"name\":\"El PSOE pide explicaciones a la Ciudad sobre el posible ciberataque\"}]},{\"@type\":\"WebSite\",\"@id\":\"https:\/\/agrupacionespsoe.es\/melilla\/#website\",\"url\":\"https:\/\/agrupacionespsoe.es\/melilla\/\",\"name\":\"Agrupaci\u00f3n Socialista de Melilla\",\"description\":\"Agrupaci\u00f3n Socialista de Melilla\",\"publisher\":{\"@id\":\"https:\/\/agrupacionespsoe.es\/melilla\/#organization\"},\"potentialAction\":[{\"@type\":\"SearchAction\",\"target\":{\"@type\":\"EntryPoint\",\"urlTemplate\":\"https:\/\/agrupacionespsoe.es\/melilla\/?s={search_term_string}\"},\"query-input\":{\"@type\":\"PropertyValueSpecification\",\"valueRequired\":true,\"valueName\":\"search_term_string\"}}],\"inLanguage\":\"es\"},{\"@type\":\"Organization\",\"@id\":\"https:\/\/agrupacionespsoe.es\/melilla\/#organization\",\"name\":\"Agrupaci\u00f3n Socialista de Melilla\",\"url\":\"https:\/\/agrupacionespsoe.es\/melilla\/\",\"logo\":{\"@type\":\"ImageObject\",\"inLanguage\":\"es\",\"@id\":\"https:\/\/agrupacionespsoe.es\/melilla\/#\/schema\/logo\/image\/\",\"url\":\"https:\/\/agrupacionespsoe.es\/wp-content\/uploads\/2022\/07\/Logotipo_electoral_del_PSOE.png\",\"contentUrl\":\"https:\/\/agrupacionespsoe.es\/wp-content\/uploads\/2022\/07\/Logotipo_electoral_del_PSOE.png\",\"width\":422,\"height\":422,\"caption\":\"Agrupaci\u00f3n Socialista de Melilla\"},\"image\":{\"@id\":\"https:\/\/agrupacionespsoe.es\/melilla\/#\/schema\/logo\/image\/\"}},{\"@type\":\"Person\",\"@id\":\"https:\/\/agrupacionespsoe.es\/melilla\/#\/schema\/person\/72bb3075a827d0ed0623682b96c92bd6\",\"name\":\"melilla2\",\"image\":{\"@type\":\"ImageObject\",\"inLanguage\":\"es\",\"@id\":\"https:\/\/agrupacionespsoe.es\/melilla\/#\/schema\/person\/image\/\",\"url\":\"https:\/\/secure.gravatar.com\/avatar\/489a178e794e59f00db13a448aabca16?s=96&d=mm&r=g\",\"contentUrl\":\"https:\/\/secure.gravatar.com\/avatar\/489a178e794e59f00db13a448aabca16?s=96&d=mm&r=g\",\"caption\":\"melilla2\"},\"url\":\"https:\/\/agrupacionespsoe.es\/melilla\/author\/melilla2\/\"}]}<\/script>\n<!-- \/ Yoast SEO plugin. -->","yoast_head_json":{"title":"El PSOE pide explicaciones a la Ciudad sobre el posible ciberataque - Agrupaci\u00f3n Socialista de Melilla","robots":{"index":"index","follow":"follow","max-snippet":"max-snippet:-1","max-image-preview":"max-image-preview:large","max-video-preview":"max-video-preview:-1"},"canonical":"https:\/\/agrupacionespsoe.es\/melilla\/el-psoe-pide-explicaciones-a-la-ciudad-sobre-el-posible-ciberataque\/","og_locale":"es_ES","og_type":"article","og_title":"El PSOE pide explicaciones a la Ciudad sobre el posible ciberataque - Agrupaci\u00f3n Socialista de Melilla","og_description":"Robles: \u201cTras dos d\u00edas, seguimos sin saber qu\u00e9 ocurre y qu\u00e9 medidas se est\u00e1n tomando. Los datos de miles de ciudadanos podr\u00edan estar en&nbsp;peligro\u201d El portavoz del&nbsp;PSOE en&nbsp;Melilla, Rafael Robles, ha&nbsp;exigido al Gobierno local que comparezca p\u00fablicamente y ofrezca explicaciones sobre el posible ciberataque que ha sufrido la Ciudad Aut\u00f3noma. \u201cNecesitamos saber si los datos ...","og_url":"https:\/\/agrupacionespsoe.es\/melilla\/el-psoe-pide-explicaciones-a-la-ciudad-sobre-el-posible-ciberataque\/","og_site_name":"Agrupaci\u00f3n Socialista de Melilla","article_published_time":"2025-06-24T14:17:02+00:00","article_modified_time":"2025-06-24T14:17:03+00:00","og_image":[{"width":2560,"height":1707,"url":"https:\/\/agrupacionespsoe.es\/melilla\/wp-content\/uploads\/sites\/120\/2025\/04\/WhatsApp-Image-2025-04-24-at-11.08.38-scaled.jpeg","type":"image\/jpeg"}],"author":"melilla2","twitter_card":"summary_large_image","twitter_misc":{"Escrito por":"melilla2","Tiempo de lectura":"3 minutos"},"schema":{"@context":"https:\/\/schema.org","@graph":[{"@type":"Article","@id":"https:\/\/agrupacionespsoe.es\/melilla\/el-psoe-pide-explicaciones-a-la-ciudad-sobre-el-posible-ciberataque\/#article","isPartOf":{"@id":"https:\/\/agrupacionespsoe.es\/melilla\/el-psoe-pide-explicaciones-a-la-ciudad-sobre-el-posible-ciberataque\/"},"author":{"name":"melilla2","@id":"https:\/\/agrupacionespsoe.es\/melilla\/#\/schema\/person\/72bb3075a827d0ed0623682b96c92bd6"},"headline":"El PSOE pide explicaciones a la Ciudad sobre el posible ciberataque","datePublished":"2025-06-24T14:17:02+00:00","dateModified":"2025-06-24T14:17:03+00:00","mainEntityOfPage":{"@id":"https:\/\/agrupacionespsoe.es\/melilla\/el-psoe-pide-explicaciones-a-la-ciudad-sobre-el-posible-ciberataque\/"},"wordCount":478,"commentCount":0,"publisher":{"@id":"https:\/\/agrupacionespsoe.es\/melilla\/#organization"},"image":{"@id":"https:\/\/agrupacionespsoe.es\/melilla\/el-psoe-pide-explicaciones-a-la-ciudad-sobre-el-posible-ciberataque\/#primaryimage"},"thumbnailUrl":"https:\/\/agrupacionespsoe.es\/melilla\/wp-content\/uploads\/sites\/120\/2025\/04\/WhatsApp-Image-2025-04-24-at-11.08.38-scaled.jpeg","inLanguage":"es","potentialAction":[{"@type":"CommentAction","name":"Comment","target":["https:\/\/agrupacionespsoe.es\/melilla\/el-psoe-pide-explicaciones-a-la-ciudad-sobre-el-posible-ciberataque\/#respond"]}]},{"@type":"WebPage","@id":"https:\/\/agrupacionespsoe.es\/melilla\/el-psoe-pide-explicaciones-a-la-ciudad-sobre-el-posible-ciberataque\/","url":"https:\/\/agrupacionespsoe.es\/melilla\/el-psoe-pide-explicaciones-a-la-ciudad-sobre-el-posible-ciberataque\/","name":"El PSOE pide explicaciones a la Ciudad sobre el posible ciberataque - Agrupaci\u00f3n Socialista de Melilla","isPartOf":{"@id":"https:\/\/agrupacionespsoe.es\/melilla\/#website"},"primaryImageOfPage":{"@id":"https:\/\/agrupacionespsoe.es\/melilla\/el-psoe-pide-explicaciones-a-la-ciudad-sobre-el-posible-ciberataque\/#primaryimage"},"image":{"@id":"https:\/\/agrupacionespsoe.es\/melilla\/el-psoe-pide-explicaciones-a-la-ciudad-sobre-el-posible-ciberataque\/#primaryimage"},"thumbnailUrl":"https:\/\/agrupacionespsoe.es\/melilla\/wp-content\/uploads\/sites\/120\/2025\/04\/WhatsApp-Image-2025-04-24-at-11.08.38-scaled.jpeg","datePublished":"2025-06-24T14:17:02+00:00","dateModified":"2025-06-24T14:17:03+00:00","breadcrumb":{"@id":"https:\/\/agrupacionespsoe.es\/melilla\/el-psoe-pide-explicaciones-a-la-ciudad-sobre-el-posible-ciberataque\/#breadcrumb"},"inLanguage":"es","potentialAction":[{"@type":"ReadAction","target":["https:\/\/agrupacionespsoe.es\/melilla\/el-psoe-pide-explicaciones-a-la-ciudad-sobre-el-posible-ciberataque\/"]}]},{"@type":"ImageObject","inLanguage":"es","@id":"https:\/\/agrupacionespsoe.es\/melilla\/el-psoe-pide-explicaciones-a-la-ciudad-sobre-el-posible-ciberataque\/#primaryimage","url":"https:\/\/agrupacionespsoe.es\/melilla\/wp-content\/uploads\/sites\/120\/2025\/04\/WhatsApp-Image-2025-04-24-at-11.08.38-scaled.jpeg","contentUrl":"https:\/\/agrupacionespsoe.es\/melilla\/wp-content\/uploads\/sites\/120\/2025\/04\/WhatsApp-Image-2025-04-24-at-11.08.38-scaled.jpeg","width":2560,"height":1707},{"@type":"BreadcrumbList","@id":"https:\/\/agrupacionespsoe.es\/melilla\/el-psoe-pide-explicaciones-a-la-ciudad-sobre-el-posible-ciberataque\/#breadcrumb","itemListElement":[{"@type":"ListItem","position":1,"name":"Portada","item":"https:\/\/agrupacionespsoe.es\/melilla\/"},{"@type":"ListItem","position":2,"name":"El PSOE pide explicaciones a la Ciudad sobre el posible ciberataque"}]},{"@type":"WebSite","@id":"https:\/\/agrupacionespsoe.es\/melilla\/#website","url":"https:\/\/agrupacionespsoe.es\/melilla\/","name":"Agrupaci\u00f3n Socialista de Melilla","description":"Agrupaci\u00f3n Socialista de Melilla","publisher":{"@id":"https:\/\/agrupacionespsoe.es\/melilla\/#organization"},"potentialAction":[{"@type":"SearchAction","target":{"@type":"EntryPoint","urlTemplate":"https:\/\/agrupacionespsoe.es\/melilla\/?s={search_term_string}"},"query-input":{"@type":"PropertyValueSpecification","valueRequired":true,"valueName":"search_term_string"}}],"inLanguage":"es"},{"@type":"Organization","@id":"https:\/\/agrupacionespsoe.es\/melilla\/#organization","name":"Agrupaci\u00f3n Socialista de Melilla","url":"https:\/\/agrupacionespsoe.es\/melilla\/","logo":{"@type":"ImageObject","inLanguage":"es","@id":"https:\/\/agrupacionespsoe.es\/melilla\/#\/schema\/logo\/image\/","url":"https:\/\/agrupacionespsoe.es\/wp-content\/uploads\/2022\/07\/Logotipo_electoral_del_PSOE.png","contentUrl":"https:\/\/agrupacionespsoe.es\/wp-content\/uploads\/2022\/07\/Logotipo_electoral_del_PSOE.png","width":422,"height":422,"caption":"Agrupaci\u00f3n Socialista de Melilla"},"image":{"@id":"https:\/\/agrupacionespsoe.es\/melilla\/#\/schema\/logo\/image\/"}},{"@type":"Person","@id":"https:\/\/agrupacionespsoe.es\/melilla\/#\/schema\/person\/72bb3075a827d0ed0623682b96c92bd6","name":"melilla2","image":{"@type":"ImageObject","inLanguage":"es","@id":"https:\/\/agrupacionespsoe.es\/melilla\/#\/schema\/person\/image\/","url":"https:\/\/secure.gravatar.com\/avatar\/489a178e794e59f00db13a448aabca16?s=96&d=mm&r=g","contentUrl":"https:\/\/secure.gravatar.com\/avatar\/489a178e794e59f00db13a448aabca16?s=96&d=mm&r=g","caption":"melilla2"},"url":"https:\/\/agrupacionespsoe.es\/melilla\/author\/melilla2\/"}]}},"jetpack_featured_media_url":"https:\/\/agrupacionespsoe.es\/melilla\/wp-content\/uploads\/sites\/120\/2025\/04\/WhatsApp-Image-2025-04-24-at-11.08.38-scaled.jpeg","jetpack_sharing_enabled":true,"_links":{"self":[{"href":"https:\/\/agrupacionespsoe.es\/melilla\/wp-json\/wp\/v2\/posts\/1938","targetHints":{"allow":["GET"]}}],"collection":[{"href":"https:\/\/agrupacionespsoe.es\/melilla\/wp-json\/wp\/v2\/posts"}],"about":[{"href":"https:\/\/agrupacionespsoe.es\/melilla\/wp-json\/wp\/v2\/types\/post"}],"author":[{"embeddable":true,"href":"https:\/\/agrupacionespsoe.es\/melilla\/wp-json\/wp\/v2\/users\/187"}],"replies":[{"embeddable":true,"href":"https:\/\/agrupacionespsoe.es\/melilla\/wp-json\/wp\/v2\/comments?post=1938"}],"version-history":[{"count":1,"href":"https:\/\/agrupacionespsoe.es\/melilla\/wp-json\/wp\/v2\/posts\/1938\/revisions"}],"predecessor-version":[{"id":1939,"href":"https:\/\/agrupacionespsoe.es\/melilla\/wp-json\/wp\/v2\/posts\/1938\/revisions\/1939"}],"wp:featuredmedia":[{"embeddable":true,"href":"https:\/\/agrupacionespsoe.es\/melilla\/wp-json\/wp\/v2\/media\/1728"}],"wp:attachment":[{"href":"https:\/\/agrupacionespsoe.es\/melilla\/wp-json\/wp\/v2\/media?parent=1938"}],"wp:term":[{"taxonomy":"category","embeddable":true,"href":"https:\/\/agrupacionespsoe.es\/melilla\/wp-json\/wp\/v2\/categories?post=1938"},{"taxonomy":"post_tag","embeddable":true,"href":"https:\/\/agrupacionespsoe.es\/melilla\/wp-json\/wp\/v2\/tags?post=1938"}],"curies":[{"name":"wp","href":"https:\/\/api.w.org\/{rel}","templated":true}]}}