{"id":1931,"date":"2025-06-22T16:45:44","date_gmt":"2025-06-22T16:45:44","guid":{"rendered":"https:\/\/agrupacionespsoe.es\/melilla\/?p=1931"},"modified":"2025-06-22T16:45:45","modified_gmt":"2025-06-22T16:45:45","slug":"el-psoe-pide-mas-talento-local-y-mejorar-la-venta-de-entradas-en-la-feria-de-melilla","status":"publish","type":"post","link":"https:\/\/agrupacionespsoe.es\/melilla\/el-psoe-pide-mas-talento-local-y-mejorar-la-venta-de-entradas-en-la-feria-de-melilla\/","title":{"rendered":"El PSOE pide m\u00e1s talento local y mejorar la venta de entradas en la Feria de Melilla"},"content":{"rendered":"\n<p><strong>Riduan Moh: \u201cNuestros artistas se merecen compartir cartel y escenario con referentes nacionales\u201d<\/strong><\/p>\n\n\n\n<p>El diputado del Grupo Municipal Socialista en la Asamblea de Melilla, Riduan Moh, ha pedido varias mejoras para la nueva edici\u00f3n de la Feria de Melilla, que tendr\u00e1 lugar despu\u00e9s del verano. Concretamente, desde el PSOE piden que los artistas locales tengan \u201cm\u00e1s protagonismo\u201d y proponen que se habiliten distintos puntos de venta para las entradas de los conciertos.<\/p>\n\n\n\n<p>\u201cLa Feria de Melilla est\u00e1 a la vuelta de la esquina\u201d, ha anticipado Moh, haciendo hincapi\u00e9 en que se trata de \u201cuna de las fechas m\u00e1s esperadas\u201d por los melillenses. \u201cNuestras Fiestas Patronales son un momento de encuentro, de alegr\u00eda y de celebraci\u00f3n. Pero tambi\u00e9n es una ocasi\u00f3n para reflexionar sobre c\u00f3mo podemos seguir mejorando su organizaci\u00f3n y garantizar que todos disfrutemos al m\u00e1ximo de estos d\u00edas tan especiales\u201d.<\/p>\n\n\n\n<p>Desde el PSOE de Melilla plantean varias propuestas concretas y realistas que responden a los problemas que siguen ocurriendo edici\u00f3n tras edici\u00f3n. Una de ellas, ha afirmado Moh, son las largas colas, al sol, para conseguir una entrada para los conciertos programados en el recinto ferial.<\/p>\n\n\n\n<p>Una imagen, ha continuado, de la que toda la ciudad ha sido testigo estos dos \u00faltimos a\u00f1os. \u201cColas que, principalmente, sufrieron nuestros j\u00f3venes \u2013algunos menores de edad-, que en muchos casos se hicieron inhumanas, inc\u00f3modas y que, desde luego, no reflejan, en absoluto, el esp\u00edritu festivo y de convivencia que debe acompa\u00f1arnos en estas fechas\u201d.<\/p>\n\n\n\n<p>Por eso, los socialistas proponen una medida \u201csencilla, eficaz y con un doble beneficio\u201d: habilitar varios puntos de venta de entradas en distintos comercios de la ciudad. Con esta propuesta, se aliviar\u00eda la concentraci\u00f3n de personas en el punto de venta del recinto ferial y, al mismo tiempo, dinamizar\u00eda el comercio local, teniendo un impacto econ\u00f3mico positivo para los peque\u00f1os negocios de Melilla.<\/p>\n\n\n\n<p><strong>Talento local<\/strong><strong><\/strong><\/p>\n\n\n\n<p>Por otro lado, Riduan Moh tambi\u00e9n ha querido poner en valor el talento musical de la ciudad. \u201cMelilla cuenta con artistas y grupos de gran calidad, con propuestas frescas, originales y comprometidas con nuestra identidad cultural\u201d.<\/p>\n\n\n\n<p>Desde el PSOE son conscientes de que los conciertos de artistas nacionales atraen a mucho p\u00fablico. Por eso, creen fundamental recuperar el formato de teloneros para los artistas locales. Se trata de una f\u00f3rmula que permitir\u00eda que el talento local pueda subirse a los mismos escenarios, compartir cartel y vivir una experiencia que impulse su carrera.<\/p>\n\n\n\n<p>Asimismo, Moh ha asegurado que esta medida puede complementarse con espacios ya existentes, como la tradicional Caseta de la Juventud, que ya cumple un papel importante en la promoci\u00f3n de la cultura local y que puede reforzarse a\u00fan m\u00e1s si se convierte en una plataforma s\u00f3lida para estos artistas emergentes.<\/p>\n\n\n\n<p>\u201cHablamos de peque\u00f1as decisiones que pueden tener un gran impacto en la nueva edici\u00f3n de nuestras Fiestas Patronales. Los socialistas queremos que nuestra Feria no solo sea un evento de diversi\u00f3n, sino tambi\u00e9n de inclusi\u00f3n, de promoci\u00f3n cultural y de apoyo a nuestra econom\u00eda local\u201d, ha concluido.<\/p>\n","protected":false},"excerpt":{"rendered":"<p>Riduan Moh: \u201cNuestros artistas se merecen compartir cartel y escenario con referentes nacionales\u201d El diputado del Grupo Municipal Socialista en la Asamblea de Melilla, Riduan Moh, ha pedido varias mejoras para la nueva edici\u00f3n de la Feria de Melilla, que tendr\u00e1 lugar despu\u00e9s del verano. Concretamente, desde el PSOE piden que los artistas locales tengan &#8230;<\/p>\n","protected":false},"author":187,"featured_media":1932,"comment_status":"open","ping_status":"open","sticky":false,"template":"","format":"standard","meta":{"_jetpack_memberships_contains_paid_content":false,"footnotes":""},"categories":[1],"tags":[],"class_list":["post-1931","post","type-post","status-publish","format-standard","has-post-thumbnail","hentry","category-sin-categoria"],"yoast_head":"<!-- This site is optimized with the Yoast SEO plugin v24.0 - https:\/\/yoast.com\/wordpress\/plugins\/seo\/ -->\n<title>El PSOE pide m\u00e1s talento local y mejorar la venta de entradas en la Feria de Melilla - Agrupaci\u00f3n Socialista de Melilla<\/title>\n<meta name=\"robots\" content=\"index, follow, max-snippet:-1, max-image-preview:large, max-video-preview:-1\" \/>\n<link rel=\"canonical\" href=\"https:\/\/agrupacionespsoe.es\/melilla\/el-psoe-pide-mas-talento-local-y-mejorar-la-venta-de-entradas-en-la-feria-de-melilla\/\" \/>\n<meta property=\"og:locale\" content=\"es_ES\" \/>\n<meta property=\"og:type\" content=\"article\" \/>\n<meta property=\"og:title\" content=\"El PSOE pide m\u00e1s talento local y mejorar la venta de entradas en la Feria de Melilla - Agrupaci\u00f3n Socialista de Melilla\" \/>\n<meta property=\"og:description\" content=\"Riduan Moh: \u201cNuestros artistas se merecen compartir cartel y escenario con referentes nacionales\u201d El diputado del Grupo Municipal Socialista en la Asamblea de Melilla, Riduan Moh, ha pedido varias mejoras para la nueva edici\u00f3n de la Feria de Melilla, que tendr\u00e1 lugar despu\u00e9s del verano. Concretamente, desde el PSOE piden que los artistas locales tengan ...\" \/>\n<meta property=\"og:url\" content=\"https:\/\/agrupacionespsoe.es\/melilla\/el-psoe-pide-mas-talento-local-y-mejorar-la-venta-de-entradas-en-la-feria-de-melilla\/\" \/>\n<meta property=\"og:site_name\" content=\"Agrupaci\u00f3n Socialista de Melilla\" \/>\n<meta property=\"article:published_time\" content=\"2025-06-22T16:45:44+00:00\" \/>\n<meta property=\"article:modified_time\" content=\"2025-06-22T16:45:45+00:00\" \/>\n<meta property=\"og:image\" content=\"https:\/\/agrupacionespsoe.es\/melilla\/wp-content\/uploads\/sites\/120\/2025\/06\/WhatsApp-Image-2025-06-22-at-12.47.53.jpeg\" \/>\n\t<meta property=\"og:image:width\" content=\"1923\" \/>\n\t<meta property=\"og:image:height\" content=\"1328\" \/>\n\t<meta property=\"og:image:type\" content=\"image\/jpeg\" \/>\n<meta name=\"author\" content=\"melilla2\" \/>\n<meta name=\"twitter:card\" content=\"summary_large_image\" \/>\n<meta name=\"twitter:label1\" content=\"Escrito por\" \/>\n\t<meta name=\"twitter:data1\" content=\"melilla2\" \/>\n\t<meta name=\"twitter:label2\" content=\"Tiempo de lectura\" \/>\n\t<meta name=\"twitter:data2\" content=\"3 minutos\" \/>\n<script type=\"application\/ld+json\" class=\"yoast-schema-graph\">{\"@context\":\"https:\/\/schema.org\",\"@graph\":[{\"@type\":\"Article\",\"@id\":\"https:\/\/agrupacionespsoe.es\/melilla\/el-psoe-pide-mas-talento-local-y-mejorar-la-venta-de-entradas-en-la-feria-de-melilla\/#article\",\"isPartOf\":{\"@id\":\"https:\/\/agrupacionespsoe.es\/melilla\/el-psoe-pide-mas-talento-local-y-mejorar-la-venta-de-entradas-en-la-feria-de-melilla\/\"},\"author\":{\"name\":\"melilla2\",\"@id\":\"https:\/\/agrupacionespsoe.es\/melilla\/#\/schema\/person\/72bb3075a827d0ed0623682b96c92bd6\"},\"headline\":\"El PSOE pide m\u00e1s talento local y mejorar la venta de entradas en la Feria de Melilla\",\"datePublished\":\"2025-06-22T16:45:44+00:00\",\"dateModified\":\"2025-06-22T16:45:45+00:00\",\"mainEntityOfPage\":{\"@id\":\"https:\/\/agrupacionespsoe.es\/melilla\/el-psoe-pide-mas-talento-local-y-mejorar-la-venta-de-entradas-en-la-feria-de-melilla\/\"},\"wordCount\":553,\"commentCount\":0,\"publisher\":{\"@id\":\"https:\/\/agrupacionespsoe.es\/melilla\/#organization\"},\"image\":{\"@id\":\"https:\/\/agrupacionespsoe.es\/melilla\/el-psoe-pide-mas-talento-local-y-mejorar-la-venta-de-entradas-en-la-feria-de-melilla\/#primaryimage\"},\"thumbnailUrl\":\"https:\/\/agrupacionespsoe.es\/melilla\/wp-content\/uploads\/sites\/120\/2025\/06\/WhatsApp-Image-2025-06-22-at-12.47.53.jpeg\",\"inLanguage\":\"es\",\"potentialAction\":[{\"@type\":\"CommentAction\",\"name\":\"Comment\",\"target\":[\"https:\/\/agrupacionespsoe.es\/melilla\/el-psoe-pide-mas-talento-local-y-mejorar-la-venta-de-entradas-en-la-feria-de-melilla\/#respond\"]}]},{\"@type\":\"WebPage\",\"@id\":\"https:\/\/agrupacionespsoe.es\/melilla\/el-psoe-pide-mas-talento-local-y-mejorar-la-venta-de-entradas-en-la-feria-de-melilla\/\",\"url\":\"https:\/\/agrupacionespsoe.es\/melilla\/el-psoe-pide-mas-talento-local-y-mejorar-la-venta-de-entradas-en-la-feria-de-melilla\/\",\"name\":\"El PSOE pide m\u00e1s talento local y mejorar la venta de entradas en la Feria de Melilla - Agrupaci\u00f3n Socialista de Melilla\",\"isPartOf\":{\"@id\":\"https:\/\/agrupacionespsoe.es\/melilla\/#website\"},\"primaryImageOfPage\":{\"@id\":\"https:\/\/agrupacionespsoe.es\/melilla\/el-psoe-pide-mas-talento-local-y-mejorar-la-venta-de-entradas-en-la-feria-de-melilla\/#primaryimage\"},\"image\":{\"@id\":\"https:\/\/agrupacionespsoe.es\/melilla\/el-psoe-pide-mas-talento-local-y-mejorar-la-venta-de-entradas-en-la-feria-de-melilla\/#primaryimage\"},\"thumbnailUrl\":\"https:\/\/agrupacionespsoe.es\/melilla\/wp-content\/uploads\/sites\/120\/2025\/06\/WhatsApp-Image-2025-06-22-at-12.47.53.jpeg\",\"datePublished\":\"2025-06-22T16:45:44+00:00\",\"dateModified\":\"2025-06-22T16:45:45+00:00\",\"breadcrumb\":{\"@id\":\"https:\/\/agrupacionespsoe.es\/melilla\/el-psoe-pide-mas-talento-local-y-mejorar-la-venta-de-entradas-en-la-feria-de-melilla\/#breadcrumb\"},\"inLanguage\":\"es\",\"potentialAction\":[{\"@type\":\"ReadAction\",\"target\":[\"https:\/\/agrupacionespsoe.es\/melilla\/el-psoe-pide-mas-talento-local-y-mejorar-la-venta-de-entradas-en-la-feria-de-melilla\/\"]}]},{\"@type\":\"ImageObject\",\"inLanguage\":\"es\",\"@id\":\"https:\/\/agrupacionespsoe.es\/melilla\/el-psoe-pide-mas-talento-local-y-mejorar-la-venta-de-entradas-en-la-feria-de-melilla\/#primaryimage\",\"url\":\"https:\/\/agrupacionespsoe.es\/melilla\/wp-content\/uploads\/sites\/120\/2025\/06\/WhatsApp-Image-2025-06-22-at-12.47.53.jpeg\",\"contentUrl\":\"https:\/\/agrupacionespsoe.es\/melilla\/wp-content\/uploads\/sites\/120\/2025\/06\/WhatsApp-Image-2025-06-22-at-12.47.53.jpeg\",\"width\":1923,\"height\":1328},{\"@type\":\"BreadcrumbList\",\"@id\":\"https:\/\/agrupacionespsoe.es\/melilla\/el-psoe-pide-mas-talento-local-y-mejorar-la-venta-de-entradas-en-la-feria-de-melilla\/#breadcrumb\",\"itemListElement\":[{\"@type\":\"ListItem\",\"position\":1,\"name\":\"Portada\",\"item\":\"https:\/\/agrupacionespsoe.es\/melilla\/\"},{\"@type\":\"ListItem\",\"position\":2,\"name\":\"El PSOE pide m\u00e1s talento local y mejorar la venta de entradas en la Feria de Melilla\"}]},{\"@type\":\"WebSite\",\"@id\":\"https:\/\/agrupacionespsoe.es\/melilla\/#website\",\"url\":\"https:\/\/agrupacionespsoe.es\/melilla\/\",\"name\":\"Agrupaci\u00f3n Socialista de Melilla\",\"description\":\"Agrupaci\u00f3n Socialista de Melilla\",\"publisher\":{\"@id\":\"https:\/\/agrupacionespsoe.es\/melilla\/#organization\"},\"potentialAction\":[{\"@type\":\"SearchAction\",\"target\":{\"@type\":\"EntryPoint\",\"urlTemplate\":\"https:\/\/agrupacionespsoe.es\/melilla\/?s={search_term_string}\"},\"query-input\":{\"@type\":\"PropertyValueSpecification\",\"valueRequired\":true,\"valueName\":\"search_term_string\"}}],\"inLanguage\":\"es\"},{\"@type\":\"Organization\",\"@id\":\"https:\/\/agrupacionespsoe.es\/melilla\/#organization\",\"name\":\"Agrupaci\u00f3n Socialista de Melilla\",\"url\":\"https:\/\/agrupacionespsoe.es\/melilla\/\",\"logo\":{\"@type\":\"ImageObject\",\"inLanguage\":\"es\",\"@id\":\"https:\/\/agrupacionespsoe.es\/melilla\/#\/schema\/logo\/image\/\",\"url\":\"https:\/\/agrupacionespsoe.es\/wp-content\/uploads\/2022\/07\/Logotipo_electoral_del_PSOE.png\",\"contentUrl\":\"https:\/\/agrupacionespsoe.es\/wp-content\/uploads\/2022\/07\/Logotipo_electoral_del_PSOE.png\",\"width\":422,\"height\":422,\"caption\":\"Agrupaci\u00f3n Socialista de Melilla\"},\"image\":{\"@id\":\"https:\/\/agrupacionespsoe.es\/melilla\/#\/schema\/logo\/image\/\"}},{\"@type\":\"Person\",\"@id\":\"https:\/\/agrupacionespsoe.es\/melilla\/#\/schema\/person\/72bb3075a827d0ed0623682b96c92bd6\",\"name\":\"melilla2\",\"image\":{\"@type\":\"ImageObject\",\"inLanguage\":\"es\",\"@id\":\"https:\/\/agrupacionespsoe.es\/melilla\/#\/schema\/person\/image\/\",\"url\":\"https:\/\/secure.gravatar.com\/avatar\/489a178e794e59f00db13a448aabca16?s=96&d=mm&r=g\",\"contentUrl\":\"https:\/\/secure.gravatar.com\/avatar\/489a178e794e59f00db13a448aabca16?s=96&d=mm&r=g\",\"caption\":\"melilla2\"},\"url\":\"https:\/\/agrupacionespsoe.es\/melilla\/author\/melilla2\/\"}]}<\/script>\n<!-- \/ Yoast SEO plugin. -->","yoast_head_json":{"title":"El PSOE pide m\u00e1s talento local y mejorar la venta de entradas en la Feria de Melilla - Agrupaci\u00f3n Socialista de Melilla","robots":{"index":"index","follow":"follow","max-snippet":"max-snippet:-1","max-image-preview":"max-image-preview:large","max-video-preview":"max-video-preview:-1"},"canonical":"https:\/\/agrupacionespsoe.es\/melilla\/el-psoe-pide-mas-talento-local-y-mejorar-la-venta-de-entradas-en-la-feria-de-melilla\/","og_locale":"es_ES","og_type":"article","og_title":"El PSOE pide m\u00e1s talento local y mejorar la venta de entradas en la Feria de Melilla - Agrupaci\u00f3n Socialista de Melilla","og_description":"Riduan Moh: \u201cNuestros artistas se merecen compartir cartel y escenario con referentes nacionales\u201d El diputado del Grupo Municipal Socialista en la Asamblea de Melilla, Riduan Moh, ha pedido varias mejoras para la nueva edici\u00f3n de la Feria de Melilla, que tendr\u00e1 lugar despu\u00e9s del verano. Concretamente, desde el PSOE piden que los artistas locales tengan ...","og_url":"https:\/\/agrupacionespsoe.es\/melilla\/el-psoe-pide-mas-talento-local-y-mejorar-la-venta-de-entradas-en-la-feria-de-melilla\/","og_site_name":"Agrupaci\u00f3n Socialista de Melilla","article_published_time":"2025-06-22T16:45:44+00:00","article_modified_time":"2025-06-22T16:45:45+00:00","og_image":[{"width":1923,"height":1328,"url":"https:\/\/agrupacionespsoe.es\/melilla\/wp-content\/uploads\/sites\/120\/2025\/06\/WhatsApp-Image-2025-06-22-at-12.47.53.jpeg","type":"image\/jpeg"}],"author":"melilla2","twitter_card":"summary_large_image","twitter_misc":{"Escrito por":"melilla2","Tiempo de lectura":"3 minutos"},"schema":{"@context":"https:\/\/schema.org","@graph":[{"@type":"Article","@id":"https:\/\/agrupacionespsoe.es\/melilla\/el-psoe-pide-mas-talento-local-y-mejorar-la-venta-de-entradas-en-la-feria-de-melilla\/#article","isPartOf":{"@id":"https:\/\/agrupacionespsoe.es\/melilla\/el-psoe-pide-mas-talento-local-y-mejorar-la-venta-de-entradas-en-la-feria-de-melilla\/"},"author":{"name":"melilla2","@id":"https:\/\/agrupacionespsoe.es\/melilla\/#\/schema\/person\/72bb3075a827d0ed0623682b96c92bd6"},"headline":"El PSOE pide m\u00e1s talento local y mejorar la venta de entradas en la Feria de Melilla","datePublished":"2025-06-22T16:45:44+00:00","dateModified":"2025-06-22T16:45:45+00:00","mainEntityOfPage":{"@id":"https:\/\/agrupacionespsoe.es\/melilla\/el-psoe-pide-mas-talento-local-y-mejorar-la-venta-de-entradas-en-la-feria-de-melilla\/"},"wordCount":553,"commentCount":0,"publisher":{"@id":"https:\/\/agrupacionespsoe.es\/melilla\/#organization"},"image":{"@id":"https:\/\/agrupacionespsoe.es\/melilla\/el-psoe-pide-mas-talento-local-y-mejorar-la-venta-de-entradas-en-la-feria-de-melilla\/#primaryimage"},"thumbnailUrl":"https:\/\/agrupacionespsoe.es\/melilla\/wp-content\/uploads\/sites\/120\/2025\/06\/WhatsApp-Image-2025-06-22-at-12.47.53.jpeg","inLanguage":"es","potentialAction":[{"@type":"CommentAction","name":"Comment","target":["https:\/\/agrupacionespsoe.es\/melilla\/el-psoe-pide-mas-talento-local-y-mejorar-la-venta-de-entradas-en-la-feria-de-melilla\/#respond"]}]},{"@type":"WebPage","@id":"https:\/\/agrupacionespsoe.es\/melilla\/el-psoe-pide-mas-talento-local-y-mejorar-la-venta-de-entradas-en-la-feria-de-melilla\/","url":"https:\/\/agrupacionespsoe.es\/melilla\/el-psoe-pide-mas-talento-local-y-mejorar-la-venta-de-entradas-en-la-feria-de-melilla\/","name":"El PSOE pide m\u00e1s talento local y mejorar la venta de entradas en la Feria de Melilla - Agrupaci\u00f3n Socialista de Melilla","isPartOf":{"@id":"https:\/\/agrupacionespsoe.es\/melilla\/#website"},"primaryImageOfPage":{"@id":"https:\/\/agrupacionespsoe.es\/melilla\/el-psoe-pide-mas-talento-local-y-mejorar-la-venta-de-entradas-en-la-feria-de-melilla\/#primaryimage"},"image":{"@id":"https:\/\/agrupacionespsoe.es\/melilla\/el-psoe-pide-mas-talento-local-y-mejorar-la-venta-de-entradas-en-la-feria-de-melilla\/#primaryimage"},"thumbnailUrl":"https:\/\/agrupacionespsoe.es\/melilla\/wp-content\/uploads\/sites\/120\/2025\/06\/WhatsApp-Image-2025-06-22-at-12.47.53.jpeg","datePublished":"2025-06-22T16:45:44+00:00","dateModified":"2025-06-22T16:45:45+00:00","breadcrumb":{"@id":"https:\/\/agrupacionespsoe.es\/melilla\/el-psoe-pide-mas-talento-local-y-mejorar-la-venta-de-entradas-en-la-feria-de-melilla\/#breadcrumb"},"inLanguage":"es","potentialAction":[{"@type":"ReadAction","target":["https:\/\/agrupacionespsoe.es\/melilla\/el-psoe-pide-mas-talento-local-y-mejorar-la-venta-de-entradas-en-la-feria-de-melilla\/"]}]},{"@type":"ImageObject","inLanguage":"es","@id":"https:\/\/agrupacionespsoe.es\/melilla\/el-psoe-pide-mas-talento-local-y-mejorar-la-venta-de-entradas-en-la-feria-de-melilla\/#primaryimage","url":"https:\/\/agrupacionespsoe.es\/melilla\/wp-content\/uploads\/sites\/120\/2025\/06\/WhatsApp-Image-2025-06-22-at-12.47.53.jpeg","contentUrl":"https:\/\/agrupacionespsoe.es\/melilla\/wp-content\/uploads\/sites\/120\/2025\/06\/WhatsApp-Image-2025-06-22-at-12.47.53.jpeg","width":1923,"height":1328},{"@type":"BreadcrumbList","@id":"https:\/\/agrupacionespsoe.es\/melilla\/el-psoe-pide-mas-talento-local-y-mejorar-la-venta-de-entradas-en-la-feria-de-melilla\/#breadcrumb","itemListElement":[{"@type":"ListItem","position":1,"name":"Portada","item":"https:\/\/agrupacionespsoe.es\/melilla\/"},{"@type":"ListItem","position":2,"name":"El PSOE pide m\u00e1s talento local y mejorar la venta de entradas en la Feria de Melilla"}]},{"@type":"WebSite","@id":"https:\/\/agrupacionespsoe.es\/melilla\/#website","url":"https:\/\/agrupacionespsoe.es\/melilla\/","name":"Agrupaci\u00f3n Socialista de Melilla","description":"Agrupaci\u00f3n Socialista de Melilla","publisher":{"@id":"https:\/\/agrupacionespsoe.es\/melilla\/#organization"},"potentialAction":[{"@type":"SearchAction","target":{"@type":"EntryPoint","urlTemplate":"https:\/\/agrupacionespsoe.es\/melilla\/?s={search_term_string}"},"query-input":{"@type":"PropertyValueSpecification","valueRequired":true,"valueName":"search_term_string"}}],"inLanguage":"es"},{"@type":"Organization","@id":"https:\/\/agrupacionespsoe.es\/melilla\/#organization","name":"Agrupaci\u00f3n Socialista de Melilla","url":"https:\/\/agrupacionespsoe.es\/melilla\/","logo":{"@type":"ImageObject","inLanguage":"es","@id":"https:\/\/agrupacionespsoe.es\/melilla\/#\/schema\/logo\/image\/","url":"https:\/\/agrupacionespsoe.es\/wp-content\/uploads\/2022\/07\/Logotipo_electoral_del_PSOE.png","contentUrl":"https:\/\/agrupacionespsoe.es\/wp-content\/uploads\/2022\/07\/Logotipo_electoral_del_PSOE.png","width":422,"height":422,"caption":"Agrupaci\u00f3n Socialista de Melilla"},"image":{"@id":"https:\/\/agrupacionespsoe.es\/melilla\/#\/schema\/logo\/image\/"}},{"@type":"Person","@id":"https:\/\/agrupacionespsoe.es\/melilla\/#\/schema\/person\/72bb3075a827d0ed0623682b96c92bd6","name":"melilla2","image":{"@type":"ImageObject","inLanguage":"es","@id":"https:\/\/agrupacionespsoe.es\/melilla\/#\/schema\/person\/image\/","url":"https:\/\/secure.gravatar.com\/avatar\/489a178e794e59f00db13a448aabca16?s=96&d=mm&r=g","contentUrl":"https:\/\/secure.gravatar.com\/avatar\/489a178e794e59f00db13a448aabca16?s=96&d=mm&r=g","caption":"melilla2"},"url":"https:\/\/agrupacionespsoe.es\/melilla\/author\/melilla2\/"}]}},"jetpack_featured_media_url":"https:\/\/agrupacionespsoe.es\/melilla\/wp-content\/uploads\/sites\/120\/2025\/06\/WhatsApp-Image-2025-06-22-at-12.47.53.jpeg","jetpack_sharing_enabled":true,"_links":{"self":[{"href":"https:\/\/agrupacionespsoe.es\/melilla\/wp-json\/wp\/v2\/posts\/1931","targetHints":{"allow":["GET"]}}],"collection":[{"href":"https:\/\/agrupacionespsoe.es\/melilla\/wp-json\/wp\/v2\/posts"}],"about":[{"href":"https:\/\/agrupacionespsoe.es\/melilla\/wp-json\/wp\/v2\/types\/post"}],"author":[{"embeddable":true,"href":"https:\/\/agrupacionespsoe.es\/melilla\/wp-json\/wp\/v2\/users\/187"}],"replies":[{"embeddable":true,"href":"https:\/\/agrupacionespsoe.es\/melilla\/wp-json\/wp\/v2\/comments?post=1931"}],"version-history":[{"count":1,"href":"https:\/\/agrupacionespsoe.es\/melilla\/wp-json\/wp\/v2\/posts\/1931\/revisions"}],"predecessor-version":[{"id":1933,"href":"https:\/\/agrupacionespsoe.es\/melilla\/wp-json\/wp\/v2\/posts\/1931\/revisions\/1933"}],"wp:featuredmedia":[{"embeddable":true,"href":"https:\/\/agrupacionespsoe.es\/melilla\/wp-json\/wp\/v2\/media\/1932"}],"wp:attachment":[{"href":"https:\/\/agrupacionespsoe.es\/melilla\/wp-json\/wp\/v2\/media?parent=1931"}],"wp:term":[{"taxonomy":"category","embeddable":true,"href":"https:\/\/agrupacionespsoe.es\/melilla\/wp-json\/wp\/v2\/categories?post=1931"},{"taxonomy":"post_tag","embeddable":true,"href":"https:\/\/agrupacionespsoe.es\/melilla\/wp-json\/wp\/v2\/tags?post=1931"}],"curies":[{"name":"wp","href":"https:\/\/api.w.org\/{rel}","templated":true}]}}