{"id":1879,"date":"2025-06-07T10:34:23","date_gmt":"2025-06-07T10:34:23","guid":{"rendered":"https:\/\/agrupacionespsoe.es\/melilla\/?p=1879"},"modified":"2025-06-07T10:34:25","modified_gmt":"2025-06-07T10:34:25","slug":"sabrina-moh-traslada-su-apoyo-al-pueblo-palestino-durante-el-eid-el-kebir","status":"publish","type":"post","link":"https:\/\/agrupacionespsoe.es\/melilla\/sabrina-moh-traslada-su-apoyo-al-pueblo-palestino-durante-el-eid-el-kebir\/","title":{"rendered":"Sabrina\u00a0Moh\u00a0traslada su apoyo al pueblo palestino durante\u00a0el\u00a0Eid\u00a0el\u00a0Kebir"},"content":{"rendered":"\n<p><strong>\u201c<\/strong><strong>En este d\u00eda tan importante no podemos dejar de tener nuestros corazones puestos en Palestina<\/strong><strong>\u201d<\/strong><strong>, lamenta<\/strong><\/p>\n\n\n\n<p>\u201cEn un d\u00eda como hoy&nbsp;tenemos nuestra mente y nuestros corazones puestos en Palestina, deseando que por fin haya un alto el fuego y que por fin haya una paz duradera\u201d.&nbsp;La Secretaria General del PSOE de Melilla, Sabrina&nbsp;Moh, ha querido trasladar su apoyo y cari\u00f1o al pueblo palestino en el marco de la celebraci\u00f3n del&nbsp;Eid&nbsp;el&nbsp;Kebir, festividad que ha compartido con la comunidad musulmana melillense.<\/p>\n\n\n\n<p>La l\u00edder de los socialistas melillenses ha lamentado las im\u00e1genes cada vez m\u00e1s duras que llegan desde el conflicto. \u201cVemos a madres llorando sobre los cuerpos sin vida de sus hijos, a miles de civiles siendo asesinados, gente muriendo de hambre o siendo tiroteada mientras espera comida. Que pare ya esta masacre\u201d, ha denunciado.<\/p>\n\n\n\n<p>En este sentido, ha recordado que el Grupo Parlamentario Socialista ya registr\u00f3 una moci\u00f3n en la Asamblea&nbsp;el pasado mes de octubre y&nbsp;que esta misma semana&nbsp;ha impulsado una nueva&nbsp;moci\u00f3n&nbsp;para exigir el fin de la violencia contra la poblaci\u00f3n civil en Palestina.<\/p>\n\n\n\n<p>En palabras de la Secretaria General,&nbsp;\u201ces&nbsp;fundamental que nos pronunciemos de manera un\u00e1nime y digamos: basta ya. Basta ya de esta masacre que se est\u00e1 cometiendo&nbsp;contra el pueblo palestino\u201d.<\/p>\n\n\n\n<p>Sabrina&nbsp;Moh&nbsp;ha hecho un llamamiento al alto el fuego inmediato y a una paz duradera en la regi\u00f3n, destacando que los deseos de convivencia y justicia tambi\u00e9n est\u00e1n presentes en una jornada como la de hoy.&nbsp;\u201cY desde aqu\u00ed tambi\u00e9n mi cari\u00f1o&nbsp;y mi apoyo al pueblo palestino\u201d, ha finalizado.<\/p>\n","protected":false},"excerpt":{"rendered":"<p>\u201cEn este d\u00eda tan importante no podemos dejar de tener nuestros corazones puestos en Palestina\u201d, lamenta \u201cEn un d\u00eda como hoy&nbsp;tenemos nuestra mente y nuestros corazones puestos en Palestina, deseando que por fin haya un alto el fuego y que por fin haya una paz duradera\u201d.&nbsp;La Secretaria General del PSOE de Melilla, Sabrina&nbsp;Moh, ha querido &#8230;<\/p>\n","protected":false},"author":187,"featured_media":1880,"comment_status":"open","ping_status":"open","sticky":false,"template":"","format":"standard","meta":{"_jetpack_memberships_contains_paid_content":false,"footnotes":""},"categories":[1],"tags":[],"class_list":["post-1879","post","type-post","status-publish","format-standard","has-post-thumbnail","hentry","category-sin-categoria"],"yoast_head":"<!-- This site is optimized with the Yoast SEO plugin v24.0 - https:\/\/yoast.com\/wordpress\/plugins\/seo\/ -->\n<title>Sabrina\u00a0Moh\u00a0traslada su apoyo al pueblo palestino durante\u00a0el\u00a0Eid\u00a0el\u00a0Kebir - Agrupaci\u00f3n Socialista de Melilla<\/title>\n<meta name=\"robots\" content=\"index, follow, max-snippet:-1, max-image-preview:large, max-video-preview:-1\" \/>\n<link rel=\"canonical\" href=\"https:\/\/agrupacionespsoe.es\/melilla\/sabrina-moh-traslada-su-apoyo-al-pueblo-palestino-durante-el-eid-el-kebir\/\" \/>\n<meta property=\"og:locale\" content=\"es_ES\" \/>\n<meta property=\"og:type\" content=\"article\" \/>\n<meta property=\"og:title\" content=\"Sabrina\u00a0Moh\u00a0traslada su apoyo al pueblo palestino durante\u00a0el\u00a0Eid\u00a0el\u00a0Kebir - Agrupaci\u00f3n Socialista de Melilla\" \/>\n<meta property=\"og:description\" content=\"\u201cEn este d\u00eda tan importante no podemos dejar de tener nuestros corazones puestos en Palestina\u201d, lamenta \u201cEn un d\u00eda como hoy&nbsp;tenemos nuestra mente y nuestros corazones puestos en Palestina, deseando que por fin haya un alto el fuego y que por fin haya una paz duradera\u201d.&nbsp;La Secretaria General del PSOE de Melilla, Sabrina&nbsp;Moh, ha querido ...\" \/>\n<meta property=\"og:url\" content=\"https:\/\/agrupacionespsoe.es\/melilla\/sabrina-moh-traslada-su-apoyo-al-pueblo-palestino-durante-el-eid-el-kebir\/\" \/>\n<meta property=\"og:site_name\" content=\"Agrupaci\u00f3n Socialista de Melilla\" \/>\n<meta property=\"article:published_time\" content=\"2025-06-07T10:34:23+00:00\" \/>\n<meta property=\"article:modified_time\" content=\"2025-06-07T10:34:25+00:00\" \/>\n<meta property=\"og:image\" content=\"https:\/\/agrupacionespsoe.es\/melilla\/wp-content\/uploads\/sites\/120\/2025\/06\/573c36ad-b955-4cb8-9f66-7ed329d0a8aa-scaled.jpeg\" \/>\n\t<meta property=\"og:image:width\" content=\"2560\" \/>\n\t<meta property=\"og:image:height\" content=\"1920\" \/>\n\t<meta property=\"og:image:type\" content=\"image\/jpeg\" \/>\n<meta name=\"author\" content=\"melilla2\" \/>\n<meta name=\"twitter:card\" content=\"summary_large_image\" \/>\n<meta name=\"twitter:label1\" content=\"Escrito por\" \/>\n\t<meta name=\"twitter:data1\" content=\"melilla2\" \/>\n\t<meta name=\"twitter:label2\" content=\"Tiempo de lectura\" \/>\n\t<meta name=\"twitter:data2\" content=\"2 minutos\" \/>\n<script type=\"application\/ld+json\" class=\"yoast-schema-graph\">{\"@context\":\"https:\/\/schema.org\",\"@graph\":[{\"@type\":\"Article\",\"@id\":\"https:\/\/agrupacionespsoe.es\/melilla\/sabrina-moh-traslada-su-apoyo-al-pueblo-palestino-durante-el-eid-el-kebir\/#article\",\"isPartOf\":{\"@id\":\"https:\/\/agrupacionespsoe.es\/melilla\/sabrina-moh-traslada-su-apoyo-al-pueblo-palestino-durante-el-eid-el-kebir\/\"},\"author\":{\"name\":\"melilla2\",\"@id\":\"https:\/\/agrupacionespsoe.es\/melilla\/#\/schema\/person\/72bb3075a827d0ed0623682b96c92bd6\"},\"headline\":\"Sabrina\u00a0Moh\u00a0traslada su apoyo al pueblo palestino durante\u00a0el\u00a0Eid\u00a0el\u00a0Kebir\",\"datePublished\":\"2025-06-07T10:34:23+00:00\",\"dateModified\":\"2025-06-07T10:34:25+00:00\",\"mainEntityOfPage\":{\"@id\":\"https:\/\/agrupacionespsoe.es\/melilla\/sabrina-moh-traslada-su-apoyo-al-pueblo-palestino-durante-el-eid-el-kebir\/\"},\"wordCount\":313,\"commentCount\":0,\"publisher\":{\"@id\":\"https:\/\/agrupacionespsoe.es\/melilla\/#organization\"},\"image\":{\"@id\":\"https:\/\/agrupacionespsoe.es\/melilla\/sabrina-moh-traslada-su-apoyo-al-pueblo-palestino-durante-el-eid-el-kebir\/#primaryimage\"},\"thumbnailUrl\":\"https:\/\/agrupacionespsoe.es\/melilla\/wp-content\/uploads\/sites\/120\/2025\/06\/573c36ad-b955-4cb8-9f66-7ed329d0a8aa-scaled.jpeg\",\"inLanguage\":\"es\",\"potentialAction\":[{\"@type\":\"CommentAction\",\"name\":\"Comment\",\"target\":[\"https:\/\/agrupacionespsoe.es\/melilla\/sabrina-moh-traslada-su-apoyo-al-pueblo-palestino-durante-el-eid-el-kebir\/#respond\"]}]},{\"@type\":\"WebPage\",\"@id\":\"https:\/\/agrupacionespsoe.es\/melilla\/sabrina-moh-traslada-su-apoyo-al-pueblo-palestino-durante-el-eid-el-kebir\/\",\"url\":\"https:\/\/agrupacionespsoe.es\/melilla\/sabrina-moh-traslada-su-apoyo-al-pueblo-palestino-durante-el-eid-el-kebir\/\",\"name\":\"Sabrina\u00a0Moh\u00a0traslada su apoyo al pueblo palestino durante\u00a0el\u00a0Eid\u00a0el\u00a0Kebir - Agrupaci\u00f3n Socialista de Melilla\",\"isPartOf\":{\"@id\":\"https:\/\/agrupacionespsoe.es\/melilla\/#website\"},\"primaryImageOfPage\":{\"@id\":\"https:\/\/agrupacionespsoe.es\/melilla\/sabrina-moh-traslada-su-apoyo-al-pueblo-palestino-durante-el-eid-el-kebir\/#primaryimage\"},\"image\":{\"@id\":\"https:\/\/agrupacionespsoe.es\/melilla\/sabrina-moh-traslada-su-apoyo-al-pueblo-palestino-durante-el-eid-el-kebir\/#primaryimage\"},\"thumbnailUrl\":\"https:\/\/agrupacionespsoe.es\/melilla\/wp-content\/uploads\/sites\/120\/2025\/06\/573c36ad-b955-4cb8-9f66-7ed329d0a8aa-scaled.jpeg\",\"datePublished\":\"2025-06-07T10:34:23+00:00\",\"dateModified\":\"2025-06-07T10:34:25+00:00\",\"breadcrumb\":{\"@id\":\"https:\/\/agrupacionespsoe.es\/melilla\/sabrina-moh-traslada-su-apoyo-al-pueblo-palestino-durante-el-eid-el-kebir\/#breadcrumb\"},\"inLanguage\":\"es\",\"potentialAction\":[{\"@type\":\"ReadAction\",\"target\":[\"https:\/\/agrupacionespsoe.es\/melilla\/sabrina-moh-traslada-su-apoyo-al-pueblo-palestino-durante-el-eid-el-kebir\/\"]}]},{\"@type\":\"ImageObject\",\"inLanguage\":\"es\",\"@id\":\"https:\/\/agrupacionespsoe.es\/melilla\/sabrina-moh-traslada-su-apoyo-al-pueblo-palestino-durante-el-eid-el-kebir\/#primaryimage\",\"url\":\"https:\/\/agrupacionespsoe.es\/melilla\/wp-content\/uploads\/sites\/120\/2025\/06\/573c36ad-b955-4cb8-9f66-7ed329d0a8aa-scaled.jpeg\",\"contentUrl\":\"https:\/\/agrupacionespsoe.es\/melilla\/wp-content\/uploads\/sites\/120\/2025\/06\/573c36ad-b955-4cb8-9f66-7ed329d0a8aa-scaled.jpeg\",\"width\":2560,\"height\":1920},{\"@type\":\"BreadcrumbList\",\"@id\":\"https:\/\/agrupacionespsoe.es\/melilla\/sabrina-moh-traslada-su-apoyo-al-pueblo-palestino-durante-el-eid-el-kebir\/#breadcrumb\",\"itemListElement\":[{\"@type\":\"ListItem\",\"position\":1,\"name\":\"Portada\",\"item\":\"https:\/\/agrupacionespsoe.es\/melilla\/\"},{\"@type\":\"ListItem\",\"position\":2,\"name\":\"Sabrina\u00a0Moh\u00a0traslada su apoyo al pueblo palestino durante\u00a0el\u00a0Eid\u00a0el\u00a0Kebir\"}]},{\"@type\":\"WebSite\",\"@id\":\"https:\/\/agrupacionespsoe.es\/melilla\/#website\",\"url\":\"https:\/\/agrupacionespsoe.es\/melilla\/\",\"name\":\"Agrupaci\u00f3n Socialista de Melilla\",\"description\":\"Agrupaci\u00f3n Socialista de Melilla\",\"publisher\":{\"@id\":\"https:\/\/agrupacionespsoe.es\/melilla\/#organization\"},\"potentialAction\":[{\"@type\":\"SearchAction\",\"target\":{\"@type\":\"EntryPoint\",\"urlTemplate\":\"https:\/\/agrupacionespsoe.es\/melilla\/?s={search_term_string}\"},\"query-input\":{\"@type\":\"PropertyValueSpecification\",\"valueRequired\":true,\"valueName\":\"search_term_string\"}}],\"inLanguage\":\"es\"},{\"@type\":\"Organization\",\"@id\":\"https:\/\/agrupacionespsoe.es\/melilla\/#organization\",\"name\":\"Agrupaci\u00f3n Socialista de Melilla\",\"url\":\"https:\/\/agrupacionespsoe.es\/melilla\/\",\"logo\":{\"@type\":\"ImageObject\",\"inLanguage\":\"es\",\"@id\":\"https:\/\/agrupacionespsoe.es\/melilla\/#\/schema\/logo\/image\/\",\"url\":\"https:\/\/agrupacionespsoe.es\/wp-content\/uploads\/2022\/07\/Logotipo_electoral_del_PSOE.png\",\"contentUrl\":\"https:\/\/agrupacionespsoe.es\/wp-content\/uploads\/2022\/07\/Logotipo_electoral_del_PSOE.png\",\"width\":422,\"height\":422,\"caption\":\"Agrupaci\u00f3n Socialista de Melilla\"},\"image\":{\"@id\":\"https:\/\/agrupacionespsoe.es\/melilla\/#\/schema\/logo\/image\/\"}},{\"@type\":\"Person\",\"@id\":\"https:\/\/agrupacionespsoe.es\/melilla\/#\/schema\/person\/72bb3075a827d0ed0623682b96c92bd6\",\"name\":\"melilla2\",\"image\":{\"@type\":\"ImageObject\",\"inLanguage\":\"es\",\"@id\":\"https:\/\/agrupacionespsoe.es\/melilla\/#\/schema\/person\/image\/\",\"url\":\"https:\/\/secure.gravatar.com\/avatar\/489a178e794e59f00db13a448aabca16?s=96&d=mm&r=g\",\"contentUrl\":\"https:\/\/secure.gravatar.com\/avatar\/489a178e794e59f00db13a448aabca16?s=96&d=mm&r=g\",\"caption\":\"melilla2\"},\"url\":\"https:\/\/agrupacionespsoe.es\/melilla\/author\/melilla2\/\"}]}<\/script>\n<!-- \/ Yoast SEO plugin. -->","yoast_head_json":{"title":"Sabrina\u00a0Moh\u00a0traslada su apoyo al pueblo palestino durante\u00a0el\u00a0Eid\u00a0el\u00a0Kebir - Agrupaci\u00f3n Socialista de Melilla","robots":{"index":"index","follow":"follow","max-snippet":"max-snippet:-1","max-image-preview":"max-image-preview:large","max-video-preview":"max-video-preview:-1"},"canonical":"https:\/\/agrupacionespsoe.es\/melilla\/sabrina-moh-traslada-su-apoyo-al-pueblo-palestino-durante-el-eid-el-kebir\/","og_locale":"es_ES","og_type":"article","og_title":"Sabrina\u00a0Moh\u00a0traslada su apoyo al pueblo palestino durante\u00a0el\u00a0Eid\u00a0el\u00a0Kebir - Agrupaci\u00f3n Socialista de Melilla","og_description":"\u201cEn este d\u00eda tan importante no podemos dejar de tener nuestros corazones puestos en Palestina\u201d, lamenta \u201cEn un d\u00eda como hoy&nbsp;tenemos nuestra mente y nuestros corazones puestos en Palestina, deseando que por fin haya un alto el fuego y que por fin haya una paz duradera\u201d.&nbsp;La Secretaria General del PSOE de Melilla, Sabrina&nbsp;Moh, ha querido ...","og_url":"https:\/\/agrupacionespsoe.es\/melilla\/sabrina-moh-traslada-su-apoyo-al-pueblo-palestino-durante-el-eid-el-kebir\/","og_site_name":"Agrupaci\u00f3n Socialista de Melilla","article_published_time":"2025-06-07T10:34:23+00:00","article_modified_time":"2025-06-07T10:34:25+00:00","og_image":[{"width":2560,"height":1920,"url":"https:\/\/agrupacionespsoe.es\/melilla\/wp-content\/uploads\/sites\/120\/2025\/06\/573c36ad-b955-4cb8-9f66-7ed329d0a8aa-scaled.jpeg","type":"image\/jpeg"}],"author":"melilla2","twitter_card":"summary_large_image","twitter_misc":{"Escrito por":"melilla2","Tiempo de lectura":"2 minutos"},"schema":{"@context":"https:\/\/schema.org","@graph":[{"@type":"Article","@id":"https:\/\/agrupacionespsoe.es\/melilla\/sabrina-moh-traslada-su-apoyo-al-pueblo-palestino-durante-el-eid-el-kebir\/#article","isPartOf":{"@id":"https:\/\/agrupacionespsoe.es\/melilla\/sabrina-moh-traslada-su-apoyo-al-pueblo-palestino-durante-el-eid-el-kebir\/"},"author":{"name":"melilla2","@id":"https:\/\/agrupacionespsoe.es\/melilla\/#\/schema\/person\/72bb3075a827d0ed0623682b96c92bd6"},"headline":"Sabrina\u00a0Moh\u00a0traslada su apoyo al pueblo palestino durante\u00a0el\u00a0Eid\u00a0el\u00a0Kebir","datePublished":"2025-06-07T10:34:23+00:00","dateModified":"2025-06-07T10:34:25+00:00","mainEntityOfPage":{"@id":"https:\/\/agrupacionespsoe.es\/melilla\/sabrina-moh-traslada-su-apoyo-al-pueblo-palestino-durante-el-eid-el-kebir\/"},"wordCount":313,"commentCount":0,"publisher":{"@id":"https:\/\/agrupacionespsoe.es\/melilla\/#organization"},"image":{"@id":"https:\/\/agrupacionespsoe.es\/melilla\/sabrina-moh-traslada-su-apoyo-al-pueblo-palestino-durante-el-eid-el-kebir\/#primaryimage"},"thumbnailUrl":"https:\/\/agrupacionespsoe.es\/melilla\/wp-content\/uploads\/sites\/120\/2025\/06\/573c36ad-b955-4cb8-9f66-7ed329d0a8aa-scaled.jpeg","inLanguage":"es","potentialAction":[{"@type":"CommentAction","name":"Comment","target":["https:\/\/agrupacionespsoe.es\/melilla\/sabrina-moh-traslada-su-apoyo-al-pueblo-palestino-durante-el-eid-el-kebir\/#respond"]}]},{"@type":"WebPage","@id":"https:\/\/agrupacionespsoe.es\/melilla\/sabrina-moh-traslada-su-apoyo-al-pueblo-palestino-durante-el-eid-el-kebir\/","url":"https:\/\/agrupacionespsoe.es\/melilla\/sabrina-moh-traslada-su-apoyo-al-pueblo-palestino-durante-el-eid-el-kebir\/","name":"Sabrina\u00a0Moh\u00a0traslada su apoyo al pueblo palestino durante\u00a0el\u00a0Eid\u00a0el\u00a0Kebir - Agrupaci\u00f3n Socialista de Melilla","isPartOf":{"@id":"https:\/\/agrupacionespsoe.es\/melilla\/#website"},"primaryImageOfPage":{"@id":"https:\/\/agrupacionespsoe.es\/melilla\/sabrina-moh-traslada-su-apoyo-al-pueblo-palestino-durante-el-eid-el-kebir\/#primaryimage"},"image":{"@id":"https:\/\/agrupacionespsoe.es\/melilla\/sabrina-moh-traslada-su-apoyo-al-pueblo-palestino-durante-el-eid-el-kebir\/#primaryimage"},"thumbnailUrl":"https:\/\/agrupacionespsoe.es\/melilla\/wp-content\/uploads\/sites\/120\/2025\/06\/573c36ad-b955-4cb8-9f66-7ed329d0a8aa-scaled.jpeg","datePublished":"2025-06-07T10:34:23+00:00","dateModified":"2025-06-07T10:34:25+00:00","breadcrumb":{"@id":"https:\/\/agrupacionespsoe.es\/melilla\/sabrina-moh-traslada-su-apoyo-al-pueblo-palestino-durante-el-eid-el-kebir\/#breadcrumb"},"inLanguage":"es","potentialAction":[{"@type":"ReadAction","target":["https:\/\/agrupacionespsoe.es\/melilla\/sabrina-moh-traslada-su-apoyo-al-pueblo-palestino-durante-el-eid-el-kebir\/"]}]},{"@type":"ImageObject","inLanguage":"es","@id":"https:\/\/agrupacionespsoe.es\/melilla\/sabrina-moh-traslada-su-apoyo-al-pueblo-palestino-durante-el-eid-el-kebir\/#primaryimage","url":"https:\/\/agrupacionespsoe.es\/melilla\/wp-content\/uploads\/sites\/120\/2025\/06\/573c36ad-b955-4cb8-9f66-7ed329d0a8aa-scaled.jpeg","contentUrl":"https:\/\/agrupacionespsoe.es\/melilla\/wp-content\/uploads\/sites\/120\/2025\/06\/573c36ad-b955-4cb8-9f66-7ed329d0a8aa-scaled.jpeg","width":2560,"height":1920},{"@type":"BreadcrumbList","@id":"https:\/\/agrupacionespsoe.es\/melilla\/sabrina-moh-traslada-su-apoyo-al-pueblo-palestino-durante-el-eid-el-kebir\/#breadcrumb","itemListElement":[{"@type":"ListItem","position":1,"name":"Portada","item":"https:\/\/agrupacionespsoe.es\/melilla\/"},{"@type":"ListItem","position":2,"name":"Sabrina\u00a0Moh\u00a0traslada su apoyo al pueblo palestino durante\u00a0el\u00a0Eid\u00a0el\u00a0Kebir"}]},{"@type":"WebSite","@id":"https:\/\/agrupacionespsoe.es\/melilla\/#website","url":"https:\/\/agrupacionespsoe.es\/melilla\/","name":"Agrupaci\u00f3n Socialista de Melilla","description":"Agrupaci\u00f3n Socialista de Melilla","publisher":{"@id":"https:\/\/agrupacionespsoe.es\/melilla\/#organization"},"potentialAction":[{"@type":"SearchAction","target":{"@type":"EntryPoint","urlTemplate":"https:\/\/agrupacionespsoe.es\/melilla\/?s={search_term_string}"},"query-input":{"@type":"PropertyValueSpecification","valueRequired":true,"valueName":"search_term_string"}}],"inLanguage":"es"},{"@type":"Organization","@id":"https:\/\/agrupacionespsoe.es\/melilla\/#organization","name":"Agrupaci\u00f3n Socialista de Melilla","url":"https:\/\/agrupacionespsoe.es\/melilla\/","logo":{"@type":"ImageObject","inLanguage":"es","@id":"https:\/\/agrupacionespsoe.es\/melilla\/#\/schema\/logo\/image\/","url":"https:\/\/agrupacionespsoe.es\/wp-content\/uploads\/2022\/07\/Logotipo_electoral_del_PSOE.png","contentUrl":"https:\/\/agrupacionespsoe.es\/wp-content\/uploads\/2022\/07\/Logotipo_electoral_del_PSOE.png","width":422,"height":422,"caption":"Agrupaci\u00f3n Socialista de Melilla"},"image":{"@id":"https:\/\/agrupacionespsoe.es\/melilla\/#\/schema\/logo\/image\/"}},{"@type":"Person","@id":"https:\/\/agrupacionespsoe.es\/melilla\/#\/schema\/person\/72bb3075a827d0ed0623682b96c92bd6","name":"melilla2","image":{"@type":"ImageObject","inLanguage":"es","@id":"https:\/\/agrupacionespsoe.es\/melilla\/#\/schema\/person\/image\/","url":"https:\/\/secure.gravatar.com\/avatar\/489a178e794e59f00db13a448aabca16?s=96&d=mm&r=g","contentUrl":"https:\/\/secure.gravatar.com\/avatar\/489a178e794e59f00db13a448aabca16?s=96&d=mm&r=g","caption":"melilla2"},"url":"https:\/\/agrupacionespsoe.es\/melilla\/author\/melilla2\/"}]}},"jetpack_featured_media_url":"https:\/\/agrupacionespsoe.es\/melilla\/wp-content\/uploads\/sites\/120\/2025\/06\/573c36ad-b955-4cb8-9f66-7ed329d0a8aa-scaled.jpeg","jetpack_sharing_enabled":true,"_links":{"self":[{"href":"https:\/\/agrupacionespsoe.es\/melilla\/wp-json\/wp\/v2\/posts\/1879","targetHints":{"allow":["GET"]}}],"collection":[{"href":"https:\/\/agrupacionespsoe.es\/melilla\/wp-json\/wp\/v2\/posts"}],"about":[{"href":"https:\/\/agrupacionespsoe.es\/melilla\/wp-json\/wp\/v2\/types\/post"}],"author":[{"embeddable":true,"href":"https:\/\/agrupacionespsoe.es\/melilla\/wp-json\/wp\/v2\/users\/187"}],"replies":[{"embeddable":true,"href":"https:\/\/agrupacionespsoe.es\/melilla\/wp-json\/wp\/v2\/comments?post=1879"}],"version-history":[{"count":1,"href":"https:\/\/agrupacionespsoe.es\/melilla\/wp-json\/wp\/v2\/posts\/1879\/revisions"}],"predecessor-version":[{"id":1881,"href":"https:\/\/agrupacionespsoe.es\/melilla\/wp-json\/wp\/v2\/posts\/1879\/revisions\/1881"}],"wp:featuredmedia":[{"embeddable":true,"href":"https:\/\/agrupacionespsoe.es\/melilla\/wp-json\/wp\/v2\/media\/1880"}],"wp:attachment":[{"href":"https:\/\/agrupacionespsoe.es\/melilla\/wp-json\/wp\/v2\/media?parent=1879"}],"wp:term":[{"taxonomy":"category","embeddable":true,"href":"https:\/\/agrupacionespsoe.es\/melilla\/wp-json\/wp\/v2\/categories?post=1879"},{"taxonomy":"post_tag","embeddable":true,"href":"https:\/\/agrupacionespsoe.es\/melilla\/wp-json\/wp\/v2\/tags?post=1879"}],"curies":[{"name":"wp","href":"https:\/\/api.w.org\/{rel}","templated":true}]}}