{"id":1875,"date":"2025-06-05T14:52:51","date_gmt":"2025-06-05T14:52:51","guid":{"rendered":"https:\/\/agrupacionespsoe.es\/melilla\/?p=1875"},"modified":"2025-06-05T14:52:52","modified_gmt":"2025-06-05T14:52:52","slug":"el-psoe-de-melilla-exige-a-imbroda-que-abandone-la-confrontacion-partidista-y-se-sume-al-pacto-por-la-vivienda","status":"publish","type":"post","link":"https:\/\/agrupacionespsoe.es\/melilla\/el-psoe-de-melilla-exige-a-imbroda-que-abandone-la-confrontacion-partidista-y-se-sume-al-pacto-por-la-vivienda\/","title":{"rendered":"El PSOE de Melilla exige a Imbroda que abandone la confrontaci\u00f3n partidista y se sume al pacto por la vivienda"},"content":{"rendered":"\n<p><strong>Sabrina Moh: \u201cEs el momento de que el PP est\u00e9 a la altura de lo que necesitan los y las melillenses\u201d<\/strong><\/p>\n\n\n\n<p>La Secretaria General del PSOE de Melilla, Sabrina Moh, ha instado al presidente de la Ciudad Aut\u00f3noma, Juan Jos\u00e9 Imbroda, a que \u201cabandone la estrategia de confrontaci\u00f3n partidista y se sume de manera decidida y leal al gran acuerdo estatal por la vivienda\u201d que ha propuesto el presidente del Gobierno de Espa\u00f1a, Pedro S\u00e1nchez.<\/p>\n\n\n\n<p>Moh ha subrayado que este pacto, que se abordar\u00e1 ma\u00f1ana en la XXVIII Conferencia de Presidentes, plantea medidas \u201cambiciosas, valientes y absolutamente necesarias\u201d para responder a uno de los grandes desaf\u00edos del pa\u00eds: el acceso a la vivienda, especialmente para la juventud y las familias vulnerables.<\/p>\n\n\n\n<p>\u201cMelilla no puede quedarse atr\u00e1s. El Gobierno de Espa\u00f1a est\u00e1 planteando triplicar la financiaci\u00f3n para vivienda, blindar de forma indefinida la calificaci\u00f3n de las viviendas de protecci\u00f3n p\u00fablica y movilizar una inversi\u00f3n conjunta de m\u00e1s de 7.000 millones de euros, de los cuales el Estado aportar\u00e1 la mayor parte. La Ciudad Aut\u00f3noma tiene que implicarse\u201d, ha insistido Moh.<\/p>\n\n\n\n<p>La l\u00edder socialista ha recordado que Melilla lleva a\u00f1os arrastrando un grave d\u00e9ficit de vivienda p\u00fablica y que los precios del alquiler, as\u00ed como la falta de alternativas habitacionales, afectan de lleno a centenares de melillenses. \u201cEs el momento de dejar a un lado la pol\u00edtica de la foto y del titular, y comprometerse con soluciones reales\u201d, ha afirmado.<\/p>\n\n\n\n<p>Moh ha reclamado al Gobierno local del PP que asuma su parte de responsabilidad y no d\u00e9 la espalda a un acuerdo que \u201cresponde directamente a las necesidades de Melilla\u201d. Adem\u00e1s, ha se\u00f1alado que \u201cno se trata de colores pol\u00edticos, sino de estar a la altura del reto que tenemos por delante\u201d.<\/p>\n\n\n\n<p>\u201cEl PSOE de Melilla estar\u00e1, como siempre, del lado de la ciudadan\u00eda y de las pol\u00edticas que construyen. Esperamos que el presidente Imbroda tambi\u00e9n lo est\u00e9\u201d, ha concluido.<\/p>\n","protected":false},"excerpt":{"rendered":"<p>Sabrina Moh: \u201cEs el momento de que el PP est\u00e9 a la altura de lo que necesitan los y las melillenses\u201d La Secretaria General del PSOE de Melilla, Sabrina Moh, ha instado al presidente de la Ciudad Aut\u00f3noma, Juan Jos\u00e9 Imbroda, a que \u201cabandone la estrategia de confrontaci\u00f3n partidista y se sume de manera decidida &#8230;<\/p>\n","protected":false},"author":187,"featured_media":1876,"comment_status":"open","ping_status":"open","sticky":false,"template":"","format":"standard","meta":{"_jetpack_memberships_contains_paid_content":false,"footnotes":""},"categories":[1],"tags":[],"class_list":["post-1875","post","type-post","status-publish","format-standard","has-post-thumbnail","hentry","category-sin-categoria"],"yoast_head":"<!-- This site is optimized with the Yoast SEO plugin v24.0 - https:\/\/yoast.com\/wordpress\/plugins\/seo\/ -->\n<title>El PSOE de Melilla exige a Imbroda que abandone la confrontaci\u00f3n partidista y se sume al pacto por la vivienda - Agrupaci\u00f3n Socialista de Melilla<\/title>\n<meta name=\"robots\" content=\"index, follow, max-snippet:-1, max-image-preview:large, max-video-preview:-1\" \/>\n<link rel=\"canonical\" href=\"https:\/\/agrupacionespsoe.es\/melilla\/el-psoe-de-melilla-exige-a-imbroda-que-abandone-la-confrontacion-partidista-y-se-sume-al-pacto-por-la-vivienda\/\" \/>\n<meta property=\"og:locale\" content=\"es_ES\" \/>\n<meta property=\"og:type\" content=\"article\" \/>\n<meta property=\"og:title\" content=\"El PSOE de Melilla exige a Imbroda que abandone la confrontaci\u00f3n partidista y se sume al pacto por la vivienda - Agrupaci\u00f3n Socialista de Melilla\" \/>\n<meta property=\"og:description\" content=\"Sabrina Moh: \u201cEs el momento de que el PP est\u00e9 a la altura de lo que necesitan los y las melillenses\u201d La Secretaria General del PSOE de Melilla, Sabrina Moh, ha instado al presidente de la Ciudad Aut\u00f3noma, Juan Jos\u00e9 Imbroda, a que \u201cabandone la estrategia de confrontaci\u00f3n partidista y se sume de manera decidida ...\" \/>\n<meta property=\"og:url\" content=\"https:\/\/agrupacionespsoe.es\/melilla\/el-psoe-de-melilla-exige-a-imbroda-que-abandone-la-confrontacion-partidista-y-se-sume-al-pacto-por-la-vivienda\/\" \/>\n<meta property=\"og:site_name\" content=\"Agrupaci\u00f3n Socialista de Melilla\" \/>\n<meta property=\"article:published_time\" content=\"2025-06-05T14:52:51+00:00\" \/>\n<meta property=\"article:modified_time\" content=\"2025-06-05T14:52:52+00:00\" \/>\n<meta property=\"og:image\" content=\"https:\/\/agrupacionespsoe.es\/melilla\/wp-content\/uploads\/sites\/120\/2025\/06\/WhatsApp-Image-2025-06-05-at-14.16.02.jpeg\" \/>\n\t<meta property=\"og:image:width\" content=\"1600\" \/>\n\t<meta property=\"og:image:height\" content=\"1066\" \/>\n\t<meta property=\"og:image:type\" content=\"image\/jpeg\" \/>\n<meta name=\"author\" content=\"melilla2\" \/>\n<meta name=\"twitter:card\" content=\"summary_large_image\" \/>\n<meta name=\"twitter:label1\" content=\"Escrito por\" \/>\n\t<meta name=\"twitter:data1\" content=\"melilla2\" \/>\n\t<meta name=\"twitter:label2\" content=\"Tiempo de lectura\" \/>\n\t<meta name=\"twitter:data2\" content=\"2 minutos\" \/>\n<script type=\"application\/ld+json\" class=\"yoast-schema-graph\">{\"@context\":\"https:\/\/schema.org\",\"@graph\":[{\"@type\":\"Article\",\"@id\":\"https:\/\/agrupacionespsoe.es\/melilla\/el-psoe-de-melilla-exige-a-imbroda-que-abandone-la-confrontacion-partidista-y-se-sume-al-pacto-por-la-vivienda\/#article\",\"isPartOf\":{\"@id\":\"https:\/\/agrupacionespsoe.es\/melilla\/el-psoe-de-melilla-exige-a-imbroda-que-abandone-la-confrontacion-partidista-y-se-sume-al-pacto-por-la-vivienda\/\"},\"author\":{\"name\":\"melilla2\",\"@id\":\"https:\/\/agrupacionespsoe.es\/melilla\/#\/schema\/person\/72bb3075a827d0ed0623682b96c92bd6\"},\"headline\":\"El PSOE de Melilla exige a Imbroda que abandone la confrontaci\u00f3n partidista y se sume al pacto por la vivienda\",\"datePublished\":\"2025-06-05T14:52:51+00:00\",\"dateModified\":\"2025-06-05T14:52:52+00:00\",\"mainEntityOfPage\":{\"@id\":\"https:\/\/agrupacionespsoe.es\/melilla\/el-psoe-de-melilla-exige-a-imbroda-que-abandone-la-confrontacion-partidista-y-se-sume-al-pacto-por-la-vivienda\/\"},\"wordCount\":365,\"commentCount\":0,\"publisher\":{\"@id\":\"https:\/\/agrupacionespsoe.es\/melilla\/#organization\"},\"image\":{\"@id\":\"https:\/\/agrupacionespsoe.es\/melilla\/el-psoe-de-melilla-exige-a-imbroda-que-abandone-la-confrontacion-partidista-y-se-sume-al-pacto-por-la-vivienda\/#primaryimage\"},\"thumbnailUrl\":\"https:\/\/agrupacionespsoe.es\/melilla\/wp-content\/uploads\/sites\/120\/2025\/06\/WhatsApp-Image-2025-06-05-at-14.16.02.jpeg\",\"inLanguage\":\"es\",\"potentialAction\":[{\"@type\":\"CommentAction\",\"name\":\"Comment\",\"target\":[\"https:\/\/agrupacionespsoe.es\/melilla\/el-psoe-de-melilla-exige-a-imbroda-que-abandone-la-confrontacion-partidista-y-se-sume-al-pacto-por-la-vivienda\/#respond\"]}]},{\"@type\":\"WebPage\",\"@id\":\"https:\/\/agrupacionespsoe.es\/melilla\/el-psoe-de-melilla-exige-a-imbroda-que-abandone-la-confrontacion-partidista-y-se-sume-al-pacto-por-la-vivienda\/\",\"url\":\"https:\/\/agrupacionespsoe.es\/melilla\/el-psoe-de-melilla-exige-a-imbroda-que-abandone-la-confrontacion-partidista-y-se-sume-al-pacto-por-la-vivienda\/\",\"name\":\"El PSOE de Melilla exige a Imbroda que abandone la confrontaci\u00f3n partidista y se sume al pacto por la vivienda - Agrupaci\u00f3n Socialista de Melilla\",\"isPartOf\":{\"@id\":\"https:\/\/agrupacionespsoe.es\/melilla\/#website\"},\"primaryImageOfPage\":{\"@id\":\"https:\/\/agrupacionespsoe.es\/melilla\/el-psoe-de-melilla-exige-a-imbroda-que-abandone-la-confrontacion-partidista-y-se-sume-al-pacto-por-la-vivienda\/#primaryimage\"},\"image\":{\"@id\":\"https:\/\/agrupacionespsoe.es\/melilla\/el-psoe-de-melilla-exige-a-imbroda-que-abandone-la-confrontacion-partidista-y-se-sume-al-pacto-por-la-vivienda\/#primaryimage\"},\"thumbnailUrl\":\"https:\/\/agrupacionespsoe.es\/melilla\/wp-content\/uploads\/sites\/120\/2025\/06\/WhatsApp-Image-2025-06-05-at-14.16.02.jpeg\",\"datePublished\":\"2025-06-05T14:52:51+00:00\",\"dateModified\":\"2025-06-05T14:52:52+00:00\",\"breadcrumb\":{\"@id\":\"https:\/\/agrupacionespsoe.es\/melilla\/el-psoe-de-melilla-exige-a-imbroda-que-abandone-la-confrontacion-partidista-y-se-sume-al-pacto-por-la-vivienda\/#breadcrumb\"},\"inLanguage\":\"es\",\"potentialAction\":[{\"@type\":\"ReadAction\",\"target\":[\"https:\/\/agrupacionespsoe.es\/melilla\/el-psoe-de-melilla-exige-a-imbroda-que-abandone-la-confrontacion-partidista-y-se-sume-al-pacto-por-la-vivienda\/\"]}]},{\"@type\":\"ImageObject\",\"inLanguage\":\"es\",\"@id\":\"https:\/\/agrupacionespsoe.es\/melilla\/el-psoe-de-melilla-exige-a-imbroda-que-abandone-la-confrontacion-partidista-y-se-sume-al-pacto-por-la-vivienda\/#primaryimage\",\"url\":\"https:\/\/agrupacionespsoe.es\/melilla\/wp-content\/uploads\/sites\/120\/2025\/06\/WhatsApp-Image-2025-06-05-at-14.16.02.jpeg\",\"contentUrl\":\"https:\/\/agrupacionespsoe.es\/melilla\/wp-content\/uploads\/sites\/120\/2025\/06\/WhatsApp-Image-2025-06-05-at-14.16.02.jpeg\",\"width\":1600,\"height\":1066},{\"@type\":\"BreadcrumbList\",\"@id\":\"https:\/\/agrupacionespsoe.es\/melilla\/el-psoe-de-melilla-exige-a-imbroda-que-abandone-la-confrontacion-partidista-y-se-sume-al-pacto-por-la-vivienda\/#breadcrumb\",\"itemListElement\":[{\"@type\":\"ListItem\",\"position\":1,\"name\":\"Portada\",\"item\":\"https:\/\/agrupacionespsoe.es\/melilla\/\"},{\"@type\":\"ListItem\",\"position\":2,\"name\":\"El PSOE de Melilla exige a Imbroda que abandone la confrontaci\u00f3n partidista y se sume al pacto por la vivienda\"}]},{\"@type\":\"WebSite\",\"@id\":\"https:\/\/agrupacionespsoe.es\/melilla\/#website\",\"url\":\"https:\/\/agrupacionespsoe.es\/melilla\/\",\"name\":\"Agrupaci\u00f3n Socialista de Melilla\",\"description\":\"Agrupaci\u00f3n Socialista de Melilla\",\"publisher\":{\"@id\":\"https:\/\/agrupacionespsoe.es\/melilla\/#organization\"},\"potentialAction\":[{\"@type\":\"SearchAction\",\"target\":{\"@type\":\"EntryPoint\",\"urlTemplate\":\"https:\/\/agrupacionespsoe.es\/melilla\/?s={search_term_string}\"},\"query-input\":{\"@type\":\"PropertyValueSpecification\",\"valueRequired\":true,\"valueName\":\"search_term_string\"}}],\"inLanguage\":\"es\"},{\"@type\":\"Organization\",\"@id\":\"https:\/\/agrupacionespsoe.es\/melilla\/#organization\",\"name\":\"Agrupaci\u00f3n Socialista de Melilla\",\"url\":\"https:\/\/agrupacionespsoe.es\/melilla\/\",\"logo\":{\"@type\":\"ImageObject\",\"inLanguage\":\"es\",\"@id\":\"https:\/\/agrupacionespsoe.es\/melilla\/#\/schema\/logo\/image\/\",\"url\":\"https:\/\/agrupacionespsoe.es\/wp-content\/uploads\/2022\/07\/Logotipo_electoral_del_PSOE.png\",\"contentUrl\":\"https:\/\/agrupacionespsoe.es\/wp-content\/uploads\/2022\/07\/Logotipo_electoral_del_PSOE.png\",\"width\":422,\"height\":422,\"caption\":\"Agrupaci\u00f3n Socialista de Melilla\"},\"image\":{\"@id\":\"https:\/\/agrupacionespsoe.es\/melilla\/#\/schema\/logo\/image\/\"}},{\"@type\":\"Person\",\"@id\":\"https:\/\/agrupacionespsoe.es\/melilla\/#\/schema\/person\/72bb3075a827d0ed0623682b96c92bd6\",\"name\":\"melilla2\",\"image\":{\"@type\":\"ImageObject\",\"inLanguage\":\"es\",\"@id\":\"https:\/\/agrupacionespsoe.es\/melilla\/#\/schema\/person\/image\/\",\"url\":\"https:\/\/secure.gravatar.com\/avatar\/489a178e794e59f00db13a448aabca16?s=96&d=mm&r=g\",\"contentUrl\":\"https:\/\/secure.gravatar.com\/avatar\/489a178e794e59f00db13a448aabca16?s=96&d=mm&r=g\",\"caption\":\"melilla2\"},\"url\":\"https:\/\/agrupacionespsoe.es\/melilla\/author\/melilla2\/\"}]}<\/script>\n<!-- \/ Yoast SEO plugin. -->","yoast_head_json":{"title":"El PSOE de Melilla exige a Imbroda que abandone la confrontaci\u00f3n partidista y se sume al pacto por la vivienda - Agrupaci\u00f3n Socialista de Melilla","robots":{"index":"index","follow":"follow","max-snippet":"max-snippet:-1","max-image-preview":"max-image-preview:large","max-video-preview":"max-video-preview:-1"},"canonical":"https:\/\/agrupacionespsoe.es\/melilla\/el-psoe-de-melilla-exige-a-imbroda-que-abandone-la-confrontacion-partidista-y-se-sume-al-pacto-por-la-vivienda\/","og_locale":"es_ES","og_type":"article","og_title":"El PSOE de Melilla exige a Imbroda que abandone la confrontaci\u00f3n partidista y se sume al pacto por la vivienda - Agrupaci\u00f3n Socialista de Melilla","og_description":"Sabrina Moh: \u201cEs el momento de que el PP est\u00e9 a la altura de lo que necesitan los y las melillenses\u201d La Secretaria General del PSOE de Melilla, Sabrina Moh, ha instado al presidente de la Ciudad Aut\u00f3noma, Juan Jos\u00e9 Imbroda, a que \u201cabandone la estrategia de confrontaci\u00f3n partidista y se sume de manera decidida ...","og_url":"https:\/\/agrupacionespsoe.es\/melilla\/el-psoe-de-melilla-exige-a-imbroda-que-abandone-la-confrontacion-partidista-y-se-sume-al-pacto-por-la-vivienda\/","og_site_name":"Agrupaci\u00f3n Socialista de Melilla","article_published_time":"2025-06-05T14:52:51+00:00","article_modified_time":"2025-06-05T14:52:52+00:00","og_image":[{"width":1600,"height":1066,"url":"https:\/\/agrupacionespsoe.es\/melilla\/wp-content\/uploads\/sites\/120\/2025\/06\/WhatsApp-Image-2025-06-05-at-14.16.02.jpeg","type":"image\/jpeg"}],"author":"melilla2","twitter_card":"summary_large_image","twitter_misc":{"Escrito por":"melilla2","Tiempo de lectura":"2 minutos"},"schema":{"@context":"https:\/\/schema.org","@graph":[{"@type":"Article","@id":"https:\/\/agrupacionespsoe.es\/melilla\/el-psoe-de-melilla-exige-a-imbroda-que-abandone-la-confrontacion-partidista-y-se-sume-al-pacto-por-la-vivienda\/#article","isPartOf":{"@id":"https:\/\/agrupacionespsoe.es\/melilla\/el-psoe-de-melilla-exige-a-imbroda-que-abandone-la-confrontacion-partidista-y-se-sume-al-pacto-por-la-vivienda\/"},"author":{"name":"melilla2","@id":"https:\/\/agrupacionespsoe.es\/melilla\/#\/schema\/person\/72bb3075a827d0ed0623682b96c92bd6"},"headline":"El PSOE de Melilla exige a Imbroda que abandone la confrontaci\u00f3n partidista y se sume al pacto por la vivienda","datePublished":"2025-06-05T14:52:51+00:00","dateModified":"2025-06-05T14:52:52+00:00","mainEntityOfPage":{"@id":"https:\/\/agrupacionespsoe.es\/melilla\/el-psoe-de-melilla-exige-a-imbroda-que-abandone-la-confrontacion-partidista-y-se-sume-al-pacto-por-la-vivienda\/"},"wordCount":365,"commentCount":0,"publisher":{"@id":"https:\/\/agrupacionespsoe.es\/melilla\/#organization"},"image":{"@id":"https:\/\/agrupacionespsoe.es\/melilla\/el-psoe-de-melilla-exige-a-imbroda-que-abandone-la-confrontacion-partidista-y-se-sume-al-pacto-por-la-vivienda\/#primaryimage"},"thumbnailUrl":"https:\/\/agrupacionespsoe.es\/melilla\/wp-content\/uploads\/sites\/120\/2025\/06\/WhatsApp-Image-2025-06-05-at-14.16.02.jpeg","inLanguage":"es","potentialAction":[{"@type":"CommentAction","name":"Comment","target":["https:\/\/agrupacionespsoe.es\/melilla\/el-psoe-de-melilla-exige-a-imbroda-que-abandone-la-confrontacion-partidista-y-se-sume-al-pacto-por-la-vivienda\/#respond"]}]},{"@type":"WebPage","@id":"https:\/\/agrupacionespsoe.es\/melilla\/el-psoe-de-melilla-exige-a-imbroda-que-abandone-la-confrontacion-partidista-y-se-sume-al-pacto-por-la-vivienda\/","url":"https:\/\/agrupacionespsoe.es\/melilla\/el-psoe-de-melilla-exige-a-imbroda-que-abandone-la-confrontacion-partidista-y-se-sume-al-pacto-por-la-vivienda\/","name":"El PSOE de Melilla exige a Imbroda que abandone la confrontaci\u00f3n partidista y se sume al pacto por la vivienda - Agrupaci\u00f3n Socialista de Melilla","isPartOf":{"@id":"https:\/\/agrupacionespsoe.es\/melilla\/#website"},"primaryImageOfPage":{"@id":"https:\/\/agrupacionespsoe.es\/melilla\/el-psoe-de-melilla-exige-a-imbroda-que-abandone-la-confrontacion-partidista-y-se-sume-al-pacto-por-la-vivienda\/#primaryimage"},"image":{"@id":"https:\/\/agrupacionespsoe.es\/melilla\/el-psoe-de-melilla-exige-a-imbroda-que-abandone-la-confrontacion-partidista-y-se-sume-al-pacto-por-la-vivienda\/#primaryimage"},"thumbnailUrl":"https:\/\/agrupacionespsoe.es\/melilla\/wp-content\/uploads\/sites\/120\/2025\/06\/WhatsApp-Image-2025-06-05-at-14.16.02.jpeg","datePublished":"2025-06-05T14:52:51+00:00","dateModified":"2025-06-05T14:52:52+00:00","breadcrumb":{"@id":"https:\/\/agrupacionespsoe.es\/melilla\/el-psoe-de-melilla-exige-a-imbroda-que-abandone-la-confrontacion-partidista-y-se-sume-al-pacto-por-la-vivienda\/#breadcrumb"},"inLanguage":"es","potentialAction":[{"@type":"ReadAction","target":["https:\/\/agrupacionespsoe.es\/melilla\/el-psoe-de-melilla-exige-a-imbroda-que-abandone-la-confrontacion-partidista-y-se-sume-al-pacto-por-la-vivienda\/"]}]},{"@type":"ImageObject","inLanguage":"es","@id":"https:\/\/agrupacionespsoe.es\/melilla\/el-psoe-de-melilla-exige-a-imbroda-que-abandone-la-confrontacion-partidista-y-se-sume-al-pacto-por-la-vivienda\/#primaryimage","url":"https:\/\/agrupacionespsoe.es\/melilla\/wp-content\/uploads\/sites\/120\/2025\/06\/WhatsApp-Image-2025-06-05-at-14.16.02.jpeg","contentUrl":"https:\/\/agrupacionespsoe.es\/melilla\/wp-content\/uploads\/sites\/120\/2025\/06\/WhatsApp-Image-2025-06-05-at-14.16.02.jpeg","width":1600,"height":1066},{"@type":"BreadcrumbList","@id":"https:\/\/agrupacionespsoe.es\/melilla\/el-psoe-de-melilla-exige-a-imbroda-que-abandone-la-confrontacion-partidista-y-se-sume-al-pacto-por-la-vivienda\/#breadcrumb","itemListElement":[{"@type":"ListItem","position":1,"name":"Portada","item":"https:\/\/agrupacionespsoe.es\/melilla\/"},{"@type":"ListItem","position":2,"name":"El PSOE de Melilla exige a Imbroda que abandone la confrontaci\u00f3n partidista y se sume al pacto por la vivienda"}]},{"@type":"WebSite","@id":"https:\/\/agrupacionespsoe.es\/melilla\/#website","url":"https:\/\/agrupacionespsoe.es\/melilla\/","name":"Agrupaci\u00f3n Socialista de Melilla","description":"Agrupaci\u00f3n Socialista de Melilla","publisher":{"@id":"https:\/\/agrupacionespsoe.es\/melilla\/#organization"},"potentialAction":[{"@type":"SearchAction","target":{"@type":"EntryPoint","urlTemplate":"https:\/\/agrupacionespsoe.es\/melilla\/?s={search_term_string}"},"query-input":{"@type":"PropertyValueSpecification","valueRequired":true,"valueName":"search_term_string"}}],"inLanguage":"es"},{"@type":"Organization","@id":"https:\/\/agrupacionespsoe.es\/melilla\/#organization","name":"Agrupaci\u00f3n Socialista de Melilla","url":"https:\/\/agrupacionespsoe.es\/melilla\/","logo":{"@type":"ImageObject","inLanguage":"es","@id":"https:\/\/agrupacionespsoe.es\/melilla\/#\/schema\/logo\/image\/","url":"https:\/\/agrupacionespsoe.es\/wp-content\/uploads\/2022\/07\/Logotipo_electoral_del_PSOE.png","contentUrl":"https:\/\/agrupacionespsoe.es\/wp-content\/uploads\/2022\/07\/Logotipo_electoral_del_PSOE.png","width":422,"height":422,"caption":"Agrupaci\u00f3n Socialista de Melilla"},"image":{"@id":"https:\/\/agrupacionespsoe.es\/melilla\/#\/schema\/logo\/image\/"}},{"@type":"Person","@id":"https:\/\/agrupacionespsoe.es\/melilla\/#\/schema\/person\/72bb3075a827d0ed0623682b96c92bd6","name":"melilla2","image":{"@type":"ImageObject","inLanguage":"es","@id":"https:\/\/agrupacionespsoe.es\/melilla\/#\/schema\/person\/image\/","url":"https:\/\/secure.gravatar.com\/avatar\/489a178e794e59f00db13a448aabca16?s=96&d=mm&r=g","contentUrl":"https:\/\/secure.gravatar.com\/avatar\/489a178e794e59f00db13a448aabca16?s=96&d=mm&r=g","caption":"melilla2"},"url":"https:\/\/agrupacionespsoe.es\/melilla\/author\/melilla2\/"}]}},"jetpack_featured_media_url":"https:\/\/agrupacionespsoe.es\/melilla\/wp-content\/uploads\/sites\/120\/2025\/06\/WhatsApp-Image-2025-06-05-at-14.16.02.jpeg","jetpack_sharing_enabled":true,"_links":{"self":[{"href":"https:\/\/agrupacionespsoe.es\/melilla\/wp-json\/wp\/v2\/posts\/1875","targetHints":{"allow":["GET"]}}],"collection":[{"href":"https:\/\/agrupacionespsoe.es\/melilla\/wp-json\/wp\/v2\/posts"}],"about":[{"href":"https:\/\/agrupacionespsoe.es\/melilla\/wp-json\/wp\/v2\/types\/post"}],"author":[{"embeddable":true,"href":"https:\/\/agrupacionespsoe.es\/melilla\/wp-json\/wp\/v2\/users\/187"}],"replies":[{"embeddable":true,"href":"https:\/\/agrupacionespsoe.es\/melilla\/wp-json\/wp\/v2\/comments?post=1875"}],"version-history":[{"count":1,"href":"https:\/\/agrupacionespsoe.es\/melilla\/wp-json\/wp\/v2\/posts\/1875\/revisions"}],"predecessor-version":[{"id":1877,"href":"https:\/\/agrupacionespsoe.es\/melilla\/wp-json\/wp\/v2\/posts\/1875\/revisions\/1877"}],"wp:featuredmedia":[{"embeddable":true,"href":"https:\/\/agrupacionespsoe.es\/melilla\/wp-json\/wp\/v2\/media\/1876"}],"wp:attachment":[{"href":"https:\/\/agrupacionespsoe.es\/melilla\/wp-json\/wp\/v2\/media?parent=1875"}],"wp:term":[{"taxonomy":"category","embeddable":true,"href":"https:\/\/agrupacionespsoe.es\/melilla\/wp-json\/wp\/v2\/categories?post=1875"},{"taxonomy":"post_tag","embeddable":true,"href":"https:\/\/agrupacionespsoe.es\/melilla\/wp-json\/wp\/v2\/tags?post=1875"}],"curies":[{"name":"wp","href":"https:\/\/api.w.org\/{rel}","templated":true}]}}