{"id":1873,"date":"2025-06-05T13:42:32","date_gmt":"2025-06-05T13:42:32","guid":{"rendered":"https:\/\/agrupacionespsoe.es\/melilla\/?p=1873"},"modified":"2025-06-05T13:42:34","modified_gmt":"2025-06-05T13:42:34","slug":"robles-a-feijoo-no-le-preocupan-los-melillenses-sino-su-supervivencia-politica","status":"publish","type":"post","link":"https:\/\/agrupacionespsoe.es\/melilla\/robles-a-feijoo-no-le-preocupan-los-melillenses-sino-su-supervivencia-politica\/","title":{"rendered":"Robles: \u201cA Feij\u00f3o no le preocupan los melillenses sino su supervivencia pol\u00edtica\u201d"},"content":{"rendered":"\n<p><strong>\u201c\u00bfPara qu\u00e9 quiere gobernar? \u00bfPara volver a congelar las pensiones y que no se vuelvan a construir infraestructuras en Melilla?\u201d, pregunta<\/strong><\/p>\n\n\n\n<p>\u201cA Alberto N\u00fa\u00f1ez Feijo\u00f3 no le preocupa ni Melilla, ni la ciudadan\u00eda melillense, solo le preocupa su supervivencia pol\u00edtica\u201d. El Portavoz del Grupo Socialista, Rafael Robles, ha dejado claro que la presencia del l\u00edder de la oposici\u00f3n en nuestra ciudad se debe exclusivamente a la necesidad que el popular tiene de buscar apoyos para su Congreso en un momento en el que \u201cest\u00e1 totalmente cuestionado dentro de su propio partido\u201d.<\/p>\n\n\n\n<p>\u201cLa visita de Feijo\u00f3 no le ha aportado nada a nuestra ciudad ni a la ciudadan\u00eda, ha sido una visita en clave partidista porque sabe que cada d\u00eda son m\u00e1s las voces dentro del PP que ponen en duda su liderazgo y son conscientes de su falta de proyecto\u201d, ha se\u00f1alado.<\/p>\n\n\n\n<p>\u201cFeijo\u00f3 ha venido a Melilla a repetir los mismos mensajes que lleva semanas diciendo en Madrid y ha demostrado que ni conoce ni le importa lo m\u00e1s m\u00ednimo la idiosincrasia de nuestra ciudad ni lo que le preocupa a las y los melillenses\u201d, ha lamentado.<\/p>\n\n\n\n<p>Tal y como ha se\u00f1alado el diputado socialista, las declaraciones en clave de mitin que ha dado Feijo\u00f3 \u201chan sido las mismas frases manidas y repetitivas de siempre\u201d. Un discurso vac\u00edo, ha se\u00f1alado, que se resume a \u201chumo y propaganda\u201d.<\/p>\n\n\n\n<p><strong>El PP abandon\u00f3 a Melilla<\/strong><\/p>\n\n\n\n<p>El dirigente del PSOE local ha dejado claro que Pedro S\u00e1nchez ha venido, en calidad de Presidente de Espa\u00f1a, a inaugurar un Hospital puntero, con una inversi\u00f3n de 150 millones de euros para mejorar la calidad sanitaria de la ciudadan\u00eda melillense. Frente a eso, una vez m\u00e1s, el PP trae su candidato a darse una vuelta con el \u00fanico objetivo de su promoci\u00f3n personal.<\/p>\n\n\n\n<p>En cuanto al \u201cPlan Sanitario\u201d al que se ha referido Feijo\u00f3, el diputado socialista le ha preguntado a los populares si es el mismo que se est\u00e1 aplicando en Madrid o Andaluc\u00eda, que consiste en quitarle el dinero a la sanidad p\u00fablica para d\u00e1rselo a la sanidad privada.<\/p>\n\n\n\n<p>\u201cSi a Feijo\u00f3 le interesasen m\u00ednimamente los profesionales sanitarios o la Sanidad p\u00fablica se plasmar\u00eda all\u00ed donde gobierna su partido, sin embargo, vemos que es todo lo contrario, vemos c\u00f3mo no se les va a renovar el contrato a los Sanitarios en Andaluc\u00eda, o c\u00f3mo en Madrid tardan m\u00e1s de una semana en darte cita para ver a tu m\u00e9dico de cabecera\u201d, ha se\u00f1alado.<\/p>\n\n\n\n<p>Asimismo, Robles ha criticado que, de nuevo, el PP \u201cda lecciones cuando no es ejemplo de nada\u201d. All\u00ed donde el PP gestiona la Sanidad, solo hay recortes, despido de profesionales sanitarios y abandono de los ciudadanos, ha recordado, que ha apuntado que, desgraciadamente los melillenses ya hemos padecido la gesti\u00f3n sanitaria del PP con el Gobierno de Rajoy, que se tradujo en copagos, desfinaciaci\u00f3n de medicamentos, contratos precarios para los profesionales sanitarios y la paralizaci\u00f3n de las obras del Hospital Universitario.<\/p>\n\n\n\n<p>\u201cLa realidad es que cada vez que han tenido ocasi\u00f3n, han optado por la privatizaci\u00f3n: ya sea en sanidad, en educaci\u00f3n o en vivienda. Lo hemos visto, lo seguimos viendo. El modelo de la derecha siempre es el mismo: recortar derechos para favorecer intereses privados\u201d, ha subrayado.<\/p>\n\n\n\n<p>En ese sentido, el socialista ha asegurado que si el PP hubiese seguido en Moncloa durante estos \u00faltimos siete a\u00f1os, el Hospital Universitario seguir\u00eda siendo \u201cun proyecto a medio construir, un mont\u00f3n de ladrillos olvidados\u201d. Sin embargo, \u201choy ese hospital es una realidad, por mucho que les duela, gracias a los Gobiernos Socialistas. Y lo es porque hubo voluntad pol\u00edtica, inversi\u00f3n y compromiso con la sanidad p\u00fablica. Compromiso real, no palabras vac\u00edas\u201d.<\/p>\n\n\n\n<p>Por \u00faltimo, el Portavoz del PSOE se ha hecho eco de las palabras de Imbroda en las que asegura que Melilla necesita que Feijo\u00f3 sea Presidente. \u201c\u00bfPara qu\u00e9 quiere Imbroda que el PP vuelva al Gobierno de la Naci\u00f3n? \u00bfPara volver a congelar las pensiones? \u00bfPara qu\u00e9 no se vuelva a construir ni una sola infraestructura en nuestra ciudad como siempre pasa cada vez que gobierna el PP? \u00bfPara a qu\u00e9 a las familias melillenses les quiten el Ingreso M\u00ednimo Vital?\u201d, se ha preguntado.<\/p>\n","protected":false},"excerpt":{"rendered":"<p>\u201c\u00bfPara qu\u00e9 quiere gobernar? \u00bfPara volver a congelar las pensiones y que no se vuelvan a construir infraestructuras en Melilla?\u201d, pregunta \u201cA Alberto N\u00fa\u00f1ez Feijo\u00f3 no le preocupa ni Melilla, ni la ciudadan\u00eda melillense, solo le preocupa su supervivencia pol\u00edtica\u201d. El Portavoz del Grupo Socialista, Rafael Robles, ha dejado claro que la presencia del l\u00edder &#8230;<\/p>\n","protected":false},"author":187,"featured_media":1860,"comment_status":"open","ping_status":"open","sticky":false,"template":"","format":"standard","meta":{"_jetpack_memberships_contains_paid_content":false,"footnotes":""},"categories":[1],"tags":[],"class_list":["post-1873","post","type-post","status-publish","format-standard","has-post-thumbnail","hentry","category-sin-categoria"],"yoast_head":"<!-- This site is optimized with the Yoast SEO plugin v24.0 - https:\/\/yoast.com\/wordpress\/plugins\/seo\/ -->\n<title>Robles: \u201cA Feij\u00f3o no le preocupan los melillenses sino su supervivencia pol\u00edtica\u201d - Agrupaci\u00f3n Socialista de Melilla<\/title>\n<meta name=\"robots\" content=\"index, follow, max-snippet:-1, max-image-preview:large, max-video-preview:-1\" \/>\n<link rel=\"canonical\" href=\"https:\/\/agrupacionespsoe.es\/melilla\/robles-a-feijoo-no-le-preocupan-los-melillenses-sino-su-supervivencia-politica\/\" \/>\n<meta property=\"og:locale\" content=\"es_ES\" \/>\n<meta property=\"og:type\" content=\"article\" \/>\n<meta property=\"og:title\" content=\"Robles: \u201cA Feij\u00f3o no le preocupan los melillenses sino su supervivencia pol\u00edtica\u201d - Agrupaci\u00f3n Socialista de Melilla\" \/>\n<meta property=\"og:description\" content=\"\u201c\u00bfPara qu\u00e9 quiere gobernar? \u00bfPara volver a congelar las pensiones y que no se vuelvan a construir infraestructuras en Melilla?\u201d, pregunta \u201cA Alberto N\u00fa\u00f1ez Feijo\u00f3 no le preocupa ni Melilla, ni la ciudadan\u00eda melillense, solo le preocupa su supervivencia pol\u00edtica\u201d. El Portavoz del Grupo Socialista, Rafael Robles, ha dejado claro que la presencia del l\u00edder ...\" \/>\n<meta property=\"og:url\" content=\"https:\/\/agrupacionespsoe.es\/melilla\/robles-a-feijoo-no-le-preocupan-los-melillenses-sino-su-supervivencia-politica\/\" \/>\n<meta property=\"og:site_name\" content=\"Agrupaci\u00f3n Socialista de Melilla\" \/>\n<meta property=\"article:published_time\" content=\"2025-06-05T13:42:32+00:00\" \/>\n<meta property=\"article:modified_time\" content=\"2025-06-05T13:42:34+00:00\" \/>\n<meta property=\"og:image\" content=\"https:\/\/agrupacionespsoe.es\/melilla\/wp-content\/uploads\/sites\/120\/2025\/06\/2025-05-21-RRobles-scaled.jpg\" \/>\n\t<meta property=\"og:image:width\" content=\"2560\" \/>\n\t<meta property=\"og:image:height\" content=\"1707\" \/>\n\t<meta property=\"og:image:type\" content=\"image\/jpeg\" \/>\n<meta name=\"author\" content=\"melilla2\" \/>\n<meta name=\"twitter:card\" content=\"summary_large_image\" \/>\n<meta name=\"twitter:label1\" content=\"Escrito por\" \/>\n\t<meta name=\"twitter:data1\" content=\"melilla2\" \/>\n\t<meta name=\"twitter:label2\" content=\"Tiempo de lectura\" \/>\n\t<meta name=\"twitter:data2\" content=\"4 minutos\" \/>\n<script type=\"application\/ld+json\" class=\"yoast-schema-graph\">{\"@context\":\"https:\/\/schema.org\",\"@graph\":[{\"@type\":\"Article\",\"@id\":\"https:\/\/agrupacionespsoe.es\/melilla\/robles-a-feijoo-no-le-preocupan-los-melillenses-sino-su-supervivencia-politica\/#article\",\"isPartOf\":{\"@id\":\"https:\/\/agrupacionespsoe.es\/melilla\/robles-a-feijoo-no-le-preocupan-los-melillenses-sino-su-supervivencia-politica\/\"},\"author\":{\"name\":\"melilla2\",\"@id\":\"https:\/\/agrupacionespsoe.es\/melilla\/#\/schema\/person\/72bb3075a827d0ed0623682b96c92bd6\"},\"headline\":\"Robles: \u201cA Feij\u00f3o no le preocupan los melillenses sino su supervivencia pol\u00edtica\u201d\",\"datePublished\":\"2025-06-05T13:42:32+00:00\",\"dateModified\":\"2025-06-05T13:42:34+00:00\",\"mainEntityOfPage\":{\"@id\":\"https:\/\/agrupacionespsoe.es\/melilla\/robles-a-feijoo-no-le-preocupan-los-melillenses-sino-su-supervivencia-politica\/\"},\"wordCount\":752,\"commentCount\":0,\"publisher\":{\"@id\":\"https:\/\/agrupacionespsoe.es\/melilla\/#organization\"},\"image\":{\"@id\":\"https:\/\/agrupacionespsoe.es\/melilla\/robles-a-feijoo-no-le-preocupan-los-melillenses-sino-su-supervivencia-politica\/#primaryimage\"},\"thumbnailUrl\":\"https:\/\/agrupacionespsoe.es\/melilla\/wp-content\/uploads\/sites\/120\/2025\/06\/2025-05-21-RRobles-scaled.jpg\",\"inLanguage\":\"es\",\"potentialAction\":[{\"@type\":\"CommentAction\",\"name\":\"Comment\",\"target\":[\"https:\/\/agrupacionespsoe.es\/melilla\/robles-a-feijoo-no-le-preocupan-los-melillenses-sino-su-supervivencia-politica\/#respond\"]}]},{\"@type\":\"WebPage\",\"@id\":\"https:\/\/agrupacionespsoe.es\/melilla\/robles-a-feijoo-no-le-preocupan-los-melillenses-sino-su-supervivencia-politica\/\",\"url\":\"https:\/\/agrupacionespsoe.es\/melilla\/robles-a-feijoo-no-le-preocupan-los-melillenses-sino-su-supervivencia-politica\/\",\"name\":\"Robles: \u201cA Feij\u00f3o no le preocupan los melillenses sino su supervivencia pol\u00edtica\u201d - Agrupaci\u00f3n Socialista de Melilla\",\"isPartOf\":{\"@id\":\"https:\/\/agrupacionespsoe.es\/melilla\/#website\"},\"primaryImageOfPage\":{\"@id\":\"https:\/\/agrupacionespsoe.es\/melilla\/robles-a-feijoo-no-le-preocupan-los-melillenses-sino-su-supervivencia-politica\/#primaryimage\"},\"image\":{\"@id\":\"https:\/\/agrupacionespsoe.es\/melilla\/robles-a-feijoo-no-le-preocupan-los-melillenses-sino-su-supervivencia-politica\/#primaryimage\"},\"thumbnailUrl\":\"https:\/\/agrupacionespsoe.es\/melilla\/wp-content\/uploads\/sites\/120\/2025\/06\/2025-05-21-RRobles-scaled.jpg\",\"datePublished\":\"2025-06-05T13:42:32+00:00\",\"dateModified\":\"2025-06-05T13:42:34+00:00\",\"breadcrumb\":{\"@id\":\"https:\/\/agrupacionespsoe.es\/melilla\/robles-a-feijoo-no-le-preocupan-los-melillenses-sino-su-supervivencia-politica\/#breadcrumb\"},\"inLanguage\":\"es\",\"potentialAction\":[{\"@type\":\"ReadAction\",\"target\":[\"https:\/\/agrupacionespsoe.es\/melilla\/robles-a-feijoo-no-le-preocupan-los-melillenses-sino-su-supervivencia-politica\/\"]}]},{\"@type\":\"ImageObject\",\"inLanguage\":\"es\",\"@id\":\"https:\/\/agrupacionespsoe.es\/melilla\/robles-a-feijoo-no-le-preocupan-los-melillenses-sino-su-supervivencia-politica\/#primaryimage\",\"url\":\"https:\/\/agrupacionespsoe.es\/melilla\/wp-content\/uploads\/sites\/120\/2025\/06\/2025-05-21-RRobles-scaled.jpg\",\"contentUrl\":\"https:\/\/agrupacionespsoe.es\/melilla\/wp-content\/uploads\/sites\/120\/2025\/06\/2025-05-21-RRobles-scaled.jpg\",\"width\":2560,\"height\":1707},{\"@type\":\"BreadcrumbList\",\"@id\":\"https:\/\/agrupacionespsoe.es\/melilla\/robles-a-feijoo-no-le-preocupan-los-melillenses-sino-su-supervivencia-politica\/#breadcrumb\",\"itemListElement\":[{\"@type\":\"ListItem\",\"position\":1,\"name\":\"Portada\",\"item\":\"https:\/\/agrupacionespsoe.es\/melilla\/\"},{\"@type\":\"ListItem\",\"position\":2,\"name\":\"Robles: \u201cA Feij\u00f3o no le preocupan los melillenses sino su supervivencia pol\u00edtica\u201d\"}]},{\"@type\":\"WebSite\",\"@id\":\"https:\/\/agrupacionespsoe.es\/melilla\/#website\",\"url\":\"https:\/\/agrupacionespsoe.es\/melilla\/\",\"name\":\"Agrupaci\u00f3n Socialista de Melilla\",\"description\":\"Agrupaci\u00f3n Socialista de Melilla\",\"publisher\":{\"@id\":\"https:\/\/agrupacionespsoe.es\/melilla\/#organization\"},\"potentialAction\":[{\"@type\":\"SearchAction\",\"target\":{\"@type\":\"EntryPoint\",\"urlTemplate\":\"https:\/\/agrupacionespsoe.es\/melilla\/?s={search_term_string}\"},\"query-input\":{\"@type\":\"PropertyValueSpecification\",\"valueRequired\":true,\"valueName\":\"search_term_string\"}}],\"inLanguage\":\"es\"},{\"@type\":\"Organization\",\"@id\":\"https:\/\/agrupacionespsoe.es\/melilla\/#organization\",\"name\":\"Agrupaci\u00f3n Socialista de Melilla\",\"url\":\"https:\/\/agrupacionespsoe.es\/melilla\/\",\"logo\":{\"@type\":\"ImageObject\",\"inLanguage\":\"es\",\"@id\":\"https:\/\/agrupacionespsoe.es\/melilla\/#\/schema\/logo\/image\/\",\"url\":\"https:\/\/agrupacionespsoe.es\/wp-content\/uploads\/2022\/07\/Logotipo_electoral_del_PSOE.png\",\"contentUrl\":\"https:\/\/agrupacionespsoe.es\/wp-content\/uploads\/2022\/07\/Logotipo_electoral_del_PSOE.png\",\"width\":422,\"height\":422,\"caption\":\"Agrupaci\u00f3n Socialista de Melilla\"},\"image\":{\"@id\":\"https:\/\/agrupacionespsoe.es\/melilla\/#\/schema\/logo\/image\/\"}},{\"@type\":\"Person\",\"@id\":\"https:\/\/agrupacionespsoe.es\/melilla\/#\/schema\/person\/72bb3075a827d0ed0623682b96c92bd6\",\"name\":\"melilla2\",\"image\":{\"@type\":\"ImageObject\",\"inLanguage\":\"es\",\"@id\":\"https:\/\/agrupacionespsoe.es\/melilla\/#\/schema\/person\/image\/\",\"url\":\"https:\/\/secure.gravatar.com\/avatar\/489a178e794e59f00db13a448aabca16?s=96&d=mm&r=g\",\"contentUrl\":\"https:\/\/secure.gravatar.com\/avatar\/489a178e794e59f00db13a448aabca16?s=96&d=mm&r=g\",\"caption\":\"melilla2\"},\"url\":\"https:\/\/agrupacionespsoe.es\/melilla\/author\/melilla2\/\"}]}<\/script>\n<!-- \/ Yoast SEO plugin. -->","yoast_head_json":{"title":"Robles: \u201cA Feij\u00f3o no le preocupan los melillenses sino su supervivencia pol\u00edtica\u201d - Agrupaci\u00f3n Socialista de Melilla","robots":{"index":"index","follow":"follow","max-snippet":"max-snippet:-1","max-image-preview":"max-image-preview:large","max-video-preview":"max-video-preview:-1"},"canonical":"https:\/\/agrupacionespsoe.es\/melilla\/robles-a-feijoo-no-le-preocupan-los-melillenses-sino-su-supervivencia-politica\/","og_locale":"es_ES","og_type":"article","og_title":"Robles: \u201cA Feij\u00f3o no le preocupan los melillenses sino su supervivencia pol\u00edtica\u201d - Agrupaci\u00f3n Socialista de Melilla","og_description":"\u201c\u00bfPara qu\u00e9 quiere gobernar? \u00bfPara volver a congelar las pensiones y que no se vuelvan a construir infraestructuras en Melilla?\u201d, pregunta \u201cA Alberto N\u00fa\u00f1ez Feijo\u00f3 no le preocupa ni Melilla, ni la ciudadan\u00eda melillense, solo le preocupa su supervivencia pol\u00edtica\u201d. El Portavoz del Grupo Socialista, Rafael Robles, ha dejado claro que la presencia del l\u00edder ...","og_url":"https:\/\/agrupacionespsoe.es\/melilla\/robles-a-feijoo-no-le-preocupan-los-melillenses-sino-su-supervivencia-politica\/","og_site_name":"Agrupaci\u00f3n Socialista de Melilla","article_published_time":"2025-06-05T13:42:32+00:00","article_modified_time":"2025-06-05T13:42:34+00:00","og_image":[{"width":2560,"height":1707,"url":"https:\/\/agrupacionespsoe.es\/melilla\/wp-content\/uploads\/sites\/120\/2025\/06\/2025-05-21-RRobles-scaled.jpg","type":"image\/jpeg"}],"author":"melilla2","twitter_card":"summary_large_image","twitter_misc":{"Escrito por":"melilla2","Tiempo de lectura":"4 minutos"},"schema":{"@context":"https:\/\/schema.org","@graph":[{"@type":"Article","@id":"https:\/\/agrupacionespsoe.es\/melilla\/robles-a-feijoo-no-le-preocupan-los-melillenses-sino-su-supervivencia-politica\/#article","isPartOf":{"@id":"https:\/\/agrupacionespsoe.es\/melilla\/robles-a-feijoo-no-le-preocupan-los-melillenses-sino-su-supervivencia-politica\/"},"author":{"name":"melilla2","@id":"https:\/\/agrupacionespsoe.es\/melilla\/#\/schema\/person\/72bb3075a827d0ed0623682b96c92bd6"},"headline":"Robles: \u201cA Feij\u00f3o no le preocupan los melillenses sino su supervivencia pol\u00edtica\u201d","datePublished":"2025-06-05T13:42:32+00:00","dateModified":"2025-06-05T13:42:34+00:00","mainEntityOfPage":{"@id":"https:\/\/agrupacionespsoe.es\/melilla\/robles-a-feijoo-no-le-preocupan-los-melillenses-sino-su-supervivencia-politica\/"},"wordCount":752,"commentCount":0,"publisher":{"@id":"https:\/\/agrupacionespsoe.es\/melilla\/#organization"},"image":{"@id":"https:\/\/agrupacionespsoe.es\/melilla\/robles-a-feijoo-no-le-preocupan-los-melillenses-sino-su-supervivencia-politica\/#primaryimage"},"thumbnailUrl":"https:\/\/agrupacionespsoe.es\/melilla\/wp-content\/uploads\/sites\/120\/2025\/06\/2025-05-21-RRobles-scaled.jpg","inLanguage":"es","potentialAction":[{"@type":"CommentAction","name":"Comment","target":["https:\/\/agrupacionespsoe.es\/melilla\/robles-a-feijoo-no-le-preocupan-los-melillenses-sino-su-supervivencia-politica\/#respond"]}]},{"@type":"WebPage","@id":"https:\/\/agrupacionespsoe.es\/melilla\/robles-a-feijoo-no-le-preocupan-los-melillenses-sino-su-supervivencia-politica\/","url":"https:\/\/agrupacionespsoe.es\/melilla\/robles-a-feijoo-no-le-preocupan-los-melillenses-sino-su-supervivencia-politica\/","name":"Robles: \u201cA Feij\u00f3o no le preocupan los melillenses sino su supervivencia pol\u00edtica\u201d - Agrupaci\u00f3n Socialista de Melilla","isPartOf":{"@id":"https:\/\/agrupacionespsoe.es\/melilla\/#website"},"primaryImageOfPage":{"@id":"https:\/\/agrupacionespsoe.es\/melilla\/robles-a-feijoo-no-le-preocupan-los-melillenses-sino-su-supervivencia-politica\/#primaryimage"},"image":{"@id":"https:\/\/agrupacionespsoe.es\/melilla\/robles-a-feijoo-no-le-preocupan-los-melillenses-sino-su-supervivencia-politica\/#primaryimage"},"thumbnailUrl":"https:\/\/agrupacionespsoe.es\/melilla\/wp-content\/uploads\/sites\/120\/2025\/06\/2025-05-21-RRobles-scaled.jpg","datePublished":"2025-06-05T13:42:32+00:00","dateModified":"2025-06-05T13:42:34+00:00","breadcrumb":{"@id":"https:\/\/agrupacionespsoe.es\/melilla\/robles-a-feijoo-no-le-preocupan-los-melillenses-sino-su-supervivencia-politica\/#breadcrumb"},"inLanguage":"es","potentialAction":[{"@type":"ReadAction","target":["https:\/\/agrupacionespsoe.es\/melilla\/robles-a-feijoo-no-le-preocupan-los-melillenses-sino-su-supervivencia-politica\/"]}]},{"@type":"ImageObject","inLanguage":"es","@id":"https:\/\/agrupacionespsoe.es\/melilla\/robles-a-feijoo-no-le-preocupan-los-melillenses-sino-su-supervivencia-politica\/#primaryimage","url":"https:\/\/agrupacionespsoe.es\/melilla\/wp-content\/uploads\/sites\/120\/2025\/06\/2025-05-21-RRobles-scaled.jpg","contentUrl":"https:\/\/agrupacionespsoe.es\/melilla\/wp-content\/uploads\/sites\/120\/2025\/06\/2025-05-21-RRobles-scaled.jpg","width":2560,"height":1707},{"@type":"BreadcrumbList","@id":"https:\/\/agrupacionespsoe.es\/melilla\/robles-a-feijoo-no-le-preocupan-los-melillenses-sino-su-supervivencia-politica\/#breadcrumb","itemListElement":[{"@type":"ListItem","position":1,"name":"Portada","item":"https:\/\/agrupacionespsoe.es\/melilla\/"},{"@type":"ListItem","position":2,"name":"Robles: \u201cA Feij\u00f3o no le preocupan los melillenses sino su supervivencia pol\u00edtica\u201d"}]},{"@type":"WebSite","@id":"https:\/\/agrupacionespsoe.es\/melilla\/#website","url":"https:\/\/agrupacionespsoe.es\/melilla\/","name":"Agrupaci\u00f3n Socialista de Melilla","description":"Agrupaci\u00f3n Socialista de Melilla","publisher":{"@id":"https:\/\/agrupacionespsoe.es\/melilla\/#organization"},"potentialAction":[{"@type":"SearchAction","target":{"@type":"EntryPoint","urlTemplate":"https:\/\/agrupacionespsoe.es\/melilla\/?s={search_term_string}"},"query-input":{"@type":"PropertyValueSpecification","valueRequired":true,"valueName":"search_term_string"}}],"inLanguage":"es"},{"@type":"Organization","@id":"https:\/\/agrupacionespsoe.es\/melilla\/#organization","name":"Agrupaci\u00f3n Socialista de Melilla","url":"https:\/\/agrupacionespsoe.es\/melilla\/","logo":{"@type":"ImageObject","inLanguage":"es","@id":"https:\/\/agrupacionespsoe.es\/melilla\/#\/schema\/logo\/image\/","url":"https:\/\/agrupacionespsoe.es\/wp-content\/uploads\/2022\/07\/Logotipo_electoral_del_PSOE.png","contentUrl":"https:\/\/agrupacionespsoe.es\/wp-content\/uploads\/2022\/07\/Logotipo_electoral_del_PSOE.png","width":422,"height":422,"caption":"Agrupaci\u00f3n Socialista de Melilla"},"image":{"@id":"https:\/\/agrupacionespsoe.es\/melilla\/#\/schema\/logo\/image\/"}},{"@type":"Person","@id":"https:\/\/agrupacionespsoe.es\/melilla\/#\/schema\/person\/72bb3075a827d0ed0623682b96c92bd6","name":"melilla2","image":{"@type":"ImageObject","inLanguage":"es","@id":"https:\/\/agrupacionespsoe.es\/melilla\/#\/schema\/person\/image\/","url":"https:\/\/secure.gravatar.com\/avatar\/489a178e794e59f00db13a448aabca16?s=96&d=mm&r=g","contentUrl":"https:\/\/secure.gravatar.com\/avatar\/489a178e794e59f00db13a448aabca16?s=96&d=mm&r=g","caption":"melilla2"},"url":"https:\/\/agrupacionespsoe.es\/melilla\/author\/melilla2\/"}]}},"jetpack_featured_media_url":"https:\/\/agrupacionespsoe.es\/melilla\/wp-content\/uploads\/sites\/120\/2025\/06\/2025-05-21-RRobles-scaled.jpg","jetpack_sharing_enabled":true,"_links":{"self":[{"href":"https:\/\/agrupacionespsoe.es\/melilla\/wp-json\/wp\/v2\/posts\/1873","targetHints":{"allow":["GET"]}}],"collection":[{"href":"https:\/\/agrupacionespsoe.es\/melilla\/wp-json\/wp\/v2\/posts"}],"about":[{"href":"https:\/\/agrupacionespsoe.es\/melilla\/wp-json\/wp\/v2\/types\/post"}],"author":[{"embeddable":true,"href":"https:\/\/agrupacionespsoe.es\/melilla\/wp-json\/wp\/v2\/users\/187"}],"replies":[{"embeddable":true,"href":"https:\/\/agrupacionespsoe.es\/melilla\/wp-json\/wp\/v2\/comments?post=1873"}],"version-history":[{"count":1,"href":"https:\/\/agrupacionespsoe.es\/melilla\/wp-json\/wp\/v2\/posts\/1873\/revisions"}],"predecessor-version":[{"id":1874,"href":"https:\/\/agrupacionespsoe.es\/melilla\/wp-json\/wp\/v2\/posts\/1873\/revisions\/1874"}],"wp:featuredmedia":[{"embeddable":true,"href":"https:\/\/agrupacionespsoe.es\/melilla\/wp-json\/wp\/v2\/media\/1860"}],"wp:attachment":[{"href":"https:\/\/agrupacionespsoe.es\/melilla\/wp-json\/wp\/v2\/media?parent=1873"}],"wp:term":[{"taxonomy":"category","embeddable":true,"href":"https:\/\/agrupacionespsoe.es\/melilla\/wp-json\/wp\/v2\/categories?post=1873"},{"taxonomy":"post_tag","embeddable":true,"href":"https:\/\/agrupacionespsoe.es\/melilla\/wp-json\/wp\/v2\/tags?post=1873"}],"curies":[{"name":"wp","href":"https:\/\/api.w.org\/{rel}","templated":true}]}}