{"id":1856,"date":"2025-05-30T11:47:08","date_gmt":"2025-05-30T11:47:08","guid":{"rendered":"https:\/\/agrupacionespsoe.es\/melilla\/?p=1856"},"modified":"2025-05-30T11:47:09","modified_gmt":"2025-05-30T11:47:09","slug":"el-psoe-denuncia-la-falta-de-responsabilidad-del-gobierno-local-en-el-suministro-de-agua-y-el-estado-de-las-instalaciones-municipales","status":"publish","type":"post","link":"https:\/\/agrupacionespsoe.es\/melilla\/el-psoe-denuncia-la-falta-de-responsabilidad-del-gobierno-local-en-el-suministro-de-agua-y-el-estado-de-las-instalaciones-municipales\/","title":{"rendered":"El PSOE denuncia la falta de responsabilidad del Gobierno local en el suministro de agua y el estado de las instalaciones municipales"},"content":{"rendered":"\n<p><strong>Robles califica de \u201cincongruentes y contradictorias\u201d las declaraciones del Partido Popular durante el pleno<\/strong><\/p>\n\n\n\n<p>El portavoz del Grupo Municipal Socialista en la Asamblea de Melilla, Rafael Robles, ha denunciado hoy la actitud evasiva del Gobierno local del Partido Popular ante las interpelaciones formuladas en el pleno relativas al suministro de agua en la ciudad y al estado de las infraestructuras municipales.<\/p>\n\n\n\n<p>\u201cEl Gobierno local tiene todas las competencias actuales del suministro de agua, pero siguen sin reconocer que tienen estas responsabilidades\u201d, ha se\u00f1alado Robles. Seg\u00fan ha denunciado el portavoz socialista, el Ejecutivo local \u201cvuelve a eludirlas y a echar balones fuera, vuelven a culpar a la Confederaci\u00f3n Hidrogr\u00e1fica del Guadalquivir (CHG) y solamente dicen medias verdades, por no decir que vuelven a mentir\u201d.<\/p>\n\n\n\n<p>Robles ha calificado de \u201cincongruentes y contradictorias\u201d las declaraciones del Gobierno en relaci\u00f3n con los cortes de agua que sufre la poblaci\u00f3n melillense, una situaci\u00f3n que califica de \u201clacra\u201d y que sigue sin resolverse pese a la promesa de la Ciudad Aut\u00f3noma de garantizar agua mineral las 24 horas del a\u00f1o desde 2023.<\/p>\n\n\n\n<p>De este modo, el portavoz socialista ha recordado que, tras haber asumido las competencias sobre la planta desaladora, el Gobierno local sigue sin actuar de manera responsable: \u201cVuelven a desviar la atenci\u00f3n diciendo que van a ir a los juzgados, cuando es su competencia y responsabilidad poner en marcha las medidas necesarias para que los melillenses tengamos agua como nos merecemos\u201d.<\/p>\n\n\n\n<p><strong>Instalaciones municipales en abandono<\/strong><\/p>\n\n\n\n<p>Por otro lado, en relaci\u00f3n con el estado de las instalaciones municipales, el diputado del Grupo Socialista, Riduan Moh, ha lamentado la \u201cincapacidad del Gobierno del PP para programar obras en tiempo y forma\u201d, poniendo como ejemplo los retrasos en la Escuela de M\u00fasica \u2018Paula Guill\u00e9n Gallego\u2019, que lleva en unas condiciones lamentables desde casi un a\u00f1o, o el Tanatorio Municipal.<\/p>\n\n\n\n<p>\u201cSi no fuera por el Gobierno central y la Delegaci\u00f3n del Gobierno, los melillenses no hubieran podido disponer de estas infraestructuras\u201d, ha se\u00f1alado.<\/p>\n\n\n\n<p>En ese sentido, ha criticado la falta de congruencia en las declaraciones del Partido Popular. \u201cNo se ponen de acuerdo ni ellos mismos\u201d, ha afirmado, aludiendo a las declaraciones contradictorias realizadas por la consejera de Cultura y el consejero de Fomento, tanto en la sesi\u00f3n plenaria como en prensa, sobre, por ejemplo, la Escuela de M\u00fasica \u2018Paula Guill\u00e9n Gallego\u2019.<\/p>\n\n\n\n<p>\u201cAhora dicen que las obras ya est\u00e1n en marcha, pero en rueda de prensa el se\u00f1or Mar\u00edn pide \u2018paciencia\u2019 hasta que terminen los tr\u00e1mites burocr\u00e1ticos y puedan comenzar los arreglos\u201d, ha apuntado.<\/p>\n\n\n\n<p>Asimismo, ha denunciado el abandono de otras instalaciones deportivas y educativas, como es el caso de la ludoteca de La Ca\u00f1ada, que est\u00e1 completamente abandonada desde hace meses. \u201cNo les importa porque no la pisan ni conocen la realidad de sus vecinos\u201d, ha afirmado.<\/p>\n\n\n\n<p>Moh ha criticado adem\u00e1s el tono del grupo popular durante el pleno, calificando su actitud de \u201ccirco de improperios y alteraciones\u201d. \u201cCuando no tienen la raz\u00f3n y se equivocan, no saben asumir responsabilidades. Eso s\u00ed lo hace el PSOE y el Gobierno de la Naci\u00f3n. La oposici\u00f3n aqu\u00ed en Melilla est\u00e1 a la altura de lo que los melillenses necesitan\u201d, ha concluido.<\/p>\n","protected":false},"excerpt":{"rendered":"<p>Robles califica de \u201cincongruentes y contradictorias\u201d las declaraciones del Partido Popular durante el pleno El portavoz del Grupo Municipal Socialista en la Asamblea de Melilla, Rafael Robles, ha denunciado hoy la actitud evasiva del Gobierno local del Partido Popular ante las interpelaciones formuladas en el pleno relativas al suministro de agua en la ciudad y &#8230;<\/p>\n","protected":false},"author":187,"featured_media":1857,"comment_status":"open","ping_status":"open","sticky":false,"template":"","format":"standard","meta":{"_jetpack_memberships_contains_paid_content":false,"footnotes":""},"categories":[1],"tags":[],"class_list":["post-1856","post","type-post","status-publish","format-standard","has-post-thumbnail","hentry","category-sin-categoria"],"yoast_head":"<!-- This site is optimized with the Yoast SEO plugin v24.0 - https:\/\/yoast.com\/wordpress\/plugins\/seo\/ -->\n<title>El PSOE denuncia la falta de responsabilidad del Gobierno local en el suministro de agua y el estado de las instalaciones municipales - Agrupaci\u00f3n Socialista de Melilla<\/title>\n<meta name=\"robots\" content=\"index, follow, max-snippet:-1, max-image-preview:large, max-video-preview:-1\" \/>\n<link rel=\"canonical\" href=\"https:\/\/agrupacionespsoe.es\/melilla\/el-psoe-denuncia-la-falta-de-responsabilidad-del-gobierno-local-en-el-suministro-de-agua-y-el-estado-de-las-instalaciones-municipales\/\" \/>\n<meta property=\"og:locale\" content=\"es_ES\" \/>\n<meta property=\"og:type\" content=\"article\" \/>\n<meta property=\"og:title\" content=\"El PSOE denuncia la falta de responsabilidad del Gobierno local en el suministro de agua y el estado de las instalaciones municipales - Agrupaci\u00f3n Socialista de Melilla\" \/>\n<meta property=\"og:description\" content=\"Robles califica de \u201cincongruentes y contradictorias\u201d las declaraciones del Partido Popular durante el pleno El portavoz del Grupo Municipal Socialista en la Asamblea de Melilla, Rafael Robles, ha denunciado hoy la actitud evasiva del Gobierno local del Partido Popular ante las interpelaciones formuladas en el pleno relativas al suministro de agua en la ciudad y ...\" \/>\n<meta property=\"og:url\" content=\"https:\/\/agrupacionespsoe.es\/melilla\/el-psoe-denuncia-la-falta-de-responsabilidad-del-gobierno-local-en-el-suministro-de-agua-y-el-estado-de-las-instalaciones-municipales\/\" \/>\n<meta property=\"og:site_name\" content=\"Agrupaci\u00f3n Socialista de Melilla\" \/>\n<meta property=\"article:published_time\" content=\"2025-05-30T11:47:08+00:00\" \/>\n<meta property=\"article:modified_time\" content=\"2025-05-30T11:47:09+00:00\" \/>\n<meta property=\"og:image\" content=\"https:\/\/agrupacionespsoe.es\/melilla\/wp-content\/uploads\/sites\/120\/2025\/05\/WhatsApp-Image-2025-05-30-at-13.29.49.jpeg\" \/>\n\t<meta property=\"og:image:width\" content=\"2139\" \/>\n\t<meta property=\"og:image:height\" content=\"1203\" \/>\n\t<meta property=\"og:image:type\" content=\"image\/jpeg\" \/>\n<meta name=\"author\" content=\"melilla2\" \/>\n<meta name=\"twitter:card\" content=\"summary_large_image\" \/>\n<meta name=\"twitter:label1\" content=\"Escrito por\" \/>\n\t<meta name=\"twitter:data1\" content=\"melilla2\" \/>\n\t<meta name=\"twitter:label2\" content=\"Tiempo de lectura\" \/>\n\t<meta name=\"twitter:data2\" content=\"3 minutos\" \/>\n<script type=\"application\/ld+json\" class=\"yoast-schema-graph\">{\"@context\":\"https:\/\/schema.org\",\"@graph\":[{\"@type\":\"Article\",\"@id\":\"https:\/\/agrupacionespsoe.es\/melilla\/el-psoe-denuncia-la-falta-de-responsabilidad-del-gobierno-local-en-el-suministro-de-agua-y-el-estado-de-las-instalaciones-municipales\/#article\",\"isPartOf\":{\"@id\":\"https:\/\/agrupacionespsoe.es\/melilla\/el-psoe-denuncia-la-falta-de-responsabilidad-del-gobierno-local-en-el-suministro-de-agua-y-el-estado-de-las-instalaciones-municipales\/\"},\"author\":{\"name\":\"melilla2\",\"@id\":\"https:\/\/agrupacionespsoe.es\/melilla\/#\/schema\/person\/72bb3075a827d0ed0623682b96c92bd6\"},\"headline\":\"El PSOE denuncia la falta de responsabilidad del Gobierno local en el suministro de agua y el estado de las instalaciones municipales\",\"datePublished\":\"2025-05-30T11:47:08+00:00\",\"dateModified\":\"2025-05-30T11:47:09+00:00\",\"mainEntityOfPage\":{\"@id\":\"https:\/\/agrupacionespsoe.es\/melilla\/el-psoe-denuncia-la-falta-de-responsabilidad-del-gobierno-local-en-el-suministro-de-agua-y-el-estado-de-las-instalaciones-municipales\/\"},\"wordCount\":571,\"commentCount\":0,\"publisher\":{\"@id\":\"https:\/\/agrupacionespsoe.es\/melilla\/#organization\"},\"image\":{\"@id\":\"https:\/\/agrupacionespsoe.es\/melilla\/el-psoe-denuncia-la-falta-de-responsabilidad-del-gobierno-local-en-el-suministro-de-agua-y-el-estado-de-las-instalaciones-municipales\/#primaryimage\"},\"thumbnailUrl\":\"https:\/\/agrupacionespsoe.es\/melilla\/wp-content\/uploads\/sites\/120\/2025\/05\/WhatsApp-Image-2025-05-30-at-13.29.49.jpeg\",\"inLanguage\":\"es\",\"potentialAction\":[{\"@type\":\"CommentAction\",\"name\":\"Comment\",\"target\":[\"https:\/\/agrupacionespsoe.es\/melilla\/el-psoe-denuncia-la-falta-de-responsabilidad-del-gobierno-local-en-el-suministro-de-agua-y-el-estado-de-las-instalaciones-municipales\/#respond\"]}]},{\"@type\":\"WebPage\",\"@id\":\"https:\/\/agrupacionespsoe.es\/melilla\/el-psoe-denuncia-la-falta-de-responsabilidad-del-gobierno-local-en-el-suministro-de-agua-y-el-estado-de-las-instalaciones-municipales\/\",\"url\":\"https:\/\/agrupacionespsoe.es\/melilla\/el-psoe-denuncia-la-falta-de-responsabilidad-del-gobierno-local-en-el-suministro-de-agua-y-el-estado-de-las-instalaciones-municipales\/\",\"name\":\"El PSOE denuncia la falta de responsabilidad del Gobierno local en el suministro de agua y el estado de las instalaciones municipales - Agrupaci\u00f3n Socialista de Melilla\",\"isPartOf\":{\"@id\":\"https:\/\/agrupacionespsoe.es\/melilla\/#website\"},\"primaryImageOfPage\":{\"@id\":\"https:\/\/agrupacionespsoe.es\/melilla\/el-psoe-denuncia-la-falta-de-responsabilidad-del-gobierno-local-en-el-suministro-de-agua-y-el-estado-de-las-instalaciones-municipales\/#primaryimage\"},\"image\":{\"@id\":\"https:\/\/agrupacionespsoe.es\/melilla\/el-psoe-denuncia-la-falta-de-responsabilidad-del-gobierno-local-en-el-suministro-de-agua-y-el-estado-de-las-instalaciones-municipales\/#primaryimage\"},\"thumbnailUrl\":\"https:\/\/agrupacionespsoe.es\/melilla\/wp-content\/uploads\/sites\/120\/2025\/05\/WhatsApp-Image-2025-05-30-at-13.29.49.jpeg\",\"datePublished\":\"2025-05-30T11:47:08+00:00\",\"dateModified\":\"2025-05-30T11:47:09+00:00\",\"breadcrumb\":{\"@id\":\"https:\/\/agrupacionespsoe.es\/melilla\/el-psoe-denuncia-la-falta-de-responsabilidad-del-gobierno-local-en-el-suministro-de-agua-y-el-estado-de-las-instalaciones-municipales\/#breadcrumb\"},\"inLanguage\":\"es\",\"potentialAction\":[{\"@type\":\"ReadAction\",\"target\":[\"https:\/\/agrupacionespsoe.es\/melilla\/el-psoe-denuncia-la-falta-de-responsabilidad-del-gobierno-local-en-el-suministro-de-agua-y-el-estado-de-las-instalaciones-municipales\/\"]}]},{\"@type\":\"ImageObject\",\"inLanguage\":\"es\",\"@id\":\"https:\/\/agrupacionespsoe.es\/melilla\/el-psoe-denuncia-la-falta-de-responsabilidad-del-gobierno-local-en-el-suministro-de-agua-y-el-estado-de-las-instalaciones-municipales\/#primaryimage\",\"url\":\"https:\/\/agrupacionespsoe.es\/melilla\/wp-content\/uploads\/sites\/120\/2025\/05\/WhatsApp-Image-2025-05-30-at-13.29.49.jpeg\",\"contentUrl\":\"https:\/\/agrupacionespsoe.es\/melilla\/wp-content\/uploads\/sites\/120\/2025\/05\/WhatsApp-Image-2025-05-30-at-13.29.49.jpeg\",\"width\":2139,\"height\":1203},{\"@type\":\"BreadcrumbList\",\"@id\":\"https:\/\/agrupacionespsoe.es\/melilla\/el-psoe-denuncia-la-falta-de-responsabilidad-del-gobierno-local-en-el-suministro-de-agua-y-el-estado-de-las-instalaciones-municipales\/#breadcrumb\",\"itemListElement\":[{\"@type\":\"ListItem\",\"position\":1,\"name\":\"Portada\",\"item\":\"https:\/\/agrupacionespsoe.es\/melilla\/\"},{\"@type\":\"ListItem\",\"position\":2,\"name\":\"El PSOE denuncia la falta de responsabilidad del Gobierno local en el suministro de agua y el estado de las instalaciones municipales\"}]},{\"@type\":\"WebSite\",\"@id\":\"https:\/\/agrupacionespsoe.es\/melilla\/#website\",\"url\":\"https:\/\/agrupacionespsoe.es\/melilla\/\",\"name\":\"Agrupaci\u00f3n Socialista de Melilla\",\"description\":\"Agrupaci\u00f3n Socialista de Melilla\",\"publisher\":{\"@id\":\"https:\/\/agrupacionespsoe.es\/melilla\/#organization\"},\"potentialAction\":[{\"@type\":\"SearchAction\",\"target\":{\"@type\":\"EntryPoint\",\"urlTemplate\":\"https:\/\/agrupacionespsoe.es\/melilla\/?s={search_term_string}\"},\"query-input\":{\"@type\":\"PropertyValueSpecification\",\"valueRequired\":true,\"valueName\":\"search_term_string\"}}],\"inLanguage\":\"es\"},{\"@type\":\"Organization\",\"@id\":\"https:\/\/agrupacionespsoe.es\/melilla\/#organization\",\"name\":\"Agrupaci\u00f3n Socialista de Melilla\",\"url\":\"https:\/\/agrupacionespsoe.es\/melilla\/\",\"logo\":{\"@type\":\"ImageObject\",\"inLanguage\":\"es\",\"@id\":\"https:\/\/agrupacionespsoe.es\/melilla\/#\/schema\/logo\/image\/\",\"url\":\"https:\/\/agrupacionespsoe.es\/wp-content\/uploads\/2022\/07\/Logotipo_electoral_del_PSOE.png\",\"contentUrl\":\"https:\/\/agrupacionespsoe.es\/wp-content\/uploads\/2022\/07\/Logotipo_electoral_del_PSOE.png\",\"width\":422,\"height\":422,\"caption\":\"Agrupaci\u00f3n Socialista de Melilla\"},\"image\":{\"@id\":\"https:\/\/agrupacionespsoe.es\/melilla\/#\/schema\/logo\/image\/\"}},{\"@type\":\"Person\",\"@id\":\"https:\/\/agrupacionespsoe.es\/melilla\/#\/schema\/person\/72bb3075a827d0ed0623682b96c92bd6\",\"name\":\"melilla2\",\"image\":{\"@type\":\"ImageObject\",\"inLanguage\":\"es\",\"@id\":\"https:\/\/agrupacionespsoe.es\/melilla\/#\/schema\/person\/image\/\",\"url\":\"https:\/\/secure.gravatar.com\/avatar\/489a178e794e59f00db13a448aabca16?s=96&d=mm&r=g\",\"contentUrl\":\"https:\/\/secure.gravatar.com\/avatar\/489a178e794e59f00db13a448aabca16?s=96&d=mm&r=g\",\"caption\":\"melilla2\"},\"url\":\"https:\/\/agrupacionespsoe.es\/melilla\/author\/melilla2\/\"}]}<\/script>\n<!-- \/ Yoast SEO plugin. -->","yoast_head_json":{"title":"El PSOE denuncia la falta de responsabilidad del Gobierno local en el suministro de agua y el estado de las instalaciones municipales - Agrupaci\u00f3n Socialista de Melilla","robots":{"index":"index","follow":"follow","max-snippet":"max-snippet:-1","max-image-preview":"max-image-preview:large","max-video-preview":"max-video-preview:-1"},"canonical":"https:\/\/agrupacionespsoe.es\/melilla\/el-psoe-denuncia-la-falta-de-responsabilidad-del-gobierno-local-en-el-suministro-de-agua-y-el-estado-de-las-instalaciones-municipales\/","og_locale":"es_ES","og_type":"article","og_title":"El PSOE denuncia la falta de responsabilidad del Gobierno local en el suministro de agua y el estado de las instalaciones municipales - Agrupaci\u00f3n Socialista de Melilla","og_description":"Robles califica de \u201cincongruentes y contradictorias\u201d las declaraciones del Partido Popular durante el pleno El portavoz del Grupo Municipal Socialista en la Asamblea de Melilla, Rafael Robles, ha denunciado hoy la actitud evasiva del Gobierno local del Partido Popular ante las interpelaciones formuladas en el pleno relativas al suministro de agua en la ciudad y ...","og_url":"https:\/\/agrupacionespsoe.es\/melilla\/el-psoe-denuncia-la-falta-de-responsabilidad-del-gobierno-local-en-el-suministro-de-agua-y-el-estado-de-las-instalaciones-municipales\/","og_site_name":"Agrupaci\u00f3n Socialista de Melilla","article_published_time":"2025-05-30T11:47:08+00:00","article_modified_time":"2025-05-30T11:47:09+00:00","og_image":[{"width":2139,"height":1203,"url":"https:\/\/agrupacionespsoe.es\/melilla\/wp-content\/uploads\/sites\/120\/2025\/05\/WhatsApp-Image-2025-05-30-at-13.29.49.jpeg","type":"image\/jpeg"}],"author":"melilla2","twitter_card":"summary_large_image","twitter_misc":{"Escrito por":"melilla2","Tiempo de lectura":"3 minutos"},"schema":{"@context":"https:\/\/schema.org","@graph":[{"@type":"Article","@id":"https:\/\/agrupacionespsoe.es\/melilla\/el-psoe-denuncia-la-falta-de-responsabilidad-del-gobierno-local-en-el-suministro-de-agua-y-el-estado-de-las-instalaciones-municipales\/#article","isPartOf":{"@id":"https:\/\/agrupacionespsoe.es\/melilla\/el-psoe-denuncia-la-falta-de-responsabilidad-del-gobierno-local-en-el-suministro-de-agua-y-el-estado-de-las-instalaciones-municipales\/"},"author":{"name":"melilla2","@id":"https:\/\/agrupacionespsoe.es\/melilla\/#\/schema\/person\/72bb3075a827d0ed0623682b96c92bd6"},"headline":"El PSOE denuncia la falta de responsabilidad del Gobierno local en el suministro de agua y el estado de las instalaciones municipales","datePublished":"2025-05-30T11:47:08+00:00","dateModified":"2025-05-30T11:47:09+00:00","mainEntityOfPage":{"@id":"https:\/\/agrupacionespsoe.es\/melilla\/el-psoe-denuncia-la-falta-de-responsabilidad-del-gobierno-local-en-el-suministro-de-agua-y-el-estado-de-las-instalaciones-municipales\/"},"wordCount":571,"commentCount":0,"publisher":{"@id":"https:\/\/agrupacionespsoe.es\/melilla\/#organization"},"image":{"@id":"https:\/\/agrupacionespsoe.es\/melilla\/el-psoe-denuncia-la-falta-de-responsabilidad-del-gobierno-local-en-el-suministro-de-agua-y-el-estado-de-las-instalaciones-municipales\/#primaryimage"},"thumbnailUrl":"https:\/\/agrupacionespsoe.es\/melilla\/wp-content\/uploads\/sites\/120\/2025\/05\/WhatsApp-Image-2025-05-30-at-13.29.49.jpeg","inLanguage":"es","potentialAction":[{"@type":"CommentAction","name":"Comment","target":["https:\/\/agrupacionespsoe.es\/melilla\/el-psoe-denuncia-la-falta-de-responsabilidad-del-gobierno-local-en-el-suministro-de-agua-y-el-estado-de-las-instalaciones-municipales\/#respond"]}]},{"@type":"WebPage","@id":"https:\/\/agrupacionespsoe.es\/melilla\/el-psoe-denuncia-la-falta-de-responsabilidad-del-gobierno-local-en-el-suministro-de-agua-y-el-estado-de-las-instalaciones-municipales\/","url":"https:\/\/agrupacionespsoe.es\/melilla\/el-psoe-denuncia-la-falta-de-responsabilidad-del-gobierno-local-en-el-suministro-de-agua-y-el-estado-de-las-instalaciones-municipales\/","name":"El PSOE denuncia la falta de responsabilidad del Gobierno local en el suministro de agua y el estado de las instalaciones municipales - Agrupaci\u00f3n Socialista de Melilla","isPartOf":{"@id":"https:\/\/agrupacionespsoe.es\/melilla\/#website"},"primaryImageOfPage":{"@id":"https:\/\/agrupacionespsoe.es\/melilla\/el-psoe-denuncia-la-falta-de-responsabilidad-del-gobierno-local-en-el-suministro-de-agua-y-el-estado-de-las-instalaciones-municipales\/#primaryimage"},"image":{"@id":"https:\/\/agrupacionespsoe.es\/melilla\/el-psoe-denuncia-la-falta-de-responsabilidad-del-gobierno-local-en-el-suministro-de-agua-y-el-estado-de-las-instalaciones-municipales\/#primaryimage"},"thumbnailUrl":"https:\/\/agrupacionespsoe.es\/melilla\/wp-content\/uploads\/sites\/120\/2025\/05\/WhatsApp-Image-2025-05-30-at-13.29.49.jpeg","datePublished":"2025-05-30T11:47:08+00:00","dateModified":"2025-05-30T11:47:09+00:00","breadcrumb":{"@id":"https:\/\/agrupacionespsoe.es\/melilla\/el-psoe-denuncia-la-falta-de-responsabilidad-del-gobierno-local-en-el-suministro-de-agua-y-el-estado-de-las-instalaciones-municipales\/#breadcrumb"},"inLanguage":"es","potentialAction":[{"@type":"ReadAction","target":["https:\/\/agrupacionespsoe.es\/melilla\/el-psoe-denuncia-la-falta-de-responsabilidad-del-gobierno-local-en-el-suministro-de-agua-y-el-estado-de-las-instalaciones-municipales\/"]}]},{"@type":"ImageObject","inLanguage":"es","@id":"https:\/\/agrupacionespsoe.es\/melilla\/el-psoe-denuncia-la-falta-de-responsabilidad-del-gobierno-local-en-el-suministro-de-agua-y-el-estado-de-las-instalaciones-municipales\/#primaryimage","url":"https:\/\/agrupacionespsoe.es\/melilla\/wp-content\/uploads\/sites\/120\/2025\/05\/WhatsApp-Image-2025-05-30-at-13.29.49.jpeg","contentUrl":"https:\/\/agrupacionespsoe.es\/melilla\/wp-content\/uploads\/sites\/120\/2025\/05\/WhatsApp-Image-2025-05-30-at-13.29.49.jpeg","width":2139,"height":1203},{"@type":"BreadcrumbList","@id":"https:\/\/agrupacionespsoe.es\/melilla\/el-psoe-denuncia-la-falta-de-responsabilidad-del-gobierno-local-en-el-suministro-de-agua-y-el-estado-de-las-instalaciones-municipales\/#breadcrumb","itemListElement":[{"@type":"ListItem","position":1,"name":"Portada","item":"https:\/\/agrupacionespsoe.es\/melilla\/"},{"@type":"ListItem","position":2,"name":"El PSOE denuncia la falta de responsabilidad del Gobierno local en el suministro de agua y el estado de las instalaciones municipales"}]},{"@type":"WebSite","@id":"https:\/\/agrupacionespsoe.es\/melilla\/#website","url":"https:\/\/agrupacionespsoe.es\/melilla\/","name":"Agrupaci\u00f3n Socialista de Melilla","description":"Agrupaci\u00f3n Socialista de Melilla","publisher":{"@id":"https:\/\/agrupacionespsoe.es\/melilla\/#organization"},"potentialAction":[{"@type":"SearchAction","target":{"@type":"EntryPoint","urlTemplate":"https:\/\/agrupacionespsoe.es\/melilla\/?s={search_term_string}"},"query-input":{"@type":"PropertyValueSpecification","valueRequired":true,"valueName":"search_term_string"}}],"inLanguage":"es"},{"@type":"Organization","@id":"https:\/\/agrupacionespsoe.es\/melilla\/#organization","name":"Agrupaci\u00f3n Socialista de Melilla","url":"https:\/\/agrupacionespsoe.es\/melilla\/","logo":{"@type":"ImageObject","inLanguage":"es","@id":"https:\/\/agrupacionespsoe.es\/melilla\/#\/schema\/logo\/image\/","url":"https:\/\/agrupacionespsoe.es\/wp-content\/uploads\/2022\/07\/Logotipo_electoral_del_PSOE.png","contentUrl":"https:\/\/agrupacionespsoe.es\/wp-content\/uploads\/2022\/07\/Logotipo_electoral_del_PSOE.png","width":422,"height":422,"caption":"Agrupaci\u00f3n Socialista de Melilla"},"image":{"@id":"https:\/\/agrupacionespsoe.es\/melilla\/#\/schema\/logo\/image\/"}},{"@type":"Person","@id":"https:\/\/agrupacionespsoe.es\/melilla\/#\/schema\/person\/72bb3075a827d0ed0623682b96c92bd6","name":"melilla2","image":{"@type":"ImageObject","inLanguage":"es","@id":"https:\/\/agrupacionespsoe.es\/melilla\/#\/schema\/person\/image\/","url":"https:\/\/secure.gravatar.com\/avatar\/489a178e794e59f00db13a448aabca16?s=96&d=mm&r=g","contentUrl":"https:\/\/secure.gravatar.com\/avatar\/489a178e794e59f00db13a448aabca16?s=96&d=mm&r=g","caption":"melilla2"},"url":"https:\/\/agrupacionespsoe.es\/melilla\/author\/melilla2\/"}]}},"jetpack_featured_media_url":"https:\/\/agrupacionespsoe.es\/melilla\/wp-content\/uploads\/sites\/120\/2025\/05\/WhatsApp-Image-2025-05-30-at-13.29.49.jpeg","jetpack_sharing_enabled":true,"_links":{"self":[{"href":"https:\/\/agrupacionespsoe.es\/melilla\/wp-json\/wp\/v2\/posts\/1856","targetHints":{"allow":["GET"]}}],"collection":[{"href":"https:\/\/agrupacionespsoe.es\/melilla\/wp-json\/wp\/v2\/posts"}],"about":[{"href":"https:\/\/agrupacionespsoe.es\/melilla\/wp-json\/wp\/v2\/types\/post"}],"author":[{"embeddable":true,"href":"https:\/\/agrupacionespsoe.es\/melilla\/wp-json\/wp\/v2\/users\/187"}],"replies":[{"embeddable":true,"href":"https:\/\/agrupacionespsoe.es\/melilla\/wp-json\/wp\/v2\/comments?post=1856"}],"version-history":[{"count":1,"href":"https:\/\/agrupacionespsoe.es\/melilla\/wp-json\/wp\/v2\/posts\/1856\/revisions"}],"predecessor-version":[{"id":1858,"href":"https:\/\/agrupacionespsoe.es\/melilla\/wp-json\/wp\/v2\/posts\/1856\/revisions\/1858"}],"wp:featuredmedia":[{"embeddable":true,"href":"https:\/\/agrupacionespsoe.es\/melilla\/wp-json\/wp\/v2\/media\/1857"}],"wp:attachment":[{"href":"https:\/\/agrupacionespsoe.es\/melilla\/wp-json\/wp\/v2\/media?parent=1856"}],"wp:term":[{"taxonomy":"category","embeddable":true,"href":"https:\/\/agrupacionespsoe.es\/melilla\/wp-json\/wp\/v2\/categories?post=1856"},{"taxonomy":"post_tag","embeddable":true,"href":"https:\/\/agrupacionespsoe.es\/melilla\/wp-json\/wp\/v2\/tags?post=1856"}],"curies":[{"name":"wp","href":"https:\/\/api.w.org\/{rel}","templated":true}]}}