{"id":1840,"date":"2025-05-25T16:35:25","date_gmt":"2025-05-25T16:35:25","guid":{"rendered":"https:\/\/agrupacionespsoe.es\/melilla\/?p=1840"},"modified":"2025-05-25T16:35:26","modified_gmt":"2025-05-25T16:35:26","slug":"manuel-garcia-el-gobierno-de-pedro-sanchez-apuesta-por-una-educacion-publica-inclusiva-e-innovadora-en-melilla","status":"publish","type":"post","link":"https:\/\/agrupacionespsoe.es\/melilla\/manuel-garcia-el-gobierno-de-pedro-sanchez-apuesta-por-una-educacion-publica-inclusiva-e-innovadora-en-melilla\/","title":{"rendered":"Manuel Garc\u00eda: \u201cEl Gobierno de Pedro S\u00e1nchez apuesta por una educaci\u00f3n p\u00fablica, inclusiva e innovadora en Melilla\u201d"},"content":{"rendered":"\n<p><strong>El secretario de Educaci\u00f3n del PSOE defiende la digitalizaci\u00f3n y la igualdad de oportunidades del nuevo modelo educativo en Melilla<\/strong><\/p>\n\n\n\n<p>El secretario de Educaci\u00f3n del PSOE en Melilla, Manuel Garc\u00eda, ha destacado el firme compromiso que el Gobierno de Espa\u00f1a ha demostrado esta semana con el sistema educativo de la ciudad aut\u00f3noma. \u201cEl Gobierno de Espa\u00f1a refuerza su compromiso con una educaci\u00f3n de calidad, centrada en las personas, inclusiva y adaptada a los desaf\u00edos del siglo XXI\u201d.<\/p>\n\n\n\n<p>De esta manera, ha asegurado que, durante la visita del Secretario de Estado de Educaci\u00f3n, Abelardo De la Rosa, a la ciudad de Melilla, se han podido constatar los avances significativos en digitalizaci\u00f3n, inclusi\u00f3n y mejora de infraestructuras educativas.<\/p>\n\n\n\n<p>\u201cEl Gobierno de Espa\u00f1a est\u00e1 demostrando con hechos su apuesta decidida por el sistema educativo de nuestra ciudad\u201d, ha subrayado Garc\u00eda, recordando que estos progresos no son promesas, sino \u201crealidades palpables\u201d que benefician directamente al alumnado y al profesorado melillense, y ponen de relieve una apuesta decidida por la modernizaci\u00f3n, la equidad y la calidad educativa.<\/p>\n\n\n\n<p>Entre los avances m\u00e1s relevantes, el secretario de Educaci\u00f3n ha destacado que 28 centros educativos de Melilla ya cuentan con un Plan Digital en funcionamiento y que m\u00e1s de 1.100 docentes han sido certificados en competencia digital, gracias a la formaci\u00f3n y asesoramiento t\u00e9cnico del Instituto Nacional de Tecnolog\u00edas Educativas y de Formaci\u00f3n del Profesorado (INTEF). \u00abTodo esto ha sido posible gracias al compromiso de los y las docentes, que d\u00eda a d\u00eda se esfuerzan por ofrecer la mejor educaci\u00f3n posible\u00bb, ha a\u00f1adido.<\/p>\n\n\n\n<p>Asimismo, el socialista ha resaltado los m\u00e1s de 300.000 euros invertidos en equipamiento tecnol\u00f3gico con el fin de garantizar que ning\u00fan estudiante melillense quede excluido del acceso a las tecnolog\u00edas m\u00e1s avanzadas. \u201cSe han distribuido dispositivos tecnol\u00f3gicos tanto a los centros como directamente al alumnado, reforzando la equidad educativa y combatiendo la brecha digital. Porque no hay inclusi\u00f3n social completa sin competencia digital\u201d, ha subrayado Garc\u00eda.<\/p>\n\n\n\n<p><strong>Educaci\u00f3n p\u00fablica e inclusiva<\/strong><\/p>\n\n\n\n<p>\u201cEl compromiso del Gobierno central con la educaci\u00f3n en Melilla va m\u00e1s all\u00e1 de la digitalizaci\u00f3n\u201d. Seg\u00fan Garc\u00eda, tambi\u00e9n se apuesta firmemente por la igualdad de oportunidades, como demuestra la implantaci\u00f3n del programa PROA+, que proporciona acompa\u00f1amiento educativo a los alumnos en situaci\u00f3n de vulnerabilidad. \u201cPorque las condiciones personales o sociales de partida no deben marcar el destino educativo de nadie\u201d, ha afirmado.<\/p>\n\n\n\n<p>Uno de los hitos m\u00e1s simb\u00f3licos de esta transformaci\u00f3n es la reciente inauguraci\u00f3n del Aula del Futuro en Melilla. Para el socialista, este espacio no solo representa una mejora en las infraestructuras, sino que es \u201cuna muestra palpable de que el Gobierno de Espa\u00f1a cree, apuesta e invierte en una educaci\u00f3n p\u00fablica, inclusiva, innovadora y transformadora\u201d.<\/p>\n\n\n\n<p>La Aula del Futuro refleja la visi\u00f3n educativa del Ejecutivo que lidera Pedro S\u00e1nchez y que, ha afirmado, mira hacia el futuro con pasos firmes en el presente. \u201cEs una iniciativa clave para la mejora de la calidad de la educaci\u00f3n en Espa\u00f1a y en Melilla, y un claro ejemplo de c\u00f3mo la innovaci\u00f3n puede ser un motor de transformaci\u00f3n social y educativa\u201d, ha se\u00f1alado.<\/p>\n","protected":false},"excerpt":{"rendered":"<p>El secretario de Educaci\u00f3n del PSOE defiende la digitalizaci\u00f3n y la igualdad de oportunidades del nuevo modelo educativo en Melilla El secretario de Educaci\u00f3n del PSOE en Melilla, Manuel Garc\u00eda, ha destacado el firme compromiso que el Gobierno de Espa\u00f1a ha demostrado esta semana con el sistema educativo de la ciudad aut\u00f3noma. \u201cEl Gobierno de &#8230;<\/p>\n","protected":false},"author":187,"featured_media":1841,"comment_status":"open","ping_status":"open","sticky":false,"template":"","format":"standard","meta":{"_jetpack_memberships_contains_paid_content":false,"footnotes":""},"categories":[1],"tags":[],"class_list":["post-1840","post","type-post","status-publish","format-standard","has-post-thumbnail","hentry","category-sin-categoria"],"yoast_head":"<!-- This site is optimized with the Yoast SEO plugin v24.0 - https:\/\/yoast.com\/wordpress\/plugins\/seo\/ -->\n<title>Manuel Garc\u00eda: \u201cEl Gobierno de Pedro S\u00e1nchez apuesta por una educaci\u00f3n p\u00fablica, inclusiva e innovadora en Melilla\u201d - Agrupaci\u00f3n Socialista de Melilla<\/title>\n<meta name=\"robots\" content=\"index, follow, max-snippet:-1, max-image-preview:large, max-video-preview:-1\" \/>\n<link rel=\"canonical\" href=\"https:\/\/agrupacionespsoe.es\/melilla\/manuel-garcia-el-gobierno-de-pedro-sanchez-apuesta-por-una-educacion-publica-inclusiva-e-innovadora-en-melilla\/\" \/>\n<meta property=\"og:locale\" content=\"es_ES\" \/>\n<meta property=\"og:type\" content=\"article\" \/>\n<meta property=\"og:title\" content=\"Manuel Garc\u00eda: \u201cEl Gobierno de Pedro S\u00e1nchez apuesta por una educaci\u00f3n p\u00fablica, inclusiva e innovadora en Melilla\u201d - Agrupaci\u00f3n Socialista de Melilla\" \/>\n<meta property=\"og:description\" content=\"El secretario de Educaci\u00f3n del PSOE defiende la digitalizaci\u00f3n y la igualdad de oportunidades del nuevo modelo educativo en Melilla El secretario de Educaci\u00f3n del PSOE en Melilla, Manuel Garc\u00eda, ha destacado el firme compromiso que el Gobierno de Espa\u00f1a ha demostrado esta semana con el sistema educativo de la ciudad aut\u00f3noma. \u201cEl Gobierno de ...\" \/>\n<meta property=\"og:url\" content=\"https:\/\/agrupacionespsoe.es\/melilla\/manuel-garcia-el-gobierno-de-pedro-sanchez-apuesta-por-una-educacion-publica-inclusiva-e-innovadora-en-melilla\/\" \/>\n<meta property=\"og:site_name\" content=\"Agrupaci\u00f3n Socialista de Melilla\" \/>\n<meta property=\"article:published_time\" content=\"2025-05-25T16:35:25+00:00\" \/>\n<meta property=\"article:modified_time\" content=\"2025-05-25T16:35:26+00:00\" \/>\n<meta property=\"og:image\" content=\"https:\/\/agrupacionespsoe.es\/melilla\/wp-content\/uploads\/sites\/120\/2025\/05\/WhatsApp-Image-2025-05-23-at-13.47.33.jpeg\" \/>\n\t<meta property=\"og:image:width\" content=\"2560\" \/>\n\t<meta property=\"og:image:height\" content=\"1706\" \/>\n\t<meta property=\"og:image:type\" content=\"image\/jpeg\" \/>\n<meta name=\"author\" content=\"melilla2\" \/>\n<meta name=\"twitter:card\" content=\"summary_large_image\" \/>\n<meta name=\"twitter:label1\" content=\"Escrito por\" \/>\n\t<meta name=\"twitter:data1\" content=\"melilla2\" \/>\n\t<meta name=\"twitter:label2\" content=\"Tiempo de lectura\" \/>\n\t<meta name=\"twitter:data2\" content=\"3 minutos\" \/>\n<script type=\"application\/ld+json\" class=\"yoast-schema-graph\">{\"@context\":\"https:\/\/schema.org\",\"@graph\":[{\"@type\":\"Article\",\"@id\":\"https:\/\/agrupacionespsoe.es\/melilla\/manuel-garcia-el-gobierno-de-pedro-sanchez-apuesta-por-una-educacion-publica-inclusiva-e-innovadora-en-melilla\/#article\",\"isPartOf\":{\"@id\":\"https:\/\/agrupacionespsoe.es\/melilla\/manuel-garcia-el-gobierno-de-pedro-sanchez-apuesta-por-una-educacion-publica-inclusiva-e-innovadora-en-melilla\/\"},\"author\":{\"name\":\"melilla2\",\"@id\":\"https:\/\/agrupacionespsoe.es\/melilla\/#\/schema\/person\/72bb3075a827d0ed0623682b96c92bd6\"},\"headline\":\"Manuel Garc\u00eda: \u201cEl Gobierno de Pedro S\u00e1nchez apuesta por una educaci\u00f3n p\u00fablica, inclusiva e innovadora en Melilla\u201d\",\"datePublished\":\"2025-05-25T16:35:25+00:00\",\"dateModified\":\"2025-05-25T16:35:26+00:00\",\"mainEntityOfPage\":{\"@id\":\"https:\/\/agrupacionespsoe.es\/melilla\/manuel-garcia-el-gobierno-de-pedro-sanchez-apuesta-por-una-educacion-publica-inclusiva-e-innovadora-en-melilla\/\"},\"wordCount\":587,\"commentCount\":0,\"publisher\":{\"@id\":\"https:\/\/agrupacionespsoe.es\/melilla\/#organization\"},\"image\":{\"@id\":\"https:\/\/agrupacionespsoe.es\/melilla\/manuel-garcia-el-gobierno-de-pedro-sanchez-apuesta-por-una-educacion-publica-inclusiva-e-innovadora-en-melilla\/#primaryimage\"},\"thumbnailUrl\":\"https:\/\/agrupacionespsoe.es\/melilla\/wp-content\/uploads\/sites\/120\/2025\/05\/WhatsApp-Image-2025-05-23-at-13.47.33.jpeg\",\"inLanguage\":\"es\",\"potentialAction\":[{\"@type\":\"CommentAction\",\"name\":\"Comment\",\"target\":[\"https:\/\/agrupacionespsoe.es\/melilla\/manuel-garcia-el-gobierno-de-pedro-sanchez-apuesta-por-una-educacion-publica-inclusiva-e-innovadora-en-melilla\/#respond\"]}]},{\"@type\":\"WebPage\",\"@id\":\"https:\/\/agrupacionespsoe.es\/melilla\/manuel-garcia-el-gobierno-de-pedro-sanchez-apuesta-por-una-educacion-publica-inclusiva-e-innovadora-en-melilla\/\",\"url\":\"https:\/\/agrupacionespsoe.es\/melilla\/manuel-garcia-el-gobierno-de-pedro-sanchez-apuesta-por-una-educacion-publica-inclusiva-e-innovadora-en-melilla\/\",\"name\":\"Manuel Garc\u00eda: \u201cEl Gobierno de Pedro S\u00e1nchez apuesta por una educaci\u00f3n p\u00fablica, inclusiva e innovadora en Melilla\u201d - Agrupaci\u00f3n Socialista de Melilla\",\"isPartOf\":{\"@id\":\"https:\/\/agrupacionespsoe.es\/melilla\/#website\"},\"primaryImageOfPage\":{\"@id\":\"https:\/\/agrupacionespsoe.es\/melilla\/manuel-garcia-el-gobierno-de-pedro-sanchez-apuesta-por-una-educacion-publica-inclusiva-e-innovadora-en-melilla\/#primaryimage\"},\"image\":{\"@id\":\"https:\/\/agrupacionespsoe.es\/melilla\/manuel-garcia-el-gobierno-de-pedro-sanchez-apuesta-por-una-educacion-publica-inclusiva-e-innovadora-en-melilla\/#primaryimage\"},\"thumbnailUrl\":\"https:\/\/agrupacionespsoe.es\/melilla\/wp-content\/uploads\/sites\/120\/2025\/05\/WhatsApp-Image-2025-05-23-at-13.47.33.jpeg\",\"datePublished\":\"2025-05-25T16:35:25+00:00\",\"dateModified\":\"2025-05-25T16:35:26+00:00\",\"breadcrumb\":{\"@id\":\"https:\/\/agrupacionespsoe.es\/melilla\/manuel-garcia-el-gobierno-de-pedro-sanchez-apuesta-por-una-educacion-publica-inclusiva-e-innovadora-en-melilla\/#breadcrumb\"},\"inLanguage\":\"es\",\"potentialAction\":[{\"@type\":\"ReadAction\",\"target\":[\"https:\/\/agrupacionespsoe.es\/melilla\/manuel-garcia-el-gobierno-de-pedro-sanchez-apuesta-por-una-educacion-publica-inclusiva-e-innovadora-en-melilla\/\"]}]},{\"@type\":\"ImageObject\",\"inLanguage\":\"es\",\"@id\":\"https:\/\/agrupacionespsoe.es\/melilla\/manuel-garcia-el-gobierno-de-pedro-sanchez-apuesta-por-una-educacion-publica-inclusiva-e-innovadora-en-melilla\/#primaryimage\",\"url\":\"https:\/\/agrupacionespsoe.es\/melilla\/wp-content\/uploads\/sites\/120\/2025\/05\/WhatsApp-Image-2025-05-23-at-13.47.33.jpeg\",\"contentUrl\":\"https:\/\/agrupacionespsoe.es\/melilla\/wp-content\/uploads\/sites\/120\/2025\/05\/WhatsApp-Image-2025-05-23-at-13.47.33.jpeg\",\"width\":2560,\"height\":1706},{\"@type\":\"BreadcrumbList\",\"@id\":\"https:\/\/agrupacionespsoe.es\/melilla\/manuel-garcia-el-gobierno-de-pedro-sanchez-apuesta-por-una-educacion-publica-inclusiva-e-innovadora-en-melilla\/#breadcrumb\",\"itemListElement\":[{\"@type\":\"ListItem\",\"position\":1,\"name\":\"Portada\",\"item\":\"https:\/\/agrupacionespsoe.es\/melilla\/\"},{\"@type\":\"ListItem\",\"position\":2,\"name\":\"Manuel Garc\u00eda: \u201cEl Gobierno de Pedro S\u00e1nchez apuesta por una educaci\u00f3n p\u00fablica, inclusiva e innovadora en Melilla\u201d\"}]},{\"@type\":\"WebSite\",\"@id\":\"https:\/\/agrupacionespsoe.es\/melilla\/#website\",\"url\":\"https:\/\/agrupacionespsoe.es\/melilla\/\",\"name\":\"Agrupaci\u00f3n Socialista de Melilla\",\"description\":\"Agrupaci\u00f3n Socialista de Melilla\",\"publisher\":{\"@id\":\"https:\/\/agrupacionespsoe.es\/melilla\/#organization\"},\"potentialAction\":[{\"@type\":\"SearchAction\",\"target\":{\"@type\":\"EntryPoint\",\"urlTemplate\":\"https:\/\/agrupacionespsoe.es\/melilla\/?s={search_term_string}\"},\"query-input\":{\"@type\":\"PropertyValueSpecification\",\"valueRequired\":true,\"valueName\":\"search_term_string\"}}],\"inLanguage\":\"es\"},{\"@type\":\"Organization\",\"@id\":\"https:\/\/agrupacionespsoe.es\/melilla\/#organization\",\"name\":\"Agrupaci\u00f3n Socialista de Melilla\",\"url\":\"https:\/\/agrupacionespsoe.es\/melilla\/\",\"logo\":{\"@type\":\"ImageObject\",\"inLanguage\":\"es\",\"@id\":\"https:\/\/agrupacionespsoe.es\/melilla\/#\/schema\/logo\/image\/\",\"url\":\"https:\/\/agrupacionespsoe.es\/wp-content\/uploads\/2022\/07\/Logotipo_electoral_del_PSOE.png\",\"contentUrl\":\"https:\/\/agrupacionespsoe.es\/wp-content\/uploads\/2022\/07\/Logotipo_electoral_del_PSOE.png\",\"width\":422,\"height\":422,\"caption\":\"Agrupaci\u00f3n Socialista de Melilla\"},\"image\":{\"@id\":\"https:\/\/agrupacionespsoe.es\/melilla\/#\/schema\/logo\/image\/\"}},{\"@type\":\"Person\",\"@id\":\"https:\/\/agrupacionespsoe.es\/melilla\/#\/schema\/person\/72bb3075a827d0ed0623682b96c92bd6\",\"name\":\"melilla2\",\"image\":{\"@type\":\"ImageObject\",\"inLanguage\":\"es\",\"@id\":\"https:\/\/agrupacionespsoe.es\/melilla\/#\/schema\/person\/image\/\",\"url\":\"https:\/\/secure.gravatar.com\/avatar\/489a178e794e59f00db13a448aabca16?s=96&d=mm&r=g\",\"contentUrl\":\"https:\/\/secure.gravatar.com\/avatar\/489a178e794e59f00db13a448aabca16?s=96&d=mm&r=g\",\"caption\":\"melilla2\"},\"url\":\"https:\/\/agrupacionespsoe.es\/melilla\/author\/melilla2\/\"}]}<\/script>\n<!-- \/ Yoast SEO plugin. -->","yoast_head_json":{"title":"Manuel Garc\u00eda: \u201cEl Gobierno de Pedro S\u00e1nchez apuesta por una educaci\u00f3n p\u00fablica, inclusiva e innovadora en Melilla\u201d - Agrupaci\u00f3n Socialista de Melilla","robots":{"index":"index","follow":"follow","max-snippet":"max-snippet:-1","max-image-preview":"max-image-preview:large","max-video-preview":"max-video-preview:-1"},"canonical":"https:\/\/agrupacionespsoe.es\/melilla\/manuel-garcia-el-gobierno-de-pedro-sanchez-apuesta-por-una-educacion-publica-inclusiva-e-innovadora-en-melilla\/","og_locale":"es_ES","og_type":"article","og_title":"Manuel Garc\u00eda: \u201cEl Gobierno de Pedro S\u00e1nchez apuesta por una educaci\u00f3n p\u00fablica, inclusiva e innovadora en Melilla\u201d - Agrupaci\u00f3n Socialista de Melilla","og_description":"El secretario de Educaci\u00f3n del PSOE defiende la digitalizaci\u00f3n y la igualdad de oportunidades del nuevo modelo educativo en Melilla El secretario de Educaci\u00f3n del PSOE en Melilla, Manuel Garc\u00eda, ha destacado el firme compromiso que el Gobierno de Espa\u00f1a ha demostrado esta semana con el sistema educativo de la ciudad aut\u00f3noma. \u201cEl Gobierno de ...","og_url":"https:\/\/agrupacionespsoe.es\/melilla\/manuel-garcia-el-gobierno-de-pedro-sanchez-apuesta-por-una-educacion-publica-inclusiva-e-innovadora-en-melilla\/","og_site_name":"Agrupaci\u00f3n Socialista de Melilla","article_published_time":"2025-05-25T16:35:25+00:00","article_modified_time":"2025-05-25T16:35:26+00:00","og_image":[{"width":2560,"height":1706,"url":"https:\/\/agrupacionespsoe.es\/melilla\/wp-content\/uploads\/sites\/120\/2025\/05\/WhatsApp-Image-2025-05-23-at-13.47.33.jpeg","type":"image\/jpeg"}],"author":"melilla2","twitter_card":"summary_large_image","twitter_misc":{"Escrito por":"melilla2","Tiempo de lectura":"3 minutos"},"schema":{"@context":"https:\/\/schema.org","@graph":[{"@type":"Article","@id":"https:\/\/agrupacionespsoe.es\/melilla\/manuel-garcia-el-gobierno-de-pedro-sanchez-apuesta-por-una-educacion-publica-inclusiva-e-innovadora-en-melilla\/#article","isPartOf":{"@id":"https:\/\/agrupacionespsoe.es\/melilla\/manuel-garcia-el-gobierno-de-pedro-sanchez-apuesta-por-una-educacion-publica-inclusiva-e-innovadora-en-melilla\/"},"author":{"name":"melilla2","@id":"https:\/\/agrupacionespsoe.es\/melilla\/#\/schema\/person\/72bb3075a827d0ed0623682b96c92bd6"},"headline":"Manuel Garc\u00eda: \u201cEl Gobierno de Pedro S\u00e1nchez apuesta por una educaci\u00f3n p\u00fablica, inclusiva e innovadora en Melilla\u201d","datePublished":"2025-05-25T16:35:25+00:00","dateModified":"2025-05-25T16:35:26+00:00","mainEntityOfPage":{"@id":"https:\/\/agrupacionespsoe.es\/melilla\/manuel-garcia-el-gobierno-de-pedro-sanchez-apuesta-por-una-educacion-publica-inclusiva-e-innovadora-en-melilla\/"},"wordCount":587,"commentCount":0,"publisher":{"@id":"https:\/\/agrupacionespsoe.es\/melilla\/#organization"},"image":{"@id":"https:\/\/agrupacionespsoe.es\/melilla\/manuel-garcia-el-gobierno-de-pedro-sanchez-apuesta-por-una-educacion-publica-inclusiva-e-innovadora-en-melilla\/#primaryimage"},"thumbnailUrl":"https:\/\/agrupacionespsoe.es\/melilla\/wp-content\/uploads\/sites\/120\/2025\/05\/WhatsApp-Image-2025-05-23-at-13.47.33.jpeg","inLanguage":"es","potentialAction":[{"@type":"CommentAction","name":"Comment","target":["https:\/\/agrupacionespsoe.es\/melilla\/manuel-garcia-el-gobierno-de-pedro-sanchez-apuesta-por-una-educacion-publica-inclusiva-e-innovadora-en-melilla\/#respond"]}]},{"@type":"WebPage","@id":"https:\/\/agrupacionespsoe.es\/melilla\/manuel-garcia-el-gobierno-de-pedro-sanchez-apuesta-por-una-educacion-publica-inclusiva-e-innovadora-en-melilla\/","url":"https:\/\/agrupacionespsoe.es\/melilla\/manuel-garcia-el-gobierno-de-pedro-sanchez-apuesta-por-una-educacion-publica-inclusiva-e-innovadora-en-melilla\/","name":"Manuel Garc\u00eda: \u201cEl Gobierno de Pedro S\u00e1nchez apuesta por una educaci\u00f3n p\u00fablica, inclusiva e innovadora en Melilla\u201d - Agrupaci\u00f3n Socialista de Melilla","isPartOf":{"@id":"https:\/\/agrupacionespsoe.es\/melilla\/#website"},"primaryImageOfPage":{"@id":"https:\/\/agrupacionespsoe.es\/melilla\/manuel-garcia-el-gobierno-de-pedro-sanchez-apuesta-por-una-educacion-publica-inclusiva-e-innovadora-en-melilla\/#primaryimage"},"image":{"@id":"https:\/\/agrupacionespsoe.es\/melilla\/manuel-garcia-el-gobierno-de-pedro-sanchez-apuesta-por-una-educacion-publica-inclusiva-e-innovadora-en-melilla\/#primaryimage"},"thumbnailUrl":"https:\/\/agrupacionespsoe.es\/melilla\/wp-content\/uploads\/sites\/120\/2025\/05\/WhatsApp-Image-2025-05-23-at-13.47.33.jpeg","datePublished":"2025-05-25T16:35:25+00:00","dateModified":"2025-05-25T16:35:26+00:00","breadcrumb":{"@id":"https:\/\/agrupacionespsoe.es\/melilla\/manuel-garcia-el-gobierno-de-pedro-sanchez-apuesta-por-una-educacion-publica-inclusiva-e-innovadora-en-melilla\/#breadcrumb"},"inLanguage":"es","potentialAction":[{"@type":"ReadAction","target":["https:\/\/agrupacionespsoe.es\/melilla\/manuel-garcia-el-gobierno-de-pedro-sanchez-apuesta-por-una-educacion-publica-inclusiva-e-innovadora-en-melilla\/"]}]},{"@type":"ImageObject","inLanguage":"es","@id":"https:\/\/agrupacionespsoe.es\/melilla\/manuel-garcia-el-gobierno-de-pedro-sanchez-apuesta-por-una-educacion-publica-inclusiva-e-innovadora-en-melilla\/#primaryimage","url":"https:\/\/agrupacionespsoe.es\/melilla\/wp-content\/uploads\/sites\/120\/2025\/05\/WhatsApp-Image-2025-05-23-at-13.47.33.jpeg","contentUrl":"https:\/\/agrupacionespsoe.es\/melilla\/wp-content\/uploads\/sites\/120\/2025\/05\/WhatsApp-Image-2025-05-23-at-13.47.33.jpeg","width":2560,"height":1706},{"@type":"BreadcrumbList","@id":"https:\/\/agrupacionespsoe.es\/melilla\/manuel-garcia-el-gobierno-de-pedro-sanchez-apuesta-por-una-educacion-publica-inclusiva-e-innovadora-en-melilla\/#breadcrumb","itemListElement":[{"@type":"ListItem","position":1,"name":"Portada","item":"https:\/\/agrupacionespsoe.es\/melilla\/"},{"@type":"ListItem","position":2,"name":"Manuel Garc\u00eda: \u201cEl Gobierno de Pedro S\u00e1nchez apuesta por una educaci\u00f3n p\u00fablica, inclusiva e innovadora en Melilla\u201d"}]},{"@type":"WebSite","@id":"https:\/\/agrupacionespsoe.es\/melilla\/#website","url":"https:\/\/agrupacionespsoe.es\/melilla\/","name":"Agrupaci\u00f3n Socialista de Melilla","description":"Agrupaci\u00f3n Socialista de Melilla","publisher":{"@id":"https:\/\/agrupacionespsoe.es\/melilla\/#organization"},"potentialAction":[{"@type":"SearchAction","target":{"@type":"EntryPoint","urlTemplate":"https:\/\/agrupacionespsoe.es\/melilla\/?s={search_term_string}"},"query-input":{"@type":"PropertyValueSpecification","valueRequired":true,"valueName":"search_term_string"}}],"inLanguage":"es"},{"@type":"Organization","@id":"https:\/\/agrupacionespsoe.es\/melilla\/#organization","name":"Agrupaci\u00f3n Socialista de Melilla","url":"https:\/\/agrupacionespsoe.es\/melilla\/","logo":{"@type":"ImageObject","inLanguage":"es","@id":"https:\/\/agrupacionespsoe.es\/melilla\/#\/schema\/logo\/image\/","url":"https:\/\/agrupacionespsoe.es\/wp-content\/uploads\/2022\/07\/Logotipo_electoral_del_PSOE.png","contentUrl":"https:\/\/agrupacionespsoe.es\/wp-content\/uploads\/2022\/07\/Logotipo_electoral_del_PSOE.png","width":422,"height":422,"caption":"Agrupaci\u00f3n Socialista de Melilla"},"image":{"@id":"https:\/\/agrupacionespsoe.es\/melilla\/#\/schema\/logo\/image\/"}},{"@type":"Person","@id":"https:\/\/agrupacionespsoe.es\/melilla\/#\/schema\/person\/72bb3075a827d0ed0623682b96c92bd6","name":"melilla2","image":{"@type":"ImageObject","inLanguage":"es","@id":"https:\/\/agrupacionespsoe.es\/melilla\/#\/schema\/person\/image\/","url":"https:\/\/secure.gravatar.com\/avatar\/489a178e794e59f00db13a448aabca16?s=96&d=mm&r=g","contentUrl":"https:\/\/secure.gravatar.com\/avatar\/489a178e794e59f00db13a448aabca16?s=96&d=mm&r=g","caption":"melilla2"},"url":"https:\/\/agrupacionespsoe.es\/melilla\/author\/melilla2\/"}]}},"jetpack_featured_media_url":"https:\/\/agrupacionespsoe.es\/melilla\/wp-content\/uploads\/sites\/120\/2025\/05\/WhatsApp-Image-2025-05-23-at-13.47.33.jpeg","jetpack_sharing_enabled":true,"_links":{"self":[{"href":"https:\/\/agrupacionespsoe.es\/melilla\/wp-json\/wp\/v2\/posts\/1840","targetHints":{"allow":["GET"]}}],"collection":[{"href":"https:\/\/agrupacionespsoe.es\/melilla\/wp-json\/wp\/v2\/posts"}],"about":[{"href":"https:\/\/agrupacionespsoe.es\/melilla\/wp-json\/wp\/v2\/types\/post"}],"author":[{"embeddable":true,"href":"https:\/\/agrupacionespsoe.es\/melilla\/wp-json\/wp\/v2\/users\/187"}],"replies":[{"embeddable":true,"href":"https:\/\/agrupacionespsoe.es\/melilla\/wp-json\/wp\/v2\/comments?post=1840"}],"version-history":[{"count":1,"href":"https:\/\/agrupacionespsoe.es\/melilla\/wp-json\/wp\/v2\/posts\/1840\/revisions"}],"predecessor-version":[{"id":1842,"href":"https:\/\/agrupacionespsoe.es\/melilla\/wp-json\/wp\/v2\/posts\/1840\/revisions\/1842"}],"wp:featuredmedia":[{"embeddable":true,"href":"https:\/\/agrupacionespsoe.es\/melilla\/wp-json\/wp\/v2\/media\/1841"}],"wp:attachment":[{"href":"https:\/\/agrupacionespsoe.es\/melilla\/wp-json\/wp\/v2\/media?parent=1840"}],"wp:term":[{"taxonomy":"category","embeddable":true,"href":"https:\/\/agrupacionespsoe.es\/melilla\/wp-json\/wp\/v2\/categories?post=1840"},{"taxonomy":"post_tag","embeddable":true,"href":"https:\/\/agrupacionespsoe.es\/melilla\/wp-json\/wp\/v2\/tags?post=1840"}],"curies":[{"name":"wp","href":"https:\/\/api.w.org\/{rel}","templated":true}]}}