{"id":1820,"date":"2025-05-19T13:21:47","date_gmt":"2025-05-19T13:21:47","guid":{"rendered":"https:\/\/agrupacionespsoe.es\/melilla\/?p=1820"},"modified":"2025-05-19T13:21:48","modified_gmt":"2025-05-19T13:21:48","slug":"el-psoe-cuestiona-los-viajes-de-miguel-marin-y-su-impacto-para-melilla","status":"publish","type":"post","link":"https:\/\/agrupacionespsoe.es\/melilla\/el-psoe-cuestiona-los-viajes-de-miguel-marin-y-su-impacto-para-melilla\/","title":{"rendered":"El PSOE cuestiona los viajes de Miguel Mar\u00edn y su impacto para Melilla"},"content":{"rendered":"\n<p><strong>Robles: \u201cAhora que llega el buen tiempo, empieza la temporada de viajes\u201d<\/strong><\/p>\n\n\n\n<p>\u201cHa pasado casi la mitad de 2025 y media legislatura, y el se\u00f1or Mar\u00edn sigue con sus viajes por el bien de Melilla\u201d.&nbsp;El Portavoz de la Comisi\u00f3n Ejecutiva Regional del PSOE en Melilla, Rafael Robles, ha criticado la excesiva cantidad de viajes que el consejero del Partido Popular&nbsp;realiza para atraer futuras inversiones a Melilla. \u201cAhora que llega el buen tiempo, empieza la temporada de viajes\u201d, ha a\u00f1adido.&nbsp;<\/p>\n\n\n\n<p>\u201cGibraltar, Par\u00eds, Londres, Hamburgo, Madrid, Sevilla, M\u00e1laga, Tenerife\u2026&nbsp;El a\u00f1o pasado a Medell\u00edn y&nbsp;hace unos d\u00edas Florida.<strong>&nbsp;<\/strong>Si sigue as\u00ed, va a dar la vuelta al mundo en esta legislatura a costa del bolsillo de todos los melillenses\u201d, ha denunciado el socialista.&nbsp;<\/p>\n\n\n\n<p>Desde el PSOE han recordado al Partido Popular que el a\u00f1o pasado, en 2024, el Grupo Municipal Socialistasolicit\u00f3 a la Ciudad Aut\u00f3noma toda la informaci\u00f3n&nbsp;respecto a los viajes que el consejero estaba realizando desde que comenz\u00f3 la legislatura. Sin embargo,&nbsp;a d\u00eda de hoy, los socialistas&nbsp;todav\u00eda no&nbsp;han obtenido respuesta a su petici\u00f3n.&nbsp;\u201cEsta falta de transparencia nos hace sospechar\u201d, ha afirmado.&nbsp;<\/p>\n\n\n\n<p>Por este motivo, Robles ha cuestionado a los populares que hagan p\u00fablico los detalles de los viajes que Miguel Mar\u00edn est\u00e1 haciendo desde que el PP comenz\u00f3 a gobernary h criticado que el presupuesto de la Consejer\u00eda de Turismo \u201csirve, pr\u00e1cticamente, para pagar &nbsp;sus viajes\u201d.<\/p>\n\n\n\n<p>\u201cTodav\u00eda est\u00e1n por ver los frutos de estos viajes.&nbsp;Actualmente no hemos visto&nbsp;que se haya materializado nada de todos los proyectos que han anunciado. Es decir, nada positivo para Melilla\u201d, ha se\u00f1alado.&nbsp;<\/p>\n\n\n\n<p><strong>Por el \u201cbien\u201d de Melilla<\/strong><\/p>\n\n\n\n<p>En ese sentido, Rafael Robles ha criticado que, mientras el vicepresidente de la Ciudad Aut\u00f3noma&nbsp;est\u00e1 dispuesto a viajar por el \u201cbien de Melilla\u201d, se niega a reunirse con&nbsp;la Direcci\u00f3n Provincial del&nbsp;SEPE&nbsp;para coordinar las pol\u00edticas de empleo en Melilla.&nbsp;<\/p>\n\n\n\n<p>\u201cTrabajar codo con codo con el SEPE tendr\u00eda efectos muy positivos en nuestra ciudad, pero, claro, eso no le permitir\u00eda irse de viaje como hace ahora\u201d, ha denunciado.&nbsp;<\/p>\n\n\n\n<p>Llegado a este punto, el Portavoz del PSOE ha recriminado al Partido Popular que no puede dar ejemplo de nada y que los populares \u201cmienten m\u00e1s que hablan\u201d. En ese sentido, ha defendido al director provincial del SEPE, Jorge Vera, quien&nbsp;ha intentado reunirse con la CiudadAut\u00f3noma&nbsp;y PROMESA en m\u00faltiples ocasiones,&nbsp;\u201cy lo \u00fanico que ha obtenido son correos y llamadas sin respuesta\u201d.&nbsp;<\/p>\n\n\n\n<p>\u201cEst\u00e1 claro que el Gobierno de Imbroda antepone los intereses de su partido a los de la ciudadan\u00eda melillense\u201d, ha concluido.&nbsp;<\/p>\n","protected":false},"excerpt":{"rendered":"<p>Robles: \u201cAhora que llega el buen tiempo, empieza la temporada de viajes\u201d \u201cHa pasado casi la mitad de 2025 y media legislatura, y el se\u00f1or Mar\u00edn sigue con sus viajes por el bien de Melilla\u201d.&nbsp;El Portavoz de la Comisi\u00f3n Ejecutiva Regional del PSOE en Melilla, Rafael Robles, ha criticado la excesiva cantidad de viajes que &#8230;<\/p>\n","protected":false},"author":187,"featured_media":1788,"comment_status":"open","ping_status":"open","sticky":false,"template":"","format":"standard","meta":{"_jetpack_memberships_contains_paid_content":false,"footnotes":""},"categories":[1],"tags":[],"class_list":["post-1820","post","type-post","status-publish","format-standard","has-post-thumbnail","hentry","category-sin-categoria"],"yoast_head":"<!-- This site is optimized with the Yoast SEO plugin v24.0 - https:\/\/yoast.com\/wordpress\/plugins\/seo\/ -->\n<title>El PSOE cuestiona los viajes de Miguel Mar\u00edn y su impacto para Melilla - Agrupaci\u00f3n Socialista de Melilla<\/title>\n<meta name=\"robots\" content=\"index, follow, max-snippet:-1, max-image-preview:large, max-video-preview:-1\" \/>\n<link rel=\"canonical\" href=\"https:\/\/agrupacionespsoe.es\/melilla\/el-psoe-cuestiona-los-viajes-de-miguel-marin-y-su-impacto-para-melilla\/\" \/>\n<meta property=\"og:locale\" content=\"es_ES\" \/>\n<meta property=\"og:type\" content=\"article\" \/>\n<meta property=\"og:title\" content=\"El PSOE cuestiona los viajes de Miguel Mar\u00edn y su impacto para Melilla - Agrupaci\u00f3n Socialista de Melilla\" \/>\n<meta property=\"og:description\" content=\"Robles: \u201cAhora que llega el buen tiempo, empieza la temporada de viajes\u201d \u201cHa pasado casi la mitad de 2025 y media legislatura, y el se\u00f1or Mar\u00edn sigue con sus viajes por el bien de Melilla\u201d.&nbsp;El Portavoz de la Comisi\u00f3n Ejecutiva Regional del PSOE en Melilla, Rafael Robles, ha criticado la excesiva cantidad de viajes que ...\" \/>\n<meta property=\"og:url\" content=\"https:\/\/agrupacionespsoe.es\/melilla\/el-psoe-cuestiona-los-viajes-de-miguel-marin-y-su-impacto-para-melilla\/\" \/>\n<meta property=\"og:site_name\" content=\"Agrupaci\u00f3n Socialista de Melilla\" \/>\n<meta property=\"article:published_time\" content=\"2025-05-19T13:21:47+00:00\" \/>\n<meta property=\"article:modified_time\" content=\"2025-05-19T13:21:48+00:00\" \/>\n<meta property=\"og:image\" content=\"https:\/\/agrupacionespsoe.es\/melilla\/wp-content\/uploads\/sites\/120\/2025\/05\/2025-05-08-RRobles-scaled.jpg\" \/>\n\t<meta property=\"og:image:width\" content=\"2560\" \/>\n\t<meta property=\"og:image:height\" content=\"1707\" \/>\n\t<meta property=\"og:image:type\" content=\"image\/jpeg\" \/>\n<meta name=\"author\" content=\"melilla2\" \/>\n<meta name=\"twitter:card\" content=\"summary_large_image\" \/>\n<meta name=\"twitter:label1\" content=\"Escrito por\" \/>\n\t<meta name=\"twitter:data1\" content=\"melilla2\" \/>\n\t<meta name=\"twitter:label2\" content=\"Tiempo de lectura\" \/>\n\t<meta name=\"twitter:data2\" content=\"3 minutos\" \/>\n<script type=\"application\/ld+json\" class=\"yoast-schema-graph\">{\"@context\":\"https:\/\/schema.org\",\"@graph\":[{\"@type\":\"Article\",\"@id\":\"https:\/\/agrupacionespsoe.es\/melilla\/el-psoe-cuestiona-los-viajes-de-miguel-marin-y-su-impacto-para-melilla\/#article\",\"isPartOf\":{\"@id\":\"https:\/\/agrupacionespsoe.es\/melilla\/el-psoe-cuestiona-los-viajes-de-miguel-marin-y-su-impacto-para-melilla\/\"},\"author\":{\"name\":\"melilla2\",\"@id\":\"https:\/\/agrupacionespsoe.es\/melilla\/#\/schema\/person\/72bb3075a827d0ed0623682b96c92bd6\"},\"headline\":\"El PSOE cuestiona los viajes de Miguel Mar\u00edn y su impacto para Melilla\",\"datePublished\":\"2025-05-19T13:21:47+00:00\",\"dateModified\":\"2025-05-19T13:21:48+00:00\",\"mainEntityOfPage\":{\"@id\":\"https:\/\/agrupacionespsoe.es\/melilla\/el-psoe-cuestiona-los-viajes-de-miguel-marin-y-su-impacto-para-melilla\/\"},\"wordCount\":497,\"commentCount\":0,\"publisher\":{\"@id\":\"https:\/\/agrupacionespsoe.es\/melilla\/#organization\"},\"image\":{\"@id\":\"https:\/\/agrupacionespsoe.es\/melilla\/el-psoe-cuestiona-los-viajes-de-miguel-marin-y-su-impacto-para-melilla\/#primaryimage\"},\"thumbnailUrl\":\"https:\/\/agrupacionespsoe.es\/melilla\/wp-content\/uploads\/sites\/120\/2025\/05\/2025-05-08-RRobles-scaled.jpg\",\"inLanguage\":\"es\",\"potentialAction\":[{\"@type\":\"CommentAction\",\"name\":\"Comment\",\"target\":[\"https:\/\/agrupacionespsoe.es\/melilla\/el-psoe-cuestiona-los-viajes-de-miguel-marin-y-su-impacto-para-melilla\/#respond\"]}]},{\"@type\":\"WebPage\",\"@id\":\"https:\/\/agrupacionespsoe.es\/melilla\/el-psoe-cuestiona-los-viajes-de-miguel-marin-y-su-impacto-para-melilla\/\",\"url\":\"https:\/\/agrupacionespsoe.es\/melilla\/el-psoe-cuestiona-los-viajes-de-miguel-marin-y-su-impacto-para-melilla\/\",\"name\":\"El PSOE cuestiona los viajes de Miguel Mar\u00edn y su impacto para Melilla - Agrupaci\u00f3n Socialista de Melilla\",\"isPartOf\":{\"@id\":\"https:\/\/agrupacionespsoe.es\/melilla\/#website\"},\"primaryImageOfPage\":{\"@id\":\"https:\/\/agrupacionespsoe.es\/melilla\/el-psoe-cuestiona-los-viajes-de-miguel-marin-y-su-impacto-para-melilla\/#primaryimage\"},\"image\":{\"@id\":\"https:\/\/agrupacionespsoe.es\/melilla\/el-psoe-cuestiona-los-viajes-de-miguel-marin-y-su-impacto-para-melilla\/#primaryimage\"},\"thumbnailUrl\":\"https:\/\/agrupacionespsoe.es\/melilla\/wp-content\/uploads\/sites\/120\/2025\/05\/2025-05-08-RRobles-scaled.jpg\",\"datePublished\":\"2025-05-19T13:21:47+00:00\",\"dateModified\":\"2025-05-19T13:21:48+00:00\",\"breadcrumb\":{\"@id\":\"https:\/\/agrupacionespsoe.es\/melilla\/el-psoe-cuestiona-los-viajes-de-miguel-marin-y-su-impacto-para-melilla\/#breadcrumb\"},\"inLanguage\":\"es\",\"potentialAction\":[{\"@type\":\"ReadAction\",\"target\":[\"https:\/\/agrupacionespsoe.es\/melilla\/el-psoe-cuestiona-los-viajes-de-miguel-marin-y-su-impacto-para-melilla\/\"]}]},{\"@type\":\"ImageObject\",\"inLanguage\":\"es\",\"@id\":\"https:\/\/agrupacionespsoe.es\/melilla\/el-psoe-cuestiona-los-viajes-de-miguel-marin-y-su-impacto-para-melilla\/#primaryimage\",\"url\":\"https:\/\/agrupacionespsoe.es\/melilla\/wp-content\/uploads\/sites\/120\/2025\/05\/2025-05-08-RRobles-scaled.jpg\",\"contentUrl\":\"https:\/\/agrupacionespsoe.es\/melilla\/wp-content\/uploads\/sites\/120\/2025\/05\/2025-05-08-RRobles-scaled.jpg\",\"width\":2560,\"height\":1707},{\"@type\":\"BreadcrumbList\",\"@id\":\"https:\/\/agrupacionespsoe.es\/melilla\/el-psoe-cuestiona-los-viajes-de-miguel-marin-y-su-impacto-para-melilla\/#breadcrumb\",\"itemListElement\":[{\"@type\":\"ListItem\",\"position\":1,\"name\":\"Portada\",\"item\":\"https:\/\/agrupacionespsoe.es\/melilla\/\"},{\"@type\":\"ListItem\",\"position\":2,\"name\":\"El PSOE cuestiona los viajes de Miguel Mar\u00edn y su impacto para Melilla\"}]},{\"@type\":\"WebSite\",\"@id\":\"https:\/\/agrupacionespsoe.es\/melilla\/#website\",\"url\":\"https:\/\/agrupacionespsoe.es\/melilla\/\",\"name\":\"Agrupaci\u00f3n Socialista de Melilla\",\"description\":\"Agrupaci\u00f3n Socialista de Melilla\",\"publisher\":{\"@id\":\"https:\/\/agrupacionespsoe.es\/melilla\/#organization\"},\"potentialAction\":[{\"@type\":\"SearchAction\",\"target\":{\"@type\":\"EntryPoint\",\"urlTemplate\":\"https:\/\/agrupacionespsoe.es\/melilla\/?s={search_term_string}\"},\"query-input\":{\"@type\":\"PropertyValueSpecification\",\"valueRequired\":true,\"valueName\":\"search_term_string\"}}],\"inLanguage\":\"es\"},{\"@type\":\"Organization\",\"@id\":\"https:\/\/agrupacionespsoe.es\/melilla\/#organization\",\"name\":\"Agrupaci\u00f3n Socialista de Melilla\",\"url\":\"https:\/\/agrupacionespsoe.es\/melilla\/\",\"logo\":{\"@type\":\"ImageObject\",\"inLanguage\":\"es\",\"@id\":\"https:\/\/agrupacionespsoe.es\/melilla\/#\/schema\/logo\/image\/\",\"url\":\"https:\/\/agrupacionespsoe.es\/wp-content\/uploads\/2022\/07\/Logotipo_electoral_del_PSOE.png\",\"contentUrl\":\"https:\/\/agrupacionespsoe.es\/wp-content\/uploads\/2022\/07\/Logotipo_electoral_del_PSOE.png\",\"width\":422,\"height\":422,\"caption\":\"Agrupaci\u00f3n Socialista de Melilla\"},\"image\":{\"@id\":\"https:\/\/agrupacionespsoe.es\/melilla\/#\/schema\/logo\/image\/\"}},{\"@type\":\"Person\",\"@id\":\"https:\/\/agrupacionespsoe.es\/melilla\/#\/schema\/person\/72bb3075a827d0ed0623682b96c92bd6\",\"name\":\"melilla2\",\"image\":{\"@type\":\"ImageObject\",\"inLanguage\":\"es\",\"@id\":\"https:\/\/agrupacionespsoe.es\/melilla\/#\/schema\/person\/image\/\",\"url\":\"https:\/\/secure.gravatar.com\/avatar\/489a178e794e59f00db13a448aabca16?s=96&d=mm&r=g\",\"contentUrl\":\"https:\/\/secure.gravatar.com\/avatar\/489a178e794e59f00db13a448aabca16?s=96&d=mm&r=g\",\"caption\":\"melilla2\"},\"url\":\"https:\/\/agrupacionespsoe.es\/melilla\/author\/melilla2\/\"}]}<\/script>\n<!-- \/ Yoast SEO plugin. -->","yoast_head_json":{"title":"El PSOE cuestiona los viajes de Miguel Mar\u00edn y su impacto para Melilla - Agrupaci\u00f3n Socialista de Melilla","robots":{"index":"index","follow":"follow","max-snippet":"max-snippet:-1","max-image-preview":"max-image-preview:large","max-video-preview":"max-video-preview:-1"},"canonical":"https:\/\/agrupacionespsoe.es\/melilla\/el-psoe-cuestiona-los-viajes-de-miguel-marin-y-su-impacto-para-melilla\/","og_locale":"es_ES","og_type":"article","og_title":"El PSOE cuestiona los viajes de Miguel Mar\u00edn y su impacto para Melilla - Agrupaci\u00f3n Socialista de Melilla","og_description":"Robles: \u201cAhora que llega el buen tiempo, empieza la temporada de viajes\u201d \u201cHa pasado casi la mitad de 2025 y media legislatura, y el se\u00f1or Mar\u00edn sigue con sus viajes por el bien de Melilla\u201d.&nbsp;El Portavoz de la Comisi\u00f3n Ejecutiva Regional del PSOE en Melilla, Rafael Robles, ha criticado la excesiva cantidad de viajes que ...","og_url":"https:\/\/agrupacionespsoe.es\/melilla\/el-psoe-cuestiona-los-viajes-de-miguel-marin-y-su-impacto-para-melilla\/","og_site_name":"Agrupaci\u00f3n Socialista de Melilla","article_published_time":"2025-05-19T13:21:47+00:00","article_modified_time":"2025-05-19T13:21:48+00:00","og_image":[{"width":2560,"height":1707,"url":"https:\/\/agrupacionespsoe.es\/melilla\/wp-content\/uploads\/sites\/120\/2025\/05\/2025-05-08-RRobles-scaled.jpg","type":"image\/jpeg"}],"author":"melilla2","twitter_card":"summary_large_image","twitter_misc":{"Escrito por":"melilla2","Tiempo de lectura":"3 minutos"},"schema":{"@context":"https:\/\/schema.org","@graph":[{"@type":"Article","@id":"https:\/\/agrupacionespsoe.es\/melilla\/el-psoe-cuestiona-los-viajes-de-miguel-marin-y-su-impacto-para-melilla\/#article","isPartOf":{"@id":"https:\/\/agrupacionespsoe.es\/melilla\/el-psoe-cuestiona-los-viajes-de-miguel-marin-y-su-impacto-para-melilla\/"},"author":{"name":"melilla2","@id":"https:\/\/agrupacionespsoe.es\/melilla\/#\/schema\/person\/72bb3075a827d0ed0623682b96c92bd6"},"headline":"El PSOE cuestiona los viajes de Miguel Mar\u00edn y su impacto para Melilla","datePublished":"2025-05-19T13:21:47+00:00","dateModified":"2025-05-19T13:21:48+00:00","mainEntityOfPage":{"@id":"https:\/\/agrupacionespsoe.es\/melilla\/el-psoe-cuestiona-los-viajes-de-miguel-marin-y-su-impacto-para-melilla\/"},"wordCount":497,"commentCount":0,"publisher":{"@id":"https:\/\/agrupacionespsoe.es\/melilla\/#organization"},"image":{"@id":"https:\/\/agrupacionespsoe.es\/melilla\/el-psoe-cuestiona-los-viajes-de-miguel-marin-y-su-impacto-para-melilla\/#primaryimage"},"thumbnailUrl":"https:\/\/agrupacionespsoe.es\/melilla\/wp-content\/uploads\/sites\/120\/2025\/05\/2025-05-08-RRobles-scaled.jpg","inLanguage":"es","potentialAction":[{"@type":"CommentAction","name":"Comment","target":["https:\/\/agrupacionespsoe.es\/melilla\/el-psoe-cuestiona-los-viajes-de-miguel-marin-y-su-impacto-para-melilla\/#respond"]}]},{"@type":"WebPage","@id":"https:\/\/agrupacionespsoe.es\/melilla\/el-psoe-cuestiona-los-viajes-de-miguel-marin-y-su-impacto-para-melilla\/","url":"https:\/\/agrupacionespsoe.es\/melilla\/el-psoe-cuestiona-los-viajes-de-miguel-marin-y-su-impacto-para-melilla\/","name":"El PSOE cuestiona los viajes de Miguel Mar\u00edn y su impacto para Melilla - Agrupaci\u00f3n Socialista de Melilla","isPartOf":{"@id":"https:\/\/agrupacionespsoe.es\/melilla\/#website"},"primaryImageOfPage":{"@id":"https:\/\/agrupacionespsoe.es\/melilla\/el-psoe-cuestiona-los-viajes-de-miguel-marin-y-su-impacto-para-melilla\/#primaryimage"},"image":{"@id":"https:\/\/agrupacionespsoe.es\/melilla\/el-psoe-cuestiona-los-viajes-de-miguel-marin-y-su-impacto-para-melilla\/#primaryimage"},"thumbnailUrl":"https:\/\/agrupacionespsoe.es\/melilla\/wp-content\/uploads\/sites\/120\/2025\/05\/2025-05-08-RRobles-scaled.jpg","datePublished":"2025-05-19T13:21:47+00:00","dateModified":"2025-05-19T13:21:48+00:00","breadcrumb":{"@id":"https:\/\/agrupacionespsoe.es\/melilla\/el-psoe-cuestiona-los-viajes-de-miguel-marin-y-su-impacto-para-melilla\/#breadcrumb"},"inLanguage":"es","potentialAction":[{"@type":"ReadAction","target":["https:\/\/agrupacionespsoe.es\/melilla\/el-psoe-cuestiona-los-viajes-de-miguel-marin-y-su-impacto-para-melilla\/"]}]},{"@type":"ImageObject","inLanguage":"es","@id":"https:\/\/agrupacionespsoe.es\/melilla\/el-psoe-cuestiona-los-viajes-de-miguel-marin-y-su-impacto-para-melilla\/#primaryimage","url":"https:\/\/agrupacionespsoe.es\/melilla\/wp-content\/uploads\/sites\/120\/2025\/05\/2025-05-08-RRobles-scaled.jpg","contentUrl":"https:\/\/agrupacionespsoe.es\/melilla\/wp-content\/uploads\/sites\/120\/2025\/05\/2025-05-08-RRobles-scaled.jpg","width":2560,"height":1707},{"@type":"BreadcrumbList","@id":"https:\/\/agrupacionespsoe.es\/melilla\/el-psoe-cuestiona-los-viajes-de-miguel-marin-y-su-impacto-para-melilla\/#breadcrumb","itemListElement":[{"@type":"ListItem","position":1,"name":"Portada","item":"https:\/\/agrupacionespsoe.es\/melilla\/"},{"@type":"ListItem","position":2,"name":"El PSOE cuestiona los viajes de Miguel Mar\u00edn y su impacto para Melilla"}]},{"@type":"WebSite","@id":"https:\/\/agrupacionespsoe.es\/melilla\/#website","url":"https:\/\/agrupacionespsoe.es\/melilla\/","name":"Agrupaci\u00f3n Socialista de Melilla","description":"Agrupaci\u00f3n Socialista de Melilla","publisher":{"@id":"https:\/\/agrupacionespsoe.es\/melilla\/#organization"},"potentialAction":[{"@type":"SearchAction","target":{"@type":"EntryPoint","urlTemplate":"https:\/\/agrupacionespsoe.es\/melilla\/?s={search_term_string}"},"query-input":{"@type":"PropertyValueSpecification","valueRequired":true,"valueName":"search_term_string"}}],"inLanguage":"es"},{"@type":"Organization","@id":"https:\/\/agrupacionespsoe.es\/melilla\/#organization","name":"Agrupaci\u00f3n Socialista de Melilla","url":"https:\/\/agrupacionespsoe.es\/melilla\/","logo":{"@type":"ImageObject","inLanguage":"es","@id":"https:\/\/agrupacionespsoe.es\/melilla\/#\/schema\/logo\/image\/","url":"https:\/\/agrupacionespsoe.es\/wp-content\/uploads\/2022\/07\/Logotipo_electoral_del_PSOE.png","contentUrl":"https:\/\/agrupacionespsoe.es\/wp-content\/uploads\/2022\/07\/Logotipo_electoral_del_PSOE.png","width":422,"height":422,"caption":"Agrupaci\u00f3n Socialista de Melilla"},"image":{"@id":"https:\/\/agrupacionespsoe.es\/melilla\/#\/schema\/logo\/image\/"}},{"@type":"Person","@id":"https:\/\/agrupacionespsoe.es\/melilla\/#\/schema\/person\/72bb3075a827d0ed0623682b96c92bd6","name":"melilla2","image":{"@type":"ImageObject","inLanguage":"es","@id":"https:\/\/agrupacionespsoe.es\/melilla\/#\/schema\/person\/image\/","url":"https:\/\/secure.gravatar.com\/avatar\/489a178e794e59f00db13a448aabca16?s=96&d=mm&r=g","contentUrl":"https:\/\/secure.gravatar.com\/avatar\/489a178e794e59f00db13a448aabca16?s=96&d=mm&r=g","caption":"melilla2"},"url":"https:\/\/agrupacionespsoe.es\/melilla\/author\/melilla2\/"}]}},"jetpack_featured_media_url":"https:\/\/agrupacionespsoe.es\/melilla\/wp-content\/uploads\/sites\/120\/2025\/05\/2025-05-08-RRobles-scaled.jpg","jetpack_sharing_enabled":true,"_links":{"self":[{"href":"https:\/\/agrupacionespsoe.es\/melilla\/wp-json\/wp\/v2\/posts\/1820","targetHints":{"allow":["GET"]}}],"collection":[{"href":"https:\/\/agrupacionespsoe.es\/melilla\/wp-json\/wp\/v2\/posts"}],"about":[{"href":"https:\/\/agrupacionespsoe.es\/melilla\/wp-json\/wp\/v2\/types\/post"}],"author":[{"embeddable":true,"href":"https:\/\/agrupacionespsoe.es\/melilla\/wp-json\/wp\/v2\/users\/187"}],"replies":[{"embeddable":true,"href":"https:\/\/agrupacionespsoe.es\/melilla\/wp-json\/wp\/v2\/comments?post=1820"}],"version-history":[{"count":1,"href":"https:\/\/agrupacionespsoe.es\/melilla\/wp-json\/wp\/v2\/posts\/1820\/revisions"}],"predecessor-version":[{"id":1821,"href":"https:\/\/agrupacionespsoe.es\/melilla\/wp-json\/wp\/v2\/posts\/1820\/revisions\/1821"}],"wp:featuredmedia":[{"embeddable":true,"href":"https:\/\/agrupacionespsoe.es\/melilla\/wp-json\/wp\/v2\/media\/1788"}],"wp:attachment":[{"href":"https:\/\/agrupacionespsoe.es\/melilla\/wp-json\/wp\/v2\/media?parent=1820"}],"wp:term":[{"taxonomy":"category","embeddable":true,"href":"https:\/\/agrupacionespsoe.es\/melilla\/wp-json\/wp\/v2\/categories?post=1820"},{"taxonomy":"post_tag","embeddable":true,"href":"https:\/\/agrupacionespsoe.es\/melilla\/wp-json\/wp\/v2\/tags?post=1820"}],"curies":[{"name":"wp","href":"https:\/\/api.w.org\/{rel}","templated":true}]}}