{"id":1792,"date":"2025-05-08T16:18:04","date_gmt":"2025-05-08T16:18:04","guid":{"rendered":"https:\/\/agrupacionespsoe.es\/melilla\/?p=1792"},"modified":"2025-05-08T16:18:05","modified_gmt":"2025-05-08T16:18:05","slug":"el-psoe-exige-al-gobierno-local-que-retire-sus-acusaciones-infundadas-sobre-el-suministro-de-agua","status":"publish","type":"post","link":"https:\/\/agrupacionespsoe.es\/melilla\/el-psoe-exige-al-gobierno-local-que-retire-sus-acusaciones-infundadas-sobre-el-suministro-de-agua\/","title":{"rendered":"El PSOE exige al Gobierno local que retire sus acusaciones \u201cinfundadas\u201d sobre el suministro de agua"},"content":{"rendered":"\n<p><strong>Robles: \u201cDesde que el PP tiene las competencias, hay m\u00e1s cortes que nunca y agua de peor calidad\u201d<\/strong><\/p>\n\n\n\n<p>El Portavoz del PSOE, Rafael Robles, ha exigido al Gobierno local que retire las graves acusaciones, \u201ccompletamente infundadas\u201d, sobre la supuesta \u201cestrategia pol\u00edtica\u201d entre la Delegaci\u00f3n del Gobierno, la Confederaci\u00f3n Hidrogr\u00e1fica del Guadalquivir (CHG) y el Partido Socialista de Melilla contra la Ciudad Aut\u00f3noma. \u201cLos \u00fanicos que est\u00e1n haciendo da\u00f1o a la ciudadan\u00eda son ustedes, se\u00f1ores y se\u00f1oras del Partido Popular, con su nefasta gesti\u00f3n\u201d, ha denunciado.<\/p>\n\n\n\n<p>\u201cEl se\u00f1or Ventura ve fantasmas donde no los hay. \u00bfTiene pruebas de sus declaraciones? Porque es una acusaci\u00f3n totalmente infundada\u201d, ha subrayado el portavoz del PSOE, exigiendo que retire \u201cde inmediato\u201d esas declaraciones \u201ccompletamente falsas\u201d. \u201cLos \u00fanicos que est\u00e1n saboteando a Melilla y a los melillenses son ustedes, con su gesti\u00f3n y su constante confrontaci\u00f3n pol\u00edtica. Preoc\u00fapense por la ciudadan\u00eda, y dejen de mentir y&nbsp; eludir sus responsabilidades\u201d.<\/p>\n\n\n\n<p>De este modo, Robles ha recriminado al Partido Popular que desde que el Gobierno local asumi\u00f3 las competencias de la planta desalinizadora se han producido en Melilla \u201cm\u00e1s cortes que nunca\u201d y la calidad del agua ha empeorado. \u201cTenemos muchas excusas&nbsp; del consejero de Medio Ambiente, \u00bfpero saben lo que no tenemos? Agua mineral saliendo de nuestros grifos las 24 horas de los 365 d\u00edas del a\u00f1o como prometieron en 2023\u201d, ha denunciado.<\/p>\n\n\n\n<p>En ese sentido, el socialista ha denunciado que hay barrios de la ciudad aut\u00f3noma en los que se producen parones constantes en el suministro de agua, algunos durante m\u00e1s de 20 horas. \u201cLa semana pasada, sin ir m\u00e1s lejos, hubo un corte de agua programado que, en algunas casas, se extendi\u00f3 m\u00e1s de 24 horas. Es inaceptable. En la misma semana, vecinos de la zona centro denunciaron tambi\u00e9n otro corte durante cinco horas\u201d, ha se\u00f1alado.&nbsp;<\/p>\n\n\n\n<p>Igualmente, Robles ha recordado que incluso en fechas tan significativas como h sido el mes de Ramad\u00e1n, ha habido muchos ciudadanos que han sufrido cortes de agua, algunos incluso en la misma semana. \u201cLas quejas ciudadanas llegan de todas partes. Y esto, se\u00f1ores y se\u00f1oras del PP, aunque no quieran asumir su responsabilidad, esto solo est\u00e1 pasando desde que asumieron las competencias del agua\u201d, ha denunciado.<\/p>\n\n\n\n<p>Por este motivo, el portavoz del PSOE ha instado al Gobierno de Imbroda a trabajar \u201cde una vez por todas\u201d por el bienestar de la ciudadan\u00eda en lugar de \u201cechar balones fuera y lanzar acusaciones falsas\u201d. \u201cDejen a un lado la confrontaci\u00f3n pol\u00edtica y asuman sus responsabilidades\u201d, ha concluido.<\/p>\n","protected":false},"excerpt":{"rendered":"<p>Robles: \u201cDesde que el PP tiene las competencias, hay m\u00e1s cortes que nunca y agua de peor calidad\u201d El Portavoz del PSOE, Rafael Robles, ha exigido al Gobierno local que retire las graves acusaciones, \u201ccompletamente infundadas\u201d, sobre la supuesta \u201cestrategia pol\u00edtica\u201d entre la Delegaci\u00f3n del Gobierno, la Confederaci\u00f3n Hidrogr\u00e1fica del Guadalquivir (CHG) y el Partido &#8230;<\/p>\n","protected":false},"author":187,"featured_media":1788,"comment_status":"open","ping_status":"open","sticky":false,"template":"","format":"standard","meta":{"_jetpack_memberships_contains_paid_content":false,"footnotes":""},"categories":[1],"tags":[],"class_list":["post-1792","post","type-post","status-publish","format-standard","has-post-thumbnail","hentry","category-sin-categoria"],"yoast_head":"<!-- This site is optimized with the Yoast SEO plugin v24.0 - https:\/\/yoast.com\/wordpress\/plugins\/seo\/ -->\n<title>El PSOE exige al Gobierno local que retire sus acusaciones \u201cinfundadas\u201d sobre el suministro de agua - Agrupaci\u00f3n Socialista de Melilla<\/title>\n<meta name=\"robots\" content=\"index, follow, max-snippet:-1, max-image-preview:large, max-video-preview:-1\" \/>\n<link rel=\"canonical\" href=\"https:\/\/agrupacionespsoe.es\/melilla\/el-psoe-exige-al-gobierno-local-que-retire-sus-acusaciones-infundadas-sobre-el-suministro-de-agua\/\" \/>\n<meta property=\"og:locale\" content=\"es_ES\" \/>\n<meta property=\"og:type\" content=\"article\" \/>\n<meta property=\"og:title\" content=\"El PSOE exige al Gobierno local que retire sus acusaciones \u201cinfundadas\u201d sobre el suministro de agua - Agrupaci\u00f3n Socialista de Melilla\" \/>\n<meta property=\"og:description\" content=\"Robles: \u201cDesde que el PP tiene las competencias, hay m\u00e1s cortes que nunca y agua de peor calidad\u201d El Portavoz del PSOE, Rafael Robles, ha exigido al Gobierno local que retire las graves acusaciones, \u201ccompletamente infundadas\u201d, sobre la supuesta \u201cestrategia pol\u00edtica\u201d entre la Delegaci\u00f3n del Gobierno, la Confederaci\u00f3n Hidrogr\u00e1fica del Guadalquivir (CHG) y el Partido ...\" \/>\n<meta property=\"og:url\" content=\"https:\/\/agrupacionespsoe.es\/melilla\/el-psoe-exige-al-gobierno-local-que-retire-sus-acusaciones-infundadas-sobre-el-suministro-de-agua\/\" \/>\n<meta property=\"og:site_name\" content=\"Agrupaci\u00f3n Socialista de Melilla\" \/>\n<meta property=\"article:published_time\" content=\"2025-05-08T16:18:04+00:00\" \/>\n<meta property=\"article:modified_time\" content=\"2025-05-08T16:18:05+00:00\" \/>\n<meta property=\"og:image\" content=\"https:\/\/agrupacionespsoe.es\/melilla\/wp-content\/uploads\/sites\/120\/2025\/05\/2025-05-08-RRobles-scaled.jpg\" \/>\n\t<meta property=\"og:image:width\" content=\"2560\" \/>\n\t<meta property=\"og:image:height\" content=\"1707\" \/>\n\t<meta property=\"og:image:type\" content=\"image\/jpeg\" \/>\n<meta name=\"author\" content=\"melilla2\" \/>\n<meta name=\"twitter:card\" content=\"summary_large_image\" \/>\n<meta name=\"twitter:label1\" content=\"Escrito por\" \/>\n\t<meta name=\"twitter:data1\" content=\"melilla2\" \/>\n\t<meta name=\"twitter:label2\" content=\"Tiempo de lectura\" \/>\n\t<meta name=\"twitter:data2\" content=\"3 minutos\" \/>\n<script type=\"application\/ld+json\" class=\"yoast-schema-graph\">{\"@context\":\"https:\/\/schema.org\",\"@graph\":[{\"@type\":\"Article\",\"@id\":\"https:\/\/agrupacionespsoe.es\/melilla\/el-psoe-exige-al-gobierno-local-que-retire-sus-acusaciones-infundadas-sobre-el-suministro-de-agua\/#article\",\"isPartOf\":{\"@id\":\"https:\/\/agrupacionespsoe.es\/melilla\/el-psoe-exige-al-gobierno-local-que-retire-sus-acusaciones-infundadas-sobre-el-suministro-de-agua\/\"},\"author\":{\"name\":\"melilla2\",\"@id\":\"https:\/\/agrupacionespsoe.es\/melilla\/#\/schema\/person\/72bb3075a827d0ed0623682b96c92bd6\"},\"headline\":\"El PSOE exige al Gobierno local que retire sus acusaciones \u201cinfundadas\u201d sobre el suministro de agua\",\"datePublished\":\"2025-05-08T16:18:04+00:00\",\"dateModified\":\"2025-05-08T16:18:05+00:00\",\"mainEntityOfPage\":{\"@id\":\"https:\/\/agrupacionespsoe.es\/melilla\/el-psoe-exige-al-gobierno-local-que-retire-sus-acusaciones-infundadas-sobre-el-suministro-de-agua\/\"},\"wordCount\":465,\"commentCount\":0,\"publisher\":{\"@id\":\"https:\/\/agrupacionespsoe.es\/melilla\/#organization\"},\"image\":{\"@id\":\"https:\/\/agrupacionespsoe.es\/melilla\/el-psoe-exige-al-gobierno-local-que-retire-sus-acusaciones-infundadas-sobre-el-suministro-de-agua\/#primaryimage\"},\"thumbnailUrl\":\"https:\/\/agrupacionespsoe.es\/melilla\/wp-content\/uploads\/sites\/120\/2025\/05\/2025-05-08-RRobles-scaled.jpg\",\"inLanguage\":\"es\",\"potentialAction\":[{\"@type\":\"CommentAction\",\"name\":\"Comment\",\"target\":[\"https:\/\/agrupacionespsoe.es\/melilla\/el-psoe-exige-al-gobierno-local-que-retire-sus-acusaciones-infundadas-sobre-el-suministro-de-agua\/#respond\"]}]},{\"@type\":\"WebPage\",\"@id\":\"https:\/\/agrupacionespsoe.es\/melilla\/el-psoe-exige-al-gobierno-local-que-retire-sus-acusaciones-infundadas-sobre-el-suministro-de-agua\/\",\"url\":\"https:\/\/agrupacionespsoe.es\/melilla\/el-psoe-exige-al-gobierno-local-que-retire-sus-acusaciones-infundadas-sobre-el-suministro-de-agua\/\",\"name\":\"El PSOE exige al Gobierno local que retire sus acusaciones \u201cinfundadas\u201d sobre el suministro de agua - Agrupaci\u00f3n Socialista de Melilla\",\"isPartOf\":{\"@id\":\"https:\/\/agrupacionespsoe.es\/melilla\/#website\"},\"primaryImageOfPage\":{\"@id\":\"https:\/\/agrupacionespsoe.es\/melilla\/el-psoe-exige-al-gobierno-local-que-retire-sus-acusaciones-infundadas-sobre-el-suministro-de-agua\/#primaryimage\"},\"image\":{\"@id\":\"https:\/\/agrupacionespsoe.es\/melilla\/el-psoe-exige-al-gobierno-local-que-retire-sus-acusaciones-infundadas-sobre-el-suministro-de-agua\/#primaryimage\"},\"thumbnailUrl\":\"https:\/\/agrupacionespsoe.es\/melilla\/wp-content\/uploads\/sites\/120\/2025\/05\/2025-05-08-RRobles-scaled.jpg\",\"datePublished\":\"2025-05-08T16:18:04+00:00\",\"dateModified\":\"2025-05-08T16:18:05+00:00\",\"breadcrumb\":{\"@id\":\"https:\/\/agrupacionespsoe.es\/melilla\/el-psoe-exige-al-gobierno-local-que-retire-sus-acusaciones-infundadas-sobre-el-suministro-de-agua\/#breadcrumb\"},\"inLanguage\":\"es\",\"potentialAction\":[{\"@type\":\"ReadAction\",\"target\":[\"https:\/\/agrupacionespsoe.es\/melilla\/el-psoe-exige-al-gobierno-local-que-retire-sus-acusaciones-infundadas-sobre-el-suministro-de-agua\/\"]}]},{\"@type\":\"ImageObject\",\"inLanguage\":\"es\",\"@id\":\"https:\/\/agrupacionespsoe.es\/melilla\/el-psoe-exige-al-gobierno-local-que-retire-sus-acusaciones-infundadas-sobre-el-suministro-de-agua\/#primaryimage\",\"url\":\"https:\/\/agrupacionespsoe.es\/melilla\/wp-content\/uploads\/sites\/120\/2025\/05\/2025-05-08-RRobles-scaled.jpg\",\"contentUrl\":\"https:\/\/agrupacionespsoe.es\/melilla\/wp-content\/uploads\/sites\/120\/2025\/05\/2025-05-08-RRobles-scaled.jpg\",\"width\":2560,\"height\":1707},{\"@type\":\"BreadcrumbList\",\"@id\":\"https:\/\/agrupacionespsoe.es\/melilla\/el-psoe-exige-al-gobierno-local-que-retire-sus-acusaciones-infundadas-sobre-el-suministro-de-agua\/#breadcrumb\",\"itemListElement\":[{\"@type\":\"ListItem\",\"position\":1,\"name\":\"Portada\",\"item\":\"https:\/\/agrupacionespsoe.es\/melilla\/\"},{\"@type\":\"ListItem\",\"position\":2,\"name\":\"El PSOE exige al Gobierno local que retire sus acusaciones \u201cinfundadas\u201d sobre el suministro de agua\"}]},{\"@type\":\"WebSite\",\"@id\":\"https:\/\/agrupacionespsoe.es\/melilla\/#website\",\"url\":\"https:\/\/agrupacionespsoe.es\/melilla\/\",\"name\":\"Agrupaci\u00f3n Socialista de Melilla\",\"description\":\"Agrupaci\u00f3n Socialista de Melilla\",\"publisher\":{\"@id\":\"https:\/\/agrupacionespsoe.es\/melilla\/#organization\"},\"potentialAction\":[{\"@type\":\"SearchAction\",\"target\":{\"@type\":\"EntryPoint\",\"urlTemplate\":\"https:\/\/agrupacionespsoe.es\/melilla\/?s={search_term_string}\"},\"query-input\":{\"@type\":\"PropertyValueSpecification\",\"valueRequired\":true,\"valueName\":\"search_term_string\"}}],\"inLanguage\":\"es\"},{\"@type\":\"Organization\",\"@id\":\"https:\/\/agrupacionespsoe.es\/melilla\/#organization\",\"name\":\"Agrupaci\u00f3n Socialista de Melilla\",\"url\":\"https:\/\/agrupacionespsoe.es\/melilla\/\",\"logo\":{\"@type\":\"ImageObject\",\"inLanguage\":\"es\",\"@id\":\"https:\/\/agrupacionespsoe.es\/melilla\/#\/schema\/logo\/image\/\",\"url\":\"https:\/\/agrupacionespsoe.es\/wp-content\/uploads\/2022\/07\/Logotipo_electoral_del_PSOE.png\",\"contentUrl\":\"https:\/\/agrupacionespsoe.es\/wp-content\/uploads\/2022\/07\/Logotipo_electoral_del_PSOE.png\",\"width\":422,\"height\":422,\"caption\":\"Agrupaci\u00f3n Socialista de Melilla\"},\"image\":{\"@id\":\"https:\/\/agrupacionespsoe.es\/melilla\/#\/schema\/logo\/image\/\"}},{\"@type\":\"Person\",\"@id\":\"https:\/\/agrupacionespsoe.es\/melilla\/#\/schema\/person\/72bb3075a827d0ed0623682b96c92bd6\",\"name\":\"melilla2\",\"image\":{\"@type\":\"ImageObject\",\"inLanguage\":\"es\",\"@id\":\"https:\/\/agrupacionespsoe.es\/melilla\/#\/schema\/person\/image\/\",\"url\":\"https:\/\/secure.gravatar.com\/avatar\/489a178e794e59f00db13a448aabca16?s=96&d=mm&r=g\",\"contentUrl\":\"https:\/\/secure.gravatar.com\/avatar\/489a178e794e59f00db13a448aabca16?s=96&d=mm&r=g\",\"caption\":\"melilla2\"},\"url\":\"https:\/\/agrupacionespsoe.es\/melilla\/author\/melilla2\/\"}]}<\/script>\n<!-- \/ Yoast SEO plugin. -->","yoast_head_json":{"title":"El PSOE exige al Gobierno local que retire sus acusaciones \u201cinfundadas\u201d sobre el suministro de agua - Agrupaci\u00f3n Socialista de Melilla","robots":{"index":"index","follow":"follow","max-snippet":"max-snippet:-1","max-image-preview":"max-image-preview:large","max-video-preview":"max-video-preview:-1"},"canonical":"https:\/\/agrupacionespsoe.es\/melilla\/el-psoe-exige-al-gobierno-local-que-retire-sus-acusaciones-infundadas-sobre-el-suministro-de-agua\/","og_locale":"es_ES","og_type":"article","og_title":"El PSOE exige al Gobierno local que retire sus acusaciones \u201cinfundadas\u201d sobre el suministro de agua - Agrupaci\u00f3n Socialista de Melilla","og_description":"Robles: \u201cDesde que el PP tiene las competencias, hay m\u00e1s cortes que nunca y agua de peor calidad\u201d El Portavoz del PSOE, Rafael Robles, ha exigido al Gobierno local que retire las graves acusaciones, \u201ccompletamente infundadas\u201d, sobre la supuesta \u201cestrategia pol\u00edtica\u201d entre la Delegaci\u00f3n del Gobierno, la Confederaci\u00f3n Hidrogr\u00e1fica del Guadalquivir (CHG) y el Partido ...","og_url":"https:\/\/agrupacionespsoe.es\/melilla\/el-psoe-exige-al-gobierno-local-que-retire-sus-acusaciones-infundadas-sobre-el-suministro-de-agua\/","og_site_name":"Agrupaci\u00f3n Socialista de Melilla","article_published_time":"2025-05-08T16:18:04+00:00","article_modified_time":"2025-05-08T16:18:05+00:00","og_image":[{"width":2560,"height":1707,"url":"https:\/\/agrupacionespsoe.es\/melilla\/wp-content\/uploads\/sites\/120\/2025\/05\/2025-05-08-RRobles-scaled.jpg","type":"image\/jpeg"}],"author":"melilla2","twitter_card":"summary_large_image","twitter_misc":{"Escrito por":"melilla2","Tiempo de lectura":"3 minutos"},"schema":{"@context":"https:\/\/schema.org","@graph":[{"@type":"Article","@id":"https:\/\/agrupacionespsoe.es\/melilla\/el-psoe-exige-al-gobierno-local-que-retire-sus-acusaciones-infundadas-sobre-el-suministro-de-agua\/#article","isPartOf":{"@id":"https:\/\/agrupacionespsoe.es\/melilla\/el-psoe-exige-al-gobierno-local-que-retire-sus-acusaciones-infundadas-sobre-el-suministro-de-agua\/"},"author":{"name":"melilla2","@id":"https:\/\/agrupacionespsoe.es\/melilla\/#\/schema\/person\/72bb3075a827d0ed0623682b96c92bd6"},"headline":"El PSOE exige al Gobierno local que retire sus acusaciones \u201cinfundadas\u201d sobre el suministro de agua","datePublished":"2025-05-08T16:18:04+00:00","dateModified":"2025-05-08T16:18:05+00:00","mainEntityOfPage":{"@id":"https:\/\/agrupacionespsoe.es\/melilla\/el-psoe-exige-al-gobierno-local-que-retire-sus-acusaciones-infundadas-sobre-el-suministro-de-agua\/"},"wordCount":465,"commentCount":0,"publisher":{"@id":"https:\/\/agrupacionespsoe.es\/melilla\/#organization"},"image":{"@id":"https:\/\/agrupacionespsoe.es\/melilla\/el-psoe-exige-al-gobierno-local-que-retire-sus-acusaciones-infundadas-sobre-el-suministro-de-agua\/#primaryimage"},"thumbnailUrl":"https:\/\/agrupacionespsoe.es\/melilla\/wp-content\/uploads\/sites\/120\/2025\/05\/2025-05-08-RRobles-scaled.jpg","inLanguage":"es","potentialAction":[{"@type":"CommentAction","name":"Comment","target":["https:\/\/agrupacionespsoe.es\/melilla\/el-psoe-exige-al-gobierno-local-que-retire-sus-acusaciones-infundadas-sobre-el-suministro-de-agua\/#respond"]}]},{"@type":"WebPage","@id":"https:\/\/agrupacionespsoe.es\/melilla\/el-psoe-exige-al-gobierno-local-que-retire-sus-acusaciones-infundadas-sobre-el-suministro-de-agua\/","url":"https:\/\/agrupacionespsoe.es\/melilla\/el-psoe-exige-al-gobierno-local-que-retire-sus-acusaciones-infundadas-sobre-el-suministro-de-agua\/","name":"El PSOE exige al Gobierno local que retire sus acusaciones \u201cinfundadas\u201d sobre el suministro de agua - Agrupaci\u00f3n Socialista de Melilla","isPartOf":{"@id":"https:\/\/agrupacionespsoe.es\/melilla\/#website"},"primaryImageOfPage":{"@id":"https:\/\/agrupacionespsoe.es\/melilla\/el-psoe-exige-al-gobierno-local-que-retire-sus-acusaciones-infundadas-sobre-el-suministro-de-agua\/#primaryimage"},"image":{"@id":"https:\/\/agrupacionespsoe.es\/melilla\/el-psoe-exige-al-gobierno-local-que-retire-sus-acusaciones-infundadas-sobre-el-suministro-de-agua\/#primaryimage"},"thumbnailUrl":"https:\/\/agrupacionespsoe.es\/melilla\/wp-content\/uploads\/sites\/120\/2025\/05\/2025-05-08-RRobles-scaled.jpg","datePublished":"2025-05-08T16:18:04+00:00","dateModified":"2025-05-08T16:18:05+00:00","breadcrumb":{"@id":"https:\/\/agrupacionespsoe.es\/melilla\/el-psoe-exige-al-gobierno-local-que-retire-sus-acusaciones-infundadas-sobre-el-suministro-de-agua\/#breadcrumb"},"inLanguage":"es","potentialAction":[{"@type":"ReadAction","target":["https:\/\/agrupacionespsoe.es\/melilla\/el-psoe-exige-al-gobierno-local-que-retire-sus-acusaciones-infundadas-sobre-el-suministro-de-agua\/"]}]},{"@type":"ImageObject","inLanguage":"es","@id":"https:\/\/agrupacionespsoe.es\/melilla\/el-psoe-exige-al-gobierno-local-que-retire-sus-acusaciones-infundadas-sobre-el-suministro-de-agua\/#primaryimage","url":"https:\/\/agrupacionespsoe.es\/melilla\/wp-content\/uploads\/sites\/120\/2025\/05\/2025-05-08-RRobles-scaled.jpg","contentUrl":"https:\/\/agrupacionespsoe.es\/melilla\/wp-content\/uploads\/sites\/120\/2025\/05\/2025-05-08-RRobles-scaled.jpg","width":2560,"height":1707},{"@type":"BreadcrumbList","@id":"https:\/\/agrupacionespsoe.es\/melilla\/el-psoe-exige-al-gobierno-local-que-retire-sus-acusaciones-infundadas-sobre-el-suministro-de-agua\/#breadcrumb","itemListElement":[{"@type":"ListItem","position":1,"name":"Portada","item":"https:\/\/agrupacionespsoe.es\/melilla\/"},{"@type":"ListItem","position":2,"name":"El PSOE exige al Gobierno local que retire sus acusaciones \u201cinfundadas\u201d sobre el suministro de agua"}]},{"@type":"WebSite","@id":"https:\/\/agrupacionespsoe.es\/melilla\/#website","url":"https:\/\/agrupacionespsoe.es\/melilla\/","name":"Agrupaci\u00f3n Socialista de Melilla","description":"Agrupaci\u00f3n Socialista de Melilla","publisher":{"@id":"https:\/\/agrupacionespsoe.es\/melilla\/#organization"},"potentialAction":[{"@type":"SearchAction","target":{"@type":"EntryPoint","urlTemplate":"https:\/\/agrupacionespsoe.es\/melilla\/?s={search_term_string}"},"query-input":{"@type":"PropertyValueSpecification","valueRequired":true,"valueName":"search_term_string"}}],"inLanguage":"es"},{"@type":"Organization","@id":"https:\/\/agrupacionespsoe.es\/melilla\/#organization","name":"Agrupaci\u00f3n Socialista de Melilla","url":"https:\/\/agrupacionespsoe.es\/melilla\/","logo":{"@type":"ImageObject","inLanguage":"es","@id":"https:\/\/agrupacionespsoe.es\/melilla\/#\/schema\/logo\/image\/","url":"https:\/\/agrupacionespsoe.es\/wp-content\/uploads\/2022\/07\/Logotipo_electoral_del_PSOE.png","contentUrl":"https:\/\/agrupacionespsoe.es\/wp-content\/uploads\/2022\/07\/Logotipo_electoral_del_PSOE.png","width":422,"height":422,"caption":"Agrupaci\u00f3n Socialista de Melilla"},"image":{"@id":"https:\/\/agrupacionespsoe.es\/melilla\/#\/schema\/logo\/image\/"}},{"@type":"Person","@id":"https:\/\/agrupacionespsoe.es\/melilla\/#\/schema\/person\/72bb3075a827d0ed0623682b96c92bd6","name":"melilla2","image":{"@type":"ImageObject","inLanguage":"es","@id":"https:\/\/agrupacionespsoe.es\/melilla\/#\/schema\/person\/image\/","url":"https:\/\/secure.gravatar.com\/avatar\/489a178e794e59f00db13a448aabca16?s=96&d=mm&r=g","contentUrl":"https:\/\/secure.gravatar.com\/avatar\/489a178e794e59f00db13a448aabca16?s=96&d=mm&r=g","caption":"melilla2"},"url":"https:\/\/agrupacionespsoe.es\/melilla\/author\/melilla2\/"}]}},"jetpack_featured_media_url":"https:\/\/agrupacionespsoe.es\/melilla\/wp-content\/uploads\/sites\/120\/2025\/05\/2025-05-08-RRobles-scaled.jpg","jetpack_sharing_enabled":true,"_links":{"self":[{"href":"https:\/\/agrupacionespsoe.es\/melilla\/wp-json\/wp\/v2\/posts\/1792","targetHints":{"allow":["GET"]}}],"collection":[{"href":"https:\/\/agrupacionespsoe.es\/melilla\/wp-json\/wp\/v2\/posts"}],"about":[{"href":"https:\/\/agrupacionespsoe.es\/melilla\/wp-json\/wp\/v2\/types\/post"}],"author":[{"embeddable":true,"href":"https:\/\/agrupacionespsoe.es\/melilla\/wp-json\/wp\/v2\/users\/187"}],"replies":[{"embeddable":true,"href":"https:\/\/agrupacionespsoe.es\/melilla\/wp-json\/wp\/v2\/comments?post=1792"}],"version-history":[{"count":1,"href":"https:\/\/agrupacionespsoe.es\/melilla\/wp-json\/wp\/v2\/posts\/1792\/revisions"}],"predecessor-version":[{"id":1793,"href":"https:\/\/agrupacionespsoe.es\/melilla\/wp-json\/wp\/v2\/posts\/1792\/revisions\/1793"}],"wp:featuredmedia":[{"embeddable":true,"href":"https:\/\/agrupacionespsoe.es\/melilla\/wp-json\/wp\/v2\/media\/1788"}],"wp:attachment":[{"href":"https:\/\/agrupacionespsoe.es\/melilla\/wp-json\/wp\/v2\/media?parent=1792"}],"wp:term":[{"taxonomy":"category","embeddable":true,"href":"https:\/\/agrupacionespsoe.es\/melilla\/wp-json\/wp\/v2\/categories?post=1792"},{"taxonomy":"post_tag","embeddable":true,"href":"https:\/\/agrupacionespsoe.es\/melilla\/wp-json\/wp\/v2\/tags?post=1792"}],"curies":[{"name":"wp","href":"https:\/\/api.w.org\/{rel}","templated":true}]}}