{"id":1769,"date":"2025-05-05T11:21:22","date_gmt":"2025-05-05T11:21:22","guid":{"rendered":"https:\/\/agrupacionespsoe.es\/melilla\/?p=1769"},"modified":"2025-05-05T11:21:23","modified_gmt":"2025-05-05T11:21:23","slug":"el-psoe-denuncia-el-abandono-de-los-barrios-y-la-opacidad-en-la-contratacion-de-agentes-medioambientales","status":"publish","type":"post","link":"https:\/\/agrupacionespsoe.es\/melilla\/el-psoe-denuncia-el-abandono-de-los-barrios-y-la-opacidad-en-la-contratacion-de-agentes-medioambientales\/","title":{"rendered":"El PSOE denuncia el abandono de los barrios y la opacidad en la contrataci\u00f3n de agentes medioambientales"},"content":{"rendered":"\n<p><strong>Exige al PP que deje de \u201cechar balones fuera\u201d y se ponga a trabajar en las demandas de la ciudadan\u00eda<\/strong><strong><\/strong><\/p>\n\n\n\n<p>El portavoz del Grupo Municipal Socialista, Rafael Robles, ha criticado la falta de respuesta del Gobierno de Imbroda en el pleno celebrado esta ma\u00f1ana en la Asamblea de Melilla, en el que el Partido Popular \u201cse ha dedicado a echar balones fuera\u201d en las preguntas que han realizado los socialistas.<\/p>\n\n\n\n<p>En primer lugar, Robles ha destacado que el Ejecutivo local ni siquiera ha ofrecido una respuesta a la primera de las preguntas del PSOE, relacionada con las viviendas del Cuartel de Santiago, alegando la ausencia del consejero competente.<\/p>\n\n\n\n<p>\u201cSin embargo, hemos visto como el presidente Imbroda s\u00ed respondi\u00f3 a Coalici\u00f3n por Melilla con cuestiones de vivienda, sacando a relucir un listado de actuaciones que, seg\u00fan ellos, realiz\u00f3 el Gobierno del Partido Popular en la ciudad\u201d, ha subrayado.<\/p>\n\n\n\n<p>\u201cPresumen de ser un gobierno unido y transversal, que puede dar explicaciones sobre cualquier asunto\u201d, ha continuado Robles. \u201cPero esa imagen se desvanece cuando se niegan a responder y deciden posponer las respuestas por escrito\u201d.<\/p>\n\n\n\n<p><strong>Demandas vecinales sin respuesta<\/strong><\/p>\n\n\n\n<p>En ese sentido, el PSOE ha puesto de relieve que, otra de las cuestiones en las que el Gobierno de Imbroda ha vuelto a echar balones fuera, es en el estado en el que se encuentran varias zonas de la ciudad.<\/p>\n\n\n\n<p>\u201cLa realidad es que los barrios, m\u00e1s all\u00e1 del centro, est\u00e1n en un estado absoluto de abandono. No solo en t\u00e9rminos de limpieza, sino tambi\u00e9n por los continuos cortes de agua. Y una vez m\u00e1s, el PP vuelve a eludir responsabilidades\u201d, ha a\u00f1adido el socialista.<\/p>\n\n\n\n<p>De esta manera, Robles ha recordado que el PSOE mantiene reuniones constantes con los ciudadanos, quienes les trasladan demandas que ya han sido registradas oficialmente ante la Administraci\u00f3n local y no han recibido contestaci\u00f3n.<\/p>\n\n\n\n<p>\u201cNosotros somos altavoces de lo que los vecinos est\u00e1n demandando. Se\u00f1ores y se\u00f1oras del PP, dejen de echar balones fuera y p\u00f3nganse a trabajar. Escuchen lo que les estamos planteando en los plenos, que es lo que la ciudadan\u00eda les est\u00e1 exigiendo\u201d, ha reclamado.<\/p>\n\n\n\n<p><strong>Falta de transparencia<\/strong><\/p>\n\n\n\n<p>En relaci\u00f3n con la contrataci\u00f3n de agentes medioambientales, Robles ha mostrado su preocupaci\u00f3n por el procedimiento que se est\u00e1 preparando desde el Ejecutivo local. \u201cTenemos serias sospechas de que los pliegos t\u00e9cnicos no valorar\u00e1n ninguna titulaci\u00f3n salvo tres figuras espec\u00edficas, mientras que el resto de los 91 puestos ser\u00e1n cubiertos con personas que recibir\u00e1n apenas un curso de 80 horas despu\u00e9s de haber sido contratadas\u201d, ha denunciado.<\/p>\n\n\n\n<p>El Portavoz del Grupo Socialista ha advertido que este sistema elimina cualquier garant\u00eda de igualdad de oportunidades y transparencia, y ha recordado que en Melilla ya existen cuatro promociones del Grado Superior de Agente Medioambiental, con un centenar de personas capacitadas para ejercer estas funciones.<\/p>\n\n\n\n<p>\u201cLo que pretende el PP con esta contrataci\u00f3n es \u00fanicamente calmar el descontento juvenil en los barrios tras las promesas incumplidas de la campa\u00f1a electoral\u201d, ha explicado.<\/p>\n\n\n\n<p>&nbsp;Con esta f\u00f3rmula, ha afirmado, el Gobierno de Imbroda est\u00e1 enviando un mensaje nefasto a los j\u00f3venes de la ciudad, dando a entender que \u201cformarse no sirve de nada porque los criterios de contrataci\u00f3n son arbitrarios\u201d y no tienen en cuenta la cualificaci\u00f3n.<\/p>\n","protected":false},"excerpt":{"rendered":"<p>Exige al PP que deje de \u201cechar balones fuera\u201d y se ponga a trabajar en las demandas de la ciudadan\u00eda El portavoz del Grupo Municipal Socialista, Rafael Robles, ha criticado la falta de respuesta del Gobierno de Imbroda en el pleno celebrado esta ma\u00f1ana en la Asamblea de Melilla, en el que el Partido Popular &#8230;<\/p>\n","protected":false},"author":187,"featured_media":1770,"comment_status":"open","ping_status":"open","sticky":false,"template":"","format":"standard","meta":{"_jetpack_memberships_contains_paid_content":false,"footnotes":""},"categories":[1],"tags":[],"class_list":["post-1769","post","type-post","status-publish","format-standard","has-post-thumbnail","hentry","category-sin-categoria"],"yoast_head":"<!-- This site is optimized with the Yoast SEO plugin v24.0 - https:\/\/yoast.com\/wordpress\/plugins\/seo\/ -->\n<title>El PSOE denuncia el abandono de los barrios y la opacidad en la contrataci\u00f3n de agentes medioambientales - Agrupaci\u00f3n Socialista de Melilla<\/title>\n<meta name=\"robots\" content=\"index, follow, max-snippet:-1, max-image-preview:large, max-video-preview:-1\" \/>\n<link rel=\"canonical\" href=\"https:\/\/agrupacionespsoe.es\/melilla\/el-psoe-denuncia-el-abandono-de-los-barrios-y-la-opacidad-en-la-contratacion-de-agentes-medioambientales\/\" \/>\n<meta property=\"og:locale\" content=\"es_ES\" \/>\n<meta property=\"og:type\" content=\"article\" \/>\n<meta property=\"og:title\" content=\"El PSOE denuncia el abandono de los barrios y la opacidad en la contrataci\u00f3n de agentes medioambientales - Agrupaci\u00f3n Socialista de Melilla\" \/>\n<meta property=\"og:description\" content=\"Exige al PP que deje de \u201cechar balones fuera\u201d y se ponga a trabajar en las demandas de la ciudadan\u00eda El portavoz del Grupo Municipal Socialista, Rafael Robles, ha criticado la falta de respuesta del Gobierno de Imbroda en el pleno celebrado esta ma\u00f1ana en la Asamblea de Melilla, en el que el Partido Popular ...\" \/>\n<meta property=\"og:url\" content=\"https:\/\/agrupacionespsoe.es\/melilla\/el-psoe-denuncia-el-abandono-de-los-barrios-y-la-opacidad-en-la-contratacion-de-agentes-medioambientales\/\" \/>\n<meta property=\"og:site_name\" content=\"Agrupaci\u00f3n Socialista de Melilla\" \/>\n<meta property=\"article:published_time\" content=\"2025-05-05T11:21:22+00:00\" \/>\n<meta property=\"article:modified_time\" content=\"2025-05-05T11:21:23+00:00\" \/>\n<meta property=\"og:image\" content=\"https:\/\/agrupacionespsoe.es\/melilla\/wp-content\/uploads\/sites\/120\/2025\/05\/WhatsApp-Image-2025-05-05-at-13.20.10.jpeg\" \/>\n\t<meta property=\"og:image:width\" content=\"1436\" \/>\n\t<meta property=\"og:image:height\" content=\"900\" \/>\n\t<meta property=\"og:image:type\" content=\"image\/jpeg\" \/>\n<meta name=\"author\" content=\"melilla2\" \/>\n<meta name=\"twitter:card\" content=\"summary_large_image\" \/>\n<meta name=\"twitter:label1\" content=\"Escrito por\" \/>\n\t<meta name=\"twitter:data1\" content=\"melilla2\" \/>\n\t<meta name=\"twitter:label2\" content=\"Tiempo de lectura\" \/>\n\t<meta name=\"twitter:data2\" content=\"3 minutos\" \/>\n<script type=\"application\/ld+json\" class=\"yoast-schema-graph\">{\"@context\":\"https:\/\/schema.org\",\"@graph\":[{\"@type\":\"Article\",\"@id\":\"https:\/\/agrupacionespsoe.es\/melilla\/el-psoe-denuncia-el-abandono-de-los-barrios-y-la-opacidad-en-la-contratacion-de-agentes-medioambientales\/#article\",\"isPartOf\":{\"@id\":\"https:\/\/agrupacionespsoe.es\/melilla\/el-psoe-denuncia-el-abandono-de-los-barrios-y-la-opacidad-en-la-contratacion-de-agentes-medioambientales\/\"},\"author\":{\"name\":\"melilla2\",\"@id\":\"https:\/\/agrupacionespsoe.es\/melilla\/#\/schema\/person\/72bb3075a827d0ed0623682b96c92bd6\"},\"headline\":\"El PSOE denuncia el abandono de los barrios y la opacidad en la contrataci\u00f3n de agentes medioambientales\",\"datePublished\":\"2025-05-05T11:21:22+00:00\",\"dateModified\":\"2025-05-05T11:21:23+00:00\",\"mainEntityOfPage\":{\"@id\":\"https:\/\/agrupacionespsoe.es\/melilla\/el-psoe-denuncia-el-abandono-de-los-barrios-y-la-opacidad-en-la-contratacion-de-agentes-medioambientales\/\"},\"wordCount\":586,\"commentCount\":0,\"publisher\":{\"@id\":\"https:\/\/agrupacionespsoe.es\/melilla\/#organization\"},\"image\":{\"@id\":\"https:\/\/agrupacionespsoe.es\/melilla\/el-psoe-denuncia-el-abandono-de-los-barrios-y-la-opacidad-en-la-contratacion-de-agentes-medioambientales\/#primaryimage\"},\"thumbnailUrl\":\"https:\/\/agrupacionespsoe.es\/melilla\/wp-content\/uploads\/sites\/120\/2025\/05\/WhatsApp-Image-2025-05-05-at-13.20.10.jpeg\",\"inLanguage\":\"es\",\"potentialAction\":[{\"@type\":\"CommentAction\",\"name\":\"Comment\",\"target\":[\"https:\/\/agrupacionespsoe.es\/melilla\/el-psoe-denuncia-el-abandono-de-los-barrios-y-la-opacidad-en-la-contratacion-de-agentes-medioambientales\/#respond\"]}]},{\"@type\":\"WebPage\",\"@id\":\"https:\/\/agrupacionespsoe.es\/melilla\/el-psoe-denuncia-el-abandono-de-los-barrios-y-la-opacidad-en-la-contratacion-de-agentes-medioambientales\/\",\"url\":\"https:\/\/agrupacionespsoe.es\/melilla\/el-psoe-denuncia-el-abandono-de-los-barrios-y-la-opacidad-en-la-contratacion-de-agentes-medioambientales\/\",\"name\":\"El PSOE denuncia el abandono de los barrios y la opacidad en la contrataci\u00f3n de agentes medioambientales - Agrupaci\u00f3n Socialista de Melilla\",\"isPartOf\":{\"@id\":\"https:\/\/agrupacionespsoe.es\/melilla\/#website\"},\"primaryImageOfPage\":{\"@id\":\"https:\/\/agrupacionespsoe.es\/melilla\/el-psoe-denuncia-el-abandono-de-los-barrios-y-la-opacidad-en-la-contratacion-de-agentes-medioambientales\/#primaryimage\"},\"image\":{\"@id\":\"https:\/\/agrupacionespsoe.es\/melilla\/el-psoe-denuncia-el-abandono-de-los-barrios-y-la-opacidad-en-la-contratacion-de-agentes-medioambientales\/#primaryimage\"},\"thumbnailUrl\":\"https:\/\/agrupacionespsoe.es\/melilla\/wp-content\/uploads\/sites\/120\/2025\/05\/WhatsApp-Image-2025-05-05-at-13.20.10.jpeg\",\"datePublished\":\"2025-05-05T11:21:22+00:00\",\"dateModified\":\"2025-05-05T11:21:23+00:00\",\"breadcrumb\":{\"@id\":\"https:\/\/agrupacionespsoe.es\/melilla\/el-psoe-denuncia-el-abandono-de-los-barrios-y-la-opacidad-en-la-contratacion-de-agentes-medioambientales\/#breadcrumb\"},\"inLanguage\":\"es\",\"potentialAction\":[{\"@type\":\"ReadAction\",\"target\":[\"https:\/\/agrupacionespsoe.es\/melilla\/el-psoe-denuncia-el-abandono-de-los-barrios-y-la-opacidad-en-la-contratacion-de-agentes-medioambientales\/\"]}]},{\"@type\":\"ImageObject\",\"inLanguage\":\"es\",\"@id\":\"https:\/\/agrupacionespsoe.es\/melilla\/el-psoe-denuncia-el-abandono-de-los-barrios-y-la-opacidad-en-la-contratacion-de-agentes-medioambientales\/#primaryimage\",\"url\":\"https:\/\/agrupacionespsoe.es\/melilla\/wp-content\/uploads\/sites\/120\/2025\/05\/WhatsApp-Image-2025-05-05-at-13.20.10.jpeg\",\"contentUrl\":\"https:\/\/agrupacionespsoe.es\/melilla\/wp-content\/uploads\/sites\/120\/2025\/05\/WhatsApp-Image-2025-05-05-at-13.20.10.jpeg\",\"width\":1436,\"height\":900},{\"@type\":\"BreadcrumbList\",\"@id\":\"https:\/\/agrupacionespsoe.es\/melilla\/el-psoe-denuncia-el-abandono-de-los-barrios-y-la-opacidad-en-la-contratacion-de-agentes-medioambientales\/#breadcrumb\",\"itemListElement\":[{\"@type\":\"ListItem\",\"position\":1,\"name\":\"Portada\",\"item\":\"https:\/\/agrupacionespsoe.es\/melilla\/\"},{\"@type\":\"ListItem\",\"position\":2,\"name\":\"El PSOE denuncia el abandono de los barrios y la opacidad en la contrataci\u00f3n de agentes medioambientales\"}]},{\"@type\":\"WebSite\",\"@id\":\"https:\/\/agrupacionespsoe.es\/melilla\/#website\",\"url\":\"https:\/\/agrupacionespsoe.es\/melilla\/\",\"name\":\"Agrupaci\u00f3n Socialista de Melilla\",\"description\":\"Agrupaci\u00f3n Socialista de Melilla\",\"publisher\":{\"@id\":\"https:\/\/agrupacionespsoe.es\/melilla\/#organization\"},\"potentialAction\":[{\"@type\":\"SearchAction\",\"target\":{\"@type\":\"EntryPoint\",\"urlTemplate\":\"https:\/\/agrupacionespsoe.es\/melilla\/?s={search_term_string}\"},\"query-input\":{\"@type\":\"PropertyValueSpecification\",\"valueRequired\":true,\"valueName\":\"search_term_string\"}}],\"inLanguage\":\"es\"},{\"@type\":\"Organization\",\"@id\":\"https:\/\/agrupacionespsoe.es\/melilla\/#organization\",\"name\":\"Agrupaci\u00f3n Socialista de Melilla\",\"url\":\"https:\/\/agrupacionespsoe.es\/melilla\/\",\"logo\":{\"@type\":\"ImageObject\",\"inLanguage\":\"es\",\"@id\":\"https:\/\/agrupacionespsoe.es\/melilla\/#\/schema\/logo\/image\/\",\"url\":\"https:\/\/agrupacionespsoe.es\/wp-content\/uploads\/2022\/07\/Logotipo_electoral_del_PSOE.png\",\"contentUrl\":\"https:\/\/agrupacionespsoe.es\/wp-content\/uploads\/2022\/07\/Logotipo_electoral_del_PSOE.png\",\"width\":422,\"height\":422,\"caption\":\"Agrupaci\u00f3n Socialista de Melilla\"},\"image\":{\"@id\":\"https:\/\/agrupacionespsoe.es\/melilla\/#\/schema\/logo\/image\/\"}},{\"@type\":\"Person\",\"@id\":\"https:\/\/agrupacionespsoe.es\/melilla\/#\/schema\/person\/72bb3075a827d0ed0623682b96c92bd6\",\"name\":\"melilla2\",\"image\":{\"@type\":\"ImageObject\",\"inLanguage\":\"es\",\"@id\":\"https:\/\/agrupacionespsoe.es\/melilla\/#\/schema\/person\/image\/\",\"url\":\"https:\/\/secure.gravatar.com\/avatar\/489a178e794e59f00db13a448aabca16?s=96&d=mm&r=g\",\"contentUrl\":\"https:\/\/secure.gravatar.com\/avatar\/489a178e794e59f00db13a448aabca16?s=96&d=mm&r=g\",\"caption\":\"melilla2\"},\"url\":\"https:\/\/agrupacionespsoe.es\/melilla\/author\/melilla2\/\"}]}<\/script>\n<!-- \/ Yoast SEO plugin. -->","yoast_head_json":{"title":"El PSOE denuncia el abandono de los barrios y la opacidad en la contrataci\u00f3n de agentes medioambientales - Agrupaci\u00f3n Socialista de Melilla","robots":{"index":"index","follow":"follow","max-snippet":"max-snippet:-1","max-image-preview":"max-image-preview:large","max-video-preview":"max-video-preview:-1"},"canonical":"https:\/\/agrupacionespsoe.es\/melilla\/el-psoe-denuncia-el-abandono-de-los-barrios-y-la-opacidad-en-la-contratacion-de-agentes-medioambientales\/","og_locale":"es_ES","og_type":"article","og_title":"El PSOE denuncia el abandono de los barrios y la opacidad en la contrataci\u00f3n de agentes medioambientales - Agrupaci\u00f3n Socialista de Melilla","og_description":"Exige al PP que deje de \u201cechar balones fuera\u201d y se ponga a trabajar en las demandas de la ciudadan\u00eda El portavoz del Grupo Municipal Socialista, Rafael Robles, ha criticado la falta de respuesta del Gobierno de Imbroda en el pleno celebrado esta ma\u00f1ana en la Asamblea de Melilla, en el que el Partido Popular ...","og_url":"https:\/\/agrupacionespsoe.es\/melilla\/el-psoe-denuncia-el-abandono-de-los-barrios-y-la-opacidad-en-la-contratacion-de-agentes-medioambientales\/","og_site_name":"Agrupaci\u00f3n Socialista de Melilla","article_published_time":"2025-05-05T11:21:22+00:00","article_modified_time":"2025-05-05T11:21:23+00:00","og_image":[{"width":1436,"height":900,"url":"https:\/\/agrupacionespsoe.es\/melilla\/wp-content\/uploads\/sites\/120\/2025\/05\/WhatsApp-Image-2025-05-05-at-13.20.10.jpeg","type":"image\/jpeg"}],"author":"melilla2","twitter_card":"summary_large_image","twitter_misc":{"Escrito por":"melilla2","Tiempo de lectura":"3 minutos"},"schema":{"@context":"https:\/\/schema.org","@graph":[{"@type":"Article","@id":"https:\/\/agrupacionespsoe.es\/melilla\/el-psoe-denuncia-el-abandono-de-los-barrios-y-la-opacidad-en-la-contratacion-de-agentes-medioambientales\/#article","isPartOf":{"@id":"https:\/\/agrupacionespsoe.es\/melilla\/el-psoe-denuncia-el-abandono-de-los-barrios-y-la-opacidad-en-la-contratacion-de-agentes-medioambientales\/"},"author":{"name":"melilla2","@id":"https:\/\/agrupacionespsoe.es\/melilla\/#\/schema\/person\/72bb3075a827d0ed0623682b96c92bd6"},"headline":"El PSOE denuncia el abandono de los barrios y la opacidad en la contrataci\u00f3n de agentes medioambientales","datePublished":"2025-05-05T11:21:22+00:00","dateModified":"2025-05-05T11:21:23+00:00","mainEntityOfPage":{"@id":"https:\/\/agrupacionespsoe.es\/melilla\/el-psoe-denuncia-el-abandono-de-los-barrios-y-la-opacidad-en-la-contratacion-de-agentes-medioambientales\/"},"wordCount":586,"commentCount":0,"publisher":{"@id":"https:\/\/agrupacionespsoe.es\/melilla\/#organization"},"image":{"@id":"https:\/\/agrupacionespsoe.es\/melilla\/el-psoe-denuncia-el-abandono-de-los-barrios-y-la-opacidad-en-la-contratacion-de-agentes-medioambientales\/#primaryimage"},"thumbnailUrl":"https:\/\/agrupacionespsoe.es\/melilla\/wp-content\/uploads\/sites\/120\/2025\/05\/WhatsApp-Image-2025-05-05-at-13.20.10.jpeg","inLanguage":"es","potentialAction":[{"@type":"CommentAction","name":"Comment","target":["https:\/\/agrupacionespsoe.es\/melilla\/el-psoe-denuncia-el-abandono-de-los-barrios-y-la-opacidad-en-la-contratacion-de-agentes-medioambientales\/#respond"]}]},{"@type":"WebPage","@id":"https:\/\/agrupacionespsoe.es\/melilla\/el-psoe-denuncia-el-abandono-de-los-barrios-y-la-opacidad-en-la-contratacion-de-agentes-medioambientales\/","url":"https:\/\/agrupacionespsoe.es\/melilla\/el-psoe-denuncia-el-abandono-de-los-barrios-y-la-opacidad-en-la-contratacion-de-agentes-medioambientales\/","name":"El PSOE denuncia el abandono de los barrios y la opacidad en la contrataci\u00f3n de agentes medioambientales - Agrupaci\u00f3n Socialista de Melilla","isPartOf":{"@id":"https:\/\/agrupacionespsoe.es\/melilla\/#website"},"primaryImageOfPage":{"@id":"https:\/\/agrupacionespsoe.es\/melilla\/el-psoe-denuncia-el-abandono-de-los-barrios-y-la-opacidad-en-la-contratacion-de-agentes-medioambientales\/#primaryimage"},"image":{"@id":"https:\/\/agrupacionespsoe.es\/melilla\/el-psoe-denuncia-el-abandono-de-los-barrios-y-la-opacidad-en-la-contratacion-de-agentes-medioambientales\/#primaryimage"},"thumbnailUrl":"https:\/\/agrupacionespsoe.es\/melilla\/wp-content\/uploads\/sites\/120\/2025\/05\/WhatsApp-Image-2025-05-05-at-13.20.10.jpeg","datePublished":"2025-05-05T11:21:22+00:00","dateModified":"2025-05-05T11:21:23+00:00","breadcrumb":{"@id":"https:\/\/agrupacionespsoe.es\/melilla\/el-psoe-denuncia-el-abandono-de-los-barrios-y-la-opacidad-en-la-contratacion-de-agentes-medioambientales\/#breadcrumb"},"inLanguage":"es","potentialAction":[{"@type":"ReadAction","target":["https:\/\/agrupacionespsoe.es\/melilla\/el-psoe-denuncia-el-abandono-de-los-barrios-y-la-opacidad-en-la-contratacion-de-agentes-medioambientales\/"]}]},{"@type":"ImageObject","inLanguage":"es","@id":"https:\/\/agrupacionespsoe.es\/melilla\/el-psoe-denuncia-el-abandono-de-los-barrios-y-la-opacidad-en-la-contratacion-de-agentes-medioambientales\/#primaryimage","url":"https:\/\/agrupacionespsoe.es\/melilla\/wp-content\/uploads\/sites\/120\/2025\/05\/WhatsApp-Image-2025-05-05-at-13.20.10.jpeg","contentUrl":"https:\/\/agrupacionespsoe.es\/melilla\/wp-content\/uploads\/sites\/120\/2025\/05\/WhatsApp-Image-2025-05-05-at-13.20.10.jpeg","width":1436,"height":900},{"@type":"BreadcrumbList","@id":"https:\/\/agrupacionespsoe.es\/melilla\/el-psoe-denuncia-el-abandono-de-los-barrios-y-la-opacidad-en-la-contratacion-de-agentes-medioambientales\/#breadcrumb","itemListElement":[{"@type":"ListItem","position":1,"name":"Portada","item":"https:\/\/agrupacionespsoe.es\/melilla\/"},{"@type":"ListItem","position":2,"name":"El PSOE denuncia el abandono de los barrios y la opacidad en la contrataci\u00f3n de agentes medioambientales"}]},{"@type":"WebSite","@id":"https:\/\/agrupacionespsoe.es\/melilla\/#website","url":"https:\/\/agrupacionespsoe.es\/melilla\/","name":"Agrupaci\u00f3n Socialista de Melilla","description":"Agrupaci\u00f3n Socialista de Melilla","publisher":{"@id":"https:\/\/agrupacionespsoe.es\/melilla\/#organization"},"potentialAction":[{"@type":"SearchAction","target":{"@type":"EntryPoint","urlTemplate":"https:\/\/agrupacionespsoe.es\/melilla\/?s={search_term_string}"},"query-input":{"@type":"PropertyValueSpecification","valueRequired":true,"valueName":"search_term_string"}}],"inLanguage":"es"},{"@type":"Organization","@id":"https:\/\/agrupacionespsoe.es\/melilla\/#organization","name":"Agrupaci\u00f3n Socialista de Melilla","url":"https:\/\/agrupacionespsoe.es\/melilla\/","logo":{"@type":"ImageObject","inLanguage":"es","@id":"https:\/\/agrupacionespsoe.es\/melilla\/#\/schema\/logo\/image\/","url":"https:\/\/agrupacionespsoe.es\/wp-content\/uploads\/2022\/07\/Logotipo_electoral_del_PSOE.png","contentUrl":"https:\/\/agrupacionespsoe.es\/wp-content\/uploads\/2022\/07\/Logotipo_electoral_del_PSOE.png","width":422,"height":422,"caption":"Agrupaci\u00f3n Socialista de Melilla"},"image":{"@id":"https:\/\/agrupacionespsoe.es\/melilla\/#\/schema\/logo\/image\/"}},{"@type":"Person","@id":"https:\/\/agrupacionespsoe.es\/melilla\/#\/schema\/person\/72bb3075a827d0ed0623682b96c92bd6","name":"melilla2","image":{"@type":"ImageObject","inLanguage":"es","@id":"https:\/\/agrupacionespsoe.es\/melilla\/#\/schema\/person\/image\/","url":"https:\/\/secure.gravatar.com\/avatar\/489a178e794e59f00db13a448aabca16?s=96&d=mm&r=g","contentUrl":"https:\/\/secure.gravatar.com\/avatar\/489a178e794e59f00db13a448aabca16?s=96&d=mm&r=g","caption":"melilla2"},"url":"https:\/\/agrupacionespsoe.es\/melilla\/author\/melilla2\/"}]}},"jetpack_featured_media_url":"https:\/\/agrupacionespsoe.es\/melilla\/wp-content\/uploads\/sites\/120\/2025\/05\/WhatsApp-Image-2025-05-05-at-13.20.10.jpeg","jetpack_sharing_enabled":true,"_links":{"self":[{"href":"https:\/\/agrupacionespsoe.es\/melilla\/wp-json\/wp\/v2\/posts\/1769","targetHints":{"allow":["GET"]}}],"collection":[{"href":"https:\/\/agrupacionespsoe.es\/melilla\/wp-json\/wp\/v2\/posts"}],"about":[{"href":"https:\/\/agrupacionespsoe.es\/melilla\/wp-json\/wp\/v2\/types\/post"}],"author":[{"embeddable":true,"href":"https:\/\/agrupacionespsoe.es\/melilla\/wp-json\/wp\/v2\/users\/187"}],"replies":[{"embeddable":true,"href":"https:\/\/agrupacionespsoe.es\/melilla\/wp-json\/wp\/v2\/comments?post=1769"}],"version-history":[{"count":1,"href":"https:\/\/agrupacionespsoe.es\/melilla\/wp-json\/wp\/v2\/posts\/1769\/revisions"}],"predecessor-version":[{"id":1771,"href":"https:\/\/agrupacionespsoe.es\/melilla\/wp-json\/wp\/v2\/posts\/1769\/revisions\/1771"}],"wp:featuredmedia":[{"embeddable":true,"href":"https:\/\/agrupacionespsoe.es\/melilla\/wp-json\/wp\/v2\/media\/1770"}],"wp:attachment":[{"href":"https:\/\/agrupacionespsoe.es\/melilla\/wp-json\/wp\/v2\/media?parent=1769"}],"wp:term":[{"taxonomy":"category","embeddable":true,"href":"https:\/\/agrupacionespsoe.es\/melilla\/wp-json\/wp\/v2\/categories?post=1769"},{"taxonomy":"post_tag","embeddable":true,"href":"https:\/\/agrupacionespsoe.es\/melilla\/wp-json\/wp\/v2\/tags?post=1769"}],"curies":[{"name":"wp","href":"https:\/\/api.w.org\/{rel}","templated":true}]}}