{"id":1766,"date":"2025-05-02T17:10:41","date_gmt":"2025-05-02T17:10:41","guid":{"rendered":"https:\/\/agrupacionespsoe.es\/melilla\/?p=1766"},"modified":"2025-05-02T17:10:42","modified_gmt":"2025-05-02T17:10:42","slug":"el-psoe-exige-a-la-ciudad-la-reparacion-inmediata-del-muro-de-la-protectora-no-puede-pasar-ni-un-dia-mas","status":"publish","type":"post","link":"https:\/\/agrupacionespsoe.es\/melilla\/el-psoe-exige-a-la-ciudad-la-reparacion-inmediata-del-muro-de-la-protectora-no-puede-pasar-ni-un-dia-mas\/","title":{"rendered":"El PSOE exige a la Ciudad la reparaci\u00f3n \u201cinmediata\u201d del muro de la Protectora: \u201cNo puede pasar ni un d\u00eda m\u00e1s\u201d"},"content":{"rendered":"\n<p><strong>\u201cNo podemos permitir que quienes dedican su vida al cuidado y protecci\u00f3n de los animales sigan siendo tratados de esta manera\u201d, ha denunciado Garc\u00eda Maeso<\/strong><strong><\/strong><\/p>\n\n\n\n<p>El Partido Socialista de Melilla ha vuelto a denunciar p\u00fablicamente el abandono institucional que sufre la Protectora de Animales de la ciudad, que lleva casi un a\u00f1o \u2014desde agosto de 2024\u2014 con un agujero en el muro de sus instalaciones, provocado por un accidente, sin que la Ciudad Aut\u00f3noma haya ofrecido una soluci\u00f3n digna.<\/p>\n\n\n\n<p>La secretaria de Bienestar Animal del PSOE en Melilla, Francisca Garc\u00eda Maeso, ha subrayado que \u201chace apenas unas semanas, desde el Partido Socialista denunciamos la inacci\u00f3n de la Ciudad Aut\u00f3noma ante esta situaci\u00f3n, que no se hab\u00eda preocupado en ofrecer una soluci\u00f3n mientras la aseguradora gestionaba el pago de la reparaci\u00f3n\u201d.<\/p>\n\n\n\n<p>La socialista ha denunciado que el Gobierno local es incapaz de garantizar unas condiciones dignas para esta infraestructura p\u00fablica que \u201cprotege y cuida a los animales\u201d.<\/p>\n\n\n\n<p>Sin embargo, el PSOE ha denunciado que ahora la situaci\u00f3n es todav\u00eda m\u00e1s grave al saber que&nbsp; \u201cla aseguradora ya hab\u00eda abonado ese dinero al Gobierno local, y, aun as\u00ed, la Protectora sigue esperando. Sigue expuesta. Sigue en una situaci\u00f3n intolerable\u201d.<\/p>\n\n\n\n<p>La valla que rodea el agujero en el muro de la Protectora es \u201cun parche insuficiente\u201d y \u201cf\u00e1cilmente franqueable\u201d que supone un \u201criesgo real\u201d para la seguridad de los animales. \u201cEn estos diez meses el Gobierno de Imbroda ha tenido tiempo de actuar y de haber tomado medidas efectivas para proteger el recinto mientras se resolv\u00eda el expediente del accidente\u201d.<\/p>\n\n\n\n<p>Por este motivo, Garc\u00eda Maeso ha calificado de \u201cinaceptable\u201d esta desidia por parte del Ejecutivo de Imbroda, que no ha sido tampoco capaz de ofrecer ninguna soluci\u00f3n en todo este tiempo, especialmente en un momento en el que la Protectora atraviesa serias dificultades econ\u00f3micas.<\/p>\n\n\n\n<p>\u201cLos trabajadores y voluntarios de la Protectora de Animales de Melilla no solo lidian con un muro roto, tambi\u00e9n sufren problemas de iluminaci\u00f3n en el patio exterior y otros contratiempos que afectan al bienestar de los animales. Y mientras tanto, la Consejer\u00eda de Salud P\u00fablica no se molesta en ayudar\u201d, ha a\u00f1adido.<\/p>\n\n\n\n<p>Por ello, desde el PSOE exigen la reparaci\u00f3n \u201cinmediata\u201d del muro de la Protectora de Animales de Melilla. \u201cNo puede pasar ni un d\u00eda m\u00e1s. No podemos permitir que quienes dedican su vida al cuidado y a la protecci\u00f3n de los m\u00e1s vulnerables sigan siendo tratados de esta manera. Los animales, los voluntarios y los trabajadores de la Protectora merecen respeto. Exigimos soluciones ya\u201d, ha concluido Garc\u00eda Maeso.<\/p>\n","protected":false},"excerpt":{"rendered":"<p>\u201cNo podemos permitir que quienes dedican su vida al cuidado y protecci\u00f3n de los animales sigan siendo tratados de esta manera\u201d, ha denunciado Garc\u00eda Maeso El Partido Socialista de Melilla ha vuelto a denunciar p\u00fablicamente el abandono institucional que sufre la Protectora de Animales de la ciudad, que lleva casi un a\u00f1o \u2014desde agosto de &#8230;<\/p>\n","protected":false},"author":187,"featured_media":1767,"comment_status":"open","ping_status":"open","sticky":false,"template":"","format":"standard","meta":{"_jetpack_memberships_contains_paid_content":false,"footnotes":""},"categories":[1],"tags":[],"class_list":["post-1766","post","type-post","status-publish","format-standard","has-post-thumbnail","hentry","category-sin-categoria"],"yoast_head":"<!-- This site is optimized with the Yoast SEO plugin v24.0 - https:\/\/yoast.com\/wordpress\/plugins\/seo\/ -->\n<title>El PSOE exige a la Ciudad la reparaci\u00f3n \u201cinmediata\u201d del muro de la Protectora: \u201cNo puede pasar ni un d\u00eda m\u00e1s\u201d - Agrupaci\u00f3n Socialista de Melilla<\/title>\n<meta name=\"robots\" content=\"index, follow, max-snippet:-1, max-image-preview:large, max-video-preview:-1\" \/>\n<link rel=\"canonical\" href=\"https:\/\/agrupacionespsoe.es\/melilla\/el-psoe-exige-a-la-ciudad-la-reparacion-inmediata-del-muro-de-la-protectora-no-puede-pasar-ni-un-dia-mas\/\" \/>\n<meta property=\"og:locale\" content=\"es_ES\" \/>\n<meta property=\"og:type\" content=\"article\" \/>\n<meta property=\"og:title\" content=\"El PSOE exige a la Ciudad la reparaci\u00f3n \u201cinmediata\u201d del muro de la Protectora: \u201cNo puede pasar ni un d\u00eda m\u00e1s\u201d - Agrupaci\u00f3n Socialista de Melilla\" \/>\n<meta property=\"og:description\" content=\"\u201cNo podemos permitir que quienes dedican su vida al cuidado y protecci\u00f3n de los animales sigan siendo tratados de esta manera\u201d, ha denunciado Garc\u00eda Maeso El Partido Socialista de Melilla ha vuelto a denunciar p\u00fablicamente el abandono institucional que sufre la Protectora de Animales de la ciudad, que lleva casi un a\u00f1o \u2014desde agosto de ...\" \/>\n<meta property=\"og:url\" content=\"https:\/\/agrupacionespsoe.es\/melilla\/el-psoe-exige-a-la-ciudad-la-reparacion-inmediata-del-muro-de-la-protectora-no-puede-pasar-ni-un-dia-mas\/\" \/>\n<meta property=\"og:site_name\" content=\"Agrupaci\u00f3n Socialista de Melilla\" \/>\n<meta property=\"article:published_time\" content=\"2025-05-02T17:10:41+00:00\" \/>\n<meta property=\"article:modified_time\" content=\"2025-05-02T17:10:42+00:00\" \/>\n<meta property=\"og:image\" content=\"https:\/\/agrupacionespsoe.es\/melilla\/wp-content\/uploads\/sites\/120\/2025\/05\/WhatsApp-Image-2025-05-02-at-10.17.13.jpeg\" \/>\n\t<meta property=\"og:image:width\" content=\"2560\" \/>\n\t<meta property=\"og:image:height\" content=\"1706\" \/>\n\t<meta property=\"og:image:type\" content=\"image\/jpeg\" \/>\n<meta name=\"author\" content=\"melilla2\" \/>\n<meta name=\"twitter:card\" content=\"summary_large_image\" \/>\n<meta name=\"twitter:label1\" content=\"Escrito por\" \/>\n\t<meta name=\"twitter:data1\" content=\"melilla2\" \/>\n\t<meta name=\"twitter:label2\" content=\"Tiempo de lectura\" \/>\n\t<meta name=\"twitter:data2\" content=\"3 minutos\" \/>\n<script type=\"application\/ld+json\" class=\"yoast-schema-graph\">{\"@context\":\"https:\/\/schema.org\",\"@graph\":[{\"@type\":\"Article\",\"@id\":\"https:\/\/agrupacionespsoe.es\/melilla\/el-psoe-exige-a-la-ciudad-la-reparacion-inmediata-del-muro-de-la-protectora-no-puede-pasar-ni-un-dia-mas\/#article\",\"isPartOf\":{\"@id\":\"https:\/\/agrupacionespsoe.es\/melilla\/el-psoe-exige-a-la-ciudad-la-reparacion-inmediata-del-muro-de-la-protectora-no-puede-pasar-ni-un-dia-mas\/\"},\"author\":{\"name\":\"melilla2\",\"@id\":\"https:\/\/agrupacionespsoe.es\/melilla\/#\/schema\/person\/72bb3075a827d0ed0623682b96c92bd6\"},\"headline\":\"El PSOE exige a la Ciudad la reparaci\u00f3n \u201cinmediata\u201d del muro de la Protectora: \u201cNo puede pasar ni un d\u00eda m\u00e1s\u201d\",\"datePublished\":\"2025-05-02T17:10:41+00:00\",\"dateModified\":\"2025-05-02T17:10:42+00:00\",\"mainEntityOfPage\":{\"@id\":\"https:\/\/agrupacionespsoe.es\/melilla\/el-psoe-exige-a-la-ciudad-la-reparacion-inmediata-del-muro-de-la-protectora-no-puede-pasar-ni-un-dia-mas\/\"},\"wordCount\":480,\"commentCount\":0,\"publisher\":{\"@id\":\"https:\/\/agrupacionespsoe.es\/melilla\/#organization\"},\"image\":{\"@id\":\"https:\/\/agrupacionespsoe.es\/melilla\/el-psoe-exige-a-la-ciudad-la-reparacion-inmediata-del-muro-de-la-protectora-no-puede-pasar-ni-un-dia-mas\/#primaryimage\"},\"thumbnailUrl\":\"https:\/\/agrupacionespsoe.es\/melilla\/wp-content\/uploads\/sites\/120\/2025\/05\/WhatsApp-Image-2025-05-02-at-10.17.13.jpeg\",\"inLanguage\":\"es\",\"potentialAction\":[{\"@type\":\"CommentAction\",\"name\":\"Comment\",\"target\":[\"https:\/\/agrupacionespsoe.es\/melilla\/el-psoe-exige-a-la-ciudad-la-reparacion-inmediata-del-muro-de-la-protectora-no-puede-pasar-ni-un-dia-mas\/#respond\"]}]},{\"@type\":\"WebPage\",\"@id\":\"https:\/\/agrupacionespsoe.es\/melilla\/el-psoe-exige-a-la-ciudad-la-reparacion-inmediata-del-muro-de-la-protectora-no-puede-pasar-ni-un-dia-mas\/\",\"url\":\"https:\/\/agrupacionespsoe.es\/melilla\/el-psoe-exige-a-la-ciudad-la-reparacion-inmediata-del-muro-de-la-protectora-no-puede-pasar-ni-un-dia-mas\/\",\"name\":\"El PSOE exige a la Ciudad la reparaci\u00f3n \u201cinmediata\u201d del muro de la Protectora: \u201cNo puede pasar ni un d\u00eda m\u00e1s\u201d - Agrupaci\u00f3n Socialista de Melilla\",\"isPartOf\":{\"@id\":\"https:\/\/agrupacionespsoe.es\/melilla\/#website\"},\"primaryImageOfPage\":{\"@id\":\"https:\/\/agrupacionespsoe.es\/melilla\/el-psoe-exige-a-la-ciudad-la-reparacion-inmediata-del-muro-de-la-protectora-no-puede-pasar-ni-un-dia-mas\/#primaryimage\"},\"image\":{\"@id\":\"https:\/\/agrupacionespsoe.es\/melilla\/el-psoe-exige-a-la-ciudad-la-reparacion-inmediata-del-muro-de-la-protectora-no-puede-pasar-ni-un-dia-mas\/#primaryimage\"},\"thumbnailUrl\":\"https:\/\/agrupacionespsoe.es\/melilla\/wp-content\/uploads\/sites\/120\/2025\/05\/WhatsApp-Image-2025-05-02-at-10.17.13.jpeg\",\"datePublished\":\"2025-05-02T17:10:41+00:00\",\"dateModified\":\"2025-05-02T17:10:42+00:00\",\"breadcrumb\":{\"@id\":\"https:\/\/agrupacionespsoe.es\/melilla\/el-psoe-exige-a-la-ciudad-la-reparacion-inmediata-del-muro-de-la-protectora-no-puede-pasar-ni-un-dia-mas\/#breadcrumb\"},\"inLanguage\":\"es\",\"potentialAction\":[{\"@type\":\"ReadAction\",\"target\":[\"https:\/\/agrupacionespsoe.es\/melilla\/el-psoe-exige-a-la-ciudad-la-reparacion-inmediata-del-muro-de-la-protectora-no-puede-pasar-ni-un-dia-mas\/\"]}]},{\"@type\":\"ImageObject\",\"inLanguage\":\"es\",\"@id\":\"https:\/\/agrupacionespsoe.es\/melilla\/el-psoe-exige-a-la-ciudad-la-reparacion-inmediata-del-muro-de-la-protectora-no-puede-pasar-ni-un-dia-mas\/#primaryimage\",\"url\":\"https:\/\/agrupacionespsoe.es\/melilla\/wp-content\/uploads\/sites\/120\/2025\/05\/WhatsApp-Image-2025-05-02-at-10.17.13.jpeg\",\"contentUrl\":\"https:\/\/agrupacionespsoe.es\/melilla\/wp-content\/uploads\/sites\/120\/2025\/05\/WhatsApp-Image-2025-05-02-at-10.17.13.jpeg\",\"width\":2560,\"height\":1706},{\"@type\":\"BreadcrumbList\",\"@id\":\"https:\/\/agrupacionespsoe.es\/melilla\/el-psoe-exige-a-la-ciudad-la-reparacion-inmediata-del-muro-de-la-protectora-no-puede-pasar-ni-un-dia-mas\/#breadcrumb\",\"itemListElement\":[{\"@type\":\"ListItem\",\"position\":1,\"name\":\"Portada\",\"item\":\"https:\/\/agrupacionespsoe.es\/melilla\/\"},{\"@type\":\"ListItem\",\"position\":2,\"name\":\"El PSOE exige a la Ciudad la reparaci\u00f3n \u201cinmediata\u201d del muro de la Protectora: \u201cNo puede pasar ni un d\u00eda m\u00e1s\u201d\"}]},{\"@type\":\"WebSite\",\"@id\":\"https:\/\/agrupacionespsoe.es\/melilla\/#website\",\"url\":\"https:\/\/agrupacionespsoe.es\/melilla\/\",\"name\":\"Agrupaci\u00f3n Socialista de Melilla\",\"description\":\"Agrupaci\u00f3n Socialista de Melilla\",\"publisher\":{\"@id\":\"https:\/\/agrupacionespsoe.es\/melilla\/#organization\"},\"potentialAction\":[{\"@type\":\"SearchAction\",\"target\":{\"@type\":\"EntryPoint\",\"urlTemplate\":\"https:\/\/agrupacionespsoe.es\/melilla\/?s={search_term_string}\"},\"query-input\":{\"@type\":\"PropertyValueSpecification\",\"valueRequired\":true,\"valueName\":\"search_term_string\"}}],\"inLanguage\":\"es\"},{\"@type\":\"Organization\",\"@id\":\"https:\/\/agrupacionespsoe.es\/melilla\/#organization\",\"name\":\"Agrupaci\u00f3n Socialista de Melilla\",\"url\":\"https:\/\/agrupacionespsoe.es\/melilla\/\",\"logo\":{\"@type\":\"ImageObject\",\"inLanguage\":\"es\",\"@id\":\"https:\/\/agrupacionespsoe.es\/melilla\/#\/schema\/logo\/image\/\",\"url\":\"https:\/\/agrupacionespsoe.es\/wp-content\/uploads\/2022\/07\/Logotipo_electoral_del_PSOE.png\",\"contentUrl\":\"https:\/\/agrupacionespsoe.es\/wp-content\/uploads\/2022\/07\/Logotipo_electoral_del_PSOE.png\",\"width\":422,\"height\":422,\"caption\":\"Agrupaci\u00f3n Socialista de Melilla\"},\"image\":{\"@id\":\"https:\/\/agrupacionespsoe.es\/melilla\/#\/schema\/logo\/image\/\"}},{\"@type\":\"Person\",\"@id\":\"https:\/\/agrupacionespsoe.es\/melilla\/#\/schema\/person\/72bb3075a827d0ed0623682b96c92bd6\",\"name\":\"melilla2\",\"image\":{\"@type\":\"ImageObject\",\"inLanguage\":\"es\",\"@id\":\"https:\/\/agrupacionespsoe.es\/melilla\/#\/schema\/person\/image\/\",\"url\":\"https:\/\/secure.gravatar.com\/avatar\/489a178e794e59f00db13a448aabca16?s=96&d=mm&r=g\",\"contentUrl\":\"https:\/\/secure.gravatar.com\/avatar\/489a178e794e59f00db13a448aabca16?s=96&d=mm&r=g\",\"caption\":\"melilla2\"},\"url\":\"https:\/\/agrupacionespsoe.es\/melilla\/author\/melilla2\/\"}]}<\/script>\n<!-- \/ Yoast SEO plugin. -->","yoast_head_json":{"title":"El PSOE exige a la Ciudad la reparaci\u00f3n \u201cinmediata\u201d del muro de la Protectora: \u201cNo puede pasar ni un d\u00eda m\u00e1s\u201d - Agrupaci\u00f3n Socialista de Melilla","robots":{"index":"index","follow":"follow","max-snippet":"max-snippet:-1","max-image-preview":"max-image-preview:large","max-video-preview":"max-video-preview:-1"},"canonical":"https:\/\/agrupacionespsoe.es\/melilla\/el-psoe-exige-a-la-ciudad-la-reparacion-inmediata-del-muro-de-la-protectora-no-puede-pasar-ni-un-dia-mas\/","og_locale":"es_ES","og_type":"article","og_title":"El PSOE exige a la Ciudad la reparaci\u00f3n \u201cinmediata\u201d del muro de la Protectora: \u201cNo puede pasar ni un d\u00eda m\u00e1s\u201d - Agrupaci\u00f3n Socialista de Melilla","og_description":"\u201cNo podemos permitir que quienes dedican su vida al cuidado y protecci\u00f3n de los animales sigan siendo tratados de esta manera\u201d, ha denunciado Garc\u00eda Maeso El Partido Socialista de Melilla ha vuelto a denunciar p\u00fablicamente el abandono institucional que sufre la Protectora de Animales de la ciudad, que lleva casi un a\u00f1o \u2014desde agosto de ...","og_url":"https:\/\/agrupacionespsoe.es\/melilla\/el-psoe-exige-a-la-ciudad-la-reparacion-inmediata-del-muro-de-la-protectora-no-puede-pasar-ni-un-dia-mas\/","og_site_name":"Agrupaci\u00f3n Socialista de Melilla","article_published_time":"2025-05-02T17:10:41+00:00","article_modified_time":"2025-05-02T17:10:42+00:00","og_image":[{"width":2560,"height":1706,"url":"https:\/\/agrupacionespsoe.es\/melilla\/wp-content\/uploads\/sites\/120\/2025\/05\/WhatsApp-Image-2025-05-02-at-10.17.13.jpeg","type":"image\/jpeg"}],"author":"melilla2","twitter_card":"summary_large_image","twitter_misc":{"Escrito por":"melilla2","Tiempo de lectura":"3 minutos"},"schema":{"@context":"https:\/\/schema.org","@graph":[{"@type":"Article","@id":"https:\/\/agrupacionespsoe.es\/melilla\/el-psoe-exige-a-la-ciudad-la-reparacion-inmediata-del-muro-de-la-protectora-no-puede-pasar-ni-un-dia-mas\/#article","isPartOf":{"@id":"https:\/\/agrupacionespsoe.es\/melilla\/el-psoe-exige-a-la-ciudad-la-reparacion-inmediata-del-muro-de-la-protectora-no-puede-pasar-ni-un-dia-mas\/"},"author":{"name":"melilla2","@id":"https:\/\/agrupacionespsoe.es\/melilla\/#\/schema\/person\/72bb3075a827d0ed0623682b96c92bd6"},"headline":"El PSOE exige a la Ciudad la reparaci\u00f3n \u201cinmediata\u201d del muro de la Protectora: \u201cNo puede pasar ni un d\u00eda m\u00e1s\u201d","datePublished":"2025-05-02T17:10:41+00:00","dateModified":"2025-05-02T17:10:42+00:00","mainEntityOfPage":{"@id":"https:\/\/agrupacionespsoe.es\/melilla\/el-psoe-exige-a-la-ciudad-la-reparacion-inmediata-del-muro-de-la-protectora-no-puede-pasar-ni-un-dia-mas\/"},"wordCount":480,"commentCount":0,"publisher":{"@id":"https:\/\/agrupacionespsoe.es\/melilla\/#organization"},"image":{"@id":"https:\/\/agrupacionespsoe.es\/melilla\/el-psoe-exige-a-la-ciudad-la-reparacion-inmediata-del-muro-de-la-protectora-no-puede-pasar-ni-un-dia-mas\/#primaryimage"},"thumbnailUrl":"https:\/\/agrupacionespsoe.es\/melilla\/wp-content\/uploads\/sites\/120\/2025\/05\/WhatsApp-Image-2025-05-02-at-10.17.13.jpeg","inLanguage":"es","potentialAction":[{"@type":"CommentAction","name":"Comment","target":["https:\/\/agrupacionespsoe.es\/melilla\/el-psoe-exige-a-la-ciudad-la-reparacion-inmediata-del-muro-de-la-protectora-no-puede-pasar-ni-un-dia-mas\/#respond"]}]},{"@type":"WebPage","@id":"https:\/\/agrupacionespsoe.es\/melilla\/el-psoe-exige-a-la-ciudad-la-reparacion-inmediata-del-muro-de-la-protectora-no-puede-pasar-ni-un-dia-mas\/","url":"https:\/\/agrupacionespsoe.es\/melilla\/el-psoe-exige-a-la-ciudad-la-reparacion-inmediata-del-muro-de-la-protectora-no-puede-pasar-ni-un-dia-mas\/","name":"El PSOE exige a la Ciudad la reparaci\u00f3n \u201cinmediata\u201d del muro de la Protectora: \u201cNo puede pasar ni un d\u00eda m\u00e1s\u201d - Agrupaci\u00f3n Socialista de Melilla","isPartOf":{"@id":"https:\/\/agrupacionespsoe.es\/melilla\/#website"},"primaryImageOfPage":{"@id":"https:\/\/agrupacionespsoe.es\/melilla\/el-psoe-exige-a-la-ciudad-la-reparacion-inmediata-del-muro-de-la-protectora-no-puede-pasar-ni-un-dia-mas\/#primaryimage"},"image":{"@id":"https:\/\/agrupacionespsoe.es\/melilla\/el-psoe-exige-a-la-ciudad-la-reparacion-inmediata-del-muro-de-la-protectora-no-puede-pasar-ni-un-dia-mas\/#primaryimage"},"thumbnailUrl":"https:\/\/agrupacionespsoe.es\/melilla\/wp-content\/uploads\/sites\/120\/2025\/05\/WhatsApp-Image-2025-05-02-at-10.17.13.jpeg","datePublished":"2025-05-02T17:10:41+00:00","dateModified":"2025-05-02T17:10:42+00:00","breadcrumb":{"@id":"https:\/\/agrupacionespsoe.es\/melilla\/el-psoe-exige-a-la-ciudad-la-reparacion-inmediata-del-muro-de-la-protectora-no-puede-pasar-ni-un-dia-mas\/#breadcrumb"},"inLanguage":"es","potentialAction":[{"@type":"ReadAction","target":["https:\/\/agrupacionespsoe.es\/melilla\/el-psoe-exige-a-la-ciudad-la-reparacion-inmediata-del-muro-de-la-protectora-no-puede-pasar-ni-un-dia-mas\/"]}]},{"@type":"ImageObject","inLanguage":"es","@id":"https:\/\/agrupacionespsoe.es\/melilla\/el-psoe-exige-a-la-ciudad-la-reparacion-inmediata-del-muro-de-la-protectora-no-puede-pasar-ni-un-dia-mas\/#primaryimage","url":"https:\/\/agrupacionespsoe.es\/melilla\/wp-content\/uploads\/sites\/120\/2025\/05\/WhatsApp-Image-2025-05-02-at-10.17.13.jpeg","contentUrl":"https:\/\/agrupacionespsoe.es\/melilla\/wp-content\/uploads\/sites\/120\/2025\/05\/WhatsApp-Image-2025-05-02-at-10.17.13.jpeg","width":2560,"height":1706},{"@type":"BreadcrumbList","@id":"https:\/\/agrupacionespsoe.es\/melilla\/el-psoe-exige-a-la-ciudad-la-reparacion-inmediata-del-muro-de-la-protectora-no-puede-pasar-ni-un-dia-mas\/#breadcrumb","itemListElement":[{"@type":"ListItem","position":1,"name":"Portada","item":"https:\/\/agrupacionespsoe.es\/melilla\/"},{"@type":"ListItem","position":2,"name":"El PSOE exige a la Ciudad la reparaci\u00f3n \u201cinmediata\u201d del muro de la Protectora: \u201cNo puede pasar ni un d\u00eda m\u00e1s\u201d"}]},{"@type":"WebSite","@id":"https:\/\/agrupacionespsoe.es\/melilla\/#website","url":"https:\/\/agrupacionespsoe.es\/melilla\/","name":"Agrupaci\u00f3n Socialista de Melilla","description":"Agrupaci\u00f3n Socialista de Melilla","publisher":{"@id":"https:\/\/agrupacionespsoe.es\/melilla\/#organization"},"potentialAction":[{"@type":"SearchAction","target":{"@type":"EntryPoint","urlTemplate":"https:\/\/agrupacionespsoe.es\/melilla\/?s={search_term_string}"},"query-input":{"@type":"PropertyValueSpecification","valueRequired":true,"valueName":"search_term_string"}}],"inLanguage":"es"},{"@type":"Organization","@id":"https:\/\/agrupacionespsoe.es\/melilla\/#organization","name":"Agrupaci\u00f3n Socialista de Melilla","url":"https:\/\/agrupacionespsoe.es\/melilla\/","logo":{"@type":"ImageObject","inLanguage":"es","@id":"https:\/\/agrupacionespsoe.es\/melilla\/#\/schema\/logo\/image\/","url":"https:\/\/agrupacionespsoe.es\/wp-content\/uploads\/2022\/07\/Logotipo_electoral_del_PSOE.png","contentUrl":"https:\/\/agrupacionespsoe.es\/wp-content\/uploads\/2022\/07\/Logotipo_electoral_del_PSOE.png","width":422,"height":422,"caption":"Agrupaci\u00f3n Socialista de Melilla"},"image":{"@id":"https:\/\/agrupacionespsoe.es\/melilla\/#\/schema\/logo\/image\/"}},{"@type":"Person","@id":"https:\/\/agrupacionespsoe.es\/melilla\/#\/schema\/person\/72bb3075a827d0ed0623682b96c92bd6","name":"melilla2","image":{"@type":"ImageObject","inLanguage":"es","@id":"https:\/\/agrupacionespsoe.es\/melilla\/#\/schema\/person\/image\/","url":"https:\/\/secure.gravatar.com\/avatar\/489a178e794e59f00db13a448aabca16?s=96&d=mm&r=g","contentUrl":"https:\/\/secure.gravatar.com\/avatar\/489a178e794e59f00db13a448aabca16?s=96&d=mm&r=g","caption":"melilla2"},"url":"https:\/\/agrupacionespsoe.es\/melilla\/author\/melilla2\/"}]}},"jetpack_featured_media_url":"https:\/\/agrupacionespsoe.es\/melilla\/wp-content\/uploads\/sites\/120\/2025\/05\/WhatsApp-Image-2025-05-02-at-10.17.13.jpeg","jetpack_sharing_enabled":true,"_links":{"self":[{"href":"https:\/\/agrupacionespsoe.es\/melilla\/wp-json\/wp\/v2\/posts\/1766","targetHints":{"allow":["GET"]}}],"collection":[{"href":"https:\/\/agrupacionespsoe.es\/melilla\/wp-json\/wp\/v2\/posts"}],"about":[{"href":"https:\/\/agrupacionespsoe.es\/melilla\/wp-json\/wp\/v2\/types\/post"}],"author":[{"embeddable":true,"href":"https:\/\/agrupacionespsoe.es\/melilla\/wp-json\/wp\/v2\/users\/187"}],"replies":[{"embeddable":true,"href":"https:\/\/agrupacionespsoe.es\/melilla\/wp-json\/wp\/v2\/comments?post=1766"}],"version-history":[{"count":1,"href":"https:\/\/agrupacionespsoe.es\/melilla\/wp-json\/wp\/v2\/posts\/1766\/revisions"}],"predecessor-version":[{"id":1768,"href":"https:\/\/agrupacionespsoe.es\/melilla\/wp-json\/wp\/v2\/posts\/1766\/revisions\/1768"}],"wp:featuredmedia":[{"embeddable":true,"href":"https:\/\/agrupacionespsoe.es\/melilla\/wp-json\/wp\/v2\/media\/1767"}],"wp:attachment":[{"href":"https:\/\/agrupacionespsoe.es\/melilla\/wp-json\/wp\/v2\/media?parent=1766"}],"wp:term":[{"taxonomy":"category","embeddable":true,"href":"https:\/\/agrupacionespsoe.es\/melilla\/wp-json\/wp\/v2\/categories?post=1766"},{"taxonomy":"post_tag","embeddable":true,"href":"https:\/\/agrupacionespsoe.es\/melilla\/wp-json\/wp\/v2\/tags?post=1766"}],"curies":[{"name":"wp","href":"https:\/\/api.w.org\/{rel}","templated":true}]}}