{"id":1749,"date":"2025-04-27T09:56:16","date_gmt":"2025-04-27T09:56:16","guid":{"rendered":"https:\/\/agrupacionespsoe.es\/melilla\/?p=1749"},"modified":"2025-04-27T09:56:17","modified_gmt":"2025-04-27T09:56:17","slug":"moh-desde-el-gobierno-de-la-ciudad-vamos-a-trabajar-desde-la-honradez-la-honestidad-y-el-compromiso","status":"publish","type":"post","link":"https:\/\/agrupacionespsoe.es\/melilla\/moh-desde-el-gobierno-de-la-ciudad-vamos-a-trabajar-desde-la-honradez-la-honestidad-y-el-compromiso\/","title":{"rendered":"Moh: \u201cDesde el Gobierno de la Ciudad vamos a trabajar desde la honradez, la honestidad y el compromiso\u201d"},"content":{"rendered":"\n<p><strong>Anima a seguir construyendo el futuro de Melilla: \u201cLa nueva CER va a empezar a trabajar desde ya para ganar las elecciones de 2027\u201d<\/strong><\/p>\n\n\n\n<p>\u201cCuando estemos en el Gobierno de la Ciudad vamos a trabajar desde la honradez, desde la honestidad y desde el compromiso y vamos a solventar los problemas que est\u00e1 generando el PP a la ciudadan\u00eda\u201d.<\/p>\n\n\n\n<p>El PSOE melillense ha cerrado su 15 Congreso con todos sus \u00f3rganos renovados, con un apoyo total a los mismos -con el voto a favor del 100% de los asistentes al c\u00f3nclave- y con la mirada puesta en ganar las elecciones locales del pr\u00f3ximo a\u00f1o 2027.<\/p>\n\n\n\n<p>La Secretaria General de los socialistas melillenses, Sabrina Moh, hac\u00eda referencia al apoyo que, desde el Grupo Socialista se ha dado a los que se han visto afectados por la mala gesti\u00f3n del Ejecutivo del PP, como los trabajadores de las ludotecas, pero ha avanzado que, cuando el PSOE vuelva a tener responsabilidades de gobierno, la pr\u00f3xima legislatura, esos problemas \u201clos vamos a solventar\u201d.<\/p>\n\n\n\n<p>La l\u00edder del PSOE local, que ha reconocido que es un orgullo para ella ser la Secretaria General \u201cde este gran partido\u201d al tiempo que ha reiterado su compromiso, trabajo y constancia con el proyecto \u201cdesde la humildad y con ese af\u00e1n de querer seguir aprendiendo y seguir trabajando\u201d.<\/p>\n\n\n\n<p>Adem\u00e1s, Moh ha recalcado que si bien ella va a liderar el proyecto, se trata de un proyecto que \u201ces de todos y, sobre todo, es para todos y para todas\u201d, por ello ha trasladado su agradecimiento a todas las personas que contribuyen con su trabajo, su esfuerzo y sus aportaciones a hacer una Melilla mejor.<\/p>\n\n\n\n<p>En ese cap\u00edtulo de agradecimientos, ha tenido palabras de elogio para la Ejecutiva saliente, para los trabajadores del Partido Socialista, para los afiliados y simpatizantes que trabajan en pro del proyecto socialista y para las mujeres y hombres vana integrar los diferentes \u00f3rganos regionales durante los pr\u00f3ximos cuatro a\u00f1os.<\/p>\n\n\n\n<p><strong>Logros del Gobierno Socialista<\/strong><\/p>\n\n\n\n<p>En su intervenci\u00f3n, Moh ha reconocido que han sido muchos los logros que ha conseguido Melilla durante estos a\u00f1os de Gobierno Socialista, con actuaciones en educaci\u00f3n, en sanidad, en transporte, en vivienda\u2026. Sin olvidar que Melilla ha visto c\u00f3mo por primera vez en su historia se produc\u00edan importaciones de pescado desde el pa\u00eds vecino en un cami\u00f3n refrigerado y precintado, cumpliendo con todas las garant\u00edas sanitarias.<\/p>\n\n\n\n<p>Sobre la visita de la Ministra de Vivienda, Isabel Rodr\u00edguez, la Secretaria General ha apuntado que siempre es bueno que vengan a nuestra ciudad miembros del Gobierno de Espa\u00f1a para que puedan conocer la realidad de Melilla de primera mano, \u201cpero si encima es una visita como la de hoy, que viene acompa\u00f1ada de la noticia de la licitaci\u00f3n de 90 nuevas viviendas, pues es a\u00fan mejor, porque es un logro para la ciudadan\u00eda melillense\u201d.<\/p>\n\n\n\n<p>Sabrina Moh ha incidido en que todos esos logros se deben al trabajo que est\u00e1 desarrollando el Gobierno de Espa\u00f1a, pero ha apuntado que \u201cel motor fundamental es el PSOE\u201d, dado que \u201celevamos todas las propuestas, todas las inquietudes para que den respuesta a las necesidades que tenemos\u201d.<\/p>\n\n\n\n<p>Por ello ha animado a las y los socialistas a seguir trabajando y a seguir construyendo el futuro de Melilla y ha asegurado que el nuevo equipo \u201cva a empezar a trabajar desde ya para ganar las elecciones de 2027\u201d.<\/p>\n\n\n\n<p>En la clausura del Congreso, adem\u00e1s, han tomado la palabra los Secretarios Generales de UGT, Javier Valenzuela, y&nbsp; de CCOO, Francisco L\u00f3pez, as\u00ed como la Presidenta de los socialistas melillenses, Celia Sarompas, ante un auditorio lleno de afiliados y simpatizantes de la formaci\u00f3n local.<\/p>\n","protected":false},"excerpt":{"rendered":"<p>Anima a seguir construyendo el futuro de Melilla: \u201cLa nueva CER va a empezar a trabajar desde ya para ganar las elecciones de 2027\u201d \u201cCuando estemos en el Gobierno de la Ciudad vamos a trabajar desde la honradez, desde la honestidad y desde el compromiso y vamos a solventar los problemas que est\u00e1 generando el &#8230;<\/p>\n","protected":false},"author":187,"featured_media":1750,"comment_status":"open","ping_status":"open","sticky":false,"template":"","format":"standard","meta":{"_jetpack_memberships_contains_paid_content":false,"footnotes":""},"categories":[1],"tags":[],"class_list":["post-1749","post","type-post","status-publish","format-standard","has-post-thumbnail","hentry","category-sin-categoria"],"yoast_head":"<!-- This site is optimized with the Yoast SEO plugin v24.0 - https:\/\/yoast.com\/wordpress\/plugins\/seo\/ -->\n<title>Moh: \u201cDesde el Gobierno de la Ciudad vamos a trabajar desde la honradez, la honestidad y el compromiso\u201d - Agrupaci\u00f3n Socialista de Melilla<\/title>\n<meta name=\"robots\" content=\"index, follow, max-snippet:-1, max-image-preview:large, max-video-preview:-1\" \/>\n<link rel=\"canonical\" href=\"https:\/\/agrupacionespsoe.es\/melilla\/moh-desde-el-gobierno-de-la-ciudad-vamos-a-trabajar-desde-la-honradez-la-honestidad-y-el-compromiso\/\" \/>\n<meta property=\"og:locale\" content=\"es_ES\" \/>\n<meta property=\"og:type\" content=\"article\" \/>\n<meta property=\"og:title\" content=\"Moh: \u201cDesde el Gobierno de la Ciudad vamos a trabajar desde la honradez, la honestidad y el compromiso\u201d - Agrupaci\u00f3n Socialista de Melilla\" \/>\n<meta property=\"og:description\" content=\"Anima a seguir construyendo el futuro de Melilla: \u201cLa nueva CER va a empezar a trabajar desde ya para ganar las elecciones de 2027\u201d \u201cCuando estemos en el Gobierno de la Ciudad vamos a trabajar desde la honradez, desde la honestidad y desde el compromiso y vamos a solventar los problemas que est\u00e1 generando el ...\" \/>\n<meta property=\"og:url\" content=\"https:\/\/agrupacionespsoe.es\/melilla\/moh-desde-el-gobierno-de-la-ciudad-vamos-a-trabajar-desde-la-honradez-la-honestidad-y-el-compromiso\/\" \/>\n<meta property=\"og:site_name\" content=\"Agrupaci\u00f3n Socialista de Melilla\" \/>\n<meta property=\"article:published_time\" content=\"2025-04-27T09:56:16+00:00\" \/>\n<meta property=\"article:modified_time\" content=\"2025-04-27T09:56:17+00:00\" \/>\n<meta property=\"og:image\" content=\"https:\/\/agrupacionespsoe.es\/melilla\/wp-content\/uploads\/sites\/120\/2025\/04\/congreso5-scaled.jpg\" \/>\n\t<meta property=\"og:image:width\" content=\"2560\" \/>\n\t<meta property=\"og:image:height\" content=\"1442\" \/>\n\t<meta property=\"og:image:type\" content=\"image\/jpeg\" \/>\n<meta name=\"author\" content=\"melilla2\" \/>\n<meta name=\"twitter:card\" content=\"summary_large_image\" \/>\n<meta name=\"twitter:label1\" content=\"Escrito por\" \/>\n\t<meta name=\"twitter:data1\" content=\"melilla2\" \/>\n\t<meta name=\"twitter:label2\" content=\"Tiempo de lectura\" \/>\n\t<meta name=\"twitter:data2\" content=\"3 minutos\" \/>\n<script type=\"application\/ld+json\" class=\"yoast-schema-graph\">{\"@context\":\"https:\/\/schema.org\",\"@graph\":[{\"@type\":\"Article\",\"@id\":\"https:\/\/agrupacionespsoe.es\/melilla\/moh-desde-el-gobierno-de-la-ciudad-vamos-a-trabajar-desde-la-honradez-la-honestidad-y-el-compromiso\/#article\",\"isPartOf\":{\"@id\":\"https:\/\/agrupacionespsoe.es\/melilla\/moh-desde-el-gobierno-de-la-ciudad-vamos-a-trabajar-desde-la-honradez-la-honestidad-y-el-compromiso\/\"},\"author\":{\"name\":\"melilla2\",\"@id\":\"https:\/\/agrupacionespsoe.es\/melilla\/#\/schema\/person\/72bb3075a827d0ed0623682b96c92bd6\"},\"headline\":\"Moh: \u201cDesde el Gobierno de la Ciudad vamos a trabajar desde la honradez, la honestidad y el compromiso\u201d\",\"datePublished\":\"2025-04-27T09:56:16+00:00\",\"dateModified\":\"2025-04-27T09:56:17+00:00\",\"mainEntityOfPage\":{\"@id\":\"https:\/\/agrupacionespsoe.es\/melilla\/moh-desde-el-gobierno-de-la-ciudad-vamos-a-trabajar-desde-la-honradez-la-honestidad-y-el-compromiso\/\"},\"wordCount\":644,\"commentCount\":0,\"publisher\":{\"@id\":\"https:\/\/agrupacionespsoe.es\/melilla\/#organization\"},\"image\":{\"@id\":\"https:\/\/agrupacionespsoe.es\/melilla\/moh-desde-el-gobierno-de-la-ciudad-vamos-a-trabajar-desde-la-honradez-la-honestidad-y-el-compromiso\/#primaryimage\"},\"thumbnailUrl\":\"https:\/\/agrupacionespsoe.es\/melilla\/wp-content\/uploads\/sites\/120\/2025\/04\/congreso5-scaled.jpg\",\"inLanguage\":\"es\",\"potentialAction\":[{\"@type\":\"CommentAction\",\"name\":\"Comment\",\"target\":[\"https:\/\/agrupacionespsoe.es\/melilla\/moh-desde-el-gobierno-de-la-ciudad-vamos-a-trabajar-desde-la-honradez-la-honestidad-y-el-compromiso\/#respond\"]}]},{\"@type\":\"WebPage\",\"@id\":\"https:\/\/agrupacionespsoe.es\/melilla\/moh-desde-el-gobierno-de-la-ciudad-vamos-a-trabajar-desde-la-honradez-la-honestidad-y-el-compromiso\/\",\"url\":\"https:\/\/agrupacionespsoe.es\/melilla\/moh-desde-el-gobierno-de-la-ciudad-vamos-a-trabajar-desde-la-honradez-la-honestidad-y-el-compromiso\/\",\"name\":\"Moh: \u201cDesde el Gobierno de la Ciudad vamos a trabajar desde la honradez, la honestidad y el compromiso\u201d - Agrupaci\u00f3n Socialista de Melilla\",\"isPartOf\":{\"@id\":\"https:\/\/agrupacionespsoe.es\/melilla\/#website\"},\"primaryImageOfPage\":{\"@id\":\"https:\/\/agrupacionespsoe.es\/melilla\/moh-desde-el-gobierno-de-la-ciudad-vamos-a-trabajar-desde-la-honradez-la-honestidad-y-el-compromiso\/#primaryimage\"},\"image\":{\"@id\":\"https:\/\/agrupacionespsoe.es\/melilla\/moh-desde-el-gobierno-de-la-ciudad-vamos-a-trabajar-desde-la-honradez-la-honestidad-y-el-compromiso\/#primaryimage\"},\"thumbnailUrl\":\"https:\/\/agrupacionespsoe.es\/melilla\/wp-content\/uploads\/sites\/120\/2025\/04\/congreso5-scaled.jpg\",\"datePublished\":\"2025-04-27T09:56:16+00:00\",\"dateModified\":\"2025-04-27T09:56:17+00:00\",\"breadcrumb\":{\"@id\":\"https:\/\/agrupacionespsoe.es\/melilla\/moh-desde-el-gobierno-de-la-ciudad-vamos-a-trabajar-desde-la-honradez-la-honestidad-y-el-compromiso\/#breadcrumb\"},\"inLanguage\":\"es\",\"potentialAction\":[{\"@type\":\"ReadAction\",\"target\":[\"https:\/\/agrupacionespsoe.es\/melilla\/moh-desde-el-gobierno-de-la-ciudad-vamos-a-trabajar-desde-la-honradez-la-honestidad-y-el-compromiso\/\"]}]},{\"@type\":\"ImageObject\",\"inLanguage\":\"es\",\"@id\":\"https:\/\/agrupacionespsoe.es\/melilla\/moh-desde-el-gobierno-de-la-ciudad-vamos-a-trabajar-desde-la-honradez-la-honestidad-y-el-compromiso\/#primaryimage\",\"url\":\"https:\/\/agrupacionespsoe.es\/melilla\/wp-content\/uploads\/sites\/120\/2025\/04\/congreso5-scaled.jpg\",\"contentUrl\":\"https:\/\/agrupacionespsoe.es\/melilla\/wp-content\/uploads\/sites\/120\/2025\/04\/congreso5-scaled.jpg\",\"width\":2560,\"height\":1442},{\"@type\":\"BreadcrumbList\",\"@id\":\"https:\/\/agrupacionespsoe.es\/melilla\/moh-desde-el-gobierno-de-la-ciudad-vamos-a-trabajar-desde-la-honradez-la-honestidad-y-el-compromiso\/#breadcrumb\",\"itemListElement\":[{\"@type\":\"ListItem\",\"position\":1,\"name\":\"Portada\",\"item\":\"https:\/\/agrupacionespsoe.es\/melilla\/\"},{\"@type\":\"ListItem\",\"position\":2,\"name\":\"Moh: \u201cDesde el Gobierno de la Ciudad vamos a trabajar desde la honradez, la honestidad y el compromiso\u201d\"}]},{\"@type\":\"WebSite\",\"@id\":\"https:\/\/agrupacionespsoe.es\/melilla\/#website\",\"url\":\"https:\/\/agrupacionespsoe.es\/melilla\/\",\"name\":\"Agrupaci\u00f3n Socialista de Melilla\",\"description\":\"Agrupaci\u00f3n Socialista de Melilla\",\"publisher\":{\"@id\":\"https:\/\/agrupacionespsoe.es\/melilla\/#organization\"},\"potentialAction\":[{\"@type\":\"SearchAction\",\"target\":{\"@type\":\"EntryPoint\",\"urlTemplate\":\"https:\/\/agrupacionespsoe.es\/melilla\/?s={search_term_string}\"},\"query-input\":{\"@type\":\"PropertyValueSpecification\",\"valueRequired\":true,\"valueName\":\"search_term_string\"}}],\"inLanguage\":\"es\"},{\"@type\":\"Organization\",\"@id\":\"https:\/\/agrupacionespsoe.es\/melilla\/#organization\",\"name\":\"Agrupaci\u00f3n Socialista de Melilla\",\"url\":\"https:\/\/agrupacionespsoe.es\/melilla\/\",\"logo\":{\"@type\":\"ImageObject\",\"inLanguage\":\"es\",\"@id\":\"https:\/\/agrupacionespsoe.es\/melilla\/#\/schema\/logo\/image\/\",\"url\":\"https:\/\/agrupacionespsoe.es\/wp-content\/uploads\/2022\/07\/Logotipo_electoral_del_PSOE.png\",\"contentUrl\":\"https:\/\/agrupacionespsoe.es\/wp-content\/uploads\/2022\/07\/Logotipo_electoral_del_PSOE.png\",\"width\":422,\"height\":422,\"caption\":\"Agrupaci\u00f3n Socialista de Melilla\"},\"image\":{\"@id\":\"https:\/\/agrupacionespsoe.es\/melilla\/#\/schema\/logo\/image\/\"}},{\"@type\":\"Person\",\"@id\":\"https:\/\/agrupacionespsoe.es\/melilla\/#\/schema\/person\/72bb3075a827d0ed0623682b96c92bd6\",\"name\":\"melilla2\",\"image\":{\"@type\":\"ImageObject\",\"inLanguage\":\"es\",\"@id\":\"https:\/\/agrupacionespsoe.es\/melilla\/#\/schema\/person\/image\/\",\"url\":\"https:\/\/secure.gravatar.com\/avatar\/489a178e794e59f00db13a448aabca16?s=96&d=mm&r=g\",\"contentUrl\":\"https:\/\/secure.gravatar.com\/avatar\/489a178e794e59f00db13a448aabca16?s=96&d=mm&r=g\",\"caption\":\"melilla2\"},\"url\":\"https:\/\/agrupacionespsoe.es\/melilla\/author\/melilla2\/\"}]}<\/script>\n<!-- \/ Yoast SEO plugin. -->","yoast_head_json":{"title":"Moh: \u201cDesde el Gobierno de la Ciudad vamos a trabajar desde la honradez, la honestidad y el compromiso\u201d - Agrupaci\u00f3n Socialista de Melilla","robots":{"index":"index","follow":"follow","max-snippet":"max-snippet:-1","max-image-preview":"max-image-preview:large","max-video-preview":"max-video-preview:-1"},"canonical":"https:\/\/agrupacionespsoe.es\/melilla\/moh-desde-el-gobierno-de-la-ciudad-vamos-a-trabajar-desde-la-honradez-la-honestidad-y-el-compromiso\/","og_locale":"es_ES","og_type":"article","og_title":"Moh: \u201cDesde el Gobierno de la Ciudad vamos a trabajar desde la honradez, la honestidad y el compromiso\u201d - Agrupaci\u00f3n Socialista de Melilla","og_description":"Anima a seguir construyendo el futuro de Melilla: \u201cLa nueva CER va a empezar a trabajar desde ya para ganar las elecciones de 2027\u201d \u201cCuando estemos en el Gobierno de la Ciudad vamos a trabajar desde la honradez, desde la honestidad y desde el compromiso y vamos a solventar los problemas que est\u00e1 generando el ...","og_url":"https:\/\/agrupacionespsoe.es\/melilla\/moh-desde-el-gobierno-de-la-ciudad-vamos-a-trabajar-desde-la-honradez-la-honestidad-y-el-compromiso\/","og_site_name":"Agrupaci\u00f3n Socialista de Melilla","article_published_time":"2025-04-27T09:56:16+00:00","article_modified_time":"2025-04-27T09:56:17+00:00","og_image":[{"width":2560,"height":1442,"url":"https:\/\/agrupacionespsoe.es\/melilla\/wp-content\/uploads\/sites\/120\/2025\/04\/congreso5-scaled.jpg","type":"image\/jpeg"}],"author":"melilla2","twitter_card":"summary_large_image","twitter_misc":{"Escrito por":"melilla2","Tiempo de lectura":"3 minutos"},"schema":{"@context":"https:\/\/schema.org","@graph":[{"@type":"Article","@id":"https:\/\/agrupacionespsoe.es\/melilla\/moh-desde-el-gobierno-de-la-ciudad-vamos-a-trabajar-desde-la-honradez-la-honestidad-y-el-compromiso\/#article","isPartOf":{"@id":"https:\/\/agrupacionespsoe.es\/melilla\/moh-desde-el-gobierno-de-la-ciudad-vamos-a-trabajar-desde-la-honradez-la-honestidad-y-el-compromiso\/"},"author":{"name":"melilla2","@id":"https:\/\/agrupacionespsoe.es\/melilla\/#\/schema\/person\/72bb3075a827d0ed0623682b96c92bd6"},"headline":"Moh: \u201cDesde el Gobierno de la Ciudad vamos a trabajar desde la honradez, la honestidad y el compromiso\u201d","datePublished":"2025-04-27T09:56:16+00:00","dateModified":"2025-04-27T09:56:17+00:00","mainEntityOfPage":{"@id":"https:\/\/agrupacionespsoe.es\/melilla\/moh-desde-el-gobierno-de-la-ciudad-vamos-a-trabajar-desde-la-honradez-la-honestidad-y-el-compromiso\/"},"wordCount":644,"commentCount":0,"publisher":{"@id":"https:\/\/agrupacionespsoe.es\/melilla\/#organization"},"image":{"@id":"https:\/\/agrupacionespsoe.es\/melilla\/moh-desde-el-gobierno-de-la-ciudad-vamos-a-trabajar-desde-la-honradez-la-honestidad-y-el-compromiso\/#primaryimage"},"thumbnailUrl":"https:\/\/agrupacionespsoe.es\/melilla\/wp-content\/uploads\/sites\/120\/2025\/04\/congreso5-scaled.jpg","inLanguage":"es","potentialAction":[{"@type":"CommentAction","name":"Comment","target":["https:\/\/agrupacionespsoe.es\/melilla\/moh-desde-el-gobierno-de-la-ciudad-vamos-a-trabajar-desde-la-honradez-la-honestidad-y-el-compromiso\/#respond"]}]},{"@type":"WebPage","@id":"https:\/\/agrupacionespsoe.es\/melilla\/moh-desde-el-gobierno-de-la-ciudad-vamos-a-trabajar-desde-la-honradez-la-honestidad-y-el-compromiso\/","url":"https:\/\/agrupacionespsoe.es\/melilla\/moh-desde-el-gobierno-de-la-ciudad-vamos-a-trabajar-desde-la-honradez-la-honestidad-y-el-compromiso\/","name":"Moh: \u201cDesde el Gobierno de la Ciudad vamos a trabajar desde la honradez, la honestidad y el compromiso\u201d - Agrupaci\u00f3n Socialista de Melilla","isPartOf":{"@id":"https:\/\/agrupacionespsoe.es\/melilla\/#website"},"primaryImageOfPage":{"@id":"https:\/\/agrupacionespsoe.es\/melilla\/moh-desde-el-gobierno-de-la-ciudad-vamos-a-trabajar-desde-la-honradez-la-honestidad-y-el-compromiso\/#primaryimage"},"image":{"@id":"https:\/\/agrupacionespsoe.es\/melilla\/moh-desde-el-gobierno-de-la-ciudad-vamos-a-trabajar-desde-la-honradez-la-honestidad-y-el-compromiso\/#primaryimage"},"thumbnailUrl":"https:\/\/agrupacionespsoe.es\/melilla\/wp-content\/uploads\/sites\/120\/2025\/04\/congreso5-scaled.jpg","datePublished":"2025-04-27T09:56:16+00:00","dateModified":"2025-04-27T09:56:17+00:00","breadcrumb":{"@id":"https:\/\/agrupacionespsoe.es\/melilla\/moh-desde-el-gobierno-de-la-ciudad-vamos-a-trabajar-desde-la-honradez-la-honestidad-y-el-compromiso\/#breadcrumb"},"inLanguage":"es","potentialAction":[{"@type":"ReadAction","target":["https:\/\/agrupacionespsoe.es\/melilla\/moh-desde-el-gobierno-de-la-ciudad-vamos-a-trabajar-desde-la-honradez-la-honestidad-y-el-compromiso\/"]}]},{"@type":"ImageObject","inLanguage":"es","@id":"https:\/\/agrupacionespsoe.es\/melilla\/moh-desde-el-gobierno-de-la-ciudad-vamos-a-trabajar-desde-la-honradez-la-honestidad-y-el-compromiso\/#primaryimage","url":"https:\/\/agrupacionespsoe.es\/melilla\/wp-content\/uploads\/sites\/120\/2025\/04\/congreso5-scaled.jpg","contentUrl":"https:\/\/agrupacionespsoe.es\/melilla\/wp-content\/uploads\/sites\/120\/2025\/04\/congreso5-scaled.jpg","width":2560,"height":1442},{"@type":"BreadcrumbList","@id":"https:\/\/agrupacionespsoe.es\/melilla\/moh-desde-el-gobierno-de-la-ciudad-vamos-a-trabajar-desde-la-honradez-la-honestidad-y-el-compromiso\/#breadcrumb","itemListElement":[{"@type":"ListItem","position":1,"name":"Portada","item":"https:\/\/agrupacionespsoe.es\/melilla\/"},{"@type":"ListItem","position":2,"name":"Moh: \u201cDesde el Gobierno de la Ciudad vamos a trabajar desde la honradez, la honestidad y el compromiso\u201d"}]},{"@type":"WebSite","@id":"https:\/\/agrupacionespsoe.es\/melilla\/#website","url":"https:\/\/agrupacionespsoe.es\/melilla\/","name":"Agrupaci\u00f3n Socialista de Melilla","description":"Agrupaci\u00f3n Socialista de Melilla","publisher":{"@id":"https:\/\/agrupacionespsoe.es\/melilla\/#organization"},"potentialAction":[{"@type":"SearchAction","target":{"@type":"EntryPoint","urlTemplate":"https:\/\/agrupacionespsoe.es\/melilla\/?s={search_term_string}"},"query-input":{"@type":"PropertyValueSpecification","valueRequired":true,"valueName":"search_term_string"}}],"inLanguage":"es"},{"@type":"Organization","@id":"https:\/\/agrupacionespsoe.es\/melilla\/#organization","name":"Agrupaci\u00f3n Socialista de Melilla","url":"https:\/\/agrupacionespsoe.es\/melilla\/","logo":{"@type":"ImageObject","inLanguage":"es","@id":"https:\/\/agrupacionespsoe.es\/melilla\/#\/schema\/logo\/image\/","url":"https:\/\/agrupacionespsoe.es\/wp-content\/uploads\/2022\/07\/Logotipo_electoral_del_PSOE.png","contentUrl":"https:\/\/agrupacionespsoe.es\/wp-content\/uploads\/2022\/07\/Logotipo_electoral_del_PSOE.png","width":422,"height":422,"caption":"Agrupaci\u00f3n Socialista de Melilla"},"image":{"@id":"https:\/\/agrupacionespsoe.es\/melilla\/#\/schema\/logo\/image\/"}},{"@type":"Person","@id":"https:\/\/agrupacionespsoe.es\/melilla\/#\/schema\/person\/72bb3075a827d0ed0623682b96c92bd6","name":"melilla2","image":{"@type":"ImageObject","inLanguage":"es","@id":"https:\/\/agrupacionespsoe.es\/melilla\/#\/schema\/person\/image\/","url":"https:\/\/secure.gravatar.com\/avatar\/489a178e794e59f00db13a448aabca16?s=96&d=mm&r=g","contentUrl":"https:\/\/secure.gravatar.com\/avatar\/489a178e794e59f00db13a448aabca16?s=96&d=mm&r=g","caption":"melilla2"},"url":"https:\/\/agrupacionespsoe.es\/melilla\/author\/melilla2\/"}]}},"jetpack_featured_media_url":"https:\/\/agrupacionespsoe.es\/melilla\/wp-content\/uploads\/sites\/120\/2025\/04\/congreso5-scaled.jpg","jetpack_sharing_enabled":true,"_links":{"self":[{"href":"https:\/\/agrupacionespsoe.es\/melilla\/wp-json\/wp\/v2\/posts\/1749","targetHints":{"allow":["GET"]}}],"collection":[{"href":"https:\/\/agrupacionespsoe.es\/melilla\/wp-json\/wp\/v2\/posts"}],"about":[{"href":"https:\/\/agrupacionespsoe.es\/melilla\/wp-json\/wp\/v2\/types\/post"}],"author":[{"embeddable":true,"href":"https:\/\/agrupacionespsoe.es\/melilla\/wp-json\/wp\/v2\/users\/187"}],"replies":[{"embeddable":true,"href":"https:\/\/agrupacionespsoe.es\/melilla\/wp-json\/wp\/v2\/comments?post=1749"}],"version-history":[{"count":1,"href":"https:\/\/agrupacionespsoe.es\/melilla\/wp-json\/wp\/v2\/posts\/1749\/revisions"}],"predecessor-version":[{"id":1751,"href":"https:\/\/agrupacionespsoe.es\/melilla\/wp-json\/wp\/v2\/posts\/1749\/revisions\/1751"}],"wp:featuredmedia":[{"embeddable":true,"href":"https:\/\/agrupacionespsoe.es\/melilla\/wp-json\/wp\/v2\/media\/1750"}],"wp:attachment":[{"href":"https:\/\/agrupacionespsoe.es\/melilla\/wp-json\/wp\/v2\/media?parent=1749"}],"wp:term":[{"taxonomy":"category","embeddable":true,"href":"https:\/\/agrupacionespsoe.es\/melilla\/wp-json\/wp\/v2\/categories?post=1749"},{"taxonomy":"post_tag","embeddable":true,"href":"https:\/\/agrupacionespsoe.es\/melilla\/wp-json\/wp\/v2\/tags?post=1749"}],"curies":[{"name":"wp","href":"https:\/\/api.w.org\/{rel}","templated":true}]}}