{"id":1733,"date":"2025-04-26T13:20:42","date_gmt":"2025-04-26T13:20:42","guid":{"rendered":"https:\/\/agrupacionespsoe.es\/melilla\/?p=1733"},"modified":"2025-04-26T13:20:44","modified_gmt":"2025-04-26T13:20:44","slug":"hernando-sobre-moh-es-una-magnifica-delegada-y-va-a-ser-una-magnifica-presidenta","status":"publish","type":"post","link":"https:\/\/agrupacionespsoe.es\/melilla\/hernando-sobre-moh-es-una-magnifica-delegada-y-va-a-ser-una-magnifica-presidenta\/","title":{"rendered":"Hernando sobre Moh: \u201cEs una magn\u00edfica Delegada y va a ser una magnifica Presidenta\u201d"},"content":{"rendered":"\n<p><strong>Destaca que es una \u201cexcelente l\u00edder\u201d y una persona \u201cque resuelve problemas y que no crea pol\u00e9micas absurdas\u201d<\/strong><\/p>\n\n\n\n<p>\u201cSabrina Moh es una magn\u00edfica Delegada del Gobierno y Secretaria General del PSOE y va a ser una magn\u00edfica Presidenta\u201d. El Secretario de Estado de Telecomunicaciones e Infraestructuras Digitales y que durante una d\u00e9cada fuera diputado en el Congreso adscrito a Melilla, Antonio Hernando, en el acto que los socialistas melillenses est\u00e1n llevando cabo con motivo del 15 Congreso, ha dejado claro que \u201cestamos acertando con el liderazgo\u201d de la formaci\u00f3n en Melilla.<\/p>\n\n\n\n<p>Y es que el dirigente socialista, en su intervenci\u00f3n, ha puesto en valor el hecho de que el PSOE de Melilla \u201ces un partido vivo y que se renueva\u201d, dado que, un partido es \u201cuna sucesi\u00f3n de relevos en el que uno deja el testigo y lo coge otra persona y en este caso lo coge una excelente l\u00edder, Sabrina Moh\u201d.<\/p>\n\n\n\n<p>\u201cEstamos acertando con el liderazgo porque el futuro de Melilla va por ah\u00ed, por una persona que resuelve problemas y no los crea, que no crea pol\u00e9micas absurdas\u201d, ha subrayado y se ha referido al Hospital Universitario de Melilla. \u201cEl d\u00eda que los melillenses empiecen a entrar en ese Hospital y vean que tiene la maquinaria m\u00e1s moderna de la sanidad espa\u00f1ola, que curamos enfermedades complejas, con excelentes profesionales\u2026 se acab\u00f3 la pol\u00e9mica y se habr\u00e1 demostrado una vez m\u00e1s, que todas las grandes infraestructuras importantes de la ciudad de Melilla, las hemos hecho los socialistas\u201d, ha se\u00f1alado.<\/p>\n\n\n\n<p><strong>El lado bueno de la historia<\/strong><\/p>\n\n\n\n<p>Hernando , en su alocuci\u00f3n, ha agradecido al l\u00edder del PSOE y Presidente de Espa\u00f1a, Pedro S\u00e1nchez, que nos haya situado en el \u201clado correcto de la historia\u201d y se ha referido al art\u00edculo 1 de la Declaraci\u00f3n Universal de los Derechos Humanos: \u201cTodos los seres humanos nacen libres e iguales en dignidad y derechos y, dotados como est\u00e1n de raz\u00f3n y conciencia, deben comportarse fraternalmente los unos con los otros\u201d.<\/p>\n\n\n\n<p>\u201cLos que lo comparten esto est\u00e1n en la coalici\u00f3n de la decencia y es la que lidera Pedro S\u00e1nchez, no solo en Espa\u00f1a sino en el mundo\u00bb, ha subrayado el dirigente socialista, que ha incidido en que \u201ctenemos al frente del Gobierno de Espa\u00f1a una persona decente. Una persona que ejerce un liderazgo no solamente en Espa\u00f1a, sino a nivel mundial\u201d.<\/p>\n\n\n\n<p>\u201cEn este tiempo de zozobra y de una coyuntura internacional tan compleja, lo que podemos tener clar\u00edsimo todos los socialistas y todos los ciudadanos, es que nuestro Presidente nos ha situado del lado correcto de la historia. Esto es lo m\u00e1s importante\u201d, ha apostillado.<\/p>\n","protected":false},"excerpt":{"rendered":"<p>Destaca que es una \u201cexcelente l\u00edder\u201d y una persona \u201cque resuelve problemas y que no crea pol\u00e9micas absurdas\u201d \u201cSabrina Moh es una magn\u00edfica Delegada del Gobierno y Secretaria General del PSOE y va a ser una magn\u00edfica Presidenta\u201d. El Secretario de Estado de Telecomunicaciones e Infraestructuras Digitales y que durante una d\u00e9cada fuera diputado en &#8230;<\/p>\n","protected":false},"author":187,"featured_media":1734,"comment_status":"open","ping_status":"open","sticky":false,"template":"","format":"standard","meta":{"_jetpack_memberships_contains_paid_content":false,"footnotes":""},"categories":[1],"tags":[],"class_list":["post-1733","post","type-post","status-publish","format-standard","has-post-thumbnail","hentry","category-sin-categoria"],"yoast_head":"<!-- This site is optimized with the Yoast SEO plugin v24.0 - https:\/\/yoast.com\/wordpress\/plugins\/seo\/ -->\n<title>Hernando sobre Moh: \u201cEs una magn\u00edfica Delegada y va a ser una magnifica Presidenta\u201d - Agrupaci\u00f3n Socialista de Melilla<\/title>\n<meta name=\"robots\" content=\"index, follow, max-snippet:-1, max-image-preview:large, max-video-preview:-1\" \/>\n<link rel=\"canonical\" href=\"https:\/\/agrupacionespsoe.es\/melilla\/hernando-sobre-moh-es-una-magnifica-delegada-y-va-a-ser-una-magnifica-presidenta\/\" \/>\n<meta property=\"og:locale\" content=\"es_ES\" \/>\n<meta property=\"og:type\" content=\"article\" \/>\n<meta property=\"og:title\" content=\"Hernando sobre Moh: \u201cEs una magn\u00edfica Delegada y va a ser una magnifica Presidenta\u201d - Agrupaci\u00f3n Socialista de Melilla\" \/>\n<meta property=\"og:description\" content=\"Destaca que es una \u201cexcelente l\u00edder\u201d y una persona \u201cque resuelve problemas y que no crea pol\u00e9micas absurdas\u201d \u201cSabrina Moh es una magn\u00edfica Delegada del Gobierno y Secretaria General del PSOE y va a ser una magn\u00edfica Presidenta\u201d. El Secretario de Estado de Telecomunicaciones e Infraestructuras Digitales y que durante una d\u00e9cada fuera diputado en ...\" \/>\n<meta property=\"og:url\" content=\"https:\/\/agrupacionespsoe.es\/melilla\/hernando-sobre-moh-es-una-magnifica-delegada-y-va-a-ser-una-magnifica-presidenta\/\" \/>\n<meta property=\"og:site_name\" content=\"Agrupaci\u00f3n Socialista de Melilla\" \/>\n<meta property=\"article:published_time\" content=\"2025-04-26T13:20:42+00:00\" \/>\n<meta property=\"article:modified_time\" content=\"2025-04-26T13:20:44+00:00\" \/>\n<meta property=\"og:image\" content=\"https:\/\/agrupacionespsoe.es\/melilla\/wp-content\/uploads\/sites\/120\/2025\/04\/WhatsApp-Image-2025-04-26-at-12.16.12-scaled.jpeg\" \/>\n\t<meta property=\"og:image:width\" content=\"2560\" \/>\n\t<meta property=\"og:image:height\" content=\"1706\" \/>\n\t<meta property=\"og:image:type\" content=\"image\/jpeg\" \/>\n<meta name=\"author\" content=\"melilla2\" \/>\n<meta name=\"twitter:card\" content=\"summary_large_image\" \/>\n<meta name=\"twitter:label1\" content=\"Escrito por\" \/>\n\t<meta name=\"twitter:data1\" content=\"melilla2\" \/>\n\t<meta name=\"twitter:label2\" content=\"Tiempo de lectura\" \/>\n\t<meta name=\"twitter:data2\" content=\"3 minutos\" \/>\n<script type=\"application\/ld+json\" class=\"yoast-schema-graph\">{\"@context\":\"https:\/\/schema.org\",\"@graph\":[{\"@type\":\"Article\",\"@id\":\"https:\/\/agrupacionespsoe.es\/melilla\/hernando-sobre-moh-es-una-magnifica-delegada-y-va-a-ser-una-magnifica-presidenta\/#article\",\"isPartOf\":{\"@id\":\"https:\/\/agrupacionespsoe.es\/melilla\/hernando-sobre-moh-es-una-magnifica-delegada-y-va-a-ser-una-magnifica-presidenta\/\"},\"author\":{\"name\":\"melilla2\",\"@id\":\"https:\/\/agrupacionespsoe.es\/melilla\/#\/schema\/person\/72bb3075a827d0ed0623682b96c92bd6\"},\"headline\":\"Hernando sobre Moh: \u201cEs una magn\u00edfica Delegada y va a ser una magnifica Presidenta\u201d\",\"datePublished\":\"2025-04-26T13:20:42+00:00\",\"dateModified\":\"2025-04-26T13:20:44+00:00\",\"mainEntityOfPage\":{\"@id\":\"https:\/\/agrupacionespsoe.es\/melilla\/hernando-sobre-moh-es-una-magnifica-delegada-y-va-a-ser-una-magnifica-presidenta\/\"},\"wordCount\":477,\"commentCount\":0,\"publisher\":{\"@id\":\"https:\/\/agrupacionespsoe.es\/melilla\/#organization\"},\"image\":{\"@id\":\"https:\/\/agrupacionespsoe.es\/melilla\/hernando-sobre-moh-es-una-magnifica-delegada-y-va-a-ser-una-magnifica-presidenta\/#primaryimage\"},\"thumbnailUrl\":\"https:\/\/agrupacionespsoe.es\/melilla\/wp-content\/uploads\/sites\/120\/2025\/04\/WhatsApp-Image-2025-04-26-at-12.16.12-scaled.jpeg\",\"inLanguage\":\"es\",\"potentialAction\":[{\"@type\":\"CommentAction\",\"name\":\"Comment\",\"target\":[\"https:\/\/agrupacionespsoe.es\/melilla\/hernando-sobre-moh-es-una-magnifica-delegada-y-va-a-ser-una-magnifica-presidenta\/#respond\"]}]},{\"@type\":\"WebPage\",\"@id\":\"https:\/\/agrupacionespsoe.es\/melilla\/hernando-sobre-moh-es-una-magnifica-delegada-y-va-a-ser-una-magnifica-presidenta\/\",\"url\":\"https:\/\/agrupacionespsoe.es\/melilla\/hernando-sobre-moh-es-una-magnifica-delegada-y-va-a-ser-una-magnifica-presidenta\/\",\"name\":\"Hernando sobre Moh: \u201cEs una magn\u00edfica Delegada y va a ser una magnifica Presidenta\u201d - Agrupaci\u00f3n Socialista de Melilla\",\"isPartOf\":{\"@id\":\"https:\/\/agrupacionespsoe.es\/melilla\/#website\"},\"primaryImageOfPage\":{\"@id\":\"https:\/\/agrupacionespsoe.es\/melilla\/hernando-sobre-moh-es-una-magnifica-delegada-y-va-a-ser-una-magnifica-presidenta\/#primaryimage\"},\"image\":{\"@id\":\"https:\/\/agrupacionespsoe.es\/melilla\/hernando-sobre-moh-es-una-magnifica-delegada-y-va-a-ser-una-magnifica-presidenta\/#primaryimage\"},\"thumbnailUrl\":\"https:\/\/agrupacionespsoe.es\/melilla\/wp-content\/uploads\/sites\/120\/2025\/04\/WhatsApp-Image-2025-04-26-at-12.16.12-scaled.jpeg\",\"datePublished\":\"2025-04-26T13:20:42+00:00\",\"dateModified\":\"2025-04-26T13:20:44+00:00\",\"breadcrumb\":{\"@id\":\"https:\/\/agrupacionespsoe.es\/melilla\/hernando-sobre-moh-es-una-magnifica-delegada-y-va-a-ser-una-magnifica-presidenta\/#breadcrumb\"},\"inLanguage\":\"es\",\"potentialAction\":[{\"@type\":\"ReadAction\",\"target\":[\"https:\/\/agrupacionespsoe.es\/melilla\/hernando-sobre-moh-es-una-magnifica-delegada-y-va-a-ser-una-magnifica-presidenta\/\"]}]},{\"@type\":\"ImageObject\",\"inLanguage\":\"es\",\"@id\":\"https:\/\/agrupacionespsoe.es\/melilla\/hernando-sobre-moh-es-una-magnifica-delegada-y-va-a-ser-una-magnifica-presidenta\/#primaryimage\",\"url\":\"https:\/\/agrupacionespsoe.es\/melilla\/wp-content\/uploads\/sites\/120\/2025\/04\/WhatsApp-Image-2025-04-26-at-12.16.12-scaled.jpeg\",\"contentUrl\":\"https:\/\/agrupacionespsoe.es\/melilla\/wp-content\/uploads\/sites\/120\/2025\/04\/WhatsApp-Image-2025-04-26-at-12.16.12-scaled.jpeg\",\"width\":2560,\"height\":1706},{\"@type\":\"BreadcrumbList\",\"@id\":\"https:\/\/agrupacionespsoe.es\/melilla\/hernando-sobre-moh-es-una-magnifica-delegada-y-va-a-ser-una-magnifica-presidenta\/#breadcrumb\",\"itemListElement\":[{\"@type\":\"ListItem\",\"position\":1,\"name\":\"Portada\",\"item\":\"https:\/\/agrupacionespsoe.es\/melilla\/\"},{\"@type\":\"ListItem\",\"position\":2,\"name\":\"Hernando sobre Moh: \u201cEs una magn\u00edfica Delegada y va a ser una magnifica Presidenta\u201d\"}]},{\"@type\":\"WebSite\",\"@id\":\"https:\/\/agrupacionespsoe.es\/melilla\/#website\",\"url\":\"https:\/\/agrupacionespsoe.es\/melilla\/\",\"name\":\"Agrupaci\u00f3n Socialista de Melilla\",\"description\":\"Agrupaci\u00f3n Socialista de Melilla\",\"publisher\":{\"@id\":\"https:\/\/agrupacionespsoe.es\/melilla\/#organization\"},\"potentialAction\":[{\"@type\":\"SearchAction\",\"target\":{\"@type\":\"EntryPoint\",\"urlTemplate\":\"https:\/\/agrupacionespsoe.es\/melilla\/?s={search_term_string}\"},\"query-input\":{\"@type\":\"PropertyValueSpecification\",\"valueRequired\":true,\"valueName\":\"search_term_string\"}}],\"inLanguage\":\"es\"},{\"@type\":\"Organization\",\"@id\":\"https:\/\/agrupacionespsoe.es\/melilla\/#organization\",\"name\":\"Agrupaci\u00f3n Socialista de Melilla\",\"url\":\"https:\/\/agrupacionespsoe.es\/melilla\/\",\"logo\":{\"@type\":\"ImageObject\",\"inLanguage\":\"es\",\"@id\":\"https:\/\/agrupacionespsoe.es\/melilla\/#\/schema\/logo\/image\/\",\"url\":\"https:\/\/agrupacionespsoe.es\/wp-content\/uploads\/2022\/07\/Logotipo_electoral_del_PSOE.png\",\"contentUrl\":\"https:\/\/agrupacionespsoe.es\/wp-content\/uploads\/2022\/07\/Logotipo_electoral_del_PSOE.png\",\"width\":422,\"height\":422,\"caption\":\"Agrupaci\u00f3n Socialista de Melilla\"},\"image\":{\"@id\":\"https:\/\/agrupacionespsoe.es\/melilla\/#\/schema\/logo\/image\/\"}},{\"@type\":\"Person\",\"@id\":\"https:\/\/agrupacionespsoe.es\/melilla\/#\/schema\/person\/72bb3075a827d0ed0623682b96c92bd6\",\"name\":\"melilla2\",\"image\":{\"@type\":\"ImageObject\",\"inLanguage\":\"es\",\"@id\":\"https:\/\/agrupacionespsoe.es\/melilla\/#\/schema\/person\/image\/\",\"url\":\"https:\/\/secure.gravatar.com\/avatar\/489a178e794e59f00db13a448aabca16?s=96&d=mm&r=g\",\"contentUrl\":\"https:\/\/secure.gravatar.com\/avatar\/489a178e794e59f00db13a448aabca16?s=96&d=mm&r=g\",\"caption\":\"melilla2\"},\"url\":\"https:\/\/agrupacionespsoe.es\/melilla\/author\/melilla2\/\"}]}<\/script>\n<!-- \/ Yoast SEO plugin. -->","yoast_head_json":{"title":"Hernando sobre Moh: \u201cEs una magn\u00edfica Delegada y va a ser una magnifica Presidenta\u201d - Agrupaci\u00f3n Socialista de Melilla","robots":{"index":"index","follow":"follow","max-snippet":"max-snippet:-1","max-image-preview":"max-image-preview:large","max-video-preview":"max-video-preview:-1"},"canonical":"https:\/\/agrupacionespsoe.es\/melilla\/hernando-sobre-moh-es-una-magnifica-delegada-y-va-a-ser-una-magnifica-presidenta\/","og_locale":"es_ES","og_type":"article","og_title":"Hernando sobre Moh: \u201cEs una magn\u00edfica Delegada y va a ser una magnifica Presidenta\u201d - Agrupaci\u00f3n Socialista de Melilla","og_description":"Destaca que es una \u201cexcelente l\u00edder\u201d y una persona \u201cque resuelve problemas y que no crea pol\u00e9micas absurdas\u201d \u201cSabrina Moh es una magn\u00edfica Delegada del Gobierno y Secretaria General del PSOE y va a ser una magn\u00edfica Presidenta\u201d. El Secretario de Estado de Telecomunicaciones e Infraestructuras Digitales y que durante una d\u00e9cada fuera diputado en ...","og_url":"https:\/\/agrupacionespsoe.es\/melilla\/hernando-sobre-moh-es-una-magnifica-delegada-y-va-a-ser-una-magnifica-presidenta\/","og_site_name":"Agrupaci\u00f3n Socialista de Melilla","article_published_time":"2025-04-26T13:20:42+00:00","article_modified_time":"2025-04-26T13:20:44+00:00","og_image":[{"width":2560,"height":1706,"url":"https:\/\/agrupacionespsoe.es\/melilla\/wp-content\/uploads\/sites\/120\/2025\/04\/WhatsApp-Image-2025-04-26-at-12.16.12-scaled.jpeg","type":"image\/jpeg"}],"author":"melilla2","twitter_card":"summary_large_image","twitter_misc":{"Escrito por":"melilla2","Tiempo de lectura":"3 minutos"},"schema":{"@context":"https:\/\/schema.org","@graph":[{"@type":"Article","@id":"https:\/\/agrupacionespsoe.es\/melilla\/hernando-sobre-moh-es-una-magnifica-delegada-y-va-a-ser-una-magnifica-presidenta\/#article","isPartOf":{"@id":"https:\/\/agrupacionespsoe.es\/melilla\/hernando-sobre-moh-es-una-magnifica-delegada-y-va-a-ser-una-magnifica-presidenta\/"},"author":{"name":"melilla2","@id":"https:\/\/agrupacionespsoe.es\/melilla\/#\/schema\/person\/72bb3075a827d0ed0623682b96c92bd6"},"headline":"Hernando sobre Moh: \u201cEs una magn\u00edfica Delegada y va a ser una magnifica Presidenta\u201d","datePublished":"2025-04-26T13:20:42+00:00","dateModified":"2025-04-26T13:20:44+00:00","mainEntityOfPage":{"@id":"https:\/\/agrupacionespsoe.es\/melilla\/hernando-sobre-moh-es-una-magnifica-delegada-y-va-a-ser-una-magnifica-presidenta\/"},"wordCount":477,"commentCount":0,"publisher":{"@id":"https:\/\/agrupacionespsoe.es\/melilla\/#organization"},"image":{"@id":"https:\/\/agrupacionespsoe.es\/melilla\/hernando-sobre-moh-es-una-magnifica-delegada-y-va-a-ser-una-magnifica-presidenta\/#primaryimage"},"thumbnailUrl":"https:\/\/agrupacionespsoe.es\/melilla\/wp-content\/uploads\/sites\/120\/2025\/04\/WhatsApp-Image-2025-04-26-at-12.16.12-scaled.jpeg","inLanguage":"es","potentialAction":[{"@type":"CommentAction","name":"Comment","target":["https:\/\/agrupacionespsoe.es\/melilla\/hernando-sobre-moh-es-una-magnifica-delegada-y-va-a-ser-una-magnifica-presidenta\/#respond"]}]},{"@type":"WebPage","@id":"https:\/\/agrupacionespsoe.es\/melilla\/hernando-sobre-moh-es-una-magnifica-delegada-y-va-a-ser-una-magnifica-presidenta\/","url":"https:\/\/agrupacionespsoe.es\/melilla\/hernando-sobre-moh-es-una-magnifica-delegada-y-va-a-ser-una-magnifica-presidenta\/","name":"Hernando sobre Moh: \u201cEs una magn\u00edfica Delegada y va a ser una magnifica Presidenta\u201d - Agrupaci\u00f3n Socialista de Melilla","isPartOf":{"@id":"https:\/\/agrupacionespsoe.es\/melilla\/#website"},"primaryImageOfPage":{"@id":"https:\/\/agrupacionespsoe.es\/melilla\/hernando-sobre-moh-es-una-magnifica-delegada-y-va-a-ser-una-magnifica-presidenta\/#primaryimage"},"image":{"@id":"https:\/\/agrupacionespsoe.es\/melilla\/hernando-sobre-moh-es-una-magnifica-delegada-y-va-a-ser-una-magnifica-presidenta\/#primaryimage"},"thumbnailUrl":"https:\/\/agrupacionespsoe.es\/melilla\/wp-content\/uploads\/sites\/120\/2025\/04\/WhatsApp-Image-2025-04-26-at-12.16.12-scaled.jpeg","datePublished":"2025-04-26T13:20:42+00:00","dateModified":"2025-04-26T13:20:44+00:00","breadcrumb":{"@id":"https:\/\/agrupacionespsoe.es\/melilla\/hernando-sobre-moh-es-una-magnifica-delegada-y-va-a-ser-una-magnifica-presidenta\/#breadcrumb"},"inLanguage":"es","potentialAction":[{"@type":"ReadAction","target":["https:\/\/agrupacionespsoe.es\/melilla\/hernando-sobre-moh-es-una-magnifica-delegada-y-va-a-ser-una-magnifica-presidenta\/"]}]},{"@type":"ImageObject","inLanguage":"es","@id":"https:\/\/agrupacionespsoe.es\/melilla\/hernando-sobre-moh-es-una-magnifica-delegada-y-va-a-ser-una-magnifica-presidenta\/#primaryimage","url":"https:\/\/agrupacionespsoe.es\/melilla\/wp-content\/uploads\/sites\/120\/2025\/04\/WhatsApp-Image-2025-04-26-at-12.16.12-scaled.jpeg","contentUrl":"https:\/\/agrupacionespsoe.es\/melilla\/wp-content\/uploads\/sites\/120\/2025\/04\/WhatsApp-Image-2025-04-26-at-12.16.12-scaled.jpeg","width":2560,"height":1706},{"@type":"BreadcrumbList","@id":"https:\/\/agrupacionespsoe.es\/melilla\/hernando-sobre-moh-es-una-magnifica-delegada-y-va-a-ser-una-magnifica-presidenta\/#breadcrumb","itemListElement":[{"@type":"ListItem","position":1,"name":"Portada","item":"https:\/\/agrupacionespsoe.es\/melilla\/"},{"@type":"ListItem","position":2,"name":"Hernando sobre Moh: \u201cEs una magn\u00edfica Delegada y va a ser una magnifica Presidenta\u201d"}]},{"@type":"WebSite","@id":"https:\/\/agrupacionespsoe.es\/melilla\/#website","url":"https:\/\/agrupacionespsoe.es\/melilla\/","name":"Agrupaci\u00f3n Socialista de Melilla","description":"Agrupaci\u00f3n Socialista de Melilla","publisher":{"@id":"https:\/\/agrupacionespsoe.es\/melilla\/#organization"},"potentialAction":[{"@type":"SearchAction","target":{"@type":"EntryPoint","urlTemplate":"https:\/\/agrupacionespsoe.es\/melilla\/?s={search_term_string}"},"query-input":{"@type":"PropertyValueSpecification","valueRequired":true,"valueName":"search_term_string"}}],"inLanguage":"es"},{"@type":"Organization","@id":"https:\/\/agrupacionespsoe.es\/melilla\/#organization","name":"Agrupaci\u00f3n Socialista de Melilla","url":"https:\/\/agrupacionespsoe.es\/melilla\/","logo":{"@type":"ImageObject","inLanguage":"es","@id":"https:\/\/agrupacionespsoe.es\/melilla\/#\/schema\/logo\/image\/","url":"https:\/\/agrupacionespsoe.es\/wp-content\/uploads\/2022\/07\/Logotipo_electoral_del_PSOE.png","contentUrl":"https:\/\/agrupacionespsoe.es\/wp-content\/uploads\/2022\/07\/Logotipo_electoral_del_PSOE.png","width":422,"height":422,"caption":"Agrupaci\u00f3n Socialista de Melilla"},"image":{"@id":"https:\/\/agrupacionespsoe.es\/melilla\/#\/schema\/logo\/image\/"}},{"@type":"Person","@id":"https:\/\/agrupacionespsoe.es\/melilla\/#\/schema\/person\/72bb3075a827d0ed0623682b96c92bd6","name":"melilla2","image":{"@type":"ImageObject","inLanguage":"es","@id":"https:\/\/agrupacionespsoe.es\/melilla\/#\/schema\/person\/image\/","url":"https:\/\/secure.gravatar.com\/avatar\/489a178e794e59f00db13a448aabca16?s=96&d=mm&r=g","contentUrl":"https:\/\/secure.gravatar.com\/avatar\/489a178e794e59f00db13a448aabca16?s=96&d=mm&r=g","caption":"melilla2"},"url":"https:\/\/agrupacionespsoe.es\/melilla\/author\/melilla2\/"}]}},"jetpack_featured_media_url":"https:\/\/agrupacionespsoe.es\/melilla\/wp-content\/uploads\/sites\/120\/2025\/04\/WhatsApp-Image-2025-04-26-at-12.16.12-scaled.jpeg","jetpack_sharing_enabled":true,"_links":{"self":[{"href":"https:\/\/agrupacionespsoe.es\/melilla\/wp-json\/wp\/v2\/posts\/1733","targetHints":{"allow":["GET"]}}],"collection":[{"href":"https:\/\/agrupacionespsoe.es\/melilla\/wp-json\/wp\/v2\/posts"}],"about":[{"href":"https:\/\/agrupacionespsoe.es\/melilla\/wp-json\/wp\/v2\/types\/post"}],"author":[{"embeddable":true,"href":"https:\/\/agrupacionespsoe.es\/melilla\/wp-json\/wp\/v2\/users\/187"}],"replies":[{"embeddable":true,"href":"https:\/\/agrupacionespsoe.es\/melilla\/wp-json\/wp\/v2\/comments?post=1733"}],"version-history":[{"count":1,"href":"https:\/\/agrupacionespsoe.es\/melilla\/wp-json\/wp\/v2\/posts\/1733\/revisions"}],"predecessor-version":[{"id":1735,"href":"https:\/\/agrupacionespsoe.es\/melilla\/wp-json\/wp\/v2\/posts\/1733\/revisions\/1735"}],"wp:featuredmedia":[{"embeddable":true,"href":"https:\/\/agrupacionespsoe.es\/melilla\/wp-json\/wp\/v2\/media\/1734"}],"wp:attachment":[{"href":"https:\/\/agrupacionespsoe.es\/melilla\/wp-json\/wp\/v2\/media?parent=1733"}],"wp:term":[{"taxonomy":"category","embeddable":true,"href":"https:\/\/agrupacionespsoe.es\/melilla\/wp-json\/wp\/v2\/categories?post=1733"},{"taxonomy":"post_tag","embeddable":true,"href":"https:\/\/agrupacionespsoe.es\/melilla\/wp-json\/wp\/v2\/tags?post=1733"}],"curies":[{"name":"wp","href":"https:\/\/api.w.org\/{rel}","templated":true}]}}